{"id":23481,"date":"2023-12-16T16:08:50","date_gmt":"2023-12-16T15:08:50","guid":{"rendered":"https:\/\/evertonfc.cz\/?p=23481"},"modified":"2023-12-23T12:14:22","modified_gmt":"2023-12-23T11:14:22","slug":"conti-cup-everton-w-liverpool-w-12","status":"publish","type":"post","link":"https:\/\/evertonfc.cz\/index.php\/2023\/12\/16\/conti-cup-everton-w-liverpool-w-12\/","title":{"rendered":"Conti Cup: Everton W &#8211; Liverpool W 1:2"},"content":{"rendered":"<h4>Z\u00e1pas byl p\u0159\u00edle\u017eitost\u00ed pro na\u0161e mlad\u00e9 hr\u00e1\u010dky z\u00edskat hern\u00ed minuty ve v\u00edcem\u00e9n\u011b u\u017e ztracen\u00e9m Ligov\u00e9m poh\u00e1ru. Prohra tedy je p\u0159ijateln\u00e1, ov\u0161em zran\u011bn\u00ed Emilly Ramsey je v\u00fdsledkem velmi \u0161patn\u00fdm.<\/h4>\n<p>Za ve\u010dern\u00ed tmy a v c\u00e1rech v\u00e1lej\u00edc\u00ed se mlhy jak vyst\u0159i\u017een\u00fdch ze Psa baskervillsk\u00e9ho jsme p\u0159iv\u00edtali na dom\u00e1c\u00edm tr\u00e1vn\u00edku na\u0161eho tradi\u010dn\u00edho rivala. Na rozd\u00edl od n\u00e1s ale hostk\u00e1m st\u00e1le je\u0161t\u011b \u0161lo (a jde) o postup ze skupiny.<\/p>\n<h4>Prvn\u00ed polo\u010das<\/h4>\n<p>Prvn\u00ed dv\u011b t\u0159i minuty pat\u0159ily na\u0161im barv\u00e1m. Duggan nav\u00e1zala na sv\u016fj dobr\u00fd v\u00fdkon z utk\u00e1n\u00ed s West Hamem uk\u00e1zala, \u017ee na h\u0159i\u0161ti nen\u00ed jen do po\u010dtu a st\u00e1le m\u00e1 v sob\u011b dravost strikerky i technick\u00e9 schopnosti. Bohu\u017eel v p\u00e1t\u00e9 minut\u011b po rozehr\u00e1n\u00ed rohu se ke st\u0159ele-nest\u0159ele dostala Rom\u00e1n Haug a st\u0159elila prvn\u00ed branku Reds &#8211; <strong>0:1<\/strong>.\u00a0 Tato norsk\u00e1 reprezentantka a leto\u0161n\u00ed \u010derstv\u00e1 posila LFC n\u00e1m od t\u00e9 doby \u010dinila pot\u00ed\u017ee po celou dobu z\u00e1pasu. Na\u0161e lev\u00e1 strana h\u0159i\u0161t\u011b byla pro soupe\u0159ky a\u017e nestydat\u011b snadno pr\u016fchodn\u00e1.<\/p>\n<p>P\u0159i\u0161lo mi, \u017ee to je zejm\u00e9na Wheeler, kter\u00e1 byla \u00fatoky \u010derven\u00fdch terorizovan\u00e1. Neb\u00fdt Ramsey v na\u0161\u00ed brance, sk\u00f3re se v prvn\u00edch dvaceti minut\u00e1ch mohlo p\u0159i n\u011bkolika p\u0159\u00edle\u017eitostech d\u00e1le m\u011bnit v n\u00e1\u0161 neprosp\u011bch. Zejm\u00e9na sebevra\u017eedn\u00e1 zp\u011btn\u00e1 p\u0159ihr\u00e1vka Olesen m\u011bla potenci\u00e1l p\u0159ivodit srde\u010dn\u00ed z\u00e1stavu nejednomu fanou\u0161ku Toffees. Na\u0161\u00ed h\u0159e nechyb\u011bla aktivita (zejm\u00e9na Olesen a Campbell kmitaly jak div\u00e9), ale p\u0159esnost. A\u017e p\u0159\u00edli\u0161 mnoho p\u0159ihr\u00e1vek kon\u010dilo na pat\u00e1ch zam\u00fd\u0161len\u00fdch p\u0159\u00edjemky\u0148, nebo rovnou na kopa\u010dk\u00e1ch soupe\u0159ek.<\/p>\n<h4>Druh\u00fd polo\u010das<\/h4>\n<p>Po p\u0159est\u00e1vce jsme postupn\u011b p\u0159ivedli na pa\u017eit n\u011bkolik na\u0161ich \u00e1\u010dkov\u00fdch posil (Bj\u00f6rn, Bennison, Payne, S. Holmgaard), p\u0159esto jsme kr\u00e1tce po znovuzah\u00e1jen\u00ed hry dostali dal\u0161\u00ed branku. Ramsey se nepoda\u0159ilo zkrotit p\u0159\u00edm\u00fd kop zahran\u00fd Kearns a Daniels zbl\u00edzka m\u00ed\u010d do branky doklepla &#8211; <strong>0:2<\/strong>. Bohu\u017eel po t\u00e9to akci z\u016fstala v bolestech le\u017eet v brance Ramsey, kter\u00e1 si p\u0159i z\u00e1kroku o\u0161kliv\u011b po\u0161ramotila kotn\u00edk. Brosnan se tak musela rychle postavit mezi ty\u010de a na\u0161e Rambo opustila tr\u00e1vn\u00edk.\u00a0 Brosnana se je\u0161t\u011b ani nesta\u010dila po\u0159\u00e1dn\u011b zah\u0159\u00e1t a u\u017e musela \u010delit samostatn\u00e9mu n\u00e1jezdu Kiernan po na\u0161\u00ed chyb\u011b ve st\u0159edu pole. Na\u0161t\u011bst\u00ed \u00fasp\u011b\u0161n\u011b.<\/p>\n<p>V dal\u0161\u00edm pr\u016fb\u011bhu hry jsme u\u017e nehr\u00e1li tak zjevn\u00e9 druh\u00e9 housle, jako v polovin\u011b prvn\u00ed. Ov\u0161em museli jsme p\u0159e\u010dkat dal\u0161\u00ed sebelikvida\u010dn\u00ed zp\u011btnou p\u0159ihr\u00e1vku, tentokr\u00e1te v proveden\u00ed Finnigan, ale Hinds se p\u0159ekonat na\u0161\u00ed brank\u00e1\u0159ku nepoda\u0159ilo.\u00a0 \u010cestn\u00fd \u00fasp\u011bch na\u0161ich barev ale p\u0159i\u0161el a\u017e v dev\u00e1t\u00e9 minut\u011b sedmiminutov\u00e9ho prodlou\u017een\u00ed, kdy Tony Duggan zku\u0161en\u011b zu\u017eitkovala pass Holmgaard a prost\u0159elila Laws, \u010d\u00edm\u017e j\u00ed zkazila \u010dist\u00e9 konto &#8211; <strong>1:2<\/strong>.<\/p>\n<h4>Shrnut\u00ed<\/h4>\n<p>zran\u011bn\u00ed na\u0161\u00ed druh\u00e9 brank\u00e1\u0159ky je v\u00fdrazn\u00fdm st\u00ednem tohoto z\u00e1pasu. Ze hry je vy\u0159azena nejm\u00e9n\u011b na n\u011bkolik t\u00fddn\u016f, podle poz\u00e1pasov\u00fdch zpr\u00e1v se snad l\u00e9\u010dba obejde bez operace. Samotn\u00e1 hra vzhledem k okolnostem zase tak hrozn\u00e1 nebyla, pokud si odmysl\u00edme na\u0161e p\u0159\u00ed\u0161ern\u00e9 zp\u011btn\u00e9 p\u0159ihr\u00e1vky a fat\u00e1ln\u00ed ztr\u00e1ty m\u00ed\u010de po individu\u00e1ln\u00edch chyb\u00e1ch. V dobr\u00e9m sv\u011btle se uk\u00e1zala Campbell. Nejen pro schopnost dohodit m\u00ed\u010d z autu od rohov\u00e9ho praporku t\u00e9m\u011b\u0159 do poloviny h\u0159i\u0161t\u011b, ale hlavn\u011b pro svoj\u00ed pracovitost &#8211; nevypustila snad jedin\u00fd souboj, i kdy\u017e v n\u011bm byla \u010das od \u010dasu p\u0159ekonan\u00e1. Doufejme, \u017ee dal\u0161\u00edch p\u0159\u00edle\u017eitost\u00ed v A-t\u00fdmu uchop\u00ed po\u0159\u00e1dn\u011b za pa\u010desy. Na z\u00e1v\u011br p\u0159ejme Ramsey rychl\u00e9 a nekomplikovan\u00e9 uzdraven\u00ed a dr\u017eme si palce na z\u00edt\u0159ej\u0161\u00ed z\u00e1pas se City. <strong><span style=\"color: #0000ff; --darkreader-inline-color: #3d3db6;\" data-darkreader-inline-color=\"\">COYB!<\/span><\/strong><\/p>\n<p style=\"text-align: right;\"><span style=\"font-size: 8pt;\"><em>Fotozdroj: Getty Images via roayalbluemersey.sbnation.com<\/em><\/span><\/p>\n<p><strong>Branky:<\/strong> Rom\u00e1n Haug (5\u00b4), Daniels (56\u00b4) &#8211; Duggan (90+9\u00b4) <strong>Karty:<\/strong> neud\u011blen\u00e9 <strong>Hr\u00e1\u010dka z\u00e1pasu:<\/strong> Duggan<\/p>\n<p><strong>Everton (3-5-2):\u00a0<\/strong>Ramsey, Campbell, Finnigan, Wilding; Settle, Olesen, Galli, Wheeler, Duggan; Bissell, Aherne<\/p>\n<p><strong>Liverpool (4-3-3): <\/strong>Laws; Daniels, Fisk, Clark, Parry; Kearns, Holland, Lundgaard; Lawley, Rom\u00e1n Haug, Kiernan<\/p>\n<p><iframe loading=\"lazy\" title=\"Merseyside Derby Win For The Reds! Everton 1-2 Liverpool Women | Highlights\" width=\"1140\" height=\"641\" src=\"https:\/\/www.youtube.com\/embed\/ECOk_jPs4FA?feature=oembed\" frameborder=\"0\" allow=\"accelerometer; autoplay; clipboard-write; encrypted-media; gyroscope; picture-in-picture; web-share\" allowfullscreen><\/iframe><\/p>\n","protected":false},"excerpt":{"rendered":"<p>Z\u00e1pas byl p\u0159\u00edle\u017eitost\u00ed pro na\u0161e mlad\u00e9 hr\u00e1\u010dky z\u00edskat hern\u00ed minuty ve v\u00edcem\u00e9n\u011b u\u017e ztracen\u00e9m Ligov\u00e9m poh\u00e1ru. Prohra tedy je p\u0159ijateln\u00e1, ov\u0161em zran\u011bn\u00ed Emilly Ramsey je v\u00fdsledkem velmi \u0161patn\u00fdm.<\/p>\n","protected":false},"author":26,"featured_media":23491,"comment_status":"open","ping_status":"closed","sticky":false,"template":"","format":"standard","meta":{"_eb_attr":"","_monsterinsights_skip_tracking":false,"_monsterinsights_sitenote_active":false,"_monsterinsights_sitenote_note":"","_monsterinsights_sitenote_category":0,"footnotes":""},"categories":[110],"tags":[],"yoast_head":"<!-- This site is optimized with the Yoast SEO plugin v23.4 - https:\/\/yoast.com\/wordpress\/plugins\/seo\/ -->\n<title>Conti Cup: Everton W - Liverpool W 1:2 - Official Czech &amp; Slovak Everton Supporters&#039; Club<\/title>\n<meta name=\"robots\" content=\"index, follow, max-snippet:-1, max-image-preview:large, max-video-preview:-1\" \/>\n<link rel=\"canonical\" href=\"https:\/\/evertonfc.cz\/index.php\/2023\/12\/16\/conti-cup-everton-w-liverpool-w-12\/\" \/>\n<meta property=\"og:locale\" content=\"cs_CZ\" \/>\n<meta property=\"og:type\" content=\"article\" \/>\n<meta property=\"og:title\" content=\"Conti Cup: Everton W - Liverpool W 1:2 - Official Czech &amp; Slovak Everton Supporters&#039; Club\" \/>\n<meta property=\"og:description\" content=\"Z\u00e1pas byl p\u0159\u00edle\u017eitost\u00ed pro na\u0161e mlad\u00e9 hr\u00e1\u010dky z\u00edskat hern\u00ed minuty ve v\u00edcem\u00e9n\u011b u\u017e ztracen\u00e9m Ligov\u00e9m poh\u00e1ru. Prohra tedy je p\u0159ijateln\u00e1, ov\u0161em zran\u011bn\u00ed Emilly Ramsey je v\u00fdsledkem velmi \u0161patn\u00fdm.\" \/>\n<meta property=\"og:url\" content=\"https:\/\/evertonfc.cz\/index.php\/2023\/12\/16\/conti-cup-everton-w-liverpool-w-12\/\" \/>\n<meta property=\"og:site_name\" content=\"Official Czech &amp; Slovak Everton Supporters&#039; Club\" \/>\n<meta property=\"article:publisher\" content=\"https:\/\/www.facebook.com\/everton.fans.cz.sk\" \/>\n<meta property=\"article:published_time\" content=\"2023-12-16T15:08:50+00:00\" \/>\n<meta property=\"article:modified_time\" content=\"2023-12-23T11:14:22+00:00\" \/>\n<meta property=\"og:image\" content=\"https:\/\/evertonfc.cz\/wp-content\/uploads\/2023\/12\/Conti-Cup-Duggan-vs-LFC-13_12_2023-web.jpg\" \/>\n\t<meta property=\"og:image:width\" content=\"720\" \/>\n\t<meta property=\"og:image:height\" content=\"405\" \/>\n\t<meta property=\"og:image:type\" content=\"image\/jpeg\" \/>\n<meta name=\"author\" content=\"Karamela\" \/>\n<meta name=\"twitter:card\" content=\"summary_large_image\" \/>\n<meta name=\"twitter:label1\" content=\"Napsal(a)\" \/>\n\t<meta name=\"twitter:data1\" content=\"Karamela\" \/>\n\t<meta name=\"twitter:label2\" content=\"Odhadovan\u00e1 doba \u010dten\u00ed\" \/>\n\t<meta name=\"twitter:data2\" content=\"4 minuty\" \/>\n<script type=\"application\/ld+json\" class=\"yoast-schema-graph\">{\"@context\":\"https:\/\/schema.org\",\"@graph\":[{\"@type\":\"Article\",\"@id\":\"https:\/\/evertonfc.cz\/index.php\/2023\/12\/16\/conti-cup-everton-w-liverpool-w-12\/#article\",\"isPartOf\":{\"@id\":\"https:\/\/evertonfc.cz\/index.php\/2023\/12\/16\/conti-cup-everton-w-liverpool-w-12\/\"},\"author\":{\"name\":\"Karamela\",\"@id\":\"https:\/\/evertonfc.cz\/#\/schema\/person\/e9a24a80a32efa1344dd2c4e5882185c\"},\"headline\":\"Conti Cup: Everton W &#8211; Liverpool W 1:2\",\"datePublished\":\"2023-12-16T15:08:50+00:00\",\"dateModified\":\"2023-12-23T11:14:22+00:00\",\"mainEntityOfPage\":{\"@id\":\"https:\/\/evertonfc.cz\/index.php\/2023\/12\/16\/conti-cup-everton-w-liverpool-w-12\/\"},\"wordCount\":786,\"commentCount\":0,\"publisher\":{\"@id\":\"https:\/\/evertonfc.cz\/#organization\"},\"image\":{\"@id\":\"https:\/\/evertonfc.cz\/index.php\/2023\/12\/16\/conti-cup-everton-w-liverpool-w-12\/#primaryimage\"},\"thumbnailUrl\":\"https:\/\/evertonfc.cz\/wp-content\/uploads\/2023\/12\/Conti-Cup-Duggan-vs-LFC-13_12_2023-web.jpg\",\"articleSection\":[\"Everton Women\"],\"inLanguage\":\"cs\",\"potentialAction\":[{\"@type\":\"CommentAction\",\"name\":\"Comment\",\"target\":[\"https:\/\/evertonfc.cz\/index.php\/2023\/12\/16\/conti-cup-everton-w-liverpool-w-12\/#respond\"]}]},{\"@type\":\"WebPage\",\"@id\":\"https:\/\/evertonfc.cz\/index.php\/2023\/12\/16\/conti-cup-everton-w-liverpool-w-12\/\",\"url\":\"https:\/\/evertonfc.cz\/index.php\/2023\/12\/16\/conti-cup-everton-w-liverpool-w-12\/\",\"name\":\"Conti Cup: Everton W - Liverpool W 1:2 - Official Czech &amp; Slovak Everton Supporters&#039; Club\",\"isPartOf\":{\"@id\":\"https:\/\/evertonfc.cz\/#website\"},\"primaryImageOfPage\":{\"@id\":\"https:\/\/evertonfc.cz\/index.php\/2023\/12\/16\/conti-cup-everton-w-liverpool-w-12\/#primaryimage\"},\"image\":{\"@id\":\"https:\/\/evertonfc.cz\/index.php\/2023\/12\/16\/conti-cup-everton-w-liverpool-w-12\/#primaryimage\"},\"thumbnailUrl\":\"https:\/\/evertonfc.cz\/wp-content\/uploads\/2023\/12\/Conti-Cup-Duggan-vs-LFC-13_12_2023-web.jpg\",\"datePublished\":\"2023-12-16T15:08:50+00:00\",\"dateModified\":\"2023-12-23T11:14:22+00:00\",\"breadcrumb\":{\"@id\":\"https:\/\/evertonfc.cz\/index.php\/2023\/12\/16\/conti-cup-everton-w-liverpool-w-12\/#breadcrumb\"},\"inLanguage\":\"cs\",\"potentialAction\":[{\"@type\":\"ReadAction\",\"target\":[\"https:\/\/evertonfc.cz\/index.php\/2023\/12\/16\/conti-cup-everton-w-liverpool-w-12\/\"]}]},{\"@type\":\"ImageObject\",\"inLanguage\":\"cs\",\"@id\":\"https:\/\/evertonfc.cz\/index.php\/2023\/12\/16\/conti-cup-everton-w-liverpool-w-12\/#primaryimage\",\"url\":\"https:\/\/evertonfc.cz\/wp-content\/uploads\/2023\/12\/Conti-Cup-Duggan-vs-LFC-13_12_2023-web.jpg\",\"contentUrl\":\"https:\/\/evertonfc.cz\/wp-content\/uploads\/2023\/12\/Conti-Cup-Duggan-vs-LFC-13_12_2023-web.jpg\",\"width\":720,\"height\":405},{\"@type\":\"BreadcrumbList\",\"@id\":\"https:\/\/evertonfc.cz\/index.php\/2023\/12\/16\/conti-cup-everton-w-liverpool-w-12\/#breadcrumb\",\"itemListElement\":[{\"@type\":\"ListItem\",\"position\":1,\"name\":\"Home\",\"item\":\"https:\/\/evertonfc.cz\/\"},{\"@type\":\"ListItem\",\"position\":2,\"name\":\"Conti Cup: Everton W &#8211; Liverpool W 1:2\"}]},{\"@type\":\"WebSite\",\"@id\":\"https:\/\/evertonfc.cz\/#website\",\"url\":\"https:\/\/evertonfc.cz\/\",\"name\":\"Official Czech &amp; Slovak Everton Supporters&#039; Club\",\"description\":\"\",\"publisher\":{\"@id\":\"https:\/\/evertonfc.cz\/#organization\"},\"potentialAction\":[{\"@type\":\"SearchAction\",\"target\":{\"@type\":\"EntryPoint\",\"urlTemplate\":\"https:\/\/evertonfc.cz\/?s={search_term_string}\"},\"query-input\":{\"@type\":\"PropertyValueSpecification\",\"valueRequired\":true,\"valueName\":\"search_term_string\"}}],\"inLanguage\":\"cs\"},{\"@type\":\"Organization\",\"@id\":\"https:\/\/evertonfc.cz\/#organization\",\"name\":\"Official Czech & Slovak Everton Supporters' Club\",\"url\":\"https:\/\/evertonfc.cz\/\",\"logo\":{\"@type\":\"ImageObject\",\"inLanguage\":\"cs\",\"@id\":\"https:\/\/evertonfc.cz\/#\/schema\/logo\/image\/\",\"url\":\"https:\/\/evertonfc.cz\/wp-content\/uploads\/2019\/05\/logo.png\",\"contentUrl\":\"https:\/\/evertonfc.cz\/wp-content\/uploads\/2019\/05\/logo.png\",\"width\":112,\"height\":112,\"caption\":\"Official Czech & Slovak Everton Supporters' Club\"},\"image\":{\"@id\":\"https:\/\/evertonfc.cz\/#\/schema\/logo\/image\/\"},\"sameAs\":[\"https:\/\/www.facebook.com\/everton.fans.cz.sk\"]},{\"@type\":\"Person\",\"@id\":\"https:\/\/evertonfc.cz\/#\/schema\/person\/e9a24a80a32efa1344dd2c4e5882185c\",\"name\":\"Karamela\",\"url\":\"https:\/\/evertonfc.cz\/index.php\/author\/karamela\/\"}]}<\/script>\n<!-- \/ Yoast SEO plugin. -->","yoast_head_json":{"title":"Conti Cup: Everton W - Liverpool W 1:2 - Official Czech &amp; Slovak Everton Supporters&#039; Club","robots":{"index":"index","follow":"follow","max-snippet":"max-snippet:-1","max-image-preview":"max-image-preview:large","max-video-preview":"max-video-preview:-1"},"canonical":"https:\/\/evertonfc.cz\/index.php\/2023\/12\/16\/conti-cup-everton-w-liverpool-w-12\/","og_locale":"cs_CZ","og_type":"article","og_title":"Conti Cup: Everton W - Liverpool W 1:2 - Official Czech &amp; Slovak Everton Supporters&#039; Club","og_description":"Z\u00e1pas byl p\u0159\u00edle\u017eitost\u00ed pro na\u0161e mlad\u00e9 hr\u00e1\u010dky z\u00edskat hern\u00ed minuty ve v\u00edcem\u00e9n\u011b u\u017e ztracen\u00e9m Ligov\u00e9m poh\u00e1ru. Prohra tedy je p\u0159ijateln\u00e1, ov\u0161em zran\u011bn\u00ed Emilly Ramsey je v\u00fdsledkem velmi \u0161patn\u00fdm.","og_url":"https:\/\/evertonfc.cz\/index.php\/2023\/12\/16\/conti-cup-everton-w-liverpool-w-12\/","og_site_name":"Official Czech &amp; Slovak Everton Supporters&#039; Club","article_publisher":"https:\/\/www.facebook.com\/everton.fans.cz.sk","article_published_time":"2023-12-16T15:08:50+00:00","article_modified_time":"2023-12-23T11:14:22+00:00","og_image":[{"width":720,"height":405,"url":"https:\/\/evertonfc.cz\/wp-content\/uploads\/2023\/12\/Conti-Cup-Duggan-vs-LFC-13_12_2023-web.jpg","type":"image\/jpeg"}],"author":"Karamela","twitter_card":"summary_large_image","twitter_misc":{"Napsal(a)":"Karamela","Odhadovan\u00e1 doba \u010dten\u00ed":"4 minuty"},"schema":{"@context":"https:\/\/schema.org","@graph":[{"@type":"Article","@id":"https:\/\/evertonfc.cz\/index.php\/2023\/12\/16\/conti-cup-everton-w-liverpool-w-12\/#article","isPartOf":{"@id":"https:\/\/evertonfc.cz\/index.php\/2023\/12\/16\/conti-cup-everton-w-liverpool-w-12\/"},"author":{"name":"Karamela","@id":"https:\/\/evertonfc.cz\/#\/schema\/person\/e9a24a80a32efa1344dd2c4e5882185c"},"headline":"Conti Cup: Everton W &#8211; Liverpool W 1:2","datePublished":"2023-12-16T15:08:50+00:00","dateModified":"2023-12-23T11:14:22+00:00","mainEntityOfPage":{"@id":"https:\/\/evertonfc.cz\/index.php\/2023\/12\/16\/conti-cup-everton-w-liverpool-w-12\/"},"wordCount":786,"commentCount":0,"publisher":{"@id":"https:\/\/evertonfc.cz\/#organization"},"image":{"@id":"https:\/\/evertonfc.cz\/index.php\/2023\/12\/16\/conti-cup-everton-w-liverpool-w-12\/#primaryimage"},"thumbnailUrl":"https:\/\/evertonfc.cz\/wp-content\/uploads\/2023\/12\/Conti-Cup-Duggan-vs-LFC-13_12_2023-web.jpg","articleSection":["Everton Women"],"inLanguage":"cs","potentialAction":[{"@type":"CommentAction","name":"Comment","target":["https:\/\/evertonfc.cz\/index.php\/2023\/12\/16\/conti-cup-everton-w-liverpool-w-12\/#respond"]}]},{"@type":"WebPage","@id":"https:\/\/evertonfc.cz\/index.php\/2023\/12\/16\/conti-cup-everton-w-liverpool-w-12\/","url":"https:\/\/evertonfc.cz\/index.php\/2023\/12\/16\/conti-cup-everton-w-liverpool-w-12\/","name":"Conti Cup: Everton W - Liverpool W 1:2 - Official Czech &amp; Slovak Everton Supporters&#039; Club","isPartOf":{"@id":"https:\/\/evertonfc.cz\/#website"},"primaryImageOfPage":{"@id":"https:\/\/evertonfc.cz\/index.php\/2023\/12\/16\/conti-cup-everton-w-liverpool-w-12\/#primaryimage"},"image":{"@id":"https:\/\/evertonfc.cz\/index.php\/2023\/12\/16\/conti-cup-everton-w-liverpool-w-12\/#primaryimage"},"thumbnailUrl":"https:\/\/evertonfc.cz\/wp-content\/uploads\/2023\/12\/Conti-Cup-Duggan-vs-LFC-13_12_2023-web.jpg","datePublished":"2023-12-16T15:08:50+00:00","dateModified":"2023-12-23T11:14:22+00:00","breadcrumb":{"@id":"https:\/\/evertonfc.cz\/index.php\/2023\/12\/16\/conti-cup-everton-w-liverpool-w-12\/#breadcrumb"},"inLanguage":"cs","potentialAction":[{"@type":"ReadAction","target":["https:\/\/evertonfc.cz\/index.php\/2023\/12\/16\/conti-cup-everton-w-liverpool-w-12\/"]}]},{"@type":"ImageObject","inLanguage":"cs","@id":"https:\/\/evertonfc.cz\/index.php\/2023\/12\/16\/conti-cup-everton-w-liverpool-w-12\/#primaryimage","url":"https:\/\/evertonfc.cz\/wp-content\/uploads\/2023\/12\/Conti-Cup-Duggan-vs-LFC-13_12_2023-web.jpg","contentUrl":"https:\/\/evertonfc.cz\/wp-content\/uploads\/2023\/12\/Conti-Cup-Duggan-vs-LFC-13_12_2023-web.jpg","width":720,"height":405},{"@type":"BreadcrumbList","@id":"https:\/\/evertonfc.cz\/index.php\/2023\/12\/16\/conti-cup-everton-w-liverpool-w-12\/#breadcrumb","itemListElement":[{"@type":"ListItem","position":1,"name":"Home","item":"https:\/\/evertonfc.cz\/"},{"@type":"ListItem","position":2,"name":"Conti Cup: Everton W &#8211; Liverpool W 1:2"}]},{"@type":"WebSite","@id":"https:\/\/evertonfc.cz\/#website","url":"https:\/\/evertonfc.cz\/","name":"Official Czech &amp; Slovak Everton Supporters&#039; Club","description":"","publisher":{"@id":"https:\/\/evertonfc.cz\/#organization"},"potentialAction":[{"@type":"SearchAction","target":{"@type":"EntryPoint","urlTemplate":"https:\/\/evertonfc.cz\/?s={search_term_string}"},"query-input":{"@type":"PropertyValueSpecification","valueRequired":true,"valueName":"search_term_string"}}],"inLanguage":"cs"},{"@type":"Organization","@id":"https:\/\/evertonfc.cz\/#organization","name":"Official Czech & Slovak Everton Supporters' Club","url":"https:\/\/evertonfc.cz\/","logo":{"@type":"ImageObject","inLanguage":"cs","@id":"https:\/\/evertonfc.cz\/#\/schema\/logo\/image\/","url":"https:\/\/evertonfc.cz\/wp-content\/uploads\/2019\/05\/logo.png","contentUrl":"https:\/\/evertonfc.cz\/wp-content\/uploads\/2019\/05\/logo.png","width":112,"height":112,"caption":"Official Czech & Slovak Everton Supporters' Club"},"image":{"@id":"https:\/\/evertonfc.cz\/#\/schema\/logo\/image\/"},"sameAs":["https:\/\/www.facebook.com\/everton.fans.cz.sk"]},{"@type":"Person","@id":"https:\/\/evertonfc.cz\/#\/schema\/person\/e9a24a80a32efa1344dd2c4e5882185c","name":"Karamela","url":"https:\/\/evertonfc.cz\/index.php\/author\/karamela\/"}]}},"_links":{"self":[{"href":"https:\/\/evertonfc.cz\/index.php\/wp-json\/wp\/v2\/posts\/23481"}],"collection":[{"href":"https:\/\/evertonfc.cz\/index.php\/wp-json\/wp\/v2\/posts"}],"about":[{"href":"https:\/\/evertonfc.cz\/index.php\/wp-json\/wp\/v2\/types\/post"}],"author":[{"embeddable":true,"href":"https:\/\/evertonfc.cz\/index.php\/wp-json\/wp\/v2\/users\/26"}],"replies":[{"embeddable":true,"href":"https:\/\/evertonfc.cz\/index.php\/wp-json\/wp\/v2\/comments?post=23481"}],"version-history":[{"count":7,"href":"https:\/\/evertonfc.cz\/index.php\/wp-json\/wp\/v2\/posts\/23481\/revisions"}],"predecessor-version":[{"id":23554,"href":"https:\/\/evertonfc.cz\/index.php\/wp-json\/wp\/v2\/posts\/23481\/revisions\/23554"}],"wp:featuredmedia":[{"embeddable":true,"href":"https:\/\/evertonfc.cz\/index.php\/wp-json\/wp\/v2\/media\/23491"}],"wp:attachment":[{"href":"https:\/\/evertonfc.cz\/index.php\/wp-json\/wp\/v2\/media?parent=23481"}],"wp:term":[{"taxonomy":"category","embeddable":true,"href":"https:\/\/evertonfc.cz\/index.php\/wp-json\/wp\/v2\/categories?post=23481"},{"taxonomy":"post_tag","embeddable":true,"href":"https:\/\/evertonfc.cz\/index.php\/wp-json\/wp\/v2\/tags?post=23481"}],"curies":[{"name":"wp","href":"https:\/\/api.w.org\/{rel}","templated":true}]}}