{"id":23498,"date":"2023-12-17T21:08:11","date_gmt":"2023-12-17T20:08:11","guid":{"rendered":"https:\/\/evertonfc.cz\/?p=23498"},"modified":"2023-12-17T21:21:15","modified_gmt":"2023-12-17T20:21:15","slug":"burnley-everton-02","status":"publish","type":"post","link":"https:\/\/evertonfc.cz\/index.php\/2023\/12\/17\/burnley-everton-02\/","title":{"rendered":"Burnley \u2013 Everton 0:2"},"content":{"rendered":"<h4>\u010eal\u0161\u00ed z\u00e1pas na ihrisku s\u00fapera = \u010fal\u0161ia v\u00fdhra! Za\u010dneme ich vola\u0165 povinn\u00e9 jazdy? Mo\u017eno, preto\u017ee tento Everton nespozn\u00e1vame. Ukradli n\u00e1m ho aj spolu s\u00a0bodmi. Super, \u017ee?<\/h4>\n<p>A\u00a0m\u00f4\u017eu si ho aj k\u013eudne necha\u0165. Aj s\u00a0t\u00fdmi bodmi. Tak\u00fdto barter berieme v\u0161etk\u00fdmi \u201edesiatimi\u201c! Neviem za koho a\u00a0\u010do to vymenili, ale je to n\u00e1vykov\u00e9. Ako \u00eds\u0165 zo \u017eltej sra\u010dky na \u010dist\u00fd sneh. Pardon&#8230; u\u017e som sa opustil. Ale v\u0161etci, \u010do to tu \u010d\u00edtate, viete pre\u010do. S\u00edce nevyhr\u00e1vame tituly a\u00a0trofeje (zatia\u013e), ale je to \u00fa\u017easn\u00e1 zmena po rokoch depres\u00edvnych v\u00fdsledkov sledova\u0165 tak\u00fato formu svojho milovan\u00e9ho t\u00edmu.<\/p>\n<p>\u00c1no, je to len p\u00e1r z\u00e1pasov, a\u00a0ni\u010d to dokopy neznamen\u00e1. Fulham v poh\u00e1ri n\u00e1s m\u00f4\u017ee vyprevadi\u0165. A\u00a0Spurs v lige rozpr\u00e1\u0161i\u0165 za p\u00e1r ch\u00fdb a zranen\u00ed, ktor\u00e9 sa n\u00e1m zatia\u013e vyh\u00fdbaj\u00fa. Preto si to u\u017e\u00edvajme, priatelia, k\u00fdm to trv\u00e1. Predsa je to Everton, a\u00a0my nikdy nevieme, kedy n\u00e1s op\u00e4\u0165 spektakul\u00e1rnym sp\u00f4sobom sklame.<\/p>\n<p>V\u00a0prvom z\u00e1pase pre Dychea na mieste b\u00fdval\u00e9ho \u010dinu do\u0161lo k\u00a0viacer\u00fdm vyn\u00faten\u00fdm zmen\u00e1m. Branthwaite aj Gueye pykali za kartov\u00fd di\u0161tanc, Coleman i Young a po novom aj Mykolenko (triesla) si lie\u010dia svoje zranenia. Do z\u00e1kladu sa teda vr\u00e1til Onana s Pattersonom, a po dlhom \u010dase sme videli aj dvojicu Keane, Godfrey. Kto o\u010dak\u00e1val zmenu form\u00e1cie, trafil sa, McNeil hral \u013eav\u00e9ho wingbacka v\u00a05-4-1.<\/p>\n<h4><strong>1.pol\u010das<\/strong><\/h4>\n<p>Za\u010diatok bol trochu rozpa\u010dit\u00fd. Predsa len t\u00e1 nov\u00e1 obrana, in\u00e1 rozohr\u00e1vka, ale po p\u00e1r min\u00fatach sa to usadilo a\u00a0mohlo sa za\u010da\u0165 tla\u010di\u0165 na s\u00fapera. Harrison skvel\u00fdm centrom nach\u00e1dzal McNeila na zadnej ty\u010di, z\u00a0\u010doho mohol by\u0165 uk\u00e1\u017ekov\u00fd g\u00f3l. Kr\u00ed\u017ena hlavi\u010dka v\u0161ak bola nepresn\u00e1. Tlak sa zvy\u0161oval a\u00a0k\u00a0pr\u00e1ci sa dostal aj brank\u00e1r dom\u00e1cich, ke\u010f brav\u00farne vychytal tie\u017e pokus hlavou st\u00e1le spa\u013euj\u00faceho Calverta-Lewina.<\/p>\n<p>Z\u00a0nasleduj\u00faceho rohu padol prv\u00fd g\u00f3l. Zahr\u00e1val ho klasicky n\u00e1\u0161 Dwight a\u00a0Onana nebol pri jeho fyzikalite z\u00a0bl\u00edzkej vzdialenosti k\u00a0zastaveniu. <strong>0:1<\/strong>. N\u00e1sledn\u00e1 irit\u00e1cia dom\u00e1cich sa prejavila, ke\u010f strelu Bruuna Larsena blokoval Doucs, a\u00a0rovnako si po\u010d\u00ednal pri pokuse Rodrigueza aj Tarkowski. Ten si n\u00e1sledne skoro prip\u00edsal asistenciu. Vo\u013en\u00fd kop z\u00a0polky ihriska od Pickyho nasmeroval na Keanea, ktor\u00fd sa neok\u00fa\u0148al aj vystreli\u0165. Len\u017ee by to nesmel by\u0165 tak\u00fd m\u00f4j turnajov\u00fd pokus. No repar\u00e1t z\u00a0odrazu do pr\u00e1zdnej u\u017e zlo\u017eil, tak\u017ee skvel\u00fdch 2:0. Uvid\u00edme, \u010do ja cez leto&#8230;<\/p>\n<h4><strong>2.pol\u010das<\/strong><\/h4>\n<p>E\u0161te ku koncu toho prv\u00e9ho hasil zase Doucs pred O\u00b4Sheaom, i\u00a0Godfrey na posledn\u00fa chv\u00ed\u013eu v\u00a0sklze pred Odobertom, \u010d\u00edm op\u00e4\u0165 pripomenul, \u017ee st\u00e1le nie je m\u00e1rny. Prv\u00fd menovan\u00fd sa nesk\u00f4r u\u017e z\u00a0kab\u00edny nevr\u00e1til. Po\u010das z\u00e1pasu toti\u017e za\u010dal c\u00edti\u0165 stuhnut\u00fd zadn\u00fd stehenn\u00fd sval. Aj pre jeho dobro by mal Fulham rad\u0161ej vynecha\u0165. Vo\u013en\u00e9 miesto v\u00a0z\u00e1lohe prebral mlad\u00fd Dobbin, putuj\u00fac na prav\u00e9 kr\u00eddlo, odkia\u013e oslobodil Garnera, ktor\u00fd sa tam striedal s\u00a0Harrisonom. Iniciat\u00edvu potom mali viac bordovo-modr\u00ed hr\u00e1\u010di.<\/p>\n<p>Ale ni\u010d v\u00fdznamn\u00e9 sa zv\u00e4\u010d\u0161a nedialo. Tabu\u013eka bez odpo\u010dtu bodov jednoducho neklame. Tret\u00ed g\u00f3l mohol da\u0165 op\u00e4\u0165 n\u00e1\u0161 Michael, ale z\u00a0blb\u00e9ho uhla to \u0165ukol len do ty\u010dky. Potom sa predsa len zabl\u00fdskalo aj v na\u0161ej \u0161estn\u00e1stke. Najprv sa Pickford \u00fa\u017easne vytiahol na \u010falekonosn\u00fa strelu Amdouniho, a\u00a0nesk\u00f4r Berge podobne z\u00a0dia\u013eky nastrelil len brvno. To\u0165 vsjo! A\u00a0v\u00a0utorok Chalup\u00e1ri na Jojke&#8230;<\/p>\n<h4><strong>Sean Dyche po z\u00e1pase:<\/strong><\/h4>\n<blockquote><p><span style=\"font-size: 12pt;\"><em>\u201eSom ve\u013emi r\u00e1d. Najviac ma te\u0161\u00ed, \u017ee adapt\u00e1cia hr\u00e1\u010dov neust\u00e1le rastie. Museli sme urobi\u0165 ve\u013ea zmien a\u00a0t\u00e1 s Mykom bola naozaj neskoro, tak\u017ee sme museli zmeni\u0165 tvar a nemali sme \u010das ho pripravova\u0165, ani s n\u00edm pracova\u0165. Otvorenos\u0165 hr\u00e1\u010dov v\u00a0tomto smere neust\u00e1le rastie. Hovoril som s hr\u00e1\u010dmi a chv\u00e1lime ich ako person\u00e1l, preto\u017ee sila skupiny je v s\u00fa\u010dasnosti \u010dasto silou \u013eud\u00ed mimo hlavnej z\u00e1kladnej jeden\u00e1stky. Je \u0165a\u017ek\u00e9 to vyjadri\u0165 slovami, ale re\u0161pekt, ktor\u00fd m\u00e1m k tejto skupine, preto\u017ee sa star\u00e1 o seba aj o n\u00e1s.\u201c<\/em><\/span><\/p><\/blockquote>\n<h4 style=\"text-align: center;\"><strong>\u0160tatistick\u00e9 okienko:<\/strong><\/h4>\n<ul>\n<li>Iba Tottenham z\u00edskal v tejto sez\u00f3ne viac bodov v Premier League vonku (18) ako Everton (16). The Toffees tak z\u00edskali na cest\u00e1ch u\u017e viac, ako za cel\u00fa minul\u00fa sez\u00f3nu (15).<\/li>\n<li>Everton inkasoval v\u00a0tomto ro\u010dn\u00edku v\u00a0lige 20 g\u00f3lov \u2013 menej ich inkasovali len Arsenal a Liverpool (obaja 15).<\/li>\n<li>Okrem pen\u00e1lt strelilo EFC v\u00a0tejto ligovej sez\u00f3ne viac g\u00f3lov zo \u0161tandardn\u00fdch situ\u00e1ci\u00ed ako ktor\u00fdko\u013evek in\u00fd t\u00edm (10), pri\u010dom oba g\u00f3ly v\u00a0tomto z\u00e1pase poch\u00e1dzali pr\u00e1ve z\u00a0nich (1x roh, 1x priamy kop).<\/li>\n<li>Brank\u00e1r Evertonu Jordan Pickford si v tejto sez\u00f3ne Premier League udr\u017eal viac \u010dist\u00fdch kont ako ktor\u00fdko\u013evek in\u00fd brank\u00e1r v Premier League (6), pri\u010dom iba Newcastle (7) udr\u017eal celkovo viac \u010dist\u00fdch \u0161t\u00edtov ako Toffees (6).<\/li>\n<li>Everton v tejto sez\u00f3ne Premier League z\u00edskal 26 bodov po 17 z\u00e1pasoch (bez odpo\u010dtu bodov) \u2013 to\u013eko, ko\u013eko z\u00edskal po 28 ligov\u00fdch z\u00e1pasoch v minulej sez\u00f3ne.<\/li>\n<\/ul>\n<h3 style=\"text-align: center;\"><span style=\"color: #3366ff;\"><em><strong>Come on you Blues !!!<\/strong><\/em><\/span><\/h3>\n<p style=\"text-align: right;\"><span style=\"font-size: 8pt;\">(fotozdroj: Tony McArdle &#8211; Everton FC\u00a0)<\/span><\/p>\n<p><strong>Zostrihy:<\/strong> <a href=\"https:\/\/www.fasthighlights.net\/2023\/12\/burnley-v-everton-highlights-video-fasthighlights\/\">fasthighlights.com<\/a> \/ <a href=\"https:\/\/evertontv.evertonfc.com\/videos\/6447d71a-a773-4311-819c-c6b5538de893\">Everton TV<\/a>\u00a0 <strong>Mu\u017e z\u00e1pasu redakcie:<\/strong> Michael Keane<\/p>\n<p><strong>G\u00f3ly:<\/strong> 19\u00b4 Onana (McNeil), 25\u00b4 Keane\u00a0 <strong>\u017dlt\u00e9 karty:<\/strong> 88\u00b4 Garner<\/p>\n<p><strong>Burnley FC:<\/strong> Trafford \u2013 Vitinho (87\u00b4 Redmond), O\u00b4Shea, Beyer, Delcroix (70\u00b4 Al Dakhil) \u2013 Bruun Larsen (82\u00b4 Benson), Berge, Brownhill, Odobert (87\u00b4 Tresor) \u2013 Amdouni, Rodriguez (46\u00b4 Foster)<\/p>\n<p><strong>Everton FC:<\/strong> Pickford \u2013 Patterson, Godfrey, Tarkowski, Keane, McNeil \u2013 Harrison, Onana, Doucour\u00e9 (46\u00b4 Dobbin), Garner \u2013 Calvert-Lewin (82\u00b4 Beto)<\/p>\n<p><strong>Rozhodca: <\/strong>Anthony Taylor\u00a0 <strong>Div\u00e1ci: <\/strong>21 413 (Turf Moor)<\/p>\n","protected":false},"excerpt":{"rendered":"<p>\u010eal\u0161\u00ed z\u00e1pas na ihrisku s\u00fapera = \u010fal\u0161ia v\u00fdhra! Za\u010dneme ich vola\u0165 povinn\u00e9 jazdy? Mo\u017eno, preto\u017ee tento Everton nespozn\u00e1vame. Ukradli n\u00e1m ho aj spolu s\u00a0bodmi. Super, \u017ee?<\/p>\n","protected":false},"author":1,"featured_media":23499,"comment_status":"open","ping_status":"closed","sticky":false,"template":"","format":"standard","meta":{"_eb_attr":"","_monsterinsights_skip_tracking":false,"_monsterinsights_sitenote_active":false,"_monsterinsights_sitenote_note":"","_monsterinsights_sitenote_category":0,"footnotes":""},"categories":[4],"tags":[],"yoast_head":"<!-- This site is optimized with the Yoast SEO plugin v23.4 - https:\/\/yoast.com\/wordpress\/plugins\/seo\/ -->\n<title>Burnley \u2013 Everton 0:2 - Official Czech &amp; Slovak Everton Supporters&#039; Club<\/title>\n<meta name=\"robots\" content=\"index, follow, max-snippet:-1, max-image-preview:large, max-video-preview:-1\" \/>\n<link rel=\"canonical\" href=\"https:\/\/evertonfc.cz\/index.php\/2023\/12\/17\/burnley-everton-02\/\" \/>\n<meta property=\"og:locale\" content=\"cs_CZ\" \/>\n<meta property=\"og:type\" content=\"article\" \/>\n<meta property=\"og:title\" content=\"Burnley \u2013 Everton 0:2 - Official Czech &amp; Slovak Everton Supporters&#039; Club\" \/>\n<meta property=\"og:description\" content=\"\u010eal\u0161\u00ed z\u00e1pas na ihrisku s\u00fapera = \u010fal\u0161ia v\u00fdhra! Za\u010dneme ich vola\u0165 povinn\u00e9 jazdy? Mo\u017eno, preto\u017ee tento Everton nespozn\u00e1vame. Ukradli n\u00e1m ho aj spolu s\u00a0bodmi. Super, \u017ee?\" \/>\n<meta property=\"og:url\" content=\"https:\/\/evertonfc.cz\/index.php\/2023\/12\/17\/burnley-everton-02\/\" \/>\n<meta property=\"og:site_name\" content=\"Official Czech &amp; Slovak Everton Supporters&#039; Club\" \/>\n<meta property=\"article:publisher\" content=\"https:\/\/www.facebook.com\/everton.fans.cz.sk\" \/>\n<meta property=\"article:published_time\" content=\"2023-12-17T20:08:11+00:00\" \/>\n<meta property=\"article:modified_time\" content=\"2023-12-17T20:21:15+00:00\" \/>\n<meta property=\"og:image\" content=\"https:\/\/evertonfc.cz\/wp-content\/uploads\/2023\/12\/Burnley-0-2-Everton-by-Everton-FC-16-12-2023.jpg\" \/>\n\t<meta property=\"og:image:width\" content=\"720\" \/>\n\t<meta property=\"og:image:height\" content=\"405\" \/>\n\t<meta property=\"og:image:type\" content=\"image\/jpeg\" \/>\n<meta name=\"author\" content=\"BlueBlooded\" \/>\n<meta name=\"twitter:card\" content=\"summary_large_image\" \/>\n<meta name=\"twitter:label1\" content=\"Napsal(a)\" \/>\n\t<meta name=\"twitter:data1\" content=\"BlueBlooded\" \/>\n\t<meta name=\"twitter:label2\" content=\"Odhadovan\u00e1 doba \u010dten\u00ed\" \/>\n\t<meta name=\"twitter:data2\" content=\"5 minut\" \/>\n<script type=\"application\/ld+json\" class=\"yoast-schema-graph\">{\"@context\":\"https:\/\/schema.org\",\"@graph\":[{\"@type\":\"Article\",\"@id\":\"https:\/\/evertonfc.cz\/index.php\/2023\/12\/17\/burnley-everton-02\/#article\",\"isPartOf\":{\"@id\":\"https:\/\/evertonfc.cz\/index.php\/2023\/12\/17\/burnley-everton-02\/\"},\"author\":{\"name\":\"BlueBlooded\",\"@id\":\"https:\/\/evertonfc.cz\/#\/schema\/person\/d4493b8cbea51532597fbc4685698916\"},\"headline\":\"Burnley \u2013 Everton 0:2\",\"datePublished\":\"2023-12-17T20:08:11+00:00\",\"dateModified\":\"2023-12-17T20:21:15+00:00\",\"mainEntityOfPage\":{\"@id\":\"https:\/\/evertonfc.cz\/index.php\/2023\/12\/17\/burnley-everton-02\/\"},\"wordCount\":1005,\"commentCount\":0,\"publisher\":{\"@id\":\"https:\/\/evertonfc.cz\/#organization\"},\"image\":{\"@id\":\"https:\/\/evertonfc.cz\/index.php\/2023\/12\/17\/burnley-everton-02\/#primaryimage\"},\"thumbnailUrl\":\"https:\/\/evertonfc.cz\/wp-content\/uploads\/2023\/12\/Burnley-0-2-Everton-by-Everton-FC-16-12-2023.jpg\",\"articleSection\":[\"Z\u00e1pasy\"],\"inLanguage\":\"cs\",\"potentialAction\":[{\"@type\":\"CommentAction\",\"name\":\"Comment\",\"target\":[\"https:\/\/evertonfc.cz\/index.php\/2023\/12\/17\/burnley-everton-02\/#respond\"]}]},{\"@type\":\"WebPage\",\"@id\":\"https:\/\/evertonfc.cz\/index.php\/2023\/12\/17\/burnley-everton-02\/\",\"url\":\"https:\/\/evertonfc.cz\/index.php\/2023\/12\/17\/burnley-everton-02\/\",\"name\":\"Burnley \u2013 Everton 0:2 - Official Czech &amp; Slovak Everton Supporters&#039; Club\",\"isPartOf\":{\"@id\":\"https:\/\/evertonfc.cz\/#website\"},\"primaryImageOfPage\":{\"@id\":\"https:\/\/evertonfc.cz\/index.php\/2023\/12\/17\/burnley-everton-02\/#primaryimage\"},\"image\":{\"@id\":\"https:\/\/evertonfc.cz\/index.php\/2023\/12\/17\/burnley-everton-02\/#primaryimage\"},\"thumbnailUrl\":\"https:\/\/evertonfc.cz\/wp-content\/uploads\/2023\/12\/Burnley-0-2-Everton-by-Everton-FC-16-12-2023.jpg\",\"datePublished\":\"2023-12-17T20:08:11+00:00\",\"dateModified\":\"2023-12-17T20:21:15+00:00\",\"breadcrumb\":{\"@id\":\"https:\/\/evertonfc.cz\/index.php\/2023\/12\/17\/burnley-everton-02\/#breadcrumb\"},\"inLanguage\":\"cs\",\"potentialAction\":[{\"@type\":\"ReadAction\",\"target\":[\"https:\/\/evertonfc.cz\/index.php\/2023\/12\/17\/burnley-everton-02\/\"]}]},{\"@type\":\"ImageObject\",\"inLanguage\":\"cs\",\"@id\":\"https:\/\/evertonfc.cz\/index.php\/2023\/12\/17\/burnley-everton-02\/#primaryimage\",\"url\":\"https:\/\/evertonfc.cz\/wp-content\/uploads\/2023\/12\/Burnley-0-2-Everton-by-Everton-FC-16-12-2023.jpg\",\"contentUrl\":\"https:\/\/evertonfc.cz\/wp-content\/uploads\/2023\/12\/Burnley-0-2-Everton-by-Everton-FC-16-12-2023.jpg\",\"width\":720,\"height\":405},{\"@type\":\"BreadcrumbList\",\"@id\":\"https:\/\/evertonfc.cz\/index.php\/2023\/12\/17\/burnley-everton-02\/#breadcrumb\",\"itemListElement\":[{\"@type\":\"ListItem\",\"position\":1,\"name\":\"Home\",\"item\":\"https:\/\/evertonfc.cz\/\"},{\"@type\":\"ListItem\",\"position\":2,\"name\":\"Burnley \u2013 Everton 0:2\"}]},{\"@type\":\"WebSite\",\"@id\":\"https:\/\/evertonfc.cz\/#website\",\"url\":\"https:\/\/evertonfc.cz\/\",\"name\":\"Official Czech &amp; Slovak Everton Supporters&#039; Club\",\"description\":\"\",\"publisher\":{\"@id\":\"https:\/\/evertonfc.cz\/#organization\"},\"potentialAction\":[{\"@type\":\"SearchAction\",\"target\":{\"@type\":\"EntryPoint\",\"urlTemplate\":\"https:\/\/evertonfc.cz\/?s={search_term_string}\"},\"query-input\":{\"@type\":\"PropertyValueSpecification\",\"valueRequired\":true,\"valueName\":\"search_term_string\"}}],\"inLanguage\":\"cs\"},{\"@type\":\"Organization\",\"@id\":\"https:\/\/evertonfc.cz\/#organization\",\"name\":\"Official Czech & Slovak Everton Supporters' Club\",\"url\":\"https:\/\/evertonfc.cz\/\",\"logo\":{\"@type\":\"ImageObject\",\"inLanguage\":\"cs\",\"@id\":\"https:\/\/evertonfc.cz\/#\/schema\/logo\/image\/\",\"url\":\"https:\/\/evertonfc.cz\/wp-content\/uploads\/2019\/05\/logo.png\",\"contentUrl\":\"https:\/\/evertonfc.cz\/wp-content\/uploads\/2019\/05\/logo.png\",\"width\":112,\"height\":112,\"caption\":\"Official Czech & Slovak Everton Supporters' Club\"},\"image\":{\"@id\":\"https:\/\/evertonfc.cz\/#\/schema\/logo\/image\/\"},\"sameAs\":[\"https:\/\/www.facebook.com\/everton.fans.cz.sk\"]},{\"@type\":\"Person\",\"@id\":\"https:\/\/evertonfc.cz\/#\/schema\/person\/d4493b8cbea51532597fbc4685698916\",\"name\":\"BlueBlooded\",\"url\":\"https:\/\/evertonfc.cz\/index.php\/author\/admin\/\"}]}<\/script>\n<!-- \/ Yoast SEO plugin. -->","yoast_head_json":{"title":"Burnley \u2013 Everton 0:2 - Official Czech &amp; Slovak Everton Supporters&#039; Club","robots":{"index":"index","follow":"follow","max-snippet":"max-snippet:-1","max-image-preview":"max-image-preview:large","max-video-preview":"max-video-preview:-1"},"canonical":"https:\/\/evertonfc.cz\/index.php\/2023\/12\/17\/burnley-everton-02\/","og_locale":"cs_CZ","og_type":"article","og_title":"Burnley \u2013 Everton 0:2 - Official Czech &amp; Slovak Everton Supporters&#039; Club","og_description":"\u010eal\u0161\u00ed z\u00e1pas na ihrisku s\u00fapera = \u010fal\u0161ia v\u00fdhra! Za\u010dneme ich vola\u0165 povinn\u00e9 jazdy? Mo\u017eno, preto\u017ee tento Everton nespozn\u00e1vame. Ukradli n\u00e1m ho aj spolu s\u00a0bodmi. Super, \u017ee?","og_url":"https:\/\/evertonfc.cz\/index.php\/2023\/12\/17\/burnley-everton-02\/","og_site_name":"Official Czech &amp; Slovak Everton Supporters&#039; Club","article_publisher":"https:\/\/www.facebook.com\/everton.fans.cz.sk","article_published_time":"2023-12-17T20:08:11+00:00","article_modified_time":"2023-12-17T20:21:15+00:00","og_image":[{"width":720,"height":405,"url":"https:\/\/evertonfc.cz\/wp-content\/uploads\/2023\/12\/Burnley-0-2-Everton-by-Everton-FC-16-12-2023.jpg","type":"image\/jpeg"}],"author":"BlueBlooded","twitter_card":"summary_large_image","twitter_misc":{"Napsal(a)":"BlueBlooded","Odhadovan\u00e1 doba \u010dten\u00ed":"5 minut"},"schema":{"@context":"https:\/\/schema.org","@graph":[{"@type":"Article","@id":"https:\/\/evertonfc.cz\/index.php\/2023\/12\/17\/burnley-everton-02\/#article","isPartOf":{"@id":"https:\/\/evertonfc.cz\/index.php\/2023\/12\/17\/burnley-everton-02\/"},"author":{"name":"BlueBlooded","@id":"https:\/\/evertonfc.cz\/#\/schema\/person\/d4493b8cbea51532597fbc4685698916"},"headline":"Burnley \u2013 Everton 0:2","datePublished":"2023-12-17T20:08:11+00:00","dateModified":"2023-12-17T20:21:15+00:00","mainEntityOfPage":{"@id":"https:\/\/evertonfc.cz\/index.php\/2023\/12\/17\/burnley-everton-02\/"},"wordCount":1005,"commentCount":0,"publisher":{"@id":"https:\/\/evertonfc.cz\/#organization"},"image":{"@id":"https:\/\/evertonfc.cz\/index.php\/2023\/12\/17\/burnley-everton-02\/#primaryimage"},"thumbnailUrl":"https:\/\/evertonfc.cz\/wp-content\/uploads\/2023\/12\/Burnley-0-2-Everton-by-Everton-FC-16-12-2023.jpg","articleSection":["Z\u00e1pasy"],"inLanguage":"cs","potentialAction":[{"@type":"CommentAction","name":"Comment","target":["https:\/\/evertonfc.cz\/index.php\/2023\/12\/17\/burnley-everton-02\/#respond"]}]},{"@type":"WebPage","@id":"https:\/\/evertonfc.cz\/index.php\/2023\/12\/17\/burnley-everton-02\/","url":"https:\/\/evertonfc.cz\/index.php\/2023\/12\/17\/burnley-everton-02\/","name":"Burnley \u2013 Everton 0:2 - Official Czech &amp; Slovak Everton Supporters&#039; Club","isPartOf":{"@id":"https:\/\/evertonfc.cz\/#website"},"primaryImageOfPage":{"@id":"https:\/\/evertonfc.cz\/index.php\/2023\/12\/17\/burnley-everton-02\/#primaryimage"},"image":{"@id":"https:\/\/evertonfc.cz\/index.php\/2023\/12\/17\/burnley-everton-02\/#primaryimage"},"thumbnailUrl":"https:\/\/evertonfc.cz\/wp-content\/uploads\/2023\/12\/Burnley-0-2-Everton-by-Everton-FC-16-12-2023.jpg","datePublished":"2023-12-17T20:08:11+00:00","dateModified":"2023-12-17T20:21:15+00:00","breadcrumb":{"@id":"https:\/\/evertonfc.cz\/index.php\/2023\/12\/17\/burnley-everton-02\/#breadcrumb"},"inLanguage":"cs","potentialAction":[{"@type":"ReadAction","target":["https:\/\/evertonfc.cz\/index.php\/2023\/12\/17\/burnley-everton-02\/"]}]},{"@type":"ImageObject","inLanguage":"cs","@id":"https:\/\/evertonfc.cz\/index.php\/2023\/12\/17\/burnley-everton-02\/#primaryimage","url":"https:\/\/evertonfc.cz\/wp-content\/uploads\/2023\/12\/Burnley-0-2-Everton-by-Everton-FC-16-12-2023.jpg","contentUrl":"https:\/\/evertonfc.cz\/wp-content\/uploads\/2023\/12\/Burnley-0-2-Everton-by-Everton-FC-16-12-2023.jpg","width":720,"height":405},{"@type":"BreadcrumbList","@id":"https:\/\/evertonfc.cz\/index.php\/2023\/12\/17\/burnley-everton-02\/#breadcrumb","itemListElement":[{"@type":"ListItem","position":1,"name":"Home","item":"https:\/\/evertonfc.cz\/"},{"@type":"ListItem","position":2,"name":"Burnley \u2013 Everton 0:2"}]},{"@type":"WebSite","@id":"https:\/\/evertonfc.cz\/#website","url":"https:\/\/evertonfc.cz\/","name":"Official Czech &amp; Slovak Everton Supporters&#039; Club","description":"","publisher":{"@id":"https:\/\/evertonfc.cz\/#organization"},"potentialAction":[{"@type":"SearchAction","target":{"@type":"EntryPoint","urlTemplate":"https:\/\/evertonfc.cz\/?s={search_term_string}"},"query-input":{"@type":"PropertyValueSpecification","valueRequired":true,"valueName":"search_term_string"}}],"inLanguage":"cs"},{"@type":"Organization","@id":"https:\/\/evertonfc.cz\/#organization","name":"Official Czech & Slovak Everton Supporters' Club","url":"https:\/\/evertonfc.cz\/","logo":{"@type":"ImageObject","inLanguage":"cs","@id":"https:\/\/evertonfc.cz\/#\/schema\/logo\/image\/","url":"https:\/\/evertonfc.cz\/wp-content\/uploads\/2019\/05\/logo.png","contentUrl":"https:\/\/evertonfc.cz\/wp-content\/uploads\/2019\/05\/logo.png","width":112,"height":112,"caption":"Official Czech & Slovak Everton Supporters' Club"},"image":{"@id":"https:\/\/evertonfc.cz\/#\/schema\/logo\/image\/"},"sameAs":["https:\/\/www.facebook.com\/everton.fans.cz.sk"]},{"@type":"Person","@id":"https:\/\/evertonfc.cz\/#\/schema\/person\/d4493b8cbea51532597fbc4685698916","name":"BlueBlooded","url":"https:\/\/evertonfc.cz\/index.php\/author\/admin\/"}]}},"_links":{"self":[{"href":"https:\/\/evertonfc.cz\/index.php\/wp-json\/wp\/v2\/posts\/23498"}],"collection":[{"href":"https:\/\/evertonfc.cz\/index.php\/wp-json\/wp\/v2\/posts"}],"about":[{"href":"https:\/\/evertonfc.cz\/index.php\/wp-json\/wp\/v2\/types\/post"}],"author":[{"embeddable":true,"href":"https:\/\/evertonfc.cz\/index.php\/wp-json\/wp\/v2\/users\/1"}],"replies":[{"embeddable":true,"href":"https:\/\/evertonfc.cz\/index.php\/wp-json\/wp\/v2\/comments?post=23498"}],"version-history":[{"count":3,"href":"https:\/\/evertonfc.cz\/index.php\/wp-json\/wp\/v2\/posts\/23498\/revisions"}],"predecessor-version":[{"id":23502,"href":"https:\/\/evertonfc.cz\/index.php\/wp-json\/wp\/v2\/posts\/23498\/revisions\/23502"}],"wp:featuredmedia":[{"embeddable":true,"href":"https:\/\/evertonfc.cz\/index.php\/wp-json\/wp\/v2\/media\/23499"}],"wp:attachment":[{"href":"https:\/\/evertonfc.cz\/index.php\/wp-json\/wp\/v2\/media?parent=23498"}],"wp:term":[{"taxonomy":"category","embeddable":true,"href":"https:\/\/evertonfc.cz\/index.php\/wp-json\/wp\/v2\/categories?post=23498"},{"taxonomy":"post_tag","embeddable":true,"href":"https:\/\/evertonfc.cz\/index.php\/wp-json\/wp\/v2\/tags?post=23498"}],"curies":[{"name":"wp","href":"https:\/\/api.w.org\/{rel}","templated":true}]}}