{"id":23505,"date":"2023-12-19T16:01:27","date_gmt":"2023-12-19T15:01:27","guid":{"rendered":"https:\/\/evertonfc.cz\/?p=23505"},"modified":"2023-12-21T22:09:03","modified_gmt":"2023-12-21T21:09:03","slug":"lc-preview-everton-fulham","status":"publish","type":"post","link":"https:\/\/evertonfc.cz\/index.php\/2023\/12\/19\/lc-preview-everton-fulham\/","title":{"rendered":"LC Preview: Everton \u2013 Fulham"},"content":{"rendered":"<h4><span style=\"font-size: 14pt;\">Medzi najlep\u0161\u00edch \u0161tyroch v dom\u00e1cej s\u00fa\u0165a\u017ei \u010d\u00edslo tri m\u00f4\u017eeme post\u00fapi\u0165 len piatou v\u00fdhrou v rade. Protestova\u0165 proti tomu bude trio na\u0161ich ex \u2013 Silva, Iwobi a Robinson.<\/span><\/h4>\n<p><span style=\"font-size: 12pt;\">Pokra\u010dovanie v\u00ed\u0165aznej mentality bude k\u013e\u00fa\u010dov\u00e9. Najm\u00e4 pod svetlami Goodison Parku, kde, povedzme si \u00faprimne, nie sme e\u0161te tak\u00ed presved\u010div\u00ed, ako na v\u00fdletoch mimo. Aspo\u0148 nie v\u00fdsledkovo. No tento z\u00e1pas by mohol nama\u013eova\u0165 kompletn\u00fd obraz charakterovej premeny mu\u017estva, viackr\u00e1t ne\u00faspe\u0161ne ods\u00faden\u00e9ho na zostup. Nevad\u00ed, snaha bola. A my sme pr\u00e1vom hrd\u00ed, ideme si svoje. Aj cez body.<\/span><\/p>\n<p><span style=\"font-size: 12pt;\">Dobr\u00e9 spr\u00e1vy s\u00fa, \u017ee do z\u00e1kladnej zostavy sa m\u00f4\u017ee vr\u00e1ti\u0165 Branthwaite s Gueyem. Karty s\u00fa zabudnut\u00e9, ost\u00e1vaj\u00fa zranenia. Nevieme zatia\u013e ni\u010d konkr\u00e9tne oh\u013eadom Doucour\u00e9ho (hamstring) a Mykolenka (slabiny). Pre tento duel s\u00fa ot\u00e1zni. Coleman, Young a Alli by hra\u0165 nemali, Gomes ost\u00e1va hrate\u013enou z\u00e1hadou U21. Z t\u00e1bora host\u00ed hl\u00e1sia, \u017ee pripraven\u00fd nast\u00fapi\u0165 je Iwobi, ktor\u00fd nefiguroval v druhom kole za The Toffees, e\u0161te pred prestupom do FFC. Naopak, z\u00e1pas vynech\u00e1 Jim\u00e9nez pre \u010derven\u00fa kartu.<\/span><\/p>\n<h4><span style=\"font-size: 14pt;\">Dyche pred z\u00e1pasom:<\/span><\/h4>\n<blockquote><p><span style=\"font-size: 12pt;\"><em>\u201eD\u00e1vame veci dokopy. P\u00e1r hr\u00e1\u010dov sa n\u00e1m vr\u00e1ti z trestov. Zranenia n\u00e1s natiahli, ale ur\u010dite p\u00f4jdem s mentalitou vyhra\u0165 a postav\u00edm t\u00edm, ktor\u00e9mu ver\u00edm, \u017ee m\u00f4\u017ee vyhra\u0165. Samozrejme, je to aj dom\u00e1ci z\u00e1pas. Chceme, aby Goodison bur\u00e1cal, a chceme udr\u017ea\u0165 tempo. \u013dudia hovoria o v\u0161etk\u00fdch kluboch: \u201a\u00d3, pre\u010do sa nepok\u00fa\u0161ate vyhra\u0165 poh\u00e1r?\u2018 Je to zvl\u00e1\u0161tne. Ve\u010f sa nesna\u017e\u00edme poh\u00e1r prehra\u0165. Verte mi, sna\u017e\u00edme sa ho vyhra\u0165. Roky som sa sna\u017eil jeden vyhra\u0165. Ka\u017ed\u00fd sa sna\u017e\u00ed.\u201c<\/em><\/span><\/p><\/blockquote>\n<h3 style=\"text-align: center;\"><span style=\"font-size: 14pt; color: #3366ff;\"><em><strong>Up The Toffees !!!<\/strong><\/em><\/span><\/h3>\n<p><span style=\"font-size: 12pt;\"><strong>\u010co:<\/strong> Everton FC \u2013 Fulham FC, \u0161tvr\u0165fin\u00e1le Ligov\u00e9ho poh\u00e1ra<br \/>\n<strong>Kedy:<\/strong> 19.12. 2023 od 20:45 SE\u010c<br \/>\n<strong>Ako:<\/strong> iba streamy \u2013 Tipsport, totalsportek, reddit<br \/>\n<strong>Kde:<\/strong> Goodison Park \u2013 Goodison Rd, Liverpool L4 4EL (kapacita: 39 414)<br \/>\n<strong>Rozhodca:<\/strong> Graham Scott\u00a0 <strong>Asistenti:<\/strong> R. West, M. Wilkes\u00a0 <strong>\u0160tvrt\u00fd rozhodca:<\/strong> C. Pawson<\/span><\/p>\n","protected":false},"excerpt":{"rendered":"<p>Medzi najlep\u0161\u00edch \u0161tyroch v dom\u00e1cej s\u00fa\u0165a\u017ei \u010d\u00edslo tri m\u00f4\u017eeme post\u00fapi\u0165 len piatou v\u00fdhrou v rade. Protestova\u0165 proti tomu bude trio na\u0161ich ex \u2013 Silva, Iwobi a Robinson.<\/p>\n","protected":false},"author":1,"featured_media":14090,"comment_status":"open","ping_status":"closed","sticky":false,"template":"","format":"standard","meta":{"_eb_attr":"","_monsterinsights_skip_tracking":false,"_monsterinsights_sitenote_active":false,"_monsterinsights_sitenote_note":"","_monsterinsights_sitenote_category":0,"footnotes":""},"categories":[4],"tags":[],"yoast_head":"<!-- This site is optimized with the Yoast SEO plugin v23.4 - https:\/\/yoast.com\/wordpress\/plugins\/seo\/ -->\n<title>LC Preview: Everton \u2013 Fulham - Official Czech &amp; Slovak Everton Supporters&#039; Club<\/title>\n<meta name=\"robots\" content=\"index, follow, max-snippet:-1, max-image-preview:large, max-video-preview:-1\" \/>\n<link rel=\"canonical\" href=\"https:\/\/evertonfc.cz\/index.php\/2023\/12\/19\/lc-preview-everton-fulham\/\" \/>\n<meta property=\"og:locale\" content=\"cs_CZ\" \/>\n<meta property=\"og:type\" content=\"article\" \/>\n<meta property=\"og:title\" content=\"LC Preview: Everton \u2013 Fulham - Official Czech &amp; Slovak Everton Supporters&#039; Club\" \/>\n<meta property=\"og:description\" content=\"Medzi najlep\u0161\u00edch \u0161tyroch v dom\u00e1cej s\u00fa\u0165a\u017ei \u010d\u00edslo tri m\u00f4\u017eeme post\u00fapi\u0165 len piatou v\u00fdhrou v rade. Protestova\u0165 proti tomu bude trio na\u0161ich ex \u2013 Silva, Iwobi a Robinson.\" \/>\n<meta property=\"og:url\" content=\"https:\/\/evertonfc.cz\/index.php\/2023\/12\/19\/lc-preview-everton-fulham\/\" \/>\n<meta property=\"og:site_name\" content=\"Official Czech &amp; Slovak Everton Supporters&#039; Club\" \/>\n<meta property=\"article:publisher\" content=\"https:\/\/www.facebook.com\/everton.fans.cz.sk\" \/>\n<meta property=\"article:published_time\" content=\"2023-12-19T15:01:27+00:00\" \/>\n<meta property=\"article:modified_time\" content=\"2023-12-21T21:09:03+00:00\" \/>\n<meta property=\"og:image\" content=\"https:\/\/evertonfc.cz\/wp-content\/uploads\/2021\/02\/Everton-VS-Fulham.jpg\" \/>\n\t<meta property=\"og:image:width\" content=\"720\" \/>\n\t<meta property=\"og:image:height\" content=\"405\" \/>\n\t<meta property=\"og:image:type\" content=\"image\/jpeg\" \/>\n<meta name=\"author\" content=\"BlueBlooded\" \/>\n<meta name=\"twitter:card\" content=\"summary_large_image\" \/>\n<meta name=\"twitter:label1\" content=\"Napsal(a)\" \/>\n\t<meta name=\"twitter:data1\" content=\"BlueBlooded\" \/>\n\t<meta name=\"twitter:label2\" content=\"Odhadovan\u00e1 doba \u010dten\u00ed\" \/>\n\t<meta name=\"twitter:data2\" content=\"2 minuty\" \/>\n<script type=\"application\/ld+json\" class=\"yoast-schema-graph\">{\"@context\":\"https:\/\/schema.org\",\"@graph\":[{\"@type\":\"Article\",\"@id\":\"https:\/\/evertonfc.cz\/index.php\/2023\/12\/19\/lc-preview-everton-fulham\/#article\",\"isPartOf\":{\"@id\":\"https:\/\/evertonfc.cz\/index.php\/2023\/12\/19\/lc-preview-everton-fulham\/\"},\"author\":{\"name\":\"BlueBlooded\",\"@id\":\"https:\/\/evertonfc.cz\/#\/schema\/person\/d4493b8cbea51532597fbc4685698916\"},\"headline\":\"LC Preview: Everton \u2013 Fulham\",\"datePublished\":\"2023-12-19T15:01:27+00:00\",\"dateModified\":\"2023-12-21T21:09:03+00:00\",\"mainEntityOfPage\":{\"@id\":\"https:\/\/evertonfc.cz\/index.php\/2023\/12\/19\/lc-preview-everton-fulham\/\"},\"wordCount\":353,\"commentCount\":5,\"publisher\":{\"@id\":\"https:\/\/evertonfc.cz\/#organization\"},\"image\":{\"@id\":\"https:\/\/evertonfc.cz\/index.php\/2023\/12\/19\/lc-preview-everton-fulham\/#primaryimage\"},\"thumbnailUrl\":\"https:\/\/evertonfc.cz\/wp-content\/uploads\/2021\/02\/Everton-VS-Fulham.jpg\",\"articleSection\":[\"Z\u00e1pasy\"],\"inLanguage\":\"cs\",\"potentialAction\":[{\"@type\":\"CommentAction\",\"name\":\"Comment\",\"target\":[\"https:\/\/evertonfc.cz\/index.php\/2023\/12\/19\/lc-preview-everton-fulham\/#respond\"]}]},{\"@type\":\"WebPage\",\"@id\":\"https:\/\/evertonfc.cz\/index.php\/2023\/12\/19\/lc-preview-everton-fulham\/\",\"url\":\"https:\/\/evertonfc.cz\/index.php\/2023\/12\/19\/lc-preview-everton-fulham\/\",\"name\":\"LC Preview: Everton \u2013 Fulham - Official Czech &amp; Slovak Everton Supporters&#039; Club\",\"isPartOf\":{\"@id\":\"https:\/\/evertonfc.cz\/#website\"},\"primaryImageOfPage\":{\"@id\":\"https:\/\/evertonfc.cz\/index.php\/2023\/12\/19\/lc-preview-everton-fulham\/#primaryimage\"},\"image\":{\"@id\":\"https:\/\/evertonfc.cz\/index.php\/2023\/12\/19\/lc-preview-everton-fulham\/#primaryimage\"},\"thumbnailUrl\":\"https:\/\/evertonfc.cz\/wp-content\/uploads\/2021\/02\/Everton-VS-Fulham.jpg\",\"datePublished\":\"2023-12-19T15:01:27+00:00\",\"dateModified\":\"2023-12-21T21:09:03+00:00\",\"breadcrumb\":{\"@id\":\"https:\/\/evertonfc.cz\/index.php\/2023\/12\/19\/lc-preview-everton-fulham\/#breadcrumb\"},\"inLanguage\":\"cs\",\"potentialAction\":[{\"@type\":\"ReadAction\",\"target\":[\"https:\/\/evertonfc.cz\/index.php\/2023\/12\/19\/lc-preview-everton-fulham\/\"]}]},{\"@type\":\"ImageObject\",\"inLanguage\":\"cs\",\"@id\":\"https:\/\/evertonfc.cz\/index.php\/2023\/12\/19\/lc-preview-everton-fulham\/#primaryimage\",\"url\":\"https:\/\/evertonfc.cz\/wp-content\/uploads\/2021\/02\/Everton-VS-Fulham.jpg\",\"contentUrl\":\"https:\/\/evertonfc.cz\/wp-content\/uploads\/2021\/02\/Everton-VS-Fulham.jpg\",\"width\":720,\"height\":405},{\"@type\":\"BreadcrumbList\",\"@id\":\"https:\/\/evertonfc.cz\/index.php\/2023\/12\/19\/lc-preview-everton-fulham\/#breadcrumb\",\"itemListElement\":[{\"@type\":\"ListItem\",\"position\":1,\"name\":\"Home\",\"item\":\"https:\/\/evertonfc.cz\/\"},{\"@type\":\"ListItem\",\"position\":2,\"name\":\"LC Preview: Everton \u2013 Fulham\"}]},{\"@type\":\"WebSite\",\"@id\":\"https:\/\/evertonfc.cz\/#website\",\"url\":\"https:\/\/evertonfc.cz\/\",\"name\":\"Official Czech &amp; Slovak Everton Supporters&#039; Club\",\"description\":\"\",\"publisher\":{\"@id\":\"https:\/\/evertonfc.cz\/#organization\"},\"potentialAction\":[{\"@type\":\"SearchAction\",\"target\":{\"@type\":\"EntryPoint\",\"urlTemplate\":\"https:\/\/evertonfc.cz\/?s={search_term_string}\"},\"query-input\":{\"@type\":\"PropertyValueSpecification\",\"valueRequired\":true,\"valueName\":\"search_term_string\"}}],\"inLanguage\":\"cs\"},{\"@type\":\"Organization\",\"@id\":\"https:\/\/evertonfc.cz\/#organization\",\"name\":\"Official Czech & Slovak Everton Supporters' Club\",\"url\":\"https:\/\/evertonfc.cz\/\",\"logo\":{\"@type\":\"ImageObject\",\"inLanguage\":\"cs\",\"@id\":\"https:\/\/evertonfc.cz\/#\/schema\/logo\/image\/\",\"url\":\"https:\/\/evertonfc.cz\/wp-content\/uploads\/2019\/05\/logo.png\",\"contentUrl\":\"https:\/\/evertonfc.cz\/wp-content\/uploads\/2019\/05\/logo.png\",\"width\":112,\"height\":112,\"caption\":\"Official Czech & Slovak Everton Supporters' Club\"},\"image\":{\"@id\":\"https:\/\/evertonfc.cz\/#\/schema\/logo\/image\/\"},\"sameAs\":[\"https:\/\/www.facebook.com\/everton.fans.cz.sk\"]},{\"@type\":\"Person\",\"@id\":\"https:\/\/evertonfc.cz\/#\/schema\/person\/d4493b8cbea51532597fbc4685698916\",\"name\":\"BlueBlooded\",\"url\":\"https:\/\/evertonfc.cz\/index.php\/author\/admin\/\"}]}<\/script>\n<!-- \/ Yoast SEO plugin. -->","yoast_head_json":{"title":"LC Preview: Everton \u2013 Fulham - Official Czech &amp; Slovak Everton Supporters&#039; Club","robots":{"index":"index","follow":"follow","max-snippet":"max-snippet:-1","max-image-preview":"max-image-preview:large","max-video-preview":"max-video-preview:-1"},"canonical":"https:\/\/evertonfc.cz\/index.php\/2023\/12\/19\/lc-preview-everton-fulham\/","og_locale":"cs_CZ","og_type":"article","og_title":"LC Preview: Everton \u2013 Fulham - Official Czech &amp; Slovak Everton Supporters&#039; Club","og_description":"Medzi najlep\u0161\u00edch \u0161tyroch v dom\u00e1cej s\u00fa\u0165a\u017ei \u010d\u00edslo tri m\u00f4\u017eeme post\u00fapi\u0165 len piatou v\u00fdhrou v rade. Protestova\u0165 proti tomu bude trio na\u0161ich ex \u2013 Silva, Iwobi a Robinson.","og_url":"https:\/\/evertonfc.cz\/index.php\/2023\/12\/19\/lc-preview-everton-fulham\/","og_site_name":"Official Czech &amp; Slovak Everton Supporters&#039; Club","article_publisher":"https:\/\/www.facebook.com\/everton.fans.cz.sk","article_published_time":"2023-12-19T15:01:27+00:00","article_modified_time":"2023-12-21T21:09:03+00:00","og_image":[{"width":720,"height":405,"url":"https:\/\/evertonfc.cz\/wp-content\/uploads\/2021\/02\/Everton-VS-Fulham.jpg","type":"image\/jpeg"}],"author":"BlueBlooded","twitter_card":"summary_large_image","twitter_misc":{"Napsal(a)":"BlueBlooded","Odhadovan\u00e1 doba \u010dten\u00ed":"2 minuty"},"schema":{"@context":"https:\/\/schema.org","@graph":[{"@type":"Article","@id":"https:\/\/evertonfc.cz\/index.php\/2023\/12\/19\/lc-preview-everton-fulham\/#article","isPartOf":{"@id":"https:\/\/evertonfc.cz\/index.php\/2023\/12\/19\/lc-preview-everton-fulham\/"},"author":{"name":"BlueBlooded","@id":"https:\/\/evertonfc.cz\/#\/schema\/person\/d4493b8cbea51532597fbc4685698916"},"headline":"LC Preview: Everton \u2013 Fulham","datePublished":"2023-12-19T15:01:27+00:00","dateModified":"2023-12-21T21:09:03+00:00","mainEntityOfPage":{"@id":"https:\/\/evertonfc.cz\/index.php\/2023\/12\/19\/lc-preview-everton-fulham\/"},"wordCount":353,"commentCount":5,"publisher":{"@id":"https:\/\/evertonfc.cz\/#organization"},"image":{"@id":"https:\/\/evertonfc.cz\/index.php\/2023\/12\/19\/lc-preview-everton-fulham\/#primaryimage"},"thumbnailUrl":"https:\/\/evertonfc.cz\/wp-content\/uploads\/2021\/02\/Everton-VS-Fulham.jpg","articleSection":["Z\u00e1pasy"],"inLanguage":"cs","potentialAction":[{"@type":"CommentAction","name":"Comment","target":["https:\/\/evertonfc.cz\/index.php\/2023\/12\/19\/lc-preview-everton-fulham\/#respond"]}]},{"@type":"WebPage","@id":"https:\/\/evertonfc.cz\/index.php\/2023\/12\/19\/lc-preview-everton-fulham\/","url":"https:\/\/evertonfc.cz\/index.php\/2023\/12\/19\/lc-preview-everton-fulham\/","name":"LC Preview: Everton \u2013 Fulham - Official Czech &amp; Slovak Everton Supporters&#039; Club","isPartOf":{"@id":"https:\/\/evertonfc.cz\/#website"},"primaryImageOfPage":{"@id":"https:\/\/evertonfc.cz\/index.php\/2023\/12\/19\/lc-preview-everton-fulham\/#primaryimage"},"image":{"@id":"https:\/\/evertonfc.cz\/index.php\/2023\/12\/19\/lc-preview-everton-fulham\/#primaryimage"},"thumbnailUrl":"https:\/\/evertonfc.cz\/wp-content\/uploads\/2021\/02\/Everton-VS-Fulham.jpg","datePublished":"2023-12-19T15:01:27+00:00","dateModified":"2023-12-21T21:09:03+00:00","breadcrumb":{"@id":"https:\/\/evertonfc.cz\/index.php\/2023\/12\/19\/lc-preview-everton-fulham\/#breadcrumb"},"inLanguage":"cs","potentialAction":[{"@type":"ReadAction","target":["https:\/\/evertonfc.cz\/index.php\/2023\/12\/19\/lc-preview-everton-fulham\/"]}]},{"@type":"ImageObject","inLanguage":"cs","@id":"https:\/\/evertonfc.cz\/index.php\/2023\/12\/19\/lc-preview-everton-fulham\/#primaryimage","url":"https:\/\/evertonfc.cz\/wp-content\/uploads\/2021\/02\/Everton-VS-Fulham.jpg","contentUrl":"https:\/\/evertonfc.cz\/wp-content\/uploads\/2021\/02\/Everton-VS-Fulham.jpg","width":720,"height":405},{"@type":"BreadcrumbList","@id":"https:\/\/evertonfc.cz\/index.php\/2023\/12\/19\/lc-preview-everton-fulham\/#breadcrumb","itemListElement":[{"@type":"ListItem","position":1,"name":"Home","item":"https:\/\/evertonfc.cz\/"},{"@type":"ListItem","position":2,"name":"LC Preview: Everton \u2013 Fulham"}]},{"@type":"WebSite","@id":"https:\/\/evertonfc.cz\/#website","url":"https:\/\/evertonfc.cz\/","name":"Official Czech &amp; Slovak Everton Supporters&#039; Club","description":"","publisher":{"@id":"https:\/\/evertonfc.cz\/#organization"},"potentialAction":[{"@type":"SearchAction","target":{"@type":"EntryPoint","urlTemplate":"https:\/\/evertonfc.cz\/?s={search_term_string}"},"query-input":{"@type":"PropertyValueSpecification","valueRequired":true,"valueName":"search_term_string"}}],"inLanguage":"cs"},{"@type":"Organization","@id":"https:\/\/evertonfc.cz\/#organization","name":"Official Czech & Slovak Everton Supporters' Club","url":"https:\/\/evertonfc.cz\/","logo":{"@type":"ImageObject","inLanguage":"cs","@id":"https:\/\/evertonfc.cz\/#\/schema\/logo\/image\/","url":"https:\/\/evertonfc.cz\/wp-content\/uploads\/2019\/05\/logo.png","contentUrl":"https:\/\/evertonfc.cz\/wp-content\/uploads\/2019\/05\/logo.png","width":112,"height":112,"caption":"Official Czech & Slovak Everton Supporters' Club"},"image":{"@id":"https:\/\/evertonfc.cz\/#\/schema\/logo\/image\/"},"sameAs":["https:\/\/www.facebook.com\/everton.fans.cz.sk"]},{"@type":"Person","@id":"https:\/\/evertonfc.cz\/#\/schema\/person\/d4493b8cbea51532597fbc4685698916","name":"BlueBlooded","url":"https:\/\/evertonfc.cz\/index.php\/author\/admin\/"}]}},"_links":{"self":[{"href":"https:\/\/evertonfc.cz\/index.php\/wp-json\/wp\/v2\/posts\/23505"}],"collection":[{"href":"https:\/\/evertonfc.cz\/index.php\/wp-json\/wp\/v2\/posts"}],"about":[{"href":"https:\/\/evertonfc.cz\/index.php\/wp-json\/wp\/v2\/types\/post"}],"author":[{"embeddable":true,"href":"https:\/\/evertonfc.cz\/index.php\/wp-json\/wp\/v2\/users\/1"}],"replies":[{"embeddable":true,"href":"https:\/\/evertonfc.cz\/index.php\/wp-json\/wp\/v2\/comments?post=23505"}],"version-history":[{"count":2,"href":"https:\/\/evertonfc.cz\/index.php\/wp-json\/wp\/v2\/posts\/23505\/revisions"}],"predecessor-version":[{"id":23537,"href":"https:\/\/evertonfc.cz\/index.php\/wp-json\/wp\/v2\/posts\/23505\/revisions\/23537"}],"wp:featuredmedia":[{"embeddable":true,"href":"https:\/\/evertonfc.cz\/index.php\/wp-json\/wp\/v2\/media\/14090"}],"wp:attachment":[{"href":"https:\/\/evertonfc.cz\/index.php\/wp-json\/wp\/v2\/media?parent=23505"}],"wp:term":[{"taxonomy":"category","embeddable":true,"href":"https:\/\/evertonfc.cz\/index.php\/wp-json\/wp\/v2\/categories?post=23505"},{"taxonomy":"post_tag","embeddable":true,"href":"https:\/\/evertonfc.cz\/index.php\/wp-json\/wp\/v2\/tags?post=23505"}],"curies":[{"name":"wp","href":"https:\/\/api.w.org\/{rel}","templated":true}]}}