{"id":23509,"date":"2023-12-20T15:34:29","date_gmt":"2023-12-20T14:34:29","guid":{"rendered":"https:\/\/evertonfc.cz\/?p=23509"},"modified":"2023-12-21T20:57:45","modified_gmt":"2023-12-21T19:57:45","slug":"efl-cup-everton-fulham-11-na-pen-67","status":"publish","type":"post","link":"https:\/\/evertonfc.cz\/index.php\/2023\/12\/20\/efl-cup-everton-fulham-11-na-pen-67\/","title":{"rendered":"Everton &#8211; Fulham 1:1, na pen. 6:7"},"content":{"rendered":"<h4>Pov\u011bdom\u00e1 situace. Dobr\u00e1 forma, p\u0159\u00edv\u011btiv\u00fd los, \u010distka favorit\u016f, dom\u00e1c\u00ed podpora. Ligov\u00fd poh\u00e1r vypadal skoro na dosah, ale bylo to pouze m\u00e1men\u00ed, zapome\u0148te!<\/h4>\n<p>Ligov\u00fd poh\u00e1r je otlouk\u00e1nek mezi fotbalov\u00fdmi sout\u011b\u017eemi v anglick\u00e9 kopan\u00e9. Zpo\u010d\u00e1tku zcela otev\u0159en\u011b p\u0159ehl\u00ed\u017een\u00e1, v\u0161ak Everton po prvn\u00edm ro\u010dn\u00edku 6kr\u00e1t vynech\u00e1val, aby pak je\u0161t\u011b v sez\u00f3n\u011b 70\/71 dal p\u0159ednost sv\u00e9 \u00fa\u010dasti v PMEZ. To tak\u00e9 umo\u017enilo, \u017ee 5kr\u00e1t zv\u00edt\u011bzili t\u00fdmy mimo nejvy\u0161\u0161\u00ed sout\u011b\u017e (v FA Cupu se to stalo ale dokonce 8kr\u00e1t), dvakr\u00e1t se do fin\u00e1le dostal t\u00fdm ze \u010dtvrt\u00e9 ligy (Rochdale 1962, Bradford 2013).<\/p>\n<p>Everton tedy dlouho nebral sout\u011b\u017e v\u00e1\u017en\u011b. A\u017e zm\u011bna na konci 60. let, kter\u00e1 v\u00edt\u011bzi zaru\u010dovala \u00fa\u010dast v Poh\u00e1ru UEFA,<br \/>\na tak\u00e9 fin\u00e1le ve Wembley, pozvedla \u00farove\u0148 poh\u00e1ru. Pro Everton \u0161lo letos o 58. pokus o v\u00edt\u011bzstv\u00ed. Do \u010dtvrtfin\u00e1le to dot\u00e1hl pojeden\u00e1ct\u00e9, s t\u00edm, \u017ee bilance byla vyrovnan\u00e1 5:5. T\u011bch 5 postup\u016f se poda\u0159ilo prom\u011bnit ve 3 semifin\u00e1le a 2 fin\u00e1le, ale \u017e\u00e1dnou trofej.<\/p>\n<p>\u010ctvrtfin\u00e1le je vlastn\u011b honosn\u00e9 ozna\u010den\u00ed pro 5. kolo. Everton, jak v\u00edte, vstoupil spole\u010dn\u011b s\u00a0v\u011bt\u0161inou t\u00fdm\u016f z\u00a0EPL<br \/>\ndo 2. kola, z\u00e1stupci v\u00a0evropsk\u00fdch poh\u00e1rech a\u017e do 3. kola. Z\u00a0t\u00e9to osmi\u010dky se do semifin\u00e1le zcela jist\u011b pod\u00edv\u00e1 jedin\u00fd.<br \/>\nJak zn\u00e1mo, \u0159ada t\u00fdm\u016f do sout\u011b\u017ee nenasazuje to nejlep\u0161\u00ed, co m\u00e1 k dispozici. Tak\u017ee jde opravdu o druhou kolej, nicm\u00e9n\u011b po 28 letech \u010dek\u00e1n\u00ed na trofej je Ligov\u00fd poh\u00e1r pro Evertonians jak\u00fdmsi dostupn\u00fdm svat\u00fdm Gr\u00e1lem, je na dosah, ale z\u00e1rove\u0148 nedosa\u017eiteln\u00fd.<\/p>\n<h4>Prvn\u00ed polo\u010das<\/h4>\n<p>Po zdlouhav\u00e9m \u00favodu se vr\u00e1t\u00edm k z\u00e1pasu. V tom se toho popravd\u011b moc nestalo, tempo bylo pomalej\u0161\u00ed a oba t\u00fdmy se a\u017e tak dop\u0159edu nehrnuly. Odpus\u0165te mi, vn\u00edm\u00e1n\u00ed z\u00e1pasu mi zkreslil \u0161patn\u00fd a nestabiln\u00ed stream, kombinovan\u00fd s rozhlasov\u00fdm p\u0159enosem z ofici\u00e1ln\u00edho evertonsk\u00e9ho webu.<\/p>\n<p>Z\u00e1kladn\u00ed sestavu op\u011bt doplnili napraven\u00ed recidivisti Branthwaite a Gueye, ale trochu nezvykle. Branthwaite zam\u00ed\u0159il<br \/>\nna lev\u00fd kraj, Keane toti\u017e setrval ve st\u0159edu a sednout si \u0161el Godfrey. Gueye pak nahradil nejvysunut\u011bj\u0161\u00edho ze st\u0159edov\u00fdch hr\u00e1\u010d\u016f Doucour\u00e9ho, kter\u00fd je\u0161t\u011b nebyl zcela zdr\u00e1v a jeho\u017e m\u00edsto tedy zabral pro sebe Garner.<\/p>\n<p>Do prvn\u00ed zaj\u00edmav\u00e9 \u0161ance se dostal a\u017e ve 25. minut\u011b McNeil, jen\u017e z \u00fahlu po p\u0159ihr\u00e1vce Calverta-lewina m\u00ed\u0159il nad.<br \/>\nPo p\u016flhodin\u011b se vrhal hlavou do zakon\u010den\u00ed Branthwaite, ale pro Lena to nebyl t\u011b\u017ek\u00fd, by\u0165 jedin\u00fd brank\u00e1\u0159sk\u00fd z\u00e1krok, prvn\u00ed p\u016fle.<\/p>\n<p>Ve 40. minut\u011b dostal velmi p\u0159\u00edsnou \u017elutou kartu Michael Keane za faul p\u0159ed v\u00e1pnem, ale p\u0159\u00edm\u00fd kop se Willianovi moc nepovedl. Nane\u0161t\u011bst\u00ed ji\u017e za chvilku si pr\u00e1v\u011b Keane srazil Robinson\u016fv centr do vlastn\u00ed branky \u2013 <strong>0:1<\/strong>.<\/p>\n<h4>Druh\u00fd polo\u010das<\/h4>\n<p>V druh\u00e9 p\u016fli se Everton pokou\u0161el dohnat ztr\u00e1tu, ale dlouho se to neda\u0159ilo. Nejbl\u00ed\u017ee se dostal Harrison, st\u0159elou z dobr\u00fdch 25 metr\u016f ale m\u00ed\u0159il kousek vedle. Zm\u011bna nastala a\u017e se st\u0159\u00edd\u00e1n\u00edm, v 61. minut\u011b p\u0159i\u0161el Beto a v 72. Danjuma. Mezit\u00edm, a\u017e v 68. minut\u011b, p\u0159i\u0161la prvn\u00ed st\u0159ela na branku ze strany host\u00ed, nebyl to nikdo jin\u00fd ne\u017e Alex Iwobi, ale nic v\u00e1\u017en\u00e9ho. Kr\u00e1tce pot\u00e9 hrozilo vylou\u010den\u00ed Tetemu, kter\u00fd se \u017elutou kartou zahr\u00e1l \u00famysln\u011b rukou, ale rozhod\u010d\u00ed Graham Scott byl milosrdn\u00fd.<\/p>\n<p>Danjuma se tla\u010dil do zakon\u010den\u00ed, prvn\u00ed pokus byl zblokov\u00e1n. Sou\u010d\u00e1st\u00ed byl tak\u00e9 akce z 82. minuty. Nahr\u00e1l na penaltu Garnerovi, kter\u00fd ale p\u0159i st\u0159ele podklouzl, od Robinsona se m\u00ed\u010d odrazil do vzduchu, kde si ho na\u0161el Beto a trknul ho do branky \u2013 <strong>1:1<\/strong>. Toffees pak dokonce p\u016fsobili jako t\u00fdm s\u00a0v\u011bt\u0161\u00ed chut\u00ed vyhnout se penalt\u00e1m, ale Danjuma zbl\u00edzka volej neum\u00edstil mezi 3 ty\u010de. Fulham v\u00a0nastaven\u00ed tak\u00e9 m\u011bl n\u00e1znaky, ale na Pickforda nic nepro\u0161lo.<\/p>\n<h4>Penalty<\/h4>\n<p>V sou\u010dtu do\u0161lo pro Everton na 18. penaltov\u00fd rozst\u0159el, z p\u0159edchoz\u00edch byl \u00fasp\u011b\u0161n\u00fd jen 6kr\u00e1t. Napoprv\u00e9 to vy\u0161lo ve v\u00fd\u0161e zm\u00edn\u011bn\u00e9m ro\u010dn\u00edku 1970\/71 v PMEZ proti M\u00f6nchengladbachu (4:3) (<em>\u0161lo o \u00fapln\u011b prvn\u00ed rozst\u0159el v historii evropsk\u00fdch poh\u00e1r\u016f &#8211; pozn. reakce<\/em>). Naopak posledn\u00ed 3 rozst\u0159ely skon\u010dily zklam\u00e1n\u00edm.<\/p>\n<p>Tarkowski vyhr\u00e1l los a kopalo se proti Gwladys Street End. Prvn\u00ed st\u0159elci Evertonu (Beto, McNeil, Keane, Danjuma) m\u00ed\u0159ili a\u017e p\u0159ekvapiv\u011b dob\u0159e, na druhou stranu Pickford m\u011bl n\u011bkolikr\u00e1t k\u00a0\u00fasp\u011bchu bl\u00edzko, zejm\u00e9na proti Carneymu a Palhinhovi. V\u011bt\u0161ina Whites si tak\u00e9 neodpustila otravn\u00e9 cupit\u00e1n\u00ed, aby pak m\u00ed\u0159ili na Pickfordovu levou ruku. I p\u0159es v\u0161echnu snahu tam byla reprezenta\u010dn\u00ed jedni\u010dka Albionu pozd\u011b. A\u017e do 4. s\u00e9rie, kde drobn\u00fdmi kr\u016f\u010dky vystoupil z\u00a0p\u0159edepsan\u00e9 pozice na brankov\u00e9 \u010d\u00e1\u0159e a zne\u0161kodnil kop De Cordovy-Reida.<\/p>\n<p>Koment\u00e1tor Ian Snodin volal po Pickfordovi, jako\u017eto exekutorovi, nab\u00edzel se i druh\u00fd rozehr\u00e1va\u010d standardek Garner. Volba ale padla pro fin\u00e1ln\u00ed s\u00e9rii na Onanu, kter\u00fd zvolil kr\u00e1tk\u00fd rozb\u011bh a na Lena si nep\u0159i\u0161el. Vinicius nezav\u00e1hal a tak se pokra\u010dovalo d\u00e1le do n\u00e1hl\u00e9 smrti.<\/p>\n<p>Tarkowski a kone\u010dn\u011b Garner potvrdili chladnokrevnost, stejn\u011b se vedlo Tetemu s Robinsonem, kter\u00fd z toho fakt radost nem\u011bl. Osm\u00fdm exekutorem ze Everton byl Gueye, jen\u017ee svou ranou trefil ty\u010d, nav\u00edc Leno stranu odhadl spr\u00e1vn\u011b. Tosin pak op\u011bt prost\u0159elil Pickforda po jeho levici \u2013 <strong>6:7<\/strong>. Konec, Fulham to poprv\u00e9 dot\u00e1hl v\u00a0Ligov\u00e9m poh\u00e1ru do semifin\u00e1le.<\/p>\n<p><strong>Hr\u00e1\u010d z\u00e1pasu redakce:<\/strong> Beto (zaslou\u017e\u00ed si to i za tu p\u016flhodinku)<\/p>\n<p><strong>Branky<\/strong>: 82\u2018 Beto \u2013 40\u2018 Keane (vlastn\u00ed)\u00a0 <strong>\u017dlut\u00e9<\/strong> <strong>karty<\/strong>: 39\u2018 Keane, 50\u2018 Patterson \u2013 64\u2018 Tete, Pen\u2018 Leno<\/p>\n<p><strong>Everton<\/strong>: Pickford \u2013 Patterson, Keane, Tarkowski, Branthwaite \u2013 Harrison (72\u2018 Danjuma), Gueye, Onana, Garner, McNeil \u2013 Calvert-Lewin (61\u2018 Beto)<\/p>\n<p><strong>Fulham<\/strong>: Leno \u2013 Tete, Tosin, Bassey, Robinson \u2013 Wilson (77\u2018 De Cordova-Reid), Reed(77\u2018 Perreira), Iwobi (87\u2018 Diop), Palhinha, Willian (62\u2018 Carney) \u2013 Muniz (87\u2018 Vinicius)<\/p>\n<p><strong>Rozhod\u010d\u00ed<\/strong>: Graham Scott\u00a0 <strong>Div\u00e1k\u016f<\/strong>: 38 715<\/p>\n","protected":false},"excerpt":{"rendered":"<p>Pov\u011bdom\u00e1 situace. Dobr\u00e1 forma, p\u0159\u00edv\u011btiv\u00fd los, \u010distka favorit\u016f, domac\u00ed podpora. Ligov\u00fd poh\u00e1r vypadal skoro na dosah, ale bylo to jen m\u00e1men\u00ed, zapome\u0148te!<\/p>\n","protected":false},"author":10,"featured_media":23508,"comment_status":"open","ping_status":"closed","sticky":false,"template":"","format":"standard","meta":{"_eb_attr":"","_monsterinsights_skip_tracking":false,"_monsterinsights_sitenote_active":false,"_monsterinsights_sitenote_note":"","_monsterinsights_sitenote_category":0,"footnotes":""},"categories":[4],"tags":[],"yoast_head":"<!-- This site is optimized with the Yoast SEO plugin v23.4 - https:\/\/yoast.com\/wordpress\/plugins\/seo\/ -->\n<title>Everton - Fulham 1:1, na pen. 6:7 - Official Czech &amp; Slovak Everton Supporters&#039; Club<\/title>\n<meta name=\"robots\" content=\"index, follow, max-snippet:-1, max-image-preview:large, max-video-preview:-1\" \/>\n<link rel=\"canonical\" href=\"https:\/\/evertonfc.cz\/index.php\/2023\/12\/20\/efl-cup-everton-fulham-11-na-pen-67\/\" \/>\n<meta property=\"og:locale\" content=\"cs_CZ\" \/>\n<meta property=\"og:type\" content=\"article\" \/>\n<meta property=\"og:title\" content=\"Everton - Fulham 1:1, na pen. 6:7 - Official Czech &amp; Slovak Everton Supporters&#039; Club\" \/>\n<meta property=\"og:description\" content=\"Pov\u011bdom\u00e1 situace. Dobr\u00e1 forma, p\u0159\u00edv\u011btiv\u00fd los, \u010distka favorit\u016f, domac\u00ed podpora. Ligov\u00fd poh\u00e1r vypadal skoro na dosah, ale bylo to jen m\u00e1men\u00ed, zapome\u0148te!\" \/>\n<meta property=\"og:url\" content=\"https:\/\/evertonfc.cz\/index.php\/2023\/12\/20\/efl-cup-everton-fulham-11-na-pen-67\/\" \/>\n<meta property=\"og:site_name\" content=\"Official Czech &amp; Slovak Everton Supporters&#039; Club\" \/>\n<meta property=\"article:publisher\" content=\"https:\/\/www.facebook.com\/everton.fans.cz.sk\" \/>\n<meta property=\"article:published_time\" content=\"2023-12-20T14:34:29+00:00\" \/>\n<meta property=\"article:modified_time\" content=\"2023-12-21T19:57:45+00:00\" \/>\n<meta property=\"og:image\" content=\"https:\/\/evertonfc.cz\/wp-content\/uploads\/2023\/12\/ful_efl.jpg\" \/>\n\t<meta property=\"og:image:width\" content=\"720\" \/>\n\t<meta property=\"og:image:height\" content=\"405\" \/>\n\t<meta property=\"og:image:type\" content=\"image\/jpeg\" \/>\n<meta name=\"author\" content=\"Fip\" \/>\n<meta name=\"twitter:card\" content=\"summary_large_image\" \/>\n<meta name=\"twitter:label1\" content=\"Napsal(a)\" \/>\n\t<meta name=\"twitter:data1\" content=\"Fip\" \/>\n\t<meta name=\"twitter:label2\" content=\"Odhadovan\u00e1 doba \u010dten\u00ed\" \/>\n\t<meta name=\"twitter:data2\" content=\"5 minut\" \/>\n<script type=\"application\/ld+json\" class=\"yoast-schema-graph\">{\"@context\":\"https:\/\/schema.org\",\"@graph\":[{\"@type\":\"Article\",\"@id\":\"https:\/\/evertonfc.cz\/index.php\/2023\/12\/20\/efl-cup-everton-fulham-11-na-pen-67\/#article\",\"isPartOf\":{\"@id\":\"https:\/\/evertonfc.cz\/index.php\/2023\/12\/20\/efl-cup-everton-fulham-11-na-pen-67\/\"},\"author\":{\"name\":\"Fip\",\"@id\":\"https:\/\/evertonfc.cz\/#\/schema\/person\/35904009755e8eaa0dc1a5f5f0419002\"},\"headline\":\"Everton &#8211; Fulham 1:1, na pen. 6:7\",\"datePublished\":\"2023-12-20T14:34:29+00:00\",\"dateModified\":\"2023-12-21T19:57:45+00:00\",\"mainEntityOfPage\":{\"@id\":\"https:\/\/evertonfc.cz\/index.php\/2023\/12\/20\/efl-cup-everton-fulham-11-na-pen-67\/\"},\"wordCount\":1050,\"commentCount\":2,\"publisher\":{\"@id\":\"https:\/\/evertonfc.cz\/#organization\"},\"image\":{\"@id\":\"https:\/\/evertonfc.cz\/index.php\/2023\/12\/20\/efl-cup-everton-fulham-11-na-pen-67\/#primaryimage\"},\"thumbnailUrl\":\"https:\/\/evertonfc.cz\/wp-content\/uploads\/2023\/12\/ful_efl.jpg\",\"articleSection\":[\"Z\u00e1pasy\"],\"inLanguage\":\"cs\",\"potentialAction\":[{\"@type\":\"CommentAction\",\"name\":\"Comment\",\"target\":[\"https:\/\/evertonfc.cz\/index.php\/2023\/12\/20\/efl-cup-everton-fulham-11-na-pen-67\/#respond\"]}]},{\"@type\":\"WebPage\",\"@id\":\"https:\/\/evertonfc.cz\/index.php\/2023\/12\/20\/efl-cup-everton-fulham-11-na-pen-67\/\",\"url\":\"https:\/\/evertonfc.cz\/index.php\/2023\/12\/20\/efl-cup-everton-fulham-11-na-pen-67\/\",\"name\":\"Everton - Fulham 1:1, na pen. 6:7 - Official Czech &amp; Slovak Everton Supporters&#039; Club\",\"isPartOf\":{\"@id\":\"https:\/\/evertonfc.cz\/#website\"},\"primaryImageOfPage\":{\"@id\":\"https:\/\/evertonfc.cz\/index.php\/2023\/12\/20\/efl-cup-everton-fulham-11-na-pen-67\/#primaryimage\"},\"image\":{\"@id\":\"https:\/\/evertonfc.cz\/index.php\/2023\/12\/20\/efl-cup-everton-fulham-11-na-pen-67\/#primaryimage\"},\"thumbnailUrl\":\"https:\/\/evertonfc.cz\/wp-content\/uploads\/2023\/12\/ful_efl.jpg\",\"datePublished\":\"2023-12-20T14:34:29+00:00\",\"dateModified\":\"2023-12-21T19:57:45+00:00\",\"breadcrumb\":{\"@id\":\"https:\/\/evertonfc.cz\/index.php\/2023\/12\/20\/efl-cup-everton-fulham-11-na-pen-67\/#breadcrumb\"},\"inLanguage\":\"cs\",\"potentialAction\":[{\"@type\":\"ReadAction\",\"target\":[\"https:\/\/evertonfc.cz\/index.php\/2023\/12\/20\/efl-cup-everton-fulham-11-na-pen-67\/\"]}]},{\"@type\":\"ImageObject\",\"inLanguage\":\"cs\",\"@id\":\"https:\/\/evertonfc.cz\/index.php\/2023\/12\/20\/efl-cup-everton-fulham-11-na-pen-67\/#primaryimage\",\"url\":\"https:\/\/evertonfc.cz\/wp-content\/uploads\/2023\/12\/ful_efl.jpg\",\"contentUrl\":\"https:\/\/evertonfc.cz\/wp-content\/uploads\/2023\/12\/ful_efl.jpg\",\"width\":720,\"height\":405},{\"@type\":\"BreadcrumbList\",\"@id\":\"https:\/\/evertonfc.cz\/index.php\/2023\/12\/20\/efl-cup-everton-fulham-11-na-pen-67\/#breadcrumb\",\"itemListElement\":[{\"@type\":\"ListItem\",\"position\":1,\"name\":\"Home\",\"item\":\"https:\/\/evertonfc.cz\/\"},{\"@type\":\"ListItem\",\"position\":2,\"name\":\"Everton &#8211; Fulham 1:1, na pen. 6:7\"}]},{\"@type\":\"WebSite\",\"@id\":\"https:\/\/evertonfc.cz\/#website\",\"url\":\"https:\/\/evertonfc.cz\/\",\"name\":\"Official Czech &amp; Slovak Everton Supporters&#039; Club\",\"description\":\"\",\"publisher\":{\"@id\":\"https:\/\/evertonfc.cz\/#organization\"},\"potentialAction\":[{\"@type\":\"SearchAction\",\"target\":{\"@type\":\"EntryPoint\",\"urlTemplate\":\"https:\/\/evertonfc.cz\/?s={search_term_string}\"},\"query-input\":{\"@type\":\"PropertyValueSpecification\",\"valueRequired\":true,\"valueName\":\"search_term_string\"}}],\"inLanguage\":\"cs\"},{\"@type\":\"Organization\",\"@id\":\"https:\/\/evertonfc.cz\/#organization\",\"name\":\"Official Czech & Slovak Everton Supporters' Club\",\"url\":\"https:\/\/evertonfc.cz\/\",\"logo\":{\"@type\":\"ImageObject\",\"inLanguage\":\"cs\",\"@id\":\"https:\/\/evertonfc.cz\/#\/schema\/logo\/image\/\",\"url\":\"https:\/\/evertonfc.cz\/wp-content\/uploads\/2019\/05\/logo.png\",\"contentUrl\":\"https:\/\/evertonfc.cz\/wp-content\/uploads\/2019\/05\/logo.png\",\"width\":112,\"height\":112,\"caption\":\"Official Czech & Slovak Everton Supporters' Club\"},\"image\":{\"@id\":\"https:\/\/evertonfc.cz\/#\/schema\/logo\/image\/\"},\"sameAs\":[\"https:\/\/www.facebook.com\/everton.fans.cz.sk\"]},{\"@type\":\"Person\",\"@id\":\"https:\/\/evertonfc.cz\/#\/schema\/person\/35904009755e8eaa0dc1a5f5f0419002\",\"name\":\"Fip\",\"url\":\"https:\/\/evertonfc.cz\/index.php\/author\/fip\/\"}]}<\/script>\n<!-- \/ Yoast SEO plugin. -->","yoast_head_json":{"title":"Everton - Fulham 1:1, na pen. 6:7 - Official Czech &amp; Slovak Everton Supporters&#039; Club","robots":{"index":"index","follow":"follow","max-snippet":"max-snippet:-1","max-image-preview":"max-image-preview:large","max-video-preview":"max-video-preview:-1"},"canonical":"https:\/\/evertonfc.cz\/index.php\/2023\/12\/20\/efl-cup-everton-fulham-11-na-pen-67\/","og_locale":"cs_CZ","og_type":"article","og_title":"Everton - Fulham 1:1, na pen. 6:7 - Official Czech &amp; Slovak Everton Supporters&#039; Club","og_description":"Pov\u011bdom\u00e1 situace. Dobr\u00e1 forma, p\u0159\u00edv\u011btiv\u00fd los, \u010distka favorit\u016f, domac\u00ed podpora. Ligov\u00fd poh\u00e1r vypadal skoro na dosah, ale bylo to jen m\u00e1men\u00ed, zapome\u0148te!","og_url":"https:\/\/evertonfc.cz\/index.php\/2023\/12\/20\/efl-cup-everton-fulham-11-na-pen-67\/","og_site_name":"Official Czech &amp; Slovak Everton Supporters&#039; Club","article_publisher":"https:\/\/www.facebook.com\/everton.fans.cz.sk","article_published_time":"2023-12-20T14:34:29+00:00","article_modified_time":"2023-12-21T19:57:45+00:00","og_image":[{"width":720,"height":405,"url":"https:\/\/evertonfc.cz\/wp-content\/uploads\/2023\/12\/ful_efl.jpg","type":"image\/jpeg"}],"author":"Fip","twitter_card":"summary_large_image","twitter_misc":{"Napsal(a)":"Fip","Odhadovan\u00e1 doba \u010dten\u00ed":"5 minut"},"schema":{"@context":"https:\/\/schema.org","@graph":[{"@type":"Article","@id":"https:\/\/evertonfc.cz\/index.php\/2023\/12\/20\/efl-cup-everton-fulham-11-na-pen-67\/#article","isPartOf":{"@id":"https:\/\/evertonfc.cz\/index.php\/2023\/12\/20\/efl-cup-everton-fulham-11-na-pen-67\/"},"author":{"name":"Fip","@id":"https:\/\/evertonfc.cz\/#\/schema\/person\/35904009755e8eaa0dc1a5f5f0419002"},"headline":"Everton &#8211; Fulham 1:1, na pen. 6:7","datePublished":"2023-12-20T14:34:29+00:00","dateModified":"2023-12-21T19:57:45+00:00","mainEntityOfPage":{"@id":"https:\/\/evertonfc.cz\/index.php\/2023\/12\/20\/efl-cup-everton-fulham-11-na-pen-67\/"},"wordCount":1050,"commentCount":2,"publisher":{"@id":"https:\/\/evertonfc.cz\/#organization"},"image":{"@id":"https:\/\/evertonfc.cz\/index.php\/2023\/12\/20\/efl-cup-everton-fulham-11-na-pen-67\/#primaryimage"},"thumbnailUrl":"https:\/\/evertonfc.cz\/wp-content\/uploads\/2023\/12\/ful_efl.jpg","articleSection":["Z\u00e1pasy"],"inLanguage":"cs","potentialAction":[{"@type":"CommentAction","name":"Comment","target":["https:\/\/evertonfc.cz\/index.php\/2023\/12\/20\/efl-cup-everton-fulham-11-na-pen-67\/#respond"]}]},{"@type":"WebPage","@id":"https:\/\/evertonfc.cz\/index.php\/2023\/12\/20\/efl-cup-everton-fulham-11-na-pen-67\/","url":"https:\/\/evertonfc.cz\/index.php\/2023\/12\/20\/efl-cup-everton-fulham-11-na-pen-67\/","name":"Everton - Fulham 1:1, na pen. 6:7 - Official Czech &amp; Slovak Everton Supporters&#039; Club","isPartOf":{"@id":"https:\/\/evertonfc.cz\/#website"},"primaryImageOfPage":{"@id":"https:\/\/evertonfc.cz\/index.php\/2023\/12\/20\/efl-cup-everton-fulham-11-na-pen-67\/#primaryimage"},"image":{"@id":"https:\/\/evertonfc.cz\/index.php\/2023\/12\/20\/efl-cup-everton-fulham-11-na-pen-67\/#primaryimage"},"thumbnailUrl":"https:\/\/evertonfc.cz\/wp-content\/uploads\/2023\/12\/ful_efl.jpg","datePublished":"2023-12-20T14:34:29+00:00","dateModified":"2023-12-21T19:57:45+00:00","breadcrumb":{"@id":"https:\/\/evertonfc.cz\/index.php\/2023\/12\/20\/efl-cup-everton-fulham-11-na-pen-67\/#breadcrumb"},"inLanguage":"cs","potentialAction":[{"@type":"ReadAction","target":["https:\/\/evertonfc.cz\/index.php\/2023\/12\/20\/efl-cup-everton-fulham-11-na-pen-67\/"]}]},{"@type":"ImageObject","inLanguage":"cs","@id":"https:\/\/evertonfc.cz\/index.php\/2023\/12\/20\/efl-cup-everton-fulham-11-na-pen-67\/#primaryimage","url":"https:\/\/evertonfc.cz\/wp-content\/uploads\/2023\/12\/ful_efl.jpg","contentUrl":"https:\/\/evertonfc.cz\/wp-content\/uploads\/2023\/12\/ful_efl.jpg","width":720,"height":405},{"@type":"BreadcrumbList","@id":"https:\/\/evertonfc.cz\/index.php\/2023\/12\/20\/efl-cup-everton-fulham-11-na-pen-67\/#breadcrumb","itemListElement":[{"@type":"ListItem","position":1,"name":"Home","item":"https:\/\/evertonfc.cz\/"},{"@type":"ListItem","position":2,"name":"Everton &#8211; Fulham 1:1, na pen. 6:7"}]},{"@type":"WebSite","@id":"https:\/\/evertonfc.cz\/#website","url":"https:\/\/evertonfc.cz\/","name":"Official Czech &amp; Slovak Everton Supporters&#039; Club","description":"","publisher":{"@id":"https:\/\/evertonfc.cz\/#organization"},"potentialAction":[{"@type":"SearchAction","target":{"@type":"EntryPoint","urlTemplate":"https:\/\/evertonfc.cz\/?s={search_term_string}"},"query-input":{"@type":"PropertyValueSpecification","valueRequired":true,"valueName":"search_term_string"}}],"inLanguage":"cs"},{"@type":"Organization","@id":"https:\/\/evertonfc.cz\/#organization","name":"Official Czech & Slovak Everton Supporters' Club","url":"https:\/\/evertonfc.cz\/","logo":{"@type":"ImageObject","inLanguage":"cs","@id":"https:\/\/evertonfc.cz\/#\/schema\/logo\/image\/","url":"https:\/\/evertonfc.cz\/wp-content\/uploads\/2019\/05\/logo.png","contentUrl":"https:\/\/evertonfc.cz\/wp-content\/uploads\/2019\/05\/logo.png","width":112,"height":112,"caption":"Official Czech & Slovak Everton Supporters' Club"},"image":{"@id":"https:\/\/evertonfc.cz\/#\/schema\/logo\/image\/"},"sameAs":["https:\/\/www.facebook.com\/everton.fans.cz.sk"]},{"@type":"Person","@id":"https:\/\/evertonfc.cz\/#\/schema\/person\/35904009755e8eaa0dc1a5f5f0419002","name":"Fip","url":"https:\/\/evertonfc.cz\/index.php\/author\/fip\/"}]}},"_links":{"self":[{"href":"https:\/\/evertonfc.cz\/index.php\/wp-json\/wp\/v2\/posts\/23509"}],"collection":[{"href":"https:\/\/evertonfc.cz\/index.php\/wp-json\/wp\/v2\/posts"}],"about":[{"href":"https:\/\/evertonfc.cz\/index.php\/wp-json\/wp\/v2\/types\/post"}],"author":[{"embeddable":true,"href":"https:\/\/evertonfc.cz\/index.php\/wp-json\/wp\/v2\/users\/10"}],"replies":[{"embeddable":true,"href":"https:\/\/evertonfc.cz\/index.php\/wp-json\/wp\/v2\/comments?post=23509"}],"version-history":[{"count":7,"href":"https:\/\/evertonfc.cz\/index.php\/wp-json\/wp\/v2\/posts\/23509\/revisions"}],"predecessor-version":[{"id":23536,"href":"https:\/\/evertonfc.cz\/index.php\/wp-json\/wp\/v2\/posts\/23509\/revisions\/23536"}],"wp:featuredmedia":[{"embeddable":true,"href":"https:\/\/evertonfc.cz\/index.php\/wp-json\/wp\/v2\/media\/23508"}],"wp:attachment":[{"href":"https:\/\/evertonfc.cz\/index.php\/wp-json\/wp\/v2\/media?parent=23509"}],"wp:term":[{"taxonomy":"category","embeddable":true,"href":"https:\/\/evertonfc.cz\/index.php\/wp-json\/wp\/v2\/categories?post=23509"},{"taxonomy":"post_tag","embeddable":true,"href":"https:\/\/evertonfc.cz\/index.php\/wp-json\/wp\/v2\/tags?post=23509"}],"curies":[{"name":"wp","href":"https:\/\/api.w.org\/{rel}","templated":true}]}}