{"id":23516,"date":"2023-12-22T13:00:29","date_gmt":"2023-12-22T12:00:29","guid":{"rendered":"https:\/\/evertonfc.cz\/?p=23516"},"modified":"2023-12-23T12:00:03","modified_gmt":"2023-12-23T11:00:03","slug":"everton-w-manchester-city-w-14","status":"publish","type":"post","link":"https:\/\/evertonfc.cz\/index.php\/2023\/12\/22\/everton-w-manchester-city-w-14\/","title":{"rendered":"Everton W &#8211; Manchester City W 1:4"},"content":{"rendered":"<h4>10. ligov\u00e9 kolo p\u0159ineslo n\u011bkolik p\u0159ekvapen\u00ed: MUTD prohr\u00e1ly s LFC a Spurs historicky poprv\u00e9 udolaly Gunners. Byla tu tedy ur\u010dit\u00e1 nad\u011bje, \u017ee i n\u00e1m by se snad mohlo poda\u0159it p\u0159ekvapit favorita a vydolovat n\u011bjak\u00fd ten bod\u00edk z utk\u00e1n\u00ed se City. Bohu\u017eel se tato nad\u011bje uk\u00e1zala jako lich\u00e1.<\/h4>\n<p>Posledn\u00ed z\u00e1pas podzimn\u00ed poloviny sez\u00f3ny proti jednomu z na\u0161ich pravideln\u00fdch nemilosrdn\u00fdch ni\u010ditel\u016f byl je\u0161t\u011b oko\u0159en\u011bn rozlou\u010den\u00edm s Nicoline S\u00f8rensen. \u017de to bude n\u00e1ro\u010dn\u00fd z\u00e1pas i pro nervy fanou\u0161k\u016f bylo u\u017e p\u0159edem jasn\u00e9. A bylo to opravdu tak.<\/p>\n<h4><strong>Prvn\u00ed polovina<\/strong><\/h4>\n<p>za\u010dala t\u00e9m\u011b\u0159 snov\u011b. Se City jsme dr\u017eeli krok a Piemonte p\u00e1r minut po za\u010d\u00e1tku dokonce m\u011bla mo\u017enost otev\u0159\u00edt sk\u00f3re. N\u011bjak\u00fdm z\u00e1hadn\u00fdm zp\u016fsobem ale po dob\u0159e zahran\u00e9m rohu pohrdla mo\u017enost\u00ed st\u0159elit g\u00f3l a z cca 1 metru nap\u00e1lila m\u00ed\u010d do hostuj\u00edc\u00ed brank\u00e1\u0159ky. Kr\u00e1tce nato Sara Holmgaard ve v\u00e1pn\u011b srazila k zemi unikaj\u00edc\u00ed Hemp a byla z toho penalta. K t\u00e9 se postavila Shaw a ke v\u0161eobecn\u00e9mu p\u0159ekvapen\u00ed Brosnan jej\u00ed pokus vyrazila! To v\u016fbec nevypadalo \u0161patn\u011b. Jen\u017ee u\u017e za minutu pot\u00e9 se v\u011bci vr\u00e1tily do star\u00fdch kolej\u00ed. Citizens si pohr\u00e1ly s na\u0161\u00ed obranou a Shaw od\u010dinila p\u0159edchoz\u00ed ne\u00fasp\u011bch a s p\u0159ehledem p\u0159elobovala vyb\u011bhnuv\u0161\u00ed Brosnan &#8211; <strong>0:1<\/strong>. Obdr\u017een\u00fd g\u00f3l (jak u\u017e to tak b\u00fdv\u00e1) obraz hry zm\u011bnil. Za\u010dalo se hr\u00e1t p\u0159ev\u00e1\u017en\u011b na jednu branku, a to sice (jak u\u017e to tak b\u00fdv\u00e1) na tu na\u0161\u00ed. Na\u0161e brank\u00e1\u0159ka se sice \u010dinila, ale po p\u0159\u00edzemn\u00ed st\u0159ele Shaw z 22. minuty se natahovala marn\u011b &#8211; <strong>0:2<\/strong>. A aby toho nebylo m\u00e1lo, v 25. minut\u011b minut\u011b se obdobn\u00e1 situace prakticky p\u0159es kop\u00edr\u00e1k zopakovala a Roord p\u0159idala g\u00f3l dal\u0161\u00ed &#8211; <strong>0:3<\/strong>. T\u0159\u00edgolov\u00e1 sekera n\u00e1s p\u0159eci jen vybudila k \u00fasp\u011b\u0161n\u011bj\u0161\u00ed snaze o vyrovn\u00e1n\u00ed hry. Snoeijs se st\u0159elou z d\u00e1lky je\u0161t\u011b p\u0159ed polo\u010dasem pokusila sn\u00ed\u017eit, ale Keating v brance soupe\u0159ek byla pozorn\u00e1.<\/p>\n<h4><strong>Druh\u00e1 polovina\u00a0<\/strong><\/h4>\n<p>Po zm\u011bn\u011b stran se d\u011bn\u00ed na h\u0159i\u0161ti nezm\u011bnilo: Citizens n\u00e1s i nad\u00e1le dr\u017eely pod krkem. O to p\u0159ekvapiv\u011bj\u0161\u00ed byla ud\u00e1lost z 55. minuty, kdy se p\u0159i jedn\u00e9 z na\u0161ich sporadick\u00fdch \u00fato\u010dn\u00fdch akc\u00ed odkut\u00e1lel odra\u017een\u00fd m\u00ed\u010d ke Galli, kter\u00e1 zpoza v\u00e1pna jagielskovsk\u00fdm stylem poslala merunu za z\u00e1da Keating &#8211; <strong>1:3<\/strong>. Nejv\u00edce byla g\u00f3lem asi p\u0159ekvapena sama jeho st\u0159elkyn\u011b. Ale v ka\u017ed\u00e9m p\u0159\u00edpad\u011b to byla st\u0159ela moc p\u011bkn\u00e1. Vzk\u0159\u00ed\u0161en\u00e1 nad\u011bje na kontaktn\u00ed g\u00f3l vzala pom\u011brn\u011b rychle za sv\u00e9 v 65. minut\u011b, ve kter\u00e9 se Shaw poda\u0159ilo zkompletovat hattrick hlavi\u010dkou v p\u00e1du &#8211; <strong>1:4<\/strong>. A v\u0161e se vr\u00e1tilo do star\u00fdch kolej\u00ed&#8230; Ovace za\u017eil Walton Hall Park v 86. minut\u011b z\u00e1pasu, kdy ze h\u0159i\u0161t\u011b ode\u0161la nejprve do z\u00e1mez\u00ed a pak d\u00e1le do praktick\u00e9ho \u017eivota Nico S\u00f8rensen. Na jej\u00ed m\u00edsto na tr\u00e1vn\u00edku p\u0159ib\u011bhla Bissell. V\u0161eobecn\u00e9 st\u0159\u00edd\u00e1n\u00ed ani na jedn\u00e9 stran\u011b obraz hry v\u00fdrazn\u011bji nezm\u011bnilo a sk\u00f3re z\u016fstalo stejn\u00e9 i p\u0159es p\u011btiminutov\u00e9 prodlou\u017een\u00ed.<\/p>\n<h4>Shrnut\u00ed<\/h4>\n<p>Je to depresivn\u00ed ps\u00e1t st\u00e1le znovu a znovu, ale na soupe\u0159e takov\u00e9hoto typu prost\u011b bohu\u017eel nem\u00e1me. Sebemen\u0161\u00ed individu\u00e1ln\u00ed zav\u00e1h\u00e1n\u00ed nebo nep\u0159esnost v p\u0159ihr\u00e1vce (ani jednoho nebylo pr\u00e1v\u011b m\u00e1lo) je okam\u017eit\u011b trest\u00e1no. Bennison s Galli v centru z\u00e1lohy m\u011bly tvo\u0159it hru. Zat\u00edmco Bennison v tom byla relativn\u011b \u00fasp\u011b\u0161n\u00e1, Yaya pod tlakem Sky Blues vysloven\u011b trp\u011bla. Na \u010dem\u017e nic nezm\u011bnil ani v\u00fdstavn\u00ed g\u00f3l. Ne\u00fasp\u011bch ov\u0161em nelze shodit jen na jej\u00ed bedra. Solidnost\u00ed v obran\u011b nevynikala ani Wheeler, ani Holmgaard, p\u0159es jejich\u017e stranu se Citizens dost\u00e1valy nep\u0159\u00edjemn\u011b snadno dop\u0159edu. A tak d\u00e1le, a tak d\u00e1le&#8230; Prohra n\u00e1s pevn\u011bji usadila na 7. m\u00edsto tabulky, kde se n\u00e1m vzd\u00e1lily 6. Spurs o \u010dty\u0159i body a na z\u00e1tylek n\u00e1m\u00a0 o jeden bod fun\u00ed Foxes. City se posunulo na druh\u00e9 m\u00edsto. Zimn\u00ed p\u0159est\u00e1vka pro n\u00e1s bude trvat a\u017e do 13. ledna, kdy vstoup\u00edme do FA Cup (letos pod hlavi\u010dkou Adobe) utk\u00e1n\u00edm s Villou (na\u0161t\u011bst\u00ed Aston, nikoliv Pancho). Ligov\u00fd z\u00e1pas bude o t\u00fdden pozd\u011bji, kdy n\u00e1s \u010dek\u00e1 vysoce pravd\u011bpodobn\u011b dal\u0161\u00ed tradi\u010dn\u00ed debakl &#8211; utk\u00e1n\u00ed s Arsenalem. Ale to nen\u00ed nic, co by Evertoniana mohlo rozhodit. U\u017eijte si V\u00e1noce i zimn\u00ed fotbalovou p\u0159est\u00e1vku&#8230; and stay tuned! <strong><span style=\"color: #0000ff; --darkreader-inline-color: #3d3db6;\" data-darkreader-inline-color=\"\">COYB!<\/span><\/strong><\/p>\n<p style=\"text-align: right;\"><span style=\"font-size: 8pt;\"><em>Fotografie: Lou\u010den\u00ed se S\u00f8rensen (zdroj GettyImages via royalbluemersey.sbnation.com)<\/em><\/span><\/p>\n<p><strong>Branky:<\/strong> Shaw (9\u00b4, 22\u00b4, 65\u00b4), Roord (25\u00b4) &#8211; Galli (56\u00b4) <strong>\u017dK: <\/strong>S. Holmgaard, Payne &#8211; Kelly<\/p>\n<p><strong>Everton (3-4-1-2):<\/strong> Brosnan; <span class=\"sp-c-lineup-pitch__player\" data-reactid=\".fb7q08lcko.0.0.0.1.$include-23.0.0.1:$panel-0.$0.0.0.0.2.0.0.1:$home-formation-row-1.$home-player-0\"><span class=\"sp-c-lineup-pitch__player__name gs-u-display-block@xs \" data-reactid=\".fb7q08lcko.0.0.0.1.$include-23.0.0.1:$panel-0.$0.0.0.0.2.0.0.1:$home-formation-row-1.$home-player-0.1\">Bj\u00f6rn, <\/span><\/span><span class=\"sp-c-lineup-pitch__player\" data-reactid=\".fb7q08lcko.0.0.0.1.$include-23.0.0.1:$panel-0.$0.0.0.0.2.0.0.1:$home-formation-row-1.$home-player-1\"><span class=\"sp-c-lineup-pitch__player__name gs-u-display-block@xs \" data-reactid=\".fb7q08lcko.0.0.0.1.$include-23.0.0.1:$panel-0.$0.0.0.0.2.0.0.1:$home-formation-row-1.$home-player-1.1\">Finniga, S. <\/span><\/span><span class=\"sp-c-lineup-pitch__player\" data-reactid=\".fb7q08lcko.0.0.0.1.$include-23.0.0.1:$panel-0.$0.0.0.0.2.0.0.1:$home-formation-row-1.$home-player-2\"><span class=\"sp-c-lineup-pitch__player__name gs-u-display-block@xs \" data-reactid=\".fb7q08lcko.0.0.0.1.$include-23.0.0.1:$panel-0.$0.0.0.0.2.0.0.1:$home-formation-row-1.$home-player-2.1\">Holmgaard; Payne, Bennison (Campbell 76\u00b4), Galli, Wheeler; S\u00f8rensen (Bissell 86\u00b4) Snoeijs (Duggan 76\u00b4), Piemonte (Olesen 60\u00b4)<\/span><\/span><\/p>\n<p><strong>City (4-2-3-1):\u00a0<\/strong>Keating; <span class=\"sp-c-lineup-pitch__player\" data-reactid=\".fb7q08lcko.0.0.0.1.$include-23.0.0.1:$panel-0.$0.0.0.1.2.0.0.1:$away-formation-row-1.$away-player-0\"><span class=\"sp-c-lineup-pitch__player__name gs-u-display-block@xs \" data-reactid=\".fb7q08lcko.0.0.0.1.$include-23.0.0.1:$panel-0.$0.0.0.1.2.0.0.1:$away-formation-row-1.$away-player-0.1\">Casparij (Houghton 73\u00b4), <\/span><\/span><span class=\"sp-c-lineup-pitch__player\" data-reactid=\".fb7q08lcko.0.0.0.1.$include-23.0.0.1:$panel-0.$0.0.0.1.2.0.0.1:$away-formation-row-1.$away-player-1\"><span class=\"sp-c-lineup-pitch__player__name gs-u-display-block@xs \" data-reactid=\".fb7q08lcko.0.0.0.1.$include-23.0.0.1:$panel-0.$0.0.0.1.2.0.0.1:$away-formation-row-1.$away-player-1.1\">Aleixandri (Morgan 45\u00b4), <\/span><\/span><span class=\"sp-c-lineup-pitch__player\" data-reactid=\".fb7q08lcko.0.0.0.1.$include-23.0.0.1:$panel-0.$0.0.0.1.2.0.0.1:$away-formation-row-1.$away-player-2\"><span class=\"sp-c-lineup-pitch__player__name gs-u-display-block@xs \" data-reactid=\".fb7q08lcko.0.0.0.1.$include-23.0.0.1:$panel-0.$0.0.0.1.2.0.0.1:$away-formation-row-1.$away-player-2.1\">Greenwood, <\/span><\/span><span class=\"sp-c-lineup-pitch__player\" data-reactid=\".fb7q08lcko.0.0.0.1.$include-23.0.0.1:$panel-0.$0.0.0.1.2.0.0.1:$away-formation-row-1.$away-player-3\"><span class=\"sp-c-lineup-pitch__player__name gs-u-display-block@xs \" data-reactid=\".fb7q08lcko.0.0.0.1.$include-23.0.0.1:$panel-0.$0.0.0.1.2.0.0.1:$away-formation-row-1.$away-player-3.1\">Ouahabi; Hasegawa (Mace 77\u00b4), Coomb (Park 74\u00b4); Hemp, Roord, Kelly; Shaw (Fowler 74\u00b4)<\/span><\/span><\/p>\n<p><strong>Rozhod\u010d\u00ed:<\/strong> Stacey Pearson <strong>Div\u00e1ci:<\/strong> 1167 <strong>Hr\u00e1\u010dka z\u00e1pasu:<\/strong> Hanna Bennison<\/p>\n<p><iframe loading=\"lazy\" title=\"HIGHLIGHTS! BUNNY HAT-TRICK SEES CITY EXTEND WINNING RUN | Everton 1-4 Man City | WSL\" width=\"1140\" height=\"641\" src=\"https:\/\/www.youtube.com\/embed\/euQzrvB_Nkg?feature=oembed\" frameborder=\"0\" allow=\"accelerometer; autoplay; clipboard-write; encrypted-media; gyroscope; picture-in-picture; web-share\" allowfullscreen><\/iframe><\/p>\n","protected":false},"excerpt":{"rendered":"<p>10. ligov\u00e9 kolo p\u0159ineslo n\u011bkolik p\u0159ekvapen\u00ed: MUTD prohr\u00e1ly s LFC a Spurs historicky poprv\u00e9 udolaly Gunners. Byla tu tedy ur\u010dit\u00e1 nad\u011bje, \u017ee i n\u00e1m by se snad mohlo poda\u0159it p\u0159ekvapit favorita a vydolovat n\u011bjak\u00fd ten bod\u00edk z utk\u00e1n\u00ed se City. Bohu\u017eel se tato nad\u011bje uk\u00e1zala jako lich\u00e1.<\/p>\n","protected":false},"author":26,"featured_media":23521,"comment_status":"open","ping_status":"closed","sticky":false,"template":"","format":"standard","meta":{"_eb_attr":"","_monsterinsights_skip_tracking":false,"_monsterinsights_sitenote_active":false,"_monsterinsights_sitenote_note":"","_monsterinsights_sitenote_category":0,"footnotes":""},"categories":[110],"tags":[],"yoast_head":"<!-- This site is optimized with the Yoast SEO plugin v23.4 - https:\/\/yoast.com\/wordpress\/plugins\/seo\/ -->\n<title>Everton W - Manchester City W 1:4 - Official Czech &amp; Slovak Everton Supporters&#039; Club<\/title>\n<meta name=\"robots\" content=\"index, follow, max-snippet:-1, max-image-preview:large, max-video-preview:-1\" \/>\n<link rel=\"canonical\" href=\"https:\/\/evertonfc.cz\/index.php\/2023\/12\/22\/everton-w-manchester-city-w-14\/\" \/>\n<meta property=\"og:locale\" content=\"cs_CZ\" \/>\n<meta property=\"og:type\" content=\"article\" \/>\n<meta property=\"og:title\" content=\"Everton W - Manchester City W 1:4 - Official Czech &amp; Slovak Everton Supporters&#039; Club\" \/>\n<meta property=\"og:description\" content=\"10. ligov\u00e9 kolo p\u0159ineslo n\u011bkolik p\u0159ekvapen\u00ed: MUTD prohr\u00e1ly s LFC a Spurs historicky poprv\u00e9 udolaly Gunners. Byla tu tedy ur\u010dit\u00e1 nad\u011bje, \u017ee i n\u00e1m by se snad mohlo poda\u0159it p\u0159ekvapit favorita a vydolovat n\u011bjak\u00fd ten bod\u00edk z utk\u00e1n\u00ed se City. Bohu\u017eel se tato nad\u011bje uk\u00e1zala jako lich\u00e1.\" \/>\n<meta property=\"og:url\" content=\"https:\/\/evertonfc.cz\/index.php\/2023\/12\/22\/everton-w-manchester-city-w-14\/\" \/>\n<meta property=\"og:site_name\" content=\"Official Czech &amp; Slovak Everton Supporters&#039; Club\" \/>\n<meta property=\"article:publisher\" content=\"https:\/\/www.facebook.com\/everton.fans.cz.sk\" \/>\n<meta property=\"article:published_time\" content=\"2023-12-22T12:00:29+00:00\" \/>\n<meta property=\"article:modified_time\" content=\"2023-12-23T11:00:03+00:00\" \/>\n<meta property=\"og:image\" content=\"https:\/\/evertonfc.cz\/wp-content\/uploads\/2023\/12\/Sorensen-odchazi-web-17_12_2023.jpg\" \/>\n\t<meta property=\"og:image:width\" content=\"720\" \/>\n\t<meta property=\"og:image:height\" content=\"405\" \/>\n\t<meta property=\"og:image:type\" content=\"image\/jpeg\" \/>\n<meta name=\"author\" content=\"Karamela\" \/>\n<meta name=\"twitter:card\" content=\"summary_large_image\" \/>\n<meta name=\"twitter:label1\" content=\"Napsal(a)\" \/>\n\t<meta name=\"twitter:data1\" content=\"Karamela\" \/>\n\t<meta name=\"twitter:label2\" content=\"Odhadovan\u00e1 doba \u010dten\u00ed\" \/>\n\t<meta name=\"twitter:data2\" content=\"5 minut\" \/>\n<script type=\"application\/ld+json\" class=\"yoast-schema-graph\">{\"@context\":\"https:\/\/schema.org\",\"@graph\":[{\"@type\":\"Article\",\"@id\":\"https:\/\/evertonfc.cz\/index.php\/2023\/12\/22\/everton-w-manchester-city-w-14\/#article\",\"isPartOf\":{\"@id\":\"https:\/\/evertonfc.cz\/index.php\/2023\/12\/22\/everton-w-manchester-city-w-14\/\"},\"author\":{\"name\":\"Karamela\",\"@id\":\"https:\/\/evertonfc.cz\/#\/schema\/person\/e9a24a80a32efa1344dd2c4e5882185c\"},\"headline\":\"Everton W &#8211; Manchester City W 1:4\",\"datePublished\":\"2023-12-22T12:00:29+00:00\",\"dateModified\":\"2023-12-23T11:00:03+00:00\",\"mainEntityOfPage\":{\"@id\":\"https:\/\/evertonfc.cz\/index.php\/2023\/12\/22\/everton-w-manchester-city-w-14\/\"},\"wordCount\":934,\"commentCount\":0,\"publisher\":{\"@id\":\"https:\/\/evertonfc.cz\/#organization\"},\"image\":{\"@id\":\"https:\/\/evertonfc.cz\/index.php\/2023\/12\/22\/everton-w-manchester-city-w-14\/#primaryimage\"},\"thumbnailUrl\":\"https:\/\/evertonfc.cz\/wp-content\/uploads\/2023\/12\/Sorensen-odchazi-web-17_12_2023.jpg\",\"articleSection\":[\"Everton Women\"],\"inLanguage\":\"cs\",\"potentialAction\":[{\"@type\":\"CommentAction\",\"name\":\"Comment\",\"target\":[\"https:\/\/evertonfc.cz\/index.php\/2023\/12\/22\/everton-w-manchester-city-w-14\/#respond\"]}]},{\"@type\":\"WebPage\",\"@id\":\"https:\/\/evertonfc.cz\/index.php\/2023\/12\/22\/everton-w-manchester-city-w-14\/\",\"url\":\"https:\/\/evertonfc.cz\/index.php\/2023\/12\/22\/everton-w-manchester-city-w-14\/\",\"name\":\"Everton W - Manchester City W 1:4 - Official Czech &amp; Slovak Everton Supporters&#039; Club\",\"isPartOf\":{\"@id\":\"https:\/\/evertonfc.cz\/#website\"},\"primaryImageOfPage\":{\"@id\":\"https:\/\/evertonfc.cz\/index.php\/2023\/12\/22\/everton-w-manchester-city-w-14\/#primaryimage\"},\"image\":{\"@id\":\"https:\/\/evertonfc.cz\/index.php\/2023\/12\/22\/everton-w-manchester-city-w-14\/#primaryimage\"},\"thumbnailUrl\":\"https:\/\/evertonfc.cz\/wp-content\/uploads\/2023\/12\/Sorensen-odchazi-web-17_12_2023.jpg\",\"datePublished\":\"2023-12-22T12:00:29+00:00\",\"dateModified\":\"2023-12-23T11:00:03+00:00\",\"breadcrumb\":{\"@id\":\"https:\/\/evertonfc.cz\/index.php\/2023\/12\/22\/everton-w-manchester-city-w-14\/#breadcrumb\"},\"inLanguage\":\"cs\",\"potentialAction\":[{\"@type\":\"ReadAction\",\"target\":[\"https:\/\/evertonfc.cz\/index.php\/2023\/12\/22\/everton-w-manchester-city-w-14\/\"]}]},{\"@type\":\"ImageObject\",\"inLanguage\":\"cs\",\"@id\":\"https:\/\/evertonfc.cz\/index.php\/2023\/12\/22\/everton-w-manchester-city-w-14\/#primaryimage\",\"url\":\"https:\/\/evertonfc.cz\/wp-content\/uploads\/2023\/12\/Sorensen-odchazi-web-17_12_2023.jpg\",\"contentUrl\":\"https:\/\/evertonfc.cz\/wp-content\/uploads\/2023\/12\/Sorensen-odchazi-web-17_12_2023.jpg\",\"width\":720,\"height\":405},{\"@type\":\"BreadcrumbList\",\"@id\":\"https:\/\/evertonfc.cz\/index.php\/2023\/12\/22\/everton-w-manchester-city-w-14\/#breadcrumb\",\"itemListElement\":[{\"@type\":\"ListItem\",\"position\":1,\"name\":\"Home\",\"item\":\"https:\/\/evertonfc.cz\/\"},{\"@type\":\"ListItem\",\"position\":2,\"name\":\"Everton W &#8211; Manchester City W 1:4\"}]},{\"@type\":\"WebSite\",\"@id\":\"https:\/\/evertonfc.cz\/#website\",\"url\":\"https:\/\/evertonfc.cz\/\",\"name\":\"Official Czech &amp; Slovak Everton Supporters&#039; Club\",\"description\":\"\",\"publisher\":{\"@id\":\"https:\/\/evertonfc.cz\/#organization\"},\"potentialAction\":[{\"@type\":\"SearchAction\",\"target\":{\"@type\":\"EntryPoint\",\"urlTemplate\":\"https:\/\/evertonfc.cz\/?s={search_term_string}\"},\"query-input\":{\"@type\":\"PropertyValueSpecification\",\"valueRequired\":true,\"valueName\":\"search_term_string\"}}],\"inLanguage\":\"cs\"},{\"@type\":\"Organization\",\"@id\":\"https:\/\/evertonfc.cz\/#organization\",\"name\":\"Official Czech & Slovak Everton Supporters' Club\",\"url\":\"https:\/\/evertonfc.cz\/\",\"logo\":{\"@type\":\"ImageObject\",\"inLanguage\":\"cs\",\"@id\":\"https:\/\/evertonfc.cz\/#\/schema\/logo\/image\/\",\"url\":\"https:\/\/evertonfc.cz\/wp-content\/uploads\/2019\/05\/logo.png\",\"contentUrl\":\"https:\/\/evertonfc.cz\/wp-content\/uploads\/2019\/05\/logo.png\",\"width\":112,\"height\":112,\"caption\":\"Official Czech & Slovak Everton Supporters' Club\"},\"image\":{\"@id\":\"https:\/\/evertonfc.cz\/#\/schema\/logo\/image\/\"},\"sameAs\":[\"https:\/\/www.facebook.com\/everton.fans.cz.sk\"]},{\"@type\":\"Person\",\"@id\":\"https:\/\/evertonfc.cz\/#\/schema\/person\/e9a24a80a32efa1344dd2c4e5882185c\",\"name\":\"Karamela\",\"url\":\"https:\/\/evertonfc.cz\/index.php\/author\/karamela\/\"}]}<\/script>\n<!-- \/ Yoast SEO plugin. -->","yoast_head_json":{"title":"Everton W - Manchester City W 1:4 - Official Czech &amp; Slovak Everton Supporters&#039; Club","robots":{"index":"index","follow":"follow","max-snippet":"max-snippet:-1","max-image-preview":"max-image-preview:large","max-video-preview":"max-video-preview:-1"},"canonical":"https:\/\/evertonfc.cz\/index.php\/2023\/12\/22\/everton-w-manchester-city-w-14\/","og_locale":"cs_CZ","og_type":"article","og_title":"Everton W - Manchester City W 1:4 - Official Czech &amp; Slovak Everton Supporters&#039; Club","og_description":"10. ligov\u00e9 kolo p\u0159ineslo n\u011bkolik p\u0159ekvapen\u00ed: MUTD prohr\u00e1ly s LFC a Spurs historicky poprv\u00e9 udolaly Gunners. Byla tu tedy ur\u010dit\u00e1 nad\u011bje, \u017ee i n\u00e1m by se snad mohlo poda\u0159it p\u0159ekvapit favorita a vydolovat n\u011bjak\u00fd ten bod\u00edk z utk\u00e1n\u00ed se City. Bohu\u017eel se tato nad\u011bje uk\u00e1zala jako lich\u00e1.","og_url":"https:\/\/evertonfc.cz\/index.php\/2023\/12\/22\/everton-w-manchester-city-w-14\/","og_site_name":"Official Czech &amp; Slovak Everton Supporters&#039; Club","article_publisher":"https:\/\/www.facebook.com\/everton.fans.cz.sk","article_published_time":"2023-12-22T12:00:29+00:00","article_modified_time":"2023-12-23T11:00:03+00:00","og_image":[{"width":720,"height":405,"url":"https:\/\/evertonfc.cz\/wp-content\/uploads\/2023\/12\/Sorensen-odchazi-web-17_12_2023.jpg","type":"image\/jpeg"}],"author":"Karamela","twitter_card":"summary_large_image","twitter_misc":{"Napsal(a)":"Karamela","Odhadovan\u00e1 doba \u010dten\u00ed":"5 minut"},"schema":{"@context":"https:\/\/schema.org","@graph":[{"@type":"Article","@id":"https:\/\/evertonfc.cz\/index.php\/2023\/12\/22\/everton-w-manchester-city-w-14\/#article","isPartOf":{"@id":"https:\/\/evertonfc.cz\/index.php\/2023\/12\/22\/everton-w-manchester-city-w-14\/"},"author":{"name":"Karamela","@id":"https:\/\/evertonfc.cz\/#\/schema\/person\/e9a24a80a32efa1344dd2c4e5882185c"},"headline":"Everton W &#8211; Manchester City W 1:4","datePublished":"2023-12-22T12:00:29+00:00","dateModified":"2023-12-23T11:00:03+00:00","mainEntityOfPage":{"@id":"https:\/\/evertonfc.cz\/index.php\/2023\/12\/22\/everton-w-manchester-city-w-14\/"},"wordCount":934,"commentCount":0,"publisher":{"@id":"https:\/\/evertonfc.cz\/#organization"},"image":{"@id":"https:\/\/evertonfc.cz\/index.php\/2023\/12\/22\/everton-w-manchester-city-w-14\/#primaryimage"},"thumbnailUrl":"https:\/\/evertonfc.cz\/wp-content\/uploads\/2023\/12\/Sorensen-odchazi-web-17_12_2023.jpg","articleSection":["Everton Women"],"inLanguage":"cs","potentialAction":[{"@type":"CommentAction","name":"Comment","target":["https:\/\/evertonfc.cz\/index.php\/2023\/12\/22\/everton-w-manchester-city-w-14\/#respond"]}]},{"@type":"WebPage","@id":"https:\/\/evertonfc.cz\/index.php\/2023\/12\/22\/everton-w-manchester-city-w-14\/","url":"https:\/\/evertonfc.cz\/index.php\/2023\/12\/22\/everton-w-manchester-city-w-14\/","name":"Everton W - Manchester City W 1:4 - Official Czech &amp; Slovak Everton Supporters&#039; Club","isPartOf":{"@id":"https:\/\/evertonfc.cz\/#website"},"primaryImageOfPage":{"@id":"https:\/\/evertonfc.cz\/index.php\/2023\/12\/22\/everton-w-manchester-city-w-14\/#primaryimage"},"image":{"@id":"https:\/\/evertonfc.cz\/index.php\/2023\/12\/22\/everton-w-manchester-city-w-14\/#primaryimage"},"thumbnailUrl":"https:\/\/evertonfc.cz\/wp-content\/uploads\/2023\/12\/Sorensen-odchazi-web-17_12_2023.jpg","datePublished":"2023-12-22T12:00:29+00:00","dateModified":"2023-12-23T11:00:03+00:00","breadcrumb":{"@id":"https:\/\/evertonfc.cz\/index.php\/2023\/12\/22\/everton-w-manchester-city-w-14\/#breadcrumb"},"inLanguage":"cs","potentialAction":[{"@type":"ReadAction","target":["https:\/\/evertonfc.cz\/index.php\/2023\/12\/22\/everton-w-manchester-city-w-14\/"]}]},{"@type":"ImageObject","inLanguage":"cs","@id":"https:\/\/evertonfc.cz\/index.php\/2023\/12\/22\/everton-w-manchester-city-w-14\/#primaryimage","url":"https:\/\/evertonfc.cz\/wp-content\/uploads\/2023\/12\/Sorensen-odchazi-web-17_12_2023.jpg","contentUrl":"https:\/\/evertonfc.cz\/wp-content\/uploads\/2023\/12\/Sorensen-odchazi-web-17_12_2023.jpg","width":720,"height":405},{"@type":"BreadcrumbList","@id":"https:\/\/evertonfc.cz\/index.php\/2023\/12\/22\/everton-w-manchester-city-w-14\/#breadcrumb","itemListElement":[{"@type":"ListItem","position":1,"name":"Home","item":"https:\/\/evertonfc.cz\/"},{"@type":"ListItem","position":2,"name":"Everton W &#8211; Manchester City W 1:4"}]},{"@type":"WebSite","@id":"https:\/\/evertonfc.cz\/#website","url":"https:\/\/evertonfc.cz\/","name":"Official Czech &amp; Slovak Everton Supporters&#039; Club","description":"","publisher":{"@id":"https:\/\/evertonfc.cz\/#organization"},"potentialAction":[{"@type":"SearchAction","target":{"@type":"EntryPoint","urlTemplate":"https:\/\/evertonfc.cz\/?s={search_term_string}"},"query-input":{"@type":"PropertyValueSpecification","valueRequired":true,"valueName":"search_term_string"}}],"inLanguage":"cs"},{"@type":"Organization","@id":"https:\/\/evertonfc.cz\/#organization","name":"Official Czech & Slovak Everton Supporters' Club","url":"https:\/\/evertonfc.cz\/","logo":{"@type":"ImageObject","inLanguage":"cs","@id":"https:\/\/evertonfc.cz\/#\/schema\/logo\/image\/","url":"https:\/\/evertonfc.cz\/wp-content\/uploads\/2019\/05\/logo.png","contentUrl":"https:\/\/evertonfc.cz\/wp-content\/uploads\/2019\/05\/logo.png","width":112,"height":112,"caption":"Official Czech & Slovak Everton Supporters' Club"},"image":{"@id":"https:\/\/evertonfc.cz\/#\/schema\/logo\/image\/"},"sameAs":["https:\/\/www.facebook.com\/everton.fans.cz.sk"]},{"@type":"Person","@id":"https:\/\/evertonfc.cz\/#\/schema\/person\/e9a24a80a32efa1344dd2c4e5882185c","name":"Karamela","url":"https:\/\/evertonfc.cz\/index.php\/author\/karamela\/"}]}},"_links":{"self":[{"href":"https:\/\/evertonfc.cz\/index.php\/wp-json\/wp\/v2\/posts\/23516"}],"collection":[{"href":"https:\/\/evertonfc.cz\/index.php\/wp-json\/wp\/v2\/posts"}],"about":[{"href":"https:\/\/evertonfc.cz\/index.php\/wp-json\/wp\/v2\/types\/post"}],"author":[{"embeddable":true,"href":"https:\/\/evertonfc.cz\/index.php\/wp-json\/wp\/v2\/users\/26"}],"replies":[{"embeddable":true,"href":"https:\/\/evertonfc.cz\/index.php\/wp-json\/wp\/v2\/comments?post=23516"}],"version-history":[{"count":12,"href":"https:\/\/evertonfc.cz\/index.php\/wp-json\/wp\/v2\/posts\/23516\/revisions"}],"predecessor-version":[{"id":23552,"href":"https:\/\/evertonfc.cz\/index.php\/wp-json\/wp\/v2\/posts\/23516\/revisions\/23552"}],"wp:featuredmedia":[{"embeddable":true,"href":"https:\/\/evertonfc.cz\/index.php\/wp-json\/wp\/v2\/media\/23521"}],"wp:attachment":[{"href":"https:\/\/evertonfc.cz\/index.php\/wp-json\/wp\/v2\/media?parent=23516"}],"wp:term":[{"taxonomy":"category","embeddable":true,"href":"https:\/\/evertonfc.cz\/index.php\/wp-json\/wp\/v2\/categories?post=23516"},{"taxonomy":"post_tag","embeddable":true,"href":"https:\/\/evertonfc.cz\/index.php\/wp-json\/wp\/v2\/tags?post=23516"}],"curies":[{"name":"wp","href":"https:\/\/api.w.org\/{rel}","templated":true}]}}