{"id":2354,"date":"2017-10-22T21:39:52","date_gmt":"2017-10-22T19:39:52","guid":{"rendered":"http:\/\/evertonfc.cz\/?p=2354"},"modified":"2019-02-06T19:51:52","modified_gmt":"2019-02-06T18:51:52","slug":"everton-arsenal-25","status":"publish","type":"post","link":"https:\/\/evertonfc.cz\/index.php\/2017\/10\/22\/everton-arsenal-25\/","title":{"rendered":"Everton &#8211; Arsenal 2:5"},"content":{"rendered":"\n<h2 class=\"wp-block-heading\">P\u011btig\u00f3lov\u00fd p\u0159\u00edd\u011bl od kanon\u00fdr\u016f z\u0159ejm\u011b uzav\u0159el Koemanovo p\u016fsoben\u00ed v klubu. Bude to ozn\u00e1meno dnes nebo a\u017e v pond\u011bl\u00ed?<\/h2>\n\n\n\n<p>Arsenal tentokr\u00e1t nastoupil v \u010dern\u00fdch dresech, dom\u00e1c\u00ed kontrovali za\u0159azen\u00edm Kennyho do z\u00e1kladn\u00ed sestavy a hrou na dva \u00fato\u010dn\u00edky.<\/p>\n\n\n\n<p>Hned v prvn\u00ed \u0161anci z\u00e1pasu m\u011bli dom\u00e1c\u00ed \u0161t\u011bst\u00ed &#8211; Ramsey si nab\u011bhl za obranu a m\u00ed\u0159il hezky, ale t\u011bsn\u011b vedle vzd\u00e1len\u011bj\u0161\u00ed ty\u010de. S\u00e1nchez z dal\u0161\u00ed p\u0159\u00edle\u017eitosti vyt\u011b\u017eil roh, n\u00e1sledn\u011b musel Pickford zas\u00e1hnout proti st\u0159ele Lacazetta. Prvn\u00ed g\u00f3l utk\u00e1n\u00ed tak byl m\u00edrn\u00fdm p\u0159ekvapen\u00edm, proto\u017ee ho vst\u0159elili dom\u00e1c\u00ed. Gana z\u00edskal m\u00ed\u010d na Xhakovi, ten se dostal k Rooneymu a v\u0161ichni v\u00edme, \u017ee st\u0159ely zpoza v\u00e1pna proti Arsenalu doma um\u00ed &#8211;&nbsp;<strong>1:0!&nbsp;<\/strong>N\u00e1sledn\u011b m\u011bl \u010cech \u0161t\u011bst\u00ed, \u017ee nep\u0159i\u0161el o m\u00ed\u010d p\u0159i rozehr\u00e1vce. Po dost\u00e1n\u00ed se do veden\u00ed se Everton zat\u00e1hl, vyrovnat zkou\u0161eli Lacazette a S\u00e1nchez, ale ne\u00fasp\u011b\u0161n\u011b. Rooney se n\u00e1sledn\u011b sna\u017eil na g\u00f3l p\u0159ihr\u00e1t, ale jeho nab\u00eddkami Sigurdsson a Calvert-Lewin pohrdli. P\u0159esto ale host\u00e9 zatla\u010dili a vynutili si aspo\u0148 \u017elut\u00e9 karty na Ganovi a Williamsovi. Everton veden\u00ed do polo\u010dasu neudr\u017eel. M\u00ed\u010d se po st\u0159ele z cca 25 metr\u016f a vyra\u017een\u00ed Pickforda dostal p\u0159\u00edmo p\u0159ed Monreala, kter\u00fd ho hned z prvn\u00ed vr\u00e1til do kysny &#8211;&nbsp;<strong>1:1.&nbsp;<\/strong>Brank\u00e1\u0159 n\u00e1sledn\u011b je\u0161t\u011b musel zakro\u010dit proti S\u00e1nchezovi, aby se \u0161lo do kabin aspo\u0148 za nerozhodn\u00e9ho stavu.<\/p>\n\n\n\n<p>Na za\u010d\u00e1tku druh\u00e9 p\u016fle Davies vyst\u0159\u00eddal Williamse. To ale veden\u00ed Arsenalu nezabr\u00e1nilo. Centr S\u00e1ncheze zleva a hlavi\u010dka \u00d6zila &#8211;&nbsp;<strong>1:2.&nbsp;<\/strong>Host\u00e9 pokra\u010dovali v tlaku a v \u0161anc\u00edch, Ramsey na\u0161t\u011bst\u00ed nap\u00e1lil volej nad branku. Pot\u00e9 se utk\u00e1n\u00ed asi zlomilo. Gana byl vylou\u010den za druhou \u017elutou kartu po \u0161lap\u00e1ku a nebude tak hr\u00e1t ve st\u0159edu ligov\u00fd poh\u00e1r na Chelsea. O p\u011bt minut pozd\u011bji toho Arsenal vyu\u017eil ke zv\u00fd\u0161en\u00ed n\u00e1skoku, \u00d6zilovu p\u0159\u00edhru zprava uklidil do s\u00edt\u011b z prvn\u00ed Lacazette &#8211;&nbsp;<strong>1:3.&nbsp;<\/strong>Po \u010dty\u0159ech st\u0159\u00edd\u00e1n\u00edch (Rooney a Calvert-Lewin ven, Lookman a Niass\u00e9 dovnit\u0159, za hosty si ode\u0161li odpo\u010dinout \u00d6zil a Lacazette, nahradili je Wilshere a Coquelin) zat\u0159\u00e1sla st\u0159ela Xhaky b\u0159evnem. \u010cist\u00e9 disciplin\u00e1rn\u00ed konto Arsenal neudr\u017eel, \u017elutou kartu dostal Koscielny. A tak\u00e9 div\u00e1ci vid\u011bli dal\u0161\u00ed branky. Ramseyho p\u011bkn\u011b do \u0161ance vyslal Wilshere a vel\u0161sk\u00fd z\u00e1lo\u017en\u00edk se nem\u00fdlil &#8211;&nbsp;<strong>1:4.&nbsp;<\/strong>Jednu branku je\u0161t\u011b vst\u0159elil i Everton &#8211; Niass\u00e9 vystihl Monrealovu malou dol\u016f \u010cechovi a po obehr\u00e1n\u00ed brank\u00e1\u0159e vs\u00edtil do pr\u00e1dn\u00e9 branky &#8211;&nbsp;<strong>2:4.&nbsp;<\/strong>Posledn\u00ed g\u00f3lov\u00e9 slovo ale m\u011bl S\u00e1nchez. Ten si symptomaticky vychutnal b\u011bhem po \u010d\u00e1\u0159e velk\u00e9ho v\u00e1pna p\u016flku Evertonu a prost\u0159elil Pickforda k\u0159\u00ed\u017enou st\u0159elou &#8211;&nbsp;<strong>2:5.<\/strong><\/p>\n\n\n\n<p><strong>Branky:<\/strong>&nbsp;12. Rooney, 90+3. Niass\u00e9 \u2013 40. Monreal, 53. \u00d6zil, 74. Lacazette, 90. Ramsey, 90+5. Alexis S\u00e1nchez<\/p>\n\n\n\n<p><strong>\u017dK:&nbsp;<\/strong>16. Williams, 34. Gana &#8211;&nbsp;86. Koscielny<\/p>\n\n\n\n<p><strong>\u010cK:&nbsp;<\/strong>69. Gana<\/p>\n\n\n\n<p><strong>Everton FC:<\/strong>&nbsp;Pickford \u2013 Keane, Jagielka, Williams (46. Davies) \u2013 Gana, Kenny, Sigurdsson, Vla\u0161i\u0107, Baines \u2013 Rooney (75. Lookman), Calvert-Lewin (76. Niass\u00e9)<\/p>\n\n\n\n<p><strong>Arsenal FC:<\/strong>&nbsp;\u010cech \u2013 Koscielny, Mertesacker, Monreal, Beller\u00edn \u2013 Ramsey, Xhaka, Kola\u0161inac, \u00d6zil (82. Coquelin) \u2013 Alexis S\u00e1nchez, Lacazette (77. Wilshere)<\/p>\n","protected":false},"excerpt":{"rendered":"<p>P\u011btig\u00f3lov\u00fd p\u0159\u00edd\u011bl od kanon\u00fdr\u016f z\u0159ejm\u011b uzav\u0159el Koemanovo p\u016fsoben\u00ed v klubu. Bude to ozn\u00e1meno dnes nebo a\u017e v pond\u011bl\u00ed? Arsenal tentokr\u00e1t&hellip;<\/p>\n","protected":false},"author":12,"featured_media":1315,"comment_status":"open","ping_status":"closed","sticky":false,"template":"","format":"standard","meta":{"_eb_attr":"","_monsterinsights_skip_tracking":false,"_monsterinsights_sitenote_active":false,"_monsterinsights_sitenote_note":"","_monsterinsights_sitenote_category":0,"footnotes":""},"categories":[4],"tags":[],"yoast_head":"<!-- This site is optimized with the Yoast SEO plugin v23.4 - https:\/\/yoast.com\/wordpress\/plugins\/seo\/ -->\n<title>Everton - Arsenal 2:5 - Official Czech &amp; Slovak Everton Supporters&#039; Club<\/title>\n<meta name=\"robots\" content=\"index, follow, max-snippet:-1, max-image-preview:large, max-video-preview:-1\" \/>\n<link rel=\"canonical\" href=\"https:\/\/evertonfc.cz\/index.php\/2017\/10\/22\/everton-arsenal-25\/\" \/>\n<meta property=\"og:locale\" content=\"cs_CZ\" \/>\n<meta property=\"og:type\" content=\"article\" \/>\n<meta property=\"og:title\" content=\"Everton - Arsenal 2:5 - Official Czech &amp; Slovak Everton Supporters&#039; Club\" \/>\n<meta property=\"og:description\" content=\"P\u011btig\u00f3lov\u00fd p\u0159\u00edd\u011bl od kanon\u00fdr\u016f z\u0159ejm\u011b uzav\u0159el Koemanovo p\u016fsoben\u00ed v klubu. Bude to ozn\u00e1meno dnes nebo a\u017e v pond\u011bl\u00ed? Arsenal tentokr\u00e1t&hellip;\" \/>\n<meta property=\"og:url\" content=\"https:\/\/evertonfc.cz\/index.php\/2017\/10\/22\/everton-arsenal-25\/\" \/>\n<meta property=\"og:site_name\" content=\"Official Czech &amp; Slovak Everton Supporters&#039; Club\" \/>\n<meta property=\"article:publisher\" content=\"https:\/\/www.facebook.com\/everton.fans.cz.sk\" \/>\n<meta property=\"article:published_time\" content=\"2017-10-22T19:39:52+00:00\" \/>\n<meta property=\"article:modified_time\" content=\"2019-02-06T18:51:52+00:00\" \/>\n<meta property=\"og:image\" content=\"https:\/\/evertonfc.cz\/wp-content\/uploads\/2019\/01\/report.jpg\" \/>\n\t<meta property=\"og:image:width\" content=\"720\" \/>\n\t<meta property=\"og:image:height\" content=\"405\" \/>\n\t<meta property=\"og:image:type\" content=\"image\/jpeg\" \/>\n<meta name=\"author\" content=\"Javor\" \/>\n<meta name=\"twitter:card\" content=\"summary_large_image\" \/>\n<meta name=\"twitter:creator\" content=\"@LoudinJan\" \/>\n<meta name=\"twitter:label1\" content=\"Napsal(a)\" \/>\n\t<meta name=\"twitter:data1\" content=\"Javor\" \/>\n\t<meta name=\"twitter:label2\" content=\"Odhadovan\u00e1 doba \u010dten\u00ed\" \/>\n\t<meta name=\"twitter:data2\" content=\"3 minuty\" \/>\n<script type=\"application\/ld+json\" class=\"yoast-schema-graph\">{\"@context\":\"https:\/\/schema.org\",\"@graph\":[{\"@type\":\"Article\",\"@id\":\"https:\/\/evertonfc.cz\/index.php\/2017\/10\/22\/everton-arsenal-25\/#article\",\"isPartOf\":{\"@id\":\"https:\/\/evertonfc.cz\/index.php\/2017\/10\/22\/everton-arsenal-25\/\"},\"author\":{\"name\":\"Javor\",\"@id\":\"https:\/\/evertonfc.cz\/#\/schema\/person\/b30daf6a5852f4811f8207a17ec1bf78\"},\"headline\":\"Everton &#8211; Arsenal 2:5\",\"datePublished\":\"2017-10-22T19:39:52+00:00\",\"dateModified\":\"2019-02-06T18:51:52+00:00\",\"mainEntityOfPage\":{\"@id\":\"https:\/\/evertonfc.cz\/index.php\/2017\/10\/22\/everton-arsenal-25\/\"},\"wordCount\":593,\"commentCount\":0,\"publisher\":{\"@id\":\"https:\/\/evertonfc.cz\/#organization\"},\"image\":{\"@id\":\"https:\/\/evertonfc.cz\/index.php\/2017\/10\/22\/everton-arsenal-25\/#primaryimage\"},\"thumbnailUrl\":\"https:\/\/evertonfc.cz\/wp-content\/uploads\/2019\/01\/report.jpg\",\"articleSection\":[\"Z\u00e1pasy\"],\"inLanguage\":\"cs\",\"potentialAction\":[{\"@type\":\"CommentAction\",\"name\":\"Comment\",\"target\":[\"https:\/\/evertonfc.cz\/index.php\/2017\/10\/22\/everton-arsenal-25\/#respond\"]}]},{\"@type\":\"WebPage\",\"@id\":\"https:\/\/evertonfc.cz\/index.php\/2017\/10\/22\/everton-arsenal-25\/\",\"url\":\"https:\/\/evertonfc.cz\/index.php\/2017\/10\/22\/everton-arsenal-25\/\",\"name\":\"Everton - Arsenal 2:5 - Official Czech &amp; Slovak Everton Supporters&#039; Club\",\"isPartOf\":{\"@id\":\"https:\/\/evertonfc.cz\/#website\"},\"primaryImageOfPage\":{\"@id\":\"https:\/\/evertonfc.cz\/index.php\/2017\/10\/22\/everton-arsenal-25\/#primaryimage\"},\"image\":{\"@id\":\"https:\/\/evertonfc.cz\/index.php\/2017\/10\/22\/everton-arsenal-25\/#primaryimage\"},\"thumbnailUrl\":\"https:\/\/evertonfc.cz\/wp-content\/uploads\/2019\/01\/report.jpg\",\"datePublished\":\"2017-10-22T19:39:52+00:00\",\"dateModified\":\"2019-02-06T18:51:52+00:00\",\"breadcrumb\":{\"@id\":\"https:\/\/evertonfc.cz\/index.php\/2017\/10\/22\/everton-arsenal-25\/#breadcrumb\"},\"inLanguage\":\"cs\",\"potentialAction\":[{\"@type\":\"ReadAction\",\"target\":[\"https:\/\/evertonfc.cz\/index.php\/2017\/10\/22\/everton-arsenal-25\/\"]}]},{\"@type\":\"ImageObject\",\"inLanguage\":\"cs\",\"@id\":\"https:\/\/evertonfc.cz\/index.php\/2017\/10\/22\/everton-arsenal-25\/#primaryimage\",\"url\":\"https:\/\/evertonfc.cz\/wp-content\/uploads\/2019\/01\/report.jpg\",\"contentUrl\":\"https:\/\/evertonfc.cz\/wp-content\/uploads\/2019\/01\/report.jpg\",\"width\":720,\"height\":405},{\"@type\":\"BreadcrumbList\",\"@id\":\"https:\/\/evertonfc.cz\/index.php\/2017\/10\/22\/everton-arsenal-25\/#breadcrumb\",\"itemListElement\":[{\"@type\":\"ListItem\",\"position\":1,\"name\":\"Home\",\"item\":\"https:\/\/evertonfc.cz\/\"},{\"@type\":\"ListItem\",\"position\":2,\"name\":\"Everton &#8211; Arsenal 2:5\"}]},{\"@type\":\"WebSite\",\"@id\":\"https:\/\/evertonfc.cz\/#website\",\"url\":\"https:\/\/evertonfc.cz\/\",\"name\":\"Official Czech &amp; Slovak Everton Supporters&#039; Club\",\"description\":\"\",\"publisher\":{\"@id\":\"https:\/\/evertonfc.cz\/#organization\"},\"potentialAction\":[{\"@type\":\"SearchAction\",\"target\":{\"@type\":\"EntryPoint\",\"urlTemplate\":\"https:\/\/evertonfc.cz\/?s={search_term_string}\"},\"query-input\":{\"@type\":\"PropertyValueSpecification\",\"valueRequired\":true,\"valueName\":\"search_term_string\"}}],\"inLanguage\":\"cs\"},{\"@type\":\"Organization\",\"@id\":\"https:\/\/evertonfc.cz\/#organization\",\"name\":\"Official Czech & Slovak Everton Supporters' Club\",\"url\":\"https:\/\/evertonfc.cz\/\",\"logo\":{\"@type\":\"ImageObject\",\"inLanguage\":\"cs\",\"@id\":\"https:\/\/evertonfc.cz\/#\/schema\/logo\/image\/\",\"url\":\"https:\/\/evertonfc.cz\/wp-content\/uploads\/2019\/05\/logo.png\",\"contentUrl\":\"https:\/\/evertonfc.cz\/wp-content\/uploads\/2019\/05\/logo.png\",\"width\":112,\"height\":112,\"caption\":\"Official Czech & Slovak Everton Supporters' Club\"},\"image\":{\"@id\":\"https:\/\/evertonfc.cz\/#\/schema\/logo\/image\/\"},\"sameAs\":[\"https:\/\/www.facebook.com\/everton.fans.cz.sk\"]},{\"@type\":\"Person\",\"@id\":\"https:\/\/evertonfc.cz\/#\/schema\/person\/b30daf6a5852f4811f8207a17ec1bf78\",\"name\":\"Javor\",\"sameAs\":[\"https:\/\/x.com\/LoudinJan\"],\"url\":\"https:\/\/evertonfc.cz\/index.php\/author\/javor\/\"}]}<\/script>\n<!-- \/ Yoast SEO plugin. -->","yoast_head_json":{"title":"Everton - Arsenal 2:5 - Official Czech &amp; Slovak Everton Supporters&#039; Club","robots":{"index":"index","follow":"follow","max-snippet":"max-snippet:-1","max-image-preview":"max-image-preview:large","max-video-preview":"max-video-preview:-1"},"canonical":"https:\/\/evertonfc.cz\/index.php\/2017\/10\/22\/everton-arsenal-25\/","og_locale":"cs_CZ","og_type":"article","og_title":"Everton - Arsenal 2:5 - Official Czech &amp; Slovak Everton Supporters&#039; Club","og_description":"P\u011btig\u00f3lov\u00fd p\u0159\u00edd\u011bl od kanon\u00fdr\u016f z\u0159ejm\u011b uzav\u0159el Koemanovo p\u016fsoben\u00ed v klubu. Bude to ozn\u00e1meno dnes nebo a\u017e v pond\u011bl\u00ed? Arsenal tentokr\u00e1t&hellip;","og_url":"https:\/\/evertonfc.cz\/index.php\/2017\/10\/22\/everton-arsenal-25\/","og_site_name":"Official Czech &amp; Slovak Everton Supporters&#039; Club","article_publisher":"https:\/\/www.facebook.com\/everton.fans.cz.sk","article_published_time":"2017-10-22T19:39:52+00:00","article_modified_time":"2019-02-06T18:51:52+00:00","og_image":[{"width":720,"height":405,"url":"https:\/\/evertonfc.cz\/wp-content\/uploads\/2019\/01\/report.jpg","type":"image\/jpeg"}],"author":"Javor","twitter_card":"summary_large_image","twitter_creator":"@LoudinJan","twitter_misc":{"Napsal(a)":"Javor","Odhadovan\u00e1 doba \u010dten\u00ed":"3 minuty"},"schema":{"@context":"https:\/\/schema.org","@graph":[{"@type":"Article","@id":"https:\/\/evertonfc.cz\/index.php\/2017\/10\/22\/everton-arsenal-25\/#article","isPartOf":{"@id":"https:\/\/evertonfc.cz\/index.php\/2017\/10\/22\/everton-arsenal-25\/"},"author":{"name":"Javor","@id":"https:\/\/evertonfc.cz\/#\/schema\/person\/b30daf6a5852f4811f8207a17ec1bf78"},"headline":"Everton &#8211; Arsenal 2:5","datePublished":"2017-10-22T19:39:52+00:00","dateModified":"2019-02-06T18:51:52+00:00","mainEntityOfPage":{"@id":"https:\/\/evertonfc.cz\/index.php\/2017\/10\/22\/everton-arsenal-25\/"},"wordCount":593,"commentCount":0,"publisher":{"@id":"https:\/\/evertonfc.cz\/#organization"},"image":{"@id":"https:\/\/evertonfc.cz\/index.php\/2017\/10\/22\/everton-arsenal-25\/#primaryimage"},"thumbnailUrl":"https:\/\/evertonfc.cz\/wp-content\/uploads\/2019\/01\/report.jpg","articleSection":["Z\u00e1pasy"],"inLanguage":"cs","potentialAction":[{"@type":"CommentAction","name":"Comment","target":["https:\/\/evertonfc.cz\/index.php\/2017\/10\/22\/everton-arsenal-25\/#respond"]}]},{"@type":"WebPage","@id":"https:\/\/evertonfc.cz\/index.php\/2017\/10\/22\/everton-arsenal-25\/","url":"https:\/\/evertonfc.cz\/index.php\/2017\/10\/22\/everton-arsenal-25\/","name":"Everton - Arsenal 2:5 - Official Czech &amp; Slovak Everton Supporters&#039; Club","isPartOf":{"@id":"https:\/\/evertonfc.cz\/#website"},"primaryImageOfPage":{"@id":"https:\/\/evertonfc.cz\/index.php\/2017\/10\/22\/everton-arsenal-25\/#primaryimage"},"image":{"@id":"https:\/\/evertonfc.cz\/index.php\/2017\/10\/22\/everton-arsenal-25\/#primaryimage"},"thumbnailUrl":"https:\/\/evertonfc.cz\/wp-content\/uploads\/2019\/01\/report.jpg","datePublished":"2017-10-22T19:39:52+00:00","dateModified":"2019-02-06T18:51:52+00:00","breadcrumb":{"@id":"https:\/\/evertonfc.cz\/index.php\/2017\/10\/22\/everton-arsenal-25\/#breadcrumb"},"inLanguage":"cs","potentialAction":[{"@type":"ReadAction","target":["https:\/\/evertonfc.cz\/index.php\/2017\/10\/22\/everton-arsenal-25\/"]}]},{"@type":"ImageObject","inLanguage":"cs","@id":"https:\/\/evertonfc.cz\/index.php\/2017\/10\/22\/everton-arsenal-25\/#primaryimage","url":"https:\/\/evertonfc.cz\/wp-content\/uploads\/2019\/01\/report.jpg","contentUrl":"https:\/\/evertonfc.cz\/wp-content\/uploads\/2019\/01\/report.jpg","width":720,"height":405},{"@type":"BreadcrumbList","@id":"https:\/\/evertonfc.cz\/index.php\/2017\/10\/22\/everton-arsenal-25\/#breadcrumb","itemListElement":[{"@type":"ListItem","position":1,"name":"Home","item":"https:\/\/evertonfc.cz\/"},{"@type":"ListItem","position":2,"name":"Everton &#8211; Arsenal 2:5"}]},{"@type":"WebSite","@id":"https:\/\/evertonfc.cz\/#website","url":"https:\/\/evertonfc.cz\/","name":"Official Czech &amp; Slovak Everton Supporters&#039; Club","description":"","publisher":{"@id":"https:\/\/evertonfc.cz\/#organization"},"potentialAction":[{"@type":"SearchAction","target":{"@type":"EntryPoint","urlTemplate":"https:\/\/evertonfc.cz\/?s={search_term_string}"},"query-input":{"@type":"PropertyValueSpecification","valueRequired":true,"valueName":"search_term_string"}}],"inLanguage":"cs"},{"@type":"Organization","@id":"https:\/\/evertonfc.cz\/#organization","name":"Official Czech & Slovak Everton Supporters' Club","url":"https:\/\/evertonfc.cz\/","logo":{"@type":"ImageObject","inLanguage":"cs","@id":"https:\/\/evertonfc.cz\/#\/schema\/logo\/image\/","url":"https:\/\/evertonfc.cz\/wp-content\/uploads\/2019\/05\/logo.png","contentUrl":"https:\/\/evertonfc.cz\/wp-content\/uploads\/2019\/05\/logo.png","width":112,"height":112,"caption":"Official Czech & Slovak Everton Supporters' Club"},"image":{"@id":"https:\/\/evertonfc.cz\/#\/schema\/logo\/image\/"},"sameAs":["https:\/\/www.facebook.com\/everton.fans.cz.sk"]},{"@type":"Person","@id":"https:\/\/evertonfc.cz\/#\/schema\/person\/b30daf6a5852f4811f8207a17ec1bf78","name":"Javor","sameAs":["https:\/\/x.com\/LoudinJan"],"url":"https:\/\/evertonfc.cz\/index.php\/author\/javor\/"}]}},"_links":{"self":[{"href":"https:\/\/evertonfc.cz\/index.php\/wp-json\/wp\/v2\/posts\/2354"}],"collection":[{"href":"https:\/\/evertonfc.cz\/index.php\/wp-json\/wp\/v2\/posts"}],"about":[{"href":"https:\/\/evertonfc.cz\/index.php\/wp-json\/wp\/v2\/types\/post"}],"author":[{"embeddable":true,"href":"https:\/\/evertonfc.cz\/index.php\/wp-json\/wp\/v2\/users\/12"}],"replies":[{"embeddable":true,"href":"https:\/\/evertonfc.cz\/index.php\/wp-json\/wp\/v2\/comments?post=2354"}],"version-history":[{"count":1,"href":"https:\/\/evertonfc.cz\/index.php\/wp-json\/wp\/v2\/posts\/2354\/revisions"}],"predecessor-version":[{"id":2355,"href":"https:\/\/evertonfc.cz\/index.php\/wp-json\/wp\/v2\/posts\/2354\/revisions\/2355"}],"wp:featuredmedia":[{"embeddable":true,"href":"https:\/\/evertonfc.cz\/index.php\/wp-json\/wp\/v2\/media\/1315"}],"wp:attachment":[{"href":"https:\/\/evertonfc.cz\/index.php\/wp-json\/wp\/v2\/media?parent=2354"}],"wp:term":[{"taxonomy":"category","embeddable":true,"href":"https:\/\/evertonfc.cz\/index.php\/wp-json\/wp\/v2\/categories?post=2354"},{"taxonomy":"post_tag","embeddable":true,"href":"https:\/\/evertonfc.cz\/index.php\/wp-json\/wp\/v2\/tags?post=2354"}],"curies":[{"name":"wp","href":"https:\/\/api.w.org\/{rel}","templated":true}]}}