{"id":23546,"date":"2023-12-23T10:11:13","date_gmt":"2023-12-23T09:11:13","guid":{"rendered":"https:\/\/evertonfc.cz\/?p=23546"},"modified":"2023-12-23T14:19:09","modified_gmt":"2023-12-23T13:19:09","slug":"preview-tottenham-hotspur-everton-12","status":"publish","type":"post","link":"https:\/\/evertonfc.cz\/index.php\/2023\/12\/23\/preview-tottenham-hotspur-everton-12\/","title":{"rendered":"Preview: Tottenham Hotspur &#8211; Everton"},"content":{"rendered":"<h4>4 v\u00fdhry v \u0159ad\u011b a v\u00edt\u011bzstv\u00ed hlavn\u011b venku. Evertonians by mohli dostat 3 body pod strome\u010dek.<\/h4>\n<p>Pou\u0165 Ligov\u00fdm poh\u00e1rem skon\u010dila v \u00fater\u00fd ve\u010der po penaltov\u00e9m rozst\u0159elu (\u0161t\u00edty nep\u00fa\u0161\u0165at na <del>sak\u00e1<\/del> penalty), Fulham vyhr\u00e1l v Goodison Parku v t\u00e9to sez\u00f3n\u011b ji\u017e podruh\u00e9. V semifin\u00e1le mu samoz\u0159ejm\u011b p\u0159ejeme postup a hodn\u011b \u0161t\u011bst\u00ed. Koloto\u010d z\u00e1pas\u016f se tedy vrac\u00ed do ligov\u00e9ho norm\u00e1lu, v Anglii se \u0159\u00edk\u00e1, \u017ee nejd\u016fle\u017eit\u011bj\u0161\u00ed \u010d\u00e1sti sez\u00f3ny, pokud chce b\u00fdt mu\u017estvo \u00fasp\u011b\u0161n\u00e9. Do konce roku se \u00farove\u0148 soupe\u0159\u016f skute\u010dn\u011b zvy\u0161uje, resp. Everton \u010dek\u00e1 n\u00e1ro\u010dn\u00fd dvojboj &#8211; po dne\u0161n\u00edm utk\u00e1n\u00ed na Tottenhamu \u010dek\u00e1 ve st\u0159edu dom\u00e1c\u00ed utk\u00e1n\u00ed proti obh\u00e1jc\u016fm titulu.<\/p>\n<p>Spurs v l\u00e9t\u011b prodali Harryho Kanea do Bayernu Mnichov, a tak se vkl\u00e1dala ot\u00e1zka, jak nahrad\u00ed jeho branky. Zat\u00edmn\u00ed odpov\u011b\u010f zn\u00ed, \u017ee velmi dob\u0159e. Rozst\u0159\u00edlel se (v\u00edce ne\u017e v minulosti) Son, ob\u010das p\u0159id\u00e1 kopa\u010dku k d\u00edlu i exToffee Richarlison a t\u00fdm jednu dobu flirtoval i s prvn\u00edm m\u00edstem. Skv\u011ble vypad\u00e1 n\u00e1kup Maddisona z Leicesteru, kter\u00fd je ale nyn\u00ed zran\u011bn\u00fd a nebude k dispozici pro dne\u0161n\u00ed z\u00e1pas.T\u00fdm je p\u00e1t\u00fd, p\u0159ed sou\u010dasnou s\u00e9ri\u00ed dvou v\u00fdher (v\u010detn\u011b t\u00e9 nad Newcastlem) m\u011bl zase slab\u0161\u00ed obdob\u00ed, kdy\u017e v p\u011bti z\u00e1pasech v lize uhr\u00e1l pouze bod, mo\u017en\u00e1 trochu paradoxn\u011b proti Manchesteru City. Po drobn\u00fdch zran\u011bn\u00edch bude m\u00edt mana\u017eer Postecoglou k dispozici Johnsona a Lo Celsa, kv\u016fli kart\u00e1m bude chyb\u011bt dvojice Udogia a Bissouma. Dlouhodob\u00fdmi absent\u00e9ry jsou Betancur, Peri\u0161i\u0107, Philips, Sessegnon, Solomon a van de Ven.<\/p>\n<p>Everton se bude i nad\u00e1le muset obej\u00edt bez trojice Coleman-Doucour\u00e9-Young, p\u0159i\u010dem\u017e prvn\u00ed dva nejsou daleko od n\u00e1vratu. K dispozici samoz\u0159ejm\u011b nebude ani dvojice Alli-Gomes, naopak by mohl ji\u017e b\u00fdt p\u0159ipraven zas\u00e1hnout do z\u00e1pasu po zran\u011bn\u00ed t\u0159\u00edsla Mykolenko.<\/p>\n<p><strong>Co:\u00a0<\/strong>Tottenham Hotspur FC &#8211; Everton FC, 18. kolo Premier League<br \/>\n<strong>Kdy:\u00a0<\/strong>23. 12. 2023 od 16:00<br \/>\n<strong>Kde:<\/strong>Tottenham Hotspur Stadium \u2013 782 High Rd, Lond\u00fdn N17 0BX (k<span class=\"w8qArf\">apacita:\u00a0<\/span><span class=\"LrzXr kno-fv wHYlTd z8gr9e\">62 850)<\/span><br \/>\n<strong>TV:\u00a0<\/strong>P\u0159\u00edm\u00fd p\u0159enos na stanici Canal+ Sport, komentuje Jarom\u00edr Bos\u00e1k, studio Match Time od 15:30<br \/>\n<strong>Rozhod\u010d\u00ed:\u00a0<\/strong>Stuart Attwell &#8211; Richard West, James Mainwaring\u00a0 <strong>\u010ctvrt\u00fd rozhod\u010d\u00ed:\u00a0<\/strong>Tim Robinson<br \/>\n<strong>Videorozhod\u010d\u00ed:\u00a0<\/strong>Michael Oliver\u00a0 <strong>Videorozhod\u010d\u00ed:\u00a0<\/strong>Harry Lennard<\/p>\n","protected":false},"excerpt":{"rendered":"<p>4 v\u00fdhry v \u0159ad\u011b a v\u00edt\u011bzstv\u00ed hlavn\u011b venku. Evertonians by mohli dostat 3 body pod strome\u010dek.<\/p>\n","protected":false},"author":12,"featured_media":11937,"comment_status":"open","ping_status":"closed","sticky":false,"template":"","format":"standard","meta":{"_eb_attr":"","_monsterinsights_skip_tracking":false,"_monsterinsights_sitenote_active":false,"_monsterinsights_sitenote_note":"","_monsterinsights_sitenote_category":0,"footnotes":""},"categories":[4],"tags":[],"yoast_head":"<!-- This site is optimized with the Yoast SEO plugin v23.4 - https:\/\/yoast.com\/wordpress\/plugins\/seo\/ -->\n<title>Preview: Tottenham Hotspur - Everton - Official Czech &amp; Slovak Everton Supporters&#039; Club<\/title>\n<meta name=\"description\" content=\"4 v\u00fdhry v \u0159ad\u011b a v\u00edt\u011bzstv\u00ed hlavn\u011b venku. Evertonians by mohli dostat 3 body pod strome\u010dek.\" \/>\n<meta name=\"robots\" content=\"index, follow, max-snippet:-1, max-image-preview:large, max-video-preview:-1\" \/>\n<link rel=\"canonical\" href=\"https:\/\/evertonfc.cz\/index.php\/2023\/12\/23\/preview-tottenham-hotspur-everton-12\/\" \/>\n<meta property=\"og:locale\" content=\"cs_CZ\" \/>\n<meta property=\"og:type\" content=\"article\" \/>\n<meta property=\"og:title\" content=\"Preview: Tottenham Hotspur - Everton - Official Czech &amp; Slovak Everton Supporters&#039; Club\" \/>\n<meta property=\"og:description\" content=\"4 v\u00fdhry v \u0159ad\u011b a v\u00edt\u011bzstv\u00ed hlavn\u011b venku. Evertonians by mohli dostat 3 body pod strome\u010dek.\" \/>\n<meta property=\"og:url\" content=\"https:\/\/evertonfc.cz\/index.php\/2023\/12\/23\/preview-tottenham-hotspur-everton-12\/\" \/>\n<meta property=\"og:site_name\" content=\"Official Czech &amp; Slovak Everton Supporters&#039; Club\" \/>\n<meta property=\"article:publisher\" content=\"https:\/\/www.facebook.com\/everton.fans.cz.sk\" \/>\n<meta property=\"article:published_time\" content=\"2023-12-23T09:11:13+00:00\" \/>\n<meta property=\"article:modified_time\" content=\"2023-12-23T13:19:09+00:00\" \/>\n<meta property=\"og:image\" content=\"https:\/\/evertonfc.cz\/wp-content\/uploads\/2020\/09\/Tottenham-Hotspur-VS-Everton-12-9-2020.jpg\" \/>\n\t<meta property=\"og:image:width\" content=\"720\" \/>\n\t<meta property=\"og:image:height\" content=\"405\" \/>\n\t<meta property=\"og:image:type\" content=\"image\/jpeg\" \/>\n<meta name=\"author\" content=\"Javor\" \/>\n<meta name=\"twitter:card\" content=\"summary_large_image\" \/>\n<meta name=\"twitter:creator\" content=\"@LoudinJan\" \/>\n<meta name=\"twitter:label1\" content=\"Napsal(a)\" \/>\n\t<meta name=\"twitter:data1\" content=\"Javor\" \/>\n\t<meta name=\"twitter:label2\" content=\"Odhadovan\u00e1 doba \u010dten\u00ed\" \/>\n\t<meta name=\"twitter:data2\" content=\"2 minuty\" \/>\n<script type=\"application\/ld+json\" class=\"yoast-schema-graph\">{\"@context\":\"https:\/\/schema.org\",\"@graph\":[{\"@type\":\"Article\",\"@id\":\"https:\/\/evertonfc.cz\/index.php\/2023\/12\/23\/preview-tottenham-hotspur-everton-12\/#article\",\"isPartOf\":{\"@id\":\"https:\/\/evertonfc.cz\/index.php\/2023\/12\/23\/preview-tottenham-hotspur-everton-12\/\"},\"author\":{\"name\":\"Javor\",\"@id\":\"https:\/\/evertonfc.cz\/#\/schema\/person\/b30daf6a5852f4811f8207a17ec1bf78\"},\"headline\":\"Preview: Tottenham Hotspur &#8211; Everton\",\"datePublished\":\"2023-12-23T09:11:13+00:00\",\"dateModified\":\"2023-12-23T13:19:09+00:00\",\"mainEntityOfPage\":{\"@id\":\"https:\/\/evertonfc.cz\/index.php\/2023\/12\/23\/preview-tottenham-hotspur-everton-12\/\"},\"wordCount\":423,\"commentCount\":11,\"publisher\":{\"@id\":\"https:\/\/evertonfc.cz\/#organization\"},\"image\":{\"@id\":\"https:\/\/evertonfc.cz\/index.php\/2023\/12\/23\/preview-tottenham-hotspur-everton-12\/#primaryimage\"},\"thumbnailUrl\":\"https:\/\/evertonfc.cz\/wp-content\/uploads\/2020\/09\/Tottenham-Hotspur-VS-Everton-12-9-2020.jpg\",\"articleSection\":[\"Z\u00e1pasy\"],\"inLanguage\":\"cs\",\"potentialAction\":[{\"@type\":\"CommentAction\",\"name\":\"Comment\",\"target\":[\"https:\/\/evertonfc.cz\/index.php\/2023\/12\/23\/preview-tottenham-hotspur-everton-12\/#respond\"]}]},{\"@type\":\"WebPage\",\"@id\":\"https:\/\/evertonfc.cz\/index.php\/2023\/12\/23\/preview-tottenham-hotspur-everton-12\/\",\"url\":\"https:\/\/evertonfc.cz\/index.php\/2023\/12\/23\/preview-tottenham-hotspur-everton-12\/\",\"name\":\"Preview: Tottenham Hotspur - Everton - Official Czech &amp; Slovak Everton Supporters&#039; Club\",\"isPartOf\":{\"@id\":\"https:\/\/evertonfc.cz\/#website\"},\"primaryImageOfPage\":{\"@id\":\"https:\/\/evertonfc.cz\/index.php\/2023\/12\/23\/preview-tottenham-hotspur-everton-12\/#primaryimage\"},\"image\":{\"@id\":\"https:\/\/evertonfc.cz\/index.php\/2023\/12\/23\/preview-tottenham-hotspur-everton-12\/#primaryimage\"},\"thumbnailUrl\":\"https:\/\/evertonfc.cz\/wp-content\/uploads\/2020\/09\/Tottenham-Hotspur-VS-Everton-12-9-2020.jpg\",\"datePublished\":\"2023-12-23T09:11:13+00:00\",\"dateModified\":\"2023-12-23T13:19:09+00:00\",\"description\":\"4 v\u00fdhry v \u0159ad\u011b a v\u00edt\u011bzstv\u00ed hlavn\u011b venku. Evertonians by mohli dostat 3 body pod strome\u010dek.\",\"breadcrumb\":{\"@id\":\"https:\/\/evertonfc.cz\/index.php\/2023\/12\/23\/preview-tottenham-hotspur-everton-12\/#breadcrumb\"},\"inLanguage\":\"cs\",\"potentialAction\":[{\"@type\":\"ReadAction\",\"target\":[\"https:\/\/evertonfc.cz\/index.php\/2023\/12\/23\/preview-tottenham-hotspur-everton-12\/\"]}]},{\"@type\":\"ImageObject\",\"inLanguage\":\"cs\",\"@id\":\"https:\/\/evertonfc.cz\/index.php\/2023\/12\/23\/preview-tottenham-hotspur-everton-12\/#primaryimage\",\"url\":\"https:\/\/evertonfc.cz\/wp-content\/uploads\/2020\/09\/Tottenham-Hotspur-VS-Everton-12-9-2020.jpg\",\"contentUrl\":\"https:\/\/evertonfc.cz\/wp-content\/uploads\/2020\/09\/Tottenham-Hotspur-VS-Everton-12-9-2020.jpg\",\"width\":720,\"height\":405},{\"@type\":\"BreadcrumbList\",\"@id\":\"https:\/\/evertonfc.cz\/index.php\/2023\/12\/23\/preview-tottenham-hotspur-everton-12\/#breadcrumb\",\"itemListElement\":[{\"@type\":\"ListItem\",\"position\":1,\"name\":\"Home\",\"item\":\"https:\/\/evertonfc.cz\/\"},{\"@type\":\"ListItem\",\"position\":2,\"name\":\"Preview: Tottenham Hotspur &#8211; Everton\"}]},{\"@type\":\"WebSite\",\"@id\":\"https:\/\/evertonfc.cz\/#website\",\"url\":\"https:\/\/evertonfc.cz\/\",\"name\":\"Official Czech &amp; Slovak Everton Supporters&#039; Club\",\"description\":\"\",\"publisher\":{\"@id\":\"https:\/\/evertonfc.cz\/#organization\"},\"potentialAction\":[{\"@type\":\"SearchAction\",\"target\":{\"@type\":\"EntryPoint\",\"urlTemplate\":\"https:\/\/evertonfc.cz\/?s={search_term_string}\"},\"query-input\":{\"@type\":\"PropertyValueSpecification\",\"valueRequired\":true,\"valueName\":\"search_term_string\"}}],\"inLanguage\":\"cs\"},{\"@type\":\"Organization\",\"@id\":\"https:\/\/evertonfc.cz\/#organization\",\"name\":\"Official Czech & Slovak Everton Supporters' Club\",\"url\":\"https:\/\/evertonfc.cz\/\",\"logo\":{\"@type\":\"ImageObject\",\"inLanguage\":\"cs\",\"@id\":\"https:\/\/evertonfc.cz\/#\/schema\/logo\/image\/\",\"url\":\"https:\/\/evertonfc.cz\/wp-content\/uploads\/2019\/05\/logo.png\",\"contentUrl\":\"https:\/\/evertonfc.cz\/wp-content\/uploads\/2019\/05\/logo.png\",\"width\":112,\"height\":112,\"caption\":\"Official Czech & Slovak Everton Supporters' Club\"},\"image\":{\"@id\":\"https:\/\/evertonfc.cz\/#\/schema\/logo\/image\/\"},\"sameAs\":[\"https:\/\/www.facebook.com\/everton.fans.cz.sk\"]},{\"@type\":\"Person\",\"@id\":\"https:\/\/evertonfc.cz\/#\/schema\/person\/b30daf6a5852f4811f8207a17ec1bf78\",\"name\":\"Javor\",\"sameAs\":[\"https:\/\/x.com\/LoudinJan\"],\"url\":\"https:\/\/evertonfc.cz\/index.php\/author\/javor\/\"}]}<\/script>\n<!-- \/ Yoast SEO plugin. -->","yoast_head_json":{"title":"Preview: Tottenham Hotspur - Everton - Official Czech &amp; Slovak Everton Supporters&#039; Club","description":"4 v\u00fdhry v \u0159ad\u011b a v\u00edt\u011bzstv\u00ed hlavn\u011b venku. Evertonians by mohli dostat 3 body pod strome\u010dek.","robots":{"index":"index","follow":"follow","max-snippet":"max-snippet:-1","max-image-preview":"max-image-preview:large","max-video-preview":"max-video-preview:-1"},"canonical":"https:\/\/evertonfc.cz\/index.php\/2023\/12\/23\/preview-tottenham-hotspur-everton-12\/","og_locale":"cs_CZ","og_type":"article","og_title":"Preview: Tottenham Hotspur - Everton - Official Czech &amp; Slovak Everton Supporters&#039; Club","og_description":"4 v\u00fdhry v \u0159ad\u011b a v\u00edt\u011bzstv\u00ed hlavn\u011b venku. Evertonians by mohli dostat 3 body pod strome\u010dek.","og_url":"https:\/\/evertonfc.cz\/index.php\/2023\/12\/23\/preview-tottenham-hotspur-everton-12\/","og_site_name":"Official Czech &amp; Slovak Everton Supporters&#039; Club","article_publisher":"https:\/\/www.facebook.com\/everton.fans.cz.sk","article_published_time":"2023-12-23T09:11:13+00:00","article_modified_time":"2023-12-23T13:19:09+00:00","og_image":[{"width":720,"height":405,"url":"https:\/\/evertonfc.cz\/wp-content\/uploads\/2020\/09\/Tottenham-Hotspur-VS-Everton-12-9-2020.jpg","type":"image\/jpeg"}],"author":"Javor","twitter_card":"summary_large_image","twitter_creator":"@LoudinJan","twitter_misc":{"Napsal(a)":"Javor","Odhadovan\u00e1 doba \u010dten\u00ed":"2 minuty"},"schema":{"@context":"https:\/\/schema.org","@graph":[{"@type":"Article","@id":"https:\/\/evertonfc.cz\/index.php\/2023\/12\/23\/preview-tottenham-hotspur-everton-12\/#article","isPartOf":{"@id":"https:\/\/evertonfc.cz\/index.php\/2023\/12\/23\/preview-tottenham-hotspur-everton-12\/"},"author":{"name":"Javor","@id":"https:\/\/evertonfc.cz\/#\/schema\/person\/b30daf6a5852f4811f8207a17ec1bf78"},"headline":"Preview: Tottenham Hotspur &#8211; Everton","datePublished":"2023-12-23T09:11:13+00:00","dateModified":"2023-12-23T13:19:09+00:00","mainEntityOfPage":{"@id":"https:\/\/evertonfc.cz\/index.php\/2023\/12\/23\/preview-tottenham-hotspur-everton-12\/"},"wordCount":423,"commentCount":11,"publisher":{"@id":"https:\/\/evertonfc.cz\/#organization"},"image":{"@id":"https:\/\/evertonfc.cz\/index.php\/2023\/12\/23\/preview-tottenham-hotspur-everton-12\/#primaryimage"},"thumbnailUrl":"https:\/\/evertonfc.cz\/wp-content\/uploads\/2020\/09\/Tottenham-Hotspur-VS-Everton-12-9-2020.jpg","articleSection":["Z\u00e1pasy"],"inLanguage":"cs","potentialAction":[{"@type":"CommentAction","name":"Comment","target":["https:\/\/evertonfc.cz\/index.php\/2023\/12\/23\/preview-tottenham-hotspur-everton-12\/#respond"]}]},{"@type":"WebPage","@id":"https:\/\/evertonfc.cz\/index.php\/2023\/12\/23\/preview-tottenham-hotspur-everton-12\/","url":"https:\/\/evertonfc.cz\/index.php\/2023\/12\/23\/preview-tottenham-hotspur-everton-12\/","name":"Preview: Tottenham Hotspur - Everton - Official Czech &amp; Slovak Everton Supporters&#039; Club","isPartOf":{"@id":"https:\/\/evertonfc.cz\/#website"},"primaryImageOfPage":{"@id":"https:\/\/evertonfc.cz\/index.php\/2023\/12\/23\/preview-tottenham-hotspur-everton-12\/#primaryimage"},"image":{"@id":"https:\/\/evertonfc.cz\/index.php\/2023\/12\/23\/preview-tottenham-hotspur-everton-12\/#primaryimage"},"thumbnailUrl":"https:\/\/evertonfc.cz\/wp-content\/uploads\/2020\/09\/Tottenham-Hotspur-VS-Everton-12-9-2020.jpg","datePublished":"2023-12-23T09:11:13+00:00","dateModified":"2023-12-23T13:19:09+00:00","description":"4 v\u00fdhry v \u0159ad\u011b a v\u00edt\u011bzstv\u00ed hlavn\u011b venku. Evertonians by mohli dostat 3 body pod strome\u010dek.","breadcrumb":{"@id":"https:\/\/evertonfc.cz\/index.php\/2023\/12\/23\/preview-tottenham-hotspur-everton-12\/#breadcrumb"},"inLanguage":"cs","potentialAction":[{"@type":"ReadAction","target":["https:\/\/evertonfc.cz\/index.php\/2023\/12\/23\/preview-tottenham-hotspur-everton-12\/"]}]},{"@type":"ImageObject","inLanguage":"cs","@id":"https:\/\/evertonfc.cz\/index.php\/2023\/12\/23\/preview-tottenham-hotspur-everton-12\/#primaryimage","url":"https:\/\/evertonfc.cz\/wp-content\/uploads\/2020\/09\/Tottenham-Hotspur-VS-Everton-12-9-2020.jpg","contentUrl":"https:\/\/evertonfc.cz\/wp-content\/uploads\/2020\/09\/Tottenham-Hotspur-VS-Everton-12-9-2020.jpg","width":720,"height":405},{"@type":"BreadcrumbList","@id":"https:\/\/evertonfc.cz\/index.php\/2023\/12\/23\/preview-tottenham-hotspur-everton-12\/#breadcrumb","itemListElement":[{"@type":"ListItem","position":1,"name":"Home","item":"https:\/\/evertonfc.cz\/"},{"@type":"ListItem","position":2,"name":"Preview: Tottenham Hotspur &#8211; Everton"}]},{"@type":"WebSite","@id":"https:\/\/evertonfc.cz\/#website","url":"https:\/\/evertonfc.cz\/","name":"Official Czech &amp; Slovak Everton Supporters&#039; Club","description":"","publisher":{"@id":"https:\/\/evertonfc.cz\/#organization"},"potentialAction":[{"@type":"SearchAction","target":{"@type":"EntryPoint","urlTemplate":"https:\/\/evertonfc.cz\/?s={search_term_string}"},"query-input":{"@type":"PropertyValueSpecification","valueRequired":true,"valueName":"search_term_string"}}],"inLanguage":"cs"},{"@type":"Organization","@id":"https:\/\/evertonfc.cz\/#organization","name":"Official Czech & Slovak Everton Supporters' Club","url":"https:\/\/evertonfc.cz\/","logo":{"@type":"ImageObject","inLanguage":"cs","@id":"https:\/\/evertonfc.cz\/#\/schema\/logo\/image\/","url":"https:\/\/evertonfc.cz\/wp-content\/uploads\/2019\/05\/logo.png","contentUrl":"https:\/\/evertonfc.cz\/wp-content\/uploads\/2019\/05\/logo.png","width":112,"height":112,"caption":"Official Czech & Slovak Everton Supporters' Club"},"image":{"@id":"https:\/\/evertonfc.cz\/#\/schema\/logo\/image\/"},"sameAs":["https:\/\/www.facebook.com\/everton.fans.cz.sk"]},{"@type":"Person","@id":"https:\/\/evertonfc.cz\/#\/schema\/person\/b30daf6a5852f4811f8207a17ec1bf78","name":"Javor","sameAs":["https:\/\/x.com\/LoudinJan"],"url":"https:\/\/evertonfc.cz\/index.php\/author\/javor\/"}]}},"_links":{"self":[{"href":"https:\/\/evertonfc.cz\/index.php\/wp-json\/wp\/v2\/posts\/23546"}],"collection":[{"href":"https:\/\/evertonfc.cz\/index.php\/wp-json\/wp\/v2\/posts"}],"about":[{"href":"https:\/\/evertonfc.cz\/index.php\/wp-json\/wp\/v2\/types\/post"}],"author":[{"embeddable":true,"href":"https:\/\/evertonfc.cz\/index.php\/wp-json\/wp\/v2\/users\/12"}],"replies":[{"embeddable":true,"href":"https:\/\/evertonfc.cz\/index.php\/wp-json\/wp\/v2\/comments?post=23546"}],"version-history":[{"count":5,"href":"https:\/\/evertonfc.cz\/index.php\/wp-json\/wp\/v2\/posts\/23546\/revisions"}],"predecessor-version":[{"id":23556,"href":"https:\/\/evertonfc.cz\/index.php\/wp-json\/wp\/v2\/posts\/23546\/revisions\/23556"}],"wp:featuredmedia":[{"embeddable":true,"href":"https:\/\/evertonfc.cz\/index.php\/wp-json\/wp\/v2\/media\/11937"}],"wp:attachment":[{"href":"https:\/\/evertonfc.cz\/index.php\/wp-json\/wp\/v2\/media?parent=23546"}],"wp:term":[{"taxonomy":"category","embeddable":true,"href":"https:\/\/evertonfc.cz\/index.php\/wp-json\/wp\/v2\/categories?post=23546"},{"taxonomy":"post_tag","embeddable":true,"href":"https:\/\/evertonfc.cz\/index.php\/wp-json\/wp\/v2\/tags?post=23546"}],"curies":[{"name":"wp","href":"https:\/\/api.w.org\/{rel}","templated":true}]}}