{"id":23559,"date":"2023-12-25T12:14:24","date_gmt":"2023-12-25T11:14:24","guid":{"rendered":"https:\/\/evertonfc.cz\/?p=23559"},"modified":"2023-12-25T12:14:24","modified_gmt":"2023-12-25T11:14:24","slug":"tottenham-hotspur-everton-21","status":"publish","type":"post","link":"https:\/\/evertonfc.cz\/index.php\/2023\/12\/25\/tottenham-hotspur-everton-21\/","title":{"rendered":"Tottenham Hotspur \u2013 Everton 2:1"},"content":{"rendered":"<h4>V\u00ed\u0165azn\u00e1 s\u00e9ria The Toffees na tr\u00e1vnikoch s\u00faperov sa bohu\u017eia\u013e skon\u010dila. No v\u00fdkon to bol obdivuhodn\u00fd, a body sme neodovzd\u00e1vali lacno. Len t\u00e1 kvalita v koncovke.<\/h4>\n<p>Pod pomyslen\u00fdm ligov\u00fdm strom\u010dekom sme si tak ni\u010d nena\u0161li. Ale to nevad\u00ed. Ak si niekto prial op\u00e4tovn\u00fa z\u00e1chranu, pokojn\u00fd stred tabu\u013eky, alebo kone\u010dne klub, na ktor\u00fd sa d\u00e1 pozera\u0165 a nehanbi\u0165, tak onen dobr\u00e1k Dychi\u0161ko tak\u00e9to priania pln\u00ed u\u017e pol roka. P\u00e1r slab\u0161\u00edch chv\u00ed\u013e v obrane preto radi ob\u010das strp\u00edme.<\/p>\n<p>Na z\u00e1pasov\u00fa s\u00fapisku sa kone\u010dne vr\u00e1til Mykolenko na miesto \u013eav\u00e9ho beka, \u010do bola jedin\u00e1 zmena oproti ne\u0161\u0165astn\u00e9mu poh\u00e1rov\u00e9mu duelu s Chalup\u00e1rmi. Na lavi\u010dke sa po dlhej dobe objavil aj \u0161tvrt\u00fd Portugal\u010dan, Andr\u00e9 Gomes. Inak to bola klasika, kde v \u00fatoku podporoval Calverta-Lewina miesto Doucour\u00e9ho vysunut\u00fd Garner.<\/p>\n<h4>1.pol\u010das<\/h4>\n<p>Stretnutie za\u010dalo vo v\u00fdbornom tempe. U\u017e v siedmej min\u00fate mohol po \u00faniku, ktor\u00fd zariadil McNeil, otvori\u0165 sk\u00f3re DCL. Ten v\u0161ak akoby v poslednej dobe stratil pred\u00e1torsk\u00fd \u010duch na g\u00f3ly a v koncovke sa tr\u00e1pi. Preto aj teraz miesto strely \u013eava\u010dkou z hranice alebo z vn\u00fatra \u0161estn\u00e1stky rad\u0161ej volil \u010fal\u0161ie dotyky, ne\u017e ho potom vybavila obrana s\u00fapera. A to bolo trestuhodn\u00e9 zahodenie, nako\u013eko o p\u00e1r sek\u00fand nesk\u00f4r demon\u0161troval Richarlison, ako sa naklad\u00e1 s vylo\u017een\u00fdmi \u0161ancami. Sarr po pravej strane vysunul Johnsona, a ten to naserv\u00edroval Braz\u00edl\u010danovi na strelu z prvej z troch metrov. Hlavne Tarkowski si m\u00f4\u017ee spytova\u0165 svedomie. <strong>1:0<\/strong>.<\/p>\n<p>Nepre\u0161li sn\u00e1\u010f ani min\u00faty a dom\u00e1ci mohli jasa\u0165 znova. Podobnu kombin\u00e1ciu ako z prv\u00e9ho g\u00f3lu len z opa\u010dnej strany zakon\u010doval tentoraz Johnson tesne nad brvno. Defenz\u00edvna jednota a s\u00fahra t\u00edmu v tom \u010dase sa n\u00e1m v\u00f4bec nepodobala. Okrem momentu, ke\u010f Vicario vychytal dobr\u00fa hlavi\u010dku DCL, mali navrch mu\u017ei v bielom. A padol preto aj ich druh\u00fd g\u00f3l. Kr\u00e1tky roh, vyrazen\u00e1 strela na brank\u00e1ra, a lopta priamo k Sonovi, ktor\u00fd ju upratal pr\u00e1ve do odkrytej \u010dasti br\u00e1ny. <strong>2:0<\/strong> a za\u010d\u00ednalo to nabera\u0165 \u0161kared\u00e9 kont\u00fary. Ale ment\u00e1lne sme sa pozviechali a vytv\u00e1rali si \u0161ance. No ani jedna premenen\u00e1. Hlavne Harrison s\u00e1m na br\u00e1nu mus\u00ed d\u00e1va\u0165. Mus\u00ed&#8230;<\/p>\n<h4>2.pol\u010das<\/h4>\n<p>Po prest\u00e1vke sme na to op\u00e4\u0165 vybehli, a v\u00fdborn\u00fa robotu robil aj Gomes, ktor\u00fd n\u00fatene striedal zranen\u00e9ho Gueyeho e\u0161te v prvom dejstve. S Garnerom si v\u0161ak vymenili poz\u00edcie. Takto vy\u0161\u0161ie na ihrisku z\u00edskal tvrd\u00fdm z\u00e1krokom loptu od Emersona, a poslal Dominica \u00faspe\u0161ne na br\u00e1nu na 2:1. VAR ale zasiahol. Ani jedn\u00e9mu rozhodcovi sa nezdalo, \u017ee by n\u00e1\u0161 Andr\u00e9 fauloval. Po vzhliadnut\u00ed monitora v\u0161ak hlavn\u00fd zmenil n\u00e1zor.<\/p>\n<p>\u0160koda, preto\u017ee s\u00fapera sme pod\u013ea \u0161tatist\u00edk xG cel\u00fd druh\u00fa pol\u010das prehr\u00e1vali. Pickford n\u00e1s podr\u017eal proti Kulusevskemu ke\u010f bolo treba v 75. min\u00fate, ale my nie a nie sa presadi\u0165. A\u017e ke\u010f Gomes pe\u010diatkoval bo\u010dn\u00fa sie\u0165, to sa zahrieval, a potom po rohu namieril odvr\u00e1ten\u00fa loptu pekne do siete! <strong>2:1<\/strong> a z\u00e1vere\u010dn\u00fd tlak.<\/p>\n<p>Danjumovu skvel\u00fa strelu \u00fachvatne vychytal zl\u00fd Vicario. Tarkowskeho hlavi\u010dku pred \u010diarou odpratal Davies. Danjuma op\u00e4\u0165 strie\u013ea tesne, ale mimo. A nakoniec po\u0161le McNeil bal\u00f3nik op\u00e4\u0165 Arnautovi, a ten z half-voleja triafa od brvna sn\u00e1\u010f za br\u00e1nkov\u00fa \u010diaru. Len\u017ee ten fakt zl\u00fd Vicario m\u00e1 v ceste svoju nohu. A ako naschv\u00e1\u013e sa to do nej neodraz\u00ed dovn\u00fatra, ale von z br\u00e1ny. No ne\u0161\u013eaktraf n\u00e1s v\u0161etk\u00fdch&#8230;<\/p>\n<h4 style=\"text-align: center;\">Sean Dyche po z\u00e1pase:<\/h4>\n<blockquote><p><span style=\"font-size: 12pt;\"><em>\u201eSna\u017e\u00edm sa poskytn\u00fa\u0165 objekt\u00edvny poh\u013ead &#8211; mysl\u00edm si, \u017ee sme boli vynikaj\u00faci. Ich g\u00f3ly boli dva slab\u00e9 momenty \u2013 pri tom dv\u00edhame ruky \u2013 a za dan\u00fdch okolnost\u00ed sme norm\u00e1lne \u017eiv\u0161\u00ed. Ale e\u0161te predt\u00fdm sme za\u010dali odv\u00e1\u017ene, vytv\u00e1rali sme si \u0161ance, vyzerali sme ako hrozba na lopte, tvrdo sme takticky pracovali bez lopty. Znie to divne, preto\u017ee sme dnes prehrali, ale dnes to tak bl\u00edzko, ako som bol k \u00faplnej hrdosti. Pod\u013ea m\u0148a to bol vynikaj\u00faci v\u00fdkon. V tom, \u010do rob\u00edte, mus\u00ed by\u0165 bud\u00facnos\u0165 a mysl\u00edm, \u017ee to je teraz jasn\u00e9. Nie je to z\u00e1ruka, ale z\u00e1mer t\u00fdchto hr\u00e1\u010dov je jasn\u00fd.\u201c<\/em><\/span><\/p><\/blockquote>\n<h4>\u0160tatistick\u00e9 okienko:<\/h4>\n<ul>\n<li>Spurs vyhrali viac z\u00e1pasov Premier League proti Evertonu ako proti ktor\u00e9muko\u013evek in\u00e9mu t\u00edmu (30).<\/li>\n<li>Sean Dyche nikdy nevyhral na ihrisku Spurs v Premier League (D1,L6), pri\u010dom jeho t\u00edmy strelili 3 g\u00f3ly a na opl\u00e1tku inkasovali 17.<\/li>\n<li>Everton v tejto ligovej sez\u00f3ne trafil kon\u0161trukciu br\u00e1ny 11-kr\u00e1t \u2013 iba Liverpool (12) zasiahol ty\u010dky \u010dastej\u0161ie.<\/li>\n<li>EFC prehralo v tomto ro\u010dn\u00edku PL 8 z\u00e1pasov. V polovici t\u00fdchto prehier urobil s\u00faperov brank\u00e1r aspo\u0148 6 z\u00e1krokov: Leno \u2013 9, Jos\u00e9 Sa \u2013 7, Onana \u2013 6, Vicario \u2013 7<\/li>\n<li>G\u00f3l Andr\u00e9ho Gomesa proti Tottenhamu bol jeho prv\u00fdm g\u00f3lom v Premier League od z\u00e1pasu proti Wolves vo febru\u00e1ri 2019.<\/li>\n<\/ul>\n<h3 style=\"text-align: center;\"><span style=\"color: #3366ff;\"><em>Come on you Blues !!!<\/em><\/span><\/h3>\n<p style=\"text-align: right;\"><span style=\"font-size: 8pt;\">(fotozdroj: Getty Images)<\/span><\/p>\n<p><strong>Zostrihy:<\/strong> <a href=\"https:\/\/www.fasthighlights.net\/2023\/12\/tottenham-hotspur-v-everton-highlights-video-fasthighlights\/\">fasthighlights.com<\/a> \/ <a href=\"https:\/\/evertontv.evertonfc.com\/videos\/c9b49ab0-d267-4c76-8d87-fa8d0fc779c6\">Everton TV<\/a>\u00a0 <strong>Mu\u017e z\u00e1pasu redakcie:<\/strong> Andr\u00e9 Gomes<\/p>\n<p><strong>G\u00f3ly:<\/strong> 9\u00b4 Richarlison (Johnson), 18\u00b4 Son, 82\u00b4 Gomes<\/p>\n<p><strong>\u017dlt\u00e9 karty:<\/strong> 23\u00b4 Gueye, 26\u00b4 Onana, 75\u00b4 Gomes, 83\u00b4 Patterson, 86\u00b4 Kulusevski<\/p>\n<p><strong>Tottenham Hotspur FC:<\/strong> Vicario \u2013 Porro, Romero (46\u00b4 Dier), Davies, Emerson \u2013 Sarr (73\u00b4 Lo Celso), Skipp \u2013 Johnson, Kulusevski, Son \u2013 Richarlison (63\u00b4 H\u00f8jbjerg)<\/p>\n<p><strong>Everton FC:<\/strong> Pickford \u2013 Patterson, Tarkowski, Branhwaite, Mykolenko \u2013 Harrison (66\u00b4 Danjuma), Onana (79\u00b4 Beto), Gueye (24\u00b4 Gomes), Garner, McNeil \u2013 Calvert-Lewin<\/p>\n<p><strong>Rozhodca:<\/strong> Stuart Attwell\u00a0 <strong>Div\u00e1ci:<\/strong> 61 808 (Tottenham Hotspur Stadium)<\/p>\n","protected":false},"excerpt":{"rendered":"<p>V\u00ed\u0165azn\u00e1 s\u00e9ria The Toffees na tr\u00e1vnikoch s\u00faperov sa bohu\u017eia\u013e skon\u010dila. No v\u00fdkon to bol obdivuhodn\u00fd, a body sme neodovzd\u00e1vali lacno. Len t\u00e1 kvalita v koncovke.<\/p>\n","protected":false},"author":1,"featured_media":23560,"comment_status":"open","ping_status":"closed","sticky":false,"template":"","format":"standard","meta":{"_eb_attr":"","_monsterinsights_skip_tracking":false,"_monsterinsights_sitenote_active":false,"_monsterinsights_sitenote_note":"","_monsterinsights_sitenote_category":0,"footnotes":""},"categories":[4],"tags":[],"yoast_head":"<!-- This site is optimized with the Yoast SEO plugin v23.4 - https:\/\/yoast.com\/wordpress\/plugins\/seo\/ -->\n<title>Tottenham Hotspur \u2013 Everton 2:1 - Official Czech &amp; Slovak Everton Supporters&#039; Club<\/title>\n<meta name=\"robots\" content=\"index, follow, max-snippet:-1, max-image-preview:large, max-video-preview:-1\" \/>\n<link rel=\"canonical\" href=\"https:\/\/evertonfc.cz\/index.php\/2023\/12\/25\/tottenham-hotspur-everton-21\/\" \/>\n<meta property=\"og:locale\" content=\"cs_CZ\" \/>\n<meta property=\"og:type\" content=\"article\" \/>\n<meta property=\"og:title\" content=\"Tottenham Hotspur \u2013 Everton 2:1 - Official Czech &amp; Slovak Everton Supporters&#039; Club\" \/>\n<meta property=\"og:description\" content=\"V\u00ed\u0165azn\u00e1 s\u00e9ria The Toffees na tr\u00e1vnikoch s\u00faperov sa bohu\u017eia\u013e skon\u010dila. No v\u00fdkon to bol obdivuhodn\u00fd, a body sme neodovzd\u00e1vali lacno. Len t\u00e1 kvalita v koncovke.\" \/>\n<meta property=\"og:url\" content=\"https:\/\/evertonfc.cz\/index.php\/2023\/12\/25\/tottenham-hotspur-everton-21\/\" \/>\n<meta property=\"og:site_name\" content=\"Official Czech &amp; Slovak Everton Supporters&#039; Club\" \/>\n<meta property=\"article:publisher\" content=\"https:\/\/www.facebook.com\/everton.fans.cz.sk\" \/>\n<meta property=\"article:published_time\" content=\"2023-12-25T11:14:24+00:00\" \/>\n<meta property=\"og:image\" content=\"https:\/\/evertonfc.cz\/wp-content\/uploads\/2023\/12\/Gomes-in-Tottenham-2-1-Everton-by-Getty-Images-23-12-2023.jpg\" \/>\n\t<meta property=\"og:image:width\" content=\"720\" \/>\n\t<meta property=\"og:image:height\" content=\"405\" \/>\n\t<meta property=\"og:image:type\" content=\"image\/jpeg\" \/>\n<meta name=\"author\" content=\"BlueBlooded\" \/>\n<meta name=\"twitter:card\" content=\"summary_large_image\" \/>\n<meta name=\"twitter:label1\" content=\"Napsal(a)\" \/>\n\t<meta name=\"twitter:data1\" content=\"BlueBlooded\" \/>\n\t<meta name=\"twitter:label2\" content=\"Odhadovan\u00e1 doba \u010dten\u00ed\" \/>\n\t<meta name=\"twitter:data2\" content=\"5 minut\" \/>\n<script type=\"application\/ld+json\" class=\"yoast-schema-graph\">{\"@context\":\"https:\/\/schema.org\",\"@graph\":[{\"@type\":\"Article\",\"@id\":\"https:\/\/evertonfc.cz\/index.php\/2023\/12\/25\/tottenham-hotspur-everton-21\/#article\",\"isPartOf\":{\"@id\":\"https:\/\/evertonfc.cz\/index.php\/2023\/12\/25\/tottenham-hotspur-everton-21\/\"},\"author\":{\"name\":\"BlueBlooded\",\"@id\":\"https:\/\/evertonfc.cz\/#\/schema\/person\/d4493b8cbea51532597fbc4685698916\"},\"headline\":\"Tottenham Hotspur \u2013 Everton 2:1\",\"datePublished\":\"2023-12-25T11:14:24+00:00\",\"dateModified\":\"2023-12-25T11:14:24+00:00\",\"mainEntityOfPage\":{\"@id\":\"https:\/\/evertonfc.cz\/index.php\/2023\/12\/25\/tottenham-hotspur-everton-21\/\"},\"wordCount\":960,\"commentCount\":3,\"publisher\":{\"@id\":\"https:\/\/evertonfc.cz\/#organization\"},\"image\":{\"@id\":\"https:\/\/evertonfc.cz\/index.php\/2023\/12\/25\/tottenham-hotspur-everton-21\/#primaryimage\"},\"thumbnailUrl\":\"https:\/\/evertonfc.cz\/wp-content\/uploads\/2023\/12\/Gomes-in-Tottenham-2-1-Everton-by-Getty-Images-23-12-2023.jpg\",\"articleSection\":[\"Z\u00e1pasy\"],\"inLanguage\":\"cs\",\"potentialAction\":[{\"@type\":\"CommentAction\",\"name\":\"Comment\",\"target\":[\"https:\/\/evertonfc.cz\/index.php\/2023\/12\/25\/tottenham-hotspur-everton-21\/#respond\"]}]},{\"@type\":\"WebPage\",\"@id\":\"https:\/\/evertonfc.cz\/index.php\/2023\/12\/25\/tottenham-hotspur-everton-21\/\",\"url\":\"https:\/\/evertonfc.cz\/index.php\/2023\/12\/25\/tottenham-hotspur-everton-21\/\",\"name\":\"Tottenham Hotspur \u2013 Everton 2:1 - Official Czech &amp; Slovak Everton Supporters&#039; Club\",\"isPartOf\":{\"@id\":\"https:\/\/evertonfc.cz\/#website\"},\"primaryImageOfPage\":{\"@id\":\"https:\/\/evertonfc.cz\/index.php\/2023\/12\/25\/tottenham-hotspur-everton-21\/#primaryimage\"},\"image\":{\"@id\":\"https:\/\/evertonfc.cz\/index.php\/2023\/12\/25\/tottenham-hotspur-everton-21\/#primaryimage\"},\"thumbnailUrl\":\"https:\/\/evertonfc.cz\/wp-content\/uploads\/2023\/12\/Gomes-in-Tottenham-2-1-Everton-by-Getty-Images-23-12-2023.jpg\",\"datePublished\":\"2023-12-25T11:14:24+00:00\",\"dateModified\":\"2023-12-25T11:14:24+00:00\",\"breadcrumb\":{\"@id\":\"https:\/\/evertonfc.cz\/index.php\/2023\/12\/25\/tottenham-hotspur-everton-21\/#breadcrumb\"},\"inLanguage\":\"cs\",\"potentialAction\":[{\"@type\":\"ReadAction\",\"target\":[\"https:\/\/evertonfc.cz\/index.php\/2023\/12\/25\/tottenham-hotspur-everton-21\/\"]}]},{\"@type\":\"ImageObject\",\"inLanguage\":\"cs\",\"@id\":\"https:\/\/evertonfc.cz\/index.php\/2023\/12\/25\/tottenham-hotspur-everton-21\/#primaryimage\",\"url\":\"https:\/\/evertonfc.cz\/wp-content\/uploads\/2023\/12\/Gomes-in-Tottenham-2-1-Everton-by-Getty-Images-23-12-2023.jpg\",\"contentUrl\":\"https:\/\/evertonfc.cz\/wp-content\/uploads\/2023\/12\/Gomes-in-Tottenham-2-1-Everton-by-Getty-Images-23-12-2023.jpg\",\"width\":720,\"height\":405},{\"@type\":\"BreadcrumbList\",\"@id\":\"https:\/\/evertonfc.cz\/index.php\/2023\/12\/25\/tottenham-hotspur-everton-21\/#breadcrumb\",\"itemListElement\":[{\"@type\":\"ListItem\",\"position\":1,\"name\":\"Home\",\"item\":\"https:\/\/evertonfc.cz\/\"},{\"@type\":\"ListItem\",\"position\":2,\"name\":\"Tottenham Hotspur \u2013 Everton 2:1\"}]},{\"@type\":\"WebSite\",\"@id\":\"https:\/\/evertonfc.cz\/#website\",\"url\":\"https:\/\/evertonfc.cz\/\",\"name\":\"Official Czech &amp; Slovak Everton Supporters&#039; Club\",\"description\":\"\",\"publisher\":{\"@id\":\"https:\/\/evertonfc.cz\/#organization\"},\"potentialAction\":[{\"@type\":\"SearchAction\",\"target\":{\"@type\":\"EntryPoint\",\"urlTemplate\":\"https:\/\/evertonfc.cz\/?s={search_term_string}\"},\"query-input\":{\"@type\":\"PropertyValueSpecification\",\"valueRequired\":true,\"valueName\":\"search_term_string\"}}],\"inLanguage\":\"cs\"},{\"@type\":\"Organization\",\"@id\":\"https:\/\/evertonfc.cz\/#organization\",\"name\":\"Official Czech & Slovak Everton Supporters' Club\",\"url\":\"https:\/\/evertonfc.cz\/\",\"logo\":{\"@type\":\"ImageObject\",\"inLanguage\":\"cs\",\"@id\":\"https:\/\/evertonfc.cz\/#\/schema\/logo\/image\/\",\"url\":\"https:\/\/evertonfc.cz\/wp-content\/uploads\/2019\/05\/logo.png\",\"contentUrl\":\"https:\/\/evertonfc.cz\/wp-content\/uploads\/2019\/05\/logo.png\",\"width\":112,\"height\":112,\"caption\":\"Official Czech & Slovak Everton Supporters' Club\"},\"image\":{\"@id\":\"https:\/\/evertonfc.cz\/#\/schema\/logo\/image\/\"},\"sameAs\":[\"https:\/\/www.facebook.com\/everton.fans.cz.sk\"]},{\"@type\":\"Person\",\"@id\":\"https:\/\/evertonfc.cz\/#\/schema\/person\/d4493b8cbea51532597fbc4685698916\",\"name\":\"BlueBlooded\",\"url\":\"https:\/\/evertonfc.cz\/index.php\/author\/admin\/\"}]}<\/script>\n<!-- \/ Yoast SEO plugin. -->","yoast_head_json":{"title":"Tottenham Hotspur \u2013 Everton 2:1 - Official Czech &amp; Slovak Everton Supporters&#039; Club","robots":{"index":"index","follow":"follow","max-snippet":"max-snippet:-1","max-image-preview":"max-image-preview:large","max-video-preview":"max-video-preview:-1"},"canonical":"https:\/\/evertonfc.cz\/index.php\/2023\/12\/25\/tottenham-hotspur-everton-21\/","og_locale":"cs_CZ","og_type":"article","og_title":"Tottenham Hotspur \u2013 Everton 2:1 - Official Czech &amp; Slovak Everton Supporters&#039; Club","og_description":"V\u00ed\u0165azn\u00e1 s\u00e9ria The Toffees na tr\u00e1vnikoch s\u00faperov sa bohu\u017eia\u013e skon\u010dila. No v\u00fdkon to bol obdivuhodn\u00fd, a body sme neodovzd\u00e1vali lacno. Len t\u00e1 kvalita v koncovke.","og_url":"https:\/\/evertonfc.cz\/index.php\/2023\/12\/25\/tottenham-hotspur-everton-21\/","og_site_name":"Official Czech &amp; Slovak Everton Supporters&#039; Club","article_publisher":"https:\/\/www.facebook.com\/everton.fans.cz.sk","article_published_time":"2023-12-25T11:14:24+00:00","og_image":[{"width":720,"height":405,"url":"https:\/\/evertonfc.cz\/wp-content\/uploads\/2023\/12\/Gomes-in-Tottenham-2-1-Everton-by-Getty-Images-23-12-2023.jpg","type":"image\/jpeg"}],"author":"BlueBlooded","twitter_card":"summary_large_image","twitter_misc":{"Napsal(a)":"BlueBlooded","Odhadovan\u00e1 doba \u010dten\u00ed":"5 minut"},"schema":{"@context":"https:\/\/schema.org","@graph":[{"@type":"Article","@id":"https:\/\/evertonfc.cz\/index.php\/2023\/12\/25\/tottenham-hotspur-everton-21\/#article","isPartOf":{"@id":"https:\/\/evertonfc.cz\/index.php\/2023\/12\/25\/tottenham-hotspur-everton-21\/"},"author":{"name":"BlueBlooded","@id":"https:\/\/evertonfc.cz\/#\/schema\/person\/d4493b8cbea51532597fbc4685698916"},"headline":"Tottenham Hotspur \u2013 Everton 2:1","datePublished":"2023-12-25T11:14:24+00:00","dateModified":"2023-12-25T11:14:24+00:00","mainEntityOfPage":{"@id":"https:\/\/evertonfc.cz\/index.php\/2023\/12\/25\/tottenham-hotspur-everton-21\/"},"wordCount":960,"commentCount":3,"publisher":{"@id":"https:\/\/evertonfc.cz\/#organization"},"image":{"@id":"https:\/\/evertonfc.cz\/index.php\/2023\/12\/25\/tottenham-hotspur-everton-21\/#primaryimage"},"thumbnailUrl":"https:\/\/evertonfc.cz\/wp-content\/uploads\/2023\/12\/Gomes-in-Tottenham-2-1-Everton-by-Getty-Images-23-12-2023.jpg","articleSection":["Z\u00e1pasy"],"inLanguage":"cs","potentialAction":[{"@type":"CommentAction","name":"Comment","target":["https:\/\/evertonfc.cz\/index.php\/2023\/12\/25\/tottenham-hotspur-everton-21\/#respond"]}]},{"@type":"WebPage","@id":"https:\/\/evertonfc.cz\/index.php\/2023\/12\/25\/tottenham-hotspur-everton-21\/","url":"https:\/\/evertonfc.cz\/index.php\/2023\/12\/25\/tottenham-hotspur-everton-21\/","name":"Tottenham Hotspur \u2013 Everton 2:1 - Official Czech &amp; Slovak Everton Supporters&#039; Club","isPartOf":{"@id":"https:\/\/evertonfc.cz\/#website"},"primaryImageOfPage":{"@id":"https:\/\/evertonfc.cz\/index.php\/2023\/12\/25\/tottenham-hotspur-everton-21\/#primaryimage"},"image":{"@id":"https:\/\/evertonfc.cz\/index.php\/2023\/12\/25\/tottenham-hotspur-everton-21\/#primaryimage"},"thumbnailUrl":"https:\/\/evertonfc.cz\/wp-content\/uploads\/2023\/12\/Gomes-in-Tottenham-2-1-Everton-by-Getty-Images-23-12-2023.jpg","datePublished":"2023-12-25T11:14:24+00:00","dateModified":"2023-12-25T11:14:24+00:00","breadcrumb":{"@id":"https:\/\/evertonfc.cz\/index.php\/2023\/12\/25\/tottenham-hotspur-everton-21\/#breadcrumb"},"inLanguage":"cs","potentialAction":[{"@type":"ReadAction","target":["https:\/\/evertonfc.cz\/index.php\/2023\/12\/25\/tottenham-hotspur-everton-21\/"]}]},{"@type":"ImageObject","inLanguage":"cs","@id":"https:\/\/evertonfc.cz\/index.php\/2023\/12\/25\/tottenham-hotspur-everton-21\/#primaryimage","url":"https:\/\/evertonfc.cz\/wp-content\/uploads\/2023\/12\/Gomes-in-Tottenham-2-1-Everton-by-Getty-Images-23-12-2023.jpg","contentUrl":"https:\/\/evertonfc.cz\/wp-content\/uploads\/2023\/12\/Gomes-in-Tottenham-2-1-Everton-by-Getty-Images-23-12-2023.jpg","width":720,"height":405},{"@type":"BreadcrumbList","@id":"https:\/\/evertonfc.cz\/index.php\/2023\/12\/25\/tottenham-hotspur-everton-21\/#breadcrumb","itemListElement":[{"@type":"ListItem","position":1,"name":"Home","item":"https:\/\/evertonfc.cz\/"},{"@type":"ListItem","position":2,"name":"Tottenham Hotspur \u2013 Everton 2:1"}]},{"@type":"WebSite","@id":"https:\/\/evertonfc.cz\/#website","url":"https:\/\/evertonfc.cz\/","name":"Official Czech &amp; Slovak Everton Supporters&#039; Club","description":"","publisher":{"@id":"https:\/\/evertonfc.cz\/#organization"},"potentialAction":[{"@type":"SearchAction","target":{"@type":"EntryPoint","urlTemplate":"https:\/\/evertonfc.cz\/?s={search_term_string}"},"query-input":{"@type":"PropertyValueSpecification","valueRequired":true,"valueName":"search_term_string"}}],"inLanguage":"cs"},{"@type":"Organization","@id":"https:\/\/evertonfc.cz\/#organization","name":"Official Czech & Slovak Everton Supporters' Club","url":"https:\/\/evertonfc.cz\/","logo":{"@type":"ImageObject","inLanguage":"cs","@id":"https:\/\/evertonfc.cz\/#\/schema\/logo\/image\/","url":"https:\/\/evertonfc.cz\/wp-content\/uploads\/2019\/05\/logo.png","contentUrl":"https:\/\/evertonfc.cz\/wp-content\/uploads\/2019\/05\/logo.png","width":112,"height":112,"caption":"Official Czech & Slovak Everton Supporters' Club"},"image":{"@id":"https:\/\/evertonfc.cz\/#\/schema\/logo\/image\/"},"sameAs":["https:\/\/www.facebook.com\/everton.fans.cz.sk"]},{"@type":"Person","@id":"https:\/\/evertonfc.cz\/#\/schema\/person\/d4493b8cbea51532597fbc4685698916","name":"BlueBlooded","url":"https:\/\/evertonfc.cz\/index.php\/author\/admin\/"}]}},"_links":{"self":[{"href":"https:\/\/evertonfc.cz\/index.php\/wp-json\/wp\/v2\/posts\/23559"}],"collection":[{"href":"https:\/\/evertonfc.cz\/index.php\/wp-json\/wp\/v2\/posts"}],"about":[{"href":"https:\/\/evertonfc.cz\/index.php\/wp-json\/wp\/v2\/types\/post"}],"author":[{"embeddable":true,"href":"https:\/\/evertonfc.cz\/index.php\/wp-json\/wp\/v2\/users\/1"}],"replies":[{"embeddable":true,"href":"https:\/\/evertonfc.cz\/index.php\/wp-json\/wp\/v2\/comments?post=23559"}],"version-history":[{"count":3,"href":"https:\/\/evertonfc.cz\/index.php\/wp-json\/wp\/v2\/posts\/23559\/revisions"}],"predecessor-version":[{"id":23563,"href":"https:\/\/evertonfc.cz\/index.php\/wp-json\/wp\/v2\/posts\/23559\/revisions\/23563"}],"wp:featuredmedia":[{"embeddable":true,"href":"https:\/\/evertonfc.cz\/index.php\/wp-json\/wp\/v2\/media\/23560"}],"wp:attachment":[{"href":"https:\/\/evertonfc.cz\/index.php\/wp-json\/wp\/v2\/media?parent=23559"}],"wp:term":[{"taxonomy":"category","embeddable":true,"href":"https:\/\/evertonfc.cz\/index.php\/wp-json\/wp\/v2\/categories?post=23559"},{"taxonomy":"post_tag","embeddable":true,"href":"https:\/\/evertonfc.cz\/index.php\/wp-json\/wp\/v2\/tags?post=23559"}],"curies":[{"name":"wp","href":"https:\/\/api.w.org\/{rel}","templated":true}]}}