{"id":2356,"date":"2017-10-23T21:41:07","date_gmt":"2017-10-23T19:41:07","guid":{"rendered":"http:\/\/evertonfc.cz\/?p=2356"},"modified":"2019-02-05T21:46:24","modified_gmt":"2019-02-05T20:46:24","slug":"konec-po-sestnacti-mesicich-koeman-byl-propusten","status":"publish","type":"post","link":"https:\/\/evertonfc.cz\/index.php\/2017\/10\/23\/konec-po-sestnacti-mesicich-koeman-byl-propusten\/","title":{"rendered":"Konec po \u0161estn\u00e1cti m\u011bs\u00edc\u00edch: Koeman byl propu\u0161t\u011bn"},"content":{"rendered":"\n<h4 class=\"wp-block-heading\">Ronald Koeman s okam\u017eitou platnost\u00ed kon\u010d\u00ed ve funkci mana\u017eera Evertonu, kterou zast\u00e1val od \u010dervna minul\u00e9ho roku. Zpr\u00e1vu p\u0159inesl ofici\u00e1ln\u00ed klubov\u00fd web.<\/h4>\n\n\n\n<p>Na ofici\u00e1ln\u00edm webu se dnes odpoledne objevilo stru\u010dn\u00e9, le\u010d velmi d\u016fle\u017eit\u00e9 prohl\u00e1\u0161en\u00ed:&nbsp;<em>\u201eEverton informuje, \u017ee Ronald Koeman opustil klub.<\/em><\/p>\n\n\n\n<p><em>P\u0159edseda Bill Kenwright, p\u0159edstavenstvo a vlastn\u00edk nejv\u011bt\u0161\u00edho pod\u00edlu Farhad Moshiri by Ronaldovi r\u00e1di vyj\u00e1d\u0159ili pod\u011bkov\u00e1n\u00ed za pr\u00e1ci odvedenou v uplynul\u00fdch \u0161estn\u00e1cti m\u011bs\u00edc\u00edch a tak\u00e9 za sedm\u00e9 m\u00edsto v lo\u0148sk\u00e9 sez\u00f3n\u011b.\u201c<\/em><\/p>\n\n\n\n<p>Koeman p\u0159itom je\u0161t\u011b v ned\u011bli po proh\u0159e 2:5 s Arsenalem prohl\u00e1sil, \u017ee m\u016f\u017ee zvr\u00e1tit nepoveden\u00fd start do leto\u0161n\u00ed sez\u00f3ny. V \u00favodn\u00edch dev\u00edti ligov\u00fdch kolech Toffees zv\u00edt\u011bzili pouze dvakr\u00e1t a v ned\u011bli klesli na sestupov\u00e9 18. m\u00edsto. Situace nen\u00ed lichotiv\u00e1 ani v Evropsk\u00e9 lize, v n\u00ed\u017e je \u0161ance na postup do jarn\u00ed vy\u0159azovac\u00ed f\u00e1ze minim\u00e1ln\u00ed. Ve t\u0159ech kolech z\u00e1kladn\u00ed skupiny mu\u017estvo bodovalo pouze p\u0159i dom\u00e1c\u00ed rem\u00edze s Apollonem Limassol.<\/p>\n\n\n\n<p>Moshiri, kter\u00fd m\u00e1 v klubu hlavn\u00ed slovo, je\u0161t\u011b p\u0159ed dv\u011bma t\u00fddny 54let\u00e9mu Nizozemcovi vyj\u00e1d\u0159il podporu, po dal\u0161\u00edch nev\u00fdrazn\u00fdch v\u00fdkonech mu ale do\u0161la trp\u011blivost.<\/p>\n\n\n\n<p>Koeman byl zejm\u00e9na v posledn\u00edch z\u00e1pasech, kdy \u010delil pap\u00edrov\u011b slab\u0161\u00edm soupe\u0159\u016fm, takticky a hlavn\u011b v\u00fdsledkov\u011b bezradn\u00fd. Nav\u00edc ztratil podporu fanou\u0161k\u016f, jejich\u017e v\u011bt\u0161ina u\u017e n\u011bkolik t\u00fddn\u016f hlasit\u011b \u017e\u00e1dala propu\u0161t\u011bn\u00ed. P\u0159edsez\u00f3nn\u00ed o\u010dek\u00e1v\u00e1n\u00ed se toti\u017e v\u00fdrazn\u011b li\u0161ila od reality. V l\u00e9t\u011b sice ode\u0161el kl\u00ed\u010dov\u00fd \u00fato\u010dn\u00edk Romelu Lukaku&nbsp;za 90 milion\u016f liber do Manchesteru United, do k\u00e1dru ale naopak p\u0159ibylo osm nov\u00fdch hr\u00e1\u010d\u016f, za n\u011b\u017e bylo vyplaceno v\u00edce ne\u017e 130 milion\u016f liber.<\/p>\n\n\n\n<p>Tren\u00e9rsk\u00fd t\u00fdm Evertonu krom\u011b Ronalda Koemana opustili i jeho nejbli\u017e\u0161\u00ed spolupracovn\u00edci&nbsp;\u2013 bratr a prav\u00e1 ruku Erwin, kondi\u010dn\u00ed tren\u00e9r&nbsp;Jan Kluitenberg a tren\u00e9r branka\u0159\u016f Patrick Lodewijks. Jak informuj\u00ed m\u00e9dia v \u010dele s Liverpool Echo, odstupn\u00e9 pro tuto p\u011btici se dohromady pohybuje okolo osmi milion\u016f liber.<\/p>\n\n\n<h4 style=\"text-align: center;\">Mana\u017ee\u0159i Evertonu od roku 1990<\/h4>\n<table class=\"wp-block-table\" border=\"1\">\n<thead>\n<tr>\n<th>Mana\u017eer<\/th>\n<th style=\"text-align: center;\">Celkem z\u00e1pas\u016f<\/th>\n<th style=\"text-align: center;\">Bod\u016f na z\u00e1pas<\/th>\n<th style=\"text-align: center;\">\u00dasp\u011b\u0161nost v\u00fdher<\/th>\n<\/tr>\n<\/thead>\n<tbody>\n<tr>\n<td><strong>Howard Kendall<\/strong>&nbsp;(1990-93)<\/td>\n<td style=\"text-align: center;\">60<\/td>\n<td style=\"text-align: center;\">1,28<\/td>\n<td style=\"text-align: center;\">37%<\/td>\n<\/tr>\n<tr>\n<td><strong>Mike Walker<\/strong>&nbsp;(1994)<\/td>\n<td style=\"text-align: center;\">31<\/td>\n<td style=\"text-align: center;\">0,87<\/td>\n<td style=\"text-align: center;\">19%<\/td>\n<\/tr>\n<tr>\n<td><strong>Joe Royle<\/strong>&nbsp;(1994-97)<\/td>\n<td style=\"text-align: center;\">97<\/td>\n<td style=\"text-align: center;\">1,43<\/td>\n<td style=\"text-align: center;\">37%<\/td>\n<\/tr>\n<tr>\n<td><strong>Howard Kendall<\/strong>&nbsp;(1997-98)<\/td>\n<td style=\"text-align: center;\">38<\/td>\n<td style=\"text-align: center;\">1,05<\/td>\n<td style=\"text-align: center;\">24%<\/td>\n<\/tr>\n<tr>\n<td><strong>Walter Smith<\/strong>&nbsp;(1998-2002)<\/td>\n<td style=\"text-align: center;\">140<\/td>\n<td style=\"text-align: center;\">1,16<\/td>\n<td style=\"text-align: center;\">29%<\/td>\n<\/tr>\n<tr>\n<td><strong>David Moyes&nbsp;<\/strong>(2002-13)<\/td>\n<td style=\"text-align: center;\">427<\/td>\n<td style=\"text-align: center;\">1,5<\/td>\n<td style=\"text-align: center;\">41%<\/td>\n<\/tr>\n<tr>\n<td><strong>Roberto Mart\u00ednez<\/strong>&nbsp;(2013-16)<\/td>\n<td style=\"text-align: center;\">113<\/td>\n<td style=\"text-align: center;\">1,44<\/td>\n<td style=\"text-align: center;\">38%<\/td>\n<\/tr>\n<tr>\n<td><strong>Ronald Koeman<\/strong>&nbsp;(2016-17)<\/td>\n<td style=\"text-align: center;\">47<\/td>\n<td style=\"text-align: center;\">1,47<\/td>\n<td style=\"text-align: center;\">40%<\/td>\n<\/tr>\n<\/tbody>\n<\/table>\n<p><\/p>\n\n\n<p>Kdo povede Everton do st\u0159ede\u010dn\u00edho utk\u00e1n\u00ed Ligov\u00e9ho poh\u00e1ru na p\u016fd\u011b Chelsea, je\u0161t\u011b nebylo ozn\u00e1meno. Mezi nejv\u011bt\u0161\u00ed favority na uvoln\u011bn\u00ed post pat\u0159\u00ed podle s\u00e1zkov\u00fdch kancel\u00e1\u0159\u00ed mana\u017eer Burnley Sean Dyche, b\u00fdval\u00fd lodivod Evertonu David Moyes nebo mana\u017eer&nbsp;rezervy David Unsworth. Je v\u0161ak pravd\u011bpodobn\u00e9, \u017ee Moshiri se bude sna\u017eit p\u0159iv\u00e9st v\u011bhlasn\u011bj\u0161\u00ed jm\u00e9no.<\/p>\n\n\n\n<p>Moshiri, \u00edr\u00e1nsko-britsk\u00fd byznysmen, vstoupil do struktury Evertonu v \u00fanoru 2016 a za dal\u0161\u00edch t\u0159i m\u011bs\u00edce propustil mana\u017eera Roberta Mart\u00edneze, kter\u00fd na v\u00fdbornou \u00favodn\u00ed sez\u00f3nu nav\u00e1zal neuspokojiv\u00fdmi dv\u011bma ro\u010dn\u00edky.<\/p>\n","protected":false},"excerpt":{"rendered":"<p>Ronald Koeman s okam\u017eitou platnost\u00ed kon\u010d\u00ed ve funkci mana\u017eera Evertonu, kterou zast\u00e1val od \u010dervna minul\u00e9ho roku. Zpr\u00e1vu p\u0159inesl ofici\u00e1ln\u00ed klubov\u00fd&hellip;<\/p>\n","protected":false},"author":6,"featured_media":1313,"comment_status":"open","ping_status":"closed","sticky":false,"template":"","format":"standard","meta":{"_eb_attr":"","_monsterinsights_skip_tracking":false,"_monsterinsights_sitenote_active":false,"_monsterinsights_sitenote_note":"","_monsterinsights_sitenote_category":0,"footnotes":""},"categories":[42],"tags":[],"yoast_head":"<!-- This site is optimized with the Yoast SEO plugin v23.4 - https:\/\/yoast.com\/wordpress\/plugins\/seo\/ -->\n<title>Konec po \u0161estn\u00e1cti m\u011bs\u00edc\u00edch: Koeman byl propu\u0161t\u011bn - Official Czech &amp; Slovak Everton Supporters&#039; Club<\/title>\n<meta name=\"robots\" content=\"index, follow, max-snippet:-1, max-image-preview:large, max-video-preview:-1\" \/>\n<link rel=\"canonical\" href=\"https:\/\/evertonfc.cz\/index.php\/2017\/10\/23\/konec-po-sestnacti-mesicich-koeman-byl-propusten\/\" \/>\n<meta property=\"og:locale\" content=\"cs_CZ\" \/>\n<meta property=\"og:type\" content=\"article\" \/>\n<meta property=\"og:title\" content=\"Konec po \u0161estn\u00e1cti m\u011bs\u00edc\u00edch: Koeman byl propu\u0161t\u011bn - Official Czech &amp; Slovak Everton Supporters&#039; Club\" \/>\n<meta property=\"og:description\" content=\"Ronald Koeman s okam\u017eitou platnost\u00ed kon\u010d\u00ed ve funkci mana\u017eera Evertonu, kterou zast\u00e1val od \u010dervna minul\u00e9ho roku. Zpr\u00e1vu p\u0159inesl ofici\u00e1ln\u00ed klubov\u00fd&hellip;\" \/>\n<meta property=\"og:url\" content=\"https:\/\/evertonfc.cz\/index.php\/2017\/10\/23\/konec-po-sestnacti-mesicich-koeman-byl-propusten\/\" \/>\n<meta property=\"og:site_name\" content=\"Official Czech &amp; Slovak Everton Supporters&#039; Club\" \/>\n<meta property=\"article:publisher\" content=\"https:\/\/www.facebook.com\/everton.fans.cz.sk\" \/>\n<meta property=\"article:published_time\" content=\"2017-10-23T19:41:07+00:00\" \/>\n<meta property=\"article:modified_time\" content=\"2019-02-05T20:46:24+00:00\" \/>\n<meta property=\"og:image\" content=\"https:\/\/evertonfc.cz\/wp-content\/uploads\/2019\/01\/news.jpg\" \/>\n\t<meta property=\"og:image:width\" content=\"720\" \/>\n\t<meta property=\"og:image:height\" content=\"405\" \/>\n\t<meta property=\"og:image:type\" content=\"image\/jpeg\" \/>\n<meta name=\"author\" content=\"Ri\u010di\" \/>\n<meta name=\"twitter:card\" content=\"summary_large_image\" \/>\n<meta name=\"twitter:creator\" content=\"@rbrejsa\" \/>\n<meta name=\"twitter:label1\" content=\"Napsal(a)\" \/>\n\t<meta name=\"twitter:data1\" content=\"Ri\u010di\" \/>\n\t<meta name=\"twitter:label2\" content=\"Odhadovan\u00e1 doba \u010dten\u00ed\" \/>\n\t<meta name=\"twitter:data2\" content=\"3 minuty\" \/>\n<script type=\"application\/ld+json\" class=\"yoast-schema-graph\">{\"@context\":\"https:\/\/schema.org\",\"@graph\":[{\"@type\":\"Article\",\"@id\":\"https:\/\/evertonfc.cz\/index.php\/2017\/10\/23\/konec-po-sestnacti-mesicich-koeman-byl-propusten\/#article\",\"isPartOf\":{\"@id\":\"https:\/\/evertonfc.cz\/index.php\/2017\/10\/23\/konec-po-sestnacti-mesicich-koeman-byl-propusten\/\"},\"author\":{\"name\":\"Ri\u010di\",\"@id\":\"https:\/\/evertonfc.cz\/#\/schema\/person\/f7a5daedb2ffee98480bc70e191aaef1\"},\"headline\":\"Konec po \u0161estn\u00e1cti m\u011bs\u00edc\u00edch: Koeman byl propu\u0161t\u011bn\",\"datePublished\":\"2017-10-23T19:41:07+00:00\",\"dateModified\":\"2019-02-05T20:46:24+00:00\",\"mainEntityOfPage\":{\"@id\":\"https:\/\/evertonfc.cz\/index.php\/2017\/10\/23\/konec-po-sestnacti-mesicich-koeman-byl-propusten\/\"},\"wordCount\":563,\"commentCount\":0,\"publisher\":{\"@id\":\"https:\/\/evertonfc.cz\/#organization\"},\"image\":{\"@id\":\"https:\/\/evertonfc.cz\/index.php\/2017\/10\/23\/konec-po-sestnacti-mesicich-koeman-byl-propusten\/#primaryimage\"},\"thumbnailUrl\":\"https:\/\/evertonfc.cz\/wp-content\/uploads\/2019\/01\/news.jpg\",\"articleSection\":[\"Aktuality\"],\"inLanguage\":\"cs\",\"potentialAction\":[{\"@type\":\"CommentAction\",\"name\":\"Comment\",\"target\":[\"https:\/\/evertonfc.cz\/index.php\/2017\/10\/23\/konec-po-sestnacti-mesicich-koeman-byl-propusten\/#respond\"]}]},{\"@type\":\"WebPage\",\"@id\":\"https:\/\/evertonfc.cz\/index.php\/2017\/10\/23\/konec-po-sestnacti-mesicich-koeman-byl-propusten\/\",\"url\":\"https:\/\/evertonfc.cz\/index.php\/2017\/10\/23\/konec-po-sestnacti-mesicich-koeman-byl-propusten\/\",\"name\":\"Konec po \u0161estn\u00e1cti m\u011bs\u00edc\u00edch: Koeman byl propu\u0161t\u011bn - Official Czech &amp; Slovak Everton Supporters&#039; Club\",\"isPartOf\":{\"@id\":\"https:\/\/evertonfc.cz\/#website\"},\"primaryImageOfPage\":{\"@id\":\"https:\/\/evertonfc.cz\/index.php\/2017\/10\/23\/konec-po-sestnacti-mesicich-koeman-byl-propusten\/#primaryimage\"},\"image\":{\"@id\":\"https:\/\/evertonfc.cz\/index.php\/2017\/10\/23\/konec-po-sestnacti-mesicich-koeman-byl-propusten\/#primaryimage\"},\"thumbnailUrl\":\"https:\/\/evertonfc.cz\/wp-content\/uploads\/2019\/01\/news.jpg\",\"datePublished\":\"2017-10-23T19:41:07+00:00\",\"dateModified\":\"2019-02-05T20:46:24+00:00\",\"breadcrumb\":{\"@id\":\"https:\/\/evertonfc.cz\/index.php\/2017\/10\/23\/konec-po-sestnacti-mesicich-koeman-byl-propusten\/#breadcrumb\"},\"inLanguage\":\"cs\",\"potentialAction\":[{\"@type\":\"ReadAction\",\"target\":[\"https:\/\/evertonfc.cz\/index.php\/2017\/10\/23\/konec-po-sestnacti-mesicich-koeman-byl-propusten\/\"]}]},{\"@type\":\"ImageObject\",\"inLanguage\":\"cs\",\"@id\":\"https:\/\/evertonfc.cz\/index.php\/2017\/10\/23\/konec-po-sestnacti-mesicich-koeman-byl-propusten\/#primaryimage\",\"url\":\"https:\/\/evertonfc.cz\/wp-content\/uploads\/2019\/01\/news.jpg\",\"contentUrl\":\"https:\/\/evertonfc.cz\/wp-content\/uploads\/2019\/01\/news.jpg\",\"width\":720,\"height\":405},{\"@type\":\"BreadcrumbList\",\"@id\":\"https:\/\/evertonfc.cz\/index.php\/2017\/10\/23\/konec-po-sestnacti-mesicich-koeman-byl-propusten\/#breadcrumb\",\"itemListElement\":[{\"@type\":\"ListItem\",\"position\":1,\"name\":\"Home\",\"item\":\"https:\/\/evertonfc.cz\/\"},{\"@type\":\"ListItem\",\"position\":2,\"name\":\"Konec po \u0161estn\u00e1cti m\u011bs\u00edc\u00edch: Koeman byl propu\u0161t\u011bn\"}]},{\"@type\":\"WebSite\",\"@id\":\"https:\/\/evertonfc.cz\/#website\",\"url\":\"https:\/\/evertonfc.cz\/\",\"name\":\"Official Czech &amp; Slovak Everton Supporters&#039; Club\",\"description\":\"\",\"publisher\":{\"@id\":\"https:\/\/evertonfc.cz\/#organization\"},\"potentialAction\":[{\"@type\":\"SearchAction\",\"target\":{\"@type\":\"EntryPoint\",\"urlTemplate\":\"https:\/\/evertonfc.cz\/?s={search_term_string}\"},\"query-input\":{\"@type\":\"PropertyValueSpecification\",\"valueRequired\":true,\"valueName\":\"search_term_string\"}}],\"inLanguage\":\"cs\"},{\"@type\":\"Organization\",\"@id\":\"https:\/\/evertonfc.cz\/#organization\",\"name\":\"Official Czech & Slovak Everton Supporters' Club\",\"url\":\"https:\/\/evertonfc.cz\/\",\"logo\":{\"@type\":\"ImageObject\",\"inLanguage\":\"cs\",\"@id\":\"https:\/\/evertonfc.cz\/#\/schema\/logo\/image\/\",\"url\":\"https:\/\/evertonfc.cz\/wp-content\/uploads\/2019\/05\/logo.png\",\"contentUrl\":\"https:\/\/evertonfc.cz\/wp-content\/uploads\/2019\/05\/logo.png\",\"width\":112,\"height\":112,\"caption\":\"Official Czech & Slovak Everton Supporters' Club\"},\"image\":{\"@id\":\"https:\/\/evertonfc.cz\/#\/schema\/logo\/image\/\"},\"sameAs\":[\"https:\/\/www.facebook.com\/everton.fans.cz.sk\"]},{\"@type\":\"Person\",\"@id\":\"https:\/\/evertonfc.cz\/#\/schema\/person\/f7a5daedb2ffee98480bc70e191aaef1\",\"name\":\"Ri\u010di\",\"sameAs\":[\"https:\/\/x.com\/rbrejsa\"],\"url\":\"https:\/\/evertonfc.cz\/index.php\/author\/rici\/\"}]}<\/script>\n<!-- \/ Yoast SEO plugin. -->","yoast_head_json":{"title":"Konec po \u0161estn\u00e1cti m\u011bs\u00edc\u00edch: Koeman byl propu\u0161t\u011bn - Official Czech &amp; Slovak Everton Supporters&#039; Club","robots":{"index":"index","follow":"follow","max-snippet":"max-snippet:-1","max-image-preview":"max-image-preview:large","max-video-preview":"max-video-preview:-1"},"canonical":"https:\/\/evertonfc.cz\/index.php\/2017\/10\/23\/konec-po-sestnacti-mesicich-koeman-byl-propusten\/","og_locale":"cs_CZ","og_type":"article","og_title":"Konec po \u0161estn\u00e1cti m\u011bs\u00edc\u00edch: Koeman byl propu\u0161t\u011bn - Official Czech &amp; Slovak Everton Supporters&#039; Club","og_description":"Ronald Koeman s okam\u017eitou platnost\u00ed kon\u010d\u00ed ve funkci mana\u017eera Evertonu, kterou zast\u00e1val od \u010dervna minul\u00e9ho roku. Zpr\u00e1vu p\u0159inesl ofici\u00e1ln\u00ed klubov\u00fd&hellip;","og_url":"https:\/\/evertonfc.cz\/index.php\/2017\/10\/23\/konec-po-sestnacti-mesicich-koeman-byl-propusten\/","og_site_name":"Official Czech &amp; Slovak Everton Supporters&#039; Club","article_publisher":"https:\/\/www.facebook.com\/everton.fans.cz.sk","article_published_time":"2017-10-23T19:41:07+00:00","article_modified_time":"2019-02-05T20:46:24+00:00","og_image":[{"width":720,"height":405,"url":"https:\/\/evertonfc.cz\/wp-content\/uploads\/2019\/01\/news.jpg","type":"image\/jpeg"}],"author":"Ri\u010di","twitter_card":"summary_large_image","twitter_creator":"@rbrejsa","twitter_misc":{"Napsal(a)":"Ri\u010di","Odhadovan\u00e1 doba \u010dten\u00ed":"3 minuty"},"schema":{"@context":"https:\/\/schema.org","@graph":[{"@type":"Article","@id":"https:\/\/evertonfc.cz\/index.php\/2017\/10\/23\/konec-po-sestnacti-mesicich-koeman-byl-propusten\/#article","isPartOf":{"@id":"https:\/\/evertonfc.cz\/index.php\/2017\/10\/23\/konec-po-sestnacti-mesicich-koeman-byl-propusten\/"},"author":{"name":"Ri\u010di","@id":"https:\/\/evertonfc.cz\/#\/schema\/person\/f7a5daedb2ffee98480bc70e191aaef1"},"headline":"Konec po \u0161estn\u00e1cti m\u011bs\u00edc\u00edch: Koeman byl propu\u0161t\u011bn","datePublished":"2017-10-23T19:41:07+00:00","dateModified":"2019-02-05T20:46:24+00:00","mainEntityOfPage":{"@id":"https:\/\/evertonfc.cz\/index.php\/2017\/10\/23\/konec-po-sestnacti-mesicich-koeman-byl-propusten\/"},"wordCount":563,"commentCount":0,"publisher":{"@id":"https:\/\/evertonfc.cz\/#organization"},"image":{"@id":"https:\/\/evertonfc.cz\/index.php\/2017\/10\/23\/konec-po-sestnacti-mesicich-koeman-byl-propusten\/#primaryimage"},"thumbnailUrl":"https:\/\/evertonfc.cz\/wp-content\/uploads\/2019\/01\/news.jpg","articleSection":["Aktuality"],"inLanguage":"cs","potentialAction":[{"@type":"CommentAction","name":"Comment","target":["https:\/\/evertonfc.cz\/index.php\/2017\/10\/23\/konec-po-sestnacti-mesicich-koeman-byl-propusten\/#respond"]}]},{"@type":"WebPage","@id":"https:\/\/evertonfc.cz\/index.php\/2017\/10\/23\/konec-po-sestnacti-mesicich-koeman-byl-propusten\/","url":"https:\/\/evertonfc.cz\/index.php\/2017\/10\/23\/konec-po-sestnacti-mesicich-koeman-byl-propusten\/","name":"Konec po \u0161estn\u00e1cti m\u011bs\u00edc\u00edch: Koeman byl propu\u0161t\u011bn - Official Czech &amp; Slovak Everton Supporters&#039; Club","isPartOf":{"@id":"https:\/\/evertonfc.cz\/#website"},"primaryImageOfPage":{"@id":"https:\/\/evertonfc.cz\/index.php\/2017\/10\/23\/konec-po-sestnacti-mesicich-koeman-byl-propusten\/#primaryimage"},"image":{"@id":"https:\/\/evertonfc.cz\/index.php\/2017\/10\/23\/konec-po-sestnacti-mesicich-koeman-byl-propusten\/#primaryimage"},"thumbnailUrl":"https:\/\/evertonfc.cz\/wp-content\/uploads\/2019\/01\/news.jpg","datePublished":"2017-10-23T19:41:07+00:00","dateModified":"2019-02-05T20:46:24+00:00","breadcrumb":{"@id":"https:\/\/evertonfc.cz\/index.php\/2017\/10\/23\/konec-po-sestnacti-mesicich-koeman-byl-propusten\/#breadcrumb"},"inLanguage":"cs","potentialAction":[{"@type":"ReadAction","target":["https:\/\/evertonfc.cz\/index.php\/2017\/10\/23\/konec-po-sestnacti-mesicich-koeman-byl-propusten\/"]}]},{"@type":"ImageObject","inLanguage":"cs","@id":"https:\/\/evertonfc.cz\/index.php\/2017\/10\/23\/konec-po-sestnacti-mesicich-koeman-byl-propusten\/#primaryimage","url":"https:\/\/evertonfc.cz\/wp-content\/uploads\/2019\/01\/news.jpg","contentUrl":"https:\/\/evertonfc.cz\/wp-content\/uploads\/2019\/01\/news.jpg","width":720,"height":405},{"@type":"BreadcrumbList","@id":"https:\/\/evertonfc.cz\/index.php\/2017\/10\/23\/konec-po-sestnacti-mesicich-koeman-byl-propusten\/#breadcrumb","itemListElement":[{"@type":"ListItem","position":1,"name":"Home","item":"https:\/\/evertonfc.cz\/"},{"@type":"ListItem","position":2,"name":"Konec po \u0161estn\u00e1cti m\u011bs\u00edc\u00edch: Koeman byl propu\u0161t\u011bn"}]},{"@type":"WebSite","@id":"https:\/\/evertonfc.cz\/#website","url":"https:\/\/evertonfc.cz\/","name":"Official Czech &amp; Slovak Everton Supporters&#039; Club","description":"","publisher":{"@id":"https:\/\/evertonfc.cz\/#organization"},"potentialAction":[{"@type":"SearchAction","target":{"@type":"EntryPoint","urlTemplate":"https:\/\/evertonfc.cz\/?s={search_term_string}"},"query-input":{"@type":"PropertyValueSpecification","valueRequired":true,"valueName":"search_term_string"}}],"inLanguage":"cs"},{"@type":"Organization","@id":"https:\/\/evertonfc.cz\/#organization","name":"Official Czech & Slovak Everton Supporters' Club","url":"https:\/\/evertonfc.cz\/","logo":{"@type":"ImageObject","inLanguage":"cs","@id":"https:\/\/evertonfc.cz\/#\/schema\/logo\/image\/","url":"https:\/\/evertonfc.cz\/wp-content\/uploads\/2019\/05\/logo.png","contentUrl":"https:\/\/evertonfc.cz\/wp-content\/uploads\/2019\/05\/logo.png","width":112,"height":112,"caption":"Official Czech & Slovak Everton Supporters' Club"},"image":{"@id":"https:\/\/evertonfc.cz\/#\/schema\/logo\/image\/"},"sameAs":["https:\/\/www.facebook.com\/everton.fans.cz.sk"]},{"@type":"Person","@id":"https:\/\/evertonfc.cz\/#\/schema\/person\/f7a5daedb2ffee98480bc70e191aaef1","name":"Ri\u010di","sameAs":["https:\/\/x.com\/rbrejsa"],"url":"https:\/\/evertonfc.cz\/index.php\/author\/rici\/"}]}},"_links":{"self":[{"href":"https:\/\/evertonfc.cz\/index.php\/wp-json\/wp\/v2\/posts\/2356"}],"collection":[{"href":"https:\/\/evertonfc.cz\/index.php\/wp-json\/wp\/v2\/posts"}],"about":[{"href":"https:\/\/evertonfc.cz\/index.php\/wp-json\/wp\/v2\/types\/post"}],"author":[{"embeddable":true,"href":"https:\/\/evertonfc.cz\/index.php\/wp-json\/wp\/v2\/users\/6"}],"replies":[{"embeddable":true,"href":"https:\/\/evertonfc.cz\/index.php\/wp-json\/wp\/v2\/comments?post=2356"}],"version-history":[{"count":2,"href":"https:\/\/evertonfc.cz\/index.php\/wp-json\/wp\/v2\/posts\/2356\/revisions"}],"predecessor-version":[{"id":2358,"href":"https:\/\/evertonfc.cz\/index.php\/wp-json\/wp\/v2\/posts\/2356\/revisions\/2358"}],"wp:featuredmedia":[{"embeddable":true,"href":"https:\/\/evertonfc.cz\/index.php\/wp-json\/wp\/v2\/media\/1313"}],"wp:attachment":[{"href":"https:\/\/evertonfc.cz\/index.php\/wp-json\/wp\/v2\/media?parent=2356"}],"wp:term":[{"taxonomy":"category","embeddable":true,"href":"https:\/\/evertonfc.cz\/index.php\/wp-json\/wp\/v2\/categories?post=2356"},{"taxonomy":"post_tag","embeddable":true,"href":"https:\/\/evertonfc.cz\/index.php\/wp-json\/wp\/v2\/tags?post=2356"}],"curies":[{"name":"wp","href":"https:\/\/api.w.org\/{rel}","templated":true}]}}