{"id":23567,"date":"2023-12-27T17:02:38","date_gmt":"2023-12-27T16:02:38","guid":{"rendered":"https:\/\/evertonfc.cz\/?p=23567"},"modified":"2023-12-27T17:50:33","modified_gmt":"2023-12-27T16:50:33","slug":"preview-everton-manchester-city-15","status":"publish","type":"post","link":"https:\/\/evertonfc.cz\/index.php\/2023\/12\/27\/preview-everton-manchester-city-15\/","title":{"rendered":"Preview: Everton \u2013 Manchester City"},"content":{"rendered":"<h4>Po vynikaj\u00edc\u00edm, le\u010d neodm\u011bn\u011bn\u00e9m v\u00fdkonu, se chystaj\u00ed Toffees pohostit klubov\u00e9 mistry sv\u011bta. Citizens z\u00edskali za rok 5 trofej\u00ed, ale p\u0159i\u010d\u00edst jim lze i dal\u0161\u00ed zlo\u010diny.<\/h4>\n<p>Mluv\u00edm o ot\u0159esn\u00e9 bilanci, kterou tr\u00e1p\u00ed Everton. V\u00a0posledn\u00edch 12 ligov\u00fdch z\u00e1pasech jen 1 bod. Ka\u017ed\u00e1 takov\u00e1 bilance se snadno podtrhuje t\u00edm, \u017ee vyberete libovoln\u00fd za\u010d\u00e1tek pro zv\u00fd\u0161en\u00ed efektu. Tady ten za\u010d\u00e1tek odd\u011bluje \u00e9ru, kdy jsme ambicemi m\u00ed\u0159ili mezi Sky Blues a jim podobn\u00e9, od doby, kdy jsme se u\u017e \u010dast\u011bji b\u00e1li o setrv\u00e1n\u00ed.<\/p>\n<p>Jako bychom za Koeman\u016fv triumf\u00e1ln\u00ed pochod museli platit p\u0159\u00edli\u0161 vysokou cenu. Od Guardiolovi jedn\u00e9 z nejhor\u0161\u00edch por\u00e1\u017eek toti\u017e nedok\u00e1zal zlomit tu kletbu ani Ancelotti. K\u00a0tomu mus\u00edm p\u0159idat je\u0161t\u011b jednu nep\u011bknou bilanci. Dyche s\u00a0Guardiolou prohr\u00e1l 15 z\u00a016 souboj\u016f, pam\u00e1tn\u00e1 rem\u00edza je u\u017e z\u00a0\u00fanora 2018. A nutno \u0159\u00edct, \u017ee na za\u010d\u00e1tku byly 2 prohry<br \/>\no branku, ale postupem \u010dasu se ten rozd\u00edl zv\u011bt\u0161oval. To byl ale star\u00fd Sean.<\/p>\n<h4>Ze soupe\u0159ova t\u00e1bora<\/h4>\n<p>Na druhou stranu, letos se t\u00fdmu z Manchesteru v lize neda\u0159\u00ed. Teda, bylo by kr\u00e1sn\u00e9, kdyby se podobn\u011b tr\u00e1pil Everton. Proto\u017ee i p\u0159es rem\u00edzu s Chelsea, redshite a Spurs, blam\u00e1\u017e\u00ed ve Villa Parku 0:1 a ztr\u00e1t\u011b n\u00e1skoku s Palace jsou na 5. m\u00edst\u011b s 2 z\u00e1pasy k dobru. Pot\u00e9 si pohr\u00e1li se zbytkem sv\u011bta v Saudsk\u00e9 Ar\u00e1bii, ale to bych sem netahal.<\/p>\n<p>Letos toti\u017e chyb\u00ed hlavn\u00ed virtuos mezi v\u0161emi t\u011bmi esy \u2013 Kevin de Bruyne. Ten se sice uzdravuje, ale dnes by to stihnout nem\u011bl. Velk\u00fd otazn\u00edk je i zabij\u00e1k Haaland, ten vynechal Urawu i Fluminense, kde ho hladce zastoupil Julian Alvarez. Nora i tak mo\u017en\u00e1 zran\u011bn\u00ed chodidla nepust\u00ed na h\u0159i\u0161t\u011b, co\u017e by byla celkem dobr\u00e1 zpr\u00e1va. Podobn\u00e9 zran\u011bn\u00ed, tentokr\u00e1t ale kotn\u00edku, tr\u00e1p\u00ed dal\u0161\u00edho pil\u00ed\u0159e t\u00fdmu, Rodriho, ale ten by nastoupit m\u011bl. Je ot\u00e1zka, jak mu bude sv\u011bd\u010dit tvrd\u00e1 hra Toffees. Do hry se mo\u017en\u00e1 vr\u00e1t\u00ed Jeremy Doku.<\/p>\n<h4>Kdo bude na\u0161\u00edm hrdinou?<\/h4>\n<p>Everton m\u00e1 svoje probl\u00e9my. Exit z\u00a0Ligov\u00e9ho poh\u00e1ru a prohra s\u00a0Tottenhamem p\u0159est\u0159ihli \u0161\u0148\u016fru v\u00edt\u011bzstv\u00ed. Mezit\u00edm tak\u00e9 Luton a Burnley uk\u00e1zali, ale vlastn\u011b i Nottingham, \u017ee balit kufry do Champu si p\u0159ed jarem nehodlaj\u00ed. Nenapln\u011bn\u00fd p\u0159\u00edslib otlouk\u00e1nk\u016f n\u00e1s tla\u010d\u00ed ke hran\u011b. Tak\u017ee prolomit vlny by se hodilo.<\/p>\n<p>Vinou zran\u011bn\u00ed stehenn\u00edho svalu bude chyb\u011bt nejlep\u0161\u00ed st\u0159elec Doucour\u00e9. Jeho pozici v \u010dele zat\u00edm nikdo neohroz\u00ed. Chyb\u011bt bude d\u00e1le Gana Gueye, ten nedohr\u00e1l ani t\u0159etinu ma\u010de na THS a jestli se uzdrav\u00ed, tak mo\u017en\u00e1 a\u017e na AFCON <em>(tedy mistrovstv\u00ed Afriky, kter\u00e9 se hraje p\u0159\u00ed\u0161t\u00ed m\u011bs\u00edc &#8211; pozn. redakce).<\/em> Solidarita mezi prav\u00fdmi beky nech\u00e1 stranou Younga<br \/>\ns Colemanem. Ir si tak bude muset zaj\u00edt chu\u0165 na dorovn\u00e1n\u00ed Tima Howarda v rekordn\u00edm z\u00e1pisu z\u00e1pas\u016f za Everton v EPL. Na n\u00e1vratu Deleho Alliho se mus\u00ed shodnout fyzioterapeut, psycholog a dost mo\u017en\u00e1 i pokladn\u00edk, tak\u017ee to tak\u00e9 jen tak nebude.<\/p>\n<h4>Vz\u00e1jemn\u00e1 bilance a zaj\u00edmavosti<\/h4>\n<p>Dyche re\u017e\u00edroval v\u00a0kv\u011btnu u\u017e sedmou dom\u00e1c\u00ed por\u00e1\u017eku od City, po\u010d\u00edt\u00e1me-li v\u0161echny sout\u011b\u017ee. Na\u0161t\u011bst\u00ed pro n\u00e1s nem\u011bla fat\u00e1ln\u00ed d\u016fsledky. Tedy pokud za n\u011b nebereme fakt, \u017ee City z\u00edskan\u00fdm titulem dorovnali na\u0161i historickou bilanci, oba kluby se nyn\u00ed py\u0161n\u00ed 9 ligov\u00fdmi trofejemi.<\/p>\n<p>Vzpom\u00ednky na posledn\u00ed v\u00fdhru, slavnou 4:0, u\u017e vybledly jako vzpom\u00ednky na Toma Daviese a Ademolu Lookmana. Novou historii tvo\u0159\u00ed dal\u0161\u00ed mlad\u00ed, te\u010f t\u0159eba usilujeme o prvn\u00ed 3. dom\u00e1c\u00ed v\u00fdhru v \u0159ad\u011b od z\u00e1\u0159\u00ed 2021. I R.B.Maudes zde zanechal d\u011bdictv\u00ed.<\/p>\n<p>Jedin\u00e1 v\u00fdhra City v lize za posledn\u00edch 6 z\u00e1pas\u016f, 7 v \u0159ad\u011b bez \u010dist\u00e9ho konta, prosinec druh\u00fd nejhor\u0161\u00ed pro Katal\u00e1nce v sedle, na tom je t\u0159eba stav\u011bt. Hor\u0161\u00ed to bude s Rodrim (47 ligov\u00fdch zpas\u016f bez prohry) nebo Grealishem (3 g\u00f3ly ve 3 z\u00e1pasech za sebou).<\/p>\n<p>Zaj\u00edmav\u00fd je i pan rozhod\u010d\u00ed. John Brooks v EPL nen\u00ed a\u017e tak dlouho (od prosince 2021), na kont\u011b m\u00e1 34 z\u00e1pas\u016f. I p\u0159esto jej lze pova\u017eovat za specialistu na Everton, ten p\u00edskal u\u017e 7kr\u00e1t, naposledy proti United. M\u00e1 co napravovat, proto\u017ee zat\u00edm je za jeho veden\u00ed na\u0161e bilance 0-4-3.<\/p>\n<p>Poj\u010fme tedy to proklet\u00ed zlomit! Za Dyche, za Toma Daviese a za Everton!<\/p>\n<p><strong>Co<\/strong>: Everton FC &#8211; Manchester City FC, 19. kolo Premier League<br \/>\n<strong>Kdy<\/strong>: 27. prosince 2023 od 21:15 SE\u010c<br \/>\n<strong>Kde<\/strong>: Goodison Park \u2013 Goodison Rd, Liverpool L4 4EL (kapacita: 39 414)<br \/>\n<strong>TV<\/strong>: hlavn\u00ed program na Canal+ Sport od 21:10, komentuje Marek Sk\u00e1\u010dik<br \/>\n<strong>Rozhod\u010d\u00ed<\/strong>: John Brooks\u00a0 <strong>Postrann\u00ed<\/strong>: Lee Betts, Adrian Holmes\u00a0 <strong>\u010ctvrt\u00fd<\/strong> <strong>rozhod\u010d\u00ed<\/strong>: Anthony Taylor<br \/>\n<strong>VAR<\/strong>: David Coote\u00a0 <strong>Asistent<\/strong> <strong>VAR<\/strong>: Constantine Hatzidakis<\/p>\n","protected":false},"excerpt":{"rendered":"<p>Po vynikaj\u00edc\u00edm, le\u010d neodm\u011bn\u011bn\u00e9m v\u00fdkonu, se chystaj\u00ed Toffees pohostit klubov\u00e9 mistry sv\u011bta. Citizens z\u00edskali za rok 5 trofej\u00ed, ale p\u0159i\u010d\u00edst jim lze i dal\u0161\u00ed zlo\u010diny.<\/p>\n","protected":false},"author":10,"featured_media":13482,"comment_status":"open","ping_status":"closed","sticky":false,"template":"","format":"standard","meta":{"_eb_attr":"","_monsterinsights_skip_tracking":false,"_monsterinsights_sitenote_active":false,"_monsterinsights_sitenote_note":"","_monsterinsights_sitenote_category":0,"footnotes":""},"categories":[4],"tags":[],"yoast_head":"<!-- This site is optimized with the Yoast SEO plugin v23.4 - https:\/\/yoast.com\/wordpress\/plugins\/seo\/ -->\n<title>Preview: Everton \u2013 Manchester City - Official Czech &amp; Slovak Everton Supporters&#039; Club<\/title>\n<meta name=\"robots\" content=\"index, follow, max-snippet:-1, max-image-preview:large, max-video-preview:-1\" \/>\n<link rel=\"canonical\" href=\"https:\/\/evertonfc.cz\/index.php\/2023\/12\/27\/preview-everton-manchester-city-15\/\" \/>\n<meta property=\"og:locale\" content=\"cs_CZ\" \/>\n<meta property=\"og:type\" content=\"article\" \/>\n<meta property=\"og:title\" content=\"Preview: Everton \u2013 Manchester City - Official Czech &amp; Slovak Everton Supporters&#039; Club\" \/>\n<meta property=\"og:description\" content=\"Po vynikaj\u00edc\u00edm, le\u010d neodm\u011bn\u011bn\u00e9m v\u00fdkonu, se chystaj\u00ed Toffees pohostit klubov\u00e9 mistry sv\u011bta. Citizens z\u00edskali za rok 5 trofej\u00ed, ale p\u0159i\u010d\u00edst jim lze i dal\u0161\u00ed zlo\u010diny.\" \/>\n<meta property=\"og:url\" content=\"https:\/\/evertonfc.cz\/index.php\/2023\/12\/27\/preview-everton-manchester-city-15\/\" \/>\n<meta property=\"og:site_name\" content=\"Official Czech &amp; Slovak Everton Supporters&#039; Club\" \/>\n<meta property=\"article:publisher\" content=\"https:\/\/www.facebook.com\/everton.fans.cz.sk\" \/>\n<meta property=\"article:published_time\" content=\"2023-12-27T16:02:38+00:00\" \/>\n<meta property=\"article:modified_time\" content=\"2023-12-27T16:50:33+00:00\" \/>\n<meta property=\"og:image\" content=\"https:\/\/evertonfc.cz\/wp-content\/uploads\/2021\/01\/Everton-VS-Manchester-City.jpg\" \/>\n\t<meta property=\"og:image:width\" content=\"720\" \/>\n\t<meta property=\"og:image:height\" content=\"405\" \/>\n\t<meta property=\"og:image:type\" content=\"image\/jpeg\" \/>\n<meta name=\"author\" content=\"Fip\" \/>\n<meta name=\"twitter:card\" content=\"summary_large_image\" \/>\n<meta name=\"twitter:label1\" content=\"Napsal(a)\" \/>\n\t<meta name=\"twitter:data1\" content=\"Fip\" \/>\n\t<meta name=\"twitter:label2\" content=\"Odhadovan\u00e1 doba \u010dten\u00ed\" \/>\n\t<meta name=\"twitter:data2\" content=\"4 minuty\" \/>\n<script type=\"application\/ld+json\" class=\"yoast-schema-graph\">{\"@context\":\"https:\/\/schema.org\",\"@graph\":[{\"@type\":\"Article\",\"@id\":\"https:\/\/evertonfc.cz\/index.php\/2023\/12\/27\/preview-everton-manchester-city-15\/#article\",\"isPartOf\":{\"@id\":\"https:\/\/evertonfc.cz\/index.php\/2023\/12\/27\/preview-everton-manchester-city-15\/\"},\"author\":{\"name\":\"Fip\",\"@id\":\"https:\/\/evertonfc.cz\/#\/schema\/person\/35904009755e8eaa0dc1a5f5f0419002\"},\"headline\":\"Preview: Everton \u2013 Manchester City\",\"datePublished\":\"2023-12-27T16:02:38+00:00\",\"dateModified\":\"2023-12-27T16:50:33+00:00\",\"mainEntityOfPage\":{\"@id\":\"https:\/\/evertonfc.cz\/index.php\/2023\/12\/27\/preview-everton-manchester-city-15\/\"},\"wordCount\":847,\"commentCount\":4,\"publisher\":{\"@id\":\"https:\/\/evertonfc.cz\/#organization\"},\"image\":{\"@id\":\"https:\/\/evertonfc.cz\/index.php\/2023\/12\/27\/preview-everton-manchester-city-15\/#primaryimage\"},\"thumbnailUrl\":\"https:\/\/evertonfc.cz\/wp-content\/uploads\/2021\/01\/Everton-VS-Manchester-City.jpg\",\"articleSection\":[\"Z\u00e1pasy\"],\"inLanguage\":\"cs\",\"potentialAction\":[{\"@type\":\"CommentAction\",\"name\":\"Comment\",\"target\":[\"https:\/\/evertonfc.cz\/index.php\/2023\/12\/27\/preview-everton-manchester-city-15\/#respond\"]}]},{\"@type\":\"WebPage\",\"@id\":\"https:\/\/evertonfc.cz\/index.php\/2023\/12\/27\/preview-everton-manchester-city-15\/\",\"url\":\"https:\/\/evertonfc.cz\/index.php\/2023\/12\/27\/preview-everton-manchester-city-15\/\",\"name\":\"Preview: Everton \u2013 Manchester City - Official Czech &amp; Slovak Everton Supporters&#039; Club\",\"isPartOf\":{\"@id\":\"https:\/\/evertonfc.cz\/#website\"},\"primaryImageOfPage\":{\"@id\":\"https:\/\/evertonfc.cz\/index.php\/2023\/12\/27\/preview-everton-manchester-city-15\/#primaryimage\"},\"image\":{\"@id\":\"https:\/\/evertonfc.cz\/index.php\/2023\/12\/27\/preview-everton-manchester-city-15\/#primaryimage\"},\"thumbnailUrl\":\"https:\/\/evertonfc.cz\/wp-content\/uploads\/2021\/01\/Everton-VS-Manchester-City.jpg\",\"datePublished\":\"2023-12-27T16:02:38+00:00\",\"dateModified\":\"2023-12-27T16:50:33+00:00\",\"breadcrumb\":{\"@id\":\"https:\/\/evertonfc.cz\/index.php\/2023\/12\/27\/preview-everton-manchester-city-15\/#breadcrumb\"},\"inLanguage\":\"cs\",\"potentialAction\":[{\"@type\":\"ReadAction\",\"target\":[\"https:\/\/evertonfc.cz\/index.php\/2023\/12\/27\/preview-everton-manchester-city-15\/\"]}]},{\"@type\":\"ImageObject\",\"inLanguage\":\"cs\",\"@id\":\"https:\/\/evertonfc.cz\/index.php\/2023\/12\/27\/preview-everton-manchester-city-15\/#primaryimage\",\"url\":\"https:\/\/evertonfc.cz\/wp-content\/uploads\/2021\/01\/Everton-VS-Manchester-City.jpg\",\"contentUrl\":\"https:\/\/evertonfc.cz\/wp-content\/uploads\/2021\/01\/Everton-VS-Manchester-City.jpg\",\"width\":720,\"height\":405},{\"@type\":\"BreadcrumbList\",\"@id\":\"https:\/\/evertonfc.cz\/index.php\/2023\/12\/27\/preview-everton-manchester-city-15\/#breadcrumb\",\"itemListElement\":[{\"@type\":\"ListItem\",\"position\":1,\"name\":\"Home\",\"item\":\"https:\/\/evertonfc.cz\/\"},{\"@type\":\"ListItem\",\"position\":2,\"name\":\"Preview: Everton \u2013 Manchester City\"}]},{\"@type\":\"WebSite\",\"@id\":\"https:\/\/evertonfc.cz\/#website\",\"url\":\"https:\/\/evertonfc.cz\/\",\"name\":\"Official Czech &amp; Slovak Everton Supporters&#039; Club\",\"description\":\"\",\"publisher\":{\"@id\":\"https:\/\/evertonfc.cz\/#organization\"},\"potentialAction\":[{\"@type\":\"SearchAction\",\"target\":{\"@type\":\"EntryPoint\",\"urlTemplate\":\"https:\/\/evertonfc.cz\/?s={search_term_string}\"},\"query-input\":{\"@type\":\"PropertyValueSpecification\",\"valueRequired\":true,\"valueName\":\"search_term_string\"}}],\"inLanguage\":\"cs\"},{\"@type\":\"Organization\",\"@id\":\"https:\/\/evertonfc.cz\/#organization\",\"name\":\"Official Czech & Slovak Everton Supporters' Club\",\"url\":\"https:\/\/evertonfc.cz\/\",\"logo\":{\"@type\":\"ImageObject\",\"inLanguage\":\"cs\",\"@id\":\"https:\/\/evertonfc.cz\/#\/schema\/logo\/image\/\",\"url\":\"https:\/\/evertonfc.cz\/wp-content\/uploads\/2019\/05\/logo.png\",\"contentUrl\":\"https:\/\/evertonfc.cz\/wp-content\/uploads\/2019\/05\/logo.png\",\"width\":112,\"height\":112,\"caption\":\"Official Czech & Slovak Everton Supporters' Club\"},\"image\":{\"@id\":\"https:\/\/evertonfc.cz\/#\/schema\/logo\/image\/\"},\"sameAs\":[\"https:\/\/www.facebook.com\/everton.fans.cz.sk\"]},{\"@type\":\"Person\",\"@id\":\"https:\/\/evertonfc.cz\/#\/schema\/person\/35904009755e8eaa0dc1a5f5f0419002\",\"name\":\"Fip\",\"url\":\"https:\/\/evertonfc.cz\/index.php\/author\/fip\/\"}]}<\/script>\n<!-- \/ Yoast SEO plugin. -->","yoast_head_json":{"title":"Preview: Everton \u2013 Manchester City - Official Czech &amp; Slovak Everton Supporters&#039; Club","robots":{"index":"index","follow":"follow","max-snippet":"max-snippet:-1","max-image-preview":"max-image-preview:large","max-video-preview":"max-video-preview:-1"},"canonical":"https:\/\/evertonfc.cz\/index.php\/2023\/12\/27\/preview-everton-manchester-city-15\/","og_locale":"cs_CZ","og_type":"article","og_title":"Preview: Everton \u2013 Manchester City - Official Czech &amp; Slovak Everton Supporters&#039; Club","og_description":"Po vynikaj\u00edc\u00edm, le\u010d neodm\u011bn\u011bn\u00e9m v\u00fdkonu, se chystaj\u00ed Toffees pohostit klubov\u00e9 mistry sv\u011bta. Citizens z\u00edskali za rok 5 trofej\u00ed, ale p\u0159i\u010d\u00edst jim lze i dal\u0161\u00ed zlo\u010diny.","og_url":"https:\/\/evertonfc.cz\/index.php\/2023\/12\/27\/preview-everton-manchester-city-15\/","og_site_name":"Official Czech &amp; Slovak Everton Supporters&#039; Club","article_publisher":"https:\/\/www.facebook.com\/everton.fans.cz.sk","article_published_time":"2023-12-27T16:02:38+00:00","article_modified_time":"2023-12-27T16:50:33+00:00","og_image":[{"width":720,"height":405,"url":"https:\/\/evertonfc.cz\/wp-content\/uploads\/2021\/01\/Everton-VS-Manchester-City.jpg","type":"image\/jpeg"}],"author":"Fip","twitter_card":"summary_large_image","twitter_misc":{"Napsal(a)":"Fip","Odhadovan\u00e1 doba \u010dten\u00ed":"4 minuty"},"schema":{"@context":"https:\/\/schema.org","@graph":[{"@type":"Article","@id":"https:\/\/evertonfc.cz\/index.php\/2023\/12\/27\/preview-everton-manchester-city-15\/#article","isPartOf":{"@id":"https:\/\/evertonfc.cz\/index.php\/2023\/12\/27\/preview-everton-manchester-city-15\/"},"author":{"name":"Fip","@id":"https:\/\/evertonfc.cz\/#\/schema\/person\/35904009755e8eaa0dc1a5f5f0419002"},"headline":"Preview: Everton \u2013 Manchester City","datePublished":"2023-12-27T16:02:38+00:00","dateModified":"2023-12-27T16:50:33+00:00","mainEntityOfPage":{"@id":"https:\/\/evertonfc.cz\/index.php\/2023\/12\/27\/preview-everton-manchester-city-15\/"},"wordCount":847,"commentCount":4,"publisher":{"@id":"https:\/\/evertonfc.cz\/#organization"},"image":{"@id":"https:\/\/evertonfc.cz\/index.php\/2023\/12\/27\/preview-everton-manchester-city-15\/#primaryimage"},"thumbnailUrl":"https:\/\/evertonfc.cz\/wp-content\/uploads\/2021\/01\/Everton-VS-Manchester-City.jpg","articleSection":["Z\u00e1pasy"],"inLanguage":"cs","potentialAction":[{"@type":"CommentAction","name":"Comment","target":["https:\/\/evertonfc.cz\/index.php\/2023\/12\/27\/preview-everton-manchester-city-15\/#respond"]}]},{"@type":"WebPage","@id":"https:\/\/evertonfc.cz\/index.php\/2023\/12\/27\/preview-everton-manchester-city-15\/","url":"https:\/\/evertonfc.cz\/index.php\/2023\/12\/27\/preview-everton-manchester-city-15\/","name":"Preview: Everton \u2013 Manchester City - Official Czech &amp; Slovak Everton Supporters&#039; Club","isPartOf":{"@id":"https:\/\/evertonfc.cz\/#website"},"primaryImageOfPage":{"@id":"https:\/\/evertonfc.cz\/index.php\/2023\/12\/27\/preview-everton-manchester-city-15\/#primaryimage"},"image":{"@id":"https:\/\/evertonfc.cz\/index.php\/2023\/12\/27\/preview-everton-manchester-city-15\/#primaryimage"},"thumbnailUrl":"https:\/\/evertonfc.cz\/wp-content\/uploads\/2021\/01\/Everton-VS-Manchester-City.jpg","datePublished":"2023-12-27T16:02:38+00:00","dateModified":"2023-12-27T16:50:33+00:00","breadcrumb":{"@id":"https:\/\/evertonfc.cz\/index.php\/2023\/12\/27\/preview-everton-manchester-city-15\/#breadcrumb"},"inLanguage":"cs","potentialAction":[{"@type":"ReadAction","target":["https:\/\/evertonfc.cz\/index.php\/2023\/12\/27\/preview-everton-manchester-city-15\/"]}]},{"@type":"ImageObject","inLanguage":"cs","@id":"https:\/\/evertonfc.cz\/index.php\/2023\/12\/27\/preview-everton-manchester-city-15\/#primaryimage","url":"https:\/\/evertonfc.cz\/wp-content\/uploads\/2021\/01\/Everton-VS-Manchester-City.jpg","contentUrl":"https:\/\/evertonfc.cz\/wp-content\/uploads\/2021\/01\/Everton-VS-Manchester-City.jpg","width":720,"height":405},{"@type":"BreadcrumbList","@id":"https:\/\/evertonfc.cz\/index.php\/2023\/12\/27\/preview-everton-manchester-city-15\/#breadcrumb","itemListElement":[{"@type":"ListItem","position":1,"name":"Home","item":"https:\/\/evertonfc.cz\/"},{"@type":"ListItem","position":2,"name":"Preview: Everton \u2013 Manchester City"}]},{"@type":"WebSite","@id":"https:\/\/evertonfc.cz\/#website","url":"https:\/\/evertonfc.cz\/","name":"Official Czech &amp; Slovak Everton Supporters&#039; Club","description":"","publisher":{"@id":"https:\/\/evertonfc.cz\/#organization"},"potentialAction":[{"@type":"SearchAction","target":{"@type":"EntryPoint","urlTemplate":"https:\/\/evertonfc.cz\/?s={search_term_string}"},"query-input":{"@type":"PropertyValueSpecification","valueRequired":true,"valueName":"search_term_string"}}],"inLanguage":"cs"},{"@type":"Organization","@id":"https:\/\/evertonfc.cz\/#organization","name":"Official Czech & Slovak Everton Supporters' Club","url":"https:\/\/evertonfc.cz\/","logo":{"@type":"ImageObject","inLanguage":"cs","@id":"https:\/\/evertonfc.cz\/#\/schema\/logo\/image\/","url":"https:\/\/evertonfc.cz\/wp-content\/uploads\/2019\/05\/logo.png","contentUrl":"https:\/\/evertonfc.cz\/wp-content\/uploads\/2019\/05\/logo.png","width":112,"height":112,"caption":"Official Czech & Slovak Everton Supporters' Club"},"image":{"@id":"https:\/\/evertonfc.cz\/#\/schema\/logo\/image\/"},"sameAs":["https:\/\/www.facebook.com\/everton.fans.cz.sk"]},{"@type":"Person","@id":"https:\/\/evertonfc.cz\/#\/schema\/person\/35904009755e8eaa0dc1a5f5f0419002","name":"Fip","url":"https:\/\/evertonfc.cz\/index.php\/author\/fip\/"}]}},"_links":{"self":[{"href":"https:\/\/evertonfc.cz\/index.php\/wp-json\/wp\/v2\/posts\/23567"}],"collection":[{"href":"https:\/\/evertonfc.cz\/index.php\/wp-json\/wp\/v2\/posts"}],"about":[{"href":"https:\/\/evertonfc.cz\/index.php\/wp-json\/wp\/v2\/types\/post"}],"author":[{"embeddable":true,"href":"https:\/\/evertonfc.cz\/index.php\/wp-json\/wp\/v2\/users\/10"}],"replies":[{"embeddable":true,"href":"https:\/\/evertonfc.cz\/index.php\/wp-json\/wp\/v2\/comments?post=23567"}],"version-history":[{"count":5,"href":"https:\/\/evertonfc.cz\/index.php\/wp-json\/wp\/v2\/posts\/23567\/revisions"}],"predecessor-version":[{"id":23572,"href":"https:\/\/evertonfc.cz\/index.php\/wp-json\/wp\/v2\/posts\/23567\/revisions\/23572"}],"wp:featuredmedia":[{"embeddable":true,"href":"https:\/\/evertonfc.cz\/index.php\/wp-json\/wp\/v2\/media\/13482"}],"wp:attachment":[{"href":"https:\/\/evertonfc.cz\/index.php\/wp-json\/wp\/v2\/media?parent=23567"}],"wp:term":[{"taxonomy":"category","embeddable":true,"href":"https:\/\/evertonfc.cz\/index.php\/wp-json\/wp\/v2\/categories?post=23567"},{"taxonomy":"post_tag","embeddable":true,"href":"https:\/\/evertonfc.cz\/index.php\/wp-json\/wp\/v2\/tags?post=23567"}],"curies":[{"name":"wp","href":"https:\/\/api.w.org\/{rel}","templated":true}]}}