{"id":23573,"date":"2023-12-28T20:12:51","date_gmt":"2023-12-28T19:12:51","guid":{"rendered":"https:\/\/evertonfc.cz\/?p=23573"},"modified":"2023-12-28T21:43:29","modified_gmt":"2023-12-28T20:43:29","slug":"everton-manchester-city-13-2","status":"publish","type":"post","link":"https:\/\/evertonfc.cz\/index.php\/2023\/12\/28\/everton-manchester-city-13-2\/","title":{"rendered":"Everton &#8211; Manchester City 1:3"},"content":{"rendered":"<h4>&#8222;Nerozum\u00edm, nech\u00e1pu&#8220; &#8211; na\u0161tvanost obou mana\u017eer\u016f na poz\u00e1pasov\u00e9 tiskov\u00e9 konferenci byla velk\u00e1. Ovlivn\u011bn\u00fd rozhod\u010d\u00ed \u00b1 chyba Pickforda = nakonec o\u010dek\u00e1van\u00e9 t\u0159i body pro soupe\u0159e.<\/h4>\n<p>Dyche ud\u011blal v z\u00e1kladn\u00ed sestav\u011b oproti z\u00e1pasu na Tottenhamu dv\u011b zm\u011bny. Zran\u011bn\u00e9ho Ganu nahradil Gomes, v r\u00e1mci rotace dostal na hrotu \u0161anci Beto. A za\u010dalo se dle o\u010dek\u00e1v\u00e1n\u00ed &#8211; tlakem host\u016f. Prvn\u00ed velkou \u0161anci m\u011bl \u00c1lvarez po akci Grealishe, ale Pickford m\u00ed\u010d vyrazil a dor\u00e1\u017eka byla zblokov\u00e1na. Pokra\u010dovala hra na jednu br\u00e1nu, po deseti minut\u00e1ch m\u011bli host\u00e9 dr\u017een\u00ed m\u00ed\u010de na 81 procentech.<\/p>\n<p>Beto ale ob\u010das potr\u00e1pil stopery host\u016f, le\u010d do \u0161ance se nedostal. Dal\u0161\u00ed velkou \u0161anci m\u011bl znovu \u00c1lvarez, ale i tentokr\u00e1t byl v\u00edt\u011bzem soubojem Pickford, kter\u00fd vyrazil i dor\u00e1\u017eku Nunese na roh. Postupem \u010dasu se ale Everton za\u010dal osm\u011blovat, za\u010dal fungovat jeho presing a ten st\u00e1l za prvn\u00ed brankou z\u00e1pasu.<\/p>\n<p>Garner zastihl m\u00ed\u010d je\u0161t\u011b na h\u0159i\u0161ti, McNeil p\u0159ihr\u00e1l Betovi, toho ale obral o m\u00ed\u010d Rodri. T\u011b\u017eko \u0159\u00edci, co se \u0161pan\u011blsk\u00e9mu fotbalistovi honilo hlavou, kdy\u017e s razanc\u00ed \u0161our\u00e1ku p\u0159ihr\u00e1val m\u00ed\u010d Akanjimu. Ka\u017edop\u00e1dn\u011b merunu dostihl McNeil<br \/>\na jeho p\u0159ihr\u00e1vku uklidil do s\u00edt\u011b z mal\u00e9ho v\u00e1pna Harrison, kter\u00fd byl u m\u00ed\u010de o krok d\u0159\u00edve ne\u017e Beto &#8211;\u00a0<strong>1:0!\u00a0<\/strong>O n\u011bkolik minut pozd\u011bji Everton m\u00e1lem zv\u00fd\u0161il, ale st\u0159elu stejn\u00e9ho hr\u00e1\u010de skv\u011ble vyt\u00e1hl prsty nad brank\u00e1\u0159 Ederson. N\u00e1sledn\u011b se odehr\u00e1l prvn\u00ed kontroverzn\u00ed moment z\u00e1pasu.<\/p>\n<p>Beto dostal p\u0159ihr\u00e1vku do ofsajdu, ale pomezn\u00ed v souladu s pokynem &#8222;nechte akci dohr\u00e1t&#8220; nic nesignalizoval. Stoper host\u016f (a exEvertonian) Stones mu skluzem zabr\u00e1nil ve sk\u00f3rov\u00e1n\u00ed, ale zranil si p\u0159i tom kotn\u00edk a musel st\u0159\u00eddat. Guardiola na poz\u00e1pasov\u00e9 tiskov\u00e9 konferenci kv\u016fli tomuto netajil na\u0161tvanost. Zbytek polo\u010dasu se ji\u017e odehr\u00e1l bez \u0161anc\u00ed, v\u00fdkon dom\u00e1c\u00edch v druh\u00e9 polovin\u011b prvn\u00ed p\u016fle byl ur\u010dit\u011b jejich nejlep\u0161\u00ed \u010d\u00e1st\u00ed.<\/p>\n<p>Nav\u00edc bylo srovn\u00e1no ji\u017e na za\u010d\u00e1tku druh\u00e9ho polo\u010dasu. Foden zachytil p\u0159ihr\u00e1vku Bernarda Silvy a vyslal z 25 metr\u016f nechytateln\u00fd projektil k bli\u017e\u0161\u00ed ty\u010di &#8211;\u00a0<strong>1:1!\u00a0<\/strong>Nutno \u0159\u00edci, \u017ee bloky tentokr\u00e1t nefungovaly a hlavn\u011b Pickford chvilku p\u0159edt\u00edm ud\u011blal krok na \u010d\u00e1\u0159e ke vzd\u00e1len\u011bj\u0161\u00ed ty\u010di a ji\u017e se nestihl vr\u00e1tit zp\u011bt v\u010das. City pokra\u010dovalo v tlaku a po dvou \u017elut\u00fdch kart\u00e1ch pro Akanjiho a Gomese n\u00e1sledoval druh\u00fd kontroverzn\u00ed moment z\u00e1pasu. St\u0159elu Ak\u00e9ho zblokoval rukou p\u0159ed obli\u010dejem Onana.<\/p>\n<p>Instinktivn\u00ed reakce, chcete si chr\u00e1nit hlavu \u010di obli\u010dej, m\u016f\u017ee kv\u016fli tomu doj\u00edt k v\u00e1\u017en\u00e9mu zran\u011bn\u00ed, nav\u00edc \u0161lo o st\u0159elu opravdu zbl\u00edzka. Sud\u00ed ukazuje na roh, ale na radu pomezn\u00edho m\u011bn\u00ed verdikt a signalizuje pokutov\u00fd kop, co\u017e uspokoj\u00ed hr\u00e1\u010de host\u016f, kte\u0159\u00ed se kolem hlavn\u00edho rychle se\u0161li. Rychl\u00e1 kontrola na videu nic nenam\u00edtala, k penalt\u011b se postavil \u00c1lvarez (jeho\u017e st\u0159elu chvilku p\u0159edt\u00edm Pickford vyt\u00e1hl nad) a se \u0161t\u011bst\u00edm zav\u011bsil &#8211; zvolil st\u0159elu doprost\u0159ed branky, Pickford sko\u010dil na stranu, ale od nohou mu \u0161el m\u00ed\u010d pod b\u0159evno &#8211; <strong>1:2!<\/strong><\/p>\n<p>Veden\u00ed hosty uklidnilo, na h\u0159i\u0161t\u011b se dostal Calvert-Lewin m\u00edsto Beta. A pr\u00e1v\u011b tento hrotov\u00fd \u00fato\u010dn\u00edk m\u011bl velkou \u0161anci srovnat. Harrison poslal m\u00ed\u010d na mal\u00e9 v\u00e1pno, ale zakon\u010den\u00ed skon\u010dilo t\u011bsn\u011b vedle. Pot\u00e9 si vybral slab\u0161\u00ed chvilku Pickford. Jeho odkop trefil \u00c1lvareze, odrazil se od nohou Branthwaitea k Silvovi a ten navzdory snaze dom\u00e1c\u00edho stopera poslal m\u00ed\u010d do pr\u00e1zdn\u00e9 branky &#8211;\u00a0<strong>1:3! <\/strong>V z\u00e1v\u011bru ma\u010de je\u0161t\u011b cht\u011bl d\u00e1t g\u00f3l Foden, ale jednou trefil ty\u010d a podruh\u00e9 Pickford jeho st\u0159elu vyrazil.<\/p>\n<p><strong>Dyche:<\/strong>\u00a0<em>&#8222;Penalta? Netu\u0161\u00edm. Mysl\u00edm si, \u017ee tomu pravidlu nerozum\u00ed nikdo. P\u0159ed n\u011bkolika m\u011bs\u00edci se tren\u00e9\u0159i se\u0161li na Zoomu a v\u0161ichni jsme se shodli, \u017ee penaltov\u00e9 pravidlo je fra\u0161ka a \u017ee nev\u00edme, za co jsou penalty p\u00edskan\u00e9. Podle pravidel to penalta je, proto ji rozhod\u010d\u00ed na\u0159\u00eddil. Pomezn\u00ed na to kouk\u00e1 ze 30 metr\u016f a na\u0159\u00edd\u00ed ji. Nen\u00ed to chyba rozhod\u010d\u00edch. Byla to\u00a0 \u00famysln\u00e1 ruka? Jasn\u011b, \u017ee ne.&#8220;\u00a0<\/em><\/p>\n<p><strong>Guardiola (o zran\u011bn\u00ed Stonese):\u00a0<\/strong><em>&#8222;Nech\u00e1pu. Jasn\u00fd ofsajd, nem\u00e1vne to, nyn\u00ed je Stones zran\u011bn\u00fd. \u0158eknou &#8222;Guardiola m\u011bl pravdu&#8220;, ale u\u017e je pozd\u011b. Nen\u00ed to chyba rozhod\u010d\u00edch, pravidla d\u011blaj\u00ed v\u011bt\u0161\u00ed bossov\u00e9.. ale nech\u00e1pu.&#8220;<\/em><\/p>\n<p><strong>Branky:<\/strong>\u00a0<span data-source=\"lightstreamer\" data-grid=\"main\" data-item=\"item_845136\" data-field=\"scorers\">29. Harrison \u2013 53. Foden, 64. \u00c1lvarez z penalty, 86. B. Silva<\/span><\/p>\n<p class=\"cards_item_845136\"><strong>\u017dlut\u00e9 karty:<\/strong>\u00a0<span data-source=\"lightstreamer\" data-grid=\"main\" data-item=\"item_845136\" data-field=\"cards\">39. Patterson, 60. Gomes, 63. Pickford, 78. Branthwaite \u2013 59. Akanji, 81. Grealish\u00a0<\/span><\/p>\n<p><strong>Everton FC:<\/strong>\u00a0<span data-source=\"lightstreamer\" data-grid=\"main\" data-item=\"item_845136\" data-field=\"report1\">Pickford \u2013 Patterson, Tarkowski, Branthwaite, Mykolenko \u2013 Gomes (65. Keane), Onana \u2013 Harrison<br \/>\n(80. Danjuma), Garner, McNeil \u2013 Beto (65. Calvert-Lewin)<\/span><\/p>\n<p><strong>Manchester City:<\/strong>\u00a0<span data-source=\"lightstreamer\" data-grid=\"main\" data-item=\"item_845136\" data-field=\"report2\">Ederson \u2013 Walker, Stones (43. Gvardiol), Akanji, Ak\u00e9 \u2013 Nunes (65. Kova\u010di\u0107), Rodri \u2013 Silva, Foden, Grealish \u2013 \u00c1lvarez<\/span><\/p>\n<p><strong>Rozhod\u010d\u00ed:\u00a0<\/strong>John Brooks\u00a0 <strong>Div\u00e1ci:\u00a0<\/strong>39 327\u00a0 <strong>Mu\u017e z\u00e1pasu redakce:\u00a0<\/strong>\u00c1lvarez<\/p>\n","protected":false},"excerpt":{"rendered":"<p>&#8222;Nerozum\u00edm, nech\u00e1pu&#8220; &#8211; na\u0161tvanost obou mana\u017eer\u016f na poz\u00e1pasov\u00e9 tiskov\u00e9 konferenci byla velk\u00e1. Ovlivn\u011bn\u00fd rozhod\u010d\u00ed \u00b1 chyba Pickforda = nakonec o\u010dek\u00e1van\u00e9 t\u0159i body pro soupe\u0159e.<\/p>\n","protected":false},"author":12,"featured_media":23578,"comment_status":"open","ping_status":"closed","sticky":false,"template":"","format":"standard","meta":{"_eb_attr":"","_monsterinsights_skip_tracking":false,"_monsterinsights_sitenote_active":false,"_monsterinsights_sitenote_note":"","_monsterinsights_sitenote_category":0,"footnotes":""},"categories":[4],"tags":[],"yoast_head":"<!-- This site is optimized with the Yoast SEO plugin v23.4 - https:\/\/yoast.com\/wordpress\/plugins\/seo\/ -->\n<title>Everton - Manchester City 1:3 - Official Czech &amp; Slovak Everton Supporters&#039; Club<\/title>\n<meta name=\"description\" content=\"Guardiolu na\u0161tvalo zran\u011bn\u00ed Stonese, Dyche penalta.\" \/>\n<meta name=\"robots\" content=\"index, follow, max-snippet:-1, max-image-preview:large, max-video-preview:-1\" \/>\n<link rel=\"canonical\" href=\"https:\/\/evertonfc.cz\/index.php\/2023\/12\/28\/everton-manchester-city-13-2\/\" \/>\n<meta property=\"og:locale\" content=\"cs_CZ\" \/>\n<meta property=\"og:type\" content=\"article\" \/>\n<meta property=\"og:title\" content=\"Everton - Manchester City 1:3 - Official Czech &amp; Slovak Everton Supporters&#039; Club\" \/>\n<meta property=\"og:description\" content=\"Guardiolu na\u0161tvalo zran\u011bn\u00ed Stonese, Dyche penalta.\" \/>\n<meta property=\"og:url\" content=\"https:\/\/evertonfc.cz\/index.php\/2023\/12\/28\/everton-manchester-city-13-2\/\" \/>\n<meta property=\"og:site_name\" content=\"Official Czech &amp; Slovak Everton Supporters&#039; Club\" \/>\n<meta property=\"article:publisher\" content=\"https:\/\/www.facebook.com\/everton.fans.cz.sk\" \/>\n<meta property=\"article:published_time\" content=\"2023-12-28T19:12:51+00:00\" \/>\n<meta property=\"article:modified_time\" content=\"2023-12-28T20:43:29+00:00\" \/>\n<meta property=\"og:image\" content=\"https:\/\/evertonfc.cz\/wp-content\/uploads\/2023\/12\/Everton-1-3-Manchester-City-by-Getty-Images-27-12-2023.jpg\" \/>\n\t<meta property=\"og:image:width\" content=\"720\" \/>\n\t<meta property=\"og:image:height\" content=\"405\" \/>\n\t<meta property=\"og:image:type\" content=\"image\/jpeg\" \/>\n<meta name=\"author\" content=\"Javor\" \/>\n<meta name=\"twitter:card\" content=\"summary_large_image\" \/>\n<meta name=\"twitter:creator\" content=\"@LoudinJan\" \/>\n<meta name=\"twitter:label1\" content=\"Napsal(a)\" \/>\n\t<meta name=\"twitter:data1\" content=\"Javor\" \/>\n\t<meta name=\"twitter:label2\" content=\"Odhadovan\u00e1 doba \u010dten\u00ed\" \/>\n\t<meta name=\"twitter:data2\" content=\"4 minuty\" \/>\n<script type=\"application\/ld+json\" class=\"yoast-schema-graph\">{\"@context\":\"https:\/\/schema.org\",\"@graph\":[{\"@type\":\"Article\",\"@id\":\"https:\/\/evertonfc.cz\/index.php\/2023\/12\/28\/everton-manchester-city-13-2\/#article\",\"isPartOf\":{\"@id\":\"https:\/\/evertonfc.cz\/index.php\/2023\/12\/28\/everton-manchester-city-13-2\/\"},\"author\":{\"name\":\"Javor\",\"@id\":\"https:\/\/evertonfc.cz\/#\/schema\/person\/b30daf6a5852f4811f8207a17ec1bf78\"},\"headline\":\"Everton &#8211; Manchester City 1:3\",\"datePublished\":\"2023-12-28T19:12:51+00:00\",\"dateModified\":\"2023-12-28T20:43:29+00:00\",\"mainEntityOfPage\":{\"@id\":\"https:\/\/evertonfc.cz\/index.php\/2023\/12\/28\/everton-manchester-city-13-2\/\"},\"wordCount\":860,\"commentCount\":4,\"publisher\":{\"@id\":\"https:\/\/evertonfc.cz\/#organization\"},\"image\":{\"@id\":\"https:\/\/evertonfc.cz\/index.php\/2023\/12\/28\/everton-manchester-city-13-2\/#primaryimage\"},\"thumbnailUrl\":\"https:\/\/evertonfc.cz\/wp-content\/uploads\/2023\/12\/Everton-1-3-Manchester-City-by-Getty-Images-27-12-2023.jpg\",\"articleSection\":[\"Z\u00e1pasy\"],\"inLanguage\":\"cs\",\"potentialAction\":[{\"@type\":\"CommentAction\",\"name\":\"Comment\",\"target\":[\"https:\/\/evertonfc.cz\/index.php\/2023\/12\/28\/everton-manchester-city-13-2\/#respond\"]}]},{\"@type\":\"WebPage\",\"@id\":\"https:\/\/evertonfc.cz\/index.php\/2023\/12\/28\/everton-manchester-city-13-2\/\",\"url\":\"https:\/\/evertonfc.cz\/index.php\/2023\/12\/28\/everton-manchester-city-13-2\/\",\"name\":\"Everton - Manchester City 1:3 - Official Czech &amp; Slovak Everton Supporters&#039; Club\",\"isPartOf\":{\"@id\":\"https:\/\/evertonfc.cz\/#website\"},\"primaryImageOfPage\":{\"@id\":\"https:\/\/evertonfc.cz\/index.php\/2023\/12\/28\/everton-manchester-city-13-2\/#primaryimage\"},\"image\":{\"@id\":\"https:\/\/evertonfc.cz\/index.php\/2023\/12\/28\/everton-manchester-city-13-2\/#primaryimage\"},\"thumbnailUrl\":\"https:\/\/evertonfc.cz\/wp-content\/uploads\/2023\/12\/Everton-1-3-Manchester-City-by-Getty-Images-27-12-2023.jpg\",\"datePublished\":\"2023-12-28T19:12:51+00:00\",\"dateModified\":\"2023-12-28T20:43:29+00:00\",\"description\":\"Guardiolu na\u0161tvalo zran\u011bn\u00ed Stonese, Dyche penalta.\",\"breadcrumb\":{\"@id\":\"https:\/\/evertonfc.cz\/index.php\/2023\/12\/28\/everton-manchester-city-13-2\/#breadcrumb\"},\"inLanguage\":\"cs\",\"potentialAction\":[{\"@type\":\"ReadAction\",\"target\":[\"https:\/\/evertonfc.cz\/index.php\/2023\/12\/28\/everton-manchester-city-13-2\/\"]}]},{\"@type\":\"ImageObject\",\"inLanguage\":\"cs\",\"@id\":\"https:\/\/evertonfc.cz\/index.php\/2023\/12\/28\/everton-manchester-city-13-2\/#primaryimage\",\"url\":\"https:\/\/evertonfc.cz\/wp-content\/uploads\/2023\/12\/Everton-1-3-Manchester-City-by-Getty-Images-27-12-2023.jpg\",\"contentUrl\":\"https:\/\/evertonfc.cz\/wp-content\/uploads\/2023\/12\/Everton-1-3-Manchester-City-by-Getty-Images-27-12-2023.jpg\",\"width\":720,\"height\":405},{\"@type\":\"BreadcrumbList\",\"@id\":\"https:\/\/evertonfc.cz\/index.php\/2023\/12\/28\/everton-manchester-city-13-2\/#breadcrumb\",\"itemListElement\":[{\"@type\":\"ListItem\",\"position\":1,\"name\":\"Home\",\"item\":\"https:\/\/evertonfc.cz\/\"},{\"@type\":\"ListItem\",\"position\":2,\"name\":\"Everton &#8211; Manchester City 1:3\"}]},{\"@type\":\"WebSite\",\"@id\":\"https:\/\/evertonfc.cz\/#website\",\"url\":\"https:\/\/evertonfc.cz\/\",\"name\":\"Official Czech &amp; Slovak Everton Supporters&#039; Club\",\"description\":\"\",\"publisher\":{\"@id\":\"https:\/\/evertonfc.cz\/#organization\"},\"potentialAction\":[{\"@type\":\"SearchAction\",\"target\":{\"@type\":\"EntryPoint\",\"urlTemplate\":\"https:\/\/evertonfc.cz\/?s={search_term_string}\"},\"query-input\":{\"@type\":\"PropertyValueSpecification\",\"valueRequired\":true,\"valueName\":\"search_term_string\"}}],\"inLanguage\":\"cs\"},{\"@type\":\"Organization\",\"@id\":\"https:\/\/evertonfc.cz\/#organization\",\"name\":\"Official Czech & Slovak Everton Supporters' Club\",\"url\":\"https:\/\/evertonfc.cz\/\",\"logo\":{\"@type\":\"ImageObject\",\"inLanguage\":\"cs\",\"@id\":\"https:\/\/evertonfc.cz\/#\/schema\/logo\/image\/\",\"url\":\"https:\/\/evertonfc.cz\/wp-content\/uploads\/2019\/05\/logo.png\",\"contentUrl\":\"https:\/\/evertonfc.cz\/wp-content\/uploads\/2019\/05\/logo.png\",\"width\":112,\"height\":112,\"caption\":\"Official Czech & Slovak Everton Supporters' Club\"},\"image\":{\"@id\":\"https:\/\/evertonfc.cz\/#\/schema\/logo\/image\/\"},\"sameAs\":[\"https:\/\/www.facebook.com\/everton.fans.cz.sk\"]},{\"@type\":\"Person\",\"@id\":\"https:\/\/evertonfc.cz\/#\/schema\/person\/b30daf6a5852f4811f8207a17ec1bf78\",\"name\":\"Javor\",\"sameAs\":[\"https:\/\/x.com\/LoudinJan\"],\"url\":\"https:\/\/evertonfc.cz\/index.php\/author\/javor\/\"}]}<\/script>\n<!-- \/ Yoast SEO plugin. -->","yoast_head_json":{"title":"Everton - Manchester City 1:3 - Official Czech &amp; Slovak Everton Supporters&#039; Club","description":"Guardiolu na\u0161tvalo zran\u011bn\u00ed Stonese, Dyche penalta.","robots":{"index":"index","follow":"follow","max-snippet":"max-snippet:-1","max-image-preview":"max-image-preview:large","max-video-preview":"max-video-preview:-1"},"canonical":"https:\/\/evertonfc.cz\/index.php\/2023\/12\/28\/everton-manchester-city-13-2\/","og_locale":"cs_CZ","og_type":"article","og_title":"Everton - Manchester City 1:3 - Official Czech &amp; Slovak Everton Supporters&#039; Club","og_description":"Guardiolu na\u0161tvalo zran\u011bn\u00ed Stonese, Dyche penalta.","og_url":"https:\/\/evertonfc.cz\/index.php\/2023\/12\/28\/everton-manchester-city-13-2\/","og_site_name":"Official Czech &amp; Slovak Everton Supporters&#039; Club","article_publisher":"https:\/\/www.facebook.com\/everton.fans.cz.sk","article_published_time":"2023-12-28T19:12:51+00:00","article_modified_time":"2023-12-28T20:43:29+00:00","og_image":[{"width":720,"height":405,"url":"https:\/\/evertonfc.cz\/wp-content\/uploads\/2023\/12\/Everton-1-3-Manchester-City-by-Getty-Images-27-12-2023.jpg","type":"image\/jpeg"}],"author":"Javor","twitter_card":"summary_large_image","twitter_creator":"@LoudinJan","twitter_misc":{"Napsal(a)":"Javor","Odhadovan\u00e1 doba \u010dten\u00ed":"4 minuty"},"schema":{"@context":"https:\/\/schema.org","@graph":[{"@type":"Article","@id":"https:\/\/evertonfc.cz\/index.php\/2023\/12\/28\/everton-manchester-city-13-2\/#article","isPartOf":{"@id":"https:\/\/evertonfc.cz\/index.php\/2023\/12\/28\/everton-manchester-city-13-2\/"},"author":{"name":"Javor","@id":"https:\/\/evertonfc.cz\/#\/schema\/person\/b30daf6a5852f4811f8207a17ec1bf78"},"headline":"Everton &#8211; Manchester City 1:3","datePublished":"2023-12-28T19:12:51+00:00","dateModified":"2023-12-28T20:43:29+00:00","mainEntityOfPage":{"@id":"https:\/\/evertonfc.cz\/index.php\/2023\/12\/28\/everton-manchester-city-13-2\/"},"wordCount":860,"commentCount":4,"publisher":{"@id":"https:\/\/evertonfc.cz\/#organization"},"image":{"@id":"https:\/\/evertonfc.cz\/index.php\/2023\/12\/28\/everton-manchester-city-13-2\/#primaryimage"},"thumbnailUrl":"https:\/\/evertonfc.cz\/wp-content\/uploads\/2023\/12\/Everton-1-3-Manchester-City-by-Getty-Images-27-12-2023.jpg","articleSection":["Z\u00e1pasy"],"inLanguage":"cs","potentialAction":[{"@type":"CommentAction","name":"Comment","target":["https:\/\/evertonfc.cz\/index.php\/2023\/12\/28\/everton-manchester-city-13-2\/#respond"]}]},{"@type":"WebPage","@id":"https:\/\/evertonfc.cz\/index.php\/2023\/12\/28\/everton-manchester-city-13-2\/","url":"https:\/\/evertonfc.cz\/index.php\/2023\/12\/28\/everton-manchester-city-13-2\/","name":"Everton - Manchester City 1:3 - Official Czech &amp; Slovak Everton Supporters&#039; Club","isPartOf":{"@id":"https:\/\/evertonfc.cz\/#website"},"primaryImageOfPage":{"@id":"https:\/\/evertonfc.cz\/index.php\/2023\/12\/28\/everton-manchester-city-13-2\/#primaryimage"},"image":{"@id":"https:\/\/evertonfc.cz\/index.php\/2023\/12\/28\/everton-manchester-city-13-2\/#primaryimage"},"thumbnailUrl":"https:\/\/evertonfc.cz\/wp-content\/uploads\/2023\/12\/Everton-1-3-Manchester-City-by-Getty-Images-27-12-2023.jpg","datePublished":"2023-12-28T19:12:51+00:00","dateModified":"2023-12-28T20:43:29+00:00","description":"Guardiolu na\u0161tvalo zran\u011bn\u00ed Stonese, Dyche penalta.","breadcrumb":{"@id":"https:\/\/evertonfc.cz\/index.php\/2023\/12\/28\/everton-manchester-city-13-2\/#breadcrumb"},"inLanguage":"cs","potentialAction":[{"@type":"ReadAction","target":["https:\/\/evertonfc.cz\/index.php\/2023\/12\/28\/everton-manchester-city-13-2\/"]}]},{"@type":"ImageObject","inLanguage":"cs","@id":"https:\/\/evertonfc.cz\/index.php\/2023\/12\/28\/everton-manchester-city-13-2\/#primaryimage","url":"https:\/\/evertonfc.cz\/wp-content\/uploads\/2023\/12\/Everton-1-3-Manchester-City-by-Getty-Images-27-12-2023.jpg","contentUrl":"https:\/\/evertonfc.cz\/wp-content\/uploads\/2023\/12\/Everton-1-3-Manchester-City-by-Getty-Images-27-12-2023.jpg","width":720,"height":405},{"@type":"BreadcrumbList","@id":"https:\/\/evertonfc.cz\/index.php\/2023\/12\/28\/everton-manchester-city-13-2\/#breadcrumb","itemListElement":[{"@type":"ListItem","position":1,"name":"Home","item":"https:\/\/evertonfc.cz\/"},{"@type":"ListItem","position":2,"name":"Everton &#8211; Manchester City 1:3"}]},{"@type":"WebSite","@id":"https:\/\/evertonfc.cz\/#website","url":"https:\/\/evertonfc.cz\/","name":"Official Czech &amp; Slovak Everton Supporters&#039; Club","description":"","publisher":{"@id":"https:\/\/evertonfc.cz\/#organization"},"potentialAction":[{"@type":"SearchAction","target":{"@type":"EntryPoint","urlTemplate":"https:\/\/evertonfc.cz\/?s={search_term_string}"},"query-input":{"@type":"PropertyValueSpecification","valueRequired":true,"valueName":"search_term_string"}}],"inLanguage":"cs"},{"@type":"Organization","@id":"https:\/\/evertonfc.cz\/#organization","name":"Official Czech & Slovak Everton Supporters' Club","url":"https:\/\/evertonfc.cz\/","logo":{"@type":"ImageObject","inLanguage":"cs","@id":"https:\/\/evertonfc.cz\/#\/schema\/logo\/image\/","url":"https:\/\/evertonfc.cz\/wp-content\/uploads\/2019\/05\/logo.png","contentUrl":"https:\/\/evertonfc.cz\/wp-content\/uploads\/2019\/05\/logo.png","width":112,"height":112,"caption":"Official Czech & Slovak Everton Supporters' Club"},"image":{"@id":"https:\/\/evertonfc.cz\/#\/schema\/logo\/image\/"},"sameAs":["https:\/\/www.facebook.com\/everton.fans.cz.sk"]},{"@type":"Person","@id":"https:\/\/evertonfc.cz\/#\/schema\/person\/b30daf6a5852f4811f8207a17ec1bf78","name":"Javor","sameAs":["https:\/\/x.com\/LoudinJan"],"url":"https:\/\/evertonfc.cz\/index.php\/author\/javor\/"}]}},"_links":{"self":[{"href":"https:\/\/evertonfc.cz\/index.php\/wp-json\/wp\/v2\/posts\/23573"}],"collection":[{"href":"https:\/\/evertonfc.cz\/index.php\/wp-json\/wp\/v2\/posts"}],"about":[{"href":"https:\/\/evertonfc.cz\/index.php\/wp-json\/wp\/v2\/types\/post"}],"author":[{"embeddable":true,"href":"https:\/\/evertonfc.cz\/index.php\/wp-json\/wp\/v2\/users\/12"}],"replies":[{"embeddable":true,"href":"https:\/\/evertonfc.cz\/index.php\/wp-json\/wp\/v2\/comments?post=23573"}],"version-history":[{"count":5,"href":"https:\/\/evertonfc.cz\/index.php\/wp-json\/wp\/v2\/posts\/23573\/revisions"}],"predecessor-version":[{"id":23580,"href":"https:\/\/evertonfc.cz\/index.php\/wp-json\/wp\/v2\/posts\/23573\/revisions\/23580"}],"wp:featuredmedia":[{"embeddable":true,"href":"https:\/\/evertonfc.cz\/index.php\/wp-json\/wp\/v2\/media\/23578"}],"wp:attachment":[{"href":"https:\/\/evertonfc.cz\/index.php\/wp-json\/wp\/v2\/media?parent=23573"}],"wp:term":[{"taxonomy":"category","embeddable":true,"href":"https:\/\/evertonfc.cz\/index.php\/wp-json\/wp\/v2\/categories?post=23573"},{"taxonomy":"post_tag","embeddable":true,"href":"https:\/\/evertonfc.cz\/index.php\/wp-json\/wp\/v2\/tags?post=23573"}],"curies":[{"name":"wp","href":"https:\/\/api.w.org\/{rel}","templated":true}]}}