{"id":23581,"date":"2023-12-29T15:52:21","date_gmt":"2023-12-29T14:52:21","guid":{"rendered":"https:\/\/evertonfc.cz\/?p=23581"},"modified":"2023-12-30T12:28:31","modified_gmt":"2023-12-30T11:28:31","slug":"preview-wolverhampton-wanderers-everton-6","status":"publish","type":"post","link":"https:\/\/evertonfc.cz\/index.php\/2023\/12\/29\/preview-wolverhampton-wanderers-everton-6\/","title":{"rendered":"Preview: Wolverhampton Wanderers &#8211; Everton"},"content":{"rendered":"<h4>Z\u00e1pasem na stadionu Molineux zah\u00e1j\u00ed Everton druhou polovinu leto\u0161n\u00edho ro\u010dn\u00edku Premier League a sou\u010dasn\u011b se rozlou\u010d\u00ed s kalend\u00e1\u0159n\u00edm rokem 2023. Dok\u00e1\u017ee se vr\u00e1tit na v\u00edt\u011bznou vlnu?<\/h4>\n<p>Toffees by si p\u0159\u00e1li ukon\u010dit leto\u0161n\u00ed rok mimo sestupovou z\u00f3nu, moment\u00e1ln\u011b maj\u00ed pouze jednobodov\u00fd n\u00e1skok na osmn\u00e1ct\u00fd Luton Town. Ano, bez 10bodov\u00e9ho odpo\u010dtu by se nach\u00e1zeli na p\u011bkn\u00e9 10. pozici se 26 body, ale realita b\u00fdv\u00e1 krut\u00e1, a to plat\u00ed i pro n\u011bkter\u00e1 rozhodnut\u00ed sud\u00edch.<\/p>\n<p>Na st\u011b\u017eov\u00e1n\u00ed ale nen\u00ed \u010das, i kdy\u017e Dyche obvykle ne\u0161et\u0159\u00ed kritikou ofici\u00e1ln\u00edch \u010dinitel\u016f, jeho t\u00fdm se ur\u010dit\u011b m\u016f\u017ee chlubit zdravou sebev\u011bdomou mentalitou, o n\u00ed\u017e se bude op\u00edrat tak\u00e9 ve Wolverhamptonu, t\u0159eba\u017ee v posledn\u00edch dvou ligov\u00fdch z\u00e1pasech vy\u0161el bodov\u011b napr\u00e1zdno a p\u0159edt\u00edm musel zkousnout vypadnut\u00ed z Ligov\u00e9ho poh\u00e1ru.<\/p>\n<p>Naopak Wolves zvl\u00e1dli posledn\u00ed dv\u011b kola p\u0159\u00edmo bravurn\u011b. Po s\u00e9rii nevyrovnan\u00fdch v\u00fdkon\u016f porazili doma Chelsea 2:1 a na Boxing Day <em>(tedy 26. prosince &#8211; pozn. red.) <\/em>zv\u00edt\u011bzili v Brentfordu 4:1. S 25 body se nach\u00e1zej\u00ed na 11. p\u0159\u00ed\u010dce, nav\u00edc se op\u00edraj\u00ed o solidn\u00ed dom\u00e1c\u00ed formu. V posledn\u00edch sedmi ligov\u00fdch duelech nepoznali ho\u0159kost por\u00e1\u017eky (4 v\u00fdhry, 3 rem\u00edzy), naposledy byli vyloupeni Liverpoolem v polovin\u011b z\u00e1\u0159\u00ed.<\/p>\n<p>Z krizov\u00e9ho mana\u017eera Garyho O&#8217;Neila, kter\u00fd se kormidla ujal pouze n\u011bkolik dn\u00ed p\u0159ed startem sez\u00f3ny, se pomalu, ale jist\u011b st\u00e1v\u00e1 uzn\u00e1van\u00fd tren\u00e9r. U\u017e v lo\u0148sk\u00e9 sez\u00f3n\u011b pov\u00fd\u0161il z role asistenta na pozici \u0161\u00e9fa lavi\u010dky zdecimovan\u00e9ho Bournemouthu, kter\u00fd bezpe\u010dn\u011b zachr\u00e1nil a n\u00e1sledn\u011b &#8222;za odm\u011bnu&#8220; musel uvolnit m\u00edsto progresivn\u011bj\u0161\u00edmu jm\u00e9nu. Paradoxn\u011b Wolves i Cherries doposud nasb\u00edrali stejn\u00fd po\u010det bod\u016f. Holt O&#8217;Neil nem\u00e1 tolik hisp\u00e1nsk\u00e9 jm\u00e9no, aby mohl b\u00fdt za\u0161katulkov\u00e1n jako modern\u00ed mana\u017eer\u2026 Jeho dosavadn\u00ed pr\u00e1ce si v\u0161ak jednozna\u010dn\u011b zaslou\u017e\u00ed uzn\u00e1n\u00ed.<\/p>\n<p>Everton douf\u00e1, \u017ee po t\u0159\u00edz\u00e1pasov\u00e9 pauze bude kone\u010dn\u011b fit jeho kl\u00ed\u010dov\u00fd hr\u00e1\u010d Abdoulaye Doucour\u00e9, kter\u00fd v roce 2023 pod mana\u017eerem Dychem vst\u0159elil 11 ligov\u00fdch branek. Kv\u016fli zran\u011bn\u00ed budou ur\u010dit\u011b chyb\u011bt Ashley Young a Idrissa Gueye. Tarkowski a Calvert-Lewin sice maj\u00ed men\u0161\u00ed zdravotn\u00ed pot\u00ed\u017ee, ale na z\u00e1pas by m\u011bli b\u00fdt p\u0159ipraveni.<\/p>\n<p>Wolves se trochu ob\u00e1vaj\u00ed o zdrav\u00ed sv\u00e9ho 10g\u00f3lov\u00e9ho st\u0159elce Hwanga Hee\u2013Chana, ale posledn\u00ed progn\u00f3zy vypadaj\u00ed slibn\u011b, stejn\u011b jako u stopera Craiga Dawsona a z\u00e1lo\u017en\u00edka Boubacara Traor\u00e9ho. Jedin\u00fdm dlouhodob\u00fdm marodem z\u016fst\u00e1v\u00e1 Jonny Castro Otto. V posledn\u00edm z\u00e1pase u\u017e tak\u00e9 sed\u011bl na lavi\u010dce k\u0159\u00eddeln\u00edk Pedro Neto, kter\u00fd, a\u010d kv\u016fli svalov\u00e9mu probl\u00e9mu vynechal p\u0159edchoz\u00edch dev\u011bt ligov\u00fdch kol, je se sedmi asistencemi nejlep\u0161\u00edm nahr\u00e1va\u010dem aktu\u00e1ln\u00ed sez\u00f3ny Premier League.<\/p>\n<p><strong>Co:<\/strong> Wolverhampton Wanderers &#8211; Everton FC, 20. kolo Premier League<br \/>\n<strong>Kdy:<\/strong> 30. 12 2023 od 16:00 SE\u010c<br \/>\n<strong>Kde:<\/strong> Molineux Stadium \u2013 Waterloo Road, Wolverhampton WV1 4QR (kapacita: 31 750)<br \/>\n<strong>TV:<\/strong> p\u0159\u00edm\u00fd p\u0159enos na Canal+ Sport 4 od 16:00, komentuje Mat\u00fa\u0161 Luk\u00e1\u010d<br \/>\n<strong>Rozhod\u010d\u00ed:<\/strong> Tom Bramall <strong>Postrann\u00ed:<\/strong> Simon Bennett, Mat Wilkes <strong>\u010ctvrt\u00fd rozhod\u010d\u00ed:<\/strong> Darren England<br \/>\n<strong>VAR:<\/strong> Michael Oliver <strong>Asistent VAR:<\/strong> Adrian Holmes<\/p>\n","protected":false},"excerpt":{"rendered":"<p>Z\u00e1pasem na stadionu Molineux zah\u00e1j\u00ed Everton druhou polovinu leto\u0161n\u00edho ro\u010dn\u00edku Premier League a sou\u010dasn\u011b se rozlou\u010d\u00ed s kalend\u00e1\u0159n\u00edm rokem 2023. Dok\u00e1\u017ee se vr\u00e1tit na v\u00edt\u011bznou vlnu?<\/p>\n","protected":false},"author":6,"featured_media":13534,"comment_status":"open","ping_status":"closed","sticky":false,"template":"","format":"standard","meta":{"_eb_attr":"","_monsterinsights_skip_tracking":false,"_monsterinsights_sitenote_active":false,"_monsterinsights_sitenote_note":"","_monsterinsights_sitenote_category":0,"footnotes":""},"categories":[4],"tags":[],"yoast_head":"<!-- This site is optimized with the Yoast SEO plugin v23.4 - https:\/\/yoast.com\/wordpress\/plugins\/seo\/ -->\n<title>Preview: Wolverhampton Wanderers - Everton - Official Czech &amp; Slovak Everton Supporters&#039; Club<\/title>\n<meta name=\"description\" content=\"Z\u00e1pasem na stadionu Molineux zah\u00e1j\u00ed Everton druhou polovinu leto\u0161n\u00edho ro\u010dn\u00edku Premier League a sou\u010dasn\u011b se rozlou\u010d\u00ed s kalend\u00e1\u0159n\u00edm rokem 2023. Dok\u00e1\u017ee se vr\u00e1tit na v\u00edt\u011bznou vlnu?\" \/>\n<meta name=\"robots\" content=\"index, follow, max-snippet:-1, max-image-preview:large, max-video-preview:-1\" \/>\n<link rel=\"canonical\" href=\"https:\/\/evertonfc.cz\/index.php\/2023\/12\/29\/preview-wolverhampton-wanderers-everton-6\/\" \/>\n<meta property=\"og:locale\" content=\"cs_CZ\" \/>\n<meta property=\"og:type\" content=\"article\" \/>\n<meta property=\"og:title\" content=\"Preview: Wolverhampton Wanderers - Everton - Official Czech &amp; Slovak Everton Supporters&#039; Club\" \/>\n<meta property=\"og:description\" content=\"Z\u00e1pasem na stadionu Molineux zah\u00e1j\u00ed Everton druhou polovinu leto\u0161n\u00edho ro\u010dn\u00edku Premier League a sou\u010dasn\u011b se rozlou\u010d\u00ed s kalend\u00e1\u0159n\u00edm rokem 2023. Dok\u00e1\u017ee se vr\u00e1tit na v\u00edt\u011bznou vlnu?\" \/>\n<meta property=\"og:url\" content=\"https:\/\/evertonfc.cz\/index.php\/2023\/12\/29\/preview-wolverhampton-wanderers-everton-6\/\" \/>\n<meta property=\"og:site_name\" content=\"Official Czech &amp; Slovak Everton Supporters&#039; Club\" \/>\n<meta property=\"article:publisher\" content=\"https:\/\/www.facebook.com\/everton.fans.cz.sk\" \/>\n<meta property=\"article:published_time\" content=\"2023-12-29T14:52:21+00:00\" \/>\n<meta property=\"article:modified_time\" content=\"2023-12-30T11:28:31+00:00\" \/>\n<meta property=\"og:image\" content=\"https:\/\/evertonfc.cz\/wp-content\/uploads\/2021\/01\/Wolverhampton-Wanderers-VS-Everton.jpg\" \/>\n\t<meta property=\"og:image:width\" content=\"720\" \/>\n\t<meta property=\"og:image:height\" content=\"405\" \/>\n\t<meta property=\"og:image:type\" content=\"image\/jpeg\" \/>\n<meta name=\"author\" content=\"Ri\u010di\" \/>\n<meta name=\"twitter:card\" content=\"summary_large_image\" \/>\n<meta name=\"twitter:creator\" content=\"@rbrejsa\" \/>\n<meta name=\"twitter:label1\" content=\"Napsal(a)\" \/>\n\t<meta name=\"twitter:data1\" content=\"Ri\u010di\" \/>\n\t<meta name=\"twitter:label2\" content=\"Odhadovan\u00e1 doba \u010dten\u00ed\" \/>\n\t<meta name=\"twitter:data2\" content=\"3 minuty\" \/>\n<script type=\"application\/ld+json\" class=\"yoast-schema-graph\">{\"@context\":\"https:\/\/schema.org\",\"@graph\":[{\"@type\":\"Article\",\"@id\":\"https:\/\/evertonfc.cz\/index.php\/2023\/12\/29\/preview-wolverhampton-wanderers-everton-6\/#article\",\"isPartOf\":{\"@id\":\"https:\/\/evertonfc.cz\/index.php\/2023\/12\/29\/preview-wolverhampton-wanderers-everton-6\/\"},\"author\":{\"name\":\"Ri\u010di\",\"@id\":\"https:\/\/evertonfc.cz\/#\/schema\/person\/f7a5daedb2ffee98480bc70e191aaef1\"},\"headline\":\"Preview: Wolverhampton Wanderers &#8211; Everton\",\"datePublished\":\"2023-12-29T14:52:21+00:00\",\"dateModified\":\"2023-12-30T11:28:31+00:00\",\"mainEntityOfPage\":{\"@id\":\"https:\/\/evertonfc.cz\/index.php\/2023\/12\/29\/preview-wolverhampton-wanderers-everton-6\/\"},\"wordCount\":567,\"commentCount\":11,\"publisher\":{\"@id\":\"https:\/\/evertonfc.cz\/#organization\"},\"image\":{\"@id\":\"https:\/\/evertonfc.cz\/index.php\/2023\/12\/29\/preview-wolverhampton-wanderers-everton-6\/#primaryimage\"},\"thumbnailUrl\":\"https:\/\/evertonfc.cz\/wp-content\/uploads\/2021\/01\/Wolverhampton-Wanderers-VS-Everton.jpg\",\"articleSection\":[\"Z\u00e1pasy\"],\"inLanguage\":\"cs\",\"potentialAction\":[{\"@type\":\"CommentAction\",\"name\":\"Comment\",\"target\":[\"https:\/\/evertonfc.cz\/index.php\/2023\/12\/29\/preview-wolverhampton-wanderers-everton-6\/#respond\"]}]},{\"@type\":\"WebPage\",\"@id\":\"https:\/\/evertonfc.cz\/index.php\/2023\/12\/29\/preview-wolverhampton-wanderers-everton-6\/\",\"url\":\"https:\/\/evertonfc.cz\/index.php\/2023\/12\/29\/preview-wolverhampton-wanderers-everton-6\/\",\"name\":\"Preview: Wolverhampton Wanderers - Everton - Official Czech &amp; Slovak Everton Supporters&#039; Club\",\"isPartOf\":{\"@id\":\"https:\/\/evertonfc.cz\/#website\"},\"primaryImageOfPage\":{\"@id\":\"https:\/\/evertonfc.cz\/index.php\/2023\/12\/29\/preview-wolverhampton-wanderers-everton-6\/#primaryimage\"},\"image\":{\"@id\":\"https:\/\/evertonfc.cz\/index.php\/2023\/12\/29\/preview-wolverhampton-wanderers-everton-6\/#primaryimage\"},\"thumbnailUrl\":\"https:\/\/evertonfc.cz\/wp-content\/uploads\/2021\/01\/Wolverhampton-Wanderers-VS-Everton.jpg\",\"datePublished\":\"2023-12-29T14:52:21+00:00\",\"dateModified\":\"2023-12-30T11:28:31+00:00\",\"description\":\"Z\u00e1pasem na stadionu Molineux zah\u00e1j\u00ed Everton druhou polovinu leto\u0161n\u00edho ro\u010dn\u00edku Premier League a sou\u010dasn\u011b se rozlou\u010d\u00ed s kalend\u00e1\u0159n\u00edm rokem 2023. Dok\u00e1\u017ee se vr\u00e1tit na v\u00edt\u011bznou vlnu?\",\"breadcrumb\":{\"@id\":\"https:\/\/evertonfc.cz\/index.php\/2023\/12\/29\/preview-wolverhampton-wanderers-everton-6\/#breadcrumb\"},\"inLanguage\":\"cs\",\"potentialAction\":[{\"@type\":\"ReadAction\",\"target\":[\"https:\/\/evertonfc.cz\/index.php\/2023\/12\/29\/preview-wolverhampton-wanderers-everton-6\/\"]}]},{\"@type\":\"ImageObject\",\"inLanguage\":\"cs\",\"@id\":\"https:\/\/evertonfc.cz\/index.php\/2023\/12\/29\/preview-wolverhampton-wanderers-everton-6\/#primaryimage\",\"url\":\"https:\/\/evertonfc.cz\/wp-content\/uploads\/2021\/01\/Wolverhampton-Wanderers-VS-Everton.jpg\",\"contentUrl\":\"https:\/\/evertonfc.cz\/wp-content\/uploads\/2021\/01\/Wolverhampton-Wanderers-VS-Everton.jpg\",\"width\":720,\"height\":405},{\"@type\":\"BreadcrumbList\",\"@id\":\"https:\/\/evertonfc.cz\/index.php\/2023\/12\/29\/preview-wolverhampton-wanderers-everton-6\/#breadcrumb\",\"itemListElement\":[{\"@type\":\"ListItem\",\"position\":1,\"name\":\"Home\",\"item\":\"https:\/\/evertonfc.cz\/\"},{\"@type\":\"ListItem\",\"position\":2,\"name\":\"Preview: Wolverhampton Wanderers &#8211; Everton\"}]},{\"@type\":\"WebSite\",\"@id\":\"https:\/\/evertonfc.cz\/#website\",\"url\":\"https:\/\/evertonfc.cz\/\",\"name\":\"Official Czech &amp; Slovak Everton Supporters&#039; Club\",\"description\":\"\",\"publisher\":{\"@id\":\"https:\/\/evertonfc.cz\/#organization\"},\"potentialAction\":[{\"@type\":\"SearchAction\",\"target\":{\"@type\":\"EntryPoint\",\"urlTemplate\":\"https:\/\/evertonfc.cz\/?s={search_term_string}\"},\"query-input\":{\"@type\":\"PropertyValueSpecification\",\"valueRequired\":true,\"valueName\":\"search_term_string\"}}],\"inLanguage\":\"cs\"},{\"@type\":\"Organization\",\"@id\":\"https:\/\/evertonfc.cz\/#organization\",\"name\":\"Official Czech & Slovak Everton Supporters' Club\",\"url\":\"https:\/\/evertonfc.cz\/\",\"logo\":{\"@type\":\"ImageObject\",\"inLanguage\":\"cs\",\"@id\":\"https:\/\/evertonfc.cz\/#\/schema\/logo\/image\/\",\"url\":\"https:\/\/evertonfc.cz\/wp-content\/uploads\/2019\/05\/logo.png\",\"contentUrl\":\"https:\/\/evertonfc.cz\/wp-content\/uploads\/2019\/05\/logo.png\",\"width\":112,\"height\":112,\"caption\":\"Official Czech & Slovak Everton Supporters' Club\"},\"image\":{\"@id\":\"https:\/\/evertonfc.cz\/#\/schema\/logo\/image\/\"},\"sameAs\":[\"https:\/\/www.facebook.com\/everton.fans.cz.sk\"]},{\"@type\":\"Person\",\"@id\":\"https:\/\/evertonfc.cz\/#\/schema\/person\/f7a5daedb2ffee98480bc70e191aaef1\",\"name\":\"Ri\u010di\",\"sameAs\":[\"https:\/\/x.com\/rbrejsa\"],\"url\":\"https:\/\/evertonfc.cz\/index.php\/author\/rici\/\"}]}<\/script>\n<!-- \/ Yoast SEO plugin. -->","yoast_head_json":{"title":"Preview: Wolverhampton Wanderers - Everton - Official Czech &amp; Slovak Everton Supporters&#039; Club","description":"Z\u00e1pasem na stadionu Molineux zah\u00e1j\u00ed Everton druhou polovinu leto\u0161n\u00edho ro\u010dn\u00edku Premier League a sou\u010dasn\u011b se rozlou\u010d\u00ed s kalend\u00e1\u0159n\u00edm rokem 2023. Dok\u00e1\u017ee se vr\u00e1tit na v\u00edt\u011bznou vlnu?","robots":{"index":"index","follow":"follow","max-snippet":"max-snippet:-1","max-image-preview":"max-image-preview:large","max-video-preview":"max-video-preview:-1"},"canonical":"https:\/\/evertonfc.cz\/index.php\/2023\/12\/29\/preview-wolverhampton-wanderers-everton-6\/","og_locale":"cs_CZ","og_type":"article","og_title":"Preview: Wolverhampton Wanderers - Everton - Official Czech &amp; Slovak Everton Supporters&#039; Club","og_description":"Z\u00e1pasem na stadionu Molineux zah\u00e1j\u00ed Everton druhou polovinu leto\u0161n\u00edho ro\u010dn\u00edku Premier League a sou\u010dasn\u011b se rozlou\u010d\u00ed s kalend\u00e1\u0159n\u00edm rokem 2023. Dok\u00e1\u017ee se vr\u00e1tit na v\u00edt\u011bznou vlnu?","og_url":"https:\/\/evertonfc.cz\/index.php\/2023\/12\/29\/preview-wolverhampton-wanderers-everton-6\/","og_site_name":"Official Czech &amp; Slovak Everton Supporters&#039; Club","article_publisher":"https:\/\/www.facebook.com\/everton.fans.cz.sk","article_published_time":"2023-12-29T14:52:21+00:00","article_modified_time":"2023-12-30T11:28:31+00:00","og_image":[{"width":720,"height":405,"url":"https:\/\/evertonfc.cz\/wp-content\/uploads\/2021\/01\/Wolverhampton-Wanderers-VS-Everton.jpg","type":"image\/jpeg"}],"author":"Ri\u010di","twitter_card":"summary_large_image","twitter_creator":"@rbrejsa","twitter_misc":{"Napsal(a)":"Ri\u010di","Odhadovan\u00e1 doba \u010dten\u00ed":"3 minuty"},"schema":{"@context":"https:\/\/schema.org","@graph":[{"@type":"Article","@id":"https:\/\/evertonfc.cz\/index.php\/2023\/12\/29\/preview-wolverhampton-wanderers-everton-6\/#article","isPartOf":{"@id":"https:\/\/evertonfc.cz\/index.php\/2023\/12\/29\/preview-wolverhampton-wanderers-everton-6\/"},"author":{"name":"Ri\u010di","@id":"https:\/\/evertonfc.cz\/#\/schema\/person\/f7a5daedb2ffee98480bc70e191aaef1"},"headline":"Preview: Wolverhampton Wanderers &#8211; Everton","datePublished":"2023-12-29T14:52:21+00:00","dateModified":"2023-12-30T11:28:31+00:00","mainEntityOfPage":{"@id":"https:\/\/evertonfc.cz\/index.php\/2023\/12\/29\/preview-wolverhampton-wanderers-everton-6\/"},"wordCount":567,"commentCount":11,"publisher":{"@id":"https:\/\/evertonfc.cz\/#organization"},"image":{"@id":"https:\/\/evertonfc.cz\/index.php\/2023\/12\/29\/preview-wolverhampton-wanderers-everton-6\/#primaryimage"},"thumbnailUrl":"https:\/\/evertonfc.cz\/wp-content\/uploads\/2021\/01\/Wolverhampton-Wanderers-VS-Everton.jpg","articleSection":["Z\u00e1pasy"],"inLanguage":"cs","potentialAction":[{"@type":"CommentAction","name":"Comment","target":["https:\/\/evertonfc.cz\/index.php\/2023\/12\/29\/preview-wolverhampton-wanderers-everton-6\/#respond"]}]},{"@type":"WebPage","@id":"https:\/\/evertonfc.cz\/index.php\/2023\/12\/29\/preview-wolverhampton-wanderers-everton-6\/","url":"https:\/\/evertonfc.cz\/index.php\/2023\/12\/29\/preview-wolverhampton-wanderers-everton-6\/","name":"Preview: Wolverhampton Wanderers - Everton - Official Czech &amp; Slovak Everton Supporters&#039; Club","isPartOf":{"@id":"https:\/\/evertonfc.cz\/#website"},"primaryImageOfPage":{"@id":"https:\/\/evertonfc.cz\/index.php\/2023\/12\/29\/preview-wolverhampton-wanderers-everton-6\/#primaryimage"},"image":{"@id":"https:\/\/evertonfc.cz\/index.php\/2023\/12\/29\/preview-wolverhampton-wanderers-everton-6\/#primaryimage"},"thumbnailUrl":"https:\/\/evertonfc.cz\/wp-content\/uploads\/2021\/01\/Wolverhampton-Wanderers-VS-Everton.jpg","datePublished":"2023-12-29T14:52:21+00:00","dateModified":"2023-12-30T11:28:31+00:00","description":"Z\u00e1pasem na stadionu Molineux zah\u00e1j\u00ed Everton druhou polovinu leto\u0161n\u00edho ro\u010dn\u00edku Premier League a sou\u010dasn\u011b se rozlou\u010d\u00ed s kalend\u00e1\u0159n\u00edm rokem 2023. Dok\u00e1\u017ee se vr\u00e1tit na v\u00edt\u011bznou vlnu?","breadcrumb":{"@id":"https:\/\/evertonfc.cz\/index.php\/2023\/12\/29\/preview-wolverhampton-wanderers-everton-6\/#breadcrumb"},"inLanguage":"cs","potentialAction":[{"@type":"ReadAction","target":["https:\/\/evertonfc.cz\/index.php\/2023\/12\/29\/preview-wolverhampton-wanderers-everton-6\/"]}]},{"@type":"ImageObject","inLanguage":"cs","@id":"https:\/\/evertonfc.cz\/index.php\/2023\/12\/29\/preview-wolverhampton-wanderers-everton-6\/#primaryimage","url":"https:\/\/evertonfc.cz\/wp-content\/uploads\/2021\/01\/Wolverhampton-Wanderers-VS-Everton.jpg","contentUrl":"https:\/\/evertonfc.cz\/wp-content\/uploads\/2021\/01\/Wolverhampton-Wanderers-VS-Everton.jpg","width":720,"height":405},{"@type":"BreadcrumbList","@id":"https:\/\/evertonfc.cz\/index.php\/2023\/12\/29\/preview-wolverhampton-wanderers-everton-6\/#breadcrumb","itemListElement":[{"@type":"ListItem","position":1,"name":"Home","item":"https:\/\/evertonfc.cz\/"},{"@type":"ListItem","position":2,"name":"Preview: Wolverhampton Wanderers &#8211; Everton"}]},{"@type":"WebSite","@id":"https:\/\/evertonfc.cz\/#website","url":"https:\/\/evertonfc.cz\/","name":"Official Czech &amp; Slovak Everton Supporters&#039; Club","description":"","publisher":{"@id":"https:\/\/evertonfc.cz\/#organization"},"potentialAction":[{"@type":"SearchAction","target":{"@type":"EntryPoint","urlTemplate":"https:\/\/evertonfc.cz\/?s={search_term_string}"},"query-input":{"@type":"PropertyValueSpecification","valueRequired":true,"valueName":"search_term_string"}}],"inLanguage":"cs"},{"@type":"Organization","@id":"https:\/\/evertonfc.cz\/#organization","name":"Official Czech & Slovak Everton Supporters' Club","url":"https:\/\/evertonfc.cz\/","logo":{"@type":"ImageObject","inLanguage":"cs","@id":"https:\/\/evertonfc.cz\/#\/schema\/logo\/image\/","url":"https:\/\/evertonfc.cz\/wp-content\/uploads\/2019\/05\/logo.png","contentUrl":"https:\/\/evertonfc.cz\/wp-content\/uploads\/2019\/05\/logo.png","width":112,"height":112,"caption":"Official Czech & Slovak Everton Supporters' Club"},"image":{"@id":"https:\/\/evertonfc.cz\/#\/schema\/logo\/image\/"},"sameAs":["https:\/\/www.facebook.com\/everton.fans.cz.sk"]},{"@type":"Person","@id":"https:\/\/evertonfc.cz\/#\/schema\/person\/f7a5daedb2ffee98480bc70e191aaef1","name":"Ri\u010di","sameAs":["https:\/\/x.com\/rbrejsa"],"url":"https:\/\/evertonfc.cz\/index.php\/author\/rici\/"}]}},"_links":{"self":[{"href":"https:\/\/evertonfc.cz\/index.php\/wp-json\/wp\/v2\/posts\/23581"}],"collection":[{"href":"https:\/\/evertonfc.cz\/index.php\/wp-json\/wp\/v2\/posts"}],"about":[{"href":"https:\/\/evertonfc.cz\/index.php\/wp-json\/wp\/v2\/types\/post"}],"author":[{"embeddable":true,"href":"https:\/\/evertonfc.cz\/index.php\/wp-json\/wp\/v2\/users\/6"}],"replies":[{"embeddable":true,"href":"https:\/\/evertonfc.cz\/index.php\/wp-json\/wp\/v2\/comments?post=23581"}],"version-history":[{"count":6,"href":"https:\/\/evertonfc.cz\/index.php\/wp-json\/wp\/v2\/posts\/23581\/revisions"}],"predecessor-version":[{"id":23590,"href":"https:\/\/evertonfc.cz\/index.php\/wp-json\/wp\/v2\/posts\/23581\/revisions\/23590"}],"wp:featuredmedia":[{"embeddable":true,"href":"https:\/\/evertonfc.cz\/index.php\/wp-json\/wp\/v2\/media\/13534"}],"wp:attachment":[{"href":"https:\/\/evertonfc.cz\/index.php\/wp-json\/wp\/v2\/media?parent=23581"}],"wp:term":[{"taxonomy":"category","embeddable":true,"href":"https:\/\/evertonfc.cz\/index.php\/wp-json\/wp\/v2\/categories?post=23581"},{"taxonomy":"post_tag","embeddable":true,"href":"https:\/\/evertonfc.cz\/index.php\/wp-json\/wp\/v2\/tags?post=23581"}],"curies":[{"name":"wp","href":"https:\/\/api.w.org\/{rel}","templated":true}]}}