{"id":23594,"date":"2024-03-05T14:03:43","date_gmt":"2024-03-05T13:03:43","guid":{"rendered":"https:\/\/evertonfc.cz\/?p=23594"},"modified":"2024-03-18T11:23:36","modified_gmt":"2024-03-18T10:23:36","slug":"prestupova-zima-2024","status":"publish","type":"post","link":"https:\/\/evertonfc.cz\/index.php\/2024\/03\/05\/prestupova-zima-2024\/","title":{"rendered":"P\u0159estupov\u00e1 zima 2024"},"content":{"rendered":"<h4>Na Nov\u00fd rok se otev\u0159e p\u0159estupov\u00e9 okno, v n\u011bm\u017e se od Evertonu neo\u010dek\u00e1v\u00e1 p\u0159\u00edli\u0161n\u00e1 aktivita. Jak\u00e9koliv pos\u00edlen\u00ed by bylo p\u0159\u00edjemn\u00fdm p\u0159ekvapen\u00edm.<\/h4>\n<hr \/>\n<h4 style=\"text-align: center;\">P\u0159ed p\u0159estupov\u00fdm oknem<\/h4>\n<p>Finan\u010dn\u00ed situace klubu je ji\u017e n\u011bkolik m\u011bs\u00edc\u016f zna\u010dn\u011b neut\u011b\u0161en\u00e1. Toffees prakticky nemohou utr\u00e1cet za nov\u00e9 hr\u00e1\u010de, a to v d\u016fsledku v\u00fdstavby stadionu, \u0161patn\u00e9ho hospoda\u0159en\u00ed a finan\u010dn\u00edch pravidel.<\/p>\n<p>Nejistotu nav\u00edc prohlubuje \u010dek\u00e1n\u00ed na nov\u00e9ho majitele. Americk\u00e1 spole\u010dnost 777 Partners \u010dek\u00e1 na schv\u00e1len\u00ed sv\u00e9ho odkupu Evertonu od Farhada Moshiriho, kter\u00fd u\u017e nem\u00e1 z\u00e1jem investovat do klubu ani libru. Nicm\u00e9n\u011b aprobace ze strany veden\u00ed anglick\u00e9 ligy nen\u00ed samoz\u0159ejmost\u00ed, a tak se je\u0161t\u011b m\u016f\u017eeme do\u010dkat velmi \u010dern\u00fdch sc\u00e9n\u00e1\u0159\u016f.<\/p>\n<p>Rychl\u00fd pohled na sou\u010dasn\u00fd stav Evertonu jasn\u011b nazna\u010duje, \u017ee pokud se poda\u0159\u00ed z\u00edskat posilu, bude se jednat o hostov\u00e1n\u00ed, p\u0159\u00edpadn\u011b p\u0159estup za n\u00edzkou sumu nebo s odlo\u017een\u00fdmi platbami. Tento fakt nep\u0159\u00edmo potvrdil i sportovn\u00ed \u0159editel Kevin Thelwell.<\/p>\n<p>Blues ale pravd\u011bpodobn\u011b budou muset \u0159e\u0161it n\u011bkolik ot\u00e1zek. Dlouhodob\u00fdm probl\u00e9mem je \u00fazk\u00fd k\u00e1dr a \u0159e\u0161it se asi bude muset i \u00fadajn\u00e1 nespokojenost Arnauta Danjumy s hern\u00edm vyt\u00ed\u017een\u00edm, co\u017e by mohlo znamenat p\u0159ed\u010dasn\u00e9 ukon\u010den\u00ed jeho hostov\u00e1n\u00ed z Villarealu a pot\u0159ebu naj\u00edt n\u00e1hradu. Nizozemsk\u00e9ho fotbalistu by u\u017e v lednu r\u00e1d z\u00edskal Lyon.<\/p>\n<p>Z\u00e1hadou je tak\u00e9 budoucnost Deleho, kter\u00fd v aktu\u00e1ln\u00ed sez\u00f3n\u011b st\u00e1le \u010dek\u00e1 na start. V l\u00e9t\u011b se l\u00e9\u010dil s du\u0161evn\u00edmi probl\u00e9my a pot\u00e9 byl su\u017eov\u00e1n zran\u011bn\u00edmi. Podle posledn\u00edch zpr\u00e1v si p\u0159ivodil dal\u0161\u00ed zdravotn\u00ed trable, vyvst\u00e1vaj\u00ed pochybnosti, zda se je\u0161t\u011b n\u011bkdy objev\u00ed v dresu Evertonu. Jeho smlouva plat\u00ed pouze do l\u00e9ta 2024, t\u00fddenn\u00ed plat \u010din\u00ed velmi luxusn\u00edch 100 tis\u00edc liber a v p\u0159\u00edpad\u011b dal\u0161\u00edch sedmi odehran\u00fdch z\u00e1pas\u016f bude muset Everton zaplatit Tottenhamu deset milion\u016f liber.<\/p>\n<p>D\u00e1le se p\u0159edpokl\u00e1d\u00e1, \u017ee pokud k\u00e1dr mana\u017eera Dychea nebude v\u00fdrazn\u011b oslaben, mlad\u00fd Lewis Dobbin odejde na hostov\u00e1n\u00ed do ni\u017e\u0161\u00ed sout\u011b\u017ee za \u00fa\u010delem pravideln\u00e9 z\u00e1pasov\u00e9 praxe. Naopak na hostov\u00e1n\u00ed v Southamptonu se neda\u0159\u00ed Masonu Holgatovi neda\u0159\u00ed a Everton mu nejsp\u00ed\u0161e bude hledat nov\u00e9 anga\u017em\u00e1. S podobn\u00fdm neut\u011b\u0161en\u00fdm stavem se pot\u00fdk\u00e1 Lewis Warrington, kter\u00fd t\u00e9\u017e nenastupuje ve druh\u00e9 lize. Aktu\u00e1ln\u011b dokonce nen\u00ed ani v Plymouthu, nebo\u0165 na Merseyside l\u00e9\u010d\u00ed zran\u011bn\u00ed kolene.<\/p>\n<p>Zimn\u00ed p\u0159estupov\u00e9 obdob\u00ed v Premier League skon\u010d\u00ed s uplynut\u00edm 1. \u00fanora.<\/p>\n<hr \/>\n<h4 style=\"text-align: center;\"><strong>Potvrzen\u00e9 p\u0159estupy<\/strong><\/h4>\n<table style=\"width: 100%; height: 623px;\" cellpadding=\"1\" align=\"center\">\n<tbody>\n<tr style=\"height: 52px;\">\n<td style=\"border-style: ridge; height: 52px; width: 100%;\" colspan=\"2\" width=\"100%\">\n<h4><strong>P\u0159\u00edchody<\/strong><\/h4>\n<\/td>\n<\/tr>\n<tr style=\"height: 40px;\">\n<td style=\"width: 50%; height: 40px; border-style: ridge; text-align: left;\"><strong>Mu\u017ei<\/strong><\/td>\n<td style=\"width: 50%; height: 40px; border-style: ridge; text-align: left;\"><strong>\u017deny<\/strong><\/td>\n<\/tr>\n<tr style=\"height: 40px;\">\n<td style=\"width: 50%; height: 40px; border-style: ridge;\">\n<ul>\n<li><a href=\"https:\/\/evertonfc.cz\/index.php\/news\/welch-se-vraci-do-evertonu\/\"><strong>Reece Welch<\/strong> (Forest Green Rovers \u2013 n\u00e1vrat z hostov\u00e1n\u00ed)<\/a>\u00a0<sup>03. 01.<\/sup><\/li>\n<\/ul>\n<\/td>\n<td style=\"text-align: center; width: 50%; height: 40px; border-style: ridge;\">\n<ul>\n<li style=\"text-align: left;\"><a href=\"https:\/\/evertonfc.cz\/index.php\/2024\/01\/16\/prichazi-kathrine-moller-kuhl-a-rikke-madsen\/\"><strong>Kathrine M\u00f8ller K\u00fchl<\/strong> (Arsenal \u2013 hostov\u00e1n\u00ed)<\/a>\u00a0<sup>13. 01.<\/sup><\/li>\n<\/ul>\n<\/td>\n<\/tr>\n<tr style=\"height: 40px;\">\n<td style=\"width: 50%; height: 40px; border-style: ridge;\">\n<ul>\n<li><a href=\"https:\/\/evertonfc.cz\/index.php\/news\/mills-utrpel-vazne-zraneni\/\"><strong>Stan Mills<\/strong> (Oxford United \u2013 n\u00e1vrat z hostov\u00e1n\u00ed)\u00a0<\/a><sup>08. 01.<\/sup><\/li>\n<\/ul>\n<\/td>\n<td style=\"text-align: center; width: 50%; height: 40px; border-style: ridge;\">\n<ul>\n<li style=\"text-align: left;\"><a href=\"https:\/\/evertonfc.cz\/index.php\/2024\/01\/16\/prichazi-kathrine-moller-kuhl-a-rikke-madsen\/\"><strong>Rikke Madsen<\/strong> (North Carolina Courage \u2013 voln\u00e1 hr\u00e1\u010dka)<\/a>\u00a0<sup>13. 01.<\/sup><\/li>\n<\/ul>\n<\/td>\n<\/tr>\n<tr style=\"height: 80px;\">\n<td style=\"width: 50%; border-style: ridge; height: 80px;\">\n<ul>\n<li><a href=\"https:\/\/evertonfc.cz\/index.php\/news\/warrington-ukoncil-hostovani\/\"><strong>Lewis Warrington<\/strong> (Plymouth Argyle \u2013 n\u00e1vrat z hostov\u00e1n\u00ed)<\/a> <sup>14. 01.<\/sup><\/li>\n<\/ul>\n<\/td>\n<td style=\"text-align: center; width: 50%; border-style: ridge; height: 80px;\">\n<ul>\n<li><a href=\"https:\/\/evertonfc.cz\/index.php\/news\/prichazi-eleanor-dale\/\"><strong>Eleonor Dale<\/strong> (Nebraska Huskers &#8211; p\u0159estup) <\/a>\u00a0<sup>31. 01.<\/sup><strong style=\"font-family: inherit; font-size: inherit;\">\u00a0<\/strong><\/li>\n<\/ul>\n<\/td>\n<\/tr>\n<tr style=\"height: 80px;\">\n<td style=\"width: 50%; border-style: ridge; height: 80px;\">\n<ul>\n<li><a href=\"https:\/\/evertonfc.cz\/index.php\/news\/holgate-meni-saints-za-blades\/\"><strong>Mason Holgate<\/strong> (Southampton \u2013 n\u00e1vrat z hostov\u00e1n\u00ed)<\/a> <sup>01. 02.<\/sup><\/li>\n<\/ul>\n<\/td>\n<td style=\"text-align: center; width: 50%; border-style: ridge; height: 80px;\"><strong style=\"color: #00ccff; font-family: inherit; font-size: inherit;\">\u00a0<\/strong><\/td>\n<\/tr>\n<tr style=\"height: 40px;\">\n<td style=\"height: 40px; border-style: ridge; width: 100%;\" colspan=\"2\" width=\"100%\">\n<h4><strong>Odchody<\/strong><\/h4>\n<\/td>\n<\/tr>\n<tr style=\"height: 40px;\">\n<td style=\"width: 50%; height: 40px; border-style: ridge; text-align: left;\"><strong>Mu\u017ei<\/strong><\/td>\n<td style=\"width: 50%; height: 40px; border-style: ridge; text-align: left;\"><strong>\u017deny<\/strong><\/td>\n<\/tr>\n<tr style=\"height: 40px;\">\n<td style=\"width: 50%; height: 40px; border-style: ridge;\">\n<ul>\n<li><a href=\"https:\/\/evertonfc.cz\/index.php\/news\/astley-odesel-do-dundee\/\"><strong>Ryan Astley<\/strong> (Dundee \u2013 zdarma)<\/a> <sup>18. 01.<\/sup><\/li>\n<\/ul>\n<\/td>\n<td style=\"width: 50%; height: 40px; border-style: ridge; text-align: left;\">\n<ul>\n<li><a href=\"https:\/\/evertonfc.cz\/index.php\/news\/aherne-konci-hostovani\/\"><strong>Alyssa Aherne<\/strong> (Manchester United W \u2013 n\u00e1vrat z hostov\u00e1n\u00ed)<\/a> <sup>05. 01.<\/sup><\/li>\n<\/ul>\n<\/td>\n<\/tr>\n<tr style=\"height: 40px;\">\n<td style=\"width: 50%; height: 40px; border-style: ridge;\">\n<ul>\n<li><a href=\"https:\/\/evertonfc.cz\/index.php\/news\/holgate-meni-saints-za-blades\/\"><strong>Mason Holgate<\/strong> (Sheffield United \u2013 hostov\u00e1n\u00ed)<\/a> <sup>01. 02.<\/sup><\/li>\n<\/ul>\n<\/td>\n<td style=\"text-align: center; width: 50%; border-style: ridge; height: 40px;\">\n<ul>\n<li style=\"text-align: left;\"><a href=\"https:\/\/evertonfc.cz\/index.php\/news\/nathalie-bjorn-odchazi\/\"><strong>Nathalie Bj\u00f6rn <\/strong>(Chelsea W \u2013 p\u0159estup, \u00a30,1m)<\/a> <sup>10. 01.<\/sup><\/li>\n<\/ul>\n<\/td>\n<\/tr>\n<tr style=\"height: 80px;\">\n<td style=\"width: 50%; border-style: ridge; height: 80px;\">\n<ul>\n<li><a href=\"https:\/\/evertonfc.cz\/index.php\/news\/tretiu-ligu-vyskusa-campbell\/\"><strong>Elijah Campbell<\/strong> (Fleetwood Town \u2013 hostov\u00e1n\u00ed)<\/a> <sup>01. 02.<\/sup><\/li>\n<\/ul>\n<\/td>\n<td style=\"text-align: center; width: 50%; border-style: ridge; height: 80px;\">\n<ul>\n<li style=\"text-align: left;\"><a href=\"https:\/\/evertonfc.cz\/index.php\/news\/megan-campbell-odchazi\/\"><strong>Megan Campbell<\/strong> (London City Lionesses &#8211; konec smlouvy) <\/a><sup>31.01.<\/sup><\/li>\n<\/ul>\n<\/td>\n<\/tr>\n<tr style=\"height: 51px;\">\n<td style=\"width: 50%; border-style: ridge; height: 51px;\">\n<ul>\n<li><a href=\"https:\/\/evertonfc.cz\/index.php\/news\/mcallister-pozicany-fergusonovi\/\"><strong>Sean McAllister<\/strong> (Inverness CT \u2013 hostov\u00e1n\u00ed)<\/a> <sup>01. 02.<\/sup><\/li>\n<\/ul>\n<\/td>\n<td style=\"text-align: center; width: 50%; border-style: ridge; height: 51px;\"><strong>\u00a0<\/strong><\/td>\n<\/tr>\n<\/tbody>\n<\/table>\n","protected":false},"excerpt":{"rendered":"<p>Na Nov\u00fd rok se otev\u0159e p\u0159estupov\u00e9 okno, v n\u011bm\u017e se od Evertonu neo\u010dek\u00e1v\u00e1 p\u0159\u00edli\u0161n\u00e1 aktivita. Jak\u00e9koliv pos\u00edlen\u00ed by bylo p\u0159\u00edjemn\u00fdm p\u0159ekvapen\u00edm.<\/p>\n","protected":false},"author":6,"featured_media":8425,"comment_status":"open","ping_status":"closed","sticky":false,"template":"","format":"standard","meta":{"_eb_attr":"","_monsterinsights_skip_tracking":false,"_monsterinsights_sitenote_active":false,"_monsterinsights_sitenote_note":"","_monsterinsights_sitenote_category":0,"footnotes":""},"categories":[41],"tags":[],"yoast_head":"<!-- This site is optimized with the Yoast SEO plugin v23.4 - https:\/\/yoast.com\/wordpress\/plugins\/seo\/ -->\n<title>P\u0159estupov\u00e1 zima 2024 - Official Czech &amp; Slovak Everton Supporters&#039; Club<\/title>\n<meta name=\"robots\" content=\"index, follow, max-snippet:-1, max-image-preview:large, max-video-preview:-1\" \/>\n<link rel=\"canonical\" href=\"https:\/\/evertonfc.cz\/index.php\/2024\/03\/05\/prestupova-zima-2024\/\" \/>\n<meta property=\"og:locale\" content=\"cs_CZ\" \/>\n<meta property=\"og:type\" content=\"article\" \/>\n<meta property=\"og:title\" content=\"P\u0159estupov\u00e1 zima 2024 - Official Czech &amp; Slovak Everton Supporters&#039; Club\" \/>\n<meta property=\"og:description\" content=\"Na Nov\u00fd rok se otev\u0159e p\u0159estupov\u00e9 okno, v n\u011bm\u017e se od Evertonu neo\u010dek\u00e1v\u00e1 p\u0159\u00edli\u0161n\u00e1 aktivita. Jak\u00e9koliv pos\u00edlen\u00ed by bylo p\u0159\u00edjemn\u00fdm p\u0159ekvapen\u00edm.\" \/>\n<meta property=\"og:url\" content=\"https:\/\/evertonfc.cz\/index.php\/2024\/03\/05\/prestupova-zima-2024\/\" \/>\n<meta property=\"og:site_name\" content=\"Official Czech &amp; Slovak Everton Supporters&#039; Club\" \/>\n<meta property=\"article:publisher\" content=\"https:\/\/www.facebook.com\/everton.fans.cz.sk\" \/>\n<meta property=\"article:published_time\" content=\"2024-03-05T13:03:43+00:00\" \/>\n<meta property=\"article:modified_time\" content=\"2024-03-18T10:23:36+00:00\" \/>\n<meta property=\"og:image\" content=\"https:\/\/evertonfc.cz\/wp-content\/uploads\/2019\/07\/Transfer-12-7-2019.png\" \/>\n\t<meta property=\"og:image:width\" content=\"720\" \/>\n\t<meta property=\"og:image:height\" content=\"405\" \/>\n\t<meta property=\"og:image:type\" content=\"image\/png\" \/>\n<meta name=\"author\" content=\"Ri\u010di\" \/>\n<meta name=\"twitter:card\" content=\"summary_large_image\" \/>\n<meta name=\"twitter:creator\" content=\"@rbrejsa\" \/>\n<meta name=\"twitter:label1\" content=\"Napsal(a)\" \/>\n\t<meta name=\"twitter:data1\" content=\"Ri\u010di\" \/>\n\t<meta name=\"twitter:label2\" content=\"Odhadovan\u00e1 doba \u010dten\u00ed\" \/>\n\t<meta name=\"twitter:data2\" content=\"3 minuty\" \/>\n<script type=\"application\/ld+json\" class=\"yoast-schema-graph\">{\"@context\":\"https:\/\/schema.org\",\"@graph\":[{\"@type\":\"Article\",\"@id\":\"https:\/\/evertonfc.cz\/index.php\/2024\/03\/05\/prestupova-zima-2024\/#article\",\"isPartOf\":{\"@id\":\"https:\/\/evertonfc.cz\/index.php\/2024\/03\/05\/prestupova-zima-2024\/\"},\"author\":{\"name\":\"Ri\u010di\",\"@id\":\"https:\/\/evertonfc.cz\/#\/schema\/person\/f7a5daedb2ffee98480bc70e191aaef1\"},\"headline\":\"P\u0159estupov\u00e1 zima 2024\",\"datePublished\":\"2024-03-05T13:03:43+00:00\",\"dateModified\":\"2024-03-18T10:23:36+00:00\",\"mainEntityOfPage\":{\"@id\":\"https:\/\/evertonfc.cz\/index.php\/2024\/03\/05\/prestupova-zima-2024\/\"},\"wordCount\":578,\"commentCount\":30,\"publisher\":{\"@id\":\"https:\/\/evertonfc.cz\/#organization\"},\"image\":{\"@id\":\"https:\/\/evertonfc.cz\/index.php\/2024\/03\/05\/prestupova-zima-2024\/#primaryimage\"},\"thumbnailUrl\":\"https:\/\/evertonfc.cz\/wp-content\/uploads\/2019\/07\/Transfer-12-7-2019.png\",\"articleSection\":[\"P\u0159estupy\"],\"inLanguage\":\"cs\",\"potentialAction\":[{\"@type\":\"CommentAction\",\"name\":\"Comment\",\"target\":[\"https:\/\/evertonfc.cz\/index.php\/2024\/03\/05\/prestupova-zima-2024\/#respond\"]}]},{\"@type\":\"WebPage\",\"@id\":\"https:\/\/evertonfc.cz\/index.php\/2024\/03\/05\/prestupova-zima-2024\/\",\"url\":\"https:\/\/evertonfc.cz\/index.php\/2024\/03\/05\/prestupova-zima-2024\/\",\"name\":\"P\u0159estupov\u00e1 zima 2024 - Official Czech &amp; Slovak Everton Supporters&#039; Club\",\"isPartOf\":{\"@id\":\"https:\/\/evertonfc.cz\/#website\"},\"primaryImageOfPage\":{\"@id\":\"https:\/\/evertonfc.cz\/index.php\/2024\/03\/05\/prestupova-zima-2024\/#primaryimage\"},\"image\":{\"@id\":\"https:\/\/evertonfc.cz\/index.php\/2024\/03\/05\/prestupova-zima-2024\/#primaryimage\"},\"thumbnailUrl\":\"https:\/\/evertonfc.cz\/wp-content\/uploads\/2019\/07\/Transfer-12-7-2019.png\",\"datePublished\":\"2024-03-05T13:03:43+00:00\",\"dateModified\":\"2024-03-18T10:23:36+00:00\",\"breadcrumb\":{\"@id\":\"https:\/\/evertonfc.cz\/index.php\/2024\/03\/05\/prestupova-zima-2024\/#breadcrumb\"},\"inLanguage\":\"cs\",\"potentialAction\":[{\"@type\":\"ReadAction\",\"target\":[\"https:\/\/evertonfc.cz\/index.php\/2024\/03\/05\/prestupova-zima-2024\/\"]}]},{\"@type\":\"ImageObject\",\"inLanguage\":\"cs\",\"@id\":\"https:\/\/evertonfc.cz\/index.php\/2024\/03\/05\/prestupova-zima-2024\/#primaryimage\",\"url\":\"https:\/\/evertonfc.cz\/wp-content\/uploads\/2019\/07\/Transfer-12-7-2019.png\",\"contentUrl\":\"https:\/\/evertonfc.cz\/wp-content\/uploads\/2019\/07\/Transfer-12-7-2019.png\",\"width\":720,\"height\":405},{\"@type\":\"BreadcrumbList\",\"@id\":\"https:\/\/evertonfc.cz\/index.php\/2024\/03\/05\/prestupova-zima-2024\/#breadcrumb\",\"itemListElement\":[{\"@type\":\"ListItem\",\"position\":1,\"name\":\"Home\",\"item\":\"https:\/\/evertonfc.cz\/\"},{\"@type\":\"ListItem\",\"position\":2,\"name\":\"P\u0159estupov\u00e1 zima 2024\"}]},{\"@type\":\"WebSite\",\"@id\":\"https:\/\/evertonfc.cz\/#website\",\"url\":\"https:\/\/evertonfc.cz\/\",\"name\":\"Official Czech &amp; Slovak Everton Supporters&#039; Club\",\"description\":\"\",\"publisher\":{\"@id\":\"https:\/\/evertonfc.cz\/#organization\"},\"potentialAction\":[{\"@type\":\"SearchAction\",\"target\":{\"@type\":\"EntryPoint\",\"urlTemplate\":\"https:\/\/evertonfc.cz\/?s={search_term_string}\"},\"query-input\":{\"@type\":\"PropertyValueSpecification\",\"valueRequired\":true,\"valueName\":\"search_term_string\"}}],\"inLanguage\":\"cs\"},{\"@type\":\"Organization\",\"@id\":\"https:\/\/evertonfc.cz\/#organization\",\"name\":\"Official Czech & Slovak Everton Supporters' Club\",\"url\":\"https:\/\/evertonfc.cz\/\",\"logo\":{\"@type\":\"ImageObject\",\"inLanguage\":\"cs\",\"@id\":\"https:\/\/evertonfc.cz\/#\/schema\/logo\/image\/\",\"url\":\"https:\/\/evertonfc.cz\/wp-content\/uploads\/2019\/05\/logo.png\",\"contentUrl\":\"https:\/\/evertonfc.cz\/wp-content\/uploads\/2019\/05\/logo.png\",\"width\":112,\"height\":112,\"caption\":\"Official Czech & Slovak Everton Supporters' Club\"},\"image\":{\"@id\":\"https:\/\/evertonfc.cz\/#\/schema\/logo\/image\/\"},\"sameAs\":[\"https:\/\/www.facebook.com\/everton.fans.cz.sk\"]},{\"@type\":\"Person\",\"@id\":\"https:\/\/evertonfc.cz\/#\/schema\/person\/f7a5daedb2ffee98480bc70e191aaef1\",\"name\":\"Ri\u010di\",\"sameAs\":[\"https:\/\/x.com\/rbrejsa\"],\"url\":\"https:\/\/evertonfc.cz\/index.php\/author\/rici\/\"}]}<\/script>\n<!-- \/ Yoast SEO plugin. -->","yoast_head_json":{"title":"P\u0159estupov\u00e1 zima 2024 - Official Czech &amp; Slovak Everton Supporters&#039; Club","robots":{"index":"index","follow":"follow","max-snippet":"max-snippet:-1","max-image-preview":"max-image-preview:large","max-video-preview":"max-video-preview:-1"},"canonical":"https:\/\/evertonfc.cz\/index.php\/2024\/03\/05\/prestupova-zima-2024\/","og_locale":"cs_CZ","og_type":"article","og_title":"P\u0159estupov\u00e1 zima 2024 - Official Czech &amp; Slovak Everton Supporters&#039; Club","og_description":"Na Nov\u00fd rok se otev\u0159e p\u0159estupov\u00e9 okno, v n\u011bm\u017e se od Evertonu neo\u010dek\u00e1v\u00e1 p\u0159\u00edli\u0161n\u00e1 aktivita. Jak\u00e9koliv pos\u00edlen\u00ed by bylo p\u0159\u00edjemn\u00fdm p\u0159ekvapen\u00edm.","og_url":"https:\/\/evertonfc.cz\/index.php\/2024\/03\/05\/prestupova-zima-2024\/","og_site_name":"Official Czech &amp; Slovak Everton Supporters&#039; Club","article_publisher":"https:\/\/www.facebook.com\/everton.fans.cz.sk","article_published_time":"2024-03-05T13:03:43+00:00","article_modified_time":"2024-03-18T10:23:36+00:00","og_image":[{"width":720,"height":405,"url":"https:\/\/evertonfc.cz\/wp-content\/uploads\/2019\/07\/Transfer-12-7-2019.png","type":"image\/png"}],"author":"Ri\u010di","twitter_card":"summary_large_image","twitter_creator":"@rbrejsa","twitter_misc":{"Napsal(a)":"Ri\u010di","Odhadovan\u00e1 doba \u010dten\u00ed":"3 minuty"},"schema":{"@context":"https:\/\/schema.org","@graph":[{"@type":"Article","@id":"https:\/\/evertonfc.cz\/index.php\/2024\/03\/05\/prestupova-zima-2024\/#article","isPartOf":{"@id":"https:\/\/evertonfc.cz\/index.php\/2024\/03\/05\/prestupova-zima-2024\/"},"author":{"name":"Ri\u010di","@id":"https:\/\/evertonfc.cz\/#\/schema\/person\/f7a5daedb2ffee98480bc70e191aaef1"},"headline":"P\u0159estupov\u00e1 zima 2024","datePublished":"2024-03-05T13:03:43+00:00","dateModified":"2024-03-18T10:23:36+00:00","mainEntityOfPage":{"@id":"https:\/\/evertonfc.cz\/index.php\/2024\/03\/05\/prestupova-zima-2024\/"},"wordCount":578,"commentCount":30,"publisher":{"@id":"https:\/\/evertonfc.cz\/#organization"},"image":{"@id":"https:\/\/evertonfc.cz\/index.php\/2024\/03\/05\/prestupova-zima-2024\/#primaryimage"},"thumbnailUrl":"https:\/\/evertonfc.cz\/wp-content\/uploads\/2019\/07\/Transfer-12-7-2019.png","articleSection":["P\u0159estupy"],"inLanguage":"cs","potentialAction":[{"@type":"CommentAction","name":"Comment","target":["https:\/\/evertonfc.cz\/index.php\/2024\/03\/05\/prestupova-zima-2024\/#respond"]}]},{"@type":"WebPage","@id":"https:\/\/evertonfc.cz\/index.php\/2024\/03\/05\/prestupova-zima-2024\/","url":"https:\/\/evertonfc.cz\/index.php\/2024\/03\/05\/prestupova-zima-2024\/","name":"P\u0159estupov\u00e1 zima 2024 - Official Czech &amp; Slovak Everton Supporters&#039; Club","isPartOf":{"@id":"https:\/\/evertonfc.cz\/#website"},"primaryImageOfPage":{"@id":"https:\/\/evertonfc.cz\/index.php\/2024\/03\/05\/prestupova-zima-2024\/#primaryimage"},"image":{"@id":"https:\/\/evertonfc.cz\/index.php\/2024\/03\/05\/prestupova-zima-2024\/#primaryimage"},"thumbnailUrl":"https:\/\/evertonfc.cz\/wp-content\/uploads\/2019\/07\/Transfer-12-7-2019.png","datePublished":"2024-03-05T13:03:43+00:00","dateModified":"2024-03-18T10:23:36+00:00","breadcrumb":{"@id":"https:\/\/evertonfc.cz\/index.php\/2024\/03\/05\/prestupova-zima-2024\/#breadcrumb"},"inLanguage":"cs","potentialAction":[{"@type":"ReadAction","target":["https:\/\/evertonfc.cz\/index.php\/2024\/03\/05\/prestupova-zima-2024\/"]}]},{"@type":"ImageObject","inLanguage":"cs","@id":"https:\/\/evertonfc.cz\/index.php\/2024\/03\/05\/prestupova-zima-2024\/#primaryimage","url":"https:\/\/evertonfc.cz\/wp-content\/uploads\/2019\/07\/Transfer-12-7-2019.png","contentUrl":"https:\/\/evertonfc.cz\/wp-content\/uploads\/2019\/07\/Transfer-12-7-2019.png","width":720,"height":405},{"@type":"BreadcrumbList","@id":"https:\/\/evertonfc.cz\/index.php\/2024\/03\/05\/prestupova-zima-2024\/#breadcrumb","itemListElement":[{"@type":"ListItem","position":1,"name":"Home","item":"https:\/\/evertonfc.cz\/"},{"@type":"ListItem","position":2,"name":"P\u0159estupov\u00e1 zima 2024"}]},{"@type":"WebSite","@id":"https:\/\/evertonfc.cz\/#website","url":"https:\/\/evertonfc.cz\/","name":"Official Czech &amp; Slovak Everton Supporters&#039; Club","description":"","publisher":{"@id":"https:\/\/evertonfc.cz\/#organization"},"potentialAction":[{"@type":"SearchAction","target":{"@type":"EntryPoint","urlTemplate":"https:\/\/evertonfc.cz\/?s={search_term_string}"},"query-input":{"@type":"PropertyValueSpecification","valueRequired":true,"valueName":"search_term_string"}}],"inLanguage":"cs"},{"@type":"Organization","@id":"https:\/\/evertonfc.cz\/#organization","name":"Official Czech & Slovak Everton Supporters' Club","url":"https:\/\/evertonfc.cz\/","logo":{"@type":"ImageObject","inLanguage":"cs","@id":"https:\/\/evertonfc.cz\/#\/schema\/logo\/image\/","url":"https:\/\/evertonfc.cz\/wp-content\/uploads\/2019\/05\/logo.png","contentUrl":"https:\/\/evertonfc.cz\/wp-content\/uploads\/2019\/05\/logo.png","width":112,"height":112,"caption":"Official Czech & Slovak Everton Supporters' Club"},"image":{"@id":"https:\/\/evertonfc.cz\/#\/schema\/logo\/image\/"},"sameAs":["https:\/\/www.facebook.com\/everton.fans.cz.sk"]},{"@type":"Person","@id":"https:\/\/evertonfc.cz\/#\/schema\/person\/f7a5daedb2ffee98480bc70e191aaef1","name":"Ri\u010di","sameAs":["https:\/\/x.com\/rbrejsa"],"url":"https:\/\/evertonfc.cz\/index.php\/author\/rici\/"}]}},"_links":{"self":[{"href":"https:\/\/evertonfc.cz\/index.php\/wp-json\/wp\/v2\/posts\/23594"}],"collection":[{"href":"https:\/\/evertonfc.cz\/index.php\/wp-json\/wp\/v2\/posts"}],"about":[{"href":"https:\/\/evertonfc.cz\/index.php\/wp-json\/wp\/v2\/types\/post"}],"author":[{"embeddable":true,"href":"https:\/\/evertonfc.cz\/index.php\/wp-json\/wp\/v2\/users\/6"}],"replies":[{"embeddable":true,"href":"https:\/\/evertonfc.cz\/index.php\/wp-json\/wp\/v2\/comments?post=23594"}],"version-history":[{"count":31,"href":"https:\/\/evertonfc.cz\/index.php\/wp-json\/wp\/v2\/posts\/23594\/revisions"}],"predecessor-version":[{"id":23597,"href":"https:\/\/evertonfc.cz\/index.php\/wp-json\/wp\/v2\/posts\/23594\/revisions\/23597"}],"wp:featuredmedia":[{"embeddable":true,"href":"https:\/\/evertonfc.cz\/index.php\/wp-json\/wp\/v2\/media\/8425"}],"wp:attachment":[{"href":"https:\/\/evertonfc.cz\/index.php\/wp-json\/wp\/v2\/media?parent=23594"}],"wp:term":[{"taxonomy":"category","embeddable":true,"href":"https:\/\/evertonfc.cz\/index.php\/wp-json\/wp\/v2\/categories?post=23594"},{"taxonomy":"post_tag","embeddable":true,"href":"https:\/\/evertonfc.cz\/index.php\/wp-json\/wp\/v2\/tags?post=23594"}],"curies":[{"name":"wp","href":"https:\/\/api.w.org\/{rel}","templated":true}]}}