{"id":23608,"date":"2023-12-31T16:40:30","date_gmt":"2023-12-31T15:40:30","guid":{"rendered":"https:\/\/evertonfc.cz\/?p=23608"},"modified":"2024-01-01T12:02:43","modified_gmt":"2024-01-01T11:02:43","slug":"wolverhampton-wanderers-everton-30","status":"publish","type":"post","link":"https:\/\/evertonfc.cz\/index.php\/2023\/12\/31\/wolverhampton-wanderers-everton-30\/","title":{"rendered":"Wolverhampton Wanderers \u2013 Everton 3:0"},"content":{"rendered":"<h4>Plodn\u00fd oh\u0148ostroj v br\u00e1ne host\u00ed vyprevadil vyhoren\u00e9 a rozleptan\u00e9 Karamelky von n\u00fadzov\u00fdm v\u00fdchodom katastrof\u00e1lnych \u010d\u00edslic kon\u010diacich trojkou. Bude \u0161tvorka in\u00e1? No, ak nebude pravidelne b\u00fdva\u0165 v na\u0161ej br\u00e1ne&#8230;<\/h4>\n<p>Je hanba prehra\u0165 o triedu s Vlkmi z Black Country? Asi nie. <a href=\"https:\/\/evertonfc.cz\/index.php\/2020\/07\/12\/wolverhampton-wanderers-everton-3-0\/\">Dovolil si to aj ve\u013ek\u00fd Ancelotti.<\/a> Tak\u017ee s\u00fa\u010dasn\u00e9 Veli\u010denstvo sa t\u00fdm tie\u017e nebude ve\u013emi zaobera\u0165. Vtedy, pred vy\u0161e tromi rokmi boli \u00fa\u010dastn\u00edkmi aj Pickford, Keane i Calvert-Lewin. Pod\u013ea sk\u00f3re sa ve\u013ea zrejme nezmenilo. \u010co naopak pre\u0161lo obmenou, bola form\u00e1cia a dvojit\u00e1 person\u00e1lna v\u00fdmena. Pod\u013ea mnoh\u00fdch zbyto\u010dn\u00e1 a nelogick\u00e1.<\/p>\n<p>Omnoho sebavedomej\u0161ieho Beta znovu posadil nerv\u00f3zny DCL, a harm\u00f3niu v zadn\u00fdch radoch mal nar\u00fa\u0161a\u0165 Keane. Ten tak vymenil Gomesa, ktor\u00fd si dovtedy u\u017e\u00edval mal\u00fa renesanciu v z\u00e1lohe EFC. Mo\u017eno aj preto sme prehrali u\u017e 5 z posledn\u00fdch 6 z\u00e1pasov proti Wolves. A mo\u017eno aj preto sme z 10 striel ani raz netrafili br\u00e1nu, \u010do sa n\u00e1m naposledy \u201epodarilo\u201c v okt\u00f3bri 2022 proti Newcastlu United.<\/p>\n<h4>1.pol\u010das<\/h4>\n<p>Dyche sa svojimi krokmi o\u010dividne sna\u017eil negova\u0165, \u010di aspo\u0148 vyrovna\u0165 hrozbe Wolves, ktor\u00ed pravidelne hraj\u00fa s wingbackov\u00fdm syst\u00e9mom a tromi stop\u00e9rmi. Nepomohlo. Pressing bol trvan\u00edm pr\u00edli\u0161 kr\u00e1tky, a zaka\u017ed\u00fdm ke\u010f sa aplikoval, tak ho s\u00faper jednoducho obi\u0161iel vzdu\u0161nou \u010diarou. Nielen z toho vznikali nebezpe\u010dn\u00e9 brejky hr\u00e1\u010dov v oran\u017eovom. Dobre nadrilovan\u00ed zverenci O\u2019Neila sa tak ve\u013emi efekt\u00edvne dost\u00e1vali k s\u013eubn\u00fdm \u0161anciam. Jedin\u00e9, \u010do im ch\u00fdbalo, bola rozhodnos\u0165 pri stre\u013ebe. Do vedenia by tak i\u0161li sk\u00f4r.<\/p>\n<p>Takto museli \u010daka\u0165 a\u017e do 25. min\u00faty, kedy sme po br\u00e1nen\u00ed rohu nedok\u00e1zali z\u00edska\u0165 loptu, a t\u00e1 sa op\u00e4\u0165 dostala do mal\u00e9ho v\u00e1pna, kde aj po zm\u00e4tkoch a Pickfordov\u00fdch reflexoch dok\u00e1zal rozvlni\u0165 sie\u0165 Kilman. <strong>1:0<\/strong>. Okam\u017eite mohol odpoveda\u0165 DCL po prihr\u00e1vke McNeila. Ale loptu z uhla nedok\u00e1zal nasmerova\u0165 cez brank\u00e1ra medzi \u017erde. Py\u017eamov\u00ed potom relat\u00edvne kontrolovali hru, ale nedok\u00e1zali si vytvori\u0165 v\u00e4\u010d\u0161ie \u0161ance.<\/p>\n<h4>2.pol\u010das<\/h4>\n<p>Zmena bola nutn\u00e1. N\u00e1\u0161 syst\u00e9m nefungoval. No Dyche ml\u010dal, a hr\u00e1\u010di po prest\u00e1vke tie\u017e. Po \u00f4smich min\u00fatach sa preto platila da\u0148 v podobe druh\u00e9ho g\u00f3lu. Oran\u017eov\u00ed n\u00e1s vykombinovali pekn\u00fdm mixom r\u00f4zne dlh\u00fdch prihr\u00e1vok, z ktor\u00fdch posledn\u00e1 pre\u0161la kr\u00ed\u017eom cez p\u00e4\u0165ku a\u017e k vo\u013en\u00e9mu Cunhovi na <strong>2:0<\/strong>. Tarkowski si tam nedal pozor rovnako, ako nesk\u00f4r daroval \u0161ancu na tret\u00ed g\u00f3l v podan\u00ed Hwanga. Pickford mal ale n\u00e1zor, \u017ee ten si g\u00f3l nezasl\u00fa\u017ei.<\/p>\n<p>Stretnutie poslal ku koncu posledn\u00fd g\u00f3l v r\u00fdchlom slede. Prihr\u00e1vka na n\u00e1hodu rovno do \u0161estn\u00e1stky pre\u0161la aj cez ne\u00faspe\u0161n\u00fa ofsajdov\u00fa pascu, v ktorej ju len pohladil Dawson, na \u010do sa nedalo Pickfordovi reagova\u0165. <strong>3:0<\/strong> a potom sa kompetentn\u00fd prebral. Ale u\u017e bolo neskoro. Aj na zmenu tvaru aj person\u00e1lu. Nezmohol ni\u010d Gomes \u010di Coleman, nesk\u00f4r ani Beto s Danjumom. Bolo prav\u00e9 tr\u00e1penie a\u017e dokonca.<\/p>\n<p>Nezmiernil ho ani McNeil ute\u0161enou ranou, ale len do spojnice. Neby\u0165 po\u010detn\u00fdch postaven\u00ed mimo hru a skvel\u00e9ho Pickforda, Wanderers mohli zakon\u010di\u0165 tento duel s oblej\u0161\u00edm sk\u00f3re, kde by sa lep\u0161ie zaokr\u00fah\u013eovalo smerom hore. Preto je namieste si za\u010da\u0165 kl\u00e1s\u0165 ot\u00e1zky, ako lep\u0161ie nahr\u00e1dza\u0165 ch\u00fdbaj\u00faci vplyv Doucour\u00e9ho, ako prospe\u0161ne rotova\u0165 vy\u010derpan\u00e9 postavy z\u00e1kladnej zostavy. Viac napovie bl\u00ed\u017eiaci sa FA Cup.<\/p>\n<h4>Sean Dyche po z\u00e1pase:<\/h4>\n<blockquote><p><span style=\"font-size: 12pt;\"><em>\u201ePremenili sa [Wolves] na dobr\u00fd t\u00edm, tvrdo pracovali, aby sa n\u00edm stali, najm\u00e4 doma. A p\u00fdtali sme od hr\u00e1\u010dov mnoho. Rozpis z\u00e1pasov je ne\u013e\u00fatostn\u00fd. Pr\u00e1ve sme skon\u010dili s\u00e9riu po\u010detn\u00fdch z\u00e1pasov so zraneniami. Od za\u010diatku sez\u00f3ny sme pre\u0161li dlh\u00fa cestu, ale ch\u00fdbal n\u00e1m ten k\u00fasok \u0161umu a energie, aby sme sa pustili do hry. Ch\u00fdbala n\u00e1m fyzickos\u0165. Hrali naozaj dobre a exponovali momenty, ke\u010f sme vyzerali unavene. Sami sme to urobili in\u00fdm a dnes to urobili oni n\u00e1m. Je to prv\u00fd z\u00e1pas, ktor\u00fd sme sa vzdialili od toho, \u010do rob\u00edme u\u017e od Aston Villy, \u010do bol druh\u00fd z\u00e1pas sez\u00f3ny. Je to pripomienka, \u017ee ak odst\u00fapite od svojho v\u00fdkonu a oni bud\u00fa hra\u0165 dobre, tak sa to v Premier League stane.\u201c<\/em><\/span><\/p><\/blockquote>\n<h3 style=\"text-align: center;\"><span style=\"color: #3366ff;\"><em>Come on you Blues !!!<\/em><\/span><\/h3>\n<p style=\"text-align: right;\"><span style=\"font-size: 8pt;\">(fotozdroj: Getty Images)<\/span><\/p>\n<p><strong>Zostrihy:<\/strong> <a href=\"https:\/\/www.fasthighlights.net\/2023\/12\/wolves-v-everton-highlights-video-fasthighlights-2\/\">fasthighlights.com<\/a> \/ <a href=\"https:\/\/evertontv.evertonfc.com\/videos\/149dcc13-d60c-464b-ab47-8c53af49bf67\">Everton TV<\/a>\u00a0 <strong>Mu\u017e z\u00e1pasu redakcie:<\/strong> Amadou Onana<\/p>\n<p><strong>G\u00f3ly:<\/strong> 25\u00b4 Kilman, 53\u00b4 Cunha (Hwang), 61\u00b4 Dawson (Cunha)<\/p>\n<p><strong>\u017dlt\u00e9 karty:<\/strong> 23\u00b4 Patterson, 43\u00b4 A\u00eft-Nouri, 45+5\u00b4 Doyle \/ McNeil, 67\u00b4 Tarkowski, 89\u00b4 Dyche<\/p>\n<p><strong>Wolverhampton Wanderers FC:<\/strong> S\u00e1 \u2013 Semedo, Kilman, Dawson, Toti, A\u00eft-Nouri \u2013 Gomes (85\u00b4 Traor\u00e9), Doyle \u2013 Hwang, Cunha (80\u00b4 Neto), Sarabia (80\u00b4 Bellegarde)<\/p>\n<p><strong>Everton FC:<\/strong> Pickford \u2013 Patterson (63\u00b4 Coleman), Tarkowski, Keane (63\u00b4 Gomes), Branhwaite, Mykolenko \u2013 Harrison, Onana, Garner, McNeil (74\u00b4 Danjuma) \u2013 Calvert-Lewin (74\u00b4 Beto)<\/p>\n<p><strong>Rozhodca:<\/strong> Tom Bramall\u00a0 <strong>Div\u00e1ci:<\/strong> 31 639 (Molineux Stadium)<\/p>\n","protected":false},"excerpt":{"rendered":"<p>Plodn\u00fd oh\u0148ostroj v br\u00e1ne host\u00ed vyprevadil vyhoren\u00e9 a rozleptan\u00e9 Karamelky von n\u00fadzov\u00fdm v\u00fdchodom katastrof\u00e1lnych \u010d\u00edslic kon\u010diacich trojkou. Bude \u0161tvorka in\u00e1? No, ak nebude pravidelne b\u00fdva\u0165 v na\u0161ej br\u00e1ne&#8230;<\/p>\n","protected":false},"author":1,"featured_media":23609,"comment_status":"open","ping_status":"closed","sticky":false,"template":"","format":"standard","meta":{"_eb_attr":"","_monsterinsights_skip_tracking":false,"_monsterinsights_sitenote_active":false,"_monsterinsights_sitenote_note":"","_monsterinsights_sitenote_category":0,"footnotes":""},"categories":[4],"tags":[],"yoast_head":"<!-- This site is optimized with the Yoast SEO plugin v23.4 - https:\/\/yoast.com\/wordpress\/plugins\/seo\/ -->\n<title>Wolverhampton Wanderers \u2013 Everton 3:0 - Official Czech &amp; Slovak Everton Supporters&#039; Club<\/title>\n<meta name=\"robots\" content=\"index, follow, max-snippet:-1, max-image-preview:large, max-video-preview:-1\" \/>\n<link rel=\"canonical\" href=\"https:\/\/evertonfc.cz\/index.php\/2023\/12\/31\/wolverhampton-wanderers-everton-30\/\" \/>\n<meta property=\"og:locale\" content=\"cs_CZ\" \/>\n<meta property=\"og:type\" content=\"article\" \/>\n<meta property=\"og:title\" content=\"Wolverhampton Wanderers \u2013 Everton 3:0 - Official Czech &amp; Slovak Everton Supporters&#039; Club\" \/>\n<meta property=\"og:description\" content=\"Plodn\u00fd oh\u0148ostroj v br\u00e1ne host\u00ed vyprevadil vyhoren\u00e9 a rozleptan\u00e9 Karamelky von n\u00fadzov\u00fdm v\u00fdchodom katastrof\u00e1lnych \u010d\u00edslic kon\u010diacich trojkou. Bude \u0161tvorka in\u00e1? No, ak nebude pravidelne b\u00fdva\u0165 v na\u0161ej br\u00e1ne...\" \/>\n<meta property=\"og:url\" content=\"https:\/\/evertonfc.cz\/index.php\/2023\/12\/31\/wolverhampton-wanderers-everton-30\/\" \/>\n<meta property=\"og:site_name\" content=\"Official Czech &amp; Slovak Everton Supporters&#039; Club\" \/>\n<meta property=\"article:publisher\" content=\"https:\/\/www.facebook.com\/everton.fans.cz.sk\" \/>\n<meta property=\"article:published_time\" content=\"2023-12-31T15:40:30+00:00\" \/>\n<meta property=\"article:modified_time\" content=\"2024-01-01T11:02:43+00:00\" \/>\n<meta property=\"og:image\" content=\"https:\/\/evertonfc.cz\/wp-content\/uploads\/2024\/01\/Wolverhampton-3-0-Everton-by-Getty-Images-30-12-2023.jpeg\" \/>\n\t<meta property=\"og:image:width\" content=\"720\" \/>\n\t<meta property=\"og:image:height\" content=\"405\" \/>\n\t<meta property=\"og:image:type\" content=\"image\/jpeg\" \/>\n<meta name=\"author\" content=\"BlueBlooded\" \/>\n<meta name=\"twitter:card\" content=\"summary_large_image\" \/>\n<meta name=\"twitter:label1\" content=\"Napsal(a)\" \/>\n\t<meta name=\"twitter:data1\" content=\"BlueBlooded\" \/>\n\t<meta name=\"twitter:label2\" content=\"Odhadovan\u00e1 doba \u010dten\u00ed\" \/>\n\t<meta name=\"twitter:data2\" content=\"4 minuty\" \/>\n<script type=\"application\/ld+json\" class=\"yoast-schema-graph\">{\"@context\":\"https:\/\/schema.org\",\"@graph\":[{\"@type\":\"Article\",\"@id\":\"https:\/\/evertonfc.cz\/index.php\/2023\/12\/31\/wolverhampton-wanderers-everton-30\/#article\",\"isPartOf\":{\"@id\":\"https:\/\/evertonfc.cz\/index.php\/2023\/12\/31\/wolverhampton-wanderers-everton-30\/\"},\"author\":{\"name\":\"BlueBlooded\",\"@id\":\"https:\/\/evertonfc.cz\/#\/schema\/person\/d4493b8cbea51532597fbc4685698916\"},\"headline\":\"Wolverhampton Wanderers \u2013 Everton 3:0\",\"datePublished\":\"2023-12-31T15:40:30+00:00\",\"dateModified\":\"2024-01-01T11:02:43+00:00\",\"mainEntityOfPage\":{\"@id\":\"https:\/\/evertonfc.cz\/index.php\/2023\/12\/31\/wolverhampton-wanderers-everton-30\/\"},\"wordCount\":852,\"commentCount\":4,\"publisher\":{\"@id\":\"https:\/\/evertonfc.cz\/#organization\"},\"image\":{\"@id\":\"https:\/\/evertonfc.cz\/index.php\/2023\/12\/31\/wolverhampton-wanderers-everton-30\/#primaryimage\"},\"thumbnailUrl\":\"https:\/\/evertonfc.cz\/wp-content\/uploads\/2024\/01\/Wolverhampton-3-0-Everton-by-Getty-Images-30-12-2023.jpeg\",\"articleSection\":[\"Z\u00e1pasy\"],\"inLanguage\":\"cs\",\"potentialAction\":[{\"@type\":\"CommentAction\",\"name\":\"Comment\",\"target\":[\"https:\/\/evertonfc.cz\/index.php\/2023\/12\/31\/wolverhampton-wanderers-everton-30\/#respond\"]}]},{\"@type\":\"WebPage\",\"@id\":\"https:\/\/evertonfc.cz\/index.php\/2023\/12\/31\/wolverhampton-wanderers-everton-30\/\",\"url\":\"https:\/\/evertonfc.cz\/index.php\/2023\/12\/31\/wolverhampton-wanderers-everton-30\/\",\"name\":\"Wolverhampton Wanderers \u2013 Everton 3:0 - Official Czech &amp; Slovak Everton Supporters&#039; Club\",\"isPartOf\":{\"@id\":\"https:\/\/evertonfc.cz\/#website\"},\"primaryImageOfPage\":{\"@id\":\"https:\/\/evertonfc.cz\/index.php\/2023\/12\/31\/wolverhampton-wanderers-everton-30\/#primaryimage\"},\"image\":{\"@id\":\"https:\/\/evertonfc.cz\/index.php\/2023\/12\/31\/wolverhampton-wanderers-everton-30\/#primaryimage\"},\"thumbnailUrl\":\"https:\/\/evertonfc.cz\/wp-content\/uploads\/2024\/01\/Wolverhampton-3-0-Everton-by-Getty-Images-30-12-2023.jpeg\",\"datePublished\":\"2023-12-31T15:40:30+00:00\",\"dateModified\":\"2024-01-01T11:02:43+00:00\",\"breadcrumb\":{\"@id\":\"https:\/\/evertonfc.cz\/index.php\/2023\/12\/31\/wolverhampton-wanderers-everton-30\/#breadcrumb\"},\"inLanguage\":\"cs\",\"potentialAction\":[{\"@type\":\"ReadAction\",\"target\":[\"https:\/\/evertonfc.cz\/index.php\/2023\/12\/31\/wolverhampton-wanderers-everton-30\/\"]}]},{\"@type\":\"ImageObject\",\"inLanguage\":\"cs\",\"@id\":\"https:\/\/evertonfc.cz\/index.php\/2023\/12\/31\/wolverhampton-wanderers-everton-30\/#primaryimage\",\"url\":\"https:\/\/evertonfc.cz\/wp-content\/uploads\/2024\/01\/Wolverhampton-3-0-Everton-by-Getty-Images-30-12-2023.jpeg\",\"contentUrl\":\"https:\/\/evertonfc.cz\/wp-content\/uploads\/2024\/01\/Wolverhampton-3-0-Everton-by-Getty-Images-30-12-2023.jpeg\",\"width\":720,\"height\":405},{\"@type\":\"BreadcrumbList\",\"@id\":\"https:\/\/evertonfc.cz\/index.php\/2023\/12\/31\/wolverhampton-wanderers-everton-30\/#breadcrumb\",\"itemListElement\":[{\"@type\":\"ListItem\",\"position\":1,\"name\":\"Home\",\"item\":\"https:\/\/evertonfc.cz\/\"},{\"@type\":\"ListItem\",\"position\":2,\"name\":\"Wolverhampton Wanderers \u2013 Everton 3:0\"}]},{\"@type\":\"WebSite\",\"@id\":\"https:\/\/evertonfc.cz\/#website\",\"url\":\"https:\/\/evertonfc.cz\/\",\"name\":\"Official Czech &amp; Slovak Everton Supporters&#039; Club\",\"description\":\"\",\"publisher\":{\"@id\":\"https:\/\/evertonfc.cz\/#organization\"},\"potentialAction\":[{\"@type\":\"SearchAction\",\"target\":{\"@type\":\"EntryPoint\",\"urlTemplate\":\"https:\/\/evertonfc.cz\/?s={search_term_string}\"},\"query-input\":{\"@type\":\"PropertyValueSpecification\",\"valueRequired\":true,\"valueName\":\"search_term_string\"}}],\"inLanguage\":\"cs\"},{\"@type\":\"Organization\",\"@id\":\"https:\/\/evertonfc.cz\/#organization\",\"name\":\"Official Czech & Slovak Everton Supporters' Club\",\"url\":\"https:\/\/evertonfc.cz\/\",\"logo\":{\"@type\":\"ImageObject\",\"inLanguage\":\"cs\",\"@id\":\"https:\/\/evertonfc.cz\/#\/schema\/logo\/image\/\",\"url\":\"https:\/\/evertonfc.cz\/wp-content\/uploads\/2019\/05\/logo.png\",\"contentUrl\":\"https:\/\/evertonfc.cz\/wp-content\/uploads\/2019\/05\/logo.png\",\"width\":112,\"height\":112,\"caption\":\"Official Czech & Slovak Everton Supporters' Club\"},\"image\":{\"@id\":\"https:\/\/evertonfc.cz\/#\/schema\/logo\/image\/\"},\"sameAs\":[\"https:\/\/www.facebook.com\/everton.fans.cz.sk\"]},{\"@type\":\"Person\",\"@id\":\"https:\/\/evertonfc.cz\/#\/schema\/person\/d4493b8cbea51532597fbc4685698916\",\"name\":\"BlueBlooded\",\"url\":\"https:\/\/evertonfc.cz\/index.php\/author\/admin\/\"}]}<\/script>\n<!-- \/ Yoast SEO plugin. -->","yoast_head_json":{"title":"Wolverhampton Wanderers \u2013 Everton 3:0 - Official Czech &amp; Slovak Everton Supporters&#039; Club","robots":{"index":"index","follow":"follow","max-snippet":"max-snippet:-1","max-image-preview":"max-image-preview:large","max-video-preview":"max-video-preview:-1"},"canonical":"https:\/\/evertonfc.cz\/index.php\/2023\/12\/31\/wolverhampton-wanderers-everton-30\/","og_locale":"cs_CZ","og_type":"article","og_title":"Wolverhampton Wanderers \u2013 Everton 3:0 - Official Czech &amp; Slovak Everton Supporters&#039; Club","og_description":"Plodn\u00fd oh\u0148ostroj v br\u00e1ne host\u00ed vyprevadil vyhoren\u00e9 a rozleptan\u00e9 Karamelky von n\u00fadzov\u00fdm v\u00fdchodom katastrof\u00e1lnych \u010d\u00edslic kon\u010diacich trojkou. Bude \u0161tvorka in\u00e1? No, ak nebude pravidelne b\u00fdva\u0165 v na\u0161ej br\u00e1ne...","og_url":"https:\/\/evertonfc.cz\/index.php\/2023\/12\/31\/wolverhampton-wanderers-everton-30\/","og_site_name":"Official Czech &amp; Slovak Everton Supporters&#039; Club","article_publisher":"https:\/\/www.facebook.com\/everton.fans.cz.sk","article_published_time":"2023-12-31T15:40:30+00:00","article_modified_time":"2024-01-01T11:02:43+00:00","og_image":[{"width":720,"height":405,"url":"https:\/\/evertonfc.cz\/wp-content\/uploads\/2024\/01\/Wolverhampton-3-0-Everton-by-Getty-Images-30-12-2023.jpeg","type":"image\/jpeg"}],"author":"BlueBlooded","twitter_card":"summary_large_image","twitter_misc":{"Napsal(a)":"BlueBlooded","Odhadovan\u00e1 doba \u010dten\u00ed":"4 minuty"},"schema":{"@context":"https:\/\/schema.org","@graph":[{"@type":"Article","@id":"https:\/\/evertonfc.cz\/index.php\/2023\/12\/31\/wolverhampton-wanderers-everton-30\/#article","isPartOf":{"@id":"https:\/\/evertonfc.cz\/index.php\/2023\/12\/31\/wolverhampton-wanderers-everton-30\/"},"author":{"name":"BlueBlooded","@id":"https:\/\/evertonfc.cz\/#\/schema\/person\/d4493b8cbea51532597fbc4685698916"},"headline":"Wolverhampton Wanderers \u2013 Everton 3:0","datePublished":"2023-12-31T15:40:30+00:00","dateModified":"2024-01-01T11:02:43+00:00","mainEntityOfPage":{"@id":"https:\/\/evertonfc.cz\/index.php\/2023\/12\/31\/wolverhampton-wanderers-everton-30\/"},"wordCount":852,"commentCount":4,"publisher":{"@id":"https:\/\/evertonfc.cz\/#organization"},"image":{"@id":"https:\/\/evertonfc.cz\/index.php\/2023\/12\/31\/wolverhampton-wanderers-everton-30\/#primaryimage"},"thumbnailUrl":"https:\/\/evertonfc.cz\/wp-content\/uploads\/2024\/01\/Wolverhampton-3-0-Everton-by-Getty-Images-30-12-2023.jpeg","articleSection":["Z\u00e1pasy"],"inLanguage":"cs","potentialAction":[{"@type":"CommentAction","name":"Comment","target":["https:\/\/evertonfc.cz\/index.php\/2023\/12\/31\/wolverhampton-wanderers-everton-30\/#respond"]}]},{"@type":"WebPage","@id":"https:\/\/evertonfc.cz\/index.php\/2023\/12\/31\/wolverhampton-wanderers-everton-30\/","url":"https:\/\/evertonfc.cz\/index.php\/2023\/12\/31\/wolverhampton-wanderers-everton-30\/","name":"Wolverhampton Wanderers \u2013 Everton 3:0 - Official Czech &amp; Slovak Everton Supporters&#039; Club","isPartOf":{"@id":"https:\/\/evertonfc.cz\/#website"},"primaryImageOfPage":{"@id":"https:\/\/evertonfc.cz\/index.php\/2023\/12\/31\/wolverhampton-wanderers-everton-30\/#primaryimage"},"image":{"@id":"https:\/\/evertonfc.cz\/index.php\/2023\/12\/31\/wolverhampton-wanderers-everton-30\/#primaryimage"},"thumbnailUrl":"https:\/\/evertonfc.cz\/wp-content\/uploads\/2024\/01\/Wolverhampton-3-0-Everton-by-Getty-Images-30-12-2023.jpeg","datePublished":"2023-12-31T15:40:30+00:00","dateModified":"2024-01-01T11:02:43+00:00","breadcrumb":{"@id":"https:\/\/evertonfc.cz\/index.php\/2023\/12\/31\/wolverhampton-wanderers-everton-30\/#breadcrumb"},"inLanguage":"cs","potentialAction":[{"@type":"ReadAction","target":["https:\/\/evertonfc.cz\/index.php\/2023\/12\/31\/wolverhampton-wanderers-everton-30\/"]}]},{"@type":"ImageObject","inLanguage":"cs","@id":"https:\/\/evertonfc.cz\/index.php\/2023\/12\/31\/wolverhampton-wanderers-everton-30\/#primaryimage","url":"https:\/\/evertonfc.cz\/wp-content\/uploads\/2024\/01\/Wolverhampton-3-0-Everton-by-Getty-Images-30-12-2023.jpeg","contentUrl":"https:\/\/evertonfc.cz\/wp-content\/uploads\/2024\/01\/Wolverhampton-3-0-Everton-by-Getty-Images-30-12-2023.jpeg","width":720,"height":405},{"@type":"BreadcrumbList","@id":"https:\/\/evertonfc.cz\/index.php\/2023\/12\/31\/wolverhampton-wanderers-everton-30\/#breadcrumb","itemListElement":[{"@type":"ListItem","position":1,"name":"Home","item":"https:\/\/evertonfc.cz\/"},{"@type":"ListItem","position":2,"name":"Wolverhampton Wanderers \u2013 Everton 3:0"}]},{"@type":"WebSite","@id":"https:\/\/evertonfc.cz\/#website","url":"https:\/\/evertonfc.cz\/","name":"Official Czech &amp; Slovak Everton Supporters&#039; Club","description":"","publisher":{"@id":"https:\/\/evertonfc.cz\/#organization"},"potentialAction":[{"@type":"SearchAction","target":{"@type":"EntryPoint","urlTemplate":"https:\/\/evertonfc.cz\/?s={search_term_string}"},"query-input":{"@type":"PropertyValueSpecification","valueRequired":true,"valueName":"search_term_string"}}],"inLanguage":"cs"},{"@type":"Organization","@id":"https:\/\/evertonfc.cz\/#organization","name":"Official Czech & Slovak Everton Supporters' Club","url":"https:\/\/evertonfc.cz\/","logo":{"@type":"ImageObject","inLanguage":"cs","@id":"https:\/\/evertonfc.cz\/#\/schema\/logo\/image\/","url":"https:\/\/evertonfc.cz\/wp-content\/uploads\/2019\/05\/logo.png","contentUrl":"https:\/\/evertonfc.cz\/wp-content\/uploads\/2019\/05\/logo.png","width":112,"height":112,"caption":"Official Czech & Slovak Everton Supporters' Club"},"image":{"@id":"https:\/\/evertonfc.cz\/#\/schema\/logo\/image\/"},"sameAs":["https:\/\/www.facebook.com\/everton.fans.cz.sk"]},{"@type":"Person","@id":"https:\/\/evertonfc.cz\/#\/schema\/person\/d4493b8cbea51532597fbc4685698916","name":"BlueBlooded","url":"https:\/\/evertonfc.cz\/index.php\/author\/admin\/"}]}},"_links":{"self":[{"href":"https:\/\/evertonfc.cz\/index.php\/wp-json\/wp\/v2\/posts\/23608"}],"collection":[{"href":"https:\/\/evertonfc.cz\/index.php\/wp-json\/wp\/v2\/posts"}],"about":[{"href":"https:\/\/evertonfc.cz\/index.php\/wp-json\/wp\/v2\/types\/post"}],"author":[{"embeddable":true,"href":"https:\/\/evertonfc.cz\/index.php\/wp-json\/wp\/v2\/users\/1"}],"replies":[{"embeddable":true,"href":"https:\/\/evertonfc.cz\/index.php\/wp-json\/wp\/v2\/comments?post=23608"}],"version-history":[{"count":5,"href":"https:\/\/evertonfc.cz\/index.php\/wp-json\/wp\/v2\/posts\/23608\/revisions"}],"predecessor-version":[{"id":23614,"href":"https:\/\/evertonfc.cz\/index.php\/wp-json\/wp\/v2\/posts\/23608\/revisions\/23614"}],"wp:featuredmedia":[{"embeddable":true,"href":"https:\/\/evertonfc.cz\/index.php\/wp-json\/wp\/v2\/media\/23609"}],"wp:attachment":[{"href":"https:\/\/evertonfc.cz\/index.php\/wp-json\/wp\/v2\/media?parent=23608"}],"wp:term":[{"taxonomy":"category","embeddable":true,"href":"https:\/\/evertonfc.cz\/index.php\/wp-json\/wp\/v2\/categories?post=23608"},{"taxonomy":"post_tag","embeddable":true,"href":"https:\/\/evertonfc.cz\/index.php\/wp-json\/wp\/v2\/tags?post=23608"}],"curies":[{"name":"wp","href":"https:\/\/api.w.org\/{rel}","templated":true}]}}