{"id":2363,"date":"2017-10-26T21:49:43","date_gmt":"2017-10-26T19:49:43","guid":{"rendered":"http:\/\/evertonfc.cz\/?p=2363"},"modified":"2019-02-05T21:52:47","modified_gmt":"2019-02-05T20:52:47","slug":"koeman-velmi-jsem-stal-o-girouda","status":"publish","type":"post","link":"https:\/\/evertonfc.cz\/index.php\/2017\/10\/26\/koeman-velmi-jsem-stal-o-girouda\/","title":{"rendered":"Koeman: Velmi jsem st\u00e1l o Girouda"},"content":{"rendered":"\n<h4 class=\"wp-block-heading\">Ronald Koeman se po pond\u011bln\u00edm odvol\u00e1n\u00ed poprv\u00e9 zp\u011btn\u011b ohl\u00e9dl za sv\u00fdm koncem v Evertonu. Z nezdaru vin\u00ed\u00a0z \u010d\u00e1sti nedota\u017een\u00ed p\u0159estupu Oliviera Girouda z Arsenalu.<\/h4>\n\n\n\n<p>Dnes u\u017e b\u00fdval\u00fd mana\u017eer Evertonu se v rozhovoru pro nizozemsk\u00fd fotbalov\u00fd magaz\u00edn Voetbal International nechal sly\u0161et:\u00a0<em>\u201eOlivier Giroud byl v m\u00fdch pl\u00e1nech. Jen t\u011b\u017ece jsem vst\u0159eb\u00e1val, \u017ee se n\u00e1m ho nepoda\u0159ilo p\u0159iv\u00e9st. \u0158ekn\u011bte mi, kde jinde jsme mohli naj\u00edt lep\u0161\u00edho \u00fato\u010dn\u00edka? Bohu\u017eel Giroud up\u0159ednostnil \u017eivot v Lond\u00fdn\u011b.<\/em>\u201c<\/p>\n\n\n\n<p>31let\u00fd francouzsk\u00fd reprezentant m\u011bl b\u00fdt n\u00e1hradou za kanon\u00fdra Romela Lukaka, kter\u00fd po \u010dty\u0159ech letech opustil Goodison Park.<em> \u201eLukaku byl pro n\u00e1s ohromn\u011b d\u016fle\u017eit\u00fd, nikoliv jen kv\u016fli g\u00f3l\u016fm, ale rovn\u011b\u017e kv\u016fli sv\u00e9mu stylu hry,&#8220;<\/em>\u00a0dal se Koeman do vysv\u011btlov\u00e1n\u00ed.\u00a0<em>&#8222;Kdy\u017e jsem n\u00e1m v z\u00e1pase neda\u0159ilo plnit taktick\u00e9 pokyny, mohli jsme na n\u011bj nakop\u00e1vat dlouh\u00e9 m\u00ed\u010de. Po jeho odchodu n\u00e1m podobn\u00fd typ hr\u00e1\u010de chyb\u011bl. Wayne Rooney a Nikola Vla\u0161i\u0107 p\u0159edstavuj\u00ed jin\u00fd typ \u00fato\u010dn\u00edk\u016f, r\u00e1di hraj\u00ed s m\u00ed\u010dem na noze.<\/em>\u201c<\/p>\n\n\n\n<p>Koemanovi bylo vy\u010d\u00edt\u00e1no, \u017ee p\u0159esto\u017ee Toffees v l\u00e9t\u011b utratili na posil\u00e1ch a\u017e 130 milion\u016f liber, v\u00fdsledky se nedostavily. Nizozemsk\u00fd strat\u00e9g v\u0161ak nadm\u011brn\u00e9 utr\u00e1cen\u00e9 odm\u00edt\u00e1: <em>\u201eProdali jsme Lukaka za 90 milion\u016f liber. N\u00e1\u0161 nejdra\u017e\u0161\u00ed n\u00e1kup, Gylfi Sigurdsson, st\u00e1l polovinu.<\/em><\/p>\n\n\n\n<p><em>Investovali jsme hodn\u011b pen\u011bz, ov\u0161em v Anglii se pohybujete v jin\u00fdch \u010d\u00edslech ne\u017e ve zbytku sv\u011bta. Hr\u00e1\u010di jsou zde dra\u017e\u0161\u00ed, tak je prost\u011b nastaven\u00fd trh.\u201c <\/em><\/p>\n\n\n\n<p>Na z\u00e1v\u011br rozhovoru Koeman p\u0159ipomn\u011bl t\u011b\u017ek\u00fd los v \u00favodu sez\u00f3ny.\u00a0<em>\u201eJakmile jsem spat\u0159il rozlosov\u00e1n\u00ed Premier League, v\u011bd\u011bl jsem, \u017ee n\u00e1s ne\u010dek\u00e1 lehk\u00e1 pr\u00e1ce. V prvn\u00edch dev\u00edti kolech jsme \u010delili p\u011bti t\u00fdm\u016fm z lo\u0148sk\u00e9 nejlep\u0161\u00ed \u0161estky: Chelsea, Tottenhamu, Manchesteru City, Manchesteru United a Arsenalu. Spolu s Evropskou ligou se jednalo o n\u00e1ro\u010dn\u00fd program.\u201c<\/em><\/p>\n\n\n\n<p>Ve st\u0159edu ve\u010der v\u00a0utk\u00e1n\u00ed Ligov\u00e9 poh\u00e1ru s Chelsea\u00a0u\u017e Everton vedl do\u010dasn\u00fd mana\u017eer David Unsworth, kter\u00fd se i p\u0159es po\u010d\u00e1te\u010dn\u00ed prohru netaj\u00ed ambicemi z\u016fstat na lavi\u010dce del\u0161\u00ed \u010das.\u00a0<em>\u201eCo se m\u00e1 st\u00e1t, to se stane, jsem pln\u011b odd\u00e1n klubu. Denn\u011b n\u011bkolikr\u00e1t mluv\u00edm s p\u0159edsedou Billem Kenwrightem a v p\u00e1tek se nav\u00edc setk\u00e1m s Farhadem Moshirim. Nebylo mi \u0159e\u010deno, kolik z\u00e1pas\u016f povedu mu\u017estvo \u010di kolik bod\u016f m\u00e1m z\u00edskat.\u201c<\/em><\/p>\n","protected":false},"excerpt":{"rendered":"<p>Ronald Koeman se po pond\u011bln\u00edm odvol\u00e1n\u00ed poprv\u00e9 zp\u011btn\u011b ohl\u00e9dl za sv\u00fdm koncem v Evertonu. Z nezdaru vin\u00ed\u00a0z \u010d\u00e1sti nedota\u017een\u00ed p\u0159estupu&hellip;<\/p>\n","protected":false},"author":6,"featured_media":1312,"comment_status":"open","ping_status":"closed","sticky":false,"template":"","format":"standard","meta":{"_eb_attr":"","_monsterinsights_skip_tracking":false,"_monsterinsights_sitenote_active":false,"_monsterinsights_sitenote_note":"","_monsterinsights_sitenote_category":0,"footnotes":""},"categories":[1],"tags":[],"yoast_head":"<!-- This site is optimized with the Yoast SEO plugin v23.4 - https:\/\/yoast.com\/wordpress\/plugins\/seo\/ -->\n<title>Koeman: Velmi jsem st\u00e1l o Girouda - Official Czech &amp; Slovak Everton Supporters&#039; Club<\/title>\n<meta name=\"robots\" content=\"index, follow, max-snippet:-1, max-image-preview:large, max-video-preview:-1\" \/>\n<link rel=\"canonical\" href=\"https:\/\/evertonfc.cz\/index.php\/2017\/10\/26\/koeman-velmi-jsem-stal-o-girouda\/\" \/>\n<meta property=\"og:locale\" content=\"cs_CZ\" \/>\n<meta property=\"og:type\" content=\"article\" \/>\n<meta property=\"og:title\" content=\"Koeman: Velmi jsem st\u00e1l o Girouda - Official Czech &amp; Slovak Everton Supporters&#039; Club\" \/>\n<meta property=\"og:description\" content=\"Ronald Koeman se po pond\u011bln\u00edm odvol\u00e1n\u00ed poprv\u00e9 zp\u011btn\u011b ohl\u00e9dl za sv\u00fdm koncem v Evertonu. Z nezdaru vin\u00ed\u00a0z \u010d\u00e1sti nedota\u017een\u00ed p\u0159estupu&hellip;\" \/>\n<meta property=\"og:url\" content=\"https:\/\/evertonfc.cz\/index.php\/2017\/10\/26\/koeman-velmi-jsem-stal-o-girouda\/\" \/>\n<meta property=\"og:site_name\" content=\"Official Czech &amp; Slovak Everton Supporters&#039; Club\" \/>\n<meta property=\"article:publisher\" content=\"https:\/\/www.facebook.com\/everton.fans.cz.sk\" \/>\n<meta property=\"article:published_time\" content=\"2017-10-26T19:49:43+00:00\" \/>\n<meta property=\"article:modified_time\" content=\"2019-02-05T20:52:47+00:00\" \/>\n<meta property=\"og:image\" content=\"https:\/\/evertonfc.cz\/wp-content\/uploads\/2019\/01\/interview.jpg\" \/>\n\t<meta property=\"og:image:width\" content=\"720\" \/>\n\t<meta property=\"og:image:height\" content=\"405\" \/>\n\t<meta property=\"og:image:type\" content=\"image\/jpeg\" \/>\n<meta name=\"author\" content=\"Ri\u010di\" \/>\n<meta name=\"twitter:card\" content=\"summary_large_image\" \/>\n<meta name=\"twitter:creator\" content=\"@rbrejsa\" \/>\n<meta name=\"twitter:label1\" content=\"Napsal(a)\" \/>\n\t<meta name=\"twitter:data1\" content=\"Ri\u010di\" \/>\n\t<meta name=\"twitter:label2\" content=\"Odhadovan\u00e1 doba \u010dten\u00ed\" \/>\n\t<meta name=\"twitter:data2\" content=\"2 minuty\" \/>\n<script type=\"application\/ld+json\" class=\"yoast-schema-graph\">{\"@context\":\"https:\/\/schema.org\",\"@graph\":[{\"@type\":\"Article\",\"@id\":\"https:\/\/evertonfc.cz\/index.php\/2017\/10\/26\/koeman-velmi-jsem-stal-o-girouda\/#article\",\"isPartOf\":{\"@id\":\"https:\/\/evertonfc.cz\/index.php\/2017\/10\/26\/koeman-velmi-jsem-stal-o-girouda\/\"},\"author\":{\"name\":\"Ri\u010di\",\"@id\":\"https:\/\/evertonfc.cz\/#\/schema\/person\/f7a5daedb2ffee98480bc70e191aaef1\"},\"headline\":\"Koeman: Velmi jsem st\u00e1l o Girouda\",\"datePublished\":\"2017-10-26T19:49:43+00:00\",\"dateModified\":\"2019-02-05T20:52:47+00:00\",\"mainEntityOfPage\":{\"@id\":\"https:\/\/evertonfc.cz\/index.php\/2017\/10\/26\/koeman-velmi-jsem-stal-o-girouda\/\"},\"wordCount\":461,\"commentCount\":0,\"publisher\":{\"@id\":\"https:\/\/evertonfc.cz\/#organization\"},\"image\":{\"@id\":\"https:\/\/evertonfc.cz\/index.php\/2017\/10\/26\/koeman-velmi-jsem-stal-o-girouda\/#primaryimage\"},\"thumbnailUrl\":\"https:\/\/evertonfc.cz\/wp-content\/uploads\/2019\/01\/interview.jpg\",\"articleSection\":[\"Rozhovory\"],\"inLanguage\":\"cs\",\"potentialAction\":[{\"@type\":\"CommentAction\",\"name\":\"Comment\",\"target\":[\"https:\/\/evertonfc.cz\/index.php\/2017\/10\/26\/koeman-velmi-jsem-stal-o-girouda\/#respond\"]}]},{\"@type\":\"WebPage\",\"@id\":\"https:\/\/evertonfc.cz\/index.php\/2017\/10\/26\/koeman-velmi-jsem-stal-o-girouda\/\",\"url\":\"https:\/\/evertonfc.cz\/index.php\/2017\/10\/26\/koeman-velmi-jsem-stal-o-girouda\/\",\"name\":\"Koeman: Velmi jsem st\u00e1l o Girouda - Official Czech &amp; Slovak Everton Supporters&#039; Club\",\"isPartOf\":{\"@id\":\"https:\/\/evertonfc.cz\/#website\"},\"primaryImageOfPage\":{\"@id\":\"https:\/\/evertonfc.cz\/index.php\/2017\/10\/26\/koeman-velmi-jsem-stal-o-girouda\/#primaryimage\"},\"image\":{\"@id\":\"https:\/\/evertonfc.cz\/index.php\/2017\/10\/26\/koeman-velmi-jsem-stal-o-girouda\/#primaryimage\"},\"thumbnailUrl\":\"https:\/\/evertonfc.cz\/wp-content\/uploads\/2019\/01\/interview.jpg\",\"datePublished\":\"2017-10-26T19:49:43+00:00\",\"dateModified\":\"2019-02-05T20:52:47+00:00\",\"breadcrumb\":{\"@id\":\"https:\/\/evertonfc.cz\/index.php\/2017\/10\/26\/koeman-velmi-jsem-stal-o-girouda\/#breadcrumb\"},\"inLanguage\":\"cs\",\"potentialAction\":[{\"@type\":\"ReadAction\",\"target\":[\"https:\/\/evertonfc.cz\/index.php\/2017\/10\/26\/koeman-velmi-jsem-stal-o-girouda\/\"]}]},{\"@type\":\"ImageObject\",\"inLanguage\":\"cs\",\"@id\":\"https:\/\/evertonfc.cz\/index.php\/2017\/10\/26\/koeman-velmi-jsem-stal-o-girouda\/#primaryimage\",\"url\":\"https:\/\/evertonfc.cz\/wp-content\/uploads\/2019\/01\/interview.jpg\",\"contentUrl\":\"https:\/\/evertonfc.cz\/wp-content\/uploads\/2019\/01\/interview.jpg\",\"width\":720,\"height\":405},{\"@type\":\"BreadcrumbList\",\"@id\":\"https:\/\/evertonfc.cz\/index.php\/2017\/10\/26\/koeman-velmi-jsem-stal-o-girouda\/#breadcrumb\",\"itemListElement\":[{\"@type\":\"ListItem\",\"position\":1,\"name\":\"Home\",\"item\":\"https:\/\/evertonfc.cz\/\"},{\"@type\":\"ListItem\",\"position\":2,\"name\":\"Koeman: Velmi jsem st\u00e1l o Girouda\"}]},{\"@type\":\"WebSite\",\"@id\":\"https:\/\/evertonfc.cz\/#website\",\"url\":\"https:\/\/evertonfc.cz\/\",\"name\":\"Official Czech &amp; Slovak Everton Supporters&#039; Club\",\"description\":\"\",\"publisher\":{\"@id\":\"https:\/\/evertonfc.cz\/#organization\"},\"potentialAction\":[{\"@type\":\"SearchAction\",\"target\":{\"@type\":\"EntryPoint\",\"urlTemplate\":\"https:\/\/evertonfc.cz\/?s={search_term_string}\"},\"query-input\":{\"@type\":\"PropertyValueSpecification\",\"valueRequired\":true,\"valueName\":\"search_term_string\"}}],\"inLanguage\":\"cs\"},{\"@type\":\"Organization\",\"@id\":\"https:\/\/evertonfc.cz\/#organization\",\"name\":\"Official Czech & Slovak Everton Supporters' Club\",\"url\":\"https:\/\/evertonfc.cz\/\",\"logo\":{\"@type\":\"ImageObject\",\"inLanguage\":\"cs\",\"@id\":\"https:\/\/evertonfc.cz\/#\/schema\/logo\/image\/\",\"url\":\"https:\/\/evertonfc.cz\/wp-content\/uploads\/2019\/05\/logo.png\",\"contentUrl\":\"https:\/\/evertonfc.cz\/wp-content\/uploads\/2019\/05\/logo.png\",\"width\":112,\"height\":112,\"caption\":\"Official Czech & Slovak Everton Supporters' Club\"},\"image\":{\"@id\":\"https:\/\/evertonfc.cz\/#\/schema\/logo\/image\/\"},\"sameAs\":[\"https:\/\/www.facebook.com\/everton.fans.cz.sk\"]},{\"@type\":\"Person\",\"@id\":\"https:\/\/evertonfc.cz\/#\/schema\/person\/f7a5daedb2ffee98480bc70e191aaef1\",\"name\":\"Ri\u010di\",\"sameAs\":[\"https:\/\/x.com\/rbrejsa\"],\"url\":\"https:\/\/evertonfc.cz\/index.php\/author\/rici\/\"}]}<\/script>\n<!-- \/ Yoast SEO plugin. -->","yoast_head_json":{"title":"Koeman: Velmi jsem st\u00e1l o Girouda - Official Czech &amp; Slovak Everton Supporters&#039; Club","robots":{"index":"index","follow":"follow","max-snippet":"max-snippet:-1","max-image-preview":"max-image-preview:large","max-video-preview":"max-video-preview:-1"},"canonical":"https:\/\/evertonfc.cz\/index.php\/2017\/10\/26\/koeman-velmi-jsem-stal-o-girouda\/","og_locale":"cs_CZ","og_type":"article","og_title":"Koeman: Velmi jsem st\u00e1l o Girouda - Official Czech &amp; Slovak Everton Supporters&#039; Club","og_description":"Ronald Koeman se po pond\u011bln\u00edm odvol\u00e1n\u00ed poprv\u00e9 zp\u011btn\u011b ohl\u00e9dl za sv\u00fdm koncem v Evertonu. Z nezdaru vin\u00ed\u00a0z \u010d\u00e1sti nedota\u017een\u00ed p\u0159estupu&hellip;","og_url":"https:\/\/evertonfc.cz\/index.php\/2017\/10\/26\/koeman-velmi-jsem-stal-o-girouda\/","og_site_name":"Official Czech &amp; Slovak Everton Supporters&#039; Club","article_publisher":"https:\/\/www.facebook.com\/everton.fans.cz.sk","article_published_time":"2017-10-26T19:49:43+00:00","article_modified_time":"2019-02-05T20:52:47+00:00","og_image":[{"width":720,"height":405,"url":"https:\/\/evertonfc.cz\/wp-content\/uploads\/2019\/01\/interview.jpg","type":"image\/jpeg"}],"author":"Ri\u010di","twitter_card":"summary_large_image","twitter_creator":"@rbrejsa","twitter_misc":{"Napsal(a)":"Ri\u010di","Odhadovan\u00e1 doba \u010dten\u00ed":"2 minuty"},"schema":{"@context":"https:\/\/schema.org","@graph":[{"@type":"Article","@id":"https:\/\/evertonfc.cz\/index.php\/2017\/10\/26\/koeman-velmi-jsem-stal-o-girouda\/#article","isPartOf":{"@id":"https:\/\/evertonfc.cz\/index.php\/2017\/10\/26\/koeman-velmi-jsem-stal-o-girouda\/"},"author":{"name":"Ri\u010di","@id":"https:\/\/evertonfc.cz\/#\/schema\/person\/f7a5daedb2ffee98480bc70e191aaef1"},"headline":"Koeman: Velmi jsem st\u00e1l o Girouda","datePublished":"2017-10-26T19:49:43+00:00","dateModified":"2019-02-05T20:52:47+00:00","mainEntityOfPage":{"@id":"https:\/\/evertonfc.cz\/index.php\/2017\/10\/26\/koeman-velmi-jsem-stal-o-girouda\/"},"wordCount":461,"commentCount":0,"publisher":{"@id":"https:\/\/evertonfc.cz\/#organization"},"image":{"@id":"https:\/\/evertonfc.cz\/index.php\/2017\/10\/26\/koeman-velmi-jsem-stal-o-girouda\/#primaryimage"},"thumbnailUrl":"https:\/\/evertonfc.cz\/wp-content\/uploads\/2019\/01\/interview.jpg","articleSection":["Rozhovory"],"inLanguage":"cs","potentialAction":[{"@type":"CommentAction","name":"Comment","target":["https:\/\/evertonfc.cz\/index.php\/2017\/10\/26\/koeman-velmi-jsem-stal-o-girouda\/#respond"]}]},{"@type":"WebPage","@id":"https:\/\/evertonfc.cz\/index.php\/2017\/10\/26\/koeman-velmi-jsem-stal-o-girouda\/","url":"https:\/\/evertonfc.cz\/index.php\/2017\/10\/26\/koeman-velmi-jsem-stal-o-girouda\/","name":"Koeman: Velmi jsem st\u00e1l o Girouda - Official Czech &amp; Slovak Everton Supporters&#039; Club","isPartOf":{"@id":"https:\/\/evertonfc.cz\/#website"},"primaryImageOfPage":{"@id":"https:\/\/evertonfc.cz\/index.php\/2017\/10\/26\/koeman-velmi-jsem-stal-o-girouda\/#primaryimage"},"image":{"@id":"https:\/\/evertonfc.cz\/index.php\/2017\/10\/26\/koeman-velmi-jsem-stal-o-girouda\/#primaryimage"},"thumbnailUrl":"https:\/\/evertonfc.cz\/wp-content\/uploads\/2019\/01\/interview.jpg","datePublished":"2017-10-26T19:49:43+00:00","dateModified":"2019-02-05T20:52:47+00:00","breadcrumb":{"@id":"https:\/\/evertonfc.cz\/index.php\/2017\/10\/26\/koeman-velmi-jsem-stal-o-girouda\/#breadcrumb"},"inLanguage":"cs","potentialAction":[{"@type":"ReadAction","target":["https:\/\/evertonfc.cz\/index.php\/2017\/10\/26\/koeman-velmi-jsem-stal-o-girouda\/"]}]},{"@type":"ImageObject","inLanguage":"cs","@id":"https:\/\/evertonfc.cz\/index.php\/2017\/10\/26\/koeman-velmi-jsem-stal-o-girouda\/#primaryimage","url":"https:\/\/evertonfc.cz\/wp-content\/uploads\/2019\/01\/interview.jpg","contentUrl":"https:\/\/evertonfc.cz\/wp-content\/uploads\/2019\/01\/interview.jpg","width":720,"height":405},{"@type":"BreadcrumbList","@id":"https:\/\/evertonfc.cz\/index.php\/2017\/10\/26\/koeman-velmi-jsem-stal-o-girouda\/#breadcrumb","itemListElement":[{"@type":"ListItem","position":1,"name":"Home","item":"https:\/\/evertonfc.cz\/"},{"@type":"ListItem","position":2,"name":"Koeman: Velmi jsem st\u00e1l o Girouda"}]},{"@type":"WebSite","@id":"https:\/\/evertonfc.cz\/#website","url":"https:\/\/evertonfc.cz\/","name":"Official Czech &amp; Slovak Everton Supporters&#039; Club","description":"","publisher":{"@id":"https:\/\/evertonfc.cz\/#organization"},"potentialAction":[{"@type":"SearchAction","target":{"@type":"EntryPoint","urlTemplate":"https:\/\/evertonfc.cz\/?s={search_term_string}"},"query-input":{"@type":"PropertyValueSpecification","valueRequired":true,"valueName":"search_term_string"}}],"inLanguage":"cs"},{"@type":"Organization","@id":"https:\/\/evertonfc.cz\/#organization","name":"Official Czech & Slovak Everton Supporters' Club","url":"https:\/\/evertonfc.cz\/","logo":{"@type":"ImageObject","inLanguage":"cs","@id":"https:\/\/evertonfc.cz\/#\/schema\/logo\/image\/","url":"https:\/\/evertonfc.cz\/wp-content\/uploads\/2019\/05\/logo.png","contentUrl":"https:\/\/evertonfc.cz\/wp-content\/uploads\/2019\/05\/logo.png","width":112,"height":112,"caption":"Official Czech & Slovak Everton Supporters' Club"},"image":{"@id":"https:\/\/evertonfc.cz\/#\/schema\/logo\/image\/"},"sameAs":["https:\/\/www.facebook.com\/everton.fans.cz.sk"]},{"@type":"Person","@id":"https:\/\/evertonfc.cz\/#\/schema\/person\/f7a5daedb2ffee98480bc70e191aaef1","name":"Ri\u010di","sameAs":["https:\/\/x.com\/rbrejsa"],"url":"https:\/\/evertonfc.cz\/index.php\/author\/rici\/"}]}},"_links":{"self":[{"href":"https:\/\/evertonfc.cz\/index.php\/wp-json\/wp\/v2\/posts\/2363"}],"collection":[{"href":"https:\/\/evertonfc.cz\/index.php\/wp-json\/wp\/v2\/posts"}],"about":[{"href":"https:\/\/evertonfc.cz\/index.php\/wp-json\/wp\/v2\/types\/post"}],"author":[{"embeddable":true,"href":"https:\/\/evertonfc.cz\/index.php\/wp-json\/wp\/v2\/users\/6"}],"replies":[{"embeddable":true,"href":"https:\/\/evertonfc.cz\/index.php\/wp-json\/wp\/v2\/comments?post=2363"}],"version-history":[{"count":1,"href":"https:\/\/evertonfc.cz\/index.php\/wp-json\/wp\/v2\/posts\/2363\/revisions"}],"predecessor-version":[{"id":2364,"href":"https:\/\/evertonfc.cz\/index.php\/wp-json\/wp\/v2\/posts\/2363\/revisions\/2364"}],"wp:featuredmedia":[{"embeddable":true,"href":"https:\/\/evertonfc.cz\/index.php\/wp-json\/wp\/v2\/media\/1312"}],"wp:attachment":[{"href":"https:\/\/evertonfc.cz\/index.php\/wp-json\/wp\/v2\/media?parent=2363"}],"wp:term":[{"taxonomy":"category","embeddable":true,"href":"https:\/\/evertonfc.cz\/index.php\/wp-json\/wp\/v2\/categories?post=2363"},{"taxonomy":"post_tag","embeddable":true,"href":"https:\/\/evertonfc.cz\/index.php\/wp-json\/wp\/v2\/tags?post=2363"}],"curies":[{"name":"wp","href":"https:\/\/api.w.org\/{rel}","templated":true}]}}