{"id":23638,"date":"2024-01-04T23:16:08","date_gmt":"2024-01-04T22:16:08","guid":{"rendered":"https:\/\/evertonfc.cz\/?p=23638"},"modified":"2024-01-05T23:02:16","modified_gmt":"2024-01-05T22:02:16","slug":"crystal-palace-everton-0-0","status":"publish","type":"post","link":"https:\/\/evertonfc.cz\/index.php\/2024\/01\/04\/crystal-palace-everton-0-0\/","title":{"rendered":"Crystal Palace &#8211; Everton 0:0"},"content":{"rendered":"<h4>Dob\u0159e rozehran\u00fd duel nakonec skon\u010dil neslavn\u011b. Po kontroverzn\u00edm vylou\u010den\u00ed Calverta-Lewina a pravd\u011bpodobn\u011b v\u00e1\u017en\u00e9m zran\u011bn\u00ed McNeila se zrodila rem\u00edza, tak\u017ee o postupu do 4. kola FA Cupu rozhodne odveta na Goodison Parku.<\/h4>\n<p>Mana\u017eer Sean Dyche se trochu p\u0159ekvapiv\u011b rozhodl prov\u00e9st a\u017e t\u0159i zm\u011bny v z\u00e1kladn\u00ed sestav\u011b. Zasko\u010dilo zejm\u00e9na nasazen\u00ed brank\u00e1\u0159e Joaa Virg\u00ednii, \u010d\u00edm\u017e byl na lavi\u010dku posazen Pickford. U\u017e 24let\u00fd Portugalec si stoupl do br\u00e1ny Evertonu t\u00e9m\u011b\u0159 po dvou letech. Na prav\u00e9m beku m\u00edsto Pattersona nastoupil kapit\u00e1n Coleman a stopera Keanea nahradil k\u0159\u00eddeln\u00edk Arnaut Danjuma, na jeho\u017e start n\u011bkte\u0159\u00ed fanou\u0161ci dlouho \u010dekali. Everton se vr\u00e1til k rozestaven\u00ed 4-3-3, p\u0159i\u010dem\u017e na podhrotu p\u016fsobil Jack Harrison a doprava se p\u0159esunul Dwight McNeil. Tak\u00e9 dom\u00e1c\u00ed, trp\u00edc\u00ed zran\u011bn\u00edmi, nasadili relativn\u011b to nejsiln\u011bj\u0161\u00ed, co bylo k dispozici.<\/p>\n<p>Toffees za\u010dali utk\u00e1n\u00ed p\u0159\u00edjemn\u011b aktivn\u011b, p\u0159edev\u0161\u00edm Danjuma na lev\u00e9 stran\u011b projevoval v\u00fdraznou chu\u0165 tla\u010dit k centr\u016fm a do zakon\u010den\u00ed. V 20. minut\u011b ho Harrison vysunul p\u0159i rychl\u00e9m kontru a dobr\u00fdm z\u00e1krokem se musel vytasit g\u00f3lman Henderson. Ten o dal\u0161\u00edch \u0161est minut pozd\u011bji vyrazil nohou na brankov\u00e9 \u010d\u00e1\u0159e nepoveden\u00fd, ale kv\u016fli te\u010di nebezpe\u010dn\u00fd rohov\u00fd kop od Garnera.<\/p>\n<div class=\"flex-1 overflow-hidden\">\n<div class=\"react-scroll-to-bottom--css-fzydl-79elbk h-full\">\n<div class=\"react-scroll-to-bottom--css-fzydl-1n7m0yu\">\n<div class=\"flex flex-col pb-9 text-sm\">\n<div class=\"w-full text-token-text-primary\" data-testid=\"conversation-turn-9\">\n<div class=\"px-4 py-2 justify-center text-base md:gap-6 m-auto\">\n<div class=\"flex flex-1 text-base mx-auto gap-3 md:px-5 lg:px-1 xl:px-5 md:max-w-3xl lg:max-w-[40rem] xl:max-w-[48rem] group final-completion\">\n<div class=\"relative flex w-full flex-col lg:w-[calc(100%-115px)] agent-turn\">\n<div class=\"flex-col gap-1 md:gap-3\">\n<div class=\"flex flex-grow flex-col max-w-full\">\n<div class=\"min-h-[20px] text-message flex flex-col items-start gap-3 whitespace-pre-wrap break-words [.text-message+&amp;]:mt-5 overflow-x-auto\" data-message-author-role=\"assistant\" data-message-id=\"12d43a5e-836a-4cc4-8fbb-42c550c409b0\">\n<div class=\"markdown prose w-full break-words dark:prose-invert light\">\n<p>Ke konci polo\u010dasu vylezli ze sv\u00e9ho hn\u00edzda tak\u00e9 Eagles, ale nakonec se rozhoupali pouze k Lermov\u011b d\u011blovce zpoza v\u00e1pna, kter\u00e1 prosvi\u0161t\u011bla o n\u011bjak\u00fd metr nad b\u0159evnem.<\/p>\n<p>Druh\u00fd polo\u010das otev\u0159el Eze sv\u00fdm \u0161tiplav\u00fdm pokusem, ale Virg\u00ednia byl p\u0159ipraven. Everton z\u00e1hy, stejn\u011b jako v prvn\u00edm d\u011bjstv\u00ed, p\u0159evzal kontrolu dr\u017een\u00edm m\u00ed\u010de. Chyb\u011bla kvalita ve fin\u00e1ln\u00ed f\u00e1zi, nicm\u00e9n\u011b i tak se Calvert-Lewin po hodin\u011b hry dostal do zakon\u010den\u00ed z \u00fahlu ve slibn\u00e9 pozici. Bohu\u017eel sv\u00fdm slab\u00fdm obst\u0159elem potvrdil pochrouman\u00e9 sebev\u011bdom\u00ed. L\u00e9pe si v 74. minut\u011b nepo\u010d\u00ednal ani Danjuma, tak\u00e9 on z nad\u011bjn\u00e9 bl\u00edzkosti st\u0159\u00edlel pouze do p\u0159ipraven\u00e9ho Hendersona.<\/p>\n<p>Po \u0161anc\u00edch Evertonu n\u00e1sledovala velmi diskutabiln\u00ed \u010derven\u00e1 karta pro Calverta-Lewina. Ten ve skluzu z\u00edskal m\u00ed\u010d, ale zvednutou podr\u00e1\u017ekou p\u0159itom \u0161krtl o nohu Clynea. Hlavn\u00ed rozhod\u010d\u00ed Kavanagh na h\u0159i\u0161ti tuto situaci nevyhodnotil jako faul, ale po z\u00e1sahu VARu a prohl\u00e9dnut\u00ed videoz\u00e1znamu se rozhodl pro vylou\u010den\u00ed hostuj\u00edc\u00ed dev\u00edtky. Toto rozhodnut\u00ed bude po z\u00e1sluze kritizov\u00e1no, jeliko\u017e rozhod\u010d\u00ed s p\u0159\u00edchodem VARu jaksi zapom\u00ednaj\u00ed, \u017ee fotbal je kontaktn\u00ed sport a pouh\u00fd dotyk s\u00e1m o sob\u011b nemus\u00ed znamenat provin\u011bn\u00ed proti pravidl\u016fm.<\/p>\n<p>Toffees se tak\u00e9 v deseti mu\u017e\u00edch sna\u017eili dos\u00e1hnout g\u00f3lu. St\u0159\u00eddaj\u00edc\u00ed Beto p\u0159ipravil \u0161anci pro Garnera, kter\u00fd ale v p\u00e1du vysoko p\u0159est\u0159elil. Nad br\u00e1nu tak\u00e9 p\u00e1lil sv\u00fdm volejem Harrison. Je\u0161t\u011b p\u0159edt\u00edm si ale p\u0159ivodil pravd\u011bpodobn\u011b v\u00e1\u017en\u00e9 zran\u011bn\u00ed Dwight McNeil, kter\u00fd musel b\u00fdt ze h\u0159i\u0161t\u011b odnesen na nos\u00edtk\u00e1ch. Dle televizn\u00edch z\u00e1b\u011br\u016f a zafixov\u00e1n\u00ed nohy nelze bohu\u017eel vylou\u010dit zlomeninu.<\/p>\n<div class=\"flex-1 overflow-hidden\">\n<div class=\"react-scroll-to-bottom--css-fzydl-79elbk h-full\">\n<div class=\"react-scroll-to-bottom--css-fzydl-1n7m0yu\">\n<div class=\"flex flex-col pb-9 text-sm\">\n<div class=\"w-full text-token-text-primary\" data-testid=\"conversation-turn-23\">\n<div class=\"px-4 py-2 justify-center text-base md:gap-6 m-auto\">\n<div class=\"flex flex-1 text-base mx-auto gap-3 md:px-5 lg:px-1 xl:px-5 md:max-w-3xl lg:max-w-[40rem] xl:max-w-[48rem] group final-completion\">\n<div class=\"relative flex w-full flex-col lg:w-[calc(100%-115px)] agent-turn\">\n<div class=\"flex-col gap-1 md:gap-3\">\n<div class=\"flex flex-grow flex-col max-w-full\">\n<div class=\"min-h-[20px] text-message flex flex-col items-start gap-3 whitespace-pre-wrap break-words [.text-message+&amp;]:mt-5 overflow-x-auto\" data-message-author-role=\"assistant\" data-message-id=\"b658df44-10b7-419d-b1b1-a228cdc49b93\">\n<div class=\"markdown prose w-full break-words dark:prose-invert light\">\n<p>V nastaven\u00ed mohl o poh\u00e1rov\u00e9 v\u00fdh\u0159e dom\u00e1c\u00edch rozhodnout dom\u00e1c\u00ed \u0161p\u00edlmachr a here\u010dka Eze, av\u0161ak jeho pl\u00e1n mu perfektn\u00edm z\u00e1krokem p\u0159ekazil Virg\u00ednia. Odveta 3. kola FA Cupu se odehraje v Goodiso Parku 17. ledna s v\u00fdkopem<br \/>\nve 20:45.<\/p>\n<p style=\"text-align: right;\"><span style=\"font-size: 8pt;\">(foto zdroj: Justin Setterfield-Getty Images)<\/span><\/p>\n<p><strong>\u017dlut\u00e9 karty: <\/strong>13. Eze, 87. Mateta<\/p>\n<p><strong>\u010cerven\u00e9 karty:<\/strong> 79. Calvert-Lewin<\/p>\n<p><strong>Crystal Palace:<\/strong> Henderson &#8211; Clyne (85. Ozoh), Andersen, Guehi, Mitchell, Richards, Lerma, Franca (71. Ahmada), Eze, Schlupp (71. Schlupp), Mateta (84. Edouard)<\/p>\n<p><strong>Everton:<\/strong> Virg\u00ednia &#8211; Coleman, Tarkowski, Branthwaite, Mykolenko, Onana, Garner, McNeil (89. Gomes), Harrison, Danjuma (80. Beto), Calvert-Lewin<\/p>\n<p><strong>Rozhod\u010d\u00ed:<\/strong> Chris Kavanagh\u00a0<strong> Div\u00e1ci: <\/strong>24 489<\/p>\n<\/div>\n<\/div>\n<\/div>\n<\/div>\n<\/div>\n<\/div>\n<\/div>\n<\/div>\n<\/div>\n<\/div>\n<\/div>\n<\/div>\n<\/div>\n<\/div>\n<\/div>\n<\/div>\n<\/div>\n<\/div>\n<\/div>\n<\/div>\n<\/div>\n<\/div>\n<\/div>\n<\/div>\n","protected":false},"excerpt":{"rendered":"<p>Dob\u0159e rozehran\u00fd duel nakonec skon\u010dil neslavn\u011b. Po kontroverzn\u00edm vylou\u010den\u00ed Calverta-Lewina a pravd\u011bpodobn\u011b v\u00e1\u017en\u00e9m zran\u011bn\u00ed McNeila se zrodila rem\u00edza, tak\u017ee o postupu do 4. kola FA Cupu rozhodne odveta na Goodison Parku.<\/p>\n","protected":false},"author":6,"featured_media":23652,"comment_status":"open","ping_status":"closed","sticky":false,"template":"","format":"standard","meta":{"_eb_attr":"","_monsterinsights_skip_tracking":false,"_monsterinsights_sitenote_active":false,"_monsterinsights_sitenote_note":"","_monsterinsights_sitenote_category":0,"footnotes":""},"categories":[4],"tags":[],"yoast_head":"<!-- This site is optimized with the Yoast SEO plugin v23.4 - https:\/\/yoast.com\/wordpress\/plugins\/seo\/ -->\n<title>Crystal Palace - Everton 0:0 - Official Czech &amp; Slovak Everton Supporters&#039; Club<\/title>\n<meta name=\"description\" content=\"Dob\u0159e rozehran\u00fd duel nakonec skon\u010dil neslavn\u011b. Po kontroverzn\u00edm vylou\u010den\u00ed Calverta-Lewina a pravd\u011bpodobn\u011b v\u00e1\u017en\u00e9m zran\u011bn\u00ed McNeila se zrodila rem\u00edza, tak\u017ee o postupu do 4. kola FA Cupu rozhodne odveta na Goodison Parku.\" \/>\n<meta name=\"robots\" content=\"index, follow, max-snippet:-1, max-image-preview:large, max-video-preview:-1\" \/>\n<link rel=\"canonical\" href=\"https:\/\/evertonfc.cz\/index.php\/2024\/01\/04\/crystal-palace-everton-0-0\/\" \/>\n<meta property=\"og:locale\" content=\"cs_CZ\" \/>\n<meta property=\"og:type\" content=\"article\" \/>\n<meta property=\"og:title\" content=\"Crystal Palace - Everton 0:0 - Official Czech &amp; Slovak Everton Supporters&#039; Club\" \/>\n<meta property=\"og:description\" content=\"Dob\u0159e rozehran\u00fd duel nakonec skon\u010dil neslavn\u011b. Po kontroverzn\u00edm vylou\u010den\u00ed Calverta-Lewina a pravd\u011bpodobn\u011b v\u00e1\u017en\u00e9m zran\u011bn\u00ed McNeila se zrodila rem\u00edza, tak\u017ee o postupu do 4. kola FA Cupu rozhodne odveta na Goodison Parku.\" \/>\n<meta property=\"og:url\" content=\"https:\/\/evertonfc.cz\/index.php\/2024\/01\/04\/crystal-palace-everton-0-0\/\" \/>\n<meta property=\"og:site_name\" content=\"Official Czech &amp; Slovak Everton Supporters&#039; Club\" \/>\n<meta property=\"article:publisher\" content=\"https:\/\/www.facebook.com\/everton.fans.cz.sk\" \/>\n<meta property=\"article:published_time\" content=\"2024-01-04T22:16:08+00:00\" \/>\n<meta property=\"article:modified_time\" content=\"2024-01-05T22:02:16+00:00\" \/>\n<meta property=\"og:image\" content=\"https:\/\/evertonfc.cz\/wp-content\/uploads\/2024\/01\/FA-Cup-Crystal-Palace-0-0-Everton-by-Justin-Setterfield-Getty-Images-4-1-2024.jpeg\" \/>\n\t<meta property=\"og:image:width\" content=\"720\" \/>\n\t<meta property=\"og:image:height\" content=\"405\" \/>\n\t<meta property=\"og:image:type\" content=\"image\/jpeg\" \/>\n<meta name=\"author\" content=\"Ri\u010di\" \/>\n<meta name=\"twitter:card\" content=\"summary_large_image\" \/>\n<meta name=\"twitter:creator\" content=\"@rbrejsa\" \/>\n<meta name=\"twitter:label1\" content=\"Napsal(a)\" \/>\n\t<meta name=\"twitter:data1\" content=\"Ri\u010di\" \/>\n\t<meta name=\"twitter:label2\" content=\"Odhadovan\u00e1 doba \u010dten\u00ed\" \/>\n\t<meta name=\"twitter:data2\" content=\"3 minuty\" \/>\n<script type=\"application\/ld+json\" class=\"yoast-schema-graph\">{\"@context\":\"https:\/\/schema.org\",\"@graph\":[{\"@type\":\"Article\",\"@id\":\"https:\/\/evertonfc.cz\/index.php\/2024\/01\/04\/crystal-palace-everton-0-0\/#article\",\"isPartOf\":{\"@id\":\"https:\/\/evertonfc.cz\/index.php\/2024\/01\/04\/crystal-palace-everton-0-0\/\"},\"author\":{\"name\":\"Ri\u010di\",\"@id\":\"https:\/\/evertonfc.cz\/#\/schema\/person\/f7a5daedb2ffee98480bc70e191aaef1\"},\"headline\":\"Crystal Palace &#8211; Everton 0:0\",\"datePublished\":\"2024-01-04T22:16:08+00:00\",\"dateModified\":\"2024-01-05T22:02:16+00:00\",\"mainEntityOfPage\":{\"@id\":\"https:\/\/evertonfc.cz\/index.php\/2024\/01\/04\/crystal-palace-everton-0-0\/\"},\"wordCount\":653,\"commentCount\":4,\"publisher\":{\"@id\":\"https:\/\/evertonfc.cz\/#organization\"},\"image\":{\"@id\":\"https:\/\/evertonfc.cz\/index.php\/2024\/01\/04\/crystal-palace-everton-0-0\/#primaryimage\"},\"thumbnailUrl\":\"https:\/\/evertonfc.cz\/wp-content\/uploads\/2024\/01\/FA-Cup-Crystal-Palace-0-0-Everton-by-Justin-Setterfield-Getty-Images-4-1-2024.jpeg\",\"articleSection\":[\"Z\u00e1pasy\"],\"inLanguage\":\"cs\",\"potentialAction\":[{\"@type\":\"CommentAction\",\"name\":\"Comment\",\"target\":[\"https:\/\/evertonfc.cz\/index.php\/2024\/01\/04\/crystal-palace-everton-0-0\/#respond\"]}]},{\"@type\":\"WebPage\",\"@id\":\"https:\/\/evertonfc.cz\/index.php\/2024\/01\/04\/crystal-palace-everton-0-0\/\",\"url\":\"https:\/\/evertonfc.cz\/index.php\/2024\/01\/04\/crystal-palace-everton-0-0\/\",\"name\":\"Crystal Palace - Everton 0:0 - Official Czech &amp; Slovak Everton Supporters&#039; Club\",\"isPartOf\":{\"@id\":\"https:\/\/evertonfc.cz\/#website\"},\"primaryImageOfPage\":{\"@id\":\"https:\/\/evertonfc.cz\/index.php\/2024\/01\/04\/crystal-palace-everton-0-0\/#primaryimage\"},\"image\":{\"@id\":\"https:\/\/evertonfc.cz\/index.php\/2024\/01\/04\/crystal-palace-everton-0-0\/#primaryimage\"},\"thumbnailUrl\":\"https:\/\/evertonfc.cz\/wp-content\/uploads\/2024\/01\/FA-Cup-Crystal-Palace-0-0-Everton-by-Justin-Setterfield-Getty-Images-4-1-2024.jpeg\",\"datePublished\":\"2024-01-04T22:16:08+00:00\",\"dateModified\":\"2024-01-05T22:02:16+00:00\",\"description\":\"Dob\u0159e rozehran\u00fd duel nakonec skon\u010dil neslavn\u011b. Po kontroverzn\u00edm vylou\u010den\u00ed Calverta-Lewina a pravd\u011bpodobn\u011b v\u00e1\u017en\u00e9m zran\u011bn\u00ed McNeila se zrodila rem\u00edza, tak\u017ee o postupu do 4. kola FA Cupu rozhodne odveta na Goodison Parku.\",\"breadcrumb\":{\"@id\":\"https:\/\/evertonfc.cz\/index.php\/2024\/01\/04\/crystal-palace-everton-0-0\/#breadcrumb\"},\"inLanguage\":\"cs\",\"potentialAction\":[{\"@type\":\"ReadAction\",\"target\":[\"https:\/\/evertonfc.cz\/index.php\/2024\/01\/04\/crystal-palace-everton-0-0\/\"]}]},{\"@type\":\"ImageObject\",\"inLanguage\":\"cs\",\"@id\":\"https:\/\/evertonfc.cz\/index.php\/2024\/01\/04\/crystal-palace-everton-0-0\/#primaryimage\",\"url\":\"https:\/\/evertonfc.cz\/wp-content\/uploads\/2024\/01\/FA-Cup-Crystal-Palace-0-0-Everton-by-Justin-Setterfield-Getty-Images-4-1-2024.jpeg\",\"contentUrl\":\"https:\/\/evertonfc.cz\/wp-content\/uploads\/2024\/01\/FA-Cup-Crystal-Palace-0-0-Everton-by-Justin-Setterfield-Getty-Images-4-1-2024.jpeg\",\"width\":720,\"height\":405},{\"@type\":\"BreadcrumbList\",\"@id\":\"https:\/\/evertonfc.cz\/index.php\/2024\/01\/04\/crystal-palace-everton-0-0\/#breadcrumb\",\"itemListElement\":[{\"@type\":\"ListItem\",\"position\":1,\"name\":\"Home\",\"item\":\"https:\/\/evertonfc.cz\/\"},{\"@type\":\"ListItem\",\"position\":2,\"name\":\"Crystal Palace &#8211; Everton 0:0\"}]},{\"@type\":\"WebSite\",\"@id\":\"https:\/\/evertonfc.cz\/#website\",\"url\":\"https:\/\/evertonfc.cz\/\",\"name\":\"Official Czech &amp; Slovak Everton Supporters&#039; Club\",\"description\":\"\",\"publisher\":{\"@id\":\"https:\/\/evertonfc.cz\/#organization\"},\"potentialAction\":[{\"@type\":\"SearchAction\",\"target\":{\"@type\":\"EntryPoint\",\"urlTemplate\":\"https:\/\/evertonfc.cz\/?s={search_term_string}\"},\"query-input\":{\"@type\":\"PropertyValueSpecification\",\"valueRequired\":true,\"valueName\":\"search_term_string\"}}],\"inLanguage\":\"cs\"},{\"@type\":\"Organization\",\"@id\":\"https:\/\/evertonfc.cz\/#organization\",\"name\":\"Official Czech & Slovak Everton Supporters' Club\",\"url\":\"https:\/\/evertonfc.cz\/\",\"logo\":{\"@type\":\"ImageObject\",\"inLanguage\":\"cs\",\"@id\":\"https:\/\/evertonfc.cz\/#\/schema\/logo\/image\/\",\"url\":\"https:\/\/evertonfc.cz\/wp-content\/uploads\/2019\/05\/logo.png\",\"contentUrl\":\"https:\/\/evertonfc.cz\/wp-content\/uploads\/2019\/05\/logo.png\",\"width\":112,\"height\":112,\"caption\":\"Official Czech & Slovak Everton Supporters' Club\"},\"image\":{\"@id\":\"https:\/\/evertonfc.cz\/#\/schema\/logo\/image\/\"},\"sameAs\":[\"https:\/\/www.facebook.com\/everton.fans.cz.sk\"]},{\"@type\":\"Person\",\"@id\":\"https:\/\/evertonfc.cz\/#\/schema\/person\/f7a5daedb2ffee98480bc70e191aaef1\",\"name\":\"Ri\u010di\",\"sameAs\":[\"https:\/\/x.com\/rbrejsa\"],\"url\":\"https:\/\/evertonfc.cz\/index.php\/author\/rici\/\"}]}<\/script>\n<!-- \/ Yoast SEO plugin. -->","yoast_head_json":{"title":"Crystal Palace - Everton 0:0 - Official Czech &amp; Slovak Everton Supporters&#039; Club","description":"Dob\u0159e rozehran\u00fd duel nakonec skon\u010dil neslavn\u011b. Po kontroverzn\u00edm vylou\u010den\u00ed Calverta-Lewina a pravd\u011bpodobn\u011b v\u00e1\u017en\u00e9m zran\u011bn\u00ed McNeila se zrodila rem\u00edza, tak\u017ee o postupu do 4. kola FA Cupu rozhodne odveta na Goodison Parku.","robots":{"index":"index","follow":"follow","max-snippet":"max-snippet:-1","max-image-preview":"max-image-preview:large","max-video-preview":"max-video-preview:-1"},"canonical":"https:\/\/evertonfc.cz\/index.php\/2024\/01\/04\/crystal-palace-everton-0-0\/","og_locale":"cs_CZ","og_type":"article","og_title":"Crystal Palace - Everton 0:0 - Official Czech &amp; Slovak Everton Supporters&#039; Club","og_description":"Dob\u0159e rozehran\u00fd duel nakonec skon\u010dil neslavn\u011b. Po kontroverzn\u00edm vylou\u010den\u00ed Calverta-Lewina a pravd\u011bpodobn\u011b v\u00e1\u017en\u00e9m zran\u011bn\u00ed McNeila se zrodila rem\u00edza, tak\u017ee o postupu do 4. kola FA Cupu rozhodne odveta na Goodison Parku.","og_url":"https:\/\/evertonfc.cz\/index.php\/2024\/01\/04\/crystal-palace-everton-0-0\/","og_site_name":"Official Czech &amp; Slovak Everton Supporters&#039; Club","article_publisher":"https:\/\/www.facebook.com\/everton.fans.cz.sk","article_published_time":"2024-01-04T22:16:08+00:00","article_modified_time":"2024-01-05T22:02:16+00:00","og_image":[{"width":720,"height":405,"url":"https:\/\/evertonfc.cz\/wp-content\/uploads\/2024\/01\/FA-Cup-Crystal-Palace-0-0-Everton-by-Justin-Setterfield-Getty-Images-4-1-2024.jpeg","type":"image\/jpeg"}],"author":"Ri\u010di","twitter_card":"summary_large_image","twitter_creator":"@rbrejsa","twitter_misc":{"Napsal(a)":"Ri\u010di","Odhadovan\u00e1 doba \u010dten\u00ed":"3 minuty"},"schema":{"@context":"https:\/\/schema.org","@graph":[{"@type":"Article","@id":"https:\/\/evertonfc.cz\/index.php\/2024\/01\/04\/crystal-palace-everton-0-0\/#article","isPartOf":{"@id":"https:\/\/evertonfc.cz\/index.php\/2024\/01\/04\/crystal-palace-everton-0-0\/"},"author":{"name":"Ri\u010di","@id":"https:\/\/evertonfc.cz\/#\/schema\/person\/f7a5daedb2ffee98480bc70e191aaef1"},"headline":"Crystal Palace &#8211; Everton 0:0","datePublished":"2024-01-04T22:16:08+00:00","dateModified":"2024-01-05T22:02:16+00:00","mainEntityOfPage":{"@id":"https:\/\/evertonfc.cz\/index.php\/2024\/01\/04\/crystal-palace-everton-0-0\/"},"wordCount":653,"commentCount":4,"publisher":{"@id":"https:\/\/evertonfc.cz\/#organization"},"image":{"@id":"https:\/\/evertonfc.cz\/index.php\/2024\/01\/04\/crystal-palace-everton-0-0\/#primaryimage"},"thumbnailUrl":"https:\/\/evertonfc.cz\/wp-content\/uploads\/2024\/01\/FA-Cup-Crystal-Palace-0-0-Everton-by-Justin-Setterfield-Getty-Images-4-1-2024.jpeg","articleSection":["Z\u00e1pasy"],"inLanguage":"cs","potentialAction":[{"@type":"CommentAction","name":"Comment","target":["https:\/\/evertonfc.cz\/index.php\/2024\/01\/04\/crystal-palace-everton-0-0\/#respond"]}]},{"@type":"WebPage","@id":"https:\/\/evertonfc.cz\/index.php\/2024\/01\/04\/crystal-palace-everton-0-0\/","url":"https:\/\/evertonfc.cz\/index.php\/2024\/01\/04\/crystal-palace-everton-0-0\/","name":"Crystal Palace - Everton 0:0 - Official Czech &amp; Slovak Everton Supporters&#039; Club","isPartOf":{"@id":"https:\/\/evertonfc.cz\/#website"},"primaryImageOfPage":{"@id":"https:\/\/evertonfc.cz\/index.php\/2024\/01\/04\/crystal-palace-everton-0-0\/#primaryimage"},"image":{"@id":"https:\/\/evertonfc.cz\/index.php\/2024\/01\/04\/crystal-palace-everton-0-0\/#primaryimage"},"thumbnailUrl":"https:\/\/evertonfc.cz\/wp-content\/uploads\/2024\/01\/FA-Cup-Crystal-Palace-0-0-Everton-by-Justin-Setterfield-Getty-Images-4-1-2024.jpeg","datePublished":"2024-01-04T22:16:08+00:00","dateModified":"2024-01-05T22:02:16+00:00","description":"Dob\u0159e rozehran\u00fd duel nakonec skon\u010dil neslavn\u011b. Po kontroverzn\u00edm vylou\u010den\u00ed Calverta-Lewina a pravd\u011bpodobn\u011b v\u00e1\u017en\u00e9m zran\u011bn\u00ed McNeila se zrodila rem\u00edza, tak\u017ee o postupu do 4. kola FA Cupu rozhodne odveta na Goodison Parku.","breadcrumb":{"@id":"https:\/\/evertonfc.cz\/index.php\/2024\/01\/04\/crystal-palace-everton-0-0\/#breadcrumb"},"inLanguage":"cs","potentialAction":[{"@type":"ReadAction","target":["https:\/\/evertonfc.cz\/index.php\/2024\/01\/04\/crystal-palace-everton-0-0\/"]}]},{"@type":"ImageObject","inLanguage":"cs","@id":"https:\/\/evertonfc.cz\/index.php\/2024\/01\/04\/crystal-palace-everton-0-0\/#primaryimage","url":"https:\/\/evertonfc.cz\/wp-content\/uploads\/2024\/01\/FA-Cup-Crystal-Palace-0-0-Everton-by-Justin-Setterfield-Getty-Images-4-1-2024.jpeg","contentUrl":"https:\/\/evertonfc.cz\/wp-content\/uploads\/2024\/01\/FA-Cup-Crystal-Palace-0-0-Everton-by-Justin-Setterfield-Getty-Images-4-1-2024.jpeg","width":720,"height":405},{"@type":"BreadcrumbList","@id":"https:\/\/evertonfc.cz\/index.php\/2024\/01\/04\/crystal-palace-everton-0-0\/#breadcrumb","itemListElement":[{"@type":"ListItem","position":1,"name":"Home","item":"https:\/\/evertonfc.cz\/"},{"@type":"ListItem","position":2,"name":"Crystal Palace &#8211; Everton 0:0"}]},{"@type":"WebSite","@id":"https:\/\/evertonfc.cz\/#website","url":"https:\/\/evertonfc.cz\/","name":"Official Czech &amp; Slovak Everton Supporters&#039; Club","description":"","publisher":{"@id":"https:\/\/evertonfc.cz\/#organization"},"potentialAction":[{"@type":"SearchAction","target":{"@type":"EntryPoint","urlTemplate":"https:\/\/evertonfc.cz\/?s={search_term_string}"},"query-input":{"@type":"PropertyValueSpecification","valueRequired":true,"valueName":"search_term_string"}}],"inLanguage":"cs"},{"@type":"Organization","@id":"https:\/\/evertonfc.cz\/#organization","name":"Official Czech & Slovak Everton Supporters' Club","url":"https:\/\/evertonfc.cz\/","logo":{"@type":"ImageObject","inLanguage":"cs","@id":"https:\/\/evertonfc.cz\/#\/schema\/logo\/image\/","url":"https:\/\/evertonfc.cz\/wp-content\/uploads\/2019\/05\/logo.png","contentUrl":"https:\/\/evertonfc.cz\/wp-content\/uploads\/2019\/05\/logo.png","width":112,"height":112,"caption":"Official Czech & Slovak Everton Supporters' Club"},"image":{"@id":"https:\/\/evertonfc.cz\/#\/schema\/logo\/image\/"},"sameAs":["https:\/\/www.facebook.com\/everton.fans.cz.sk"]},{"@type":"Person","@id":"https:\/\/evertonfc.cz\/#\/schema\/person\/f7a5daedb2ffee98480bc70e191aaef1","name":"Ri\u010di","sameAs":["https:\/\/x.com\/rbrejsa"],"url":"https:\/\/evertonfc.cz\/index.php\/author\/rici\/"}]}},"_links":{"self":[{"href":"https:\/\/evertonfc.cz\/index.php\/wp-json\/wp\/v2\/posts\/23638"}],"collection":[{"href":"https:\/\/evertonfc.cz\/index.php\/wp-json\/wp\/v2\/posts"}],"about":[{"href":"https:\/\/evertonfc.cz\/index.php\/wp-json\/wp\/v2\/types\/post"}],"author":[{"embeddable":true,"href":"https:\/\/evertonfc.cz\/index.php\/wp-json\/wp\/v2\/users\/6"}],"replies":[{"embeddable":true,"href":"https:\/\/evertonfc.cz\/index.php\/wp-json\/wp\/v2\/comments?post=23638"}],"version-history":[{"count":16,"href":"https:\/\/evertonfc.cz\/index.php\/wp-json\/wp\/v2\/posts\/23638\/revisions"}],"predecessor-version":[{"id":23661,"href":"https:\/\/evertonfc.cz\/index.php\/wp-json\/wp\/v2\/posts\/23638\/revisions\/23661"}],"wp:featuredmedia":[{"embeddable":true,"href":"https:\/\/evertonfc.cz\/index.php\/wp-json\/wp\/v2\/media\/23652"}],"wp:attachment":[{"href":"https:\/\/evertonfc.cz\/index.php\/wp-json\/wp\/v2\/media?parent=23638"}],"wp:term":[{"taxonomy":"category","embeddable":true,"href":"https:\/\/evertonfc.cz\/index.php\/wp-json\/wp\/v2\/categories?post=23638"},{"taxonomy":"post_tag","embeddable":true,"href":"https:\/\/evertonfc.cz\/index.php\/wp-json\/wp\/v2\/tags?post=23638"}],"curies":[{"name":"wp","href":"https:\/\/api.w.org\/{rel}","templated":true}]}}