{"id":23687,"date":"2024-01-14T11:43:54","date_gmt":"2024-01-14T10:43:54","guid":{"rendered":"https:\/\/evertonfc.cz\/?p=23687"},"modified":"2024-01-14T13:37:10","modified_gmt":"2024-01-14T12:37:10","slug":"preview-everton-aston-villa-11","status":"publish","type":"post","link":"https:\/\/evertonfc.cz\/index.php\/2024\/01\/14\/preview-everton-aston-villa-11\/","title":{"rendered":"Preview: Everton &#8211; Aston Villa"},"content":{"rendered":"<h4>V lize tah\u00e1 Everton s\u00e9rii t\u0159\u00ed prohran\u00fdch z\u00e1pas\u016f. Samooz\u0159ejm\u011b, \u017ee by se hodila v\u00fdhra, ale p\u0159ij\u00ed\u017ed\u00ed t\u0159et\u00ed Aston Villa&#8230;<\/h4>\n<p>Po\u00a0<a href=\"https:\/\/evertonfc.cz\/index.php\/2024\/01\/04\/crystal-palace-everton-0-0\/\">rem\u00edze na Crystal Palace<\/a> m\u011bl Everton minul\u00fd t\u00fdden volno, na dom\u00e1c\u00ed pokra\u010dov\u00e1n\u00ed Anglick\u00e9ho poh\u00e1ru si mus\u00edme po\u010dkat do st\u0159ede\u010dn\u00edho ve\u010dera. Ligov\u00e9 povinnosti ale op\u011bt volaj\u00ed. Pokra\u010duje s\u00e9rie z\u00e1pas\u016f proti t\u011b\u017ek\u00fdm soupe\u0159\u016fm, p\u0159ij\u00ed\u017ed\u00ed t\u00fdm, kter\u00e9mu v t\u00e9to sez\u00f3n\u011b fand\u00ed ka\u017ed\u00fd neutr\u00e1l.<\/p>\n<p>Unai Emery v t\u00e9to sez\u00f3n\u011b vede Villans k v\u00fdkon\u016fm takov\u00fdm, \u017ee laik \u017easne a odborn\u00edk se div\u00ed, p\u0159i\u010dem\u017e ho n\u011bkte\u0159\u00ed ji\u017e<br \/>\nv polovin\u011b sez\u00f3ny proha\u0161uj\u00ed za (nejlep\u0161\u00edho) mana\u017eera sez\u00f3ny. Co\u017e o to, je mu vy\u010d\u00edt\u00e1n t\u0159eba fakt, \u017ee na Watkinse spol\u00e9h\u00e1 p\u0159\u00edli\u0161. Ale kdy\u017e to funguje, tak to neopravuj. Baskick\u00fd mana\u017eer str\u00e1vil rok a p\u016fl v Arsenalu, n\u00e1sledn\u011b po v\u00edce ne\u017e dvoulet\u00e9m p\u016fsoben\u00ed ve Villarealu podepsal smlouvu ve \u010dtvrti Aston.<\/p>\n<p>Moment\u00e1ln\u011b je klub z Birminghamu na t\u0159et\u00ed pozici. V p\u0159\u00edpad\u011b dne\u0161n\u00ed v\u00fdhry ho bude od prvn\u00edch RS d\u011blit pouze hor\u0161\u00ed sk\u00f3re. Zat\u00edmn\u00ed sez\u00f3na? Ve druh\u00e9m kole ligy <a href=\"https:\/\/evertonfc.cz\/index.php\/2023\/08\/21\/aston-villa-everton-40\/\">dostal Everton klepec<\/a>, ale v Ligov\u00e9m poh\u00e1ru to dne\u0161n\u00edmu soupe\u0159i\u00a0<a href=\"https:\/\/evertonfc.cz\/index.php\/2023\/09\/28\/aston-villa-everton-12\/\">vr\u00e1til<\/a>. V Konferen\u010dn\u00ed lize celkem v klidu vyhr\u00e1l skupinu a t\u011b\u0161\u00ed se na jaro. V Anglick\u00e9m poh\u00e1ru po v\u00fdh\u0159e na Middlesborough bude m\u00edt p\u0159\u00ed\u0161t\u00ed t\u00fdden rande na Stamford Bridge.<\/p>\n<p>Tak\u00e9 se jim uzdravuje k\u00e1dr. Trojice Olsen (absolvoval ro\u010dn\u00ed hostov\u00e1n\u00ed v Evertonu) &#8211; Tielemans (p\u0159edsez\u00f3nn\u00ed n\u00e1kup<br \/>\nz Leicesteru, kter\u00fd sestoupil) &#8211; Torres u\u017e se vr\u00e1tila k tr\u00e9ninku a mohou b\u00fdt dnes nominov\u00e1ni k z\u00e1pasu. Prim\u00e1rn\u011b samoz\u0159ejm\u011b na lavi\u010dku. K dispozici naopak nebude zran\u011bn\u00fd exEvertonian Digne, kter\u00fd m\u00e1 nav\u00edc p\u0159ed podpisem smlouvy s rij\u00e1dsk\u00fdm Al Hil\u00e1lem. A trojici absent\u00e9r\u016f dopl\u0148uje Traor\u00e9, kter\u00fd pln\u00ed reprezenta\u010dn\u00ed povinnosti na mistrovstv\u00ed Afriky za rodnou Burkinu Faso a stoper Mings, kter\u00fd je, stejn\u011b jako Digne, zran\u011bn\u00fd.<\/p>\n<p>Kv\u016fli kontinent\u00e1ln\u00edmu mistrovstv\u00ed bude Evertonu n\u011bjak\u00fd ten t\u00fdden Gana Gueye. Z\u00e1pas nestihne ani zran\u011bn\u00fd McNeil. Ten byl z posledn\u00edho z\u00e1pasu odnesen\u00fd ze h\u0159i\u0161t\u011b na nos\u00edtk\u00e1ch, ale podle vyj\u00e1d\u0159en\u00ed mana\u017eera m\u011bl b\u00fdt p\u0159ipraven u\u017e na st\u0159ede\u010dn\u00ed opakovan\u00fd z\u00e1pas t\u0159et\u00edho kola Anglick\u00e9ho poh\u00e1ru. Dom\u00e1c\u00edm by krom\u011b t\u00e9to dvojice m\u011bl chyb\u011bt u\u017e pouze Young. Naopak by m\u011bl b\u00fdt k dispozici uzdraven\u00fd Doucour\u00e9 a po zru\u0161en\u00ed t\u0159\u00edz\u00e1pasov\u00e9ho trestu za vylou\u010den\u00ed v Selhurst Parku bude hr\u00e1t i Calvert-Lewin.<\/p>\n<p><strong>Co:\u00a0<\/strong>Everton FC &#8211; Aston Villa FC, 21. kolo Premier League<br \/>\n<strong>Kdy:\u00a0<\/strong>14. 1. 2024 od 15:00<br \/>\n<strong>Kde: <\/strong>Goodison Park \u2013 Goodison Rd, Liverpool L4 4EL (kapacita: 39 414)<br \/>\n<strong>TV:\u00a0<\/strong>P\u0159\u00edm\u00fd p\u0159enos na stanici Canal+ Sport, komentuje Michal Micka<br \/>\n<strong>Rozhod\u010d\u00ed:\u00a0<\/strong>David Coote &#8211; Timothy Wood, Mark Scholes\u00a0 <strong>\u010ctvrt\u00fd rozhod\u010d\u00ed:\u00a0<\/strong>Anthony Taylor<br \/>\n<strong>Videorozhod\u010d\u00ed:\u00a0<\/strong>Paul Tierney\u00a0 <strong>Asistent videorozhod\u010d\u00edho:\u00a0<\/strong>Gary Beswick<\/p>\n","protected":false},"excerpt":{"rendered":"<p>V lize tah\u00e1 Everton s\u00e9rii t\u0159\u00ed prohran\u00fdch z\u00e1pas\u016f. Samooz\u0159ejm\u011b, \u017ee by se hodila v\u00fdhra, ale p\u0159ij\u00ed\u017ed\u00ed t\u0159et\u00ed Aston Villa&#8230;<\/p>\n","protected":false},"author":12,"featured_media":15183,"comment_status":"open","ping_status":"closed","sticky":false,"template":"","format":"standard","meta":{"_eb_attr":"","_monsterinsights_skip_tracking":false,"_monsterinsights_sitenote_active":false,"_monsterinsights_sitenote_note":"","_monsterinsights_sitenote_category":0,"footnotes":""},"categories":[4],"tags":[],"yoast_head":"<!-- This site is optimized with the Yoast SEO plugin v23.4 - https:\/\/yoast.com\/wordpress\/plugins\/seo\/ -->\n<title>Preview: Everton - Aston Villa - Official Czech &amp; Slovak Everton Supporters&#039; Club<\/title>\n<meta name=\"description\" content=\"V lize tah\u00e1 Everton s\u00e9rii t\u0159\u00ed prohran\u00fdch z\u00e1pas\u016f. Samooz\u0159ejm\u011b, \u017ee by se hodila v\u00fdhra, ale p\u0159ij\u00ed\u017ed\u00ed t\u0159et\u00ed Aston Villa...\" \/>\n<meta name=\"robots\" content=\"index, follow, max-snippet:-1, max-image-preview:large, max-video-preview:-1\" \/>\n<link rel=\"canonical\" href=\"https:\/\/evertonfc.cz\/index.php\/2024\/01\/14\/preview-everton-aston-villa-11\/\" \/>\n<meta property=\"og:locale\" content=\"cs_CZ\" \/>\n<meta property=\"og:type\" content=\"article\" \/>\n<meta property=\"og:title\" content=\"Preview: Everton - Aston Villa - Official Czech &amp; Slovak Everton Supporters&#039; Club\" \/>\n<meta property=\"og:description\" content=\"V lize tah\u00e1 Everton s\u00e9rii t\u0159\u00ed prohran\u00fdch z\u00e1pas\u016f. Samooz\u0159ejm\u011b, \u017ee by se hodila v\u00fdhra, ale p\u0159ij\u00ed\u017ed\u00ed t\u0159et\u00ed Aston Villa...\" \/>\n<meta property=\"og:url\" content=\"https:\/\/evertonfc.cz\/index.php\/2024\/01\/14\/preview-everton-aston-villa-11\/\" \/>\n<meta property=\"og:site_name\" content=\"Official Czech &amp; Slovak Everton Supporters&#039; Club\" \/>\n<meta property=\"article:publisher\" content=\"https:\/\/www.facebook.com\/everton.fans.cz.sk\" \/>\n<meta property=\"article:published_time\" content=\"2024-01-14T10:43:54+00:00\" \/>\n<meta property=\"article:modified_time\" content=\"2024-01-14T12:37:10+00:00\" \/>\n<meta property=\"og:image\" content=\"https:\/\/evertonfc.cz\/wp-content\/uploads\/2021\/05\/Everton-VS-Aston-Villa.png\" \/>\n\t<meta property=\"og:image:width\" content=\"720\" \/>\n\t<meta property=\"og:image:height\" content=\"405\" \/>\n\t<meta property=\"og:image:type\" content=\"image\/png\" \/>\n<meta name=\"author\" content=\"Javor\" \/>\n<meta name=\"twitter:card\" content=\"summary_large_image\" \/>\n<meta name=\"twitter:creator\" content=\"@LoudinJan\" \/>\n<meta name=\"twitter:label1\" content=\"Napsal(a)\" \/>\n\t<meta name=\"twitter:data1\" content=\"Javor\" \/>\n\t<meta name=\"twitter:label2\" content=\"Odhadovan\u00e1 doba \u010dten\u00ed\" \/>\n\t<meta name=\"twitter:data2\" content=\"3 minuty\" \/>\n<script type=\"application\/ld+json\" class=\"yoast-schema-graph\">{\"@context\":\"https:\/\/schema.org\",\"@graph\":[{\"@type\":\"Article\",\"@id\":\"https:\/\/evertonfc.cz\/index.php\/2024\/01\/14\/preview-everton-aston-villa-11\/#article\",\"isPartOf\":{\"@id\":\"https:\/\/evertonfc.cz\/index.php\/2024\/01\/14\/preview-everton-aston-villa-11\/\"},\"author\":{\"name\":\"Javor\",\"@id\":\"https:\/\/evertonfc.cz\/#\/schema\/person\/b30daf6a5852f4811f8207a17ec1bf78\"},\"headline\":\"Preview: Everton &#8211; Aston Villa\",\"datePublished\":\"2024-01-14T10:43:54+00:00\",\"dateModified\":\"2024-01-14T12:37:10+00:00\",\"mainEntityOfPage\":{\"@id\":\"https:\/\/evertonfc.cz\/index.php\/2024\/01\/14\/preview-everton-aston-villa-11\/\"},\"wordCount\":559,\"commentCount\":4,\"publisher\":{\"@id\":\"https:\/\/evertonfc.cz\/#organization\"},\"image\":{\"@id\":\"https:\/\/evertonfc.cz\/index.php\/2024\/01\/14\/preview-everton-aston-villa-11\/#primaryimage\"},\"thumbnailUrl\":\"https:\/\/evertonfc.cz\/wp-content\/uploads\/2021\/05\/Everton-VS-Aston-Villa.png\",\"articleSection\":[\"Z\u00e1pasy\"],\"inLanguage\":\"cs\",\"potentialAction\":[{\"@type\":\"CommentAction\",\"name\":\"Comment\",\"target\":[\"https:\/\/evertonfc.cz\/index.php\/2024\/01\/14\/preview-everton-aston-villa-11\/#respond\"]}]},{\"@type\":\"WebPage\",\"@id\":\"https:\/\/evertonfc.cz\/index.php\/2024\/01\/14\/preview-everton-aston-villa-11\/\",\"url\":\"https:\/\/evertonfc.cz\/index.php\/2024\/01\/14\/preview-everton-aston-villa-11\/\",\"name\":\"Preview: Everton - Aston Villa - Official Czech &amp; Slovak Everton Supporters&#039; Club\",\"isPartOf\":{\"@id\":\"https:\/\/evertonfc.cz\/#website\"},\"primaryImageOfPage\":{\"@id\":\"https:\/\/evertonfc.cz\/index.php\/2024\/01\/14\/preview-everton-aston-villa-11\/#primaryimage\"},\"image\":{\"@id\":\"https:\/\/evertonfc.cz\/index.php\/2024\/01\/14\/preview-everton-aston-villa-11\/#primaryimage\"},\"thumbnailUrl\":\"https:\/\/evertonfc.cz\/wp-content\/uploads\/2021\/05\/Everton-VS-Aston-Villa.png\",\"datePublished\":\"2024-01-14T10:43:54+00:00\",\"dateModified\":\"2024-01-14T12:37:10+00:00\",\"description\":\"V lize tah\u00e1 Everton s\u00e9rii t\u0159\u00ed prohran\u00fdch z\u00e1pas\u016f. Samooz\u0159ejm\u011b, \u017ee by se hodila v\u00fdhra, ale p\u0159ij\u00ed\u017ed\u00ed t\u0159et\u00ed Aston Villa...\",\"breadcrumb\":{\"@id\":\"https:\/\/evertonfc.cz\/index.php\/2024\/01\/14\/preview-everton-aston-villa-11\/#breadcrumb\"},\"inLanguage\":\"cs\",\"potentialAction\":[{\"@type\":\"ReadAction\",\"target\":[\"https:\/\/evertonfc.cz\/index.php\/2024\/01\/14\/preview-everton-aston-villa-11\/\"]}]},{\"@type\":\"ImageObject\",\"inLanguage\":\"cs\",\"@id\":\"https:\/\/evertonfc.cz\/index.php\/2024\/01\/14\/preview-everton-aston-villa-11\/#primaryimage\",\"url\":\"https:\/\/evertonfc.cz\/wp-content\/uploads\/2021\/05\/Everton-VS-Aston-Villa.png\",\"contentUrl\":\"https:\/\/evertonfc.cz\/wp-content\/uploads\/2021\/05\/Everton-VS-Aston-Villa.png\",\"width\":720,\"height\":405},{\"@type\":\"BreadcrumbList\",\"@id\":\"https:\/\/evertonfc.cz\/index.php\/2024\/01\/14\/preview-everton-aston-villa-11\/#breadcrumb\",\"itemListElement\":[{\"@type\":\"ListItem\",\"position\":1,\"name\":\"Home\",\"item\":\"https:\/\/evertonfc.cz\/\"},{\"@type\":\"ListItem\",\"position\":2,\"name\":\"Preview: Everton &#8211; Aston Villa\"}]},{\"@type\":\"WebSite\",\"@id\":\"https:\/\/evertonfc.cz\/#website\",\"url\":\"https:\/\/evertonfc.cz\/\",\"name\":\"Official Czech &amp; Slovak Everton Supporters&#039; Club\",\"description\":\"\",\"publisher\":{\"@id\":\"https:\/\/evertonfc.cz\/#organization\"},\"potentialAction\":[{\"@type\":\"SearchAction\",\"target\":{\"@type\":\"EntryPoint\",\"urlTemplate\":\"https:\/\/evertonfc.cz\/?s={search_term_string}\"},\"query-input\":{\"@type\":\"PropertyValueSpecification\",\"valueRequired\":true,\"valueName\":\"search_term_string\"}}],\"inLanguage\":\"cs\"},{\"@type\":\"Organization\",\"@id\":\"https:\/\/evertonfc.cz\/#organization\",\"name\":\"Official Czech & Slovak Everton Supporters' Club\",\"url\":\"https:\/\/evertonfc.cz\/\",\"logo\":{\"@type\":\"ImageObject\",\"inLanguage\":\"cs\",\"@id\":\"https:\/\/evertonfc.cz\/#\/schema\/logo\/image\/\",\"url\":\"https:\/\/evertonfc.cz\/wp-content\/uploads\/2019\/05\/logo.png\",\"contentUrl\":\"https:\/\/evertonfc.cz\/wp-content\/uploads\/2019\/05\/logo.png\",\"width\":112,\"height\":112,\"caption\":\"Official Czech & Slovak Everton Supporters' Club\"},\"image\":{\"@id\":\"https:\/\/evertonfc.cz\/#\/schema\/logo\/image\/\"},\"sameAs\":[\"https:\/\/www.facebook.com\/everton.fans.cz.sk\"]},{\"@type\":\"Person\",\"@id\":\"https:\/\/evertonfc.cz\/#\/schema\/person\/b30daf6a5852f4811f8207a17ec1bf78\",\"name\":\"Javor\",\"sameAs\":[\"https:\/\/x.com\/LoudinJan\"],\"url\":\"https:\/\/evertonfc.cz\/index.php\/author\/javor\/\"}]}<\/script>\n<!-- \/ Yoast SEO plugin. -->","yoast_head_json":{"title":"Preview: Everton - Aston Villa - Official Czech &amp; Slovak Everton Supporters&#039; Club","description":"V lize tah\u00e1 Everton s\u00e9rii t\u0159\u00ed prohran\u00fdch z\u00e1pas\u016f. Samooz\u0159ejm\u011b, \u017ee by se hodila v\u00fdhra, ale p\u0159ij\u00ed\u017ed\u00ed t\u0159et\u00ed Aston Villa...","robots":{"index":"index","follow":"follow","max-snippet":"max-snippet:-1","max-image-preview":"max-image-preview:large","max-video-preview":"max-video-preview:-1"},"canonical":"https:\/\/evertonfc.cz\/index.php\/2024\/01\/14\/preview-everton-aston-villa-11\/","og_locale":"cs_CZ","og_type":"article","og_title":"Preview: Everton - Aston Villa - Official Czech &amp; Slovak Everton Supporters&#039; Club","og_description":"V lize tah\u00e1 Everton s\u00e9rii t\u0159\u00ed prohran\u00fdch z\u00e1pas\u016f. Samooz\u0159ejm\u011b, \u017ee by se hodila v\u00fdhra, ale p\u0159ij\u00ed\u017ed\u00ed t\u0159et\u00ed Aston Villa...","og_url":"https:\/\/evertonfc.cz\/index.php\/2024\/01\/14\/preview-everton-aston-villa-11\/","og_site_name":"Official Czech &amp; Slovak Everton Supporters&#039; Club","article_publisher":"https:\/\/www.facebook.com\/everton.fans.cz.sk","article_published_time":"2024-01-14T10:43:54+00:00","article_modified_time":"2024-01-14T12:37:10+00:00","og_image":[{"width":720,"height":405,"url":"https:\/\/evertonfc.cz\/wp-content\/uploads\/2021\/05\/Everton-VS-Aston-Villa.png","type":"image\/png"}],"author":"Javor","twitter_card":"summary_large_image","twitter_creator":"@LoudinJan","twitter_misc":{"Napsal(a)":"Javor","Odhadovan\u00e1 doba \u010dten\u00ed":"3 minuty"},"schema":{"@context":"https:\/\/schema.org","@graph":[{"@type":"Article","@id":"https:\/\/evertonfc.cz\/index.php\/2024\/01\/14\/preview-everton-aston-villa-11\/#article","isPartOf":{"@id":"https:\/\/evertonfc.cz\/index.php\/2024\/01\/14\/preview-everton-aston-villa-11\/"},"author":{"name":"Javor","@id":"https:\/\/evertonfc.cz\/#\/schema\/person\/b30daf6a5852f4811f8207a17ec1bf78"},"headline":"Preview: Everton &#8211; Aston Villa","datePublished":"2024-01-14T10:43:54+00:00","dateModified":"2024-01-14T12:37:10+00:00","mainEntityOfPage":{"@id":"https:\/\/evertonfc.cz\/index.php\/2024\/01\/14\/preview-everton-aston-villa-11\/"},"wordCount":559,"commentCount":4,"publisher":{"@id":"https:\/\/evertonfc.cz\/#organization"},"image":{"@id":"https:\/\/evertonfc.cz\/index.php\/2024\/01\/14\/preview-everton-aston-villa-11\/#primaryimage"},"thumbnailUrl":"https:\/\/evertonfc.cz\/wp-content\/uploads\/2021\/05\/Everton-VS-Aston-Villa.png","articleSection":["Z\u00e1pasy"],"inLanguage":"cs","potentialAction":[{"@type":"CommentAction","name":"Comment","target":["https:\/\/evertonfc.cz\/index.php\/2024\/01\/14\/preview-everton-aston-villa-11\/#respond"]}]},{"@type":"WebPage","@id":"https:\/\/evertonfc.cz\/index.php\/2024\/01\/14\/preview-everton-aston-villa-11\/","url":"https:\/\/evertonfc.cz\/index.php\/2024\/01\/14\/preview-everton-aston-villa-11\/","name":"Preview: Everton - Aston Villa - Official Czech &amp; Slovak Everton Supporters&#039; Club","isPartOf":{"@id":"https:\/\/evertonfc.cz\/#website"},"primaryImageOfPage":{"@id":"https:\/\/evertonfc.cz\/index.php\/2024\/01\/14\/preview-everton-aston-villa-11\/#primaryimage"},"image":{"@id":"https:\/\/evertonfc.cz\/index.php\/2024\/01\/14\/preview-everton-aston-villa-11\/#primaryimage"},"thumbnailUrl":"https:\/\/evertonfc.cz\/wp-content\/uploads\/2021\/05\/Everton-VS-Aston-Villa.png","datePublished":"2024-01-14T10:43:54+00:00","dateModified":"2024-01-14T12:37:10+00:00","description":"V lize tah\u00e1 Everton s\u00e9rii t\u0159\u00ed prohran\u00fdch z\u00e1pas\u016f. Samooz\u0159ejm\u011b, \u017ee by se hodila v\u00fdhra, ale p\u0159ij\u00ed\u017ed\u00ed t\u0159et\u00ed Aston Villa...","breadcrumb":{"@id":"https:\/\/evertonfc.cz\/index.php\/2024\/01\/14\/preview-everton-aston-villa-11\/#breadcrumb"},"inLanguage":"cs","potentialAction":[{"@type":"ReadAction","target":["https:\/\/evertonfc.cz\/index.php\/2024\/01\/14\/preview-everton-aston-villa-11\/"]}]},{"@type":"ImageObject","inLanguage":"cs","@id":"https:\/\/evertonfc.cz\/index.php\/2024\/01\/14\/preview-everton-aston-villa-11\/#primaryimage","url":"https:\/\/evertonfc.cz\/wp-content\/uploads\/2021\/05\/Everton-VS-Aston-Villa.png","contentUrl":"https:\/\/evertonfc.cz\/wp-content\/uploads\/2021\/05\/Everton-VS-Aston-Villa.png","width":720,"height":405},{"@type":"BreadcrumbList","@id":"https:\/\/evertonfc.cz\/index.php\/2024\/01\/14\/preview-everton-aston-villa-11\/#breadcrumb","itemListElement":[{"@type":"ListItem","position":1,"name":"Home","item":"https:\/\/evertonfc.cz\/"},{"@type":"ListItem","position":2,"name":"Preview: Everton &#8211; Aston Villa"}]},{"@type":"WebSite","@id":"https:\/\/evertonfc.cz\/#website","url":"https:\/\/evertonfc.cz\/","name":"Official Czech &amp; Slovak Everton Supporters&#039; Club","description":"","publisher":{"@id":"https:\/\/evertonfc.cz\/#organization"},"potentialAction":[{"@type":"SearchAction","target":{"@type":"EntryPoint","urlTemplate":"https:\/\/evertonfc.cz\/?s={search_term_string}"},"query-input":{"@type":"PropertyValueSpecification","valueRequired":true,"valueName":"search_term_string"}}],"inLanguage":"cs"},{"@type":"Organization","@id":"https:\/\/evertonfc.cz\/#organization","name":"Official Czech & Slovak Everton Supporters' Club","url":"https:\/\/evertonfc.cz\/","logo":{"@type":"ImageObject","inLanguage":"cs","@id":"https:\/\/evertonfc.cz\/#\/schema\/logo\/image\/","url":"https:\/\/evertonfc.cz\/wp-content\/uploads\/2019\/05\/logo.png","contentUrl":"https:\/\/evertonfc.cz\/wp-content\/uploads\/2019\/05\/logo.png","width":112,"height":112,"caption":"Official Czech & Slovak Everton Supporters' Club"},"image":{"@id":"https:\/\/evertonfc.cz\/#\/schema\/logo\/image\/"},"sameAs":["https:\/\/www.facebook.com\/everton.fans.cz.sk"]},{"@type":"Person","@id":"https:\/\/evertonfc.cz\/#\/schema\/person\/b30daf6a5852f4811f8207a17ec1bf78","name":"Javor","sameAs":["https:\/\/x.com\/LoudinJan"],"url":"https:\/\/evertonfc.cz\/index.php\/author\/javor\/"}]}},"_links":{"self":[{"href":"https:\/\/evertonfc.cz\/index.php\/wp-json\/wp\/v2\/posts\/23687"}],"collection":[{"href":"https:\/\/evertonfc.cz\/index.php\/wp-json\/wp\/v2\/posts"}],"about":[{"href":"https:\/\/evertonfc.cz\/index.php\/wp-json\/wp\/v2\/types\/post"}],"author":[{"embeddable":true,"href":"https:\/\/evertonfc.cz\/index.php\/wp-json\/wp\/v2\/users\/12"}],"replies":[{"embeddable":true,"href":"https:\/\/evertonfc.cz\/index.php\/wp-json\/wp\/v2\/comments?post=23687"}],"version-history":[{"count":5,"href":"https:\/\/evertonfc.cz\/index.php\/wp-json\/wp\/v2\/posts\/23687\/revisions"}],"predecessor-version":[{"id":23692,"href":"https:\/\/evertonfc.cz\/index.php\/wp-json\/wp\/v2\/posts\/23687\/revisions\/23692"}],"wp:featuredmedia":[{"embeddable":true,"href":"https:\/\/evertonfc.cz\/index.php\/wp-json\/wp\/v2\/media\/15183"}],"wp:attachment":[{"href":"https:\/\/evertonfc.cz\/index.php\/wp-json\/wp\/v2\/media?parent=23687"}],"wp:term":[{"taxonomy":"category","embeddable":true,"href":"https:\/\/evertonfc.cz\/index.php\/wp-json\/wp\/v2\/categories?post=23687"},{"taxonomy":"post_tag","embeddable":true,"href":"https:\/\/evertonfc.cz\/index.php\/wp-json\/wp\/v2\/tags?post=23687"}],"curies":[{"name":"wp","href":"https:\/\/api.w.org\/{rel}","templated":true}]}}