{"id":23696,"date":"2024-01-15T19:21:23","date_gmt":"2024-01-15T18:21:23","guid":{"rendered":"https:\/\/evertonfc.cz\/?p=23696"},"modified":"2024-01-15T19:21:23","modified_gmt":"2024-01-15T18:21:23","slug":"everton-aston-villa-00","status":"publish","type":"post","link":"https:\/\/evertonfc.cz\/index.php\/2024\/01\/15\/everton-aston-villa-00\/","title":{"rendered":"Everton \u2013 Aston Villa 0:0"},"content":{"rendered":"<h4>Druh\u00fd z\u00e1pas po sebe s \u010dist\u00fdm kontom zna\u010d\u00ed d\u00f4raz na n\u00e1vrat k pevn\u00fdm kore\u0148om, ale tret\u00ed z\u00e1pas bez vstrelen\u00e9ho g\u00f3lu ukazuje na slep\u00fa d\u00f4veru k ne\u0161kodn\u00fdm prostriedkom.<\/h4>\n<p>\u00davodn\u00e1 hyst\u00e9ria sp\u00f4soben\u00e1 spektakul\u00e1rnym odnosom McNeila z ihriska Crystal Palace bola na\u0161\u0165astie skoro za\u017eehnan\u00e1. Preto\u017ee agnlick\u00fd kr\u00eddeln\u00edk sa nielen\u017ee stihol uzdravi\u0165, ale bol aj fit na n\u00e1vrat na lavi\u010dku a nesk\u00f4r aj do druh\u00e9ho pol\u010dasu. To boli skvel\u00e9 spr\u00e1vy pred v\u00fdkopom, ktor\u00e9 podporil aj n\u00e1vrat Doucour\u00e9ho do z\u00e1kladu. V \u0148om sa e\u0161te st\u00e1le ocit\u00e1 aj Danjuma. Bohu\u017eia\u013e, st\u00e1le nie a nie za\u017eiari\u0165. Len blika\u0165.<\/p>\n<h4><strong>1.pol\u010das<\/strong><\/h4>\n<p>Duelu nech\u00fdbal n\u00e1boj ani iskra. Ale kvalita, a to najm\u00e4 na strane modr\u00fdch. T\u00ed si na rozdiel od oponentov \u010dasto nerozumeli, a kazili nielen prihr\u00e1vky. E\u0161te\u017ee t\u00e1 obrana tak zlo\u017eit\u00e9 veci k fungovaniu nepotrebuje. A ke\u010f sa n\u00e1hodou podarilo dosta\u0165 k br\u00e1ne s\u00fapera (nie, \u017ee by snaha nebola, mo\u017eno aj v\u00e4\u010d\u0161ia), tak tie rie\u0161enia sa nestret\u00e1vali s \u00faspechom. Danjuma takto v 6. min\u00fate nevyu\u017eil volej vo v\u00e1pne, a Mykolenko mieril do parku.<\/p>\n<p>Fin\u00e1lne prihr\u00e1vky, alebo v\u00f4bec ochota prihr\u00e1va\u0165 hr\u00e1\u010dom v lep\u0161\u00edch poz\u00edci\u00e1ch zatia\u013e v tomto t\u00edme absentuje. Preto museli zastra\u0161i\u0165 aj hostia. Pickford takto pois\u0165oval laxn\u00e9 br\u00e1nenia Watkinsa, no na Morenovu strelu spoza \u0161estn\u00e1stky veru nemal. Chvalabohu VAR zasiahol pre ofsajd, hoci sa mohol p\u00edska\u0165 aj faul na Danjumu.<\/p>\n<p>Po zhruba polhodine hry n\u00e1m prih\u00e1ralo pre br\u00e1nou. Diaby takmer do\u0165uk\u00e1val n\u00e1dejn\u00fa loptu na slepo, ale n\u00e1\u0161 brank\u00e1r musel zasahova\u0165 a\u017e po strele Baileyho. Nedostali sme, mohli sme teda da\u0165. Danjuma \u00fa\u017easne vysunul DCL k \u00faniku na br\u00e1nu, sta\u010dilo len prihra\u0165 doprava Doucour\u00e9mu na odkryt\u00fa br\u00e1nu, alebo si spomen\u00fa\u0165, ako sa m\u00e1 zakon\u010dova\u0165 v Premier League. Ani jednu mo\u017enos\u0165 Dominic nevyu\u017eil. Nem\u00fd \u00fa\u017eas. Neuspela pred hvizdom ani slab\u00e1 Garnerova dor\u00e1\u017eka, tak\u017ee do \u0161atne sa i\u0161lo prekvapivo za stavu 0:0.<\/p>\n<h4><strong>2.pol\u010das<\/strong><\/h4>\n<p>V druhom pol\u010dase bolo \u0161anc\u00ed pomenej. Teda hlavne pred Gwladys Street. McGinn v hodine hry mieril obstrelom len tesne ved\u013ea \u017erde. \u0160koda preto, \u017ee Danjuma ho z half-voleja len napodobnil potom, \u010do ho na\u0161iel Harrison. Bolo to aj t\u00fdm, \u017ee oba t\u00edmy akosi znerv\u00f3zneli. Okrem simulovania Villans padali aj hrani\u010dn\u00e9 fauly, a nie ka\u017ed\u00fd si nechal brnka\u0165 po nose. Rozhodca na po\u010dudovanie m\u00e1lo tasil karti\u010dky a tak to aj vyzeralo.<\/p>\n<p>V 85. n\u00e1s chr\u00e1nili v\u0161etci sv\u00e4t\u00ed (m\u00e1m na mysli Mykolenka s Colemanom a Pickfordom), ke\u010f to tam Cash mohol trestuhodne necha\u0165 zaplati\u0165 v\u0161etk\u00fdm modr\u00fdm, vracaj\u00facim sa v\u00fdklusom. Potom sme e\u0161te pre\u017eili posledn\u00fd n\u00e1znak ohrozenia vlastn\u00edctva poctiv\u00e9ho bodu, ke\u010f Dur\u00e1n hlavi\u010dkou nechal loptu dramaticky odskacka\u0165 popri br\u00e1nkovej \u010diare a\u017e do autu. Na koniec teda vybojovan\u00fd bod, ktor\u00fd ale nemusel by\u0165 osamoten\u00fd. Nu\u017e&#8230;<\/p>\n<h4>Sean Dyche po z\u00e1pase:<\/h4>\n<blockquote><p><em><span style=\"font-size: 12pt;\">\u201eJe to \u010fal\u0161\u00ed bod v tabu\u013eke a \u010fal\u0161ie \u010dist\u00e9 konto, tak\u017ee op\u00e4\u0165 pozit\u00edvne. Vieme, \u017ee s loptou sa mus\u00edme pripom\u00edna\u0165, aby sme si vytvorili viac \u0161anc\u00ed. Ale dost\u00e1vame hr\u00e1\u010dov sp\u00e4\u0165 do akcie, ako je Dwight, ktor\u00e9mu sa ve\u013emi dobre darilo \u2013 mal jeden tr\u00e9ning pred z\u00e1pasom. Zapojili sme t\u00fdchto chlapcov, ale pre t\u00edm je tam ve\u013ea dobrej pr\u00e1ce. Vytvorili sme si dobr\u00e9 \u0161ance, pravdepodobne zlat\u00fa \u0161ancu z\u00e1pasu. Budem Domovi pripom\u00edna\u0165, \u017ee \u010d\u00edm \u010falej je jeho \u010fal\u0161\u00ed g\u00f3l, t\u00fdm viac sa mu pribli\u017euje. Dnes ho zastavil dobr\u00fd z\u00e1krok, ve\u013emi dobr\u00fd z\u00e1krok. Dosta\u0165 \u0161ance v Premier League je \u0165a\u017ek\u00e1 zru\u010dnos\u0165. Dostane zlat\u00fa \u0161ancu, ale je to zlat\u00fd z\u00e1krok. Tak to chod\u00ed, ale ak sa tam bude st\u00e1le dost\u00e1va\u0165 a bud\u00fa \u0161ance, potom to p\u00f4jde.\u201c<\/span><\/em><\/p><\/blockquote>\n<h3 style=\"text-align: center;\"><span style=\"color: #3366ff;\"><em>Come on you Blues !!!<\/em><\/span><\/h3>\n<p style=\"text-align: right;\"><span style=\"font-size: 8pt;\">(fotozdroj: Sky Sports)<\/span><\/p>\n<p><strong>Zostrihy:<\/strong> <a href=\"https:\/\/www.fasthighlights.net\/2024\/01\/everton-v-aston-villa-highlights-video-fasthighlights-2\/\">fasthighlights.com<\/a> \/ <a href=\"https:\/\/evertontv.evertonfc.com\/videos\/3e144a25-680c-4868-89d8-a8995876ff18\">Everton TV<\/a><\/p>\n<p><strong>\u017dlt\u00e9 karty:<\/strong> 31\u00b4 Watkins, 48\u00b4 Carlos, 73\u00b4 Tarkowski, 73\u00b4 Lenglet, 75\u00b4 Tielemans<\/p>\n<p><strong>Everton FC:<\/strong> Pickford \u2013 Coleman, Tarkowski, Branthwaite, Mykolenko \u2013 Harrison, Onana, Doucour\u00e9, Garner, Danjuma (63\u00b4 McNeil) \u2013 Calvert-Lewin (63\u00b4 Beto)<\/p>\n<p><strong>Aston Villa FC:<\/strong> Mart\u00ednez \u2013 Konsa, Carlos, Lenglet, Moreno \u2013 Luiz, Kamara, McGinn (89\u00b4 Zaniolo) \u2013 Bailey (64\u00b4 Dur\u00e1n), Watkins, Diaby (64\u00b4 Tielemans)<\/p>\n<p><strong>Rozhodca:<\/strong> David Coote\u00a0 <strong>Div\u00e1ci:<\/strong> 39 284\u00a0 <strong>Hr\u00e1\u010d z\u00e1pasu EFC:<\/strong> Jarrad Branthwaite<\/p>\n","protected":false},"excerpt":{"rendered":"<p>Druh\u00fd z\u00e1pas po sebe s \u010dist\u00fdm kontom zna\u010d\u00ed d\u00f4raz na n\u00e1vrat k pevn\u00fdm kore\u0148om, ale tret\u00ed z\u00e1pas bez vstrelen\u00e9ho g\u00f3lu ukazuje na slep\u00fa d\u00f4veru k ne\u0161kodn\u00fdm prostriedkom.<\/p>\n","protected":false},"author":1,"featured_media":23697,"comment_status":"open","ping_status":"closed","sticky":false,"template":"","format":"standard","meta":{"_eb_attr":"","_monsterinsights_skip_tracking":false,"_monsterinsights_sitenote_active":false,"_monsterinsights_sitenote_note":"","_monsterinsights_sitenote_category":0,"footnotes":""},"categories":[4],"tags":[],"yoast_head":"<!-- This site is optimized with the Yoast SEO plugin v23.4 - https:\/\/yoast.com\/wordpress\/plugins\/seo\/ -->\n<title>Everton \u2013 Aston Villa 0:0 - Official Czech &amp; Slovak Everton Supporters&#039; Club<\/title>\n<meta name=\"robots\" content=\"index, follow, max-snippet:-1, max-image-preview:large, max-video-preview:-1\" \/>\n<link rel=\"canonical\" href=\"https:\/\/evertonfc.cz\/index.php\/2024\/01\/15\/everton-aston-villa-00\/\" \/>\n<meta property=\"og:locale\" content=\"cs_CZ\" \/>\n<meta property=\"og:type\" content=\"article\" \/>\n<meta property=\"og:title\" content=\"Everton \u2013 Aston Villa 0:0 - Official Czech &amp; Slovak Everton Supporters&#039; Club\" \/>\n<meta property=\"og:description\" content=\"Druh\u00fd z\u00e1pas po sebe s \u010dist\u00fdm kontom zna\u010d\u00ed d\u00f4raz na n\u00e1vrat k pevn\u00fdm kore\u0148om, ale tret\u00ed z\u00e1pas bez vstrelen\u00e9ho g\u00f3lu ukazuje na slep\u00fa d\u00f4veru k ne\u0161kodn\u00fdm prostriedkom.\" \/>\n<meta property=\"og:url\" content=\"https:\/\/evertonfc.cz\/index.php\/2024\/01\/15\/everton-aston-villa-00\/\" \/>\n<meta property=\"og:site_name\" content=\"Official Czech &amp; Slovak Everton Supporters&#039; Club\" \/>\n<meta property=\"article:publisher\" content=\"https:\/\/www.facebook.com\/everton.fans.cz.sk\" \/>\n<meta property=\"article:published_time\" content=\"2024-01-15T18:21:23+00:00\" \/>\n<meta property=\"og:image\" content=\"https:\/\/evertonfc.cz\/wp-content\/uploads\/2024\/01\/Everton-0-0-Aston-Villa-by-PA-Wire-14-1-2024.jpg\" \/>\n\t<meta property=\"og:image:width\" content=\"720\" \/>\n\t<meta property=\"og:image:height\" content=\"405\" \/>\n\t<meta property=\"og:image:type\" content=\"image\/jpeg\" \/>\n<meta name=\"author\" content=\"BlueBlooded\" \/>\n<meta name=\"twitter:card\" content=\"summary_large_image\" \/>\n<meta name=\"twitter:label1\" content=\"Napsal(a)\" \/>\n\t<meta name=\"twitter:data1\" content=\"BlueBlooded\" \/>\n\t<meta name=\"twitter:label2\" content=\"Odhadovan\u00e1 doba \u010dten\u00ed\" \/>\n\t<meta name=\"twitter:data2\" content=\"3 minuty\" \/>\n<script type=\"application\/ld+json\" class=\"yoast-schema-graph\">{\"@context\":\"https:\/\/schema.org\",\"@graph\":[{\"@type\":\"Article\",\"@id\":\"https:\/\/evertonfc.cz\/index.php\/2024\/01\/15\/everton-aston-villa-00\/#article\",\"isPartOf\":{\"@id\":\"https:\/\/evertonfc.cz\/index.php\/2024\/01\/15\/everton-aston-villa-00\/\"},\"author\":{\"name\":\"BlueBlooded\",\"@id\":\"https:\/\/evertonfc.cz\/#\/schema\/person\/d4493b8cbea51532597fbc4685698916\"},\"headline\":\"Everton \u2013 Aston Villa 0:0\",\"datePublished\":\"2024-01-15T18:21:23+00:00\",\"dateModified\":\"2024-01-15T18:21:23+00:00\",\"mainEntityOfPage\":{\"@id\":\"https:\/\/evertonfc.cz\/index.php\/2024\/01\/15\/everton-aston-villa-00\/\"},\"wordCount\":757,\"commentCount\":1,\"publisher\":{\"@id\":\"https:\/\/evertonfc.cz\/#organization\"},\"image\":{\"@id\":\"https:\/\/evertonfc.cz\/index.php\/2024\/01\/15\/everton-aston-villa-00\/#primaryimage\"},\"thumbnailUrl\":\"https:\/\/evertonfc.cz\/wp-content\/uploads\/2024\/01\/Everton-0-0-Aston-Villa-by-PA-Wire-14-1-2024.jpg\",\"articleSection\":[\"Z\u00e1pasy\"],\"inLanguage\":\"cs\",\"potentialAction\":[{\"@type\":\"CommentAction\",\"name\":\"Comment\",\"target\":[\"https:\/\/evertonfc.cz\/index.php\/2024\/01\/15\/everton-aston-villa-00\/#respond\"]}]},{\"@type\":\"WebPage\",\"@id\":\"https:\/\/evertonfc.cz\/index.php\/2024\/01\/15\/everton-aston-villa-00\/\",\"url\":\"https:\/\/evertonfc.cz\/index.php\/2024\/01\/15\/everton-aston-villa-00\/\",\"name\":\"Everton \u2013 Aston Villa 0:0 - Official Czech &amp; Slovak Everton Supporters&#039; Club\",\"isPartOf\":{\"@id\":\"https:\/\/evertonfc.cz\/#website\"},\"primaryImageOfPage\":{\"@id\":\"https:\/\/evertonfc.cz\/index.php\/2024\/01\/15\/everton-aston-villa-00\/#primaryimage\"},\"image\":{\"@id\":\"https:\/\/evertonfc.cz\/index.php\/2024\/01\/15\/everton-aston-villa-00\/#primaryimage\"},\"thumbnailUrl\":\"https:\/\/evertonfc.cz\/wp-content\/uploads\/2024\/01\/Everton-0-0-Aston-Villa-by-PA-Wire-14-1-2024.jpg\",\"datePublished\":\"2024-01-15T18:21:23+00:00\",\"dateModified\":\"2024-01-15T18:21:23+00:00\",\"breadcrumb\":{\"@id\":\"https:\/\/evertonfc.cz\/index.php\/2024\/01\/15\/everton-aston-villa-00\/#breadcrumb\"},\"inLanguage\":\"cs\",\"potentialAction\":[{\"@type\":\"ReadAction\",\"target\":[\"https:\/\/evertonfc.cz\/index.php\/2024\/01\/15\/everton-aston-villa-00\/\"]}]},{\"@type\":\"ImageObject\",\"inLanguage\":\"cs\",\"@id\":\"https:\/\/evertonfc.cz\/index.php\/2024\/01\/15\/everton-aston-villa-00\/#primaryimage\",\"url\":\"https:\/\/evertonfc.cz\/wp-content\/uploads\/2024\/01\/Everton-0-0-Aston-Villa-by-PA-Wire-14-1-2024.jpg\",\"contentUrl\":\"https:\/\/evertonfc.cz\/wp-content\/uploads\/2024\/01\/Everton-0-0-Aston-Villa-by-PA-Wire-14-1-2024.jpg\",\"width\":720,\"height\":405},{\"@type\":\"BreadcrumbList\",\"@id\":\"https:\/\/evertonfc.cz\/index.php\/2024\/01\/15\/everton-aston-villa-00\/#breadcrumb\",\"itemListElement\":[{\"@type\":\"ListItem\",\"position\":1,\"name\":\"Home\",\"item\":\"https:\/\/evertonfc.cz\/\"},{\"@type\":\"ListItem\",\"position\":2,\"name\":\"Everton \u2013 Aston Villa 0:0\"}]},{\"@type\":\"WebSite\",\"@id\":\"https:\/\/evertonfc.cz\/#website\",\"url\":\"https:\/\/evertonfc.cz\/\",\"name\":\"Official Czech &amp; Slovak Everton Supporters&#039; Club\",\"description\":\"\",\"publisher\":{\"@id\":\"https:\/\/evertonfc.cz\/#organization\"},\"potentialAction\":[{\"@type\":\"SearchAction\",\"target\":{\"@type\":\"EntryPoint\",\"urlTemplate\":\"https:\/\/evertonfc.cz\/?s={search_term_string}\"},\"query-input\":{\"@type\":\"PropertyValueSpecification\",\"valueRequired\":true,\"valueName\":\"search_term_string\"}}],\"inLanguage\":\"cs\"},{\"@type\":\"Organization\",\"@id\":\"https:\/\/evertonfc.cz\/#organization\",\"name\":\"Official Czech & Slovak Everton Supporters' Club\",\"url\":\"https:\/\/evertonfc.cz\/\",\"logo\":{\"@type\":\"ImageObject\",\"inLanguage\":\"cs\",\"@id\":\"https:\/\/evertonfc.cz\/#\/schema\/logo\/image\/\",\"url\":\"https:\/\/evertonfc.cz\/wp-content\/uploads\/2019\/05\/logo.png\",\"contentUrl\":\"https:\/\/evertonfc.cz\/wp-content\/uploads\/2019\/05\/logo.png\",\"width\":112,\"height\":112,\"caption\":\"Official Czech & Slovak Everton Supporters' Club\"},\"image\":{\"@id\":\"https:\/\/evertonfc.cz\/#\/schema\/logo\/image\/\"},\"sameAs\":[\"https:\/\/www.facebook.com\/everton.fans.cz.sk\"]},{\"@type\":\"Person\",\"@id\":\"https:\/\/evertonfc.cz\/#\/schema\/person\/d4493b8cbea51532597fbc4685698916\",\"name\":\"BlueBlooded\",\"url\":\"https:\/\/evertonfc.cz\/index.php\/author\/admin\/\"}]}<\/script>\n<!-- \/ Yoast SEO plugin. -->","yoast_head_json":{"title":"Everton \u2013 Aston Villa 0:0 - Official Czech &amp; Slovak Everton Supporters&#039; Club","robots":{"index":"index","follow":"follow","max-snippet":"max-snippet:-1","max-image-preview":"max-image-preview:large","max-video-preview":"max-video-preview:-1"},"canonical":"https:\/\/evertonfc.cz\/index.php\/2024\/01\/15\/everton-aston-villa-00\/","og_locale":"cs_CZ","og_type":"article","og_title":"Everton \u2013 Aston Villa 0:0 - Official Czech &amp; Slovak Everton Supporters&#039; Club","og_description":"Druh\u00fd z\u00e1pas po sebe s \u010dist\u00fdm kontom zna\u010d\u00ed d\u00f4raz na n\u00e1vrat k pevn\u00fdm kore\u0148om, ale tret\u00ed z\u00e1pas bez vstrelen\u00e9ho g\u00f3lu ukazuje na slep\u00fa d\u00f4veru k ne\u0161kodn\u00fdm prostriedkom.","og_url":"https:\/\/evertonfc.cz\/index.php\/2024\/01\/15\/everton-aston-villa-00\/","og_site_name":"Official Czech &amp; Slovak Everton Supporters&#039; Club","article_publisher":"https:\/\/www.facebook.com\/everton.fans.cz.sk","article_published_time":"2024-01-15T18:21:23+00:00","og_image":[{"width":720,"height":405,"url":"https:\/\/evertonfc.cz\/wp-content\/uploads\/2024\/01\/Everton-0-0-Aston-Villa-by-PA-Wire-14-1-2024.jpg","type":"image\/jpeg"}],"author":"BlueBlooded","twitter_card":"summary_large_image","twitter_misc":{"Napsal(a)":"BlueBlooded","Odhadovan\u00e1 doba \u010dten\u00ed":"3 minuty"},"schema":{"@context":"https:\/\/schema.org","@graph":[{"@type":"Article","@id":"https:\/\/evertonfc.cz\/index.php\/2024\/01\/15\/everton-aston-villa-00\/#article","isPartOf":{"@id":"https:\/\/evertonfc.cz\/index.php\/2024\/01\/15\/everton-aston-villa-00\/"},"author":{"name":"BlueBlooded","@id":"https:\/\/evertonfc.cz\/#\/schema\/person\/d4493b8cbea51532597fbc4685698916"},"headline":"Everton \u2013 Aston Villa 0:0","datePublished":"2024-01-15T18:21:23+00:00","dateModified":"2024-01-15T18:21:23+00:00","mainEntityOfPage":{"@id":"https:\/\/evertonfc.cz\/index.php\/2024\/01\/15\/everton-aston-villa-00\/"},"wordCount":757,"commentCount":1,"publisher":{"@id":"https:\/\/evertonfc.cz\/#organization"},"image":{"@id":"https:\/\/evertonfc.cz\/index.php\/2024\/01\/15\/everton-aston-villa-00\/#primaryimage"},"thumbnailUrl":"https:\/\/evertonfc.cz\/wp-content\/uploads\/2024\/01\/Everton-0-0-Aston-Villa-by-PA-Wire-14-1-2024.jpg","articleSection":["Z\u00e1pasy"],"inLanguage":"cs","potentialAction":[{"@type":"CommentAction","name":"Comment","target":["https:\/\/evertonfc.cz\/index.php\/2024\/01\/15\/everton-aston-villa-00\/#respond"]}]},{"@type":"WebPage","@id":"https:\/\/evertonfc.cz\/index.php\/2024\/01\/15\/everton-aston-villa-00\/","url":"https:\/\/evertonfc.cz\/index.php\/2024\/01\/15\/everton-aston-villa-00\/","name":"Everton \u2013 Aston Villa 0:0 - Official Czech &amp; Slovak Everton Supporters&#039; Club","isPartOf":{"@id":"https:\/\/evertonfc.cz\/#website"},"primaryImageOfPage":{"@id":"https:\/\/evertonfc.cz\/index.php\/2024\/01\/15\/everton-aston-villa-00\/#primaryimage"},"image":{"@id":"https:\/\/evertonfc.cz\/index.php\/2024\/01\/15\/everton-aston-villa-00\/#primaryimage"},"thumbnailUrl":"https:\/\/evertonfc.cz\/wp-content\/uploads\/2024\/01\/Everton-0-0-Aston-Villa-by-PA-Wire-14-1-2024.jpg","datePublished":"2024-01-15T18:21:23+00:00","dateModified":"2024-01-15T18:21:23+00:00","breadcrumb":{"@id":"https:\/\/evertonfc.cz\/index.php\/2024\/01\/15\/everton-aston-villa-00\/#breadcrumb"},"inLanguage":"cs","potentialAction":[{"@type":"ReadAction","target":["https:\/\/evertonfc.cz\/index.php\/2024\/01\/15\/everton-aston-villa-00\/"]}]},{"@type":"ImageObject","inLanguage":"cs","@id":"https:\/\/evertonfc.cz\/index.php\/2024\/01\/15\/everton-aston-villa-00\/#primaryimage","url":"https:\/\/evertonfc.cz\/wp-content\/uploads\/2024\/01\/Everton-0-0-Aston-Villa-by-PA-Wire-14-1-2024.jpg","contentUrl":"https:\/\/evertonfc.cz\/wp-content\/uploads\/2024\/01\/Everton-0-0-Aston-Villa-by-PA-Wire-14-1-2024.jpg","width":720,"height":405},{"@type":"BreadcrumbList","@id":"https:\/\/evertonfc.cz\/index.php\/2024\/01\/15\/everton-aston-villa-00\/#breadcrumb","itemListElement":[{"@type":"ListItem","position":1,"name":"Home","item":"https:\/\/evertonfc.cz\/"},{"@type":"ListItem","position":2,"name":"Everton \u2013 Aston Villa 0:0"}]},{"@type":"WebSite","@id":"https:\/\/evertonfc.cz\/#website","url":"https:\/\/evertonfc.cz\/","name":"Official Czech &amp; Slovak Everton Supporters&#039; Club","description":"","publisher":{"@id":"https:\/\/evertonfc.cz\/#organization"},"potentialAction":[{"@type":"SearchAction","target":{"@type":"EntryPoint","urlTemplate":"https:\/\/evertonfc.cz\/?s={search_term_string}"},"query-input":{"@type":"PropertyValueSpecification","valueRequired":true,"valueName":"search_term_string"}}],"inLanguage":"cs"},{"@type":"Organization","@id":"https:\/\/evertonfc.cz\/#organization","name":"Official Czech & Slovak Everton Supporters' Club","url":"https:\/\/evertonfc.cz\/","logo":{"@type":"ImageObject","inLanguage":"cs","@id":"https:\/\/evertonfc.cz\/#\/schema\/logo\/image\/","url":"https:\/\/evertonfc.cz\/wp-content\/uploads\/2019\/05\/logo.png","contentUrl":"https:\/\/evertonfc.cz\/wp-content\/uploads\/2019\/05\/logo.png","width":112,"height":112,"caption":"Official Czech & Slovak Everton Supporters' Club"},"image":{"@id":"https:\/\/evertonfc.cz\/#\/schema\/logo\/image\/"},"sameAs":["https:\/\/www.facebook.com\/everton.fans.cz.sk"]},{"@type":"Person","@id":"https:\/\/evertonfc.cz\/#\/schema\/person\/d4493b8cbea51532597fbc4685698916","name":"BlueBlooded","url":"https:\/\/evertonfc.cz\/index.php\/author\/admin\/"}]}},"_links":{"self":[{"href":"https:\/\/evertonfc.cz\/index.php\/wp-json\/wp\/v2\/posts\/23696"}],"collection":[{"href":"https:\/\/evertonfc.cz\/index.php\/wp-json\/wp\/v2\/posts"}],"about":[{"href":"https:\/\/evertonfc.cz\/index.php\/wp-json\/wp\/v2\/types\/post"}],"author":[{"embeddable":true,"href":"https:\/\/evertonfc.cz\/index.php\/wp-json\/wp\/v2\/users\/1"}],"replies":[{"embeddable":true,"href":"https:\/\/evertonfc.cz\/index.php\/wp-json\/wp\/v2\/comments?post=23696"}],"version-history":[{"count":4,"href":"https:\/\/evertonfc.cz\/index.php\/wp-json\/wp\/v2\/posts\/23696\/revisions"}],"predecessor-version":[{"id":23701,"href":"https:\/\/evertonfc.cz\/index.php\/wp-json\/wp\/v2\/posts\/23696\/revisions\/23701"}],"wp:featuredmedia":[{"embeddable":true,"href":"https:\/\/evertonfc.cz\/index.php\/wp-json\/wp\/v2\/media\/23697"}],"wp:attachment":[{"href":"https:\/\/evertonfc.cz\/index.php\/wp-json\/wp\/v2\/media?parent=23696"}],"wp:term":[{"taxonomy":"category","embeddable":true,"href":"https:\/\/evertonfc.cz\/index.php\/wp-json\/wp\/v2\/categories?post=23696"},{"taxonomy":"post_tag","embeddable":true,"href":"https:\/\/evertonfc.cz\/index.php\/wp-json\/wp\/v2\/tags?post=23696"}],"curies":[{"name":"wp","href":"https:\/\/api.w.org\/{rel}","templated":true}]}}