{"id":23702,"date":"2024-01-16T12:43:30","date_gmt":"2024-01-16T11:43:30","guid":{"rendered":"https:\/\/evertonfc.cz\/?p=23702"},"modified":"2024-01-16T12:43:30","modified_gmt":"2024-01-16T11:43:30","slug":"efc-porusilo-pravidla-opat","status":"publish","type":"post","link":"https:\/\/evertonfc.cz\/index.php\/2024\/01\/16\/efc-porusilo-pravidla-opat\/","title":{"rendered":"EFC poru\u0161ilo pravidl\u00e1, op\u00e4\u0165"},"content":{"rendered":"<h4>Ale tentoraz v tom aspo\u0148 nie je samo. Spolo\u010dnos\u0165 mu pri obhajobe bude robi\u0165 aj Nottingham Forest. Oba kluby sa k poru\u0161eniu doznali, Everton v\u0161ak nemal na v\u00fdber.<\/h4>\n<p>Que Sera, Sera. Zvykajme si na tak\u00e9to absurdnosti priatelia, liga si sama na seba uplietla bi\u010d, a teraz s n\u00edm mus\u00ed po niekom \u0161viha\u0165. To nevad\u00ed, \u017ee je to st\u00e1le ten ist\u00fd, hlavne, \u017ee sa \u0161vih\u00e1. U\u017e ke\u010f vedenie Premier League so strachu pred \u201ehrozbou\u201c nez\u00e1visl\u00e9ho regul\u00e1tora zo strany \u0161t\u00e1tu musela za\u010da\u0165 exempl\u00e1rne tresta\u0165 na\u0161e exces\u00edvne v\u00fddavky, do ve\u013ekej miery spojen\u00e9 s v\u00fdstavbou \u0161tadi\u00f3nu (\u010do samo o sebe lige len pom\u00f4\u017ee), dostala sa do \u0161pir\u00e1ly, z ktorej \u010dasom nebude \u00faniku, a bude to \u0161kared\u00e9.<\/p>\n<p>Ako keby to nesta\u010dilo, po \u010fal\u0161om a na to nadv\u00e4zuj\u00facom tlaku zo strany zost\u00fapen\u00fdch a zostupom ohrozen\u00fdch klubov (rozumej s\u00fadenie sa o peniaze aj od ligy) sa po novom zaviedlo pravidlo, \u017ee zistenia poru\u0161enia pravidiel sa musia stihn\u00fa\u0165 vy\u0161etri\u0165 a potresta\u0165 v danej sez\u00f3ne. Preto Everton a v\u0161etky ostatn\u00e9 kluby museli t\u00fato sez\u00f3nu poda\u0165 svoje \u00fa\u010dty u\u017e v decembri, a nie v marci. A v\u010dera bol d\u00e1tum na podanie zisten\u00fdch poru\u0161en\u00ed. Do 5. apr\u00edla musia by\u0165 ukon\u010den\u00e9 v\u0161etky vypo\u010d\u00favania. Potom je 7 dn\u00ed na vynesie rozsudku, a o \u010fal\u0161\u00edch 7 dn\u00ed kon\u010d\u00ed ligov\u00e1 sez\u00f3na, dokedy maj\u00fa kluby \u010das sa odvola\u0165. Na vyrie\u0161enie odvolania ost\u00e1va len 5 dn\u00ed do 24. m\u00e1ja. A to je de\u0148 pred fin\u00e1le FA Cupu.<\/p>\n<h4 style=\"text-align: center;\">Stanovisko Evertonu<\/h4>\n<blockquote><p><em><span style=\"font-size: 12pt;\">\u201eUzn\u00e1vame rozhodnutie Premier League post\u00fapi\u0165 poru\u0161enie pravidiel pre zisk a udr\u017eate\u013enos\u0165 (PSR) za hodnotiace obdobie kon\u010diace sez\u00f3nou 2022\/23 nez\u00e1vislej komisii. T\u00fdka sa to obdobia, ktor\u00e9 zah\u0155\u0148a sez\u00f3ny 2019\/20, 2020\/21, 2021\/22 a 2022\/23. Zah\u0155\u0148a teda finan\u010dn\u00e9 obdobia (2019\/20, 2020\/21 a 2021\/22), za ktor\u00e9 u\u017e klub dostal 10-bodov\u00fa sankciu. Klub sa proti tomuto trestu odvol\u00e1va.<\/span><\/em><\/p>\n<p><em><span style=\"font-size: 12pt;\">Premier League nem\u00e1 smernice, ktor\u00e9 by zabra\u0148ovali tomu, aby bol klub sankcionovan\u00fd za \u00fadajn\u00e9 poru\u0161enia vo finan\u010dn\u00fdch obdobiach, ktor\u00e9 u\u017e boli potrestan\u00e9, na rozdiel od in\u00fdch riadiacich org\u00e1nov vr\u00e1tane EFL. V d\u00f4sledku toho \u2013 a kv\u00f4li nov\u00e9mu z\u00e1v\u00e4zku Premier League zaobera\u0165 sa tak\u00fdmito z\u00e1le\u017eitos\u0165ami \u201ev sez\u00f3ne\u201c \u2013 je klub v poz\u00edcii, kedy nemal in\u00fa mo\u017enos\u0165, ako predlo\u017ei\u0165 v\u00fdpo\u010det PSR, ktor\u00fd sa m\u00f4\u017ee a\u017e do v\u00fdsledku odvolania zmeni\u0165. Klub mus\u00ed teraz obhajova\u0165 \u010fal\u0161iu s\u0165a\u017enos\u0165 na Premier League, ktor\u00e1 zah\u0155\u0148a rovnak\u00e9 finan\u010dn\u00e9 obdobia, za ktor\u00e9 u\u017e bol sankcionovan\u00fd.<\/span><\/em><\/p>\n<p><em><span style=\"font-size: 12pt;\">A to e\u0161te predt\u00fdm, ako bolo toto odvolanie vypo\u010dut\u00e9. Klub zast\u00e1va n\u00e1zor, \u017ee to vypl\u00fdva z jasn\u00e9ho nedostatku v pravidl\u00e1ch Premier League. Everton m\u00f4\u017ee svojich fan\u00fa\u0161ikov ubezpe\u010di\u0165, \u017ee bude aj na\u010falej obhajova\u0165 svoju poz\u00edciu po\u010das prebiehaj\u00faceho odvolania a v pr\u00edpade, \u017ee sa to od neho bude vy\u017eadova\u0165, pri akejko\u013evek bud\u00facej komisii. Vplyv na fan\u00fa\u0161ikov bude vn\u00edman\u00fd ako s\u00fa\u010das\u0165 tohto procesu.\u201c<\/span><\/em><\/p><\/blockquote>\n<h4>Ako vyzeraj\u00fa \u00fa\u010dty 2022\/23<\/h4>\n<p>Aktu\u00e1lny s\u00fabor \u00fa\u010dtov e\u0161te nebol zverejnen\u00fd a o\u010dak\u00e1va sa, \u017ee to bude nesk\u00f4r v tomto roku. Medzi k\u013e\u00fa\u010dov\u00e9 udalosti, ktor\u00e9 ich ovplyvnili, patrilo rozhodnutie odvola\u0165 mana\u017e\u00e9ra Lamparda v janu\u00e1ri 2023 a nahradi\u0165 ho Seanom Dychom. So zmluvami ukon\u010den\u00fdmi o 18 mesiacov sk\u00f4r, Lampard a jeho zamestnanci mali n\u00e1rok na zaplatenie zna\u010dn\u00fdch s\u00fam. A aspo\u0148 niektor\u00e9 z t\u00fdchto vyrovnan\u00ed sa prejavia na podan\u00fdch \u00fa\u010dtoch.<\/p>\n<p>Uk\u00e1\u017ee sa aj vplyv str\u00e1t po preru\u0161en\u00ed partnerstiev s rusk\u00fdmi spolo\u010dnos\u0165ami spojen\u00fdmi so sankcionovan\u00fdm oligarchom Alisherom Usmanovom po ruskej inv\u00e1zii na Ukrajinu v marci 2022. Tie zah\u0155\u0148ali potenci\u00e1lnu dohodu o pr\u00e1vach na pomenovanie \u0161tadi\u00f3nov s USM, ktor\u00e1 mala \u00fadajne hodnotu okolo 200 mili\u00f3nov libier. Pozastavenie sponzoringu Finch Farm, ktor\u00fd e\u0161te st\u00e1le nebol nahraden\u00fd, tie\u017e zabolelo.<\/p>\n<p>V minulom \u00fa\u010dtovacom obdob\u00ed sme na\u010falej v\u00fdrazne zni\u017eovali svoju n\u00e1kladov\u00fa z\u00e1klad\u0148u \u2013 prinajmen\u0161om po futbalovej str\u00e1nke \u2013 pri\u010dom iba Brighton &amp; Hove Albion mal pod\u013ea Transfermarktu ni\u017e\u0161ie \u010dist\u00e9 v\u00fddavky na prestupy (nak\u00fapen\u00e9 m\u00ednus predan\u00e9) za posledn\u00fdch p\u00e4\u0165 sez\u00f3n. Gordon bol vlani v janu\u00e1ri predan\u00fd do Newcastlu za po\u010diato\u010dn\u00fdch \u00a340 mili\u00f3nov plus \u010fal\u0161\u00edch 5 mili\u00f3nov v potenci\u00e1lnych bonusoch. Pri\u010dom v\u00fd\u0165a\u017eok i\u0161iel na zlep\u0161enie poz\u00edcie klubu v PSR a pomohol zmierni\u0165 ka\u017edodenn\u00e9 starosti s cashflow.<\/p>\n<p>\u017diadne z t\u00fdchto pe\u0148az\u00ed neboli reinvestovan\u00e9 do mu\u017estva. Predaj Gordona, absolventa akad\u00e9mie, predstavoval \u010dist\u00fd zisk v PSR, rovnako ako odchody Simmsa a Samuels-Smitha. Hoci posledn\u00e9 dve transakcie boli uzavret\u00e9 v j\u00fali, technicky mimo predmetn\u00e9ho obdobia, klub nazna\u010dil, \u017ee papierovanie sa za\u010dalo dostato\u010dne skoro na to, aby boli zahrnut\u00e9 do \u00fa\u010dtov 2022\/23. To ist\u00e9 plat\u00ed pre predaj Keana Juventusu za \u00a325 mili\u00f3nov. The Athletic odhaduje, \u017ee Everton za rok 2022\/23 z\u00edska z predaja viac ako 80 mili\u00f3nov libier, ke\u010f klauzuly vst\u00fapia do platnosti.<\/p>\n<h4>O\u010dak\u00e1van\u00e9 probl\u00e9my<\/h4>\n<p>Ke\u010f\u017ee PSR s\u00fa 3 ro\u010dn\u00e9 cykly, ktor\u00e9 sa ka\u017ed\u00fd rok pos\u00favaj\u00fa o nov\u00fd rok a prel\u00ednaj\u00fa s dvomi star\u00fdmi, nov\u00fd rok 2022\/23 znamen\u00e1, \u017ee strata \u00a3112 mili\u00f3nov z roku 2019\/20 (prv\u00e1 sez\u00f3na Covid) \u00faplne vypadla z v\u00fdpo\u010dtov. Pokia\u013e teda \u00fa\u010dty za roky 2022\/23 vyk\u00e1\u017eu zlep\u0161enie v t\u00fdchto \u010d\u00edslach, hrub\u00e9 straty Evertonu (pred nevyhnutn\u00fdmi odpo\u010dtami) bud\u00fa pravdepodobne ni\u017e\u0161ie po\u010das pr\u00edslu\u0161n\u00fdch troch rokov.<\/p>\n<p>ALE! Everton, nako\u013eko e\u0161te neprebehlo ani odvolanie proti minul\u00e9mu poru\u0161eniu PSR, st\u00e1le nevie vlastne, \u010do v\u0161etko a ako si mohol vlastne z rokov 20\/21 a 21\/22 znovu odpo\u010d\u00edta\u0165, a tak musel pou\u017ei\u0165 kalkul\u00e1cie, ktor\u00e9 s\u00fa zatia\u013e v platnosti (a dostal za ne odpo\u010det 10 bodov), pok\u00fdm neprebehne odvolanie. T\u00fdka sa to najm\u00e4 sumy \u00a317.4 mili\u00f3na za \u00farokov\u00e9 platby pre projekt nov\u00e9ho \u0161tadi\u00f3na v Bramley-Moore.<\/p>\n<p>Narozdiel od Fores\u0165\u00e1kov preto klub argumentuje, \u017ee s tak\u00fdmito invest\u00edciami do infra\u0161trukt\u00fary nez\u00edskava \u017eiadnu \u0161portov\u00fa v\u00fdhodu na ihrisku. A \u010do je najlep\u0161ie, EFC m\u00f4\u017ee by\u0165 jedin\u00fd klub v hist\u00f3rii ligy s\u00fa\u0165a\u017ene potrestan\u00fd v jednej sez\u00f3ne dvakr\u00e1t. Pre\u010do? No lebo, samozrejme, po konci tejto sez\u00f3ny sa maj\u00fa pravidl\u00e1 op\u00e4\u0165 meni\u0165. Premier League pravdepodobne prijme syst\u00e9m obratu miezd podobn\u00fd tomu, ktor\u00fd prijala UEFA.<\/p>\n<h4>PSR v detailoch<\/h4>\n<p>V\u0161etci viete o hranici povolenej straty 105 mili\u00f3nov v priebehu 3 rokov (v priemere 35 mili\u00f3nov ro\u010dne). \u010co ste v\u0161ak mo\u017eno nevedeli je, \u017ee t\u00fdch 105 sa del\u00ed na \u201evlastn\u00e9 peniaze\u201c a \u201ezabezpe\u010den\u00e9 financovanie\u201c. Kluby m\u00f4\u017eu po\u010das t\u00fdch 3 rokov strati\u0165 iba 15 mili\u00f3nov libier z vlastn\u00fdch pe\u0148az\u00ed navy\u0161e na v\u00fddavkoch, ako s\u00fa prestupov\u00e9 poplatky, mzdy hr\u00e1\u010dov a v mnoh\u00fdch pr\u00edpadoch aj vyplatenie b\u00fdval\u00fdch mana\u017e\u00e9rov. To v\u0161etko v porovnan\u00ed s ich pr\u00edjmami z platieb za TV pr\u00e1va, permanentky, predaja hr\u00e1\u010dov at\u010f.<\/p>\n<p>Ostatn\u00fdch 90 mili\u00f3nov zo 105 mili\u00f3nov mus\u00ed by\u0165 ru\u010den\u00fdch ich vlastn\u00edkmi odk\u00fapen\u00edm akci\u00ed. Tzv. \u201ezabezpe\u010den\u00e9 financovanie\u201c, \u010do v podstate znamen\u00e1 vydr\u017eiavanie klubu. A pre t\u00edmy, ktor\u00e9 str\u00e1vili niektor\u00fa z posledn\u00fdch troch sez\u00f3n v EFL, m\u00f4\u017eu vlastn\u00edci vlo\u017ei\u0165 iba \u00a38 mili\u00f3nov zabezpe\u010den\u00e9ho financovania na tieto roky, \u010do ponech\u00e1va celkov\u00fa maxim\u00e1lnu ro\u010dn\u00fa stratu \u00a313 mili\u00f3nov na pr\u00edslu\u0161n\u00e9 sez\u00f3ny.<\/p>\n<h4>Everton najal pr\u00e1vnick\u00fa elitu<\/h4>\n<p>Pr\u00e1vny t\u00edm klubu teraz povedie renomovan\u00fd Laurence Rabinowitz. Je z vybranej skupiny advok\u00e1tov presl\u00e1ven\u00fdch svojimi v\u00fdnimo\u010dn\u00fdmi pr\u00e1vnick\u00fdmi znalos\u0165ami. Pod\u013ea Paula Joycea z The Times sa Rabinowitz \u0161pecializuje na obchodn\u00e9 spory. Povedie odvolanie a bude spolupracova\u0165 s Jamesom Seganom, ktor\u00fd zastupoval Everton na p\u00f4vodnom pojedn\u00e1van\u00ed. Pravdepodobne napadne rozsah ich poru\u0161enia v rokoch 2021\/22 (nie to, \u010di ich v\u00f4bec poru\u0161ili), ako aj z\u00e1va\u017enos\u0165 \u0161portovej sankcie. Jeho vymenovanie pova\u017euje EFC za prevratn\u00e9, ke\u010f\u017ee je ve\u013emi \u017eiadan\u00fd. Ver\u00ed sa, \u017ee po boku Lorda Pannicka, ktor\u00e9ho si Manchester City najal v boji proti 115 obvineniam Premier League, a Jonathana Crowa, je jedn\u00fdm z najlep\u0161\u00edch v Spojenom kr\u00e1\u013eovstve.<\/p>\n<p style=\"text-align: right;\"><span style=\"font-size: 8pt;\">(fotozdroj: Getty Images)<\/span><\/p>\n","protected":false},"excerpt":{"rendered":"<p>Ale tentoraz v tom aspo\u0148 nie je samo. Spolo\u010dnos\u0165 mu pri obhajobe bude robi\u0165 aj Nottingham Forest. Oba kluby sa k poru\u0161eniu doznali, Everton v\u0161ak nemal na v\u00fdber.<\/p>\n","protected":false},"author":1,"featured_media":23704,"comment_status":"open","ping_status":"closed","sticky":false,"template":"","format":"standard","meta":{"_eb_attr":"","_monsterinsights_skip_tracking":false,"_monsterinsights_sitenote_active":false,"_monsterinsights_sitenote_note":"","_monsterinsights_sitenote_category":0,"footnotes":""},"categories":[42],"tags":[],"yoast_head":"<!-- This site is optimized with the Yoast SEO plugin v23.4 - https:\/\/yoast.com\/wordpress\/plugins\/seo\/ -->\n<title>EFC poru\u0161ilo pravidl\u00e1, op\u00e4\u0165 - Official Czech &amp; Slovak Everton Supporters&#039; Club<\/title>\n<meta name=\"robots\" content=\"index, follow, max-snippet:-1, max-image-preview:large, max-video-preview:-1\" \/>\n<link rel=\"canonical\" href=\"https:\/\/evertonfc.cz\/index.php\/2024\/01\/16\/efc-porusilo-pravidla-opat\/\" \/>\n<meta property=\"og:locale\" content=\"cs_CZ\" \/>\n<meta property=\"og:type\" content=\"article\" \/>\n<meta property=\"og:title\" content=\"EFC poru\u0161ilo pravidl\u00e1, op\u00e4\u0165 - Official Czech &amp; Slovak Everton Supporters&#039; Club\" \/>\n<meta property=\"og:description\" content=\"Ale tentoraz v tom aspo\u0148 nie je samo. Spolo\u010dnos\u0165 mu pri obhajobe bude robi\u0165 aj Nottingham Forest. Oba kluby sa k poru\u0161eniu doznali, Everton v\u0161ak nemal na v\u00fdber.\" \/>\n<meta property=\"og:url\" content=\"https:\/\/evertonfc.cz\/index.php\/2024\/01\/16\/efc-porusilo-pravidla-opat\/\" \/>\n<meta property=\"og:site_name\" content=\"Official Czech &amp; Slovak Everton Supporters&#039; Club\" \/>\n<meta property=\"article:publisher\" content=\"https:\/\/www.facebook.com\/everton.fans.cz.sk\" \/>\n<meta property=\"article:published_time\" content=\"2024-01-16T11:43:30+00:00\" \/>\n<meta property=\"og:image\" content=\"https:\/\/evertonfc.cz\/wp-content\/uploads\/2024\/01\/banner-Onwards-Evertonians-by-Getty-Images-16-1-2024.jpg\" \/>\n\t<meta property=\"og:image:width\" content=\"720\" \/>\n\t<meta property=\"og:image:height\" content=\"405\" \/>\n\t<meta property=\"og:image:type\" content=\"image\/jpeg\" \/>\n<meta name=\"author\" content=\"BlueBlooded\" \/>\n<meta name=\"twitter:card\" content=\"summary_large_image\" \/>\n<meta name=\"twitter:label1\" content=\"Napsal(a)\" \/>\n\t<meta name=\"twitter:data1\" content=\"BlueBlooded\" \/>\n\t<meta name=\"twitter:label2\" content=\"Odhadovan\u00e1 doba \u010dten\u00ed\" \/>\n\t<meta name=\"twitter:data2\" content=\"6 minut\" \/>\n<script type=\"application\/ld+json\" class=\"yoast-schema-graph\">{\"@context\":\"https:\/\/schema.org\",\"@graph\":[{\"@type\":\"Article\",\"@id\":\"https:\/\/evertonfc.cz\/index.php\/2024\/01\/16\/efc-porusilo-pravidla-opat\/#article\",\"isPartOf\":{\"@id\":\"https:\/\/evertonfc.cz\/index.php\/2024\/01\/16\/efc-porusilo-pravidla-opat\/\"},\"author\":{\"name\":\"BlueBlooded\",\"@id\":\"https:\/\/evertonfc.cz\/#\/schema\/person\/d4493b8cbea51532597fbc4685698916\"},\"headline\":\"EFC poru\u0161ilo pravidl\u00e1, op\u00e4\u0165\",\"datePublished\":\"2024-01-16T11:43:30+00:00\",\"dateModified\":\"2024-01-16T11:43:30+00:00\",\"mainEntityOfPage\":{\"@id\":\"https:\/\/evertonfc.cz\/index.php\/2024\/01\/16\/efc-porusilo-pravidla-opat\/\"},\"wordCount\":1428,\"commentCount\":0,\"publisher\":{\"@id\":\"https:\/\/evertonfc.cz\/#organization\"},\"image\":{\"@id\":\"https:\/\/evertonfc.cz\/index.php\/2024\/01\/16\/efc-porusilo-pravidla-opat\/#primaryimage\"},\"thumbnailUrl\":\"https:\/\/evertonfc.cz\/wp-content\/uploads\/2024\/01\/banner-Onwards-Evertonians-by-Getty-Images-16-1-2024.jpg\",\"articleSection\":[\"Aktuality\"],\"inLanguage\":\"cs\",\"potentialAction\":[{\"@type\":\"CommentAction\",\"name\":\"Comment\",\"target\":[\"https:\/\/evertonfc.cz\/index.php\/2024\/01\/16\/efc-porusilo-pravidla-opat\/#respond\"]}]},{\"@type\":\"WebPage\",\"@id\":\"https:\/\/evertonfc.cz\/index.php\/2024\/01\/16\/efc-porusilo-pravidla-opat\/\",\"url\":\"https:\/\/evertonfc.cz\/index.php\/2024\/01\/16\/efc-porusilo-pravidla-opat\/\",\"name\":\"EFC poru\u0161ilo pravidl\u00e1, op\u00e4\u0165 - Official Czech &amp; Slovak Everton Supporters&#039; Club\",\"isPartOf\":{\"@id\":\"https:\/\/evertonfc.cz\/#website\"},\"primaryImageOfPage\":{\"@id\":\"https:\/\/evertonfc.cz\/index.php\/2024\/01\/16\/efc-porusilo-pravidla-opat\/#primaryimage\"},\"image\":{\"@id\":\"https:\/\/evertonfc.cz\/index.php\/2024\/01\/16\/efc-porusilo-pravidla-opat\/#primaryimage\"},\"thumbnailUrl\":\"https:\/\/evertonfc.cz\/wp-content\/uploads\/2024\/01\/banner-Onwards-Evertonians-by-Getty-Images-16-1-2024.jpg\",\"datePublished\":\"2024-01-16T11:43:30+00:00\",\"dateModified\":\"2024-01-16T11:43:30+00:00\",\"breadcrumb\":{\"@id\":\"https:\/\/evertonfc.cz\/index.php\/2024\/01\/16\/efc-porusilo-pravidla-opat\/#breadcrumb\"},\"inLanguage\":\"cs\",\"potentialAction\":[{\"@type\":\"ReadAction\",\"target\":[\"https:\/\/evertonfc.cz\/index.php\/2024\/01\/16\/efc-porusilo-pravidla-opat\/\"]}]},{\"@type\":\"ImageObject\",\"inLanguage\":\"cs\",\"@id\":\"https:\/\/evertonfc.cz\/index.php\/2024\/01\/16\/efc-porusilo-pravidla-opat\/#primaryimage\",\"url\":\"https:\/\/evertonfc.cz\/wp-content\/uploads\/2024\/01\/banner-Onwards-Evertonians-by-Getty-Images-16-1-2024.jpg\",\"contentUrl\":\"https:\/\/evertonfc.cz\/wp-content\/uploads\/2024\/01\/banner-Onwards-Evertonians-by-Getty-Images-16-1-2024.jpg\",\"width\":720,\"height\":405},{\"@type\":\"BreadcrumbList\",\"@id\":\"https:\/\/evertonfc.cz\/index.php\/2024\/01\/16\/efc-porusilo-pravidla-opat\/#breadcrumb\",\"itemListElement\":[{\"@type\":\"ListItem\",\"position\":1,\"name\":\"Home\",\"item\":\"https:\/\/evertonfc.cz\/\"},{\"@type\":\"ListItem\",\"position\":2,\"name\":\"EFC poru\u0161ilo pravidl\u00e1, op\u00e4\u0165\"}]},{\"@type\":\"WebSite\",\"@id\":\"https:\/\/evertonfc.cz\/#website\",\"url\":\"https:\/\/evertonfc.cz\/\",\"name\":\"Official Czech &amp; Slovak Everton Supporters&#039; Club\",\"description\":\"\",\"publisher\":{\"@id\":\"https:\/\/evertonfc.cz\/#organization\"},\"potentialAction\":[{\"@type\":\"SearchAction\",\"target\":{\"@type\":\"EntryPoint\",\"urlTemplate\":\"https:\/\/evertonfc.cz\/?s={search_term_string}\"},\"query-input\":{\"@type\":\"PropertyValueSpecification\",\"valueRequired\":true,\"valueName\":\"search_term_string\"}}],\"inLanguage\":\"cs\"},{\"@type\":\"Organization\",\"@id\":\"https:\/\/evertonfc.cz\/#organization\",\"name\":\"Official Czech & Slovak Everton Supporters' Club\",\"url\":\"https:\/\/evertonfc.cz\/\",\"logo\":{\"@type\":\"ImageObject\",\"inLanguage\":\"cs\",\"@id\":\"https:\/\/evertonfc.cz\/#\/schema\/logo\/image\/\",\"url\":\"https:\/\/evertonfc.cz\/wp-content\/uploads\/2019\/05\/logo.png\",\"contentUrl\":\"https:\/\/evertonfc.cz\/wp-content\/uploads\/2019\/05\/logo.png\",\"width\":112,\"height\":112,\"caption\":\"Official Czech & Slovak Everton Supporters' Club\"},\"image\":{\"@id\":\"https:\/\/evertonfc.cz\/#\/schema\/logo\/image\/\"},\"sameAs\":[\"https:\/\/www.facebook.com\/everton.fans.cz.sk\"]},{\"@type\":\"Person\",\"@id\":\"https:\/\/evertonfc.cz\/#\/schema\/person\/d4493b8cbea51532597fbc4685698916\",\"name\":\"BlueBlooded\",\"url\":\"https:\/\/evertonfc.cz\/index.php\/author\/admin\/\"}]}<\/script>\n<!-- \/ Yoast SEO plugin. -->","yoast_head_json":{"title":"EFC poru\u0161ilo pravidl\u00e1, op\u00e4\u0165 - Official Czech &amp; Slovak Everton Supporters&#039; Club","robots":{"index":"index","follow":"follow","max-snippet":"max-snippet:-1","max-image-preview":"max-image-preview:large","max-video-preview":"max-video-preview:-1"},"canonical":"https:\/\/evertonfc.cz\/index.php\/2024\/01\/16\/efc-porusilo-pravidla-opat\/","og_locale":"cs_CZ","og_type":"article","og_title":"EFC poru\u0161ilo pravidl\u00e1, op\u00e4\u0165 - Official Czech &amp; Slovak Everton Supporters&#039; Club","og_description":"Ale tentoraz v tom aspo\u0148 nie je samo. Spolo\u010dnos\u0165 mu pri obhajobe bude robi\u0165 aj Nottingham Forest. Oba kluby sa k poru\u0161eniu doznali, Everton v\u0161ak nemal na v\u00fdber.","og_url":"https:\/\/evertonfc.cz\/index.php\/2024\/01\/16\/efc-porusilo-pravidla-opat\/","og_site_name":"Official Czech &amp; Slovak Everton Supporters&#039; Club","article_publisher":"https:\/\/www.facebook.com\/everton.fans.cz.sk","article_published_time":"2024-01-16T11:43:30+00:00","og_image":[{"width":720,"height":405,"url":"https:\/\/evertonfc.cz\/wp-content\/uploads\/2024\/01\/banner-Onwards-Evertonians-by-Getty-Images-16-1-2024.jpg","type":"image\/jpeg"}],"author":"BlueBlooded","twitter_card":"summary_large_image","twitter_misc":{"Napsal(a)":"BlueBlooded","Odhadovan\u00e1 doba \u010dten\u00ed":"6 minut"},"schema":{"@context":"https:\/\/schema.org","@graph":[{"@type":"Article","@id":"https:\/\/evertonfc.cz\/index.php\/2024\/01\/16\/efc-porusilo-pravidla-opat\/#article","isPartOf":{"@id":"https:\/\/evertonfc.cz\/index.php\/2024\/01\/16\/efc-porusilo-pravidla-opat\/"},"author":{"name":"BlueBlooded","@id":"https:\/\/evertonfc.cz\/#\/schema\/person\/d4493b8cbea51532597fbc4685698916"},"headline":"EFC poru\u0161ilo pravidl\u00e1, op\u00e4\u0165","datePublished":"2024-01-16T11:43:30+00:00","dateModified":"2024-01-16T11:43:30+00:00","mainEntityOfPage":{"@id":"https:\/\/evertonfc.cz\/index.php\/2024\/01\/16\/efc-porusilo-pravidla-opat\/"},"wordCount":1428,"commentCount":0,"publisher":{"@id":"https:\/\/evertonfc.cz\/#organization"},"image":{"@id":"https:\/\/evertonfc.cz\/index.php\/2024\/01\/16\/efc-porusilo-pravidla-opat\/#primaryimage"},"thumbnailUrl":"https:\/\/evertonfc.cz\/wp-content\/uploads\/2024\/01\/banner-Onwards-Evertonians-by-Getty-Images-16-1-2024.jpg","articleSection":["Aktuality"],"inLanguage":"cs","potentialAction":[{"@type":"CommentAction","name":"Comment","target":["https:\/\/evertonfc.cz\/index.php\/2024\/01\/16\/efc-porusilo-pravidla-opat\/#respond"]}]},{"@type":"WebPage","@id":"https:\/\/evertonfc.cz\/index.php\/2024\/01\/16\/efc-porusilo-pravidla-opat\/","url":"https:\/\/evertonfc.cz\/index.php\/2024\/01\/16\/efc-porusilo-pravidla-opat\/","name":"EFC poru\u0161ilo pravidl\u00e1, op\u00e4\u0165 - Official Czech &amp; Slovak Everton Supporters&#039; Club","isPartOf":{"@id":"https:\/\/evertonfc.cz\/#website"},"primaryImageOfPage":{"@id":"https:\/\/evertonfc.cz\/index.php\/2024\/01\/16\/efc-porusilo-pravidla-opat\/#primaryimage"},"image":{"@id":"https:\/\/evertonfc.cz\/index.php\/2024\/01\/16\/efc-porusilo-pravidla-opat\/#primaryimage"},"thumbnailUrl":"https:\/\/evertonfc.cz\/wp-content\/uploads\/2024\/01\/banner-Onwards-Evertonians-by-Getty-Images-16-1-2024.jpg","datePublished":"2024-01-16T11:43:30+00:00","dateModified":"2024-01-16T11:43:30+00:00","breadcrumb":{"@id":"https:\/\/evertonfc.cz\/index.php\/2024\/01\/16\/efc-porusilo-pravidla-opat\/#breadcrumb"},"inLanguage":"cs","potentialAction":[{"@type":"ReadAction","target":["https:\/\/evertonfc.cz\/index.php\/2024\/01\/16\/efc-porusilo-pravidla-opat\/"]}]},{"@type":"ImageObject","inLanguage":"cs","@id":"https:\/\/evertonfc.cz\/index.php\/2024\/01\/16\/efc-porusilo-pravidla-opat\/#primaryimage","url":"https:\/\/evertonfc.cz\/wp-content\/uploads\/2024\/01\/banner-Onwards-Evertonians-by-Getty-Images-16-1-2024.jpg","contentUrl":"https:\/\/evertonfc.cz\/wp-content\/uploads\/2024\/01\/banner-Onwards-Evertonians-by-Getty-Images-16-1-2024.jpg","width":720,"height":405},{"@type":"BreadcrumbList","@id":"https:\/\/evertonfc.cz\/index.php\/2024\/01\/16\/efc-porusilo-pravidla-opat\/#breadcrumb","itemListElement":[{"@type":"ListItem","position":1,"name":"Home","item":"https:\/\/evertonfc.cz\/"},{"@type":"ListItem","position":2,"name":"EFC poru\u0161ilo pravidl\u00e1, op\u00e4\u0165"}]},{"@type":"WebSite","@id":"https:\/\/evertonfc.cz\/#website","url":"https:\/\/evertonfc.cz\/","name":"Official Czech &amp; Slovak Everton Supporters&#039; Club","description":"","publisher":{"@id":"https:\/\/evertonfc.cz\/#organization"},"potentialAction":[{"@type":"SearchAction","target":{"@type":"EntryPoint","urlTemplate":"https:\/\/evertonfc.cz\/?s={search_term_string}"},"query-input":{"@type":"PropertyValueSpecification","valueRequired":true,"valueName":"search_term_string"}}],"inLanguage":"cs"},{"@type":"Organization","@id":"https:\/\/evertonfc.cz\/#organization","name":"Official Czech & Slovak Everton Supporters' Club","url":"https:\/\/evertonfc.cz\/","logo":{"@type":"ImageObject","inLanguage":"cs","@id":"https:\/\/evertonfc.cz\/#\/schema\/logo\/image\/","url":"https:\/\/evertonfc.cz\/wp-content\/uploads\/2019\/05\/logo.png","contentUrl":"https:\/\/evertonfc.cz\/wp-content\/uploads\/2019\/05\/logo.png","width":112,"height":112,"caption":"Official Czech & Slovak Everton Supporters' Club"},"image":{"@id":"https:\/\/evertonfc.cz\/#\/schema\/logo\/image\/"},"sameAs":["https:\/\/www.facebook.com\/everton.fans.cz.sk"]},{"@type":"Person","@id":"https:\/\/evertonfc.cz\/#\/schema\/person\/d4493b8cbea51532597fbc4685698916","name":"BlueBlooded","url":"https:\/\/evertonfc.cz\/index.php\/author\/admin\/"}]}},"_links":{"self":[{"href":"https:\/\/evertonfc.cz\/index.php\/wp-json\/wp\/v2\/posts\/23702"}],"collection":[{"href":"https:\/\/evertonfc.cz\/index.php\/wp-json\/wp\/v2\/posts"}],"about":[{"href":"https:\/\/evertonfc.cz\/index.php\/wp-json\/wp\/v2\/types\/post"}],"author":[{"embeddable":true,"href":"https:\/\/evertonfc.cz\/index.php\/wp-json\/wp\/v2\/users\/1"}],"replies":[{"embeddable":true,"href":"https:\/\/evertonfc.cz\/index.php\/wp-json\/wp\/v2\/comments?post=23702"}],"version-history":[{"count":3,"href":"https:\/\/evertonfc.cz\/index.php\/wp-json\/wp\/v2\/posts\/23702\/revisions"}],"predecessor-version":[{"id":23709,"href":"https:\/\/evertonfc.cz\/index.php\/wp-json\/wp\/v2\/posts\/23702\/revisions\/23709"}],"wp:featuredmedia":[{"embeddable":true,"href":"https:\/\/evertonfc.cz\/index.php\/wp-json\/wp\/v2\/media\/23704"}],"wp:attachment":[{"href":"https:\/\/evertonfc.cz\/index.php\/wp-json\/wp\/v2\/media?parent=23702"}],"wp:term":[{"taxonomy":"category","embeddable":true,"href":"https:\/\/evertonfc.cz\/index.php\/wp-json\/wp\/v2\/categories?post=23702"},{"taxonomy":"post_tag","embeddable":true,"href":"https:\/\/evertonfc.cz\/index.php\/wp-json\/wp\/v2\/tags?post=23702"}],"curies":[{"name":"wp","href":"https:\/\/api.w.org\/{rel}","templated":true}]}}