{"id":23708,"date":"2024-01-17T21:26:11","date_gmt":"2024-01-17T20:26:11","guid":{"rendered":"https:\/\/evertonfc.cz\/?p=23708"},"modified":"2024-01-19T17:34:22","modified_gmt":"2024-01-19T16:34:22","slug":"wfa-cup-aston-villa-w-everton-w-03","status":"publish","type":"post","link":"https:\/\/evertonfc.cz\/index.php\/2024\/01\/17\/wfa-cup-aston-villa-w-everton-w-03\/","title":{"rendered":"WFA Cup: Aston Villa W &#8211; Everton W 0:3"},"content":{"rendered":"<h4>4. kolo WFA Cup pro n\u00e1s skon\u010dilo dob\u0159e. Po p\u0159esv\u011bd\u010div\u00e9m v\u00fdkonu a za p\u0159isp\u011bn\u00ed premi\u00e9rov\u00e9ho g\u00f3lu Olesen jsme na h\u0159i\u0161ti soupe\u0159ek vyhr\u00e1li 0:3.<\/h4>\n<p>N\u00e1\u0161 posledn\u00ed a zat\u00edm jedin\u00fd WFA Cup jsme z\u00edskali v roce 2010, tak\u017ee je na \u010dase se pokusit op\u011bt se zapsat do historie. 4. kolo leto\u0161n\u00edho ro\u010dn\u00edku obl\u00edben\u00e9ho poh\u00e1ru n\u00e1s p\u0159ivedlo do Birminghamu, kde n\u00e1s o\u010dek\u00e1vala Villa.\u00a0 K z\u00e1pasu jsme dorazili u\u017e bez Bj\u00f6rn, kter\u00e1 pob\u00edh\u00e1 po lond\u00fdnsk\u00e9m tr\u00e1vn\u00edku s nov\u00fdmi spoluhr\u00e1\u010dkami z Chelsea, ale zato s uzdraven\u00fdm triem Hope-Stenevik-Veje (&#8222;it\u00b4s like a new signing&#8220;). A tak\u00e9 se dv\u011bma nov\u00fdmi posilami <span class=\"sp-c-lineup-pitch__player\" data-reactid=\".1u6re8yiyos.0.0.0.1.$include-0.0.0.1:$panel-0.$0.0.0.1.2.0.0.1:$away-formation-row-1.$away-player-2\"><span class=\"sp-c-lineup-pitch__player__name gs-u-display-block@xs \" data-reactid=\".1u6re8yiyos.0.0.0.1.$include-0.0.0.1:$panel-0.$0.0.0.1.2.0.0.1:$away-formation-row-1.$away-player-2.1\">K\u00fchl a Madsen, kter\u00e9 zas\u00e1hly do hry v druh\u00e9 p\u016fli. Soupe\u0159 je stran \u00fazk\u00e9ho k\u00e1dru na tom je\u0161t\u011b o n\u011bco h\u016f\u0159e ne\u017eli my. Pokud byste v\u011bd\u011bli o bekovi \u017eensk\u00e9ho pohlav\u00ed zdarma, jist\u011b v\u00e1m Villans budou pozorn\u011b naslouchat. K z\u00e1pasu nenastoupila Turner, jinak m\u011bly dom\u00e1c\u00ed k dispozici v\u0161echny b\u00fdval\u00e9 evertonsk\u00e9 hr\u00e1\u010dky ned\u00e1vn\u00e1ch let a postupn\u011b je p\u0159iv\u00e1d\u011bly do hry.<\/span><\/span><\/p>\n<h4>Prvn\u00ed polo\u010das<\/h4>\n<p>se odehr\u00e1val pozoruhodn\u011b plynule. D\u00edky tomu se na n\u011bj dob\u0159e d\u00edvalo, i kdy\u017e g\u00f3ly nep\u0159inesl. Rozhod\u010d\u00ed pom\u011brn\u011b rozumn\u011b ignorovala drobn\u00e9 nez\u00e1va\u017en\u00e9 fauly, ale jej\u00ed benevolence nebyla ani jednou stranou zneu\u017eita. I kdy\u017e branek jsme se v prvn\u00ed p\u016fli nedo\u010dkali, p\u0159esto k nim nebylo daleko. Asi nejv\u011bt\u0161\u00ed \u0161ance m\u011bla dom\u00e1c\u00ed ostrost\u0159elkyn\u011b Daly na za\u010d\u00e1tku a na konci polo\u010dasu, ale Brosnan byla na sv\u00e9m m\u00edst\u011b. Za n\u00e1s se st\u0159elami na branku prezentovaly postupn\u011b Wheeler, Bennison, Payne a Bissell. Jejich pokusy \u017eel postr\u00e1daly razanci i lep\u0161\u00ed um\u00edst\u011bn\u00ed. Finnigan je\u0161t\u011b p\u0159ed koncem polo\u010dasu reklamovala ve skrum\u00e1\u017ei po rohu ruku, ale jej\u00ed vol\u00e1n\u00ed bylo osly\u0161eno.<\/p>\n<h4>Druh\u00fd polo\u010das<\/h4>\n<p>u\u017e byl g\u00f3lov\u011b zaj\u00edmav\u011bj\u0161\u00ed. Nejprve Daly vypr\u00e1\u0161ila rukavice Brosnan. Kr\u00e1tce pot\u00e9 se v\u00fdbornou st\u0159elou z d\u00e1lky prezentovala Bennison. Bohu\u017eel jen rozvibrovala ty\u010dku branky dom\u00e1c\u00edch. Zakr\u00e1tko jsme se kone\u010dn\u011b do\u010dkali. Bennison se probila do v\u00e1pna a jej\u00ed p\u0159ihr\u00e1vka na\u0161la Olesen, kter\u00e1 lobem pod b\u0159evno otev\u0159ela sk\u00f3re &#8211; <strong>0:1<\/strong>. Chv\u00edli na to se pokusila odpov\u011bd\u011bt hlavi\u010dkou Leon, ale m\u00ed\u0159ila nep\u0159esn\u011b. N\u00e1sledn\u00fd tlak hr\u00e1\u010dek v bord\u00f3 dresech nep\u0159eru\u0161ilo ani n\u011bkolikan\u00e1sobn\u00e9 st\u0159\u00edd\u00e1n\u00ed. Daly a Hanson se pokusily o vyrovn\u00e1n\u00ed, ale skute\u010dn\u00e9 nebezpe\u010d\u00ed jejich st\u0159ely nep\u0159edstavovaly. Jinak tomu ov\u0161em bylo v 80. minut\u011b kdy se po spolupr\u00e1ci s <span class=\"sp-c-lineup-pitch__player\" data-reactid=\".1u6re8yiyos.0.0.0.1.$include-0.0.0.1:$panel-0.$0.0.0.1.2.0.0.1:$away-formation-row-1.$away-player-2\"><span class=\"sp-c-lineup-pitch__player__name gs-u-display-block@xs \" data-reactid=\".1u6re8yiyos.0.0.0.1.$include-0.0.0.1:$panel-0.$0.0.0.1.2.0.0.1:$away-formation-row-1.$away-player-2.1\">K\u00fchl dostala do \u0161ance Snoeijs a p\u0159ekonala dom\u00e1c\u00ed g\u00f3lmanku Leaf &#8211; <strong>0:2<\/strong>. A byla to op\u011bt na\u0161e Nizozemka, kdo p\u0159idala g\u00f3l t\u0159et\u00ed a z\u00e1v\u011bre\u010dn\u00fd. Tentokr\u00e1t to bylo z penalty na\u0159\u00edzen\u00e9 za z\u00e1krok na n\u00ed samotnou. A trestn\u00fd kop Snoeijs bez v\u00e1h\u00e1n\u00ed prom\u011bnila &#8211; <strong>0:3<\/strong>. Z\u00e1v\u011bre\u010dn\u00e9 minuty polo\u010dasu u\u017e se sk\u00f3re nezah\u00fdbaly a my tak postupujeme do dal\u0161\u00edho kola WFA Cup.<\/span><\/span><\/p>\n<h4>Z\u00e1v\u011br<\/h4>\n<p>Toto v\u00edt\u011bzstv\u00ed bylo na\u0161\u00edm sedm\u00fdm triumfem nad Villans v \u0159ad\u011b na jejich dom\u00e1c\u00ed p\u016fd\u011b. Hr\u00e1li jsme slu\u0161n\u011b, soupe\u0159ky n\u00e1s nepresovaly a dostatek \u010dasu na rozehr\u00e1vku a zpracov\u00e1n\u00ed n\u00e1m sv\u011bd\u010d\u00ed. A v\u011bt\u0161inu polo\u010dasu jsme se i vyvarovali obvykl\u00fdch kiks\u016f v obran\u011b. V\u00edt\u011bzstv\u00ed je zaslou\u017een\u00e9 a v\u00edtan\u00e9. I kdy\u017e s\u00e1m za sebe bych je r\u00e1d vid\u011bl sp\u00ed\u0161e v lize, ne\u017e v poh\u00e1ru (ve kter\u00e9m pravd\u011bpodobn\u011b stejn\u011b skon\u010d\u00edme na kopa\u010dk\u00e1ch n\u011bkoho z velk\u00e9 \u010dty\u0159ky). Nicm\u00e9n\u011b pokud se n\u00e1m bude da\u0159it stejn\u011b i v ligov\u00fdch z\u00e1pasech, budu nad m\u00edru spokojen. Hr\u00e1\u010dkou z\u00e1pasu byla dle m\u00e9ho Bennison. Nejen\u017ee asistovala u prvn\u00ed branky, ale odv\u00e1d\u011bla v z\u00e1loze p\u0159i tvorb\u011b hry v\u00fdborn\u00fd v\u00fdkon po celou dobu, kdy byla na h\u0159i\u0161ti. Na\u0161e dv\u011b nov\u00e9 hr\u00e1\u010dky, Madsen a <span class=\"sp-c-lineup-pitch__player\" data-reactid=\".1u6re8yiyos.0.0.0.1.$include-0.0.0.1:$panel-0.$0.0.0.1.2.0.0.1:$away-formation-row-1.$away-player-2\"><span class=\"sp-c-lineup-pitch__player__name gs-u-display-block@xs \" data-reactid=\".1u6re8yiyos.0.0.0.1.$include-0.0.0.1:$panel-0.$0.0.0.1.2.0.0.1:$away-formation-row-1.$away-player-2.1\">K\u00fchl si odbyly sv\u00e9 premi\u00e9rov\u00e9 minuty v kr\u00e1lovsk\u00e9 modr\u00e9 rovn\u011b\u017e solidn\u011b a lze se jen t\u011b\u0161it na jejich dal\u0161\u00ed vystoupen\u00ed. A nebude to z\u00e1pas ledajak\u00fd, proto\u017ee 20.1. se u\u017e na n\u00e1s t\u011b\u0161\u00ed v Lond\u00fdn\u011b Arsenal. <strong><span style=\"color: #0000ff; --darkreader-inline-color: #3d3db6;\" data-darkreader-inline-color=\"\">COYB!<\/span><\/strong><\/span><\/span><\/p>\n<p style=\"text-align: right;\"><span style=\"font-size: 8pt;\"><em>Fotografie: Karoline Olesen (zdroj Getty Images via evertonfc.com)<\/em><\/span><\/p>\n<p><strong>Branky:<\/strong> Olesen (58\u00b4). Snoeijs (80\u00b4. 87\u00b4(pen.) <strong>\u017dK:<\/strong> Bez karet<\/p>\n<p><strong>Villans (4-3-3):<\/strong> Leaf; <span class=\"sp-c-lineup-pitch__player\" data-reactid=\".1u6re8yiyos.0.0.0.1.$include-0.0.0.1:$panel-0.$0.0.0.0.2.0.0.1:$home-formation-row-1.$home-player-0\"><span class=\"sp-c-lineup-pitch__player__name gs-u-display-block@xs \" data-reactid=\".1u6re8yiyos.0.0.0.1.$include-0.0.0.1:$panel-0.$0.0.0.0.2.0.0.1:$home-formation-row-1.$home-player-0.1\">Mayling, <\/span><\/span><span class=\"sp-c-lineup-pitch__player\" data-reactid=\".1u6re8yiyos.0.0.0.1.$include-0.0.0.1:$panel-0.$0.0.0.0.2.0.0.1:$home-formation-row-1.$home-player-1\"><span class=\"sp-c-lineup-pitch__player__name gs-u-display-block@xs \" data-reactid=\".1u6re8yiyos.0.0.0.1.$include-0.0.0.1:$panel-0.$0.0.0.0.2.0.0.1:$home-formation-row-1.$home-player-1.1\">Patten, <\/span><\/span><span class=\"sp-c-lineup-pitch__player\" data-reactid=\".1u6re8yiyos.0.0.0.1.$include-0.0.0.1:$panel-0.$0.0.0.0.2.0.0.1:$home-formation-row-1.$home-player-2\"><span class=\"sp-c-lineup-pitch__player__name gs-u-display-block@xs \" data-reactid=\".1u6re8yiyos.0.0.0.1.$include-0.0.0.1:$panel-0.$0.0.0.0.2.0.0.1:$home-formation-row-1.$home-player-2.1\">Corsie, <\/span><\/span><span class=\"sp-c-lineup-pitch__player\" data-reactid=\".1u6re8yiyos.0.0.0.1.$include-0.0.0.1:$panel-0.$0.0.0.0.2.0.0.1:$home-formation-row-1.$home-player-3\"><span class=\"sp-c-lineup-pitch__player__name gs-u-display-block@xs \" data-reactid=\".1u6re8yiyos.0.0.0.1.$include-0.0.0.1:$panel-0.$0.0.0.0.2.0.0.1:$home-formation-row-1.$home-player-3.1\">Maritz; Dali (Magill 64\u00b4), Staniforth, Nobbs; Leon (Salmon 83\u00b4), Daly, Hanson (Lehman 83\u00b4)<\/span><\/span><\/p>\n<p><strong>Toffees (3-4-1-2):<\/strong> Brosnan; <span class=\"sp-c-lineup-pitch__player\" data-reactid=\".1u6re8yiyos.0.0.0.1.$include-0.0.0.1:$panel-0.$0.0.0.1.2.0.0.1:$away-formation-row-1.$away-player-0\"><span class=\"sp-c-lineup-pitch__player__name gs-u-display-block@xs \" data-reactid=\".1u6re8yiyos.0.0.0.1.$include-0.0.0.1:$panel-0.$0.0.0.1.2.0.0.1:$away-formation-row-1.$away-player-0.1\">Stenevik (Hope 70\u00b4), <\/span><\/span><span class=\"sp-c-lineup-pitch__player\" data-reactid=\".1u6re8yiyos.0.0.0.1.$include-0.0.0.1:$panel-0.$0.0.0.1.2.0.0.1:$away-formation-row-1.$away-player-1\"><span class=\"sp-c-lineup-pitch__player__name gs-u-display-block@xs \" data-reactid=\".1u6re8yiyos.0.0.0.1.$include-0.0.0.1:$panel-0.$0.0.0.1.2.0.0.1:$away-formation-row-1.$away-player-1.1\">Finnigan, <\/span><\/span><span class=\"sp-c-lineup-pitch__player\" data-reactid=\".1u6re8yiyos.0.0.0.1.$include-0.0.0.1:$panel-0.$0.0.0.1.2.0.0.1:$away-formation-row-1.$away-player-2\"><span class=\"sp-c-lineup-pitch__player__name gs-u-display-block@xs \" data-reactid=\".1u6re8yiyos.0.0.0.1.$include-0.0.0.1:$panel-0.$0.0.0.1.2.0.0.1:$away-formation-row-1.$away-player-2.1\">Galli; Olesen (K\u00fchl 70\u00b4) , Wheeler, Bennison (Campbell 76\u00b4) Holmgaard; Snoeijs; Payne, Bissell (Madsen 71\u00b4)<\/span><\/span><\/p>\n<p><strong>Rozhod\u010d\u00ed:<\/strong> Amy Fearns\u00a0 <strong>Hr\u00e1\u010dka z\u00e1pasu: <\/strong>Bennison<\/p>\n","protected":false},"excerpt":{"rendered":"<p>4. kolo WFA Cup pro n\u00e1s skon\u010dilo dob\u0159e. Po p\u0159esv\u011bd\u010div\u00e9m v\u00fdkonu a za p\u0159isp\u011bn\u00ed premi\u00e9rov\u00e9ho g\u00f3lu Olesen jsme na h\u0159i\u0161ti soupe\u0159ek vyhr\u00e1li 0:3.\u00a0<\/p>\n","protected":false},"author":26,"featured_media":23730,"comment_status":"open","ping_status":"closed","sticky":false,"template":"","format":"standard","meta":{"_eb_attr":"","_monsterinsights_skip_tracking":false,"_monsterinsights_sitenote_active":false,"_monsterinsights_sitenote_note":"","_monsterinsights_sitenote_category":0,"footnotes":""},"categories":[110],"tags":[],"yoast_head":"<!-- This site is optimized with the Yoast SEO plugin v23.4 - https:\/\/yoast.com\/wordpress\/plugins\/seo\/ -->\n<title>WFA Cup: Aston Villa W - Everton W 0:3 - Official Czech &amp; Slovak Everton Supporters&#039; Club<\/title>\n<meta name=\"robots\" content=\"index, follow, max-snippet:-1, max-image-preview:large, max-video-preview:-1\" \/>\n<link rel=\"canonical\" href=\"https:\/\/evertonfc.cz\/index.php\/2024\/01\/17\/wfa-cup-aston-villa-w-everton-w-03\/\" \/>\n<meta property=\"og:locale\" content=\"cs_CZ\" \/>\n<meta property=\"og:type\" content=\"article\" \/>\n<meta property=\"og:title\" content=\"WFA Cup: Aston Villa W - Everton W 0:3 - Official Czech &amp; Slovak Everton Supporters&#039; Club\" \/>\n<meta property=\"og:description\" content=\"4. kolo WFA Cup pro n\u00e1s skon\u010dilo dob\u0159e. Po p\u0159esv\u011bd\u010div\u00e9m v\u00fdkonu a za p\u0159isp\u011bn\u00ed premi\u00e9rov\u00e9ho g\u00f3lu Olesen jsme na h\u0159i\u0161ti soupe\u0159ek vyhr\u00e1li 0:3.\u00a0\" \/>\n<meta property=\"og:url\" content=\"https:\/\/evertonfc.cz\/index.php\/2024\/01\/17\/wfa-cup-aston-villa-w-everton-w-03\/\" \/>\n<meta property=\"og:site_name\" content=\"Official Czech &amp; Slovak Everton Supporters&#039; Club\" \/>\n<meta property=\"article:publisher\" content=\"https:\/\/www.facebook.com\/everton.fans.cz.sk\" \/>\n<meta property=\"article:published_time\" content=\"2024-01-17T20:26:11+00:00\" \/>\n<meta property=\"article:modified_time\" content=\"2024-01-19T16:34:22+00:00\" \/>\n<meta property=\"og:image\" content=\"https:\/\/evertonfc.cz\/wp-content\/uploads\/2024\/01\/Olesen-vs.-Villa.jpg\" \/>\n\t<meta property=\"og:image:width\" content=\"720\" \/>\n\t<meta property=\"og:image:height\" content=\"405\" \/>\n\t<meta property=\"og:image:type\" content=\"image\/jpeg\" \/>\n<meta name=\"author\" content=\"Karamela\" \/>\n<meta name=\"twitter:card\" content=\"summary_large_image\" \/>\n<meta name=\"twitter:label1\" content=\"Napsal(a)\" \/>\n\t<meta name=\"twitter:data1\" content=\"Karamela\" \/>\n\t<meta name=\"twitter:label2\" content=\"Odhadovan\u00e1 doba \u010dten\u00ed\" \/>\n\t<meta name=\"twitter:data2\" content=\"4 minuty\" \/>\n<script type=\"application\/ld+json\" class=\"yoast-schema-graph\">{\"@context\":\"https:\/\/schema.org\",\"@graph\":[{\"@type\":\"Article\",\"@id\":\"https:\/\/evertonfc.cz\/index.php\/2024\/01\/17\/wfa-cup-aston-villa-w-everton-w-03\/#article\",\"isPartOf\":{\"@id\":\"https:\/\/evertonfc.cz\/index.php\/2024\/01\/17\/wfa-cup-aston-villa-w-everton-w-03\/\"},\"author\":{\"name\":\"Karamela\",\"@id\":\"https:\/\/evertonfc.cz\/#\/schema\/person\/e9a24a80a32efa1344dd2c4e5882185c\"},\"headline\":\"WFA Cup: Aston Villa W &#8211; Everton W 0:3\",\"datePublished\":\"2024-01-17T20:26:11+00:00\",\"dateModified\":\"2024-01-19T16:34:22+00:00\",\"mainEntityOfPage\":{\"@id\":\"https:\/\/evertonfc.cz\/index.php\/2024\/01\/17\/wfa-cup-aston-villa-w-everton-w-03\/\"},\"wordCount\":861,\"commentCount\":0,\"publisher\":{\"@id\":\"https:\/\/evertonfc.cz\/#organization\"},\"image\":{\"@id\":\"https:\/\/evertonfc.cz\/index.php\/2024\/01\/17\/wfa-cup-aston-villa-w-everton-w-03\/#primaryimage\"},\"thumbnailUrl\":\"https:\/\/evertonfc.cz\/wp-content\/uploads\/2024\/01\/Olesen-vs.-Villa.jpg\",\"articleSection\":[\"Everton Women\"],\"inLanguage\":\"cs\",\"potentialAction\":[{\"@type\":\"CommentAction\",\"name\":\"Comment\",\"target\":[\"https:\/\/evertonfc.cz\/index.php\/2024\/01\/17\/wfa-cup-aston-villa-w-everton-w-03\/#respond\"]}]},{\"@type\":\"WebPage\",\"@id\":\"https:\/\/evertonfc.cz\/index.php\/2024\/01\/17\/wfa-cup-aston-villa-w-everton-w-03\/\",\"url\":\"https:\/\/evertonfc.cz\/index.php\/2024\/01\/17\/wfa-cup-aston-villa-w-everton-w-03\/\",\"name\":\"WFA Cup: Aston Villa W - Everton W 0:3 - Official Czech &amp; Slovak Everton Supporters&#039; Club\",\"isPartOf\":{\"@id\":\"https:\/\/evertonfc.cz\/#website\"},\"primaryImageOfPage\":{\"@id\":\"https:\/\/evertonfc.cz\/index.php\/2024\/01\/17\/wfa-cup-aston-villa-w-everton-w-03\/#primaryimage\"},\"image\":{\"@id\":\"https:\/\/evertonfc.cz\/index.php\/2024\/01\/17\/wfa-cup-aston-villa-w-everton-w-03\/#primaryimage\"},\"thumbnailUrl\":\"https:\/\/evertonfc.cz\/wp-content\/uploads\/2024\/01\/Olesen-vs.-Villa.jpg\",\"datePublished\":\"2024-01-17T20:26:11+00:00\",\"dateModified\":\"2024-01-19T16:34:22+00:00\",\"breadcrumb\":{\"@id\":\"https:\/\/evertonfc.cz\/index.php\/2024\/01\/17\/wfa-cup-aston-villa-w-everton-w-03\/#breadcrumb\"},\"inLanguage\":\"cs\",\"potentialAction\":[{\"@type\":\"ReadAction\",\"target\":[\"https:\/\/evertonfc.cz\/index.php\/2024\/01\/17\/wfa-cup-aston-villa-w-everton-w-03\/\"]}]},{\"@type\":\"ImageObject\",\"inLanguage\":\"cs\",\"@id\":\"https:\/\/evertonfc.cz\/index.php\/2024\/01\/17\/wfa-cup-aston-villa-w-everton-w-03\/#primaryimage\",\"url\":\"https:\/\/evertonfc.cz\/wp-content\/uploads\/2024\/01\/Olesen-vs.-Villa.jpg\",\"contentUrl\":\"https:\/\/evertonfc.cz\/wp-content\/uploads\/2024\/01\/Olesen-vs.-Villa.jpg\",\"width\":720,\"height\":405},{\"@type\":\"BreadcrumbList\",\"@id\":\"https:\/\/evertonfc.cz\/index.php\/2024\/01\/17\/wfa-cup-aston-villa-w-everton-w-03\/#breadcrumb\",\"itemListElement\":[{\"@type\":\"ListItem\",\"position\":1,\"name\":\"Home\",\"item\":\"https:\/\/evertonfc.cz\/\"},{\"@type\":\"ListItem\",\"position\":2,\"name\":\"WFA Cup: Aston Villa W &#8211; Everton W 0:3\"}]},{\"@type\":\"WebSite\",\"@id\":\"https:\/\/evertonfc.cz\/#website\",\"url\":\"https:\/\/evertonfc.cz\/\",\"name\":\"Official Czech &amp; Slovak Everton Supporters&#039; Club\",\"description\":\"\",\"publisher\":{\"@id\":\"https:\/\/evertonfc.cz\/#organization\"},\"potentialAction\":[{\"@type\":\"SearchAction\",\"target\":{\"@type\":\"EntryPoint\",\"urlTemplate\":\"https:\/\/evertonfc.cz\/?s={search_term_string}\"},\"query-input\":{\"@type\":\"PropertyValueSpecification\",\"valueRequired\":true,\"valueName\":\"search_term_string\"}}],\"inLanguage\":\"cs\"},{\"@type\":\"Organization\",\"@id\":\"https:\/\/evertonfc.cz\/#organization\",\"name\":\"Official Czech & Slovak Everton Supporters' Club\",\"url\":\"https:\/\/evertonfc.cz\/\",\"logo\":{\"@type\":\"ImageObject\",\"inLanguage\":\"cs\",\"@id\":\"https:\/\/evertonfc.cz\/#\/schema\/logo\/image\/\",\"url\":\"https:\/\/evertonfc.cz\/wp-content\/uploads\/2019\/05\/logo.png\",\"contentUrl\":\"https:\/\/evertonfc.cz\/wp-content\/uploads\/2019\/05\/logo.png\",\"width\":112,\"height\":112,\"caption\":\"Official Czech & Slovak Everton Supporters' Club\"},\"image\":{\"@id\":\"https:\/\/evertonfc.cz\/#\/schema\/logo\/image\/\"},\"sameAs\":[\"https:\/\/www.facebook.com\/everton.fans.cz.sk\"]},{\"@type\":\"Person\",\"@id\":\"https:\/\/evertonfc.cz\/#\/schema\/person\/e9a24a80a32efa1344dd2c4e5882185c\",\"name\":\"Karamela\",\"url\":\"https:\/\/evertonfc.cz\/index.php\/author\/karamela\/\"}]}<\/script>\n<!-- \/ Yoast SEO plugin. -->","yoast_head_json":{"title":"WFA Cup: Aston Villa W - Everton W 0:3 - Official Czech &amp; Slovak Everton Supporters&#039; Club","robots":{"index":"index","follow":"follow","max-snippet":"max-snippet:-1","max-image-preview":"max-image-preview:large","max-video-preview":"max-video-preview:-1"},"canonical":"https:\/\/evertonfc.cz\/index.php\/2024\/01\/17\/wfa-cup-aston-villa-w-everton-w-03\/","og_locale":"cs_CZ","og_type":"article","og_title":"WFA Cup: Aston Villa W - Everton W 0:3 - Official Czech &amp; Slovak Everton Supporters&#039; Club","og_description":"4. kolo WFA Cup pro n\u00e1s skon\u010dilo dob\u0159e. Po p\u0159esv\u011bd\u010div\u00e9m v\u00fdkonu a za p\u0159isp\u011bn\u00ed premi\u00e9rov\u00e9ho g\u00f3lu Olesen jsme na h\u0159i\u0161ti soupe\u0159ek vyhr\u00e1li 0:3.\u00a0","og_url":"https:\/\/evertonfc.cz\/index.php\/2024\/01\/17\/wfa-cup-aston-villa-w-everton-w-03\/","og_site_name":"Official Czech &amp; Slovak Everton Supporters&#039; Club","article_publisher":"https:\/\/www.facebook.com\/everton.fans.cz.sk","article_published_time":"2024-01-17T20:26:11+00:00","article_modified_time":"2024-01-19T16:34:22+00:00","og_image":[{"width":720,"height":405,"url":"https:\/\/evertonfc.cz\/wp-content\/uploads\/2024\/01\/Olesen-vs.-Villa.jpg","type":"image\/jpeg"}],"author":"Karamela","twitter_card":"summary_large_image","twitter_misc":{"Napsal(a)":"Karamela","Odhadovan\u00e1 doba \u010dten\u00ed":"4 minuty"},"schema":{"@context":"https:\/\/schema.org","@graph":[{"@type":"Article","@id":"https:\/\/evertonfc.cz\/index.php\/2024\/01\/17\/wfa-cup-aston-villa-w-everton-w-03\/#article","isPartOf":{"@id":"https:\/\/evertonfc.cz\/index.php\/2024\/01\/17\/wfa-cup-aston-villa-w-everton-w-03\/"},"author":{"name":"Karamela","@id":"https:\/\/evertonfc.cz\/#\/schema\/person\/e9a24a80a32efa1344dd2c4e5882185c"},"headline":"WFA Cup: Aston Villa W &#8211; Everton W 0:3","datePublished":"2024-01-17T20:26:11+00:00","dateModified":"2024-01-19T16:34:22+00:00","mainEntityOfPage":{"@id":"https:\/\/evertonfc.cz\/index.php\/2024\/01\/17\/wfa-cup-aston-villa-w-everton-w-03\/"},"wordCount":861,"commentCount":0,"publisher":{"@id":"https:\/\/evertonfc.cz\/#organization"},"image":{"@id":"https:\/\/evertonfc.cz\/index.php\/2024\/01\/17\/wfa-cup-aston-villa-w-everton-w-03\/#primaryimage"},"thumbnailUrl":"https:\/\/evertonfc.cz\/wp-content\/uploads\/2024\/01\/Olesen-vs.-Villa.jpg","articleSection":["Everton Women"],"inLanguage":"cs","potentialAction":[{"@type":"CommentAction","name":"Comment","target":["https:\/\/evertonfc.cz\/index.php\/2024\/01\/17\/wfa-cup-aston-villa-w-everton-w-03\/#respond"]}]},{"@type":"WebPage","@id":"https:\/\/evertonfc.cz\/index.php\/2024\/01\/17\/wfa-cup-aston-villa-w-everton-w-03\/","url":"https:\/\/evertonfc.cz\/index.php\/2024\/01\/17\/wfa-cup-aston-villa-w-everton-w-03\/","name":"WFA Cup: Aston Villa W - Everton W 0:3 - Official Czech &amp; Slovak Everton Supporters&#039; Club","isPartOf":{"@id":"https:\/\/evertonfc.cz\/#website"},"primaryImageOfPage":{"@id":"https:\/\/evertonfc.cz\/index.php\/2024\/01\/17\/wfa-cup-aston-villa-w-everton-w-03\/#primaryimage"},"image":{"@id":"https:\/\/evertonfc.cz\/index.php\/2024\/01\/17\/wfa-cup-aston-villa-w-everton-w-03\/#primaryimage"},"thumbnailUrl":"https:\/\/evertonfc.cz\/wp-content\/uploads\/2024\/01\/Olesen-vs.-Villa.jpg","datePublished":"2024-01-17T20:26:11+00:00","dateModified":"2024-01-19T16:34:22+00:00","breadcrumb":{"@id":"https:\/\/evertonfc.cz\/index.php\/2024\/01\/17\/wfa-cup-aston-villa-w-everton-w-03\/#breadcrumb"},"inLanguage":"cs","potentialAction":[{"@type":"ReadAction","target":["https:\/\/evertonfc.cz\/index.php\/2024\/01\/17\/wfa-cup-aston-villa-w-everton-w-03\/"]}]},{"@type":"ImageObject","inLanguage":"cs","@id":"https:\/\/evertonfc.cz\/index.php\/2024\/01\/17\/wfa-cup-aston-villa-w-everton-w-03\/#primaryimage","url":"https:\/\/evertonfc.cz\/wp-content\/uploads\/2024\/01\/Olesen-vs.-Villa.jpg","contentUrl":"https:\/\/evertonfc.cz\/wp-content\/uploads\/2024\/01\/Olesen-vs.-Villa.jpg","width":720,"height":405},{"@type":"BreadcrumbList","@id":"https:\/\/evertonfc.cz\/index.php\/2024\/01\/17\/wfa-cup-aston-villa-w-everton-w-03\/#breadcrumb","itemListElement":[{"@type":"ListItem","position":1,"name":"Home","item":"https:\/\/evertonfc.cz\/"},{"@type":"ListItem","position":2,"name":"WFA Cup: Aston Villa W &#8211; Everton W 0:3"}]},{"@type":"WebSite","@id":"https:\/\/evertonfc.cz\/#website","url":"https:\/\/evertonfc.cz\/","name":"Official Czech &amp; Slovak Everton Supporters&#039; Club","description":"","publisher":{"@id":"https:\/\/evertonfc.cz\/#organization"},"potentialAction":[{"@type":"SearchAction","target":{"@type":"EntryPoint","urlTemplate":"https:\/\/evertonfc.cz\/?s={search_term_string}"},"query-input":{"@type":"PropertyValueSpecification","valueRequired":true,"valueName":"search_term_string"}}],"inLanguage":"cs"},{"@type":"Organization","@id":"https:\/\/evertonfc.cz\/#organization","name":"Official Czech & Slovak Everton Supporters' Club","url":"https:\/\/evertonfc.cz\/","logo":{"@type":"ImageObject","inLanguage":"cs","@id":"https:\/\/evertonfc.cz\/#\/schema\/logo\/image\/","url":"https:\/\/evertonfc.cz\/wp-content\/uploads\/2019\/05\/logo.png","contentUrl":"https:\/\/evertonfc.cz\/wp-content\/uploads\/2019\/05\/logo.png","width":112,"height":112,"caption":"Official Czech & Slovak Everton Supporters' Club"},"image":{"@id":"https:\/\/evertonfc.cz\/#\/schema\/logo\/image\/"},"sameAs":["https:\/\/www.facebook.com\/everton.fans.cz.sk"]},{"@type":"Person","@id":"https:\/\/evertonfc.cz\/#\/schema\/person\/e9a24a80a32efa1344dd2c4e5882185c","name":"Karamela","url":"https:\/\/evertonfc.cz\/index.php\/author\/karamela\/"}]}},"_links":{"self":[{"href":"https:\/\/evertonfc.cz\/index.php\/wp-json\/wp\/v2\/posts\/23708"}],"collection":[{"href":"https:\/\/evertonfc.cz\/index.php\/wp-json\/wp\/v2\/posts"}],"about":[{"href":"https:\/\/evertonfc.cz\/index.php\/wp-json\/wp\/v2\/types\/post"}],"author":[{"embeddable":true,"href":"https:\/\/evertonfc.cz\/index.php\/wp-json\/wp\/v2\/users\/26"}],"replies":[{"embeddable":true,"href":"https:\/\/evertonfc.cz\/index.php\/wp-json\/wp\/v2\/comments?post=23708"}],"version-history":[{"count":5,"href":"https:\/\/evertonfc.cz\/index.php\/wp-json\/wp\/v2\/posts\/23708\/revisions"}],"predecessor-version":[{"id":23757,"href":"https:\/\/evertonfc.cz\/index.php\/wp-json\/wp\/v2\/posts\/23708\/revisions\/23757"}],"wp:featuredmedia":[{"embeddable":true,"href":"https:\/\/evertonfc.cz\/index.php\/wp-json\/wp\/v2\/media\/23730"}],"wp:attachment":[{"href":"https:\/\/evertonfc.cz\/index.php\/wp-json\/wp\/v2\/media?parent=23708"}],"wp:term":[{"taxonomy":"category","embeddable":true,"href":"https:\/\/evertonfc.cz\/index.php\/wp-json\/wp\/v2\/categories?post=23708"},{"taxonomy":"post_tag","embeddable":true,"href":"https:\/\/evertonfc.cz\/index.php\/wp-json\/wp\/v2\/tags?post=23708"}],"curies":[{"name":"wp","href":"https:\/\/api.w.org\/{rel}","templated":true}]}}