{"id":23711,"date":"2024-01-16T14:34:57","date_gmt":"2024-01-16T13:34:57","guid":{"rendered":"https:\/\/evertonfc.cz\/?p=23711"},"modified":"2024-01-17T09:29:57","modified_gmt":"2024-01-17T08:29:57","slug":"prichazi-kathrine-moller-kuhl-a-rikke-madsen","status":"publish","type":"post","link":"https:\/\/evertonfc.cz\/index.php\/2024\/01\/16\/prichazi-kathrine-moller-kuhl-a-rikke-madsen\/","title":{"rendered":"P\u0159ich\u00e1z\u00ed Kathrine M\u00f8ller K\u00fchl a Rikke Madsen"},"content":{"rendered":"<h4>Prob\u00edhaj\u00edc\u00ed p\u0159estupov\u00e9 obdob\u00ed se kone\u010dn\u011b i u n\u00e1s p\u0159ehouplo do f\u00e1ze, kdy m\u016f\u017eeme referovat nejen o odchodech, ale i o pohybu v opa\u010dn\u00e9m sm\u011bru. P\u0159ich\u00e1z\u00ed d\u00e1nsk\u00e9 duo Kathrine M\u00f8ller K\u00fchl a Rikke Madsen.<\/h4>\n<p>Dvacetilet\u00e1 Kathrine M\u00f8ller K\u00fchl se u n\u00e1s pravd\u011bpodobn\u011b dlouho nezdr\u017e\u00ed, z Arsenalu p\u0159ich\u00e1z\u00ed na hostov\u00e1n\u00ed jen do konce sez\u00f3ny. S na\u0161\u00edm mana\u017eerem Brianem S\u00f8rensenem se dob\u0159e zn\u00e1 ze spole\u010dn\u00e9ho p\u016fsoben\u00ed v d\u00e1nsk\u00e9m FC Nordsj\u00e6lland. Spole\u010dn\u011b za\u017eili postup Nordsj\u00e6llandu do prvn\u00ed ligy i zisk d\u00e1nsk\u00e9ho ligov\u00e9ho poh\u00e1ru v sez\u00f3n\u011b 2019\/2020. Pak se jejich cesty roze\u0161ly. Brian se vr\u00e1til do Fortuna Hj\u00f8rring.<\/p>\n<p>Kathrine na Z\u00e9landu z\u016fstala a\u017e do roku 2023, kdy si j\u00ed vyhl\u00e9dl Arsenal. V Nordsj\u00e6llandu tak odehr\u00e1la na pozici defenzivn\u00ed z\u00e1lo\u017enice \u010dty\u0159i sez\u00f3ny, ve kter\u00fdch nastoupila k 71 z\u00e1pas\u016fm a sk\u00f3rovala 7 kr\u00e1t. V Arsenalu zas\u00e1hla dio z\u00e1pasu 13 kr\u00e1t a g\u00f3l nezaznamenala. Od roku 2021 tak\u00e9 nastupuje za d\u00e1nskou seniorskou reprezentaci, jej\u00ed\u017e barvy u\u017e h\u00e1jila 35 kr\u00e1t. Jednou se zapsala i mezi \u00fasp\u011b\u0161n\u00e9 st\u0159elkyn\u011b.<\/p>\n<p>Kroky \u00fato\u010dnice Rikke Madsen se ub\u00edraly jinudy. 26 let\u00e1 roda\u010dka z Jutsk\u00e9ho poloostrova za\u010dala sb\u00edrat fotbalov\u00e9 zku\u0161enosti v roce 2018 v Aarhusu. Po jedn\u00e9 sez\u00f3n\u011b se p\u0159esunulua do Norska, p\u0159esn\u011bji do V\u00e5lerengy, odkud se v roce 2022 na p\u016fl roku st\u011bhovala do madridsk\u00e9ho CFF. Zde se v\u0161ak zdr\u017eela jen kr\u00e1tce a v sez\u00f3n\u011b 2022\/2023 zam\u00ed\u0159ila do Severn\u00ed Karol\u00edny ke Courage, odkud si j\u00ed na necelou sez\u00f3nu p\u016fj\u010dili protino\u017eci do Melbourne.<\/p>\n<p>A pak u\u017e n\u00e1sledovalo Merseyside, kde se n\u00e1m upsala do l\u00e9ta 2025. Je pravda, \u017ee Madsen ve sv\u00fdch p\u016fsobi\u0161t\u00edch g\u00f3lov\u011b p\u0159\u00edli\u0161 nez\u00e1\u0159ila a ani jej\u00ed z\u00e1pasov\u00e9 vyt\u00ed\u017een\u00ed nebylo kdov\u00edjak\u00e9 (krom\u011b Norska, kde za t\u0159i roky odehr\u00e1la 47 z\u00e1pas\u016f). To se ale m\u016f\u017ee jist\u011b zm\u011bnit. Tak\u00e9 Rikke reprezentuje D\u00e1nsko, a to od roku 2019. V \u010dervenob\u00edl\u00e9m n\u00e1rodn\u00edm dresu odehr\u00e1la 24 z\u00e1pas\u016f a sv\u00fdm jedin\u00fdm reprezenta\u010dn\u00edm g\u00f3lem p\u0159isp\u011bla k destrukci Gruzie 14:0 v kvalifikaci na Euro 2022.<\/p>\n<p>D\u00e1my, v\u00edtejt\u011b na palub\u011b! <strong><span style=\"color: #0000ff;\">COYB!\u00a0<\/span><\/strong><\/p>\n<p style=\"text-align: right;\"><span style=\"font-size: 8pt;\"><em>Fotografie:\u00a0 \u00a0Rikke Madsen (vlevo) a Kathrine M\u00f8ller K\u00fchl (zdroj: evertonfc.com)<\/em><\/span><\/p>\n","protected":false},"excerpt":{"rendered":"<p>Prob\u00edhaj\u00edc\u00ed p\u0159estupov\u00e9 obdob\u00ed se kone\u010dn\u011b i u n\u00e1s p\u0159ehouplo do f\u00e1ze, kdy m\u016f\u017eeme referovat nejen o odchodech, ale i o pohybu v opa\u010dn\u00e9m sm\u011bru. P\u0159ich\u00e1z\u00ed d\u00e1nsk\u00e9 duo Kathrine M\u00f8ller K\u00fchl a Rikke Madsen.<\/p>\n","protected":false},"author":26,"featured_media":23715,"comment_status":"open","ping_status":"closed","sticky":false,"template":"","format":"standard","meta":{"_eb_attr":"","_monsterinsights_skip_tracking":false,"_monsterinsights_sitenote_active":false,"_monsterinsights_sitenote_note":"","_monsterinsights_sitenote_category":0,"footnotes":""},"categories":[110],"tags":[],"yoast_head":"<!-- This site is optimized with the Yoast SEO plugin v23.4 - https:\/\/yoast.com\/wordpress\/plugins\/seo\/ -->\n<title>P\u0159ich\u00e1z\u00ed Kathrine M\u00f8ller K\u00fchl a Rikke Madsen - Official Czech &amp; Slovak Everton Supporters&#039; Club<\/title>\n<meta name=\"robots\" content=\"index, follow, max-snippet:-1, max-image-preview:large, max-video-preview:-1\" \/>\n<link rel=\"canonical\" href=\"https:\/\/evertonfc.cz\/index.php\/2024\/01\/16\/prichazi-kathrine-moller-kuhl-a-rikke-madsen\/\" \/>\n<meta property=\"og:locale\" content=\"cs_CZ\" \/>\n<meta property=\"og:type\" content=\"article\" \/>\n<meta property=\"og:title\" content=\"P\u0159ich\u00e1z\u00ed Kathrine M\u00f8ller K\u00fchl a Rikke Madsen - Official Czech &amp; Slovak Everton Supporters&#039; Club\" \/>\n<meta property=\"og:description\" content=\"Prob\u00edhaj\u00edc\u00ed p\u0159estupov\u00e9 obdob\u00ed se kone\u010dn\u011b i u n\u00e1s p\u0159ehouplo do f\u00e1ze, kdy m\u016f\u017eeme referovat nejen o odchodech, ale i o pohybu v opa\u010dn\u00e9m sm\u011bru. P\u0159ich\u00e1z\u00ed d\u00e1nsk\u00e9 duo Kathrine M\u00f8ller K\u00fchl a Rikke Madsen.\" \/>\n<meta property=\"og:url\" content=\"https:\/\/evertonfc.cz\/index.php\/2024\/01\/16\/prichazi-kathrine-moller-kuhl-a-rikke-madsen\/\" \/>\n<meta property=\"og:site_name\" content=\"Official Czech &amp; Slovak Everton Supporters&#039; Club\" \/>\n<meta property=\"article:publisher\" content=\"https:\/\/www.facebook.com\/everton.fans.cz.sk\" \/>\n<meta property=\"article:published_time\" content=\"2024-01-16T13:34:57+00:00\" \/>\n<meta property=\"article:modified_time\" content=\"2024-01-17T08:29:57+00:00\" \/>\n<meta property=\"og:image\" content=\"https:\/\/evertonfc.cz\/wp-content\/uploads\/2024\/01\/Danky-Web-16_1_2024.jpg\" \/>\n\t<meta property=\"og:image:width\" content=\"720\" \/>\n\t<meta property=\"og:image:height\" content=\"405\" \/>\n\t<meta property=\"og:image:type\" content=\"image\/jpeg\" \/>\n<meta name=\"author\" content=\"Karamela\" \/>\n<meta name=\"twitter:card\" content=\"summary_large_image\" \/>\n<meta name=\"twitter:label1\" content=\"Napsal(a)\" \/>\n\t<meta name=\"twitter:data1\" content=\"Karamela\" \/>\n\t<meta name=\"twitter:label2\" content=\"Odhadovan\u00e1 doba \u010dten\u00ed\" \/>\n\t<meta name=\"twitter:data2\" content=\"2 minuty\" \/>\n<script type=\"application\/ld+json\" class=\"yoast-schema-graph\">{\"@context\":\"https:\/\/schema.org\",\"@graph\":[{\"@type\":\"Article\",\"@id\":\"https:\/\/evertonfc.cz\/index.php\/2024\/01\/16\/prichazi-kathrine-moller-kuhl-a-rikke-madsen\/#article\",\"isPartOf\":{\"@id\":\"https:\/\/evertonfc.cz\/index.php\/2024\/01\/16\/prichazi-kathrine-moller-kuhl-a-rikke-madsen\/\"},\"author\":{\"name\":\"Karamela\",\"@id\":\"https:\/\/evertonfc.cz\/#\/schema\/person\/e9a24a80a32efa1344dd2c4e5882185c\"},\"headline\":\"P\u0159ich\u00e1z\u00ed Kathrine M\u00f8ller K\u00fchl a Rikke Madsen\",\"datePublished\":\"2024-01-16T13:34:57+00:00\",\"dateModified\":\"2024-01-17T08:29:57+00:00\",\"mainEntityOfPage\":{\"@id\":\"https:\/\/evertonfc.cz\/index.php\/2024\/01\/16\/prichazi-kathrine-moller-kuhl-a-rikke-madsen\/\"},\"wordCount\":442,\"commentCount\":0,\"publisher\":{\"@id\":\"https:\/\/evertonfc.cz\/#organization\"},\"image\":{\"@id\":\"https:\/\/evertonfc.cz\/index.php\/2024\/01\/16\/prichazi-kathrine-moller-kuhl-a-rikke-madsen\/#primaryimage\"},\"thumbnailUrl\":\"https:\/\/evertonfc.cz\/wp-content\/uploads\/2024\/01\/Danky-Web-16_1_2024.jpg\",\"articleSection\":[\"Everton Women\"],\"inLanguage\":\"cs\",\"potentialAction\":[{\"@type\":\"CommentAction\",\"name\":\"Comment\",\"target\":[\"https:\/\/evertonfc.cz\/index.php\/2024\/01\/16\/prichazi-kathrine-moller-kuhl-a-rikke-madsen\/#respond\"]}]},{\"@type\":\"WebPage\",\"@id\":\"https:\/\/evertonfc.cz\/index.php\/2024\/01\/16\/prichazi-kathrine-moller-kuhl-a-rikke-madsen\/\",\"url\":\"https:\/\/evertonfc.cz\/index.php\/2024\/01\/16\/prichazi-kathrine-moller-kuhl-a-rikke-madsen\/\",\"name\":\"P\u0159ich\u00e1z\u00ed Kathrine M\u00f8ller K\u00fchl a Rikke Madsen - Official Czech &amp; Slovak Everton Supporters&#039; Club\",\"isPartOf\":{\"@id\":\"https:\/\/evertonfc.cz\/#website\"},\"primaryImageOfPage\":{\"@id\":\"https:\/\/evertonfc.cz\/index.php\/2024\/01\/16\/prichazi-kathrine-moller-kuhl-a-rikke-madsen\/#primaryimage\"},\"image\":{\"@id\":\"https:\/\/evertonfc.cz\/index.php\/2024\/01\/16\/prichazi-kathrine-moller-kuhl-a-rikke-madsen\/#primaryimage\"},\"thumbnailUrl\":\"https:\/\/evertonfc.cz\/wp-content\/uploads\/2024\/01\/Danky-Web-16_1_2024.jpg\",\"datePublished\":\"2024-01-16T13:34:57+00:00\",\"dateModified\":\"2024-01-17T08:29:57+00:00\",\"breadcrumb\":{\"@id\":\"https:\/\/evertonfc.cz\/index.php\/2024\/01\/16\/prichazi-kathrine-moller-kuhl-a-rikke-madsen\/#breadcrumb\"},\"inLanguage\":\"cs\",\"potentialAction\":[{\"@type\":\"ReadAction\",\"target\":[\"https:\/\/evertonfc.cz\/index.php\/2024\/01\/16\/prichazi-kathrine-moller-kuhl-a-rikke-madsen\/\"]}]},{\"@type\":\"ImageObject\",\"inLanguage\":\"cs\",\"@id\":\"https:\/\/evertonfc.cz\/index.php\/2024\/01\/16\/prichazi-kathrine-moller-kuhl-a-rikke-madsen\/#primaryimage\",\"url\":\"https:\/\/evertonfc.cz\/wp-content\/uploads\/2024\/01\/Danky-Web-16_1_2024.jpg\",\"contentUrl\":\"https:\/\/evertonfc.cz\/wp-content\/uploads\/2024\/01\/Danky-Web-16_1_2024.jpg\",\"width\":720,\"height\":405},{\"@type\":\"BreadcrumbList\",\"@id\":\"https:\/\/evertonfc.cz\/index.php\/2024\/01\/16\/prichazi-kathrine-moller-kuhl-a-rikke-madsen\/#breadcrumb\",\"itemListElement\":[{\"@type\":\"ListItem\",\"position\":1,\"name\":\"Home\",\"item\":\"https:\/\/evertonfc.cz\/\"},{\"@type\":\"ListItem\",\"position\":2,\"name\":\"P\u0159ich\u00e1z\u00ed Kathrine M\u00f8ller K\u00fchl a Rikke Madsen\"}]},{\"@type\":\"WebSite\",\"@id\":\"https:\/\/evertonfc.cz\/#website\",\"url\":\"https:\/\/evertonfc.cz\/\",\"name\":\"Official Czech &amp; Slovak Everton Supporters&#039; Club\",\"description\":\"\",\"publisher\":{\"@id\":\"https:\/\/evertonfc.cz\/#organization\"},\"potentialAction\":[{\"@type\":\"SearchAction\",\"target\":{\"@type\":\"EntryPoint\",\"urlTemplate\":\"https:\/\/evertonfc.cz\/?s={search_term_string}\"},\"query-input\":{\"@type\":\"PropertyValueSpecification\",\"valueRequired\":true,\"valueName\":\"search_term_string\"}}],\"inLanguage\":\"cs\"},{\"@type\":\"Organization\",\"@id\":\"https:\/\/evertonfc.cz\/#organization\",\"name\":\"Official Czech & Slovak Everton Supporters' Club\",\"url\":\"https:\/\/evertonfc.cz\/\",\"logo\":{\"@type\":\"ImageObject\",\"inLanguage\":\"cs\",\"@id\":\"https:\/\/evertonfc.cz\/#\/schema\/logo\/image\/\",\"url\":\"https:\/\/evertonfc.cz\/wp-content\/uploads\/2019\/05\/logo.png\",\"contentUrl\":\"https:\/\/evertonfc.cz\/wp-content\/uploads\/2019\/05\/logo.png\",\"width\":112,\"height\":112,\"caption\":\"Official Czech & Slovak Everton Supporters' Club\"},\"image\":{\"@id\":\"https:\/\/evertonfc.cz\/#\/schema\/logo\/image\/\"},\"sameAs\":[\"https:\/\/www.facebook.com\/everton.fans.cz.sk\"]},{\"@type\":\"Person\",\"@id\":\"https:\/\/evertonfc.cz\/#\/schema\/person\/e9a24a80a32efa1344dd2c4e5882185c\",\"name\":\"Karamela\",\"url\":\"https:\/\/evertonfc.cz\/index.php\/author\/karamela\/\"}]}<\/script>\n<!-- \/ Yoast SEO plugin. -->","yoast_head_json":{"title":"P\u0159ich\u00e1z\u00ed Kathrine M\u00f8ller K\u00fchl a Rikke Madsen - Official Czech &amp; Slovak Everton Supporters&#039; Club","robots":{"index":"index","follow":"follow","max-snippet":"max-snippet:-1","max-image-preview":"max-image-preview:large","max-video-preview":"max-video-preview:-1"},"canonical":"https:\/\/evertonfc.cz\/index.php\/2024\/01\/16\/prichazi-kathrine-moller-kuhl-a-rikke-madsen\/","og_locale":"cs_CZ","og_type":"article","og_title":"P\u0159ich\u00e1z\u00ed Kathrine M\u00f8ller K\u00fchl a Rikke Madsen - Official Czech &amp; Slovak Everton Supporters&#039; Club","og_description":"Prob\u00edhaj\u00edc\u00ed p\u0159estupov\u00e9 obdob\u00ed se kone\u010dn\u011b i u n\u00e1s p\u0159ehouplo do f\u00e1ze, kdy m\u016f\u017eeme referovat nejen o odchodech, ale i o pohybu v opa\u010dn\u00e9m sm\u011bru. P\u0159ich\u00e1z\u00ed d\u00e1nsk\u00e9 duo Kathrine M\u00f8ller K\u00fchl a Rikke Madsen.","og_url":"https:\/\/evertonfc.cz\/index.php\/2024\/01\/16\/prichazi-kathrine-moller-kuhl-a-rikke-madsen\/","og_site_name":"Official Czech &amp; Slovak Everton Supporters&#039; Club","article_publisher":"https:\/\/www.facebook.com\/everton.fans.cz.sk","article_published_time":"2024-01-16T13:34:57+00:00","article_modified_time":"2024-01-17T08:29:57+00:00","og_image":[{"width":720,"height":405,"url":"https:\/\/evertonfc.cz\/wp-content\/uploads\/2024\/01\/Danky-Web-16_1_2024.jpg","type":"image\/jpeg"}],"author":"Karamela","twitter_card":"summary_large_image","twitter_misc":{"Napsal(a)":"Karamela","Odhadovan\u00e1 doba \u010dten\u00ed":"2 minuty"},"schema":{"@context":"https:\/\/schema.org","@graph":[{"@type":"Article","@id":"https:\/\/evertonfc.cz\/index.php\/2024\/01\/16\/prichazi-kathrine-moller-kuhl-a-rikke-madsen\/#article","isPartOf":{"@id":"https:\/\/evertonfc.cz\/index.php\/2024\/01\/16\/prichazi-kathrine-moller-kuhl-a-rikke-madsen\/"},"author":{"name":"Karamela","@id":"https:\/\/evertonfc.cz\/#\/schema\/person\/e9a24a80a32efa1344dd2c4e5882185c"},"headline":"P\u0159ich\u00e1z\u00ed Kathrine M\u00f8ller K\u00fchl a Rikke Madsen","datePublished":"2024-01-16T13:34:57+00:00","dateModified":"2024-01-17T08:29:57+00:00","mainEntityOfPage":{"@id":"https:\/\/evertonfc.cz\/index.php\/2024\/01\/16\/prichazi-kathrine-moller-kuhl-a-rikke-madsen\/"},"wordCount":442,"commentCount":0,"publisher":{"@id":"https:\/\/evertonfc.cz\/#organization"},"image":{"@id":"https:\/\/evertonfc.cz\/index.php\/2024\/01\/16\/prichazi-kathrine-moller-kuhl-a-rikke-madsen\/#primaryimage"},"thumbnailUrl":"https:\/\/evertonfc.cz\/wp-content\/uploads\/2024\/01\/Danky-Web-16_1_2024.jpg","articleSection":["Everton Women"],"inLanguage":"cs","potentialAction":[{"@type":"CommentAction","name":"Comment","target":["https:\/\/evertonfc.cz\/index.php\/2024\/01\/16\/prichazi-kathrine-moller-kuhl-a-rikke-madsen\/#respond"]}]},{"@type":"WebPage","@id":"https:\/\/evertonfc.cz\/index.php\/2024\/01\/16\/prichazi-kathrine-moller-kuhl-a-rikke-madsen\/","url":"https:\/\/evertonfc.cz\/index.php\/2024\/01\/16\/prichazi-kathrine-moller-kuhl-a-rikke-madsen\/","name":"P\u0159ich\u00e1z\u00ed Kathrine M\u00f8ller K\u00fchl a Rikke Madsen - Official Czech &amp; Slovak Everton Supporters&#039; Club","isPartOf":{"@id":"https:\/\/evertonfc.cz\/#website"},"primaryImageOfPage":{"@id":"https:\/\/evertonfc.cz\/index.php\/2024\/01\/16\/prichazi-kathrine-moller-kuhl-a-rikke-madsen\/#primaryimage"},"image":{"@id":"https:\/\/evertonfc.cz\/index.php\/2024\/01\/16\/prichazi-kathrine-moller-kuhl-a-rikke-madsen\/#primaryimage"},"thumbnailUrl":"https:\/\/evertonfc.cz\/wp-content\/uploads\/2024\/01\/Danky-Web-16_1_2024.jpg","datePublished":"2024-01-16T13:34:57+00:00","dateModified":"2024-01-17T08:29:57+00:00","breadcrumb":{"@id":"https:\/\/evertonfc.cz\/index.php\/2024\/01\/16\/prichazi-kathrine-moller-kuhl-a-rikke-madsen\/#breadcrumb"},"inLanguage":"cs","potentialAction":[{"@type":"ReadAction","target":["https:\/\/evertonfc.cz\/index.php\/2024\/01\/16\/prichazi-kathrine-moller-kuhl-a-rikke-madsen\/"]}]},{"@type":"ImageObject","inLanguage":"cs","@id":"https:\/\/evertonfc.cz\/index.php\/2024\/01\/16\/prichazi-kathrine-moller-kuhl-a-rikke-madsen\/#primaryimage","url":"https:\/\/evertonfc.cz\/wp-content\/uploads\/2024\/01\/Danky-Web-16_1_2024.jpg","contentUrl":"https:\/\/evertonfc.cz\/wp-content\/uploads\/2024\/01\/Danky-Web-16_1_2024.jpg","width":720,"height":405},{"@type":"BreadcrumbList","@id":"https:\/\/evertonfc.cz\/index.php\/2024\/01\/16\/prichazi-kathrine-moller-kuhl-a-rikke-madsen\/#breadcrumb","itemListElement":[{"@type":"ListItem","position":1,"name":"Home","item":"https:\/\/evertonfc.cz\/"},{"@type":"ListItem","position":2,"name":"P\u0159ich\u00e1z\u00ed Kathrine M\u00f8ller K\u00fchl a Rikke Madsen"}]},{"@type":"WebSite","@id":"https:\/\/evertonfc.cz\/#website","url":"https:\/\/evertonfc.cz\/","name":"Official Czech &amp; Slovak Everton Supporters&#039; Club","description":"","publisher":{"@id":"https:\/\/evertonfc.cz\/#organization"},"potentialAction":[{"@type":"SearchAction","target":{"@type":"EntryPoint","urlTemplate":"https:\/\/evertonfc.cz\/?s={search_term_string}"},"query-input":{"@type":"PropertyValueSpecification","valueRequired":true,"valueName":"search_term_string"}}],"inLanguage":"cs"},{"@type":"Organization","@id":"https:\/\/evertonfc.cz\/#organization","name":"Official Czech & Slovak Everton Supporters' Club","url":"https:\/\/evertonfc.cz\/","logo":{"@type":"ImageObject","inLanguage":"cs","@id":"https:\/\/evertonfc.cz\/#\/schema\/logo\/image\/","url":"https:\/\/evertonfc.cz\/wp-content\/uploads\/2019\/05\/logo.png","contentUrl":"https:\/\/evertonfc.cz\/wp-content\/uploads\/2019\/05\/logo.png","width":112,"height":112,"caption":"Official Czech & Slovak Everton Supporters' Club"},"image":{"@id":"https:\/\/evertonfc.cz\/#\/schema\/logo\/image\/"},"sameAs":["https:\/\/www.facebook.com\/everton.fans.cz.sk"]},{"@type":"Person","@id":"https:\/\/evertonfc.cz\/#\/schema\/person\/e9a24a80a32efa1344dd2c4e5882185c","name":"Karamela","url":"https:\/\/evertonfc.cz\/index.php\/author\/karamela\/"}]}},"_links":{"self":[{"href":"https:\/\/evertonfc.cz\/index.php\/wp-json\/wp\/v2\/posts\/23711"}],"collection":[{"href":"https:\/\/evertonfc.cz\/index.php\/wp-json\/wp\/v2\/posts"}],"about":[{"href":"https:\/\/evertonfc.cz\/index.php\/wp-json\/wp\/v2\/types\/post"}],"author":[{"embeddable":true,"href":"https:\/\/evertonfc.cz\/index.php\/wp-json\/wp\/v2\/users\/26"}],"replies":[{"embeddable":true,"href":"https:\/\/evertonfc.cz\/index.php\/wp-json\/wp\/v2\/comments?post=23711"}],"version-history":[{"count":6,"href":"https:\/\/evertonfc.cz\/index.php\/wp-json\/wp\/v2\/posts\/23711\/revisions"}],"predecessor-version":[{"id":23720,"href":"https:\/\/evertonfc.cz\/index.php\/wp-json\/wp\/v2\/posts\/23711\/revisions\/23720"}],"wp:featuredmedia":[{"embeddable":true,"href":"https:\/\/evertonfc.cz\/index.php\/wp-json\/wp\/v2\/media\/23715"}],"wp:attachment":[{"href":"https:\/\/evertonfc.cz\/index.php\/wp-json\/wp\/v2\/media?parent=23711"}],"wp:term":[{"taxonomy":"category","embeddable":true,"href":"https:\/\/evertonfc.cz\/index.php\/wp-json\/wp\/v2\/categories?post=23711"},{"taxonomy":"post_tag","embeddable":true,"href":"https:\/\/evertonfc.cz\/index.php\/wp-json\/wp\/v2\/tags?post=23711"}],"curies":[{"name":"wp","href":"https:\/\/api.w.org\/{rel}","templated":true}]}}