{"id":23721,"date":"2024-01-17T16:31:49","date_gmt":"2024-01-17T15:31:49","guid":{"rendered":"https:\/\/evertonfc.cz\/?p=23721"},"modified":"2024-01-17T18:25:32","modified_gmt":"2024-01-17T17:25:32","slug":"fa-cup-preview-everton-crystal-palace","status":"publish","type":"post","link":"https:\/\/evertonfc.cz\/index.php\/2024\/01\/17\/fa-cup-preview-everton-crystal-palace\/","title":{"rendered":"FA Cup Preview: Everton \u2013 Crystal Palace"},"content":{"rendered":"<h4>Aby sme sa zrejme cez zimn\u00fa prest\u00e1vku nenudili, repr\u00edzy najstar\u0161ej futbalovej s\u00fa\u0165a\u017ee sveta s\u00fa st\u00e1le v platnosti. Aspo\u0148 do piateho kola. Dostaneme sa tam? Luton u\u017e \u010dak\u00e1.<\/h4>\n<p>Bude za potreby minim\u00e1lne o chlp lep\u0161\u00ed v\u00fdkon, ne\u017e tomu bolo v Lond\u00fdne, kde dom\u00e1ce Orly lietali akosi s vytrhan\u00fdm per\u00edm. \u010ci im u\u017e dor\u00e1stlo, sa dozvieme dnes ve\u010der pod svetlami Grand Old Lady. Ak \u00e1no, ten chlp sta\u010di\u0165 nebude. Virg\u00ednia v br\u00e1ne by v\u0161ak mohol. V prvom stretnut\u00ed na nepriate\u013eskom \u00fazem\u00ed si po\u010d\u00ednal \u00factyhodne. Sebavedom\u00fd a ist\u00fd v\u00fdkon korunoval \u010dist\u00fdm kontom. Nie\u010do mi v\u0161ak vrav\u00ed, \u017ee Dyche mo\u017eno p\u00f4jde na istotu. To sa m\u00f4\u017ee, bohu\u017eia\u013e, t\u00fdka\u0165 aj op\u00e4tovn\u00e9ho nasadenia Calverta-Lewina.<\/p>\n<p>Ten sa formou a sebavedom\u00edm u\u017e dlho nepozdravil, a zd\u00e1 sa, \u017ee sa to \u010fal\u0161\u00edmi z\u00e1pasmi len zhor\u0161uje. Preto je na mieste ot\u00e1zka, kedy si kone\u010dne zasl\u00fa\u017ei sekvenciu \u0161tartov aj \u00fato\u010dn\u00edk \u010d\u00edslo dva \u2013 Beto. \u00d3, a vedeli ste, \u017ee \u010derven\u00e1 karta z prv\u00e9ho z\u00e1pasu pre DCL, ktor\u00e1 bola n\u00e1sledne zru\u0161en\u00e1, sa st\u00e1le r\u00e1ta do po\u010dtu Tak\u017ee, ak by dostal \u010fal\u0161iu, bude mimo o z\u00e1pas navy\u0161e.\u00a0 Dne\u0161n\u00e9 ot\u00e1zniky sa t\u00fdkaj\u00fa Doucour\u00e9ho a Colemana. K\u00fdm prv\u00fd menovan\u00fd bude pozorovan\u00fd kv\u00f4li \u00fanave po skorom n\u00e1vrate do akcie, n\u00e1\u0161 kapit\u00e1n naposledy c\u00edtil stuhnut\u00fd zadn\u00fd stehenn\u00fd sval.<\/p>\n<p>Young u\u017e tr\u00e9nuje, ale na ostr\u00fa akciu je to skoro. Gueyeho Senegal vyhral obidva doteraj\u0161ie z\u00e1pasy na Africkom poh\u00e1ri. Idrissa ich v\u0161ak presedel na lavi\u010dke, \u010do v podstate m\u00f4\u017eeme pova\u017eova\u0165 za plus. A nakoniec, Deleho nekone\u010dn\u00e1 absencia pokra\u010duje aj t\u00fdmto duelom. Gomes n\u00e1m preto m\u00f4\u017ee pr\u00eds\u0165 ako zlat\u00fd.<\/p>\n<h4>Dyche pred z\u00e1pasom:<\/h4>\n<blockquote><p><span style=\"font-size: 12pt;\"><em>\u201eTrv\u00e1m pri sebe, person\u00e1le a hr\u00e1\u010doch, aby sme sa s\u00fastredili na pr\u00e1cu, ktor\u00fa rob\u00edme, a t\u00e1 sa v\u00f4bec nezmenila. M\u00f4\u017eeme sa zlep\u0161i\u0165? M\u00f4\u017eeme by\u0165 silnej\u0161\u00ed? M\u00f4\u017eeme hr\u00e1\u010dov \u010falej rozv\u00edja\u0165? Mysl\u00edm, \u017ee zn\u00e1mky toho tu s\u00fa. Zost\u00e1vame s\u00fastreden\u00ed. Mysl\u00edm si, \u017ee odv\u00e1dzame dobr\u00fa pr\u00e1cu, a hr\u00e1\u010di si zatia\u013e zasl\u00fa\u017eia ve\u013ek\u00e9 uznanie, preto\u017ee zostali s\u00fastreden\u00ed. V\u00fdkony zostali dobr\u00e9. Mali sme naozaj skvel\u00fa s\u00e9riu v\u00fdsledkov, prip\u00edsali si v\u00ed\u0165azstv\u00e1. Ale bol tam aj dobr\u00fd sled v\u00fdkonov, z ktor\u00fdch sme nemali ni\u010d. Ale to je niekedy Premier League. Dali sme jasne najavo, \u017ee ka\u017ed\u00fd z\u00e1pas je d\u00f4le\u017eit\u00fd. Mysl\u00edm, \u017ee sme i\u0161li so spr\u00e1vnym pr\u00edstupom a sp\u00f4sobom, aby sme vyhrali s Crystal Palace. Nedosiahli sme v\u00ed\u0165azstvo, ale pritiahli sme to sem, tak\u017ee na\u0161e nastavenie je tak\u00e9to: ak\u00fdko\u013evek t\u00edm tam postav\u00edme, bude ma\u0165 100% jasno v tom, \u017ee chceme z\u00e1pas vyhra\u0165.\u201c<\/em><\/span><\/p><\/blockquote>\n<p>K\u00fdm my sme zarez\u00e1vali do rem\u00edzy s Villans, n\u00e1\u0161 s\u00faper sa ulieval. My sa budeme tento v\u00edkend, oni naopak v sobotu u\u017e na obed zav\u00edtaj\u00fa na Emirates, kde ich bude \u010daka\u0165 po bodoch hladn\u00fd Arteta. \u017deby sa po\u0161etrili? Mo\u017eno. A mo\u017eno nie. Oni odpo\u010det bodov nedostan\u00fa. Karamelky mo\u017eno aj dva, a Forest takisto mus\u00ed. \u010coko\u013evek in\u00e9 v pr\u00edpade Nottinghamu neobstoj\u00ed, ak sa n\u00e1\u0161 verdikt drasticky nezmen\u00ed. Ka\u017edop\u00e1dne, kry\u0161t\u00e1lov\u00fdm nepom\u00f4\u017ee \u0161ikovn\u00fd kr\u00eddeln\u00edk Olise. Holding, ich vlastn\u00fd Doucour\u00e9, Ward a Rak-Sakyl tie\u017e nie. V\u0161etci pre zranenia. Ayew na AFCONe reprezentuje Ghanu. Do br\u00e1ny na tento duel sa im v\u0161ak vr\u00e1ti Sam Johnstone. Prv\u00fd z\u00e1pas 3. kola chytal Henderson.<\/p>\n<h4>Dyche o \u010fal\u0161om obvinen\u00ed z poru\u0161enia PSR:<\/h4>\n<blockquote><p><em><span style=\"font-size: 12pt;\">\u201eSom tu takmer rok a pod\u013ea mojej \u010dasovej osi a ur\u010dite aj pod\u013ea najnov\u0161\u00edch \u0161tatist\u00edk a faktov si mysl\u00edm, \u017ee sme na posledn\u00fdch troch alebo \u0161tyroch prie\u010dkach v \u010dist\u00fdch v\u00fddavkoch za posledn\u00e9 tri alebo \u0161tyri sez\u00f3ny. Je tu v\u00fdchodiskov\u00fd bod pre klub, ktor\u00fd nazna\u010duje, \u017ee rob\u00ed veci spr\u00e1vne. Odkedy som tu, nechali sme hr\u00e1\u010dom vypr\u0161a\u0165 zmluvy, z ktor\u00fdch by sme si niektor\u00fdch ponechali, ale nemohli sme to urobi\u0165. Tvrdo sme pracovali na tom, aby sme tu v\u0161etko zn\u00ed\u017eili. Predali sme troch mlad\u00fdch hr\u00e1\u010dov v \u010dasovom harmonograme, ktor\u00fd sme dostali, aby sme sa uistili, \u017ee peniaze s\u00fa. Nov\u00fd \u0161tadi\u00f3n hovor\u00ed s\u00e1m za seba. Bude ma\u0165 vplyv na mesto rovnako ako \u010doko\u013evek in\u00e9, a na Evertonians. Star\u00fd \u0161tadi\u00f3n je rozv\u00edjan\u00fd pre dobr\u00e9 \u00fa\u010dely, a popri tom sa sna\u017e\u00edm st\u00e1le posklada\u0165 t\u00edm, ktor\u00fd m\u00f4\u017ee by\u0165 konkurencieschopn\u00fd, samozrejme, a v\u0161etky veci, ktor\u00e9 s t\u00fdm s\u00favisia. St\u00e1le sa sna\u017e\u00edme pracova\u0165 v r\u00e1mci rozpo\u010dtu, podpisova\u0165 hr\u00e1\u010dov, za ktor\u00fdch sme do prv\u00e9ho roku zmluvy ani nemuseli plati\u0165&#8230; Sna\u017e\u00edte sa n\u00e1js\u0165 sp\u00f4soby, ako by\u0165 st\u00e1le konkurencieschopn\u00ed, ako najviac by\u0165 m\u00f4\u017eete. A potom skon\u010d\u00edte so \u0161portovou sankciou. Rob\u00edme v\u0161etko, \u010do je v na\u0161ich sil\u00e1ch, aby sme vyrie\u0161ili v\u0161etky tieto r\u00e9busy. Je to sankcia na ihrisku, ale v skuto\u010dnosti sme obmedzili my\u0161lienku by\u0165 siln\u00fd na ihrisku t\u00fdm, \u017ee sme sa sna\u017eili robi\u0165 spr\u00e1vne veci. Nem\u00e1me \u0161portov\u00fa v\u00fdhodu, a napriek tomu sme potrestan\u00ed. Je to teda \u0165a\u017ek\u00e9, bez pochyby.\u201c<\/span><\/em><\/p><\/blockquote>\n<h3 style=\"text-align: center;\"><span style=\"color: #3366ff;\"><em>Up The Toffees !!!<\/em><\/span><\/h3>\n<p><strong>\u010co:<\/strong> Everton FC \u2013 Crystal Palace FC, repr\u00edza 3. kolo FA Cup<br \/>\n<strong>Kedy:<\/strong> 17.1. 2024 od 20:45 SE\u010c<br \/>\n<strong>Ako:<\/strong> iba streamy \u2013 Totalsportek, Reddit<br \/>\n<strong>Kde:<\/strong> Goodison Park \u2013 Goodison Rd, Liverpool L4 4EL (kapacita: 39 414)<br \/>\n<strong>Rozhodca:<\/strong> Tony Harrington\u00a0 <strong>Asistenti:<\/strong> R. West, C. Taylor<strong>\u00a0 \u0160tvrt\u00fd rozhodca:<\/strong> S. Mather<br \/>\n<strong>VAR:<\/strong> Simon Hooper\u00a0 <strong>Asistenti VAR:<\/strong> S. Attwell, M. Perry<\/p>\n","protected":false},"excerpt":{"rendered":"<p>Aby sme sa zrejme cez zimn\u00fa prest\u00e1vku nenudili, repr\u00edzy najstar\u0161ej futbalovej s\u00fa\u0165a\u017ee sveta s\u00fa st\u00e1le v platnosti. Aspo\u0148 do piateho kola. Dostaneme sa tam? Luton u\u017e \u010dak\u00e1.<\/p>\n","protected":false},"author":1,"featured_media":14858,"comment_status":"open","ping_status":"closed","sticky":false,"template":"","format":"standard","meta":{"_eb_attr":"","_monsterinsights_skip_tracking":false,"_monsterinsights_sitenote_active":false,"_monsterinsights_sitenote_note":"","_monsterinsights_sitenote_category":0,"footnotes":""},"categories":[4],"tags":[],"yoast_head":"<!-- This site is optimized with the Yoast SEO plugin v23.4 - https:\/\/yoast.com\/wordpress\/plugins\/seo\/ -->\n<title>FA Cup Preview: Everton \u2013 Crystal Palace - Official Czech &amp; Slovak Everton Supporters&#039; Club<\/title>\n<meta name=\"robots\" content=\"index, follow, max-snippet:-1, max-image-preview:large, max-video-preview:-1\" \/>\n<link rel=\"canonical\" href=\"https:\/\/evertonfc.cz\/index.php\/2024\/01\/17\/fa-cup-preview-everton-crystal-palace\/\" \/>\n<meta property=\"og:locale\" content=\"cs_CZ\" \/>\n<meta property=\"og:type\" content=\"article\" \/>\n<meta property=\"og:title\" content=\"FA Cup Preview: Everton \u2013 Crystal Palace - Official Czech &amp; Slovak Everton Supporters&#039; Club\" \/>\n<meta property=\"og:description\" content=\"Aby sme sa zrejme cez zimn\u00fa prest\u00e1vku nenudili, repr\u00edzy najstar\u0161ej futbalovej s\u00fa\u0165a\u017ee sveta s\u00fa st\u00e1le v platnosti. Aspo\u0148 do piateho kola. Dostaneme sa tam? Luton u\u017e \u010dak\u00e1.\" \/>\n<meta property=\"og:url\" content=\"https:\/\/evertonfc.cz\/index.php\/2024\/01\/17\/fa-cup-preview-everton-crystal-palace\/\" \/>\n<meta property=\"og:site_name\" content=\"Official Czech &amp; Slovak Everton Supporters&#039; Club\" \/>\n<meta property=\"article:publisher\" content=\"https:\/\/www.facebook.com\/everton.fans.cz.sk\" \/>\n<meta property=\"article:published_time\" content=\"2024-01-17T15:31:49+00:00\" \/>\n<meta property=\"article:modified_time\" content=\"2024-01-17T17:25:32+00:00\" \/>\n<meta property=\"og:image\" content=\"https:\/\/evertonfc.cz\/wp-content\/uploads\/2021\/04\/Everton-VS-Crystal-Palace.png\" \/>\n\t<meta property=\"og:image:width\" content=\"720\" \/>\n\t<meta property=\"og:image:height\" content=\"405\" \/>\n\t<meta property=\"og:image:type\" content=\"image\/png\" \/>\n<meta name=\"author\" content=\"BlueBlooded\" \/>\n<meta name=\"twitter:card\" content=\"summary_large_image\" \/>\n<meta name=\"twitter:label1\" content=\"Napsal(a)\" \/>\n\t<meta name=\"twitter:data1\" content=\"BlueBlooded\" \/>\n\t<meta name=\"twitter:label2\" content=\"Odhadovan\u00e1 doba \u010dten\u00ed\" \/>\n\t<meta name=\"twitter:data2\" content=\"3 minuty\" \/>\n<script type=\"application\/ld+json\" class=\"yoast-schema-graph\">{\"@context\":\"https:\/\/schema.org\",\"@graph\":[{\"@type\":\"Article\",\"@id\":\"https:\/\/evertonfc.cz\/index.php\/2024\/01\/17\/fa-cup-preview-everton-crystal-palace\/#article\",\"isPartOf\":{\"@id\":\"https:\/\/evertonfc.cz\/index.php\/2024\/01\/17\/fa-cup-preview-everton-crystal-palace\/\"},\"author\":{\"name\":\"BlueBlooded\",\"@id\":\"https:\/\/evertonfc.cz\/#\/schema\/person\/d4493b8cbea51532597fbc4685698916\"},\"headline\":\"FA Cup Preview: Everton \u2013 Crystal Palace\",\"datePublished\":\"2024-01-17T15:31:49+00:00\",\"dateModified\":\"2024-01-17T17:25:32+00:00\",\"mainEntityOfPage\":{\"@id\":\"https:\/\/evertonfc.cz\/index.php\/2024\/01\/17\/fa-cup-preview-everton-crystal-palace\/\"},\"wordCount\":996,\"commentCount\":5,\"publisher\":{\"@id\":\"https:\/\/evertonfc.cz\/#organization\"},\"image\":{\"@id\":\"https:\/\/evertonfc.cz\/index.php\/2024\/01\/17\/fa-cup-preview-everton-crystal-palace\/#primaryimage\"},\"thumbnailUrl\":\"https:\/\/evertonfc.cz\/wp-content\/uploads\/2021\/04\/Everton-VS-Crystal-Palace.png\",\"articleSection\":[\"Z\u00e1pasy\"],\"inLanguage\":\"cs\",\"potentialAction\":[{\"@type\":\"CommentAction\",\"name\":\"Comment\",\"target\":[\"https:\/\/evertonfc.cz\/index.php\/2024\/01\/17\/fa-cup-preview-everton-crystal-palace\/#respond\"]}]},{\"@type\":\"WebPage\",\"@id\":\"https:\/\/evertonfc.cz\/index.php\/2024\/01\/17\/fa-cup-preview-everton-crystal-palace\/\",\"url\":\"https:\/\/evertonfc.cz\/index.php\/2024\/01\/17\/fa-cup-preview-everton-crystal-palace\/\",\"name\":\"FA Cup Preview: Everton \u2013 Crystal Palace - Official Czech &amp; Slovak Everton Supporters&#039; Club\",\"isPartOf\":{\"@id\":\"https:\/\/evertonfc.cz\/#website\"},\"primaryImageOfPage\":{\"@id\":\"https:\/\/evertonfc.cz\/index.php\/2024\/01\/17\/fa-cup-preview-everton-crystal-palace\/#primaryimage\"},\"image\":{\"@id\":\"https:\/\/evertonfc.cz\/index.php\/2024\/01\/17\/fa-cup-preview-everton-crystal-palace\/#primaryimage\"},\"thumbnailUrl\":\"https:\/\/evertonfc.cz\/wp-content\/uploads\/2021\/04\/Everton-VS-Crystal-Palace.png\",\"datePublished\":\"2024-01-17T15:31:49+00:00\",\"dateModified\":\"2024-01-17T17:25:32+00:00\",\"breadcrumb\":{\"@id\":\"https:\/\/evertonfc.cz\/index.php\/2024\/01\/17\/fa-cup-preview-everton-crystal-palace\/#breadcrumb\"},\"inLanguage\":\"cs\",\"potentialAction\":[{\"@type\":\"ReadAction\",\"target\":[\"https:\/\/evertonfc.cz\/index.php\/2024\/01\/17\/fa-cup-preview-everton-crystal-palace\/\"]}]},{\"@type\":\"ImageObject\",\"inLanguage\":\"cs\",\"@id\":\"https:\/\/evertonfc.cz\/index.php\/2024\/01\/17\/fa-cup-preview-everton-crystal-palace\/#primaryimage\",\"url\":\"https:\/\/evertonfc.cz\/wp-content\/uploads\/2021\/04\/Everton-VS-Crystal-Palace.png\",\"contentUrl\":\"https:\/\/evertonfc.cz\/wp-content\/uploads\/2021\/04\/Everton-VS-Crystal-Palace.png\",\"width\":720,\"height\":405},{\"@type\":\"BreadcrumbList\",\"@id\":\"https:\/\/evertonfc.cz\/index.php\/2024\/01\/17\/fa-cup-preview-everton-crystal-palace\/#breadcrumb\",\"itemListElement\":[{\"@type\":\"ListItem\",\"position\":1,\"name\":\"Home\",\"item\":\"https:\/\/evertonfc.cz\/\"},{\"@type\":\"ListItem\",\"position\":2,\"name\":\"FA Cup Preview: Everton \u2013 Crystal Palace\"}]},{\"@type\":\"WebSite\",\"@id\":\"https:\/\/evertonfc.cz\/#website\",\"url\":\"https:\/\/evertonfc.cz\/\",\"name\":\"Official Czech &amp; Slovak Everton Supporters&#039; Club\",\"description\":\"\",\"publisher\":{\"@id\":\"https:\/\/evertonfc.cz\/#organization\"},\"potentialAction\":[{\"@type\":\"SearchAction\",\"target\":{\"@type\":\"EntryPoint\",\"urlTemplate\":\"https:\/\/evertonfc.cz\/?s={search_term_string}\"},\"query-input\":{\"@type\":\"PropertyValueSpecification\",\"valueRequired\":true,\"valueName\":\"search_term_string\"}}],\"inLanguage\":\"cs\"},{\"@type\":\"Organization\",\"@id\":\"https:\/\/evertonfc.cz\/#organization\",\"name\":\"Official Czech & Slovak Everton Supporters' Club\",\"url\":\"https:\/\/evertonfc.cz\/\",\"logo\":{\"@type\":\"ImageObject\",\"inLanguage\":\"cs\",\"@id\":\"https:\/\/evertonfc.cz\/#\/schema\/logo\/image\/\",\"url\":\"https:\/\/evertonfc.cz\/wp-content\/uploads\/2019\/05\/logo.png\",\"contentUrl\":\"https:\/\/evertonfc.cz\/wp-content\/uploads\/2019\/05\/logo.png\",\"width\":112,\"height\":112,\"caption\":\"Official Czech & Slovak Everton Supporters' Club\"},\"image\":{\"@id\":\"https:\/\/evertonfc.cz\/#\/schema\/logo\/image\/\"},\"sameAs\":[\"https:\/\/www.facebook.com\/everton.fans.cz.sk\"]},{\"@type\":\"Person\",\"@id\":\"https:\/\/evertonfc.cz\/#\/schema\/person\/d4493b8cbea51532597fbc4685698916\",\"name\":\"BlueBlooded\",\"url\":\"https:\/\/evertonfc.cz\/index.php\/author\/admin\/\"}]}<\/script>\n<!-- \/ Yoast SEO plugin. -->","yoast_head_json":{"title":"FA Cup Preview: Everton \u2013 Crystal Palace - Official Czech &amp; Slovak Everton Supporters&#039; Club","robots":{"index":"index","follow":"follow","max-snippet":"max-snippet:-1","max-image-preview":"max-image-preview:large","max-video-preview":"max-video-preview:-1"},"canonical":"https:\/\/evertonfc.cz\/index.php\/2024\/01\/17\/fa-cup-preview-everton-crystal-palace\/","og_locale":"cs_CZ","og_type":"article","og_title":"FA Cup Preview: Everton \u2013 Crystal Palace - Official Czech &amp; Slovak Everton Supporters&#039; Club","og_description":"Aby sme sa zrejme cez zimn\u00fa prest\u00e1vku nenudili, repr\u00edzy najstar\u0161ej futbalovej s\u00fa\u0165a\u017ee sveta s\u00fa st\u00e1le v platnosti. Aspo\u0148 do piateho kola. Dostaneme sa tam? Luton u\u017e \u010dak\u00e1.","og_url":"https:\/\/evertonfc.cz\/index.php\/2024\/01\/17\/fa-cup-preview-everton-crystal-palace\/","og_site_name":"Official Czech &amp; Slovak Everton Supporters&#039; Club","article_publisher":"https:\/\/www.facebook.com\/everton.fans.cz.sk","article_published_time":"2024-01-17T15:31:49+00:00","article_modified_time":"2024-01-17T17:25:32+00:00","og_image":[{"width":720,"height":405,"url":"https:\/\/evertonfc.cz\/wp-content\/uploads\/2021\/04\/Everton-VS-Crystal-Palace.png","type":"image\/png"}],"author":"BlueBlooded","twitter_card":"summary_large_image","twitter_misc":{"Napsal(a)":"BlueBlooded","Odhadovan\u00e1 doba \u010dten\u00ed":"3 minuty"},"schema":{"@context":"https:\/\/schema.org","@graph":[{"@type":"Article","@id":"https:\/\/evertonfc.cz\/index.php\/2024\/01\/17\/fa-cup-preview-everton-crystal-palace\/#article","isPartOf":{"@id":"https:\/\/evertonfc.cz\/index.php\/2024\/01\/17\/fa-cup-preview-everton-crystal-palace\/"},"author":{"name":"BlueBlooded","@id":"https:\/\/evertonfc.cz\/#\/schema\/person\/d4493b8cbea51532597fbc4685698916"},"headline":"FA Cup Preview: Everton \u2013 Crystal Palace","datePublished":"2024-01-17T15:31:49+00:00","dateModified":"2024-01-17T17:25:32+00:00","mainEntityOfPage":{"@id":"https:\/\/evertonfc.cz\/index.php\/2024\/01\/17\/fa-cup-preview-everton-crystal-palace\/"},"wordCount":996,"commentCount":5,"publisher":{"@id":"https:\/\/evertonfc.cz\/#organization"},"image":{"@id":"https:\/\/evertonfc.cz\/index.php\/2024\/01\/17\/fa-cup-preview-everton-crystal-palace\/#primaryimage"},"thumbnailUrl":"https:\/\/evertonfc.cz\/wp-content\/uploads\/2021\/04\/Everton-VS-Crystal-Palace.png","articleSection":["Z\u00e1pasy"],"inLanguage":"cs","potentialAction":[{"@type":"CommentAction","name":"Comment","target":["https:\/\/evertonfc.cz\/index.php\/2024\/01\/17\/fa-cup-preview-everton-crystal-palace\/#respond"]}]},{"@type":"WebPage","@id":"https:\/\/evertonfc.cz\/index.php\/2024\/01\/17\/fa-cup-preview-everton-crystal-palace\/","url":"https:\/\/evertonfc.cz\/index.php\/2024\/01\/17\/fa-cup-preview-everton-crystal-palace\/","name":"FA Cup Preview: Everton \u2013 Crystal Palace - Official Czech &amp; Slovak Everton Supporters&#039; Club","isPartOf":{"@id":"https:\/\/evertonfc.cz\/#website"},"primaryImageOfPage":{"@id":"https:\/\/evertonfc.cz\/index.php\/2024\/01\/17\/fa-cup-preview-everton-crystal-palace\/#primaryimage"},"image":{"@id":"https:\/\/evertonfc.cz\/index.php\/2024\/01\/17\/fa-cup-preview-everton-crystal-palace\/#primaryimage"},"thumbnailUrl":"https:\/\/evertonfc.cz\/wp-content\/uploads\/2021\/04\/Everton-VS-Crystal-Palace.png","datePublished":"2024-01-17T15:31:49+00:00","dateModified":"2024-01-17T17:25:32+00:00","breadcrumb":{"@id":"https:\/\/evertonfc.cz\/index.php\/2024\/01\/17\/fa-cup-preview-everton-crystal-palace\/#breadcrumb"},"inLanguage":"cs","potentialAction":[{"@type":"ReadAction","target":["https:\/\/evertonfc.cz\/index.php\/2024\/01\/17\/fa-cup-preview-everton-crystal-palace\/"]}]},{"@type":"ImageObject","inLanguage":"cs","@id":"https:\/\/evertonfc.cz\/index.php\/2024\/01\/17\/fa-cup-preview-everton-crystal-palace\/#primaryimage","url":"https:\/\/evertonfc.cz\/wp-content\/uploads\/2021\/04\/Everton-VS-Crystal-Palace.png","contentUrl":"https:\/\/evertonfc.cz\/wp-content\/uploads\/2021\/04\/Everton-VS-Crystal-Palace.png","width":720,"height":405},{"@type":"BreadcrumbList","@id":"https:\/\/evertonfc.cz\/index.php\/2024\/01\/17\/fa-cup-preview-everton-crystal-palace\/#breadcrumb","itemListElement":[{"@type":"ListItem","position":1,"name":"Home","item":"https:\/\/evertonfc.cz\/"},{"@type":"ListItem","position":2,"name":"FA Cup Preview: Everton \u2013 Crystal Palace"}]},{"@type":"WebSite","@id":"https:\/\/evertonfc.cz\/#website","url":"https:\/\/evertonfc.cz\/","name":"Official Czech &amp; Slovak Everton Supporters&#039; Club","description":"","publisher":{"@id":"https:\/\/evertonfc.cz\/#organization"},"potentialAction":[{"@type":"SearchAction","target":{"@type":"EntryPoint","urlTemplate":"https:\/\/evertonfc.cz\/?s={search_term_string}"},"query-input":{"@type":"PropertyValueSpecification","valueRequired":true,"valueName":"search_term_string"}}],"inLanguage":"cs"},{"@type":"Organization","@id":"https:\/\/evertonfc.cz\/#organization","name":"Official Czech & Slovak Everton Supporters' Club","url":"https:\/\/evertonfc.cz\/","logo":{"@type":"ImageObject","inLanguage":"cs","@id":"https:\/\/evertonfc.cz\/#\/schema\/logo\/image\/","url":"https:\/\/evertonfc.cz\/wp-content\/uploads\/2019\/05\/logo.png","contentUrl":"https:\/\/evertonfc.cz\/wp-content\/uploads\/2019\/05\/logo.png","width":112,"height":112,"caption":"Official Czech & Slovak Everton Supporters' Club"},"image":{"@id":"https:\/\/evertonfc.cz\/#\/schema\/logo\/image\/"},"sameAs":["https:\/\/www.facebook.com\/everton.fans.cz.sk"]},{"@type":"Person","@id":"https:\/\/evertonfc.cz\/#\/schema\/person\/d4493b8cbea51532597fbc4685698916","name":"BlueBlooded","url":"https:\/\/evertonfc.cz\/index.php\/author\/admin\/"}]}},"_links":{"self":[{"href":"https:\/\/evertonfc.cz\/index.php\/wp-json\/wp\/v2\/posts\/23721"}],"collection":[{"href":"https:\/\/evertonfc.cz\/index.php\/wp-json\/wp\/v2\/posts"}],"about":[{"href":"https:\/\/evertonfc.cz\/index.php\/wp-json\/wp\/v2\/types\/post"}],"author":[{"embeddable":true,"href":"https:\/\/evertonfc.cz\/index.php\/wp-json\/wp\/v2\/users\/1"}],"replies":[{"embeddable":true,"href":"https:\/\/evertonfc.cz\/index.php\/wp-json\/wp\/v2\/comments?post=23721"}],"version-history":[{"count":7,"href":"https:\/\/evertonfc.cz\/index.php\/wp-json\/wp\/v2\/posts\/23721\/revisions"}],"predecessor-version":[{"id":23728,"href":"https:\/\/evertonfc.cz\/index.php\/wp-json\/wp\/v2\/posts\/23721\/revisions\/23728"}],"wp:featuredmedia":[{"embeddable":true,"href":"https:\/\/evertonfc.cz\/index.php\/wp-json\/wp\/v2\/media\/14858"}],"wp:attachment":[{"href":"https:\/\/evertonfc.cz\/index.php\/wp-json\/wp\/v2\/media?parent=23721"}],"wp:term":[{"taxonomy":"category","embeddable":true,"href":"https:\/\/evertonfc.cz\/index.php\/wp-json\/wp\/v2\/categories?post=23721"},{"taxonomy":"post_tag","embeddable":true,"href":"https:\/\/evertonfc.cz\/index.php\/wp-json\/wp\/v2\/tags?post=23721"}],"curies":[{"name":"wp","href":"https:\/\/api.w.org\/{rel}","templated":true}]}}