{"id":23769,"date":"2024-01-23T22:12:17","date_gmt":"2024-01-23T21:12:17","guid":{"rendered":"https:\/\/evertonfc.cz\/?p=23769"},"modified":"2024-01-24T21:05:01","modified_gmt":"2024-01-24T20:05:01","slug":"arsenal-w-everton-w-21","status":"publish","type":"post","link":"https:\/\/evertonfc.cz\/index.php\/2024\/01\/23\/arsenal-w-everton-w-21\/","title":{"rendered":"Arsenal W &#8211; Everton W 2:1"},"content":{"rendered":"<h4>Utk\u00e1n\u00ed, kde jsem o\u010dek\u00e1val tradi\u010dn\u00ed debakl skon\u010dilo velmi solidn\u00edm sk\u00f3re. Je ale ot\u00e1zka, nakolik kone\u010dn\u00fd stav odpov\u00eddal pr\u016fb\u011bhu cel\u00e9ho z\u00e1pasu<\/h4>\n<p>Arsenal nal\u00e9hav\u011b pot\u0159eboval body, aby dr\u017eel krok s leadrem tabulky Chelsea a my nal\u00e9hav\u011b pot\u0159ebovali prolomit proklet\u00ed na\u0161ich tradi\u010dn\u00edch proher s Gunners. Bohu\u017eel ani tentokr\u00e1t to nevy\u0161lo. Ale bylo k tomu mo\u017en\u00e1 bl\u00ed\u017e, ne\u017e kdykoliv p\u0159ed t\u00edm. Na z\u00e1pas jsme dorazili prakticky v pln\u00e9 s\u00edle, zat\u00edmco dom\u00e1c\u00ed st\u00e1le v obran\u011b postr\u00e1dali Leu Williamson OBE zotavuj\u00edc\u00ed se z poran\u011bn\u00ed kolene.<\/p>\n<h4>Prvn\u00ed polo\u010das<\/h4>\n<p>p\u0159inesl prvn\u00ed \u010dasn\u00fd g\u00f3l dom\u00e1c\u00edch. U\u017e v 9. minut\u011b si po na\u0161\u00ed nep\u0159esn\u00e9 rozehr\u00e1vce a ned\u016fsledn\u00e9m br\u00e1n\u011bn\u00ed arsenalsk\u00e9 hr\u00e1\u010dky pohr\u00e1ly s na\u0161\u00ed obranou a Foord zbl\u00edzka p\u0159ekonala Brosnan &#8211; <strong>1:1<\/strong>.\u00a0 P\u0159edt\u00edm je\u0161t\u011b Mead sta\u010dila tvrdou ranou oraz\u00edtkovat b\u0159evno. Vypadalo to, \u017ee je jen ot\u00e1zkou \u010dasu, kdy p\u0159ijdou dal\u0161\u00ed g\u00f3ly do na\u0161\u00ed s\u00edt\u011b. Nicm\u00e9n\u011b se stal prav\u00fd opak: prakticky z ni\u010deho nic Olesen vyslala dlouh\u00fdm n\u00e1kopem dop\u0159edu Snoijs. Ta si poradila s n\u00e1strahami ofsajdu, p\u0159edb\u011bhla trojici dom\u00e1c\u00edch obr\u00e1nky\u0148 a na z\u00e1v\u011br p\u0159ekonala vyb\u011bhnuv\u0161\u00ed Zinsberger &#8211; <strong>1:1<\/strong>. Bylo vid\u011bt, \u017ee s tohle brankou Arsenal v \u017e\u00e1dn\u00e9m p\u0159\u00edpad\u011b nepo\u010d\u00edtal. A n\u00e1m v d\u00e1lce slab\u011b zasv\u00edtilo sv\u011btlo nad\u011bje na rem\u00edzu. Bohu\u017eel blikotalo jen n\u011bjak\u00fdch dvacet minut, proto\u017ee v nastaven\u00ed prvn\u00ed p\u016fle si Mead v klidu nasko\u010dila na dlouh\u00fd centr <span data-reactid=\".tgvwu3x362.0.0.1.1.0.1.0.1:$home1true.0\">W\u00e4lti a bylo po rem\u00edze &#8211; <strong>2:1<\/strong>.\u00a0<\/span><\/p>\n<h4>Druh\u00fd polo\u010das<\/h4>\n<p>byl rovn\u011b\u017e ve znamen\u00ed dominance dom\u00e1c\u00edch, kter\u00fdm se v\u0161ak k jejich nervozit\u011b st\u00e1le neda\u0159ilo zv\u00fd\u0161it veden\u00ed. Do zna\u010dn\u00e9 m\u00edry za to mohla jejich nep\u0159esnost v zakon\u010den\u00ed. \u010c\u00e1ste\u010dn\u011b ov\u0161em i ob\u011btav\u00e9 z\u00e1kroky na\u0161ich obr\u00e1nky\u0148, kter\u00e9 tak v\u0161ak a\u017e nep\u0159\u00edjemn\u011b \u010dasto hasily p\u0159edch\u00e1zej\u00edc\u00ed lapsus. Brian S\u00f8rensen postupn\u011b p\u0159ivedl do hry na\u0161\u00ed ve\u0161kerou ofenzivn\u00ed s\u00edlu, ptoto\u017ee neklid dom\u00e1c\u00edch vzr\u016fstal a mo\u017enost vyrovn\u00e1n\u00ed nebyla jen teoretick\u00e1. A k jak\u00fdmsi st\u0159el\u00e1m jsme se skute\u010dn\u011b dostali: Madsen a Galli do skou\u0161ely slu\u0161nou rasanc\u00ed zd\u00e1lky, nicm\u00e9n\u011b hradba \u010dervenob\u00edl\u00fdch t\u011bl tyto na\u0161e sporadick\u00e9 pokusy zablokovala. Piemonte v nad\u011bjn\u00e9 pozici prozm\u011bnu nebyla p\u0159esn\u00e1. A proto\u017ee ani Gunners u\u017e nedok\u00e1zali dopravit m\u00ed\u010d za z\u00e1da Brosnan, tak se na sk\u00f3re u\u017e nic nezm\u011bnilo.<\/p>\n<h4>Shrnut\u00ed<\/h4>\n<p>V\u00fdsledek z\u00e1pasu nep\u0159ipom\u00edn\u00e1 hokejov\u00e9 sk\u00f3re, co\u017e je pot\u011b\u0161iteln\u00e9. I p\u0159es pom\u011br st\u0159el 19:4 ve prosp\u011bch lond\u00fdnsk\u00e9ho klubu jsme se nevzdali nad\u011bje na bod. To na\u0161emu mana\u017eerovi i hr\u00e1\u010dk\u00e1m slou\u017e\u00ed ke cti. Nicm\u00e9n\u011b na\u0161e urputnost nakonec \u00fasp\u011bch neslavila. L\u00edbilo se mi, \u017ee Madsen se sna\u017e\u00ed d\u011blat to, pro\u010d byla anga\u017eovan\u00e1, tedy st\u0159\u00edlet. Sice zat\u00edm ne\u00fasp\u011b\u0161n\u011b, ale aspo\u0148 nem\u00e1 sklon k alibistick\u00fdm p\u0159ihr\u00e1vk\u00e1m v nad\u011bjn\u00e9 pozici. Cice po dvou z\u00e1pasech zat\u00edm t\u011b\u017eko soudit, ale mo\u017en\u00e1 by z Olesen a Snoeijs by mohla b\u00fdt zaj\u00edmav\u00e1 \u00fato\u010dn\u00e1 dvojice. Finnigan, Stenevik a i Karen Holmgaard\u00a0 technicky na souboje s \u00fatokem Arsenalu jedna na jednu moc nemaj\u00ed, ale na druhou stranu nev\u00e1haj\u00ed se vrhnout do st\u0159ely nebo skluzem zlikvidovat nebezp\u011b\u010dnou \u0161anci. Co\u017e tentokr\u00e1t prok\u00e1zaly v m\u00ed\u0159e vrchovat\u00e9. To je t\u0159eba rovn\u011b\u017e na prob\u011bhl\u00e9m z\u00e1pase ocenit.\u00a0 A jak\u00fd bude n\u00e1\u0161 nejbli\u017e\u0161\u00ed program? Ve znamen\u00ed li\u0161ek: ve st\u0159edu 24.1. n\u00e1s v r\u00e1mci Conti Cup host\u00ed Leicester, v ned\u011bli naopak n\u00e1v\u0161t\u011bva z Yorkshire zav\u00edt\u00e1 na Walton Hall Park na ligov\u00fd z\u00e1pas. Tak\u017ee <strong><span style=\"color: #0000ff;\" data-darkreader-inline-color=\"\">COYB!<\/span><\/strong><\/p>\n<p style=\"text-align: right;\"><span style=\"font-size: 8pt;\"><em>Fotografie: Beth Mead n\u00e1m st\u0159\u00edl\u00ed g\u00f3l (zdroj: Yahoo.com)<\/em><\/span><\/p>\n<p><strong>Branky:<\/strong> Foord (9\u00b4), Mead (45+3\u00b4) &#8211; Snoeijs (24\u00b4)<strong>\u00a0 \u017dK:<\/strong> W\u00e4lti &#8211; Galli, Campbell, Bennison<\/p>\n<p><strong>Gunners (4-2-3-1): <\/strong>Zinsberger; <span class=\"sp-c-lineup-pitch__player\" data-reactid=\".7uvrno2316.0.0.0.1.$include-23.0.0.1:$panel-0.$0.0.0.0.2.0.0.1:$home-formation-row-1.$home-player-0\"><span class=\"sp-c-lineup-pitch__player__name gs-u-display-block@xs \" data-reactid=\".7uvrno2316.0.0.0.1.$include-23.0.0.1:$panel-0.$0.0.0.0.2.0.0.1:$home-formation-row-1.$home-player-0.1\">Fox, <\/span><\/span><span class=\"sp-c-lineup-pitch__player\" data-reactid=\".7uvrno2316.0.0.0.1.$include-23.0.0.1:$panel-0.$0.0.0.0.2.0.0.1:$home-formation-row-1.$home-player-1\"><span class=\"sp-c-lineup-pitch__player__name gs-u-display-block@xs \" data-reactid=\".7uvrno2316.0.0.0.1.$include-23.0.0.1:$panel-0.$0.0.0.0.2.0.0.1:$home-formation-row-1.$home-player-1.1\">Ilestedt, <\/span><\/span><span class=\"sp-c-lineup-pitch__player\" data-reactid=\".7uvrno2316.0.0.0.1.$include-23.0.0.1:$panel-0.$0.0.0.0.2.0.0.1:$home-formation-row-1.$home-player-2\"><span class=\"sp-c-lineup-pitch__player__name gs-u-display-block@xs \" data-reactid=\".7uvrno2316.0.0.0.1.$include-23.0.0.1:$panel-0.$0.0.0.0.2.0.0.1:$home-formation-row-1.$home-player-2.1\">Wubben-Moy, <\/span><\/span><span class=\"sp-c-lineup-pitch__player\" data-reactid=\".7uvrno2316.0.0.0.1.$include-23.0.0.1:$panel-0.$0.0.0.0.2.0.0.1:$home-formation-row-1.$home-player-3\"><span class=\"sp-c-lineup-pitch__player__name gs-u-display-block@xs \" data-reactid=\".7uvrno2316.0.0.0.1.$include-23.0.0.1:$panel-0.$0.0.0.0.2.0.0.1:$home-formation-row-1.$home-player-3.1\">McCabe (Catley 83\u00b4); Pelova<span class=\"sp-c-lineup-pitch__player__number\" data-reactid=\".7uvrno2316.0.0.0.1.$include-23.0.0.1:$panel-0.$0.0.0.0.2.0.0.1:$home-formation-row-2.$home-player-1.0\">, W\u00e4lti; Mead (Lacasse 90+6\u00b4), Miedema (Maanum 71\u00b4), Foord; Russo (Blackstenius 83\u00b4)<\/span><\/span><\/span><\/p>\n<p><strong>Toffees (3-4-3):<\/strong> Brosnan; <span class=\"sp-c-lineup-pitch__player\" data-reactid=\".7uvrno2316.0.0.0.1.$include-23.0.0.1:$panel-0.$0.0.0.1.2.0.0.1:$away-formation-row-1.$away-player-0\"><span class=\"sp-c-lineup-pitch__player__name gs-u-display-block@xs \" data-reactid=\".7uvrno2316.0.0.0.1.$include-23.0.0.1:$panel-0.$0.0.0.1.2.0.0.1:$away-formation-row-1.$away-player-0.1\">Stenevik, <\/span><\/span><span class=\"sp-c-lineup-pitch__player\" data-reactid=\".7uvrno2316.0.0.0.1.$include-23.0.0.1:$panel-0.$0.0.0.1.2.0.0.1:$away-formation-row-1.$away-player-1\"><span class=\"sp-c-lineup-pitch__player__name gs-u-display-block@xs \" data-reactid=\".7uvrno2316.0.0.0.1.$include-23.0.0.1:$panel-0.$0.0.0.1.2.0.0.1:$away-formation-row-1.$away-player-1.1\">Finnigan, S. <\/span><\/span><span class=\"sp-c-lineup-pitch__player\" data-reactid=\".7uvrno2316.0.0.0.1.$include-23.0.0.1:$panel-0.$0.0.0.1.2.0.0.1:$away-formation-row-1.$away-player-2\"><span class=\"sp-c-lineup-pitch__player__name gs-u-display-block@xs \" data-reactid=\".7uvrno2316.0.0.0.1.$include-23.0.0.1:$panel-0.$0.0.0.1.2.0.0.1:$away-formation-row-1.$away-player-2.1\">Holmgaard; Payne (Madsen 61\u00b4), Wheeler, Galli (Duggan 76\u00b4), Bissell (Campbell 61\u00b4); Bennison, Snoeijs (Piemonte 76\u00b4), Olesen (Hope 60\u00b4)\u00a0<\/span><\/span><\/p>\n<p><strong>Rozhod\u010d\u00ed:<\/strong> Melissa Burgin\u00a0 <strong>Div\u00e1ci:<\/strong> 3713\u00a0 <strong>Evertonsk\u00e1 hr\u00e1\u010dka z\u00e1pasu: <\/strong>Payne<\/p>\n<p><iframe loading=\"lazy\" title=\"Arsenal vs Everton | Highlights | FA Women&#039;s Super League 20-01-2024\" width=\"1140\" height=\"641\" src=\"https:\/\/www.youtube.com\/embed\/qfBKgzaGIGU?feature=oembed\" frameborder=\"0\" allow=\"accelerometer; autoplay; clipboard-write; encrypted-media; gyroscope; picture-in-picture; web-share\" allowfullscreen><\/iframe><\/p>\n","protected":false},"excerpt":{"rendered":"<p>Utk\u00e1n\u00ed, kde jsem o\u010dek\u00e1val tradi\u010dn\u00ed debakl skon\u010dilo velmi solidn\u00edm sk\u00f3re. Je ale ot\u00e1zka, nakolik kone\u010dn\u00fd stav odpov\u00eddal pr\u016fb\u011bhu cel\u00e9ho z\u00e1pasu<\/p>\n","protected":false},"author":26,"featured_media":23774,"comment_status":"open","ping_status":"closed","sticky":false,"template":"","format":"standard","meta":{"_eb_attr":"","_monsterinsights_skip_tracking":false,"_monsterinsights_sitenote_active":false,"_monsterinsights_sitenote_note":"","_monsterinsights_sitenote_category":0,"footnotes":""},"categories":[110],"tags":[],"yoast_head":"<!-- This site is optimized with the Yoast SEO plugin v23.4 - https:\/\/yoast.com\/wordpress\/plugins\/seo\/ -->\n<title>Arsenal W - Everton W 2:1 - Official Czech &amp; Slovak Everton Supporters&#039; Club<\/title>\n<meta name=\"robots\" content=\"index, follow, max-snippet:-1, max-image-preview:large, max-video-preview:-1\" \/>\n<link rel=\"canonical\" href=\"https:\/\/evertonfc.cz\/index.php\/2024\/01\/23\/arsenal-w-everton-w-21\/\" \/>\n<meta property=\"og:locale\" content=\"cs_CZ\" \/>\n<meta property=\"og:type\" content=\"article\" \/>\n<meta property=\"og:title\" content=\"Arsenal W - Everton W 2:1 - Official Czech &amp; Slovak Everton Supporters&#039; Club\" \/>\n<meta property=\"og:description\" content=\"Utk\u00e1n\u00ed, kde jsem o\u010dek\u00e1val tradi\u010dn\u00ed debakl skon\u010dilo velmi solidn\u00edm sk\u00f3re. Je ale ot\u00e1zka, nakolik kone\u010dn\u00fd stav odpov\u00eddal pr\u016fb\u011bhu cel\u00e9ho z\u00e1pasu\" \/>\n<meta property=\"og:url\" content=\"https:\/\/evertonfc.cz\/index.php\/2024\/01\/23\/arsenal-w-everton-w-21\/\" \/>\n<meta property=\"og:site_name\" content=\"Official Czech &amp; Slovak Everton Supporters&#039; Club\" \/>\n<meta property=\"article:publisher\" content=\"https:\/\/www.facebook.com\/everton.fans.cz.sk\" \/>\n<meta property=\"article:published_time\" content=\"2024-01-23T21:12:17+00:00\" \/>\n<meta property=\"article:modified_time\" content=\"2024-01-24T20:05:01+00:00\" \/>\n<meta property=\"og:image\" content=\"https:\/\/evertonfc.cz\/wp-content\/uploads\/2024\/01\/Mead-vs-Brosnan-20_1_2024-web.jpg\" \/>\n\t<meta property=\"og:image:width\" content=\"720\" \/>\n\t<meta property=\"og:image:height\" content=\"405\" \/>\n\t<meta property=\"og:image:type\" content=\"image\/jpeg\" \/>\n<meta name=\"author\" content=\"Karamela\" \/>\n<meta name=\"twitter:card\" content=\"summary_large_image\" \/>\n<meta name=\"twitter:label1\" content=\"Napsal(a)\" \/>\n\t<meta name=\"twitter:data1\" content=\"Karamela\" \/>\n\t<meta name=\"twitter:label2\" content=\"Odhadovan\u00e1 doba \u010dten\u00ed\" \/>\n\t<meta name=\"twitter:data2\" content=\"4 minuty\" \/>\n<script type=\"application\/ld+json\" class=\"yoast-schema-graph\">{\"@context\":\"https:\/\/schema.org\",\"@graph\":[{\"@type\":\"Article\",\"@id\":\"https:\/\/evertonfc.cz\/index.php\/2024\/01\/23\/arsenal-w-everton-w-21\/#article\",\"isPartOf\":{\"@id\":\"https:\/\/evertonfc.cz\/index.php\/2024\/01\/23\/arsenal-w-everton-w-21\/\"},\"author\":{\"name\":\"Karamela\",\"@id\":\"https:\/\/evertonfc.cz\/#\/schema\/person\/e9a24a80a32efa1344dd2c4e5882185c\"},\"headline\":\"Arsenal W &#8211; Everton W 2:1\",\"datePublished\":\"2024-01-23T21:12:17+00:00\",\"dateModified\":\"2024-01-24T20:05:01+00:00\",\"mainEntityOfPage\":{\"@id\":\"https:\/\/evertonfc.cz\/index.php\/2024\/01\/23\/arsenal-w-everton-w-21\/\"},\"wordCount\":780,\"commentCount\":0,\"publisher\":{\"@id\":\"https:\/\/evertonfc.cz\/#organization\"},\"image\":{\"@id\":\"https:\/\/evertonfc.cz\/index.php\/2024\/01\/23\/arsenal-w-everton-w-21\/#primaryimage\"},\"thumbnailUrl\":\"https:\/\/evertonfc.cz\/wp-content\/uploads\/2024\/01\/Mead-vs-Brosnan-20_1_2024-web.jpg\",\"articleSection\":[\"Everton Women\"],\"inLanguage\":\"cs\",\"potentialAction\":[{\"@type\":\"CommentAction\",\"name\":\"Comment\",\"target\":[\"https:\/\/evertonfc.cz\/index.php\/2024\/01\/23\/arsenal-w-everton-w-21\/#respond\"]}]},{\"@type\":\"WebPage\",\"@id\":\"https:\/\/evertonfc.cz\/index.php\/2024\/01\/23\/arsenal-w-everton-w-21\/\",\"url\":\"https:\/\/evertonfc.cz\/index.php\/2024\/01\/23\/arsenal-w-everton-w-21\/\",\"name\":\"Arsenal W - Everton W 2:1 - Official Czech &amp; Slovak Everton Supporters&#039; Club\",\"isPartOf\":{\"@id\":\"https:\/\/evertonfc.cz\/#website\"},\"primaryImageOfPage\":{\"@id\":\"https:\/\/evertonfc.cz\/index.php\/2024\/01\/23\/arsenal-w-everton-w-21\/#primaryimage\"},\"image\":{\"@id\":\"https:\/\/evertonfc.cz\/index.php\/2024\/01\/23\/arsenal-w-everton-w-21\/#primaryimage\"},\"thumbnailUrl\":\"https:\/\/evertonfc.cz\/wp-content\/uploads\/2024\/01\/Mead-vs-Brosnan-20_1_2024-web.jpg\",\"datePublished\":\"2024-01-23T21:12:17+00:00\",\"dateModified\":\"2024-01-24T20:05:01+00:00\",\"breadcrumb\":{\"@id\":\"https:\/\/evertonfc.cz\/index.php\/2024\/01\/23\/arsenal-w-everton-w-21\/#breadcrumb\"},\"inLanguage\":\"cs\",\"potentialAction\":[{\"@type\":\"ReadAction\",\"target\":[\"https:\/\/evertonfc.cz\/index.php\/2024\/01\/23\/arsenal-w-everton-w-21\/\"]}]},{\"@type\":\"ImageObject\",\"inLanguage\":\"cs\",\"@id\":\"https:\/\/evertonfc.cz\/index.php\/2024\/01\/23\/arsenal-w-everton-w-21\/#primaryimage\",\"url\":\"https:\/\/evertonfc.cz\/wp-content\/uploads\/2024\/01\/Mead-vs-Brosnan-20_1_2024-web.jpg\",\"contentUrl\":\"https:\/\/evertonfc.cz\/wp-content\/uploads\/2024\/01\/Mead-vs-Brosnan-20_1_2024-web.jpg\",\"width\":720,\"height\":405},{\"@type\":\"BreadcrumbList\",\"@id\":\"https:\/\/evertonfc.cz\/index.php\/2024\/01\/23\/arsenal-w-everton-w-21\/#breadcrumb\",\"itemListElement\":[{\"@type\":\"ListItem\",\"position\":1,\"name\":\"Home\",\"item\":\"https:\/\/evertonfc.cz\/\"},{\"@type\":\"ListItem\",\"position\":2,\"name\":\"Arsenal W &#8211; Everton W 2:1\"}]},{\"@type\":\"WebSite\",\"@id\":\"https:\/\/evertonfc.cz\/#website\",\"url\":\"https:\/\/evertonfc.cz\/\",\"name\":\"Official Czech &amp; Slovak Everton Supporters&#039; Club\",\"description\":\"\",\"publisher\":{\"@id\":\"https:\/\/evertonfc.cz\/#organization\"},\"potentialAction\":[{\"@type\":\"SearchAction\",\"target\":{\"@type\":\"EntryPoint\",\"urlTemplate\":\"https:\/\/evertonfc.cz\/?s={search_term_string}\"},\"query-input\":{\"@type\":\"PropertyValueSpecification\",\"valueRequired\":true,\"valueName\":\"search_term_string\"}}],\"inLanguage\":\"cs\"},{\"@type\":\"Organization\",\"@id\":\"https:\/\/evertonfc.cz\/#organization\",\"name\":\"Official Czech & Slovak Everton Supporters' Club\",\"url\":\"https:\/\/evertonfc.cz\/\",\"logo\":{\"@type\":\"ImageObject\",\"inLanguage\":\"cs\",\"@id\":\"https:\/\/evertonfc.cz\/#\/schema\/logo\/image\/\",\"url\":\"https:\/\/evertonfc.cz\/wp-content\/uploads\/2019\/05\/logo.png\",\"contentUrl\":\"https:\/\/evertonfc.cz\/wp-content\/uploads\/2019\/05\/logo.png\",\"width\":112,\"height\":112,\"caption\":\"Official Czech & Slovak Everton Supporters' Club\"},\"image\":{\"@id\":\"https:\/\/evertonfc.cz\/#\/schema\/logo\/image\/\"},\"sameAs\":[\"https:\/\/www.facebook.com\/everton.fans.cz.sk\"]},{\"@type\":\"Person\",\"@id\":\"https:\/\/evertonfc.cz\/#\/schema\/person\/e9a24a80a32efa1344dd2c4e5882185c\",\"name\":\"Karamela\",\"url\":\"https:\/\/evertonfc.cz\/index.php\/author\/karamela\/\"}]}<\/script>\n<!-- \/ Yoast SEO plugin. -->","yoast_head_json":{"title":"Arsenal W - Everton W 2:1 - Official Czech &amp; Slovak Everton Supporters&#039; Club","robots":{"index":"index","follow":"follow","max-snippet":"max-snippet:-1","max-image-preview":"max-image-preview:large","max-video-preview":"max-video-preview:-1"},"canonical":"https:\/\/evertonfc.cz\/index.php\/2024\/01\/23\/arsenal-w-everton-w-21\/","og_locale":"cs_CZ","og_type":"article","og_title":"Arsenal W - Everton W 2:1 - Official Czech &amp; Slovak Everton Supporters&#039; Club","og_description":"Utk\u00e1n\u00ed, kde jsem o\u010dek\u00e1val tradi\u010dn\u00ed debakl skon\u010dilo velmi solidn\u00edm sk\u00f3re. Je ale ot\u00e1zka, nakolik kone\u010dn\u00fd stav odpov\u00eddal pr\u016fb\u011bhu cel\u00e9ho z\u00e1pasu","og_url":"https:\/\/evertonfc.cz\/index.php\/2024\/01\/23\/arsenal-w-everton-w-21\/","og_site_name":"Official Czech &amp; Slovak Everton Supporters&#039; Club","article_publisher":"https:\/\/www.facebook.com\/everton.fans.cz.sk","article_published_time":"2024-01-23T21:12:17+00:00","article_modified_time":"2024-01-24T20:05:01+00:00","og_image":[{"width":720,"height":405,"url":"https:\/\/evertonfc.cz\/wp-content\/uploads\/2024\/01\/Mead-vs-Brosnan-20_1_2024-web.jpg","type":"image\/jpeg"}],"author":"Karamela","twitter_card":"summary_large_image","twitter_misc":{"Napsal(a)":"Karamela","Odhadovan\u00e1 doba \u010dten\u00ed":"4 minuty"},"schema":{"@context":"https:\/\/schema.org","@graph":[{"@type":"Article","@id":"https:\/\/evertonfc.cz\/index.php\/2024\/01\/23\/arsenal-w-everton-w-21\/#article","isPartOf":{"@id":"https:\/\/evertonfc.cz\/index.php\/2024\/01\/23\/arsenal-w-everton-w-21\/"},"author":{"name":"Karamela","@id":"https:\/\/evertonfc.cz\/#\/schema\/person\/e9a24a80a32efa1344dd2c4e5882185c"},"headline":"Arsenal W &#8211; Everton W 2:1","datePublished":"2024-01-23T21:12:17+00:00","dateModified":"2024-01-24T20:05:01+00:00","mainEntityOfPage":{"@id":"https:\/\/evertonfc.cz\/index.php\/2024\/01\/23\/arsenal-w-everton-w-21\/"},"wordCount":780,"commentCount":0,"publisher":{"@id":"https:\/\/evertonfc.cz\/#organization"},"image":{"@id":"https:\/\/evertonfc.cz\/index.php\/2024\/01\/23\/arsenal-w-everton-w-21\/#primaryimage"},"thumbnailUrl":"https:\/\/evertonfc.cz\/wp-content\/uploads\/2024\/01\/Mead-vs-Brosnan-20_1_2024-web.jpg","articleSection":["Everton Women"],"inLanguage":"cs","potentialAction":[{"@type":"CommentAction","name":"Comment","target":["https:\/\/evertonfc.cz\/index.php\/2024\/01\/23\/arsenal-w-everton-w-21\/#respond"]}]},{"@type":"WebPage","@id":"https:\/\/evertonfc.cz\/index.php\/2024\/01\/23\/arsenal-w-everton-w-21\/","url":"https:\/\/evertonfc.cz\/index.php\/2024\/01\/23\/arsenal-w-everton-w-21\/","name":"Arsenal W - Everton W 2:1 - Official Czech &amp; Slovak Everton Supporters&#039; Club","isPartOf":{"@id":"https:\/\/evertonfc.cz\/#website"},"primaryImageOfPage":{"@id":"https:\/\/evertonfc.cz\/index.php\/2024\/01\/23\/arsenal-w-everton-w-21\/#primaryimage"},"image":{"@id":"https:\/\/evertonfc.cz\/index.php\/2024\/01\/23\/arsenal-w-everton-w-21\/#primaryimage"},"thumbnailUrl":"https:\/\/evertonfc.cz\/wp-content\/uploads\/2024\/01\/Mead-vs-Brosnan-20_1_2024-web.jpg","datePublished":"2024-01-23T21:12:17+00:00","dateModified":"2024-01-24T20:05:01+00:00","breadcrumb":{"@id":"https:\/\/evertonfc.cz\/index.php\/2024\/01\/23\/arsenal-w-everton-w-21\/#breadcrumb"},"inLanguage":"cs","potentialAction":[{"@type":"ReadAction","target":["https:\/\/evertonfc.cz\/index.php\/2024\/01\/23\/arsenal-w-everton-w-21\/"]}]},{"@type":"ImageObject","inLanguage":"cs","@id":"https:\/\/evertonfc.cz\/index.php\/2024\/01\/23\/arsenal-w-everton-w-21\/#primaryimage","url":"https:\/\/evertonfc.cz\/wp-content\/uploads\/2024\/01\/Mead-vs-Brosnan-20_1_2024-web.jpg","contentUrl":"https:\/\/evertonfc.cz\/wp-content\/uploads\/2024\/01\/Mead-vs-Brosnan-20_1_2024-web.jpg","width":720,"height":405},{"@type":"BreadcrumbList","@id":"https:\/\/evertonfc.cz\/index.php\/2024\/01\/23\/arsenal-w-everton-w-21\/#breadcrumb","itemListElement":[{"@type":"ListItem","position":1,"name":"Home","item":"https:\/\/evertonfc.cz\/"},{"@type":"ListItem","position":2,"name":"Arsenal W &#8211; Everton W 2:1"}]},{"@type":"WebSite","@id":"https:\/\/evertonfc.cz\/#website","url":"https:\/\/evertonfc.cz\/","name":"Official Czech &amp; Slovak Everton Supporters&#039; Club","description":"","publisher":{"@id":"https:\/\/evertonfc.cz\/#organization"},"potentialAction":[{"@type":"SearchAction","target":{"@type":"EntryPoint","urlTemplate":"https:\/\/evertonfc.cz\/?s={search_term_string}"},"query-input":{"@type":"PropertyValueSpecification","valueRequired":true,"valueName":"search_term_string"}}],"inLanguage":"cs"},{"@type":"Organization","@id":"https:\/\/evertonfc.cz\/#organization","name":"Official Czech & Slovak Everton Supporters' Club","url":"https:\/\/evertonfc.cz\/","logo":{"@type":"ImageObject","inLanguage":"cs","@id":"https:\/\/evertonfc.cz\/#\/schema\/logo\/image\/","url":"https:\/\/evertonfc.cz\/wp-content\/uploads\/2019\/05\/logo.png","contentUrl":"https:\/\/evertonfc.cz\/wp-content\/uploads\/2019\/05\/logo.png","width":112,"height":112,"caption":"Official Czech & Slovak Everton Supporters' Club"},"image":{"@id":"https:\/\/evertonfc.cz\/#\/schema\/logo\/image\/"},"sameAs":["https:\/\/www.facebook.com\/everton.fans.cz.sk"]},{"@type":"Person","@id":"https:\/\/evertonfc.cz\/#\/schema\/person\/e9a24a80a32efa1344dd2c4e5882185c","name":"Karamela","url":"https:\/\/evertonfc.cz\/index.php\/author\/karamela\/"}]}},"_links":{"self":[{"href":"https:\/\/evertonfc.cz\/index.php\/wp-json\/wp\/v2\/posts\/23769"}],"collection":[{"href":"https:\/\/evertonfc.cz\/index.php\/wp-json\/wp\/v2\/posts"}],"about":[{"href":"https:\/\/evertonfc.cz\/index.php\/wp-json\/wp\/v2\/types\/post"}],"author":[{"embeddable":true,"href":"https:\/\/evertonfc.cz\/index.php\/wp-json\/wp\/v2\/users\/26"}],"replies":[{"embeddable":true,"href":"https:\/\/evertonfc.cz\/index.php\/wp-json\/wp\/v2\/comments?post=23769"}],"version-history":[{"count":8,"href":"https:\/\/evertonfc.cz\/index.php\/wp-json\/wp\/v2\/posts\/23769\/revisions"}],"predecessor-version":[{"id":23779,"href":"https:\/\/evertonfc.cz\/index.php\/wp-json\/wp\/v2\/posts\/23769\/revisions\/23779"}],"wp:featuredmedia":[{"embeddable":true,"href":"https:\/\/evertonfc.cz\/index.php\/wp-json\/wp\/v2\/media\/23774"}],"wp:attachment":[{"href":"https:\/\/evertonfc.cz\/index.php\/wp-json\/wp\/v2\/media?parent=23769"}],"wp:term":[{"taxonomy":"category","embeddable":true,"href":"https:\/\/evertonfc.cz\/index.php\/wp-json\/wp\/v2\/categories?post=23769"},{"taxonomy":"post_tag","embeddable":true,"href":"https:\/\/evertonfc.cz\/index.php\/wp-json\/wp\/v2\/tags?post=23769"}],"curies":[{"name":"wp","href":"https:\/\/api.w.org\/{rel}","templated":true}]}}