{"id":23799,"date":"2024-01-27T11:57:08","date_gmt":"2024-01-27T10:57:08","guid":{"rendered":"https:\/\/evertonfc.cz\/?p=23799"},"modified":"2024-01-27T12:30:50","modified_gmt":"2024-01-27T11:30:50","slug":"fa-cup-preview-everton-luton-town","status":"publish","type":"post","link":"https:\/\/evertonfc.cz\/index.php\/2024\/01\/27\/fa-cup-preview-everton-luton-town\/","title":{"rendered":"FA Cup Preview: Everton &#8211; Luton Town"},"content":{"rendered":"<h4>Anglick\u00fd poh\u00e1r sk\u00fdt\u00e1 v\u00edtan\u00e9 povyra\u017een\u00ed p\u0159ed n\u00e1vratem do trudn\u00e9 ligov\u00e9 reality.<\/h4>\n<p>Nav\u00edc hrajete doma proti p\u0159ijateln\u00e9mu soupe\u0159i. To jsme si ale <a href=\"https:\/\/evertonfc.cz\/index.php\/2023\/10\/01\/everton-luton-town-12\/\">na konci z\u00e1\u0159\u00ed mysleli tak\u00e9<\/a>. Proti Hatters tedy m\u00e1me nevy\u0159\u00edzen\u00fd \u00fa\u010det. Klub ze severn\u00edho p\u0159edm\u011bst\u00ed Lond\u00fdna m\u00e1 jako nov\u00e1\u010dek pouze jednu ambici. Z\u00e1chrana se zat\u00edm neda\u0159\u00ed, pravda, od katastrof\u00e1ln\u00edho startu se v\u00fdkony a v\u00fdsledky v\u00fdrazn\u011b zlep\u0161ily, s pr\u00e1zdnou odj\u00ed\u017ed\u011bl t\u0159eba Newcastle. Je ale nutno konstatovat, \u017ee klub v prosinci postihla velk\u00e1 trag\u00e9die, kdy p\u0159i ligov\u00e9m z\u00e1pase v Bournemouthu zkolaboval p\u0159\u00edmo na h\u0159i\u0161ti kapit\u00e1n Lockyear. Utk\u00e1n\u00ed bylo ukon\u010deno a veden\u00ed ligy na\u0159\u00eddilo cel\u00fd z\u00e1pas opakovat, p\u0159i\u010dem\u017e jeho term\u00edn zat\u00edm nen\u00ed zn\u00e1m.<\/p>\n<p>V klubu p\u016fsob\u00ed exEvertonian Barkley, kter\u00fd p\u0159ed sez\u00f3nou podepsal jednolet\u00fd kontrakt. Pat\u0159\u00ed k opor\u00e1m z\u00e1kladn\u00ed sestavy, a\u010d hraje na v\u00fdrazn\u011b jin\u00e9 pozici ve srovn\u00e1n\u00ed s p\u016fsoben\u00edm na Goodison Parku. V sou\u010dasnosti jde o z\u00e1pas ligov\u00fdch soupe\u0159\u016f, dom\u00e1c\u00ed maj\u00ed o bod v\u00edce, host\u00e9 o z\u00e1pas m\u00e9n\u011b. Oba t\u00fdmy postoupily do 4. kola v opakovan\u00e9m z\u00e1pase, Luton v\u00fdhrou na h\u0159i\u0161ti t\u0159etiligov\u00e9ho Boltonu.<\/p>\n<p>Dom\u00e1c\u00ed marodku roz\u0161\u00ed\u0159il Gomes, hr\u00e1t ho nepust\u00ed zran\u011bn\u00ed l\u00fdtka, i nad\u00e1le kv\u016fli zran\u011bn\u00e9mu p\u0159itahova\u010di stehenn\u00edho svalu nebudou k dispozici Coleman a Doucour\u00e9, naopak se postupn\u011b uzdravuje Young. Ten zvl\u00e1dl ve st\u0159edu proti t\u00fdmu Benficy Lisabon do 21 let odehr\u00e1t 75 minut, ale dnes je\u0161t\u011b hr\u00e1t nebude. Posledn\u00edm absent\u00e9rem je Gana, kter\u00e9ho \u010dek\u00e1 v pond\u011bl\u00ed osmifin\u00e1le mistrovstv\u00ed Afriky za Senegal proti Pob\u0159e\u017e\u00ed slonoviny.<\/p>\n<p>Ze stejn\u00e9ho d\u016fvodu bude chyb\u011bt host\u016fm Kabour\u00e9, jeho Burkinu Faso \u010dek\u00e1 stejn\u00e1 f\u00e1ze turnaje proti Mali v \u00fater\u00fd. Kv\u016fli kart\u00e1m nebude hr\u00e1t Edwards, zran\u011bn\u00ed jsou Andersen s Nakambou, naopak bude k dispozici Lokonga, kter\u00fd byl po\u0161et\u0159en p\u0159i utk\u00e1n\u00ed v Boltonu.<\/p>\n<p><strong>Co:\u00a0<\/strong>Everton FC &#8211; Luton Town FC, 4. kolo Anglick\u00e9ho poh\u00e1ru<br \/>\n<strong>Kdy:\u00a0<\/strong>27. 1. 2024 od 16:00<br \/>\n<strong>Kde:<\/strong>Goodison Park \u2013 Goodison Rd, Liverpool L4 4EL (kapacita: 39 414)<br \/>\n<strong>TV:\u00a0<\/strong>P\u0159\u00edm\u00fd p\u0159enos na Voyo<br \/>\n<strong>Rozhod\u010d\u00ed:\u00a0<\/strong>Josh Smith &#8211; Edward Smart, Nick Greenhalgh\u00a0 <strong>\u010ctvrt\u00fd rozhod\u010d\u00ed:<\/strong> Matthew Donohue<br \/>\n<strong>Videorozhod\u010d\u00ed: <\/strong>Andrew Madley\u00a0 <strong>Asistent videorozhod\u010d\u00edho:\u00a0<\/strong>Sian Masseyov\u00e1-Ellisov\u00e1<\/p>\n","protected":false},"excerpt":{"rendered":"<p>Anglick\u00fd poh\u00e1r sk\u00fdt\u00e1 v\u00edtan\u00e9 povyra\u017een\u00ed p\u0159ed n\u00e1vratem do trudn\u00e9 ligov\u00e9 reality.<\/p>\n","protected":false},"author":12,"featured_media":22875,"comment_status":"open","ping_status":"closed","sticky":false,"template":"","format":"standard","meta":{"_eb_attr":"","_monsterinsights_skip_tracking":false,"_monsterinsights_sitenote_active":false,"_monsterinsights_sitenote_note":"","_monsterinsights_sitenote_category":0,"footnotes":""},"categories":[4],"tags":[],"yoast_head":"<!-- This site is optimized with the Yoast SEO plugin v23.4 - https:\/\/yoast.com\/wordpress\/plugins\/seo\/ -->\n<title>FA Cup Preview: Everton - Luton Town - Official Czech &amp; Slovak Everton Supporters&#039; Club<\/title>\n<meta name=\"description\" content=\"Anglick\u00fd poh\u00e1r sk\u00fdt\u00e1 v\u00edtan\u00e9 povyra\u017een\u00ed p\u0159ed n\u00e1vratem do trudn\u00e9 ligov\u00e9 reality.\" \/>\n<meta name=\"robots\" content=\"index, follow, max-snippet:-1, max-image-preview:large, max-video-preview:-1\" \/>\n<link rel=\"canonical\" href=\"https:\/\/evertonfc.cz\/index.php\/2024\/01\/27\/fa-cup-preview-everton-luton-town\/\" \/>\n<meta property=\"og:locale\" content=\"cs_CZ\" \/>\n<meta property=\"og:type\" content=\"article\" \/>\n<meta property=\"og:title\" content=\"FA Cup Preview: Everton - Luton Town - Official Czech &amp; Slovak Everton Supporters&#039; Club\" \/>\n<meta property=\"og:description\" content=\"Anglick\u00fd poh\u00e1r sk\u00fdt\u00e1 v\u00edtan\u00e9 povyra\u017een\u00ed p\u0159ed n\u00e1vratem do trudn\u00e9 ligov\u00e9 reality.\" \/>\n<meta property=\"og:url\" content=\"https:\/\/evertonfc.cz\/index.php\/2024\/01\/27\/fa-cup-preview-everton-luton-town\/\" \/>\n<meta property=\"og:site_name\" content=\"Official Czech &amp; Slovak Everton Supporters&#039; Club\" \/>\n<meta property=\"article:publisher\" content=\"https:\/\/www.facebook.com\/everton.fans.cz.sk\" \/>\n<meta property=\"article:published_time\" content=\"2024-01-27T10:57:08+00:00\" \/>\n<meta property=\"article:modified_time\" content=\"2024-01-27T11:30:50+00:00\" \/>\n<meta property=\"og:image\" content=\"https:\/\/evertonfc.cz\/wp-content\/uploads\/2023\/09\/Everton-VS-Luton-Town.png\" \/>\n\t<meta property=\"og:image:width\" content=\"720\" \/>\n\t<meta property=\"og:image:height\" content=\"405\" \/>\n\t<meta property=\"og:image:type\" content=\"image\/png\" \/>\n<meta name=\"author\" content=\"Javor\" \/>\n<meta name=\"twitter:card\" content=\"summary_large_image\" \/>\n<meta name=\"twitter:creator\" content=\"@LoudinJan\" \/>\n<meta name=\"twitter:label1\" content=\"Napsal(a)\" \/>\n\t<meta name=\"twitter:data1\" content=\"Javor\" \/>\n\t<meta name=\"twitter:label2\" content=\"Odhadovan\u00e1 doba \u010dten\u00ed\" \/>\n\t<meta name=\"twitter:data2\" content=\"2 minuty\" \/>\n<script type=\"application\/ld+json\" class=\"yoast-schema-graph\">{\"@context\":\"https:\/\/schema.org\",\"@graph\":[{\"@type\":\"Article\",\"@id\":\"https:\/\/evertonfc.cz\/index.php\/2024\/01\/27\/fa-cup-preview-everton-luton-town\/#article\",\"isPartOf\":{\"@id\":\"https:\/\/evertonfc.cz\/index.php\/2024\/01\/27\/fa-cup-preview-everton-luton-town\/\"},\"author\":{\"name\":\"Javor\",\"@id\":\"https:\/\/evertonfc.cz\/#\/schema\/person\/b30daf6a5852f4811f8207a17ec1bf78\"},\"headline\":\"FA Cup Preview: Everton &#8211; Luton Town\",\"datePublished\":\"2024-01-27T10:57:08+00:00\",\"dateModified\":\"2024-01-27T11:30:50+00:00\",\"mainEntityOfPage\":{\"@id\":\"https:\/\/evertonfc.cz\/index.php\/2024\/01\/27\/fa-cup-preview-everton-luton-town\/\"},\"wordCount\":425,\"commentCount\":7,\"publisher\":{\"@id\":\"https:\/\/evertonfc.cz\/#organization\"},\"image\":{\"@id\":\"https:\/\/evertonfc.cz\/index.php\/2024\/01\/27\/fa-cup-preview-everton-luton-town\/#primaryimage\"},\"thumbnailUrl\":\"https:\/\/evertonfc.cz\/wp-content\/uploads\/2023\/09\/Everton-VS-Luton-Town.png\",\"articleSection\":[\"Z\u00e1pasy\"],\"inLanguage\":\"cs\",\"potentialAction\":[{\"@type\":\"CommentAction\",\"name\":\"Comment\",\"target\":[\"https:\/\/evertonfc.cz\/index.php\/2024\/01\/27\/fa-cup-preview-everton-luton-town\/#respond\"]}]},{\"@type\":\"WebPage\",\"@id\":\"https:\/\/evertonfc.cz\/index.php\/2024\/01\/27\/fa-cup-preview-everton-luton-town\/\",\"url\":\"https:\/\/evertonfc.cz\/index.php\/2024\/01\/27\/fa-cup-preview-everton-luton-town\/\",\"name\":\"FA Cup Preview: Everton - Luton Town - Official Czech &amp; Slovak Everton Supporters&#039; Club\",\"isPartOf\":{\"@id\":\"https:\/\/evertonfc.cz\/#website\"},\"primaryImageOfPage\":{\"@id\":\"https:\/\/evertonfc.cz\/index.php\/2024\/01\/27\/fa-cup-preview-everton-luton-town\/#primaryimage\"},\"image\":{\"@id\":\"https:\/\/evertonfc.cz\/index.php\/2024\/01\/27\/fa-cup-preview-everton-luton-town\/#primaryimage\"},\"thumbnailUrl\":\"https:\/\/evertonfc.cz\/wp-content\/uploads\/2023\/09\/Everton-VS-Luton-Town.png\",\"datePublished\":\"2024-01-27T10:57:08+00:00\",\"dateModified\":\"2024-01-27T11:30:50+00:00\",\"description\":\"Anglick\u00fd poh\u00e1r sk\u00fdt\u00e1 v\u00edtan\u00e9 povyra\u017een\u00ed p\u0159ed n\u00e1vratem do trudn\u00e9 ligov\u00e9 reality.\",\"breadcrumb\":{\"@id\":\"https:\/\/evertonfc.cz\/index.php\/2024\/01\/27\/fa-cup-preview-everton-luton-town\/#breadcrumb\"},\"inLanguage\":\"cs\",\"potentialAction\":[{\"@type\":\"ReadAction\",\"target\":[\"https:\/\/evertonfc.cz\/index.php\/2024\/01\/27\/fa-cup-preview-everton-luton-town\/\"]}]},{\"@type\":\"ImageObject\",\"inLanguage\":\"cs\",\"@id\":\"https:\/\/evertonfc.cz\/index.php\/2024\/01\/27\/fa-cup-preview-everton-luton-town\/#primaryimage\",\"url\":\"https:\/\/evertonfc.cz\/wp-content\/uploads\/2023\/09\/Everton-VS-Luton-Town.png\",\"contentUrl\":\"https:\/\/evertonfc.cz\/wp-content\/uploads\/2023\/09\/Everton-VS-Luton-Town.png\",\"width\":720,\"height\":405},{\"@type\":\"BreadcrumbList\",\"@id\":\"https:\/\/evertonfc.cz\/index.php\/2024\/01\/27\/fa-cup-preview-everton-luton-town\/#breadcrumb\",\"itemListElement\":[{\"@type\":\"ListItem\",\"position\":1,\"name\":\"Home\",\"item\":\"https:\/\/evertonfc.cz\/\"},{\"@type\":\"ListItem\",\"position\":2,\"name\":\"FA Cup Preview: Everton &#8211; Luton Town\"}]},{\"@type\":\"WebSite\",\"@id\":\"https:\/\/evertonfc.cz\/#website\",\"url\":\"https:\/\/evertonfc.cz\/\",\"name\":\"Official Czech &amp; Slovak Everton Supporters&#039; Club\",\"description\":\"\",\"publisher\":{\"@id\":\"https:\/\/evertonfc.cz\/#organization\"},\"potentialAction\":[{\"@type\":\"SearchAction\",\"target\":{\"@type\":\"EntryPoint\",\"urlTemplate\":\"https:\/\/evertonfc.cz\/?s={search_term_string}\"},\"query-input\":{\"@type\":\"PropertyValueSpecification\",\"valueRequired\":true,\"valueName\":\"search_term_string\"}}],\"inLanguage\":\"cs\"},{\"@type\":\"Organization\",\"@id\":\"https:\/\/evertonfc.cz\/#organization\",\"name\":\"Official Czech & Slovak Everton Supporters' Club\",\"url\":\"https:\/\/evertonfc.cz\/\",\"logo\":{\"@type\":\"ImageObject\",\"inLanguage\":\"cs\",\"@id\":\"https:\/\/evertonfc.cz\/#\/schema\/logo\/image\/\",\"url\":\"https:\/\/evertonfc.cz\/wp-content\/uploads\/2019\/05\/logo.png\",\"contentUrl\":\"https:\/\/evertonfc.cz\/wp-content\/uploads\/2019\/05\/logo.png\",\"width\":112,\"height\":112,\"caption\":\"Official Czech & Slovak Everton Supporters' Club\"},\"image\":{\"@id\":\"https:\/\/evertonfc.cz\/#\/schema\/logo\/image\/\"},\"sameAs\":[\"https:\/\/www.facebook.com\/everton.fans.cz.sk\"]},{\"@type\":\"Person\",\"@id\":\"https:\/\/evertonfc.cz\/#\/schema\/person\/b30daf6a5852f4811f8207a17ec1bf78\",\"name\":\"Javor\",\"sameAs\":[\"https:\/\/x.com\/LoudinJan\"],\"url\":\"https:\/\/evertonfc.cz\/index.php\/author\/javor\/\"}]}<\/script>\n<!-- \/ Yoast SEO plugin. -->","yoast_head_json":{"title":"FA Cup Preview: Everton - Luton Town - Official Czech &amp; Slovak Everton Supporters&#039; Club","description":"Anglick\u00fd poh\u00e1r sk\u00fdt\u00e1 v\u00edtan\u00e9 povyra\u017een\u00ed p\u0159ed n\u00e1vratem do trudn\u00e9 ligov\u00e9 reality.","robots":{"index":"index","follow":"follow","max-snippet":"max-snippet:-1","max-image-preview":"max-image-preview:large","max-video-preview":"max-video-preview:-1"},"canonical":"https:\/\/evertonfc.cz\/index.php\/2024\/01\/27\/fa-cup-preview-everton-luton-town\/","og_locale":"cs_CZ","og_type":"article","og_title":"FA Cup Preview: Everton - Luton Town - Official Czech &amp; Slovak Everton Supporters&#039; Club","og_description":"Anglick\u00fd poh\u00e1r sk\u00fdt\u00e1 v\u00edtan\u00e9 povyra\u017een\u00ed p\u0159ed n\u00e1vratem do trudn\u00e9 ligov\u00e9 reality.","og_url":"https:\/\/evertonfc.cz\/index.php\/2024\/01\/27\/fa-cup-preview-everton-luton-town\/","og_site_name":"Official Czech &amp; Slovak Everton Supporters&#039; Club","article_publisher":"https:\/\/www.facebook.com\/everton.fans.cz.sk","article_published_time":"2024-01-27T10:57:08+00:00","article_modified_time":"2024-01-27T11:30:50+00:00","og_image":[{"width":720,"height":405,"url":"https:\/\/evertonfc.cz\/wp-content\/uploads\/2023\/09\/Everton-VS-Luton-Town.png","type":"image\/png"}],"author":"Javor","twitter_card":"summary_large_image","twitter_creator":"@LoudinJan","twitter_misc":{"Napsal(a)":"Javor","Odhadovan\u00e1 doba \u010dten\u00ed":"2 minuty"},"schema":{"@context":"https:\/\/schema.org","@graph":[{"@type":"Article","@id":"https:\/\/evertonfc.cz\/index.php\/2024\/01\/27\/fa-cup-preview-everton-luton-town\/#article","isPartOf":{"@id":"https:\/\/evertonfc.cz\/index.php\/2024\/01\/27\/fa-cup-preview-everton-luton-town\/"},"author":{"name":"Javor","@id":"https:\/\/evertonfc.cz\/#\/schema\/person\/b30daf6a5852f4811f8207a17ec1bf78"},"headline":"FA Cup Preview: Everton &#8211; Luton Town","datePublished":"2024-01-27T10:57:08+00:00","dateModified":"2024-01-27T11:30:50+00:00","mainEntityOfPage":{"@id":"https:\/\/evertonfc.cz\/index.php\/2024\/01\/27\/fa-cup-preview-everton-luton-town\/"},"wordCount":425,"commentCount":7,"publisher":{"@id":"https:\/\/evertonfc.cz\/#organization"},"image":{"@id":"https:\/\/evertonfc.cz\/index.php\/2024\/01\/27\/fa-cup-preview-everton-luton-town\/#primaryimage"},"thumbnailUrl":"https:\/\/evertonfc.cz\/wp-content\/uploads\/2023\/09\/Everton-VS-Luton-Town.png","articleSection":["Z\u00e1pasy"],"inLanguage":"cs","potentialAction":[{"@type":"CommentAction","name":"Comment","target":["https:\/\/evertonfc.cz\/index.php\/2024\/01\/27\/fa-cup-preview-everton-luton-town\/#respond"]}]},{"@type":"WebPage","@id":"https:\/\/evertonfc.cz\/index.php\/2024\/01\/27\/fa-cup-preview-everton-luton-town\/","url":"https:\/\/evertonfc.cz\/index.php\/2024\/01\/27\/fa-cup-preview-everton-luton-town\/","name":"FA Cup Preview: Everton - Luton Town - Official Czech &amp; Slovak Everton Supporters&#039; Club","isPartOf":{"@id":"https:\/\/evertonfc.cz\/#website"},"primaryImageOfPage":{"@id":"https:\/\/evertonfc.cz\/index.php\/2024\/01\/27\/fa-cup-preview-everton-luton-town\/#primaryimage"},"image":{"@id":"https:\/\/evertonfc.cz\/index.php\/2024\/01\/27\/fa-cup-preview-everton-luton-town\/#primaryimage"},"thumbnailUrl":"https:\/\/evertonfc.cz\/wp-content\/uploads\/2023\/09\/Everton-VS-Luton-Town.png","datePublished":"2024-01-27T10:57:08+00:00","dateModified":"2024-01-27T11:30:50+00:00","description":"Anglick\u00fd poh\u00e1r sk\u00fdt\u00e1 v\u00edtan\u00e9 povyra\u017een\u00ed p\u0159ed n\u00e1vratem do trudn\u00e9 ligov\u00e9 reality.","breadcrumb":{"@id":"https:\/\/evertonfc.cz\/index.php\/2024\/01\/27\/fa-cup-preview-everton-luton-town\/#breadcrumb"},"inLanguage":"cs","potentialAction":[{"@type":"ReadAction","target":["https:\/\/evertonfc.cz\/index.php\/2024\/01\/27\/fa-cup-preview-everton-luton-town\/"]}]},{"@type":"ImageObject","inLanguage":"cs","@id":"https:\/\/evertonfc.cz\/index.php\/2024\/01\/27\/fa-cup-preview-everton-luton-town\/#primaryimage","url":"https:\/\/evertonfc.cz\/wp-content\/uploads\/2023\/09\/Everton-VS-Luton-Town.png","contentUrl":"https:\/\/evertonfc.cz\/wp-content\/uploads\/2023\/09\/Everton-VS-Luton-Town.png","width":720,"height":405},{"@type":"BreadcrumbList","@id":"https:\/\/evertonfc.cz\/index.php\/2024\/01\/27\/fa-cup-preview-everton-luton-town\/#breadcrumb","itemListElement":[{"@type":"ListItem","position":1,"name":"Home","item":"https:\/\/evertonfc.cz\/"},{"@type":"ListItem","position":2,"name":"FA Cup Preview: Everton &#8211; Luton Town"}]},{"@type":"WebSite","@id":"https:\/\/evertonfc.cz\/#website","url":"https:\/\/evertonfc.cz\/","name":"Official Czech &amp; Slovak Everton Supporters&#039; Club","description":"","publisher":{"@id":"https:\/\/evertonfc.cz\/#organization"},"potentialAction":[{"@type":"SearchAction","target":{"@type":"EntryPoint","urlTemplate":"https:\/\/evertonfc.cz\/?s={search_term_string}"},"query-input":{"@type":"PropertyValueSpecification","valueRequired":true,"valueName":"search_term_string"}}],"inLanguage":"cs"},{"@type":"Organization","@id":"https:\/\/evertonfc.cz\/#organization","name":"Official Czech & Slovak Everton Supporters' Club","url":"https:\/\/evertonfc.cz\/","logo":{"@type":"ImageObject","inLanguage":"cs","@id":"https:\/\/evertonfc.cz\/#\/schema\/logo\/image\/","url":"https:\/\/evertonfc.cz\/wp-content\/uploads\/2019\/05\/logo.png","contentUrl":"https:\/\/evertonfc.cz\/wp-content\/uploads\/2019\/05\/logo.png","width":112,"height":112,"caption":"Official Czech & Slovak Everton Supporters' Club"},"image":{"@id":"https:\/\/evertonfc.cz\/#\/schema\/logo\/image\/"},"sameAs":["https:\/\/www.facebook.com\/everton.fans.cz.sk"]},{"@type":"Person","@id":"https:\/\/evertonfc.cz\/#\/schema\/person\/b30daf6a5852f4811f8207a17ec1bf78","name":"Javor","sameAs":["https:\/\/x.com\/LoudinJan"],"url":"https:\/\/evertonfc.cz\/index.php\/author\/javor\/"}]}},"_links":{"self":[{"href":"https:\/\/evertonfc.cz\/index.php\/wp-json\/wp\/v2\/posts\/23799"}],"collection":[{"href":"https:\/\/evertonfc.cz\/index.php\/wp-json\/wp\/v2\/posts"}],"about":[{"href":"https:\/\/evertonfc.cz\/index.php\/wp-json\/wp\/v2\/types\/post"}],"author":[{"embeddable":true,"href":"https:\/\/evertonfc.cz\/index.php\/wp-json\/wp\/v2\/users\/12"}],"replies":[{"embeddable":true,"href":"https:\/\/evertonfc.cz\/index.php\/wp-json\/wp\/v2\/comments?post=23799"}],"version-history":[{"count":12,"href":"https:\/\/evertonfc.cz\/index.php\/wp-json\/wp\/v2\/posts\/23799\/revisions"}],"predecessor-version":[{"id":23811,"href":"https:\/\/evertonfc.cz\/index.php\/wp-json\/wp\/v2\/posts\/23799\/revisions\/23811"}],"wp:featuredmedia":[{"embeddable":true,"href":"https:\/\/evertonfc.cz\/index.php\/wp-json\/wp\/v2\/media\/22875"}],"wp:attachment":[{"href":"https:\/\/evertonfc.cz\/index.php\/wp-json\/wp\/v2\/media?parent=23799"}],"wp:term":[{"taxonomy":"category","embeddable":true,"href":"https:\/\/evertonfc.cz\/index.php\/wp-json\/wp\/v2\/categories?post=23799"},{"taxonomy":"post_tag","embeddable":true,"href":"https:\/\/evertonfc.cz\/index.php\/wp-json\/wp\/v2\/tags?post=23799"}],"curies":[{"name":"wp","href":"https:\/\/api.w.org\/{rel}","templated":true}]}}