{"id":23821,"date":"2024-02-02T21:09:48","date_gmt":"2024-02-02T20:09:48","guid":{"rendered":"https:\/\/evertonfc.cz\/?p=23821"},"modified":"2024-02-05T15:17:01","modified_gmt":"2024-02-05T14:17:01","slug":"everton-w-leicester-w-01","status":"publish","type":"post","link":"https:\/\/evertonfc.cz\/index.php\/2024\/02\/02\/everton-w-leicester-w-01\/","title":{"rendered":"Everton W &#8211; Leicester W 0:1"},"content":{"rendered":"<h4>M\u011bla to b\u00fdt odveta za zpackan\u00fd poh\u00e1rov\u00fd z\u00e1pas. Ale zas tak z\u00e1zra\u010dn\u011b se n\u00e1m to nepovedlo a\u00a0 po proh\u0159e 0:1 se v tabulce sesouv\u00e1me na 9. m\u00edsto z 12.<\/h4>\n<p>Po blam\u00e1\u017ei v WFA Cup m\u011bli fanou\u0161ci n\u00e1rok o\u010dek\u00e1vat v\u00fdznamn\u011b zlep\u0161en\u00fd v\u00fdkon, t\u00edm sp\u00ed\u0161, \u017ee jsme hr\u00e1li v dom\u00e1c\u00edm prost\u0159ed\u00ed. Boss k p\u0159istoupil k \u0161esti zm\u011bn\u00e1m oproti poh\u00e1rov\u00e9 sestav\u011b a vespolek jsme tak mohli doufat v solidn\u00ed v\u00fdsledek.<\/p>\n<h4>Prvn\u00ed polo\u010das<\/h4>\n<p>pro n\u00e1s nevypadal v\u016fbec \u0161patn\u011b. <span class=\"sp-c-lineup-pitch__player\" data-reactid=\".q5c0j8qxza.0.0.0.1.$include-17.0.0.1:$panel-0.$0.0.0.0.2.0.0.1:$home-formation-row-1.$home-player-2\"><span class=\"sp-c-lineup-pitch__player__name gs-u-display-block@xs \" data-reactid=\".q5c0j8qxza.0.0.0.1.$include-17.0.0.1:$panel-0.$0.0.0.0.2.0.0.1:$home-formation-row-1.$home-player-2.1\">K\u00fchl nachytala Kop daleko od dome\u010dku, ov\u0161em jej\u00ed lob zastavilo b\u0159evno. <\/span><\/span>Excelentn\u00ed b\u011bh Payne na prav\u00e9m k\u0159\u00eddle zakon\u010den\u00fd p\u0159ihr\u00e1vkou na vzd\u00e1len\u011bj\u0161\u00ed ty\u010d bohu\u017eel nab\u00edhaj\u00edc\u00ed Snoeijs nesedl a m\u00ed\u010d skon\u010dil op\u011bt na b\u0159evnu. Ale proto\u017ee za n\u00e1mi bylo teprve dvacet minut hry, div\u00e1ci mohli doufat, \u017ee zanedlouho to kone\u010dn\u011b klapne. Kombinace Snoeijs-Bissell ov\u0161em vy\u0161la tak\u00e9 jalov\u011b. A bohu\u017eel ani dal\u0161\u00ed velmi slibn\u00e1 akce dvojice <span class=\"sp-c-lineup-pitch__player\" data-reactid=\".q5c0j8qxza.0.0.0.1.$include-17.0.0.1:$panel-0.$0.0.0.0.2.0.0.1:$home-formation-row-1.$home-player-2\"><span class=\"sp-c-lineup-pitch__player__name gs-u-display-block@xs \" data-reactid=\".q5c0j8qxza.0.0.0.1.$include-17.0.0.1:$panel-0.$0.0.0.0.2.0.0.1:$home-formation-row-1.$home-player-2.1\">K\u00fchl &#8211; Snoeijs nebo Madsen &#8211; Galli neskon\u010dila p\u0159ekon\u00e1n\u00edm Kop brance Foxes. Galli v\u016fbec mysl\u00edm sehr\u00e1la jeden ze sv\u00fdch lep\u0161\u00edch z\u00e1pas\u016f. Leicester zahrozil hlavn\u011b prost\u0159ednictv\u00edm O\u00b4Brien nebo Rantala, v obou p\u0159\u00edpadech ale Brosnan g\u00f3l nedopustila.\u00a0<\/span><\/span><\/p>\n<h4>Druh\u00fd polo\u010das<\/h4>\n<p>p\u0159inesl nejv\u011bt\u0161\u00ed na\u0161\u00ed \u0161anci z\u00e1pasu, kdy Galli zachytila chybnou p\u0159ihr\u00e1vku soupe\u0159ek ve st\u0159edu pole, skv\u011ble vyrazila vp\u0159ed, na\u0161la Snoeijs a jej\u00ed pas dopadl prakticky na kopa\u010dku Madsen&#8230; kter\u00e1 ze dvou metr\u016f branku p\u0159est\u0159elila. Trest p\u0159i\u0161el v z\u00e1p\u011bt\u00ed: Cayman se na hranici v\u00e1pna oto\u010dkou zbavila Galli a asi i d\u00edky poryvu v\u011btru vyslala st\u0159elu s fal\u0161\u00ed, kter\u00e1 doplachtila za z\u00e1da Brosnan &#8211; <strong>0:1<\/strong>. Za n\u00e1s Snoeijs vytrvale tr\u00e1pila obranu Leicsteru, ale mnoho platn\u00e9 n\u00e1m to nebylo. Ani p\u0159\u00edchod Olesen situaci nezm\u011bnil. St\u0159\u00eddaj\u00edc\u00ed Bennison se op\u011bt velmi slibn\u011b pokusila p\u0159elobovat vyb\u011bhnuv\u0161\u00ed Kop, ov\u0161em i jej\u00ed st\u0159ela se zarazila o brankovou konstrukci. P\u0159ed koncem polo\u010dasu je\u0161t\u011b m\u011bla druh\u00fd g\u00f3l na noze Rantala, ale jej\u00ed p\u0159\u00edm\u00e1k trefil jen b\u0159evno na\u0161\u00ed branky.<\/p>\n<h4>Shrnut\u00ed<\/h4>\n<p>Nev\u00fdhoda dom\u00e1c\u00edho stadionu je pro n\u00e1s letos hodn\u011b citeln\u00e1 a na v\u00edt\u011bzstv\u00ed na Walton Hall Park st\u00e1le \u010dek\u00e1me. Kdyby byl tento z\u00e1pas v prvn\u00edm druh\u00e9m kole, psal bych chl\u00e1choliv\u00fd \u010dl\u00e1nek o velmi nad\u011bjn\u00e9m v\u00fdkonu slibuj\u00edc\u00ed v\u00edt\u011bzn\u00fd z\u00e1pas co nevid\u011bt. Bohu\u017eel to bylo kolo 12. a z\u016fstalo zase jen u p\u0159\u00edslib\u016f. Pokud se n\u00e1m nepovede prom\u011b\u0148ovat \u0161ance nebo (stejn\u011b jako v druh\u00e9 p\u016fli v tomto z\u00e1pase) se n\u00e1m nepoda\u0159\u00ed ani jednou vyst\u0159elit na branku, tak to \u010dek\u00e1n\u00ed na \u00fasp\u011bch bude jednak dlouh\u00e9 a jednak marn\u00e9. Zd\u00e1 se, \u017ee jsme zab\u0159edli do hlubok\u00e9 krize neproduktivity, sv\u011btlo na konci tunelu problik\u00e1v\u00e1 jen velmi chudokrevn\u011b. \u0160anc\u00ed rozhodnout z\u00e1pas jsme m\u011bli n\u011bkolik a velmi dobr\u00fdch, \u017e\u00e1dnou jsme v\u0161ak nedok\u00e1zali vyu\u017eit. Tak jako u\u017e tolikr\u00e1t. Pozitivem snad m\u016f\u017ee b\u00fdt velmi kvalitn\u00ed v\u00fdkon nov\u011b akv\u00edrovan\u00e9 <span class=\"sp-c-lineup-pitch__player\" data-reactid=\".q5c0j8qxza.0.0.0.1.$include-17.0.0.1:$panel-0.$0.0.0.0.2.0.0.1:$home-formation-row-1.$home-player-2\"><span class=\"sp-c-lineup-pitch__player__name gs-u-display-block@xs \" data-reactid=\".q5c0j8qxza.0.0.0.1.$include-17.0.0.1:$panel-0.$0.0.0.0.2.0.0.1:$home-formation-row-1.$home-player-2.1\">K\u00fchl (t\u011b\u017eko ov\u0161em o\u010dek\u00e1vat, \u017ee si j\u00ed Arsenal po sez\u00f3n\u011b neodvol\u00e1 z hostov\u00e1n\u00ed zp\u011bt) a v\u016fbec slu\u0161n\u00e1 pr\u00e1ce na\u0161\u00ed z\u00e1lohy. T\u00edm sv\u011btl\u00e9 str\u00e1nky z\u00e1pasu kon\u010d\u00ed.\u00a0 Ned\u011bln\u00ed z\u00e1pas s Chelsea bude o\u010dek\u00e1v\u00e1m s velk\u00fdmi obavami. Ale i tak: <span style=\"color: #0000ff; --darkreader-inline-color: #3d3db6;\" data-darkreader-inline-color=\"\"><strong>COYB<\/strong>!<\/span><\/span><\/span><\/p>\n<p style=\"text-align: right;\"><span style=\"font-size: 10pt;\"><em>F<span style=\"font-size: 8pt;\">otografie: Emma Bissell (zdroj: evertonfc.com)<\/span><\/em><\/span><\/p>\n<p><strong>G\u00f3ly:<\/strong> Cayman (53\u00b4) <strong>\u017dK:<\/strong>\u00a0 Green, <span class=\"sp-c-lineup-pitch__player\" data-reactid=\".q5c0j8qxza.0.0.0.1.$include-17.0.0.1:$panel-0.$0.0.0.1.2.0.0.1:$away-formation-row-1.$away-player-3\"><span class=\"sp-c-lineup-pitch__player__name gs-u-display-block@xs \" data-reactid=\".q5c0j8qxza.0.0.0.1.$include-17.0.0.1:$panel-0.$0.0.0.1.2.0.0.1:$away-formation-row-1.$away-player-3.1\">O&#8217;Brien<\/span><\/span><\/p>\n<p><strong>Everton (3-4-2-1):<\/strong> Brosnan; <span class=\"sp-c-lineup-pitch__player\" data-reactid=\".q5c0j8qxza.0.0.0.1.$include-17.0.0.1:$panel-0.$0.0.0.0.2.0.0.1:$home-formation-row-1.$home-player-0\"><span class=\"sp-c-lineup-pitch__player__name gs-u-display-block@xs \" data-reactid=\".q5c0j8qxza.0.0.0.1.$include-17.0.0.1:$panel-0.$0.0.0.0.2.0.0.1:$home-formation-row-1.$home-player-0.1\">Stenevik, <\/span><\/span><span class=\"sp-c-lineup-pitch__player\" data-reactid=\".q5c0j8qxza.0.0.0.1.$include-17.0.0.1:$panel-0.$0.0.0.0.2.0.0.1:$home-formation-row-1.$home-player-1\"><span class=\"sp-c-lineup-pitch__player__name gs-u-display-block@xs \" data-reactid=\".q5c0j8qxza.0.0.0.1.$include-17.0.0.1:$panel-0.$0.0.0.0.2.0.0.1:$home-formation-row-1.$home-player-1.1\">Finnigan, S.<\/span><\/span><span class=\"sp-c-lineup-pitch__player\" data-reactid=\".q5c0j8qxza.0.0.0.1.$include-17.0.0.1:$panel-0.$0.0.0.0.2.0.0.1:$home-formation-row-1.$home-player-2\"><span class=\"sp-c-lineup-pitch__player__name gs-u-display-block@xs \" data-reactid=\".q5c0j8qxza.0.0.0.1.$include-17.0.0.1:$panel-0.$0.0.0.0.2.0.0.1:$home-formation-row-1.$home-player-2.1\">Holmgaard (Hope 72\u00b4); Payne, Wheeler, Galli (Piemonte 84\u00b4), Bissell (Vanhaevermaet 84\u00b4); K\u00fchl (Bennison 62\u00b4), Madsen (Olesen 63\u00b4 ); Snoeijs<\/span><\/span><\/p>\n<p><strong>Leicester (4-3-3): <\/strong>Kop; <span class=\"sp-c-lineup-pitch__player\" data-reactid=\".q5c0j8qxza.0.0.0.1.$include-17.0.0.1:$panel-0.$0.0.0.1.2.0.0.1:$away-formation-row-1.$away-player-0\"><span class=\"sp-c-lineup-pitch__player__name gs-u-display-block@xs \" data-reactid=\".q5c0j8qxza.0.0.0.1.$include-17.0.0.1:$panel-0.$0.0.0.1.2.0.0.1:$away-formation-row-1.$away-player-0.1\">Cayman, <\/span><\/span><span class=\"sp-c-lineup-pitch__player\" data-reactid=\".q5c0j8qxza.0.0.0.1.$include-17.0.0.1:$panel-0.$0.0.0.1.2.0.0.1:$away-formation-row-1.$away-player-1\"><span class=\"sp-c-lineup-pitch__player__name gs-u-display-block@xs \" data-reactid=\".q5c0j8qxza.0.0.0.1.$include-17.0.0.1:$panel-0.$0.0.0.1.2.0.0.1:$away-formation-row-1.$away-player-1.1\">Green (Howard 57\u00b4), <\/span><\/span><span class=\"sp-c-lineup-pitch__player\" data-reactid=\".q5c0j8qxza.0.0.0.1.$include-17.0.0.1:$panel-0.$0.0.0.1.2.0.0.1:$away-formation-row-1.$away-player-2\"><span class=\"sp-c-lineup-pitch__player__name gs-u-display-block@xs \" data-reactid=\".q5c0j8qxza.0.0.0.1.$include-17.0.0.1:$panel-0.$0.0.0.1.2.0.0.1:$away-formation-row-1.$away-player-2.1\">Thibaud, N<\/span><\/span><span class=\"sp-c-lineup-pitch__player\" data-reactid=\".q5c0j8qxza.0.0.0.1.$include-17.0.0.1:$panel-0.$0.0.0.1.2.0.0.1:$away-formation-row-1.$away-player-3\"><span class=\"sp-c-lineup-pitch__player__name gs-u-display-block@xs \" data-reactid=\".q5c0j8qxza.0.0.0.1.$include-17.0.0.1:$panel-0.$0.0.0.1.2.0.0.1:$away-formation-row-1.$away-player-3.1\">evin (Bott 56\u00b4); Tierney, Takarada, Rantala; Momiki (Whelan 90\u00b4), Petermann, O&#8217;Brien (Rose 56\u00b4)<\/span><\/span><\/p>\n<p><strong>Rozhod\u010d\u00ed:<\/strong> Cheryl Foster\u00a0 <strong>D<span class=\"sp-c-lineup-pitch__player\" data-reactid=\".q5c0j8qxza.0.0.0.1.$include-17.0.0.1:$panel-0.$0.0.0.0.2.0.0.1:$home-formation-row-1.$home-player-2\"><span class=\"sp-c-lineup-pitch__player__name gs-u-display-block@xs \" data-reactid=\".q5c0j8qxza.0.0.0.1.$include-17.0.0.1:$panel-0.$0.0.0.0.2.0.0.1:$home-formation-row-1.$home-player-2.1\">iv\u00e1ci:<\/span><\/span><\/strong><span class=\"sp-c-lineup-pitch__player\" data-reactid=\".q5c0j8qxza.0.0.0.1.$include-17.0.0.1:$panel-0.$0.0.0.0.2.0.0.1:$home-formation-row-1.$home-player-2\"><span class=\"sp-c-lineup-pitch__player__name gs-u-display-block@xs \" data-reactid=\".q5c0j8qxza.0.0.0.1.$include-17.0.0.1:$panel-0.$0.0.0.0.2.0.0.1:$home-formation-row-1.$home-player-2.1\">\u00a0891\u00a0 <\/span><\/span><strong>Evertonsk\u00e1 hr\u00e1\u010dka z\u00e1pasu:<\/strong> Kathrine M\u00f8ller\u00a0<span class=\"sp-c-lineup-pitch__player\" data-reactid=\".q5c0j8qxza.0.0.0.1.$include-17.0.0.1:$panel-0.$0.0.0.0.2.0.0.1:$home-formation-row-1.$home-player-2\"><span class=\"sp-c-lineup-pitch__player__name gs-u-display-block@xs \" data-reactid=\".q5c0j8qxza.0.0.0.1.$include-17.0.0.1:$panel-0.$0.0.0.0.2.0.0.1:$home-formation-row-1.$home-player-2.1\">K\u00fchl<\/span><\/span><\/p>\n<p><iframe loading=\"lazy\" title=\"An Away Win! \ud83d\ude4c | Everton 0 LCFC Women 1\" width=\"1140\" height=\"641\" src=\"https:\/\/www.youtube.com\/embed\/vzp7DYNqy8Q?feature=oembed\" frameborder=\"0\" allow=\"accelerometer; autoplay; clipboard-write; encrypted-media; gyroscope; picture-in-picture; web-share\" allowfullscreen><\/iframe><\/p>\n","protected":false},"excerpt":{"rendered":"<p>M\u011bla to b\u00fdt odveta za zpackan\u00fd poh\u00e1rov\u00fd z\u00e1pas. Ale zas tak z\u00e1zra\u010dn\u011b se n\u00e1m to nepovedl a\u00a0 po proh\u0159e 0:1 se v tabulce sesouv\u00e1me na 9. m\u00edsto z 12.\u00a0<\/p>\n","protected":false},"author":26,"featured_media":23871,"comment_status":"open","ping_status":"closed","sticky":false,"template":"","format":"standard","meta":{"_eb_attr":"","_monsterinsights_skip_tracking":false,"_monsterinsights_sitenote_active":false,"_monsterinsights_sitenote_note":"","_monsterinsights_sitenote_category":0,"footnotes":""},"categories":[110],"tags":[],"yoast_head":"<!-- This site is optimized with the Yoast SEO plugin v23.4 - https:\/\/yoast.com\/wordpress\/plugins\/seo\/ -->\n<title>Everton W - Leicester W 0:1 - Official Czech &amp; Slovak Everton Supporters&#039; Club<\/title>\n<meta name=\"robots\" content=\"index, follow, max-snippet:-1, max-image-preview:large, max-video-preview:-1\" \/>\n<link rel=\"canonical\" href=\"https:\/\/evertonfc.cz\/index.php\/2024\/02\/02\/everton-w-leicester-w-01\/\" \/>\n<meta property=\"og:locale\" content=\"cs_CZ\" \/>\n<meta property=\"og:type\" content=\"article\" \/>\n<meta property=\"og:title\" content=\"Everton W - Leicester W 0:1 - Official Czech &amp; Slovak Everton Supporters&#039; Club\" \/>\n<meta property=\"og:description\" content=\"M\u011bla to b\u00fdt odveta za zpackan\u00fd poh\u00e1rov\u00fd z\u00e1pas. Ale zas tak z\u00e1zra\u010dn\u011b se n\u00e1m to nepovedl a\u00a0 po proh\u0159e 0:1 se v tabulce sesouv\u00e1me na 9. m\u00edsto z 12.\u00a0\" \/>\n<meta property=\"og:url\" content=\"https:\/\/evertonfc.cz\/index.php\/2024\/02\/02\/everton-w-leicester-w-01\/\" \/>\n<meta property=\"og:site_name\" content=\"Official Czech &amp; Slovak Everton Supporters&#039; Club\" \/>\n<meta property=\"article:publisher\" content=\"https:\/\/www.facebook.com\/everton.fans.cz.sk\" \/>\n<meta property=\"article:published_time\" content=\"2024-02-02T20:09:48+00:00\" \/>\n<meta property=\"article:modified_time\" content=\"2024-02-05T14:17:01+00:00\" \/>\n<meta property=\"og:image\" content=\"https:\/\/evertonfc.cz\/wp-content\/uploads\/2024\/02\/Bissell-web-2_2_2024.jpg\" \/>\n\t<meta property=\"og:image:width\" content=\"720\" \/>\n\t<meta property=\"og:image:height\" content=\"405\" \/>\n\t<meta property=\"og:image:type\" content=\"image\/jpeg\" \/>\n<meta name=\"author\" content=\"Karamela\" \/>\n<meta name=\"twitter:card\" content=\"summary_large_image\" \/>\n<meta name=\"twitter:label1\" content=\"Napsal(a)\" \/>\n\t<meta name=\"twitter:data1\" content=\"Karamela\" \/>\n\t<meta name=\"twitter:label2\" content=\"Odhadovan\u00e1 doba \u010dten\u00ed\" \/>\n\t<meta name=\"twitter:data2\" content=\"4 minuty\" \/>\n<script type=\"application\/ld+json\" class=\"yoast-schema-graph\">{\"@context\":\"https:\/\/schema.org\",\"@graph\":[{\"@type\":\"Article\",\"@id\":\"https:\/\/evertonfc.cz\/index.php\/2024\/02\/02\/everton-w-leicester-w-01\/#article\",\"isPartOf\":{\"@id\":\"https:\/\/evertonfc.cz\/index.php\/2024\/02\/02\/everton-w-leicester-w-01\/\"},\"author\":{\"name\":\"Karamela\",\"@id\":\"https:\/\/evertonfc.cz\/#\/schema\/person\/e9a24a80a32efa1344dd2c4e5882185c\"},\"headline\":\"Everton W &#8211; Leicester W 0:1\",\"datePublished\":\"2024-02-02T20:09:48+00:00\",\"dateModified\":\"2024-02-05T14:17:01+00:00\",\"mainEntityOfPage\":{\"@id\":\"https:\/\/evertonfc.cz\/index.php\/2024\/02\/02\/everton-w-leicester-w-01\/\"},\"wordCount\":722,\"commentCount\":1,\"publisher\":{\"@id\":\"https:\/\/evertonfc.cz\/#organization\"},\"image\":{\"@id\":\"https:\/\/evertonfc.cz\/index.php\/2024\/02\/02\/everton-w-leicester-w-01\/#primaryimage\"},\"thumbnailUrl\":\"https:\/\/evertonfc.cz\/wp-content\/uploads\/2024\/02\/Bissell-web-2_2_2024.jpg\",\"articleSection\":[\"Everton Women\"],\"inLanguage\":\"cs\",\"potentialAction\":[{\"@type\":\"CommentAction\",\"name\":\"Comment\",\"target\":[\"https:\/\/evertonfc.cz\/index.php\/2024\/02\/02\/everton-w-leicester-w-01\/#respond\"]}]},{\"@type\":\"WebPage\",\"@id\":\"https:\/\/evertonfc.cz\/index.php\/2024\/02\/02\/everton-w-leicester-w-01\/\",\"url\":\"https:\/\/evertonfc.cz\/index.php\/2024\/02\/02\/everton-w-leicester-w-01\/\",\"name\":\"Everton W - Leicester W 0:1 - Official Czech &amp; Slovak Everton Supporters&#039; Club\",\"isPartOf\":{\"@id\":\"https:\/\/evertonfc.cz\/#website\"},\"primaryImageOfPage\":{\"@id\":\"https:\/\/evertonfc.cz\/index.php\/2024\/02\/02\/everton-w-leicester-w-01\/#primaryimage\"},\"image\":{\"@id\":\"https:\/\/evertonfc.cz\/index.php\/2024\/02\/02\/everton-w-leicester-w-01\/#primaryimage\"},\"thumbnailUrl\":\"https:\/\/evertonfc.cz\/wp-content\/uploads\/2024\/02\/Bissell-web-2_2_2024.jpg\",\"datePublished\":\"2024-02-02T20:09:48+00:00\",\"dateModified\":\"2024-02-05T14:17:01+00:00\",\"breadcrumb\":{\"@id\":\"https:\/\/evertonfc.cz\/index.php\/2024\/02\/02\/everton-w-leicester-w-01\/#breadcrumb\"},\"inLanguage\":\"cs\",\"potentialAction\":[{\"@type\":\"ReadAction\",\"target\":[\"https:\/\/evertonfc.cz\/index.php\/2024\/02\/02\/everton-w-leicester-w-01\/\"]}]},{\"@type\":\"ImageObject\",\"inLanguage\":\"cs\",\"@id\":\"https:\/\/evertonfc.cz\/index.php\/2024\/02\/02\/everton-w-leicester-w-01\/#primaryimage\",\"url\":\"https:\/\/evertonfc.cz\/wp-content\/uploads\/2024\/02\/Bissell-web-2_2_2024.jpg\",\"contentUrl\":\"https:\/\/evertonfc.cz\/wp-content\/uploads\/2024\/02\/Bissell-web-2_2_2024.jpg\",\"width\":720,\"height\":405},{\"@type\":\"BreadcrumbList\",\"@id\":\"https:\/\/evertonfc.cz\/index.php\/2024\/02\/02\/everton-w-leicester-w-01\/#breadcrumb\",\"itemListElement\":[{\"@type\":\"ListItem\",\"position\":1,\"name\":\"Home\",\"item\":\"https:\/\/evertonfc.cz\/\"},{\"@type\":\"ListItem\",\"position\":2,\"name\":\"Everton W &#8211; Leicester W 0:1\"}]},{\"@type\":\"WebSite\",\"@id\":\"https:\/\/evertonfc.cz\/#website\",\"url\":\"https:\/\/evertonfc.cz\/\",\"name\":\"Official Czech &amp; Slovak Everton Supporters&#039; Club\",\"description\":\"\",\"publisher\":{\"@id\":\"https:\/\/evertonfc.cz\/#organization\"},\"potentialAction\":[{\"@type\":\"SearchAction\",\"target\":{\"@type\":\"EntryPoint\",\"urlTemplate\":\"https:\/\/evertonfc.cz\/?s={search_term_string}\"},\"query-input\":{\"@type\":\"PropertyValueSpecification\",\"valueRequired\":true,\"valueName\":\"search_term_string\"}}],\"inLanguage\":\"cs\"},{\"@type\":\"Organization\",\"@id\":\"https:\/\/evertonfc.cz\/#organization\",\"name\":\"Official Czech & Slovak Everton Supporters' Club\",\"url\":\"https:\/\/evertonfc.cz\/\",\"logo\":{\"@type\":\"ImageObject\",\"inLanguage\":\"cs\",\"@id\":\"https:\/\/evertonfc.cz\/#\/schema\/logo\/image\/\",\"url\":\"https:\/\/evertonfc.cz\/wp-content\/uploads\/2019\/05\/logo.png\",\"contentUrl\":\"https:\/\/evertonfc.cz\/wp-content\/uploads\/2019\/05\/logo.png\",\"width\":112,\"height\":112,\"caption\":\"Official Czech & Slovak Everton Supporters' Club\"},\"image\":{\"@id\":\"https:\/\/evertonfc.cz\/#\/schema\/logo\/image\/\"},\"sameAs\":[\"https:\/\/www.facebook.com\/everton.fans.cz.sk\"]},{\"@type\":\"Person\",\"@id\":\"https:\/\/evertonfc.cz\/#\/schema\/person\/e9a24a80a32efa1344dd2c4e5882185c\",\"name\":\"Karamela\",\"url\":\"https:\/\/evertonfc.cz\/index.php\/author\/karamela\/\"}]}<\/script>\n<!-- \/ Yoast SEO plugin. -->","yoast_head_json":{"title":"Everton W - Leicester W 0:1 - Official Czech &amp; Slovak Everton Supporters&#039; Club","robots":{"index":"index","follow":"follow","max-snippet":"max-snippet:-1","max-image-preview":"max-image-preview:large","max-video-preview":"max-video-preview:-1"},"canonical":"https:\/\/evertonfc.cz\/index.php\/2024\/02\/02\/everton-w-leicester-w-01\/","og_locale":"cs_CZ","og_type":"article","og_title":"Everton W - Leicester W 0:1 - Official Czech &amp; Slovak Everton Supporters&#039; Club","og_description":"M\u011bla to b\u00fdt odveta za zpackan\u00fd poh\u00e1rov\u00fd z\u00e1pas. Ale zas tak z\u00e1zra\u010dn\u011b se n\u00e1m to nepovedl a\u00a0 po proh\u0159e 0:1 se v tabulce sesouv\u00e1me na 9. m\u00edsto z 12.\u00a0","og_url":"https:\/\/evertonfc.cz\/index.php\/2024\/02\/02\/everton-w-leicester-w-01\/","og_site_name":"Official Czech &amp; Slovak Everton Supporters&#039; Club","article_publisher":"https:\/\/www.facebook.com\/everton.fans.cz.sk","article_published_time":"2024-02-02T20:09:48+00:00","article_modified_time":"2024-02-05T14:17:01+00:00","og_image":[{"width":720,"height":405,"url":"https:\/\/evertonfc.cz\/wp-content\/uploads\/2024\/02\/Bissell-web-2_2_2024.jpg","type":"image\/jpeg"}],"author":"Karamela","twitter_card":"summary_large_image","twitter_misc":{"Napsal(a)":"Karamela","Odhadovan\u00e1 doba \u010dten\u00ed":"4 minuty"},"schema":{"@context":"https:\/\/schema.org","@graph":[{"@type":"Article","@id":"https:\/\/evertonfc.cz\/index.php\/2024\/02\/02\/everton-w-leicester-w-01\/#article","isPartOf":{"@id":"https:\/\/evertonfc.cz\/index.php\/2024\/02\/02\/everton-w-leicester-w-01\/"},"author":{"name":"Karamela","@id":"https:\/\/evertonfc.cz\/#\/schema\/person\/e9a24a80a32efa1344dd2c4e5882185c"},"headline":"Everton W &#8211; Leicester W 0:1","datePublished":"2024-02-02T20:09:48+00:00","dateModified":"2024-02-05T14:17:01+00:00","mainEntityOfPage":{"@id":"https:\/\/evertonfc.cz\/index.php\/2024\/02\/02\/everton-w-leicester-w-01\/"},"wordCount":722,"commentCount":1,"publisher":{"@id":"https:\/\/evertonfc.cz\/#organization"},"image":{"@id":"https:\/\/evertonfc.cz\/index.php\/2024\/02\/02\/everton-w-leicester-w-01\/#primaryimage"},"thumbnailUrl":"https:\/\/evertonfc.cz\/wp-content\/uploads\/2024\/02\/Bissell-web-2_2_2024.jpg","articleSection":["Everton Women"],"inLanguage":"cs","potentialAction":[{"@type":"CommentAction","name":"Comment","target":["https:\/\/evertonfc.cz\/index.php\/2024\/02\/02\/everton-w-leicester-w-01\/#respond"]}]},{"@type":"WebPage","@id":"https:\/\/evertonfc.cz\/index.php\/2024\/02\/02\/everton-w-leicester-w-01\/","url":"https:\/\/evertonfc.cz\/index.php\/2024\/02\/02\/everton-w-leicester-w-01\/","name":"Everton W - Leicester W 0:1 - Official Czech &amp; Slovak Everton Supporters&#039; Club","isPartOf":{"@id":"https:\/\/evertonfc.cz\/#website"},"primaryImageOfPage":{"@id":"https:\/\/evertonfc.cz\/index.php\/2024\/02\/02\/everton-w-leicester-w-01\/#primaryimage"},"image":{"@id":"https:\/\/evertonfc.cz\/index.php\/2024\/02\/02\/everton-w-leicester-w-01\/#primaryimage"},"thumbnailUrl":"https:\/\/evertonfc.cz\/wp-content\/uploads\/2024\/02\/Bissell-web-2_2_2024.jpg","datePublished":"2024-02-02T20:09:48+00:00","dateModified":"2024-02-05T14:17:01+00:00","breadcrumb":{"@id":"https:\/\/evertonfc.cz\/index.php\/2024\/02\/02\/everton-w-leicester-w-01\/#breadcrumb"},"inLanguage":"cs","potentialAction":[{"@type":"ReadAction","target":["https:\/\/evertonfc.cz\/index.php\/2024\/02\/02\/everton-w-leicester-w-01\/"]}]},{"@type":"ImageObject","inLanguage":"cs","@id":"https:\/\/evertonfc.cz\/index.php\/2024\/02\/02\/everton-w-leicester-w-01\/#primaryimage","url":"https:\/\/evertonfc.cz\/wp-content\/uploads\/2024\/02\/Bissell-web-2_2_2024.jpg","contentUrl":"https:\/\/evertonfc.cz\/wp-content\/uploads\/2024\/02\/Bissell-web-2_2_2024.jpg","width":720,"height":405},{"@type":"BreadcrumbList","@id":"https:\/\/evertonfc.cz\/index.php\/2024\/02\/02\/everton-w-leicester-w-01\/#breadcrumb","itemListElement":[{"@type":"ListItem","position":1,"name":"Home","item":"https:\/\/evertonfc.cz\/"},{"@type":"ListItem","position":2,"name":"Everton W &#8211; Leicester W 0:1"}]},{"@type":"WebSite","@id":"https:\/\/evertonfc.cz\/#website","url":"https:\/\/evertonfc.cz\/","name":"Official Czech &amp; Slovak Everton Supporters&#039; Club","description":"","publisher":{"@id":"https:\/\/evertonfc.cz\/#organization"},"potentialAction":[{"@type":"SearchAction","target":{"@type":"EntryPoint","urlTemplate":"https:\/\/evertonfc.cz\/?s={search_term_string}"},"query-input":{"@type":"PropertyValueSpecification","valueRequired":true,"valueName":"search_term_string"}}],"inLanguage":"cs"},{"@type":"Organization","@id":"https:\/\/evertonfc.cz\/#organization","name":"Official Czech & Slovak Everton Supporters' Club","url":"https:\/\/evertonfc.cz\/","logo":{"@type":"ImageObject","inLanguage":"cs","@id":"https:\/\/evertonfc.cz\/#\/schema\/logo\/image\/","url":"https:\/\/evertonfc.cz\/wp-content\/uploads\/2019\/05\/logo.png","contentUrl":"https:\/\/evertonfc.cz\/wp-content\/uploads\/2019\/05\/logo.png","width":112,"height":112,"caption":"Official Czech & Slovak Everton Supporters' Club"},"image":{"@id":"https:\/\/evertonfc.cz\/#\/schema\/logo\/image\/"},"sameAs":["https:\/\/www.facebook.com\/everton.fans.cz.sk"]},{"@type":"Person","@id":"https:\/\/evertonfc.cz\/#\/schema\/person\/e9a24a80a32efa1344dd2c4e5882185c","name":"Karamela","url":"https:\/\/evertonfc.cz\/index.php\/author\/karamela\/"}]}},"_links":{"self":[{"href":"https:\/\/evertonfc.cz\/index.php\/wp-json\/wp\/v2\/posts\/23821"}],"collection":[{"href":"https:\/\/evertonfc.cz\/index.php\/wp-json\/wp\/v2\/posts"}],"about":[{"href":"https:\/\/evertonfc.cz\/index.php\/wp-json\/wp\/v2\/types\/post"}],"author":[{"embeddable":true,"href":"https:\/\/evertonfc.cz\/index.php\/wp-json\/wp\/v2\/users\/26"}],"replies":[{"embeddable":true,"href":"https:\/\/evertonfc.cz\/index.php\/wp-json\/wp\/v2\/comments?post=23821"}],"version-history":[{"count":9,"href":"https:\/\/evertonfc.cz\/index.php\/wp-json\/wp\/v2\/posts\/23821\/revisions"}],"predecessor-version":[{"id":23901,"href":"https:\/\/evertonfc.cz\/index.php\/wp-json\/wp\/v2\/posts\/23821\/revisions\/23901"}],"wp:featuredmedia":[{"embeddable":true,"href":"https:\/\/evertonfc.cz\/index.php\/wp-json\/wp\/v2\/media\/23871"}],"wp:attachment":[{"href":"https:\/\/evertonfc.cz\/index.php\/wp-json\/wp\/v2\/media?parent=23821"}],"wp:term":[{"taxonomy":"category","embeddable":true,"href":"https:\/\/evertonfc.cz\/index.php\/wp-json\/wp\/v2\/categories?post=23821"},{"taxonomy":"post_tag","embeddable":true,"href":"https:\/\/evertonfc.cz\/index.php\/wp-json\/wp\/v2\/tags?post=23821"}],"curies":[{"name":"wp","href":"https:\/\/api.w.org\/{rel}","templated":true}]}}