{"id":23824,"date":"2024-01-30T18:48:33","date_gmt":"2024-01-30T17:48:33","guid":{"rendered":"https:\/\/evertonfc.cz\/?p=23824"},"modified":"2024-01-30T18:57:50","modified_gmt":"2024-01-30T17:57:50","slug":"preview-fulham-everton-8","status":"publish","type":"post","link":"https:\/\/evertonfc.cz\/index.php\/2024\/01\/30\/preview-fulham-everton-8\/","title":{"rendered":"Preview: Fulham \u2013 Everton"},"content":{"rendered":"<h4>Trin\u00e1sty Fulham by mohol by\u0165 \u0161trn\u00e1sty, ak by nebolo odpo\u010dtu bodov pre aktu\u00e1lne sedemn\u00e1sty Everton. Ak\u00e9 z toho plynie ponau\u010denie? Sme lep\u0161\u00ed. Ale uk\u00e1\u017eme to kone\u010dne aj v spolo\u010dnom z\u00e1pase! K\u00fdm sme e\u0161te v spolo\u010dnej s\u00fa\u0165a\u017ei.<\/h4>\n<p>Pochm\u00farnym za\u010diatkom som ur\u010dite nepridal na n\u00e1lade nerv\u00f3znych Evertonians, ktor\u00ed z\u00a0obhryzen\u00fdmi nechtami dychtivo o\u010dak\u00e1vaj\u00fa v\u00fdsledok odvolacieho procesu proti hrub\u00e9mu trestu za poru\u0161enie finan\u010dn\u00fdch pravidiel. Ten za\u010d\u00edna u\u017e zajtra. Vypo\u010d\u00favanie bude trva\u0165 tri dni, v\u00fdsledok sa dozvieme zhruba v\u00a0polovici febru\u00e1ra. A\u00a0nie je to neskoro? \u010ci pr\u00edli\u0161 skoro? Karma zrejme rozhodne.<\/p>\n<p>Odkedy sme sa naposledy v\u00a0\u010dl\u00e1nku venovali tak\u00fdmto t\u00e9mam, s\u00fa aj nejak\u00e9 novinky. Napr\u00edklad tak\u00fd n\u00e1\u0161 Poradn\u00fd v\u00fdbor fan\u00fa\u0161ikov (Fan Advisory Board) predlo\u017eil svoje vyhl\u00e1senie Evertonu aj Premier League so \u017eiados\u0165ou, aby toto bolo form\u00e1lne pos\u00faden\u00e9 ako s\u00fa\u010das\u0165 odvolania klubu proti odpo\u010dtu 10 bodov.<\/p>\n<p>Je potvrden\u00e9, \u017ee liga odovzdala vyhl\u00e1senie odvolaciemu v\u00fdboru komisie. Aj ke\u010f to neznamen\u00e1, \u017ee sa to ur\u010dite bude bra\u0165 do \u00favahy, d\u00fafajme, \u017ee n\u00e1s to posunie bli\u017e\u0161ie k tomu, aby bol na odvolan\u00ed vypo\u010dut\u00fd hlas fan\u00fa\u0161ikov. Mimochodom ten hlas m\u00e1 363 str\u00e1n. <strong><a href=\"https:\/\/efc-fanadvisoryboard.com\/2024\/01\/19\/fab-sends-witness-statement-to-pl-apppeal-board\/\" target=\"_blank\" rel=\"noopener\">Cel\u00fd alebo len svedeck\u00fa v\u00fdpove\u010f (25str.) si m\u00f4\u017eete pre\u010d\u00edta\u0165 tu<\/a>.<\/strong><\/p>\n<h4><strong>Dyche pred z\u00e1pasom:<\/strong><\/h4>\n<blockquote><p><span style=\"font-size: 12pt;\"><em>\u201eChceme, aby bol t\u00edm pripraven\u00fd a odhodlan\u00fd \u00eds\u0165 \u2013 oni poznaj\u00fa rozpis z\u00e1pasov. V\u00fdzvou je, ke\u010f m\u00e1te to\u013eko zranen\u00ed, \u017ee to samozrejme spochyb\u0148uje \u010das na zotavenie, kond\u00edciu a dostupnos\u0165. Ale ver\u00edm v\u0161etk\u00fdm t\u00fdmto hr\u00e1\u010dom bez oh\u013eadu na zranenia. Pod\u013ea m\u0148a je liga odli\u0161n\u00e1. Poh\u00e1r m\u00e1 in\u00fa mentalitu \u2013 povedal som to v minulom kole. C\u00edtite to aj od fan\u00fa\u0161ikov, z poh\u00e1rov je in\u00fd pocit. Nie je to nikoho chyba, je to tak, ako to je, hr\u00e1\u010di sa c\u00edtia inak, nie je to Premier League. Je tu in\u00fd \u0161um a pocit z toho. Fulham mal v tejto sez\u00f3ne pomal\u00fd \u0161tart, preto\u017ee som si myslel, \u017ee sme proti nim hrali v\u00fdborne. Ale dosiahli v\u00fdsledok. Myslel som si, \u017ee sme proti nim boli v\u00fdborn\u00ed aj v\u00a0poh\u00e1ri. Ale op\u00e4\u0165 dosiahli v\u00fdsledok, ktor\u00fd samozrejme nie je ide\u00e1lny. Vo v\u0161eobecnosti maj\u00fa dobr\u00fa dom\u00e1cu bilanciu a v Premier League nie je nikdy \u013eahk\u00e9 hra\u0165 vonku. Ale n\u00e1\u0161 vonkaj\u0161\u00ed rekord je siln\u00fd, tak\u017ee tam dole chceme \u00eds\u0165 a nech u\u017e zostav\u00edme ak\u00fdko\u013evek t\u00edm, chceme t\u00edm, ktor\u00fd dok\u00e1\u017ee vyhra\u0165 z\u00e1pas.\u201c<\/em><\/span><\/p><\/blockquote>\n<p>Budem e\u0161te pokra\u010dova\u0165 o\u00a0dian\u00ed mimo ihriska, preto\u017ee to, \u010do sa deje na \u0148om, ma v\u00a0sobotu teda moc nenadchlo. Toto v\u0161ak \u00e1no. V\u00fdbor pre kult\u00faru, m\u00e9di\u00e1 a\u00a0\u0161port &#8211; parlamentn\u00e1 skupina, ktor\u00e1 za\u010diatkom tohto mesiaca predvolala v\u00fdkonn\u00e9ho riadite\u013ea PL Richarda Mastersa do Dolnej snemovne, ho po\u017eiadala, aby odovzdal svoju svedeck\u00fa v\u00fdpove\u010f, ktor\u00fa poskytol nez\u00e1vislej komisii, ktor\u00e1 rozhodla o treste pre Everton.<\/p>\n<p>Panuj\u00fa toti\u017e pochybnosti, ako sa dospelo ku konkr\u00e9tnemu trestu. Transparentnos\u0165 procesu je prinajmen\u0161om zahalen\u00e1 z\u00e1vojom, a nie je jasn\u00e9, \u010di by v bud\u00facnosti do\u0161lo k f\u00e9rov\u00e9mu\u00a0pr\u00edstupu na z\u00e1klade n\u00e1\u0161ho pr\u00edpadu. Protire\u010dia sa toti\u017e tvrdenia Mastersa a\u00a0nez\u00e1vislej komisie. T\u00e1 mala udeli\u0165 trest pre EFC pod\u013ea vlastn\u00e9ho uv\u00e1\u017eenia. Len\u017ee liga v\u00a0lete prijala v\u00f4bec prv\u00e9 pravidl\u00e1 pre tak\u00e9to tresty (u\u017e po\u010das obvinenia Evertonu z\u00a0poru\u0161enia PSR) a\u00a0tie n\u00e1sledne odporu\u010dila komisii. T\u00e1 sa potom \u201enez\u00e1vislo\u201c riadila nimi.<\/p>\n<h4><strong>T\u00edmov\u00e9 novinky<\/strong><\/h4>\n<p>Tie v podstate nie s\u00fa \u017eiadne. V\u0161etci zo sobotn\u00e9ho poh\u00e1rov\u00e9ho vypadnutia s Lutonom by mali by\u0165 k dispoz\u00edcii. Hoci, objavili sa nepotvrden\u00e9 spr\u00e1vy, \u017ee Onana by nemusel nast\u00fapi\u0165 pre nov\u00e9 zranenie. D\u00fafame v\u0161ak, \u017ee je to len popla\u0161n\u00e1 spr\u00e1va u\u017e nekontrolovanej siete X. Mimo ost\u00e1va Gomes s l\u00fdtkom, a Alli po \u010fal\u0161ej oper\u00e1cii.<\/p>\n<p>Gueye si u\u017e na AFCONe, chvalabohu, zbalil v\u010dera kufre. Let do Lond\u00fdna asi nestihol (za lep\u0161\u00edch \u010dias by mu ur\u010dite Farhad poslal svoj trysk\u00e1\u010d). Young a Coleman by zrejme mohli by\u0165 na aspo\u0148 lavi\u010dke. Doucour\u00e9 je z\u00e1hada. P\u00edsan\u00fd ako st\u00e1le indisponovan\u00fd pre hamstring postuje svoje vysmiate fotky z tr\u00e9ningu.<\/p>\n<p>Fulhamu kv\u00f4li Africk\u00e9mu poh\u00e1ru nepom\u00f4\u017ee Iwobi, Bassey ani Ballo-Tour\u00e9. Wilson a\u00a0Traor\u00e9 by nemali hra\u0165 pre zranenia. Ur\u010dite aj preto v\u00a0FA Cupe nast\u00fapili proti Strak\u00e1m v pozmenenej zostave, ktor\u00e1 nezabr\u00e1nila prehre doma 0:2. Preto by dnes mohli pokra\u010dova\u0165 v\u00a0tejto 4 z\u00e1pasovej s\u00e9rii bez v\u00fdhry vo v\u0161etk\u00fdch s\u00fa\u0165a\u017eiach.<\/p>\n<h4><strong>\u0160tatistick\u00e9 okienko:<\/strong><\/h4>\n<ul>\n<li>Fulham sa sna\u017e\u00ed skompletizova\u0165 svoje prv\u00e9 ligov\u00e9 double nad Evertonom na 30. pokus.<\/li>\n<li>Po s\u00e9rii 9 prehier v 10 ligov\u00fdch z\u00e1pasoch na ihrisku Fulhamu prehrali Toffees iba jeden z\u00e1pas z posledn\u00fdch siedmich na Craven Cottage.<\/li>\n<li>Fulham nevyhral v \u0161tyroch z\u00e1pasoch vo v\u0161etk\u00fdch s\u00fa\u0165a\u017eiach a triumfoval len v dvoch z posledn\u00fdch 10. Vyhrali v\u0161ak 4 z posledn\u00fdch 5 dom\u00e1cich ligov\u00fdch z\u00e1pasov.<\/li>\n<li>Posledn\u00fdch \u0161es\u0165 ligov\u00fdch v\u00ed\u0165azstiev zaknihovali doma, pri\u010dom ich jedin\u00e9 v\u00ed\u0165azstvo vonku v tejto sez\u00f3ne pri\u0161lo na Evertone po\u010das \u00favodn\u00e9ho v\u00edkendu.<\/li>\n<li>V sez\u00f3ne 2023\/24 nedok\u00e1zali Chalup\u00e1ri sk\u00f3rova\u0165 v deviatich z\u00e1pasoch PL.<\/li>\n<li>Toffees vyhrali v tejto sez\u00f3ne tri zo \u0161tyroch v\u00fdjazdov Premier League do Lond\u00fdna. Lep\u0161ie sa im darilo len v sez\u00f3ne 2020\/21, ke\u010f p\u00e4\u0165kr\u00e1t vyhrali v hlavnom meste pod veden\u00edm Carla Ancelottiho.<\/li>\n<li>Tretina z na\u0161ich 24 g\u00f3lov v tejto sez\u00f3ne padla z rohov, \u010do je najvy\u0161\u0161\u00ed podiel v lige.<\/li>\n<li>Jordan Pickford je v boji o Zlat\u00fa rukavicu na rovnakej \u00farovni ako Alisson z Liverpoolu, obaja si v tejto sez\u00f3ne udr\u017eali sedem \u010dist\u00fdch kont.<\/li>\n<li>Dominic Calvert-Lewin odohral u\u017e 15 z\u00e1pasov bez g\u00f3lu vo v\u0161etk\u00fdch s\u00fa\u0165a\u017eiach.<\/li>\n<li>Raul Jim\u00e9nez strelil 5 g\u00f3lov v Premier League proti EFC, \u010do je viac ako proti ktor\u00e9muko\u013evek in\u00e9mu t\u00edmu.<\/li>\n<\/ul>\n<h3 style=\"text-align: center;\"><span style=\"color: #3366ff;\"><em><strong>Up The Toffees !!!<\/strong><\/em><\/span><\/h3>\n<p><strong>\u010co:<\/strong> Fulham FC \u2013 Everton FC, 22. kolo Premier League<br \/>\n<strong>Kedy:<\/strong> 30.1. 2024 od 20:45 SE\u010c<br \/>\n<strong>Ako: <\/strong>stream Canal+Sport 7 (komentuje Pavel Tyl\u0161ar)<br \/>\n<strong>Kde:<\/strong> Craven Cottage \u2013 Stevenage Rd, Lond\u00fdn SW6 6HH (kapacita: 25 700)<br \/>\n<strong>Rozhodca:<\/strong> Tom Bramall\u00a0 <strong>Asistenti:<\/strong> S. Burt, M. Wilkes\u00a0 <strong>\u0160tvrt\u00fd rozhodca:<\/strong> T. Robinson<br \/>\n<strong>VAR:<\/strong> David Coote\u00a0 <strong>Asistent VAR:<\/strong> Marc Perry<\/p>\n","protected":false},"excerpt":{"rendered":"<p>Trin\u00e1sty Fulham by mohol by\u0165 \u0161trn\u00e1sty, ak by nebolo odpo\u010dtu bodov pre aktu\u00e1lne sedemn\u00e1sty Everton. Ak\u00e9 z toho plynie ponau\u010denie? Sme lep\u0161\u00ed. Ale uk\u00e1\u017eme to kone\u010dne aj v spolo\u010dnom z\u00e1pase! K\u00fdm sme e\u0161te v spolo\u010dnej s\u00fa\u0165a\u017ei.<\/p>\n","protected":false},"author":1,"featured_media":12988,"comment_status":"open","ping_status":"closed","sticky":false,"template":"","format":"standard","meta":{"_eb_attr":"","_monsterinsights_skip_tracking":false,"_monsterinsights_sitenote_active":false,"_monsterinsights_sitenote_note":"","_monsterinsights_sitenote_category":0,"footnotes":""},"categories":[4],"tags":[],"yoast_head":"<!-- This site is optimized with the Yoast SEO plugin v23.4 - https:\/\/yoast.com\/wordpress\/plugins\/seo\/ -->\n<title>Preview: Fulham \u2013 Everton - Official Czech &amp; Slovak Everton Supporters&#039; Club<\/title>\n<meta name=\"robots\" content=\"index, follow, max-snippet:-1, max-image-preview:large, max-video-preview:-1\" \/>\n<link rel=\"canonical\" href=\"https:\/\/evertonfc.cz\/index.php\/2024\/01\/30\/preview-fulham-everton-8\/\" \/>\n<meta property=\"og:locale\" content=\"cs_CZ\" \/>\n<meta property=\"og:type\" content=\"article\" \/>\n<meta property=\"og:title\" content=\"Preview: Fulham \u2013 Everton - Official Czech &amp; Slovak Everton Supporters&#039; Club\" \/>\n<meta property=\"og:description\" content=\"Trin\u00e1sty Fulham by mohol by\u0165 \u0161trn\u00e1sty, ak by nebolo odpo\u010dtu bodov pre aktu\u00e1lne sedemn\u00e1sty Everton. Ak\u00e9 z toho plynie ponau\u010denie? Sme lep\u0161\u00ed. Ale uk\u00e1\u017eme to kone\u010dne aj v spolo\u010dnom z\u00e1pase! K\u00fdm sme e\u0161te v spolo\u010dnej s\u00fa\u0165a\u017ei.\" \/>\n<meta property=\"og:url\" content=\"https:\/\/evertonfc.cz\/index.php\/2024\/01\/30\/preview-fulham-everton-8\/\" \/>\n<meta property=\"og:site_name\" content=\"Official Czech &amp; Slovak Everton Supporters&#039; Club\" \/>\n<meta property=\"article:publisher\" content=\"https:\/\/www.facebook.com\/everton.fans.cz.sk\" \/>\n<meta property=\"article:published_time\" content=\"2024-01-30T17:48:33+00:00\" \/>\n<meta property=\"article:modified_time\" content=\"2024-01-30T17:57:50+00:00\" \/>\n<meta property=\"og:image\" content=\"https:\/\/evertonfc.cz\/wp-content\/uploads\/2020\/11\/Fulham-VS-Everton-20-11-2020.jpg\" \/>\n\t<meta property=\"og:image:width\" content=\"720\" \/>\n\t<meta property=\"og:image:height\" content=\"405\" \/>\n\t<meta property=\"og:image:type\" content=\"image\/jpeg\" \/>\n<meta name=\"author\" content=\"BlueBlooded\" \/>\n<meta name=\"twitter:card\" content=\"summary_large_image\" \/>\n<meta name=\"twitter:label1\" content=\"Napsal(a)\" \/>\n\t<meta name=\"twitter:data1\" content=\"BlueBlooded\" \/>\n\t<meta name=\"twitter:label2\" content=\"Odhadovan\u00e1 doba \u010dten\u00ed\" \/>\n\t<meta name=\"twitter:data2\" content=\"5 minut\" \/>\n<script type=\"application\/ld+json\" class=\"yoast-schema-graph\">{\"@context\":\"https:\/\/schema.org\",\"@graph\":[{\"@type\":\"Article\",\"@id\":\"https:\/\/evertonfc.cz\/index.php\/2024\/01\/30\/preview-fulham-everton-8\/#article\",\"isPartOf\":{\"@id\":\"https:\/\/evertonfc.cz\/index.php\/2024\/01\/30\/preview-fulham-everton-8\/\"},\"author\":{\"name\":\"BlueBlooded\",\"@id\":\"https:\/\/evertonfc.cz\/#\/schema\/person\/d4493b8cbea51532597fbc4685698916\"},\"headline\":\"Preview: Fulham \u2013 Everton\",\"datePublished\":\"2024-01-30T17:48:33+00:00\",\"dateModified\":\"2024-01-30T17:57:50+00:00\",\"mainEntityOfPage\":{\"@id\":\"https:\/\/evertonfc.cz\/index.php\/2024\/01\/30\/preview-fulham-everton-8\/\"},\"wordCount\":1116,\"commentCount\":4,\"publisher\":{\"@id\":\"https:\/\/evertonfc.cz\/#organization\"},\"image\":{\"@id\":\"https:\/\/evertonfc.cz\/index.php\/2024\/01\/30\/preview-fulham-everton-8\/#primaryimage\"},\"thumbnailUrl\":\"https:\/\/evertonfc.cz\/wp-content\/uploads\/2020\/11\/Fulham-VS-Everton-20-11-2020.jpg\",\"articleSection\":[\"Z\u00e1pasy\"],\"inLanguage\":\"cs\",\"potentialAction\":[{\"@type\":\"CommentAction\",\"name\":\"Comment\",\"target\":[\"https:\/\/evertonfc.cz\/index.php\/2024\/01\/30\/preview-fulham-everton-8\/#respond\"]}]},{\"@type\":\"WebPage\",\"@id\":\"https:\/\/evertonfc.cz\/index.php\/2024\/01\/30\/preview-fulham-everton-8\/\",\"url\":\"https:\/\/evertonfc.cz\/index.php\/2024\/01\/30\/preview-fulham-everton-8\/\",\"name\":\"Preview: Fulham \u2013 Everton - Official Czech &amp; Slovak Everton Supporters&#039; Club\",\"isPartOf\":{\"@id\":\"https:\/\/evertonfc.cz\/#website\"},\"primaryImageOfPage\":{\"@id\":\"https:\/\/evertonfc.cz\/index.php\/2024\/01\/30\/preview-fulham-everton-8\/#primaryimage\"},\"image\":{\"@id\":\"https:\/\/evertonfc.cz\/index.php\/2024\/01\/30\/preview-fulham-everton-8\/#primaryimage\"},\"thumbnailUrl\":\"https:\/\/evertonfc.cz\/wp-content\/uploads\/2020\/11\/Fulham-VS-Everton-20-11-2020.jpg\",\"datePublished\":\"2024-01-30T17:48:33+00:00\",\"dateModified\":\"2024-01-30T17:57:50+00:00\",\"breadcrumb\":{\"@id\":\"https:\/\/evertonfc.cz\/index.php\/2024\/01\/30\/preview-fulham-everton-8\/#breadcrumb\"},\"inLanguage\":\"cs\",\"potentialAction\":[{\"@type\":\"ReadAction\",\"target\":[\"https:\/\/evertonfc.cz\/index.php\/2024\/01\/30\/preview-fulham-everton-8\/\"]}]},{\"@type\":\"ImageObject\",\"inLanguage\":\"cs\",\"@id\":\"https:\/\/evertonfc.cz\/index.php\/2024\/01\/30\/preview-fulham-everton-8\/#primaryimage\",\"url\":\"https:\/\/evertonfc.cz\/wp-content\/uploads\/2020\/11\/Fulham-VS-Everton-20-11-2020.jpg\",\"contentUrl\":\"https:\/\/evertonfc.cz\/wp-content\/uploads\/2020\/11\/Fulham-VS-Everton-20-11-2020.jpg\",\"width\":720,\"height\":405},{\"@type\":\"BreadcrumbList\",\"@id\":\"https:\/\/evertonfc.cz\/index.php\/2024\/01\/30\/preview-fulham-everton-8\/#breadcrumb\",\"itemListElement\":[{\"@type\":\"ListItem\",\"position\":1,\"name\":\"Home\",\"item\":\"https:\/\/evertonfc.cz\/\"},{\"@type\":\"ListItem\",\"position\":2,\"name\":\"Preview: Fulham \u2013 Everton\"}]},{\"@type\":\"WebSite\",\"@id\":\"https:\/\/evertonfc.cz\/#website\",\"url\":\"https:\/\/evertonfc.cz\/\",\"name\":\"Official Czech &amp; Slovak Everton Supporters&#039; Club\",\"description\":\"\",\"publisher\":{\"@id\":\"https:\/\/evertonfc.cz\/#organization\"},\"potentialAction\":[{\"@type\":\"SearchAction\",\"target\":{\"@type\":\"EntryPoint\",\"urlTemplate\":\"https:\/\/evertonfc.cz\/?s={search_term_string}\"},\"query-input\":{\"@type\":\"PropertyValueSpecification\",\"valueRequired\":true,\"valueName\":\"search_term_string\"}}],\"inLanguage\":\"cs\"},{\"@type\":\"Organization\",\"@id\":\"https:\/\/evertonfc.cz\/#organization\",\"name\":\"Official Czech & Slovak Everton Supporters' Club\",\"url\":\"https:\/\/evertonfc.cz\/\",\"logo\":{\"@type\":\"ImageObject\",\"inLanguage\":\"cs\",\"@id\":\"https:\/\/evertonfc.cz\/#\/schema\/logo\/image\/\",\"url\":\"https:\/\/evertonfc.cz\/wp-content\/uploads\/2019\/05\/logo.png\",\"contentUrl\":\"https:\/\/evertonfc.cz\/wp-content\/uploads\/2019\/05\/logo.png\",\"width\":112,\"height\":112,\"caption\":\"Official Czech & Slovak Everton Supporters' Club\"},\"image\":{\"@id\":\"https:\/\/evertonfc.cz\/#\/schema\/logo\/image\/\"},\"sameAs\":[\"https:\/\/www.facebook.com\/everton.fans.cz.sk\"]},{\"@type\":\"Person\",\"@id\":\"https:\/\/evertonfc.cz\/#\/schema\/person\/d4493b8cbea51532597fbc4685698916\",\"name\":\"BlueBlooded\",\"url\":\"https:\/\/evertonfc.cz\/index.php\/author\/admin\/\"}]}<\/script>\n<!-- \/ Yoast SEO plugin. -->","yoast_head_json":{"title":"Preview: Fulham \u2013 Everton - Official Czech &amp; Slovak Everton Supporters&#039; Club","robots":{"index":"index","follow":"follow","max-snippet":"max-snippet:-1","max-image-preview":"max-image-preview:large","max-video-preview":"max-video-preview:-1"},"canonical":"https:\/\/evertonfc.cz\/index.php\/2024\/01\/30\/preview-fulham-everton-8\/","og_locale":"cs_CZ","og_type":"article","og_title":"Preview: Fulham \u2013 Everton - Official Czech &amp; Slovak Everton Supporters&#039; Club","og_description":"Trin\u00e1sty Fulham by mohol by\u0165 \u0161trn\u00e1sty, ak by nebolo odpo\u010dtu bodov pre aktu\u00e1lne sedemn\u00e1sty Everton. Ak\u00e9 z toho plynie ponau\u010denie? Sme lep\u0161\u00ed. Ale uk\u00e1\u017eme to kone\u010dne aj v spolo\u010dnom z\u00e1pase! K\u00fdm sme e\u0161te v spolo\u010dnej s\u00fa\u0165a\u017ei.","og_url":"https:\/\/evertonfc.cz\/index.php\/2024\/01\/30\/preview-fulham-everton-8\/","og_site_name":"Official Czech &amp; Slovak Everton Supporters&#039; Club","article_publisher":"https:\/\/www.facebook.com\/everton.fans.cz.sk","article_published_time":"2024-01-30T17:48:33+00:00","article_modified_time":"2024-01-30T17:57:50+00:00","og_image":[{"width":720,"height":405,"url":"https:\/\/evertonfc.cz\/wp-content\/uploads\/2020\/11\/Fulham-VS-Everton-20-11-2020.jpg","type":"image\/jpeg"}],"author":"BlueBlooded","twitter_card":"summary_large_image","twitter_misc":{"Napsal(a)":"BlueBlooded","Odhadovan\u00e1 doba \u010dten\u00ed":"5 minut"},"schema":{"@context":"https:\/\/schema.org","@graph":[{"@type":"Article","@id":"https:\/\/evertonfc.cz\/index.php\/2024\/01\/30\/preview-fulham-everton-8\/#article","isPartOf":{"@id":"https:\/\/evertonfc.cz\/index.php\/2024\/01\/30\/preview-fulham-everton-8\/"},"author":{"name":"BlueBlooded","@id":"https:\/\/evertonfc.cz\/#\/schema\/person\/d4493b8cbea51532597fbc4685698916"},"headline":"Preview: Fulham \u2013 Everton","datePublished":"2024-01-30T17:48:33+00:00","dateModified":"2024-01-30T17:57:50+00:00","mainEntityOfPage":{"@id":"https:\/\/evertonfc.cz\/index.php\/2024\/01\/30\/preview-fulham-everton-8\/"},"wordCount":1116,"commentCount":4,"publisher":{"@id":"https:\/\/evertonfc.cz\/#organization"},"image":{"@id":"https:\/\/evertonfc.cz\/index.php\/2024\/01\/30\/preview-fulham-everton-8\/#primaryimage"},"thumbnailUrl":"https:\/\/evertonfc.cz\/wp-content\/uploads\/2020\/11\/Fulham-VS-Everton-20-11-2020.jpg","articleSection":["Z\u00e1pasy"],"inLanguage":"cs","potentialAction":[{"@type":"CommentAction","name":"Comment","target":["https:\/\/evertonfc.cz\/index.php\/2024\/01\/30\/preview-fulham-everton-8\/#respond"]}]},{"@type":"WebPage","@id":"https:\/\/evertonfc.cz\/index.php\/2024\/01\/30\/preview-fulham-everton-8\/","url":"https:\/\/evertonfc.cz\/index.php\/2024\/01\/30\/preview-fulham-everton-8\/","name":"Preview: Fulham \u2013 Everton - Official Czech &amp; Slovak Everton Supporters&#039; Club","isPartOf":{"@id":"https:\/\/evertonfc.cz\/#website"},"primaryImageOfPage":{"@id":"https:\/\/evertonfc.cz\/index.php\/2024\/01\/30\/preview-fulham-everton-8\/#primaryimage"},"image":{"@id":"https:\/\/evertonfc.cz\/index.php\/2024\/01\/30\/preview-fulham-everton-8\/#primaryimage"},"thumbnailUrl":"https:\/\/evertonfc.cz\/wp-content\/uploads\/2020\/11\/Fulham-VS-Everton-20-11-2020.jpg","datePublished":"2024-01-30T17:48:33+00:00","dateModified":"2024-01-30T17:57:50+00:00","breadcrumb":{"@id":"https:\/\/evertonfc.cz\/index.php\/2024\/01\/30\/preview-fulham-everton-8\/#breadcrumb"},"inLanguage":"cs","potentialAction":[{"@type":"ReadAction","target":["https:\/\/evertonfc.cz\/index.php\/2024\/01\/30\/preview-fulham-everton-8\/"]}]},{"@type":"ImageObject","inLanguage":"cs","@id":"https:\/\/evertonfc.cz\/index.php\/2024\/01\/30\/preview-fulham-everton-8\/#primaryimage","url":"https:\/\/evertonfc.cz\/wp-content\/uploads\/2020\/11\/Fulham-VS-Everton-20-11-2020.jpg","contentUrl":"https:\/\/evertonfc.cz\/wp-content\/uploads\/2020\/11\/Fulham-VS-Everton-20-11-2020.jpg","width":720,"height":405},{"@type":"BreadcrumbList","@id":"https:\/\/evertonfc.cz\/index.php\/2024\/01\/30\/preview-fulham-everton-8\/#breadcrumb","itemListElement":[{"@type":"ListItem","position":1,"name":"Home","item":"https:\/\/evertonfc.cz\/"},{"@type":"ListItem","position":2,"name":"Preview: Fulham \u2013 Everton"}]},{"@type":"WebSite","@id":"https:\/\/evertonfc.cz\/#website","url":"https:\/\/evertonfc.cz\/","name":"Official Czech &amp; Slovak Everton Supporters&#039; Club","description":"","publisher":{"@id":"https:\/\/evertonfc.cz\/#organization"},"potentialAction":[{"@type":"SearchAction","target":{"@type":"EntryPoint","urlTemplate":"https:\/\/evertonfc.cz\/?s={search_term_string}"},"query-input":{"@type":"PropertyValueSpecification","valueRequired":true,"valueName":"search_term_string"}}],"inLanguage":"cs"},{"@type":"Organization","@id":"https:\/\/evertonfc.cz\/#organization","name":"Official Czech & Slovak Everton Supporters' Club","url":"https:\/\/evertonfc.cz\/","logo":{"@type":"ImageObject","inLanguage":"cs","@id":"https:\/\/evertonfc.cz\/#\/schema\/logo\/image\/","url":"https:\/\/evertonfc.cz\/wp-content\/uploads\/2019\/05\/logo.png","contentUrl":"https:\/\/evertonfc.cz\/wp-content\/uploads\/2019\/05\/logo.png","width":112,"height":112,"caption":"Official Czech & Slovak Everton Supporters' Club"},"image":{"@id":"https:\/\/evertonfc.cz\/#\/schema\/logo\/image\/"},"sameAs":["https:\/\/www.facebook.com\/everton.fans.cz.sk"]},{"@type":"Person","@id":"https:\/\/evertonfc.cz\/#\/schema\/person\/d4493b8cbea51532597fbc4685698916","name":"BlueBlooded","url":"https:\/\/evertonfc.cz\/index.php\/author\/admin\/"}]}},"_links":{"self":[{"href":"https:\/\/evertonfc.cz\/index.php\/wp-json\/wp\/v2\/posts\/23824"}],"collection":[{"href":"https:\/\/evertonfc.cz\/index.php\/wp-json\/wp\/v2\/posts"}],"about":[{"href":"https:\/\/evertonfc.cz\/index.php\/wp-json\/wp\/v2\/types\/post"}],"author":[{"embeddable":true,"href":"https:\/\/evertonfc.cz\/index.php\/wp-json\/wp\/v2\/users\/1"}],"replies":[{"embeddable":true,"href":"https:\/\/evertonfc.cz\/index.php\/wp-json\/wp\/v2\/comments?post=23824"}],"version-history":[{"count":9,"href":"https:\/\/evertonfc.cz\/index.php\/wp-json\/wp\/v2\/posts\/23824\/revisions"}],"predecessor-version":[{"id":23833,"href":"https:\/\/evertonfc.cz\/index.php\/wp-json\/wp\/v2\/posts\/23824\/revisions\/23833"}],"wp:featuredmedia":[{"embeddable":true,"href":"https:\/\/evertonfc.cz\/index.php\/wp-json\/wp\/v2\/media\/12988"}],"wp:attachment":[{"href":"https:\/\/evertonfc.cz\/index.php\/wp-json\/wp\/v2\/media?parent=23824"}],"wp:term":[{"taxonomy":"category","embeddable":true,"href":"https:\/\/evertonfc.cz\/index.php\/wp-json\/wp\/v2\/categories?post=23824"},{"taxonomy":"post_tag","embeddable":true,"href":"https:\/\/evertonfc.cz\/index.php\/wp-json\/wp\/v2\/tags?post=23824"}],"curies":[{"name":"wp","href":"https:\/\/api.w.org\/{rel}","templated":true}]}}