{"id":23891,"date":"2024-02-04T16:09:39","date_gmt":"2024-02-04T15:09:39","guid":{"rendered":"https:\/\/evertonfc.cz\/?p=23891"},"modified":"2024-02-04T18:09:19","modified_gmt":"2024-02-04T17:09:19","slug":"everton-tottenham-hotspur-22","status":"publish","type":"post","link":"https:\/\/evertonfc.cz\/index.php\/2024\/02\/04\/everton-tottenham-hotspur-22\/","title":{"rendered":"Everton &#8211; Tottenham Hotspur 2:2"},"content":{"rendered":"<h4>Dv\u011b branky b\u00fdval\u00e9ho hr\u00e1\u010de Evertonu Richarlisona sebraly modr\u00fdm v\u00edt\u011bzstv\u00ed, ale Branthwaite za\u0159\u00eddil hlavi\u010dkou bod.<\/h4>\n<p>Gana v z\u00e1kladn\u00ed sestav\u011b, Young na kraji z\u00e1lohy, Coleman na lavi\u010dce, Onana s Danjumou kv\u016fli zran\u011bn\u00ed ani tam. Nominace na z\u00e1pas obsahovala jist\u00e1 p\u0159ekvapen\u00ed, v\u010detn\u011b velmi mlad\u00e9 lavi\u010dky, kde v\u011bkov\u00fd pr\u016fm\u011br kazil i Keane. Kohouti vyslali na hrot Richarlisona, kter\u00fd do Goodison Parku p\u0159ijel s bilanc\u00ed 7 branek v posledn\u00edch 9 z\u00e1pasech.<\/p>\n<p>A bylo to pr\u00e1v\u011b brazilsk\u00e9 k\u0159\u00eddlo, kter\u00e9 otev\u0159elo g\u00f3lov\u00fd \u00fa\u010det. Do prostoru lev\u00e9ho k\u0159\u00eddla byl vysl\u00e1n Udogie, kter\u00fd zp\u011btnou p\u0159ihr\u00e1vkou na\u0161el \u010d\u00edslo 9. St\u0159ela z prvn\u00ed na\u0161la vzd\u00e1len\u011bj\u0161\u00ed \u0161ibenici, p\u0159i\u010dem\u017e na obrannou povinnost se vyka\u0161lal Garner &#8211;\u00a0<strong>0:1!\u00a0<\/strong>Richarlison si hned uv\u011bdomil, proti komu vs\u00edtil, tak\u017ee neslavil. Everton odpov\u011bd\u011bl hlavi\u010dkou Calverta-Lewina mimo po centru Younga. Dal\u0161\u00ed chyba Garnera ve st\u0159edu h\u0159i\u0161t\u011b vy\u00fastila ve slu\u0161nou \u0161anci Tottenhamu, na\u0161t\u011bst\u00ed byl ze st\u0159ely Maddisona jen roh.<\/p>\n<p>To dom\u00e1c\u00ed definitivn\u011b probudilo a za\u010d\u00ednali \u0161ediv\u00e9 Spurs p\u0159ehr\u00e1vat. Vytvo\u0159ili si s\u00e9rii standardn\u00edch situac\u00ed, nejd\u0159\u00edv Calvert-Lewin p\u0159i jedn\u00e9 p\u0159\u00edle\u017eitosti hlavi\u010dkoval vedle, ale o chv\u00edli pozd\u011bji u\u017e bylo vyrovn\u00e1no. Young z\u00edskal roh, kter\u00fd zahr\u00e1val McNeil. Ten poslal m\u00ed\u010d na zadn\u00ed ty\u010d, Tarkowski vr\u00e1til m\u00ed\u010d p\u0159ed branku a Calvert-Lewin ze t\u0159\u00ed metr\u016f trefil hlavou pr\u00e1zdnou branku. Brank\u00e1\u0159 Vicario reklamoval faul Harrisona na svou osobu, ale branka platila, za st\u0159elce bylo nakonec ozna\u010deno toto k\u0159\u00eddlo &#8211; <strong>1:1!\u00a0<\/strong>Videorozhod\u010d\u00ed asi na\u0161el z\u00e1b\u011br, kde m\u00ed\u010d z hlavy Calverta-Lewina l\u00edzl Harrisonovu nohu. Rem\u00edzov\u00fd stav ale trval pouze 10 minut. Host\u00e9 opr\u00e1\u0161ili vyzkou\u0161en\u00fd recept, \u010dili \u00fatok p\u0159es levou stranu svou. P\u0159ihr\u00e1vku nov\u00e9 posily Wernera p\u0159i\u0165ukl Maddison st\u0159elecky disponovan\u00e9mu Richarlisonovi, ten zpoza v\u00e1pna trefil horn\u00ed roh branky &#8211;\u00a0<strong>1:2!\u00a0<\/strong>Prvn\u00ed p\u016fli zakon\u010dil st\u0159elou hodn\u011b mimo McNeil.<\/p>\n<p>Druh\u00e1 p\u016fle za\u010dala tlakem dom\u00e1c\u00edch, ale ti byli r\u00e1di, \u017ee v 51. minut\u011b neprohr\u00e1vali o dv\u011b branky, proto\u017ee st\u0159ela Porra byla v\u00fdborn\u00e1 a Pickford musel p\u0159edv\u00e9st skv\u011bl\u00fd z\u00e1krok. Mezit\u00edm m\u011bl dv\u011b slu\u0161n\u00e9 p\u0159\u00edle\u017eitosti Harrison, ale ani jednu neprom\u011bnil. Nutno ale konstatovati, \u017ee stoper van de Ven odehr\u00e1l v\u00fdborn\u00fd z\u00e1pas. \u0160ance host\u016f pokra\u010dovaly.<\/p>\n<p>Godfrey odkopl m\u00ed\u010d jen k Maddisonovi, ale ten Pickforda neprost\u0159elil, n\u00e1sledn\u011b se musela reprezenta\u010dn\u00ed brank\u00e1\u0159sk\u00e1 anglick\u00e1 jedni\u010dka \u010dinit proti dal\u0161\u00ed st\u0159ele Richarlisona, tentokr\u00e1t vyhr\u00e1la. Everton se dostal do n\u011bjak\u00fdch zakon\u010den\u00ed, ale ani Calvert-Lewin, ani Tarkowski sv\u00e9 \u0161ance neprom\u011bnili. Posledn\u00edch 10 minut m\u011bli Toffees u\u017e velk\u00fd tlak, host\u00e9 se spokojili s br\u00e1n\u011bn\u00edm jednobrankov\u00e9ho veden\u00ed. A to neudr\u017eeli. Chermiti je\u0161t\u011b po p\u0159ihr\u00e1vce Dobbina brank\u00e1\u0159e nezam\u011bstnal, ale Branthwaite u\u017e ano &#8211; t\u00edm, \u017ee Vicario musel vyndat m\u00ed\u010d ze s\u00edt\u011b. Garner rozehr\u00e1l trestn\u00fd kop po faulu na sebe, v chumlu hr\u00e1\u010d\u016f prodlou\u017eil m\u00ed\u010d za sebe Romero, tud\u00ed\u017e nemohlo j\u00edt o postaven\u00ed mimo hru a Branthwaite hlavi\u010dku ze dvou metr\u016f s\u00e1m p\u0159ed brank\u00e1\u0159em zvl\u00e1dl procedit do br\u00e1ny &#8211; <strong>2:2!<\/strong><\/p>\n<p style=\"text-align: right;\"><span style=\"font-size: 8pt;\">(fotozdroj: Action Images)<\/span><\/p>\n<p><strong>Branky: <\/strong>30. Harrison, 90+4. Branthwaite \u2013 4. Richarlison a 41. Richarlison<\/p>\n<p><strong>\u017dlut\u00e9 karty: <\/strong>60. Godfrey, 90+1. Garner, 90+4. Dyche, 90+9. Dobbin<\/p>\n<p><strong>Everton FC:<\/strong>\u00a0<span data-source=\"lightstreamer\" data-grid=\"main\" data-item=\"item_845328\" data-field=\"report1\">Pickford \u2013 Godfrey (75. Coleman), Tarkowski, Branthwaite, Mykolenko \u2013 Young (81. Chermiti), Gueye, Garner, McNeil (85. Dobbin) \u2013 Calvert-Lewin (85. Beto), Harrison<\/span><\/p>\n<p><strong>Tottenham Hotspur: <\/strong>Vicario \u2013 Porro, Romero, van de Ven, Udogie \u2013 Br. Johnson (64. Kulusevski), H\u00f8jbjerg (89. Dr\u0103gu\u0219in) \u2013 Maddison (86. Gil), Bentancur (64. Sarr), Werner (86. Skipp) \u2013 Richarlison<\/p>\n<p><strong>Rozhod\u010d\u00ed:\u00a0<\/strong>Michael Oliver\u00a0 <strong>Div\u00e1ci:<\/strong>\u00a0<span data-source=\"lightstreamer\" data-grid=\"main\" data-item=\"item_845328\" data-field=\"viewers\">39 321\u00a0 <strong>Mu\u017e z\u00e1pasu redakce:\u00a0<\/strong>Richarlison<\/span><\/p>\n","protected":false},"excerpt":{"rendered":"<p>Dv\u011b branky b\u00fdval\u00e9ho hr\u00e1\u010de Evertonu Richarlisona sebraly modr\u00fdm v\u00edt\u011bzstv\u00ed, ale Branthwaite za\u0159\u00eddil hlavi\u010dkou bod.<\/p>\n","protected":false},"author":12,"featured_media":23894,"comment_status":"open","ping_status":"closed","sticky":false,"template":"","format":"standard","meta":{"_eb_attr":"","_monsterinsights_skip_tracking":false,"_monsterinsights_sitenote_active":false,"_monsterinsights_sitenote_note":"","_monsterinsights_sitenote_category":0,"footnotes":""},"categories":[4],"tags":[],"yoast_head":"<!-- This site is optimized with the Yoast SEO plugin v23.4 - https:\/\/yoast.com\/wordpress\/plugins\/seo\/ -->\n<title>Everton - Tottenham Hotspur 2:2 - Official Czech &amp; Slovak Everton Supporters&#039; Club<\/title>\n<meta name=\"description\" content=\"Standardn\u00ed situace zajistily alespo\u0148 bod.\" \/>\n<meta name=\"robots\" content=\"index, follow, max-snippet:-1, max-image-preview:large, max-video-preview:-1\" \/>\n<link rel=\"canonical\" href=\"https:\/\/evertonfc.cz\/index.php\/2024\/02\/04\/everton-tottenham-hotspur-22\/\" \/>\n<meta property=\"og:locale\" content=\"cs_CZ\" \/>\n<meta property=\"og:type\" content=\"article\" \/>\n<meta property=\"og:title\" content=\"Everton - Tottenham Hotspur 2:2 - Official Czech &amp; Slovak Everton Supporters&#039; Club\" \/>\n<meta property=\"og:description\" content=\"Standardn\u00ed situace zajistily alespo\u0148 bod.\" \/>\n<meta property=\"og:url\" content=\"https:\/\/evertonfc.cz\/index.php\/2024\/02\/04\/everton-tottenham-hotspur-22\/\" \/>\n<meta property=\"og:site_name\" content=\"Official Czech &amp; Slovak Everton Supporters&#039; Club\" \/>\n<meta property=\"article:publisher\" content=\"https:\/\/www.facebook.com\/everton.fans.cz.sk\" \/>\n<meta property=\"article:published_time\" content=\"2024-02-04T15:09:39+00:00\" \/>\n<meta property=\"article:modified_time\" content=\"2024-02-04T17:09:19+00:00\" \/>\n<meta property=\"og:image\" content=\"https:\/\/evertonfc.cz\/wp-content\/uploads\/2024\/02\/Everton-2-2-Tottenham-by-Action-Images-3-2-2024.jpg\" \/>\n\t<meta property=\"og:image:width\" content=\"720\" \/>\n\t<meta property=\"og:image:height\" content=\"405\" \/>\n\t<meta property=\"og:image:type\" content=\"image\/jpeg\" \/>\n<meta name=\"author\" content=\"Javor\" \/>\n<meta name=\"twitter:card\" content=\"summary_large_image\" \/>\n<meta name=\"twitter:creator\" content=\"@LoudinJan\" \/>\n<meta name=\"twitter:label1\" content=\"Napsal(a)\" \/>\n\t<meta name=\"twitter:data1\" content=\"Javor\" \/>\n\t<meta name=\"twitter:label2\" content=\"Odhadovan\u00e1 doba \u010dten\u00ed\" \/>\n\t<meta name=\"twitter:data2\" content=\"3 minuty\" \/>\n<script type=\"application\/ld+json\" class=\"yoast-schema-graph\">{\"@context\":\"https:\/\/schema.org\",\"@graph\":[{\"@type\":\"Article\",\"@id\":\"https:\/\/evertonfc.cz\/index.php\/2024\/02\/04\/everton-tottenham-hotspur-22\/#article\",\"isPartOf\":{\"@id\":\"https:\/\/evertonfc.cz\/index.php\/2024\/02\/04\/everton-tottenham-hotspur-22\/\"},\"author\":{\"name\":\"Javor\",\"@id\":\"https:\/\/evertonfc.cz\/#\/schema\/person\/b30daf6a5852f4811f8207a17ec1bf78\"},\"headline\":\"Everton &#8211; Tottenham Hotspur 2:2\",\"datePublished\":\"2024-02-04T15:09:39+00:00\",\"dateModified\":\"2024-02-04T17:09:19+00:00\",\"mainEntityOfPage\":{\"@id\":\"https:\/\/evertonfc.cz\/index.php\/2024\/02\/04\/everton-tottenham-hotspur-22\/\"},\"wordCount\":647,\"commentCount\":7,\"publisher\":{\"@id\":\"https:\/\/evertonfc.cz\/#organization\"},\"image\":{\"@id\":\"https:\/\/evertonfc.cz\/index.php\/2024\/02\/04\/everton-tottenham-hotspur-22\/#primaryimage\"},\"thumbnailUrl\":\"https:\/\/evertonfc.cz\/wp-content\/uploads\/2024\/02\/Everton-2-2-Tottenham-by-Action-Images-3-2-2024.jpg\",\"articleSection\":[\"Z\u00e1pasy\"],\"inLanguage\":\"cs\",\"potentialAction\":[{\"@type\":\"CommentAction\",\"name\":\"Comment\",\"target\":[\"https:\/\/evertonfc.cz\/index.php\/2024\/02\/04\/everton-tottenham-hotspur-22\/#respond\"]}]},{\"@type\":\"WebPage\",\"@id\":\"https:\/\/evertonfc.cz\/index.php\/2024\/02\/04\/everton-tottenham-hotspur-22\/\",\"url\":\"https:\/\/evertonfc.cz\/index.php\/2024\/02\/04\/everton-tottenham-hotspur-22\/\",\"name\":\"Everton - Tottenham Hotspur 2:2 - Official Czech &amp; Slovak Everton Supporters&#039; Club\",\"isPartOf\":{\"@id\":\"https:\/\/evertonfc.cz\/#website\"},\"primaryImageOfPage\":{\"@id\":\"https:\/\/evertonfc.cz\/index.php\/2024\/02\/04\/everton-tottenham-hotspur-22\/#primaryimage\"},\"image\":{\"@id\":\"https:\/\/evertonfc.cz\/index.php\/2024\/02\/04\/everton-tottenham-hotspur-22\/#primaryimage\"},\"thumbnailUrl\":\"https:\/\/evertonfc.cz\/wp-content\/uploads\/2024\/02\/Everton-2-2-Tottenham-by-Action-Images-3-2-2024.jpg\",\"datePublished\":\"2024-02-04T15:09:39+00:00\",\"dateModified\":\"2024-02-04T17:09:19+00:00\",\"description\":\"Standardn\u00ed situace zajistily alespo\u0148 bod.\",\"breadcrumb\":{\"@id\":\"https:\/\/evertonfc.cz\/index.php\/2024\/02\/04\/everton-tottenham-hotspur-22\/#breadcrumb\"},\"inLanguage\":\"cs\",\"potentialAction\":[{\"@type\":\"ReadAction\",\"target\":[\"https:\/\/evertonfc.cz\/index.php\/2024\/02\/04\/everton-tottenham-hotspur-22\/\"]}]},{\"@type\":\"ImageObject\",\"inLanguage\":\"cs\",\"@id\":\"https:\/\/evertonfc.cz\/index.php\/2024\/02\/04\/everton-tottenham-hotspur-22\/#primaryimage\",\"url\":\"https:\/\/evertonfc.cz\/wp-content\/uploads\/2024\/02\/Everton-2-2-Tottenham-by-Action-Images-3-2-2024.jpg\",\"contentUrl\":\"https:\/\/evertonfc.cz\/wp-content\/uploads\/2024\/02\/Everton-2-2-Tottenham-by-Action-Images-3-2-2024.jpg\",\"width\":720,\"height\":405},{\"@type\":\"BreadcrumbList\",\"@id\":\"https:\/\/evertonfc.cz\/index.php\/2024\/02\/04\/everton-tottenham-hotspur-22\/#breadcrumb\",\"itemListElement\":[{\"@type\":\"ListItem\",\"position\":1,\"name\":\"Home\",\"item\":\"https:\/\/evertonfc.cz\/\"},{\"@type\":\"ListItem\",\"position\":2,\"name\":\"Everton &#8211; Tottenham Hotspur 2:2\"}]},{\"@type\":\"WebSite\",\"@id\":\"https:\/\/evertonfc.cz\/#website\",\"url\":\"https:\/\/evertonfc.cz\/\",\"name\":\"Official Czech &amp; Slovak Everton Supporters&#039; Club\",\"description\":\"\",\"publisher\":{\"@id\":\"https:\/\/evertonfc.cz\/#organization\"},\"potentialAction\":[{\"@type\":\"SearchAction\",\"target\":{\"@type\":\"EntryPoint\",\"urlTemplate\":\"https:\/\/evertonfc.cz\/?s={search_term_string}\"},\"query-input\":{\"@type\":\"PropertyValueSpecification\",\"valueRequired\":true,\"valueName\":\"search_term_string\"}}],\"inLanguage\":\"cs\"},{\"@type\":\"Organization\",\"@id\":\"https:\/\/evertonfc.cz\/#organization\",\"name\":\"Official Czech & Slovak Everton Supporters' Club\",\"url\":\"https:\/\/evertonfc.cz\/\",\"logo\":{\"@type\":\"ImageObject\",\"inLanguage\":\"cs\",\"@id\":\"https:\/\/evertonfc.cz\/#\/schema\/logo\/image\/\",\"url\":\"https:\/\/evertonfc.cz\/wp-content\/uploads\/2019\/05\/logo.png\",\"contentUrl\":\"https:\/\/evertonfc.cz\/wp-content\/uploads\/2019\/05\/logo.png\",\"width\":112,\"height\":112,\"caption\":\"Official Czech & Slovak Everton Supporters' Club\"},\"image\":{\"@id\":\"https:\/\/evertonfc.cz\/#\/schema\/logo\/image\/\"},\"sameAs\":[\"https:\/\/www.facebook.com\/everton.fans.cz.sk\"]},{\"@type\":\"Person\",\"@id\":\"https:\/\/evertonfc.cz\/#\/schema\/person\/b30daf6a5852f4811f8207a17ec1bf78\",\"name\":\"Javor\",\"sameAs\":[\"https:\/\/x.com\/LoudinJan\"],\"url\":\"https:\/\/evertonfc.cz\/index.php\/author\/javor\/\"}]}<\/script>\n<!-- \/ Yoast SEO plugin. -->","yoast_head_json":{"title":"Everton - Tottenham Hotspur 2:2 - Official Czech &amp; Slovak Everton Supporters&#039; Club","description":"Standardn\u00ed situace zajistily alespo\u0148 bod.","robots":{"index":"index","follow":"follow","max-snippet":"max-snippet:-1","max-image-preview":"max-image-preview:large","max-video-preview":"max-video-preview:-1"},"canonical":"https:\/\/evertonfc.cz\/index.php\/2024\/02\/04\/everton-tottenham-hotspur-22\/","og_locale":"cs_CZ","og_type":"article","og_title":"Everton - Tottenham Hotspur 2:2 - Official Czech &amp; Slovak Everton Supporters&#039; Club","og_description":"Standardn\u00ed situace zajistily alespo\u0148 bod.","og_url":"https:\/\/evertonfc.cz\/index.php\/2024\/02\/04\/everton-tottenham-hotspur-22\/","og_site_name":"Official Czech &amp; Slovak Everton Supporters&#039; Club","article_publisher":"https:\/\/www.facebook.com\/everton.fans.cz.sk","article_published_time":"2024-02-04T15:09:39+00:00","article_modified_time":"2024-02-04T17:09:19+00:00","og_image":[{"width":720,"height":405,"url":"https:\/\/evertonfc.cz\/wp-content\/uploads\/2024\/02\/Everton-2-2-Tottenham-by-Action-Images-3-2-2024.jpg","type":"image\/jpeg"}],"author":"Javor","twitter_card":"summary_large_image","twitter_creator":"@LoudinJan","twitter_misc":{"Napsal(a)":"Javor","Odhadovan\u00e1 doba \u010dten\u00ed":"3 minuty"},"schema":{"@context":"https:\/\/schema.org","@graph":[{"@type":"Article","@id":"https:\/\/evertonfc.cz\/index.php\/2024\/02\/04\/everton-tottenham-hotspur-22\/#article","isPartOf":{"@id":"https:\/\/evertonfc.cz\/index.php\/2024\/02\/04\/everton-tottenham-hotspur-22\/"},"author":{"name":"Javor","@id":"https:\/\/evertonfc.cz\/#\/schema\/person\/b30daf6a5852f4811f8207a17ec1bf78"},"headline":"Everton &#8211; Tottenham Hotspur 2:2","datePublished":"2024-02-04T15:09:39+00:00","dateModified":"2024-02-04T17:09:19+00:00","mainEntityOfPage":{"@id":"https:\/\/evertonfc.cz\/index.php\/2024\/02\/04\/everton-tottenham-hotspur-22\/"},"wordCount":647,"commentCount":7,"publisher":{"@id":"https:\/\/evertonfc.cz\/#organization"},"image":{"@id":"https:\/\/evertonfc.cz\/index.php\/2024\/02\/04\/everton-tottenham-hotspur-22\/#primaryimage"},"thumbnailUrl":"https:\/\/evertonfc.cz\/wp-content\/uploads\/2024\/02\/Everton-2-2-Tottenham-by-Action-Images-3-2-2024.jpg","articleSection":["Z\u00e1pasy"],"inLanguage":"cs","potentialAction":[{"@type":"CommentAction","name":"Comment","target":["https:\/\/evertonfc.cz\/index.php\/2024\/02\/04\/everton-tottenham-hotspur-22\/#respond"]}]},{"@type":"WebPage","@id":"https:\/\/evertonfc.cz\/index.php\/2024\/02\/04\/everton-tottenham-hotspur-22\/","url":"https:\/\/evertonfc.cz\/index.php\/2024\/02\/04\/everton-tottenham-hotspur-22\/","name":"Everton - Tottenham Hotspur 2:2 - Official Czech &amp; Slovak Everton Supporters&#039; Club","isPartOf":{"@id":"https:\/\/evertonfc.cz\/#website"},"primaryImageOfPage":{"@id":"https:\/\/evertonfc.cz\/index.php\/2024\/02\/04\/everton-tottenham-hotspur-22\/#primaryimage"},"image":{"@id":"https:\/\/evertonfc.cz\/index.php\/2024\/02\/04\/everton-tottenham-hotspur-22\/#primaryimage"},"thumbnailUrl":"https:\/\/evertonfc.cz\/wp-content\/uploads\/2024\/02\/Everton-2-2-Tottenham-by-Action-Images-3-2-2024.jpg","datePublished":"2024-02-04T15:09:39+00:00","dateModified":"2024-02-04T17:09:19+00:00","description":"Standardn\u00ed situace zajistily alespo\u0148 bod.","breadcrumb":{"@id":"https:\/\/evertonfc.cz\/index.php\/2024\/02\/04\/everton-tottenham-hotspur-22\/#breadcrumb"},"inLanguage":"cs","potentialAction":[{"@type":"ReadAction","target":["https:\/\/evertonfc.cz\/index.php\/2024\/02\/04\/everton-tottenham-hotspur-22\/"]}]},{"@type":"ImageObject","inLanguage":"cs","@id":"https:\/\/evertonfc.cz\/index.php\/2024\/02\/04\/everton-tottenham-hotspur-22\/#primaryimage","url":"https:\/\/evertonfc.cz\/wp-content\/uploads\/2024\/02\/Everton-2-2-Tottenham-by-Action-Images-3-2-2024.jpg","contentUrl":"https:\/\/evertonfc.cz\/wp-content\/uploads\/2024\/02\/Everton-2-2-Tottenham-by-Action-Images-3-2-2024.jpg","width":720,"height":405},{"@type":"BreadcrumbList","@id":"https:\/\/evertonfc.cz\/index.php\/2024\/02\/04\/everton-tottenham-hotspur-22\/#breadcrumb","itemListElement":[{"@type":"ListItem","position":1,"name":"Home","item":"https:\/\/evertonfc.cz\/"},{"@type":"ListItem","position":2,"name":"Everton &#8211; Tottenham Hotspur 2:2"}]},{"@type":"WebSite","@id":"https:\/\/evertonfc.cz\/#website","url":"https:\/\/evertonfc.cz\/","name":"Official Czech &amp; Slovak Everton Supporters&#039; Club","description":"","publisher":{"@id":"https:\/\/evertonfc.cz\/#organization"},"potentialAction":[{"@type":"SearchAction","target":{"@type":"EntryPoint","urlTemplate":"https:\/\/evertonfc.cz\/?s={search_term_string}"},"query-input":{"@type":"PropertyValueSpecification","valueRequired":true,"valueName":"search_term_string"}}],"inLanguage":"cs"},{"@type":"Organization","@id":"https:\/\/evertonfc.cz\/#organization","name":"Official Czech & Slovak Everton Supporters' Club","url":"https:\/\/evertonfc.cz\/","logo":{"@type":"ImageObject","inLanguage":"cs","@id":"https:\/\/evertonfc.cz\/#\/schema\/logo\/image\/","url":"https:\/\/evertonfc.cz\/wp-content\/uploads\/2019\/05\/logo.png","contentUrl":"https:\/\/evertonfc.cz\/wp-content\/uploads\/2019\/05\/logo.png","width":112,"height":112,"caption":"Official Czech & Slovak Everton Supporters' Club"},"image":{"@id":"https:\/\/evertonfc.cz\/#\/schema\/logo\/image\/"},"sameAs":["https:\/\/www.facebook.com\/everton.fans.cz.sk"]},{"@type":"Person","@id":"https:\/\/evertonfc.cz\/#\/schema\/person\/b30daf6a5852f4811f8207a17ec1bf78","name":"Javor","sameAs":["https:\/\/x.com\/LoudinJan"],"url":"https:\/\/evertonfc.cz\/index.php\/author\/javor\/"}]}},"_links":{"self":[{"href":"https:\/\/evertonfc.cz\/index.php\/wp-json\/wp\/v2\/posts\/23891"}],"collection":[{"href":"https:\/\/evertonfc.cz\/index.php\/wp-json\/wp\/v2\/posts"}],"about":[{"href":"https:\/\/evertonfc.cz\/index.php\/wp-json\/wp\/v2\/types\/post"}],"author":[{"embeddable":true,"href":"https:\/\/evertonfc.cz\/index.php\/wp-json\/wp\/v2\/users\/12"}],"replies":[{"embeddable":true,"href":"https:\/\/evertonfc.cz\/index.php\/wp-json\/wp\/v2\/comments?post=23891"}],"version-history":[{"count":4,"href":"https:\/\/evertonfc.cz\/index.php\/wp-json\/wp\/v2\/posts\/23891\/revisions"}],"predecessor-version":[{"id":23896,"href":"https:\/\/evertonfc.cz\/index.php\/wp-json\/wp\/v2\/posts\/23891\/revisions\/23896"}],"wp:featuredmedia":[{"embeddable":true,"href":"https:\/\/evertonfc.cz\/index.php\/wp-json\/wp\/v2\/media\/23894"}],"wp:attachment":[{"href":"https:\/\/evertonfc.cz\/index.php\/wp-json\/wp\/v2\/media?parent=23891"}],"wp:term":[{"taxonomy":"category","embeddable":true,"href":"https:\/\/evertonfc.cz\/index.php\/wp-json\/wp\/v2\/categories?post=23891"},{"taxonomy":"post_tag","embeddable":true,"href":"https:\/\/evertonfc.cz\/index.php\/wp-json\/wp\/v2\/tags?post=23891"}],"curies":[{"name":"wp","href":"https:\/\/api.w.org\/{rel}","templated":true}]}}