{"id":23902,"date":"2024-02-06T08:15:12","date_gmt":"2024-02-06T07:15:12","guid":{"rendered":"https:\/\/evertonfc.cz\/?p=23902"},"modified":"2024-02-06T14:06:47","modified_gmt":"2024-02-06T13:06:47","slug":"chelsea-w-everton-w-30","status":"publish","type":"post","link":"https:\/\/evertonfc.cz\/index.php\/2024\/02\/06\/chelsea-w-everton-w-30\/","title":{"rendered":"Chelsea W &#8211; Everton W 3:0"},"content":{"rendered":"<h4 style=\"font-family: 'Roboto Condensed', 'Helvetica Neue', helvetica, arial, sans-serif;\">Podle p\u0159edz\u00e1pasov\u00fdch progn\u00f3z i podle kone\u010dn\u00e9ho v\u00fdsledku by se mohlo zd\u00e1t, \u017ee utk\u00e1n\u00ed bylo jasnou z\u00e1le\u017eitost\u00ed Chelsea. Tak tedy: nebylo.<\/h4>\n<p>Chelsea st\u00e1le usiluje o obhajobu ligov\u00e9ho tituly a v soupe\u0159en\u00ed s MCFC a Arsenalem se j\u00ed ka\u017ed\u00fd bod n\u00e1ramn\u011b hod\u00ed. My sm\u011b\u0159ujeme k z\u00f3n\u011b sestupu a body tedy tak\u00e9 nepohrdneme. K z\u00e1pasu jsme nastoupily bez zran\u011bn\u00e9 Sary Hlomgaard a na lavi\u010dce z\u016fstaly i Snoeijs a Bissel. Naopak se uzdravila Finnigan, se kterou se p\u016fvodn\u011b pro nemoc nepo\u010d\u00edtalo. V dresu Chelsea jsme m\u011bli mo\u017enost poprv\u00e9 se utkat s <span class=\"sp-c-lineup-pitch__player\" data-reactid=\".161p67cllke.0.0.0.1.$include-20.0.0.1:$panel-0.$0.0.0.0.2.0.0.1:$home-formation-row-1.$home-player-2\"><span class=\"sp-c-lineup-pitch__player__name gs-u-display-block@xs \" data-reactid=\".161p67cllke.0.0.0.1.$include-20.0.0.1:$panel-0.$0.0.0.0.2.0.0.1:$home-formation-row-1.$home-player-2.1\">Bj\u00f6rn po jej\u00edm p\u0159estupu do Lond\u00fdna a tak\u00e9 s nov\u00fdm p\u0159\u00edr\u016fstkem v \u0159ad\u00e1ch Chelsea, \u00fato\u010dnic\u00ed Mayrou Ram\u00edrez. Kolumbijka Ram\u00edrez se stala p\u0159edm\u011btem\u00a0 nejdra\u017e\u0161\u00edho britsk\u00e9ho transferu v \u017eensk\u00e9m fotbale, kdy\u017e za n\u00ed Pensioners poslali do Levante slu\u0161nou sumu p\u0159esahuj\u00edc\u00ed 400 000 liber. Dal\u0161\u00ed pr\u016fb\u011bh z\u00e1pasu uk\u00e1zal, \u017ee to nejsp\u00ed\u0161 nebyly pen\u00edze vyhozen\u00e9 oknem.\u00a0\u00a0<\/span><\/span><\/p>\n<h4>Prvn\u00ed polo\u010das<\/h4>\n<p>mohl nezaujat\u00fd fanou\u0161ek sledovat svi\u017en\u00fd fotbal s \u0159adou p\u011bkn\u00fdch \u0161anc\u00ed a prom\u011bn\u011bnou penaltou k tomu. P\u0159ekvapiv\u011b to nebyly jen \u0161ance na stran\u011b dom\u00e1c\u00edch. Do z\u00e1pasu jsme se vrhli neboj\u00e1cn\u011b, ale ne bezhlav\u011b. N\u011bkolik na\u0161ich roh\u016f v \u00favodu bohu\u017eel vy\u0161lo napr\u00e1zdno a \u00fasp\u011b\u0161n\u00e1 nebyla ani mo\u017en\u00e1 trochu moc p\u0159ekombinovan\u00e1 akce dua <span class=\"sp-c-lineup-pitch__player\" data-reactid=\".161p67cllke.0.0.0.1.$include-20.0.0.1:$panel-0.$0.0.0.1.2.0.0.1:$away-formation-row-1.$away-player-2\"><span class=\"sp-c-lineup-pitch__player__name gs-u-display-block@xs \" data-reactid=\".161p67cllke.0.0.0.1.$include-20.0.0.1:$panel-0.$0.0.0.1.2.0.0.1:$away-formation-row-1.$away-player-2.1\">K\u00fchl &#8211; Madsen. Za dom\u00e1c\u00ed m\u011bly velk\u00e9 \u0161ance Reiten s Ram\u00edr\u00e9z, ale na\u0161e obrana a Brosnan mezi ty\u010demi pracovaly \u00fa\u010dinn\u011b. P\u0159ekvapiv\u011b jsme prvn\u00edch dvacet minut hr\u00e1li s Chelsea vyrovnanou hru. Z\u00e1loha (Bennison, Gallli, K\u00fchl)\u00a0 distribuovala p\u0159ihr\u00e1vky rychle a p\u0159esn\u011b, do obrany se bleskov\u011b stahoval prakticky cel\u00fd t\u00fdm.<\/span><\/span><\/p>\n<p><span class=\"sp-c-lineup-pitch__player\" data-reactid=\".161p67cllke.0.0.0.1.$include-20.0.0.1:$panel-0.$0.0.0.1.2.0.0.1:$away-formation-row-1.$away-player-2\"><span class=\"sp-c-lineup-pitch__player__name gs-u-display-block@xs \" data-reactid=\".161p67cllke.0.0.0.1.$include-20.0.0.1:$panel-0.$0.0.0.1.2.0.0.1:$away-formation-row-1.$away-player-2.1\">Wheeler zachra\u0148ovala situaci i odkopem z brankov\u00e9 \u010d\u00e1ry. Ve 27. minut\u011b Ram\u00edrez p\u0159esn\u011b centorvala p\u0159ed br\u00e1nu, kam nab\u00edhaly Reiten s Kaneryd. Wheeler se poda\u0159ilo uzmout m\u00ed\u010d Reiten, kter\u00e1 skon\u010dila v kotrmelc\u00edch a odehr\u00e1t jej p\u0159ed p\u0159ib\u00edhaj\u00edc\u00ed Kaneryd. Bohu\u017eel po odehr\u00e1n\u00ed bal\u00f3nu \u0161l\u00e1pla Kaneryd na nohu a rozhod\u010d\u00ed celou situaci vyhodnotila jako penaltov\u00fd z\u00e1krok. Protesty hr\u00e1\u010dek byly marn\u00e9, pouze vedly k tomu, \u017ee \u017elutou kartu krom\u011b Wheeler obdr\u017eely i Payne a Brosnan. Na punt\u00edk si postavila m\u00ed\u010d Reiten a s p\u0159ehledem prom\u011bnila, i kdy\u017e Brosnan sm\u011br st\u0159ely vystihla &#8211; <strong>1:0<\/strong>. O odpov\u011b\u010f se zakr\u00e1tko pokusila Galli. Madsen j\u00ed neserv\u00edrovala m\u00ed\u010d doslova na st\u0159\u00edbrn\u00e9m podnose, ale Yaya zbl\u00edzka neuv\u011b\u0159iteln\u011b p\u00e1lila mimo branku.\u00a0<\/span><\/span><\/p>\n<h4>Druh\u00fd polo\u010das<\/h4>\n<p>jsme se sna\u017eili srovnat. Postupn\u011b ale za\u010dal b\u00fdt rozd\u00edl mezi hrou Chelsea na jeden dotek a na\u0161\u00edm \u010d\u00edm d\u00e1l t\u00edm v\u00edc klopotn\u00fdm postupn\u00fdm rozehr\u00e1v\u00e1n\u00edm \u010d\u00edm d\u00e1l t\u00edm v\u011bt\u0161\u00ed. James si pohr\u00e1la s na\u0161imi nervy v samostatn\u00e9m \u00fatoku, Leupolz p\u00e1lila nebezpe\u010dn\u011b z d\u00e1lky, Kaneryd jen t\u011bsn\u011b minula a takto bychom mohli pokra\u010dovat. Chelsea jednodu\u0161e za\u010dala v z\u00e1pase dominovat. Nicm\u00e9n\u011b ur\u010dit\u00e1 nad\u011bje st\u00e1le trvala. Podstatnou r\u00e1nu ov\u0161em dostala v 72. minut\u011b, kdy se Ram\u00edrez ochotn\u011b skl\u00e1tila k zemi po souboji s Wheeler a Chelsea dostala darem dal\u0161\u00ed penaltu.<\/p>\n<p>Tu op\u011bt prom\u011bnila Reiten &#8211; <strong>2:0<\/strong>. Z\u00e1hy p\u0159i roztahan\u00e9m a chaotick\u00e9m st\u0159\u00edd\u00e1n\u00ed si \u017elutou kartu vyslou\u017eil S\u00f8rensen, pravd\u011bpodobn\u011b za zesm\u011b\u0161\u0148ov\u00e1n\u00ed identifikace st\u0159\u00eddaj\u00edc\u00edch hr\u00e1\u010dek. A vz\u00e1p\u011bt\u00ed dostal \u010dervenou (netu\u0161\u00edm pro\u010d) a byl vyk\u00e1z\u00e1n na tribunu. Kdy\u017e se za\u010dalo kone\u010dn\u011b op\u011bt hr\u00e1t m\u00e1lem zv\u00fd\u0161ila Fishel, ale jej\u00ed n\u016f\u017eky m\u00ed\u0159ily t\u011bsn\u011b vedle. Do br\u00e1ny zato m\u00ed\u0159ila st\u0159ela Cuthbert chv\u00edli pot\u00e9, kter\u00e1 t\u00edm stanovila i kone\u010dn\u00e9 sk\u00f3re z\u00e1pasu &#8211; <strong>3:0<\/strong>. Dal\u0161\u00ed hojn\u00e9 \u0161ance Chelsea u\u017e sv\u016fj c\u00edl nena\u0161ly, na\u0161e \u0161ance \u017e\u00e1dn\u00e9 nebyly.<\/p>\n<h4>Shrnut\u00ed<\/h4>\n<p>Dev\u00e1t\u00e9 utk\u00e1n\u00ed v \u0159ad\u011b s Chelsea a dev\u00e1t\u00e1 prohra. P\u0159i\u010dem\u017e v\u017edy jsme dostali aspo\u0148 t\u0159i g\u00f3ly. Dnes jsme statistiku nezlep\u0161ili. Sporn\u00e9 dv\u011b penalty zanechaly v z\u00e1pase z\u00e1sadn\u00ed stopu, obdobn\u011b podivn\u00e9 se zd\u00e1lo i vylou\u010den\u00ed na\u0161eho mana\u017eera. V prvn\u00edm polo\u010dase jsme Chelsea celkem sta\u010dili i po technick\u00e9 str\u00e1nce. Po brance, t\u00edm sp\u00ed\u0161e po brank\u00e1ch byly na\u0161e nad\u011bje na slu\u0161n\u00fd v\u00fdsledek \u010d\u00edm d\u00e1l ni\u017e\u0161\u00ed. T\u011b\u017eko se tak\u00e9 up\u00ednat k vyrovn\u00e1n\u00ed, kdy\u017e za cel\u00fdch 90 minut ani jednou nevyst\u0159el\u00edme na br\u00e1nu. Chelsea byla jist\u011b lep\u0161\u00edm t\u00fdmem, snahu a vytrvalou d\u0159inu ale nelze na\u0161im hr\u00e1\u010dk\u00e1m up\u0159\u00edt. V\u011b\u0159me, \u017ee podobn\u00e9 \u00fasil\u00ed se (kone\u010dn\u011b!) z\u00faro\u010d\u00ed v na\u0161em p\u0159\u00ed\u0161t\u00edm z\u00e1pase s West Hamem. Jde o p\u0159\u00edm\u00e9ho konkurenta v \u00fat\u011bku ze sestupu, v\u00edt\u011bzstv\u00ed je tedy v\u00edtan\u00e9, ba dokonce a\u017e nutn\u00e9. <strong><span style=\"color: #0000ff; --darkreader-inline-color: #3d3db6;\" data-darkreader-inline-color=\"\">COYB!<\/span><\/strong><\/p>\n<p style=\"text-align: right;\"><span style=\"font-size: 8pt;\"><em>Fotografie: Guro Reiten slav\u00edc\u00ed (zdroj: theprideoflondon.com)<\/em><\/span><\/p>\n<p><strong>G\u00f3ly: <\/strong>Reiten 27\u00b4(pen) + 72\u00b4(pen), Cuthbert 83\u00b4 <strong>\u017dK: <\/strong>James &#8211; Payne, Brosnan, Wheeler, S\u00f8rensen <strong>\u010cK: <\/strong>S\u00f8rensen<\/p>\n<p><strong>Blues (4-2-3-1):<\/strong> Hampton; Lawrence, <span class=\"sp-c-lineup-pitch__player\" data-reactid=\".161p67cllke.0.0.0.1.$include-20.0.0.1:$panel-0.$0.0.0.0.2.0.0.1:$home-formation-row-1.$home-player-1\"><span class=\"sp-c-lineup-pitch__player__name gs-u-display-block@xs \" data-reactid=\".161p67cllke.0.0.0.1.$include-20.0.0.1:$panel-0.$0.0.0.0.2.0.0.1:$home-formation-row-1.$home-player-1.1\">Carter, <\/span><\/span><span class=\"sp-c-lineup-pitch__player\" data-reactid=\".161p67cllke.0.0.0.1.$include-20.0.0.1:$panel-0.$0.0.0.0.2.0.0.1:$home-formation-row-1.$home-player-2\"><span class=\"sp-c-lineup-pitch__player__name gs-u-display-block@xs \" data-reactid=\".161p67cllke.0.0.0.1.$include-20.0.0.1:$panel-0.$0.0.0.0.2.0.0.1:$home-formation-row-1.$home-player-2.1\">Bj\u00f6rn, <\/span><\/span><span class=\"sp-c-lineup-pitch__player\" data-reactid=\".161p67cllke.0.0.0.1.$include-20.0.0.1:$panel-0.$0.0.0.0.2.0.0.1:$home-formation-row-1.$home-player-3\"><span class=\"sp-c-lineup-pitch__player__name gs-u-display-block@xs \" data-reactid=\".161p67cllke.0.0.0.1.$include-20.0.0.1:$panel-0.$0.0.0.0.2.0.0.1:$home-formation-row-1.$home-player-3.1\">Charles; Cuthbert (<span data-reactid=\".161p67cllke.0.0.0.1.$include-20.0.0.1:$panel-0.$0.0.0.0.3.$5PO421767.2.$0.4\">Cankovic 89&#8242;<\/span><span class=\"gs-u-vh\" data-reactid=\".161p67cllke.0.0.0.1.$include-20.0.0.1:$panel-0.$0.0.0.0.3.$5PO421767.2.$0.5\">)<\/span>, Leupolz; Rytting Kaneryd\u00a0 (Kirby 68\u00b4), James (N\u00fcsken 78\u00b4), Reiten (Beever-Jones 79\u00b4); Ram\u00edrez (Fishel 79\u00b4)<\/span><\/span><\/p>\n<p><strong>Taky Blues (3-4-3): <\/strong>Brosnan; <span class=\"sp-c-lineup-pitch__player\" data-reactid=\".161p67cllke.0.0.0.1.$include-20.0.0.1:$panel-0.$0.0.0.1.2.0.0.1:$away-formation-row-1.$away-player-0\"><span class=\"sp-c-lineup-pitch__player__name gs-u-display-block@xs \" data-reactid=\".161p67cllke.0.0.0.1.$include-20.0.0.1:$panel-0.$0.0.0.1.2.0.0.1:$away-formation-row-1.$away-player-0.1\">Vanhaevermaet, <\/span><\/span><span class=\"sp-c-lineup-pitch__player\" data-reactid=\".161p67cllke.0.0.0.1.$include-20.0.0.1:$panel-0.$0.0.0.1.2.0.0.1:$away-formation-row-1.$away-player-1\"><span class=\"sp-c-lineup-pitch__player__name gs-u-display-block@xs \" data-reactid=\".161p67cllke.0.0.0.1.$include-20.0.0.1:$panel-0.$0.0.0.1.2.0.0.1:$away-formation-row-1.$away-player-1.1\">Finnigan, <\/span><\/span><span class=\"sp-c-lineup-pitch__player\" data-reactid=\".161p67cllke.0.0.0.1.$include-20.0.0.1:$panel-0.$0.0.0.1.2.0.0.1:$away-formation-row-1.$away-player-2\"><span class=\"sp-c-lineup-pitch__player__name gs-u-display-block@xs \" data-reactid=\".161p67cllke.0.0.0.1.$include-20.0.0.1:$panel-0.$0.0.0.1.2.0.0.1:$away-formation-row-1.$away-player-2.1\">Stenevik; Bennison, Wheeler, (Olesen 78\u00b4) K\u00fchl, Galli; Payne (Hope 79\u00b4), Piemonte, Madsen (Bissell 79\u00b4)<\/span><\/span><\/p>\n<p><strong>Rozhod\u010d\u00ed:<\/strong> Emily Heaslip\u00a0 \u00a0<strong>Everton Player of the Match: <\/strong>Clare Wheeler\u00a0 <strong>Div\u00e1ci:<\/strong> 2 013<strong>\u00a0 Zostrihy: <a href=\"https:\/\/www.youtube.com\/watch?v=jIQ15CAxOSk\">YouTube<\/a><\/strong><\/p>\n","protected":false},"excerpt":{"rendered":"<p>Podle p\u0159edz\u00e1pasov\u00fdch progn\u00f3z i podle kone\u010dn\u00e9ho v\u00fdsledku by se mohlo zd\u00e1t, \u017ee utk\u00e1n\u00ed bylo jasnou z\u00e1le\u017eitost\u00ed Chelsea. Tak tedy: nebylo.<\/p>\n","protected":false},"author":26,"featured_media":23914,"comment_status":"open","ping_status":"closed","sticky":false,"template":"","format":"standard","meta":{"_eb_attr":"","_monsterinsights_skip_tracking":false,"_monsterinsights_sitenote_active":false,"_monsterinsights_sitenote_note":"","_monsterinsights_sitenote_category":0,"footnotes":""},"categories":[110],"tags":[],"yoast_head":"<!-- This site is optimized with the Yoast SEO plugin v23.4 - https:\/\/yoast.com\/wordpress\/plugins\/seo\/ -->\n<title>Chelsea W - Everton W 3:0 - Official Czech &amp; Slovak Everton Supporters&#039; Club<\/title>\n<meta name=\"robots\" content=\"index, follow, max-snippet:-1, max-image-preview:large, max-video-preview:-1\" \/>\n<link rel=\"canonical\" href=\"https:\/\/evertonfc.cz\/index.php\/2024\/02\/06\/chelsea-w-everton-w-30\/\" \/>\n<meta property=\"og:locale\" content=\"cs_CZ\" \/>\n<meta property=\"og:type\" content=\"article\" \/>\n<meta property=\"og:title\" content=\"Chelsea W - Everton W 3:0 - Official Czech &amp; Slovak Everton Supporters&#039; Club\" \/>\n<meta property=\"og:description\" content=\"Podle p\u0159edz\u00e1pasov\u00fdch progn\u00f3z i podle kone\u010dn\u00e9ho v\u00fdsledku by se mohlo zd\u00e1t, \u017ee utk\u00e1n\u00ed bylo jasnou z\u00e1le\u017eitost\u00ed Chelsea. Tak tedy: nebylo.\" \/>\n<meta property=\"og:url\" content=\"https:\/\/evertonfc.cz\/index.php\/2024\/02\/06\/chelsea-w-everton-w-30\/\" \/>\n<meta property=\"og:site_name\" content=\"Official Czech &amp; Slovak Everton Supporters&#039; Club\" \/>\n<meta property=\"article:publisher\" content=\"https:\/\/www.facebook.com\/everton.fans.cz.sk\" \/>\n<meta property=\"article:published_time\" content=\"2024-02-06T07:15:12+00:00\" \/>\n<meta property=\"article:modified_time\" content=\"2024-02-06T13:06:47+00:00\" \/>\n<meta property=\"og:image\" content=\"https:\/\/evertonfc.cz\/wp-content\/uploads\/2024\/02\/Chelsea-Everton-web-4_2_2024.jpg\" \/>\n\t<meta property=\"og:image:width\" content=\"720\" \/>\n\t<meta property=\"og:image:height\" content=\"405\" \/>\n\t<meta property=\"og:image:type\" content=\"image\/jpeg\" \/>\n<meta name=\"author\" content=\"Karamela\" \/>\n<meta name=\"twitter:card\" content=\"summary_large_image\" \/>\n<meta name=\"twitter:label1\" content=\"Napsal(a)\" \/>\n\t<meta name=\"twitter:data1\" content=\"Karamela\" \/>\n\t<meta name=\"twitter:label2\" content=\"Odhadovan\u00e1 doba \u010dten\u00ed\" \/>\n\t<meta name=\"twitter:data2\" content=\"5 minut\" \/>\n<script type=\"application\/ld+json\" class=\"yoast-schema-graph\">{\"@context\":\"https:\/\/schema.org\",\"@graph\":[{\"@type\":\"Article\",\"@id\":\"https:\/\/evertonfc.cz\/index.php\/2024\/02\/06\/chelsea-w-everton-w-30\/#article\",\"isPartOf\":{\"@id\":\"https:\/\/evertonfc.cz\/index.php\/2024\/02\/06\/chelsea-w-everton-w-30\/\"},\"author\":{\"name\":\"Karamela\",\"@id\":\"https:\/\/evertonfc.cz\/#\/schema\/person\/e9a24a80a32efa1344dd2c4e5882185c\"},\"headline\":\"Chelsea W &#8211; Everton W 3:0\",\"datePublished\":\"2024-02-06T07:15:12+00:00\",\"dateModified\":\"2024-02-06T13:06:47+00:00\",\"mainEntityOfPage\":{\"@id\":\"https:\/\/evertonfc.cz\/index.php\/2024\/02\/06\/chelsea-w-everton-w-30\/\"},\"wordCount\":970,\"commentCount\":4,\"publisher\":{\"@id\":\"https:\/\/evertonfc.cz\/#organization\"},\"image\":{\"@id\":\"https:\/\/evertonfc.cz\/index.php\/2024\/02\/06\/chelsea-w-everton-w-30\/#primaryimage\"},\"thumbnailUrl\":\"https:\/\/evertonfc.cz\/wp-content\/uploads\/2024\/02\/Chelsea-Everton-web-4_2_2024.jpg\",\"articleSection\":[\"Everton Women\"],\"inLanguage\":\"cs\",\"potentialAction\":[{\"@type\":\"CommentAction\",\"name\":\"Comment\",\"target\":[\"https:\/\/evertonfc.cz\/index.php\/2024\/02\/06\/chelsea-w-everton-w-30\/#respond\"]}]},{\"@type\":\"WebPage\",\"@id\":\"https:\/\/evertonfc.cz\/index.php\/2024\/02\/06\/chelsea-w-everton-w-30\/\",\"url\":\"https:\/\/evertonfc.cz\/index.php\/2024\/02\/06\/chelsea-w-everton-w-30\/\",\"name\":\"Chelsea W - Everton W 3:0 - Official Czech &amp; Slovak Everton Supporters&#039; Club\",\"isPartOf\":{\"@id\":\"https:\/\/evertonfc.cz\/#website\"},\"primaryImageOfPage\":{\"@id\":\"https:\/\/evertonfc.cz\/index.php\/2024\/02\/06\/chelsea-w-everton-w-30\/#primaryimage\"},\"image\":{\"@id\":\"https:\/\/evertonfc.cz\/index.php\/2024\/02\/06\/chelsea-w-everton-w-30\/#primaryimage\"},\"thumbnailUrl\":\"https:\/\/evertonfc.cz\/wp-content\/uploads\/2024\/02\/Chelsea-Everton-web-4_2_2024.jpg\",\"datePublished\":\"2024-02-06T07:15:12+00:00\",\"dateModified\":\"2024-02-06T13:06:47+00:00\",\"breadcrumb\":{\"@id\":\"https:\/\/evertonfc.cz\/index.php\/2024\/02\/06\/chelsea-w-everton-w-30\/#breadcrumb\"},\"inLanguage\":\"cs\",\"potentialAction\":[{\"@type\":\"ReadAction\",\"target\":[\"https:\/\/evertonfc.cz\/index.php\/2024\/02\/06\/chelsea-w-everton-w-30\/\"]}]},{\"@type\":\"ImageObject\",\"inLanguage\":\"cs\",\"@id\":\"https:\/\/evertonfc.cz\/index.php\/2024\/02\/06\/chelsea-w-everton-w-30\/#primaryimage\",\"url\":\"https:\/\/evertonfc.cz\/wp-content\/uploads\/2024\/02\/Chelsea-Everton-web-4_2_2024.jpg\",\"contentUrl\":\"https:\/\/evertonfc.cz\/wp-content\/uploads\/2024\/02\/Chelsea-Everton-web-4_2_2024.jpg\",\"width\":720,\"height\":405},{\"@type\":\"BreadcrumbList\",\"@id\":\"https:\/\/evertonfc.cz\/index.php\/2024\/02\/06\/chelsea-w-everton-w-30\/#breadcrumb\",\"itemListElement\":[{\"@type\":\"ListItem\",\"position\":1,\"name\":\"Home\",\"item\":\"https:\/\/evertonfc.cz\/\"},{\"@type\":\"ListItem\",\"position\":2,\"name\":\"Chelsea W &#8211; Everton W 3:0\"}]},{\"@type\":\"WebSite\",\"@id\":\"https:\/\/evertonfc.cz\/#website\",\"url\":\"https:\/\/evertonfc.cz\/\",\"name\":\"Official Czech &amp; Slovak Everton Supporters&#039; Club\",\"description\":\"\",\"publisher\":{\"@id\":\"https:\/\/evertonfc.cz\/#organization\"},\"potentialAction\":[{\"@type\":\"SearchAction\",\"target\":{\"@type\":\"EntryPoint\",\"urlTemplate\":\"https:\/\/evertonfc.cz\/?s={search_term_string}\"},\"query-input\":{\"@type\":\"PropertyValueSpecification\",\"valueRequired\":true,\"valueName\":\"search_term_string\"}}],\"inLanguage\":\"cs\"},{\"@type\":\"Organization\",\"@id\":\"https:\/\/evertonfc.cz\/#organization\",\"name\":\"Official Czech & Slovak Everton Supporters' Club\",\"url\":\"https:\/\/evertonfc.cz\/\",\"logo\":{\"@type\":\"ImageObject\",\"inLanguage\":\"cs\",\"@id\":\"https:\/\/evertonfc.cz\/#\/schema\/logo\/image\/\",\"url\":\"https:\/\/evertonfc.cz\/wp-content\/uploads\/2019\/05\/logo.png\",\"contentUrl\":\"https:\/\/evertonfc.cz\/wp-content\/uploads\/2019\/05\/logo.png\",\"width\":112,\"height\":112,\"caption\":\"Official Czech & Slovak Everton Supporters' Club\"},\"image\":{\"@id\":\"https:\/\/evertonfc.cz\/#\/schema\/logo\/image\/\"},\"sameAs\":[\"https:\/\/www.facebook.com\/everton.fans.cz.sk\"]},{\"@type\":\"Person\",\"@id\":\"https:\/\/evertonfc.cz\/#\/schema\/person\/e9a24a80a32efa1344dd2c4e5882185c\",\"name\":\"Karamela\",\"url\":\"https:\/\/evertonfc.cz\/index.php\/author\/karamela\/\"}]}<\/script>\n<!-- \/ Yoast SEO plugin. -->","yoast_head_json":{"title":"Chelsea W - Everton W 3:0 - Official Czech &amp; Slovak Everton Supporters&#039; Club","robots":{"index":"index","follow":"follow","max-snippet":"max-snippet:-1","max-image-preview":"max-image-preview:large","max-video-preview":"max-video-preview:-1"},"canonical":"https:\/\/evertonfc.cz\/index.php\/2024\/02\/06\/chelsea-w-everton-w-30\/","og_locale":"cs_CZ","og_type":"article","og_title":"Chelsea W - Everton W 3:0 - Official Czech &amp; Slovak Everton Supporters&#039; Club","og_description":"Podle p\u0159edz\u00e1pasov\u00fdch progn\u00f3z i podle kone\u010dn\u00e9ho v\u00fdsledku by se mohlo zd\u00e1t, \u017ee utk\u00e1n\u00ed bylo jasnou z\u00e1le\u017eitost\u00ed Chelsea. Tak tedy: nebylo.","og_url":"https:\/\/evertonfc.cz\/index.php\/2024\/02\/06\/chelsea-w-everton-w-30\/","og_site_name":"Official Czech &amp; Slovak Everton Supporters&#039; Club","article_publisher":"https:\/\/www.facebook.com\/everton.fans.cz.sk","article_published_time":"2024-02-06T07:15:12+00:00","article_modified_time":"2024-02-06T13:06:47+00:00","og_image":[{"width":720,"height":405,"url":"https:\/\/evertonfc.cz\/wp-content\/uploads\/2024\/02\/Chelsea-Everton-web-4_2_2024.jpg","type":"image\/jpeg"}],"author":"Karamela","twitter_card":"summary_large_image","twitter_misc":{"Napsal(a)":"Karamela","Odhadovan\u00e1 doba \u010dten\u00ed":"5 minut"},"schema":{"@context":"https:\/\/schema.org","@graph":[{"@type":"Article","@id":"https:\/\/evertonfc.cz\/index.php\/2024\/02\/06\/chelsea-w-everton-w-30\/#article","isPartOf":{"@id":"https:\/\/evertonfc.cz\/index.php\/2024\/02\/06\/chelsea-w-everton-w-30\/"},"author":{"name":"Karamela","@id":"https:\/\/evertonfc.cz\/#\/schema\/person\/e9a24a80a32efa1344dd2c4e5882185c"},"headline":"Chelsea W &#8211; Everton W 3:0","datePublished":"2024-02-06T07:15:12+00:00","dateModified":"2024-02-06T13:06:47+00:00","mainEntityOfPage":{"@id":"https:\/\/evertonfc.cz\/index.php\/2024\/02\/06\/chelsea-w-everton-w-30\/"},"wordCount":970,"commentCount":4,"publisher":{"@id":"https:\/\/evertonfc.cz\/#organization"},"image":{"@id":"https:\/\/evertonfc.cz\/index.php\/2024\/02\/06\/chelsea-w-everton-w-30\/#primaryimage"},"thumbnailUrl":"https:\/\/evertonfc.cz\/wp-content\/uploads\/2024\/02\/Chelsea-Everton-web-4_2_2024.jpg","articleSection":["Everton Women"],"inLanguage":"cs","potentialAction":[{"@type":"CommentAction","name":"Comment","target":["https:\/\/evertonfc.cz\/index.php\/2024\/02\/06\/chelsea-w-everton-w-30\/#respond"]}]},{"@type":"WebPage","@id":"https:\/\/evertonfc.cz\/index.php\/2024\/02\/06\/chelsea-w-everton-w-30\/","url":"https:\/\/evertonfc.cz\/index.php\/2024\/02\/06\/chelsea-w-everton-w-30\/","name":"Chelsea W - Everton W 3:0 - Official Czech &amp; Slovak Everton Supporters&#039; Club","isPartOf":{"@id":"https:\/\/evertonfc.cz\/#website"},"primaryImageOfPage":{"@id":"https:\/\/evertonfc.cz\/index.php\/2024\/02\/06\/chelsea-w-everton-w-30\/#primaryimage"},"image":{"@id":"https:\/\/evertonfc.cz\/index.php\/2024\/02\/06\/chelsea-w-everton-w-30\/#primaryimage"},"thumbnailUrl":"https:\/\/evertonfc.cz\/wp-content\/uploads\/2024\/02\/Chelsea-Everton-web-4_2_2024.jpg","datePublished":"2024-02-06T07:15:12+00:00","dateModified":"2024-02-06T13:06:47+00:00","breadcrumb":{"@id":"https:\/\/evertonfc.cz\/index.php\/2024\/02\/06\/chelsea-w-everton-w-30\/#breadcrumb"},"inLanguage":"cs","potentialAction":[{"@type":"ReadAction","target":["https:\/\/evertonfc.cz\/index.php\/2024\/02\/06\/chelsea-w-everton-w-30\/"]}]},{"@type":"ImageObject","inLanguage":"cs","@id":"https:\/\/evertonfc.cz\/index.php\/2024\/02\/06\/chelsea-w-everton-w-30\/#primaryimage","url":"https:\/\/evertonfc.cz\/wp-content\/uploads\/2024\/02\/Chelsea-Everton-web-4_2_2024.jpg","contentUrl":"https:\/\/evertonfc.cz\/wp-content\/uploads\/2024\/02\/Chelsea-Everton-web-4_2_2024.jpg","width":720,"height":405},{"@type":"BreadcrumbList","@id":"https:\/\/evertonfc.cz\/index.php\/2024\/02\/06\/chelsea-w-everton-w-30\/#breadcrumb","itemListElement":[{"@type":"ListItem","position":1,"name":"Home","item":"https:\/\/evertonfc.cz\/"},{"@type":"ListItem","position":2,"name":"Chelsea W &#8211; Everton W 3:0"}]},{"@type":"WebSite","@id":"https:\/\/evertonfc.cz\/#website","url":"https:\/\/evertonfc.cz\/","name":"Official Czech &amp; Slovak Everton Supporters&#039; Club","description":"","publisher":{"@id":"https:\/\/evertonfc.cz\/#organization"},"potentialAction":[{"@type":"SearchAction","target":{"@type":"EntryPoint","urlTemplate":"https:\/\/evertonfc.cz\/?s={search_term_string}"},"query-input":{"@type":"PropertyValueSpecification","valueRequired":true,"valueName":"search_term_string"}}],"inLanguage":"cs"},{"@type":"Organization","@id":"https:\/\/evertonfc.cz\/#organization","name":"Official Czech & Slovak Everton Supporters' Club","url":"https:\/\/evertonfc.cz\/","logo":{"@type":"ImageObject","inLanguage":"cs","@id":"https:\/\/evertonfc.cz\/#\/schema\/logo\/image\/","url":"https:\/\/evertonfc.cz\/wp-content\/uploads\/2019\/05\/logo.png","contentUrl":"https:\/\/evertonfc.cz\/wp-content\/uploads\/2019\/05\/logo.png","width":112,"height":112,"caption":"Official Czech & Slovak Everton Supporters' Club"},"image":{"@id":"https:\/\/evertonfc.cz\/#\/schema\/logo\/image\/"},"sameAs":["https:\/\/www.facebook.com\/everton.fans.cz.sk"]},{"@type":"Person","@id":"https:\/\/evertonfc.cz\/#\/schema\/person\/e9a24a80a32efa1344dd2c4e5882185c","name":"Karamela","url":"https:\/\/evertonfc.cz\/index.php\/author\/karamela\/"}]}},"_links":{"self":[{"href":"https:\/\/evertonfc.cz\/index.php\/wp-json\/wp\/v2\/posts\/23902"}],"collection":[{"href":"https:\/\/evertonfc.cz\/index.php\/wp-json\/wp\/v2\/posts"}],"about":[{"href":"https:\/\/evertonfc.cz\/index.php\/wp-json\/wp\/v2\/types\/post"}],"author":[{"embeddable":true,"href":"https:\/\/evertonfc.cz\/index.php\/wp-json\/wp\/v2\/users\/26"}],"replies":[{"embeddable":true,"href":"https:\/\/evertonfc.cz\/index.php\/wp-json\/wp\/v2\/comments?post=23902"}],"version-history":[{"count":11,"href":"https:\/\/evertonfc.cz\/index.php\/wp-json\/wp\/v2\/posts\/23902\/revisions"}],"predecessor-version":[{"id":23917,"href":"https:\/\/evertonfc.cz\/index.php\/wp-json\/wp\/v2\/posts\/23902\/revisions\/23917"}],"wp:featuredmedia":[{"embeddable":true,"href":"https:\/\/evertonfc.cz\/index.php\/wp-json\/wp\/v2\/media\/23914"}],"wp:attachment":[{"href":"https:\/\/evertonfc.cz\/index.php\/wp-json\/wp\/v2\/media?parent=23902"}],"wp:term":[{"taxonomy":"category","embeddable":true,"href":"https:\/\/evertonfc.cz\/index.php\/wp-json\/wp\/v2\/categories?post=23902"},{"taxonomy":"post_tag","embeddable":true,"href":"https:\/\/evertonfc.cz\/index.php\/wp-json\/wp\/v2\/tags?post=23902"}],"curies":[{"name":"wp","href":"https:\/\/api.w.org\/{rel}","templated":true}]}}