{"id":23998,"date":"2024-02-21T21:16:06","date_gmt":"2024-02-21T20:16:06","guid":{"rendered":"https:\/\/evertonfc.cz\/?p=23998"},"modified":"2024-02-22T10:44:16","modified_gmt":"2024-02-22T09:44:16","slug":"everton-w-west-ham-w-20","status":"publish","type":"post","link":"https:\/\/evertonfc.cz\/index.php\/2024\/02\/21\/everton-w-west-ham-w-20\/","title":{"rendered":"Everton W &#8211; West Ham W: 2:0"},"content":{"rendered":"<h4>N\u00e1v\u0161t\u011bva p\u0159\u00edm\u00fdch konkurent\u016f v boji o sestupov\u00e9 pozice byla o\u010dek\u00e1v\u00e1na s nap\u011bt\u00edm. Zaprv\u00e9 p\u0159\u00edm\u00e9 konkurenty je dobr\u00e9 por\u00e1\u017eet, zadruh\u00e9 v leto\u0161n\u00ed sez\u00f3n\u011b Walton Hall Park je\u0161t\u011b nepoznal chu\u0165 v\u00edt\u011bzstv\u00ed dom\u00e1c\u00edch. Oboje na\u0161t\u011bst\u00ed klaplo.<\/h4>\n<p>Oba t\u00fdmy nastoupily k z\u00e1pasu spr\u00e1vn\u011b na\u017ehaven\u00e9. N\u00e1m se v posledn\u00edm z\u00e1pase poda\u0159ilo v FA Cup porazit Nottingham Forest 7:1, West Ham zase z\u00edskal p\u0159i sv\u00e9m posledn\u00edm vystoupen\u00ed ojedin\u011bl\u00fd skalp Arsenalu. Brian S\u00f8rensen se musel obej\u00edt bez st\u00e1le zran\u011bn\u00fdch sester Holmgaardov\u00fdch, Veje a Ramsey. Na\u0161t\u011bst\u00ed m\u011bl nakonec k dispozici Stenevik, jej\u00ed\u017e start byl pro nevolnost nejist\u00fd. O automatickou nominaci k z\u00e1pasu si \u0159ekla K<span class=\"sp-c-lineup-pitch__player\" data-reactid=\".1orl9m67jcs.0.0.0.1.$include-25.0.0.1:$panel-0.$0.0.0.0.2.0.0.1:$home-formation-row-1.$home-player-2\"><span class=\"sp-c-lineup-pitch__player__name gs-u-display-block@xs \" data-reactid=\".1orl9m67jcs.0.0.0.1.$include-25.0.0.1:$panel-0.$0.0.0.0.2.0.0.1:$home-formation-row-1.$home-player-2.1\">\u00fchl, kter\u00e1 se od sv\u00e9ho n\u00e1stupu na hostov\u00e1n\u00ed z Arsenalu prezentuje v\u00fdborn\u00fdmi v\u00fdkony a mana\u017eer vsadil i na slibnou spolupr\u00e1ci Madsen a Snoeijs.\u00a0<\/span><\/span><\/p>\n<h4>Prvn\u00ed polo\u010das<\/h4>\n<p>p\u0159inesl v\u00fdkon, kter\u00fd v\u016fbec neodpov\u00eddal na\u0161\u00ed o\u010dek\u00e1van\u00e9 dobr\u00e9 form\u011b. Lond\u00fd\u0148anky naproti tomu zahrozily hned zkraje z\u00e1pasu: nejprve Gorry sice vyslala propaga\u010dn\u00ed st\u0159elu mimo branku, ale nedlouho pot\u00e9 u\u017e westhamsk\u00e1 st\u0159elkyn\u011b Asseyi m\u00ed\u0159ila hlavi\u010dkou p\u0159esn\u011b a Finnigan musela zachra\u0148ovat situaci na brankov\u00e9 \u010d\u00e1\u0159e. Za n\u00e1s odpov\u011bd\u011bla kuri\u00f3zn\u00edm, ale p\u0159esto nebezpe\u010dn\u00fdm zp\u016fsobem Hope, kdy\u017e n\u016f\u017ekami ze zem\u011b prov\u011b\u0159ila pohotovost Arnold. <span class=\"sp-c-lineup-pitch__player\" data-reactid=\".1orl9m67jcs.0.0.0.1.$include-25.0.0.1:$panel-0.$0.0.0.0.2.0.0.1:$home-formation-row-1.$home-player-2\"><span class=\"sp-c-lineup-pitch__player__name gs-u-display-block@xs \" data-reactid=\".1orl9m67jcs.0.0.0.1.$include-25.0.0.1:$panel-0.$0.0.0.0.2.0.0.1:$home-formation-row-1.$home-player-2.1\">K\u00fchl se rovn\u011b\u017e ocitla po velmi dobr\u00e9m n\u00e1b\u011bhu v g\u00f3lov\u00e9 \u0161anci, kterou ov\u0161em p\u0159ekazil body\u010dek Cissoko. Jinak jsme toho mnoho nep\u0159edvedli a nejinak na tom byl i soupe\u0159.\u00a0<\/span><\/span><\/p>\n<h4>Druh\u00fd polo\u010das<\/h4>\n<p>prob\u00edhal podobn\u011b nanicovat\u011b, jako polo\u010das prvn\u00ed, akor\u00e1t s postupem \u010dasu se ve\u0161ker\u00e9 nep\u0159esnosti odehr\u00e1valy je\u0161t\u011b v pomalej\u0161\u00edm tempu. Zm\u011bnu p\u0159ineslo a\u017e st\u0159\u00edd\u00e1n\u00ed s p\u0159\u00edchodem Bennison, kter\u00e9 p\u0159eci jen rozh\u00fdbalo na\u0161\u00ed hru, ale k otev\u0159en\u00ed sk\u00f3re p\u0159esto st\u00e1le nevedlo. Byla to Piemnonte, kter\u00e1 se na h\u0159i\u0161t\u011b dostala v 74. minut\u011b a kter\u00e1 o necel\u00fdch deset minut pozd\u011bji hlavi\u010dkou dopravila do s\u00edt\u011b p\u0159\u00edm\u00fd kop bravurn\u011b zahran\u00fd Galli &#8211; <strong>1:0<\/strong>. Obraz hry se r\u00e1zem zm\u011bnil. S g\u00f3lem narostla chu\u0165 p\u0159idat dal\u0161\u00ed, u soupe\u0159ek naopak zvr\u00e1tit sk\u00f3re v jejich prosp\u011bch.<\/p>\n<p>Na\u0161t\u011bst\u00ed italsk\u00e1 spolupr\u00e1ce zafungovala velmi rychle znovu. V 86. minut\u011b poslala Piemonte p\u0159ihr\u00e1vku na Galli. Ta prosvi\u0161t\u011bla polovinou soupe\u0159ek a ze sv\u00e9ho obl\u00edben\u00e9ho m\u00edsta na prav\u00e9m okraji v\u00e1pna s p\u0159ehledem kr\u00e1snou st\u0159elou zav\u011bsila n\u00e1\u0161 druh\u00fd g\u00f3l &#8211; <strong>2:0<\/strong>. West Ham se sna\u017eil v\u00fdsledek je\u0161t\u011b aspo\u0148 korigovat, ale to jsme rozhodn\u011b nehodlali dopustit. Snaha o urputnou obranu vedla i ke zbyte\u010dn\u00e9mu faulu Olesen, kter\u00e1 v z\u00e1v\u011bru z\u00e1pasu nejen\u017ee zbyte\u010dn\u011b faulovala v polovin\u011b h\u0159i\u0161t\u011b a dostala za to \u017elutou, ale je\u0161t\u011b si p\u0159i t\u00e9 p\u0159\u00edle\u017eitosti zranila stehno a byla ze h\u0159i\u0161t\u011b odsunuta na nos\u00edtk\u00e1ch.<\/p>\n<h4><strong>Shrnut\u00ed:<\/strong><\/h4>\n<p>Z\u00e1pas jsme dok\u00e1zali vyhr\u00e1t, na co\u017e by si po prvn\u00edm polo\u010dase vsadil asi jen Spi\u010four, nebo jin\u00fd bytostn\u00fd optimista. Nekone\u010dn\u00e9 a zhusta nep\u0159esn\u00e9 p\u0159ihr\u00e1vky bez st\u0159ely na branku vysv\u011btluj\u00ed, pro\u010d jsme zat\u00edm ze 14 odehran\u00fdch z\u00e1pas\u016f vyk\u0159esali jen 12 g\u00f3l\u016f (nejm\u00e9n\u011b z cel\u00e9 WSL). Ani na\u0161e obrana letos pr\u00e1v\u011b nez\u00e1\u0159\u00ed (zde na tom m\u00e1 pod\u00edl i \u010detn\u00e1 zran\u011bn\u00ed a \u00fazk\u00fd k\u00e1dr), a\u017e toto utk\u00e1n\u00ed ukon\u010dilo \u0161\u0148\u016fru deseti dom\u00e1c\u00edch z\u00e1pas\u016f bez \u010dist\u00e9ho konta. Na\u0161t\u011bst\u00ed se na\u0161e lavi\u010dka nakonec uk\u00e1zala b\u00fdt t\u00edm prav\u00fdm \u017eol\u00edkem a \u017eivotabudi\u010dem jinak zoufale bezzub\u00e9 hry. A tak\u00e9 v\u010dasn\u00e9 procitnut\u00ed Galli, kterou je mysl\u00edm mo\u017en\u00e9 pova\u017eovat i za hr\u00e1\u010dku z\u00e1pasu. Doufejme tedy, \u017ee se za\u010dalo bl\u00fdskat na lep\u0161\u00ed \u010dasy. Ov\u0161em velk\u00fdm st\u00ednem je zran\u011bn\u00ed Olesen, ze kter\u00e9ho se nakonec vyklubal utr\u017een\u00fd stehenn\u00ed sval. Nyn\u00ed n\u00e1s \u010dek\u00e1 tr\u00e9ninkov\u00e1 reprezenta\u010dn\u00ed pauza a po n\u00ed utk\u00e1n\u00ed s Citizens a pak FA poh\u00e1r s Chelsea. Tedy \u017e\u00e1dn\u00e1 proch\u00e1zka r\u016f\u017eov\u00fdm sadem. <strong><span style=\"color: #0000ff; --darkreader-inline-color: #3d3db6;\" data-darkreader-inline-color=\"\">COYB!<\/span><\/strong><\/p>\n<p style=\"text-align: right;\"><span style=\"font-size: 8pt;\"><em>Fotografie: Galli a Piemonte (zdroj: Getty Images via roayalbluemersey.sbnation.com)<\/em><\/span><\/p>\n<p><strong>G\u00f3ly:<\/strong> Piemonte (83\u00b4), Galli (86\u00b4) <strong>\u017dK:<\/strong> Finnigan, Stenevik, Olesen<\/p>\n<p><strong>Evereton (3-4-3): <\/strong>Brosnan; <span class=\"sp-c-lineup-pitch__player\" data-reactid=\".1orl9m67jcs.0.0.0.1.$include-25.0.0.1:$panel-0.$0.0.0.0.2.0.0.1:$home-formation-row-1.$home-player-0\"><span class=\"sp-c-lineup-pitch__player__name gs-u-display-block@xs \" data-reactid=\".1orl9m67jcs.0.0.0.1.$include-25.0.0.1:$panel-0.$0.0.0.0.2.0.0.1:$home-formation-row-1.$home-player-0.1\">Vanhaevermaet, <\/span><\/span><span class=\"sp-c-lineup-pitch__player\" data-reactid=\".1orl9m67jcs.0.0.0.1.$include-25.0.0.1:$panel-0.$0.0.0.0.2.0.0.1:$home-formation-row-1.$home-player-1\"><span class=\"sp-c-lineup-pitch__player__name gs-u-display-block@xs \" data-reactid=\".1orl9m67jcs.0.0.0.1.$include-25.0.0.1:$panel-0.$0.0.0.0.2.0.0.1:$home-formation-row-1.$home-player-1.1\">Finnigan, <\/span><\/span><span class=\"sp-c-lineup-pitch__player\" data-reactid=\".1orl9m67jcs.0.0.0.1.$include-25.0.0.1:$panel-0.$0.0.0.0.2.0.0.1:$home-formation-row-1.$home-player-2\"><span class=\"sp-c-lineup-pitch__player__name gs-u-display-block@xs \" data-reactid=\".1orl9m67jcs.0.0.0.1.$include-25.0.0.1:$panel-0.$0.0.0.0.2.0.0.1:$home-formation-row-1.$home-player-2.1\">Stenevik; Hope (Bennison 61\u00b4), Wheeler, K\u00fchl (Olesen 90\u00b4), Galli; Payne (Dale 90\u00b4), Snoeijs (Bissell 74\u00b4), Madsen (Piemonte 74\u00b4)<\/span><\/span><\/p>\n<p><strong>West Ham (3-4-3): <\/strong>Arnold; <span class=\"sp-c-lineup-pitch__player\" data-reactid=\".1orl9m67jcs.0.0.0.1.$include-25.0.0.1:$panel-0.$0.0.0.1.2.0.0.1:$away-formation-row-1.$away-player-0\"><span class=\"sp-c-lineup-pitch__player__name gs-u-display-block@xs \" data-reactid=\".1orl9m67jcs.0.0.0.1.$include-25.0.0.1:$panel-0.$0.0.0.1.2.0.0.1:$away-formation-row-1.$away-player-0.1\">Cissoko (Mewis 45\u00b4), T<\/span><\/span><span class=\"sp-c-lineup-pitch__player\" data-reactid=\".1orl9m67jcs.0.0.0.1.$include-25.0.0.1:$panel-0.$0.0.0.1.2.0.0.1:$away-formation-row-1.$away-player-1\"><span class=\"sp-c-lineup-pitch__player__name gs-u-display-block@xs \" data-reactid=\".1orl9m67jcs.0.0.0.1.$include-25.0.0.1:$panel-0.$0.0.0.1.2.0.0.1:$away-formation-row-1.$away-player-1.1\">ysiak, <\/span><\/span><span class=\"sp-c-lineup-pitch__player\" data-reactid=\".1orl9m67jcs.0.0.0.1.$include-25.0.0.1:$panel-0.$0.0.0.1.2.0.0.1:$away-formation-row-1.$away-player-2\"><span class=\"sp-c-lineup-pitch__player__name gs-u-display-block@xs \" data-reactid=\".1orl9m67jcs.0.0.0.1.$include-25.0.0.1:$panel-0.$0.0.0.1.2.0.0.1:$away-formation-row-1.$away-player-2.1\">Zadorsky; Shimizu, Hayashi (Bergman-Lundin 80\u00b4) Gorry, Smith; Asseyi, Ueki (Snerle 52\u00b4), Ziu (<span class=\"gs-u-vh\" data-reactid=\".1orl9m67jcs.0.0.0.1.$include-25.0.0.1:$panel-0.$0.0.0.1.3.$10PO464010.2.$0.5\">Ademiluyiat 88\u00b4)<\/span><\/span><\/span><\/p>\n<p><strong>Rozhod\u010d\u00ed: <\/strong>Anthony Backhouse\u00a0 <strong>Div\u00e1ci:\u00a0<\/strong>997\u00a0 <strong>Everton Player of the Match:<\/strong> Aurora Galli<\/p>\n","protected":false},"excerpt":{"rendered":"<p>N\u00e1v\u0161t\u011bva p\u0159\u00edm\u00fdch konkurent\u016f v boji o sestupov\u00e9 pozice byla o\u010dek\u00e1v\u00e1na s nap\u011bt\u00edm. Zaprv\u00e9 p\u0159\u00edm\u00e9 konkurenty je dobr\u00e9 por\u00e1\u017eet, zadruh\u00e9 v leto\u0161n\u00ed sez\u00f3n\u011b Walton Hall Park je\u0161t\u011b nepoznal chu\u0165 v\u00edt\u011bzstv\u00ed dom\u00e1c\u00edch. Oboje na\u0161t\u011bst\u00ed klaplo.<\/p>\n","protected":false},"author":26,"featured_media":24014,"comment_status":"open","ping_status":"closed","sticky":false,"template":"","format":"standard","meta":{"_eb_attr":"","_monsterinsights_skip_tracking":false,"_monsterinsights_sitenote_active":false,"_monsterinsights_sitenote_note":"","_monsterinsights_sitenote_category":0,"footnotes":""},"categories":[110],"tags":[],"yoast_head":"<!-- This site is optimized with the Yoast SEO plugin v23.4 - https:\/\/yoast.com\/wordpress\/plugins\/seo\/ -->\n<title>Everton W - West Ham W: 2:0 - Official Czech &amp; Slovak Everton Supporters&#039; Club<\/title>\n<meta name=\"robots\" content=\"index, follow, max-snippet:-1, max-image-preview:large, max-video-preview:-1\" \/>\n<link rel=\"canonical\" href=\"https:\/\/evertonfc.cz\/index.php\/2024\/02\/21\/everton-w-west-ham-w-20\/\" \/>\n<meta property=\"og:locale\" content=\"cs_CZ\" \/>\n<meta property=\"og:type\" content=\"article\" \/>\n<meta property=\"og:title\" content=\"Everton W - West Ham W: 2:0 - Official Czech &amp; Slovak Everton Supporters&#039; Club\" \/>\n<meta property=\"og:description\" content=\"N\u00e1v\u0161t\u011bva p\u0159\u00edm\u00fdch konkurent\u016f v boji o sestupov\u00e9 pozice byla o\u010dek\u00e1v\u00e1na s nap\u011bt\u00edm. Zaprv\u00e9 p\u0159\u00edm\u00e9 konkurenty je dobr\u00e9 por\u00e1\u017eet, zadruh\u00e9 v leto\u0161n\u00ed sez\u00f3n\u011b Walton Hall Park je\u0161t\u011b nepoznal chu\u0165 v\u00edt\u011bzstv\u00ed dom\u00e1c\u00edch. Oboje na\u0161t\u011bst\u00ed klaplo.\" \/>\n<meta property=\"og:url\" content=\"https:\/\/evertonfc.cz\/index.php\/2024\/02\/21\/everton-w-west-ham-w-20\/\" \/>\n<meta property=\"og:site_name\" content=\"Official Czech &amp; Slovak Everton Supporters&#039; Club\" \/>\n<meta property=\"article:publisher\" content=\"https:\/\/www.facebook.com\/everton.fans.cz.sk\" \/>\n<meta property=\"article:published_time\" content=\"2024-02-21T20:16:06+00:00\" \/>\n<meta property=\"article:modified_time\" content=\"2024-02-22T09:44:16+00:00\" \/>\n<meta property=\"og:image\" content=\"https:\/\/evertonfc.cz\/wp-content\/uploads\/2024\/02\/Galli-a-Piemonte-web-21_2_2024.jpg\" \/>\n\t<meta property=\"og:image:width\" content=\"720\" \/>\n\t<meta property=\"og:image:height\" content=\"405\" \/>\n\t<meta property=\"og:image:type\" content=\"image\/jpeg\" \/>\n<meta name=\"author\" content=\"Karamela\" \/>\n<meta name=\"twitter:card\" content=\"summary_large_image\" \/>\n<meta name=\"twitter:label1\" content=\"Napsal(a)\" \/>\n\t<meta name=\"twitter:data1\" content=\"Karamela\" \/>\n\t<meta name=\"twitter:label2\" content=\"Odhadovan\u00e1 doba \u010dten\u00ed\" \/>\n\t<meta name=\"twitter:data2\" content=\"4 minuty\" \/>\n<script type=\"application\/ld+json\" class=\"yoast-schema-graph\">{\"@context\":\"https:\/\/schema.org\",\"@graph\":[{\"@type\":\"Article\",\"@id\":\"https:\/\/evertonfc.cz\/index.php\/2024\/02\/21\/everton-w-west-ham-w-20\/#article\",\"isPartOf\":{\"@id\":\"https:\/\/evertonfc.cz\/index.php\/2024\/02\/21\/everton-w-west-ham-w-20\/\"},\"author\":{\"name\":\"Karamela\",\"@id\":\"https:\/\/evertonfc.cz\/#\/schema\/person\/e9a24a80a32efa1344dd2c4e5882185c\"},\"headline\":\"Everton W &#8211; West Ham W: 2:0\",\"datePublished\":\"2024-02-21T20:16:06+00:00\",\"dateModified\":\"2024-02-22T09:44:16+00:00\",\"mainEntityOfPage\":{\"@id\":\"https:\/\/evertonfc.cz\/index.php\/2024\/02\/21\/everton-w-west-ham-w-20\/\"},\"wordCount\":831,\"commentCount\":0,\"publisher\":{\"@id\":\"https:\/\/evertonfc.cz\/#organization\"},\"image\":{\"@id\":\"https:\/\/evertonfc.cz\/index.php\/2024\/02\/21\/everton-w-west-ham-w-20\/#primaryimage\"},\"thumbnailUrl\":\"https:\/\/evertonfc.cz\/wp-content\/uploads\/2024\/02\/Galli-a-Piemonte-web-21_2_2024.jpg\",\"articleSection\":[\"Everton Women\"],\"inLanguage\":\"cs\",\"potentialAction\":[{\"@type\":\"CommentAction\",\"name\":\"Comment\",\"target\":[\"https:\/\/evertonfc.cz\/index.php\/2024\/02\/21\/everton-w-west-ham-w-20\/#respond\"]}]},{\"@type\":\"WebPage\",\"@id\":\"https:\/\/evertonfc.cz\/index.php\/2024\/02\/21\/everton-w-west-ham-w-20\/\",\"url\":\"https:\/\/evertonfc.cz\/index.php\/2024\/02\/21\/everton-w-west-ham-w-20\/\",\"name\":\"Everton W - West Ham W: 2:0 - Official Czech &amp; Slovak Everton Supporters&#039; Club\",\"isPartOf\":{\"@id\":\"https:\/\/evertonfc.cz\/#website\"},\"primaryImageOfPage\":{\"@id\":\"https:\/\/evertonfc.cz\/index.php\/2024\/02\/21\/everton-w-west-ham-w-20\/#primaryimage\"},\"image\":{\"@id\":\"https:\/\/evertonfc.cz\/index.php\/2024\/02\/21\/everton-w-west-ham-w-20\/#primaryimage\"},\"thumbnailUrl\":\"https:\/\/evertonfc.cz\/wp-content\/uploads\/2024\/02\/Galli-a-Piemonte-web-21_2_2024.jpg\",\"datePublished\":\"2024-02-21T20:16:06+00:00\",\"dateModified\":\"2024-02-22T09:44:16+00:00\",\"breadcrumb\":{\"@id\":\"https:\/\/evertonfc.cz\/index.php\/2024\/02\/21\/everton-w-west-ham-w-20\/#breadcrumb\"},\"inLanguage\":\"cs\",\"potentialAction\":[{\"@type\":\"ReadAction\",\"target\":[\"https:\/\/evertonfc.cz\/index.php\/2024\/02\/21\/everton-w-west-ham-w-20\/\"]}]},{\"@type\":\"ImageObject\",\"inLanguage\":\"cs\",\"@id\":\"https:\/\/evertonfc.cz\/index.php\/2024\/02\/21\/everton-w-west-ham-w-20\/#primaryimage\",\"url\":\"https:\/\/evertonfc.cz\/wp-content\/uploads\/2024\/02\/Galli-a-Piemonte-web-21_2_2024.jpg\",\"contentUrl\":\"https:\/\/evertonfc.cz\/wp-content\/uploads\/2024\/02\/Galli-a-Piemonte-web-21_2_2024.jpg\",\"width\":720,\"height\":405},{\"@type\":\"BreadcrumbList\",\"@id\":\"https:\/\/evertonfc.cz\/index.php\/2024\/02\/21\/everton-w-west-ham-w-20\/#breadcrumb\",\"itemListElement\":[{\"@type\":\"ListItem\",\"position\":1,\"name\":\"Home\",\"item\":\"https:\/\/evertonfc.cz\/\"},{\"@type\":\"ListItem\",\"position\":2,\"name\":\"Everton W &#8211; West Ham W: 2:0\"}]},{\"@type\":\"WebSite\",\"@id\":\"https:\/\/evertonfc.cz\/#website\",\"url\":\"https:\/\/evertonfc.cz\/\",\"name\":\"Official Czech &amp; Slovak Everton Supporters&#039; Club\",\"description\":\"\",\"publisher\":{\"@id\":\"https:\/\/evertonfc.cz\/#organization\"},\"potentialAction\":[{\"@type\":\"SearchAction\",\"target\":{\"@type\":\"EntryPoint\",\"urlTemplate\":\"https:\/\/evertonfc.cz\/?s={search_term_string}\"},\"query-input\":{\"@type\":\"PropertyValueSpecification\",\"valueRequired\":true,\"valueName\":\"search_term_string\"}}],\"inLanguage\":\"cs\"},{\"@type\":\"Organization\",\"@id\":\"https:\/\/evertonfc.cz\/#organization\",\"name\":\"Official Czech & Slovak Everton Supporters' Club\",\"url\":\"https:\/\/evertonfc.cz\/\",\"logo\":{\"@type\":\"ImageObject\",\"inLanguage\":\"cs\",\"@id\":\"https:\/\/evertonfc.cz\/#\/schema\/logo\/image\/\",\"url\":\"https:\/\/evertonfc.cz\/wp-content\/uploads\/2019\/05\/logo.png\",\"contentUrl\":\"https:\/\/evertonfc.cz\/wp-content\/uploads\/2019\/05\/logo.png\",\"width\":112,\"height\":112,\"caption\":\"Official Czech & Slovak Everton Supporters' Club\"},\"image\":{\"@id\":\"https:\/\/evertonfc.cz\/#\/schema\/logo\/image\/\"},\"sameAs\":[\"https:\/\/www.facebook.com\/everton.fans.cz.sk\"]},{\"@type\":\"Person\",\"@id\":\"https:\/\/evertonfc.cz\/#\/schema\/person\/e9a24a80a32efa1344dd2c4e5882185c\",\"name\":\"Karamela\",\"url\":\"https:\/\/evertonfc.cz\/index.php\/author\/karamela\/\"}]}<\/script>\n<!-- \/ Yoast SEO plugin. -->","yoast_head_json":{"title":"Everton W - West Ham W: 2:0 - Official Czech &amp; Slovak Everton Supporters&#039; Club","robots":{"index":"index","follow":"follow","max-snippet":"max-snippet:-1","max-image-preview":"max-image-preview:large","max-video-preview":"max-video-preview:-1"},"canonical":"https:\/\/evertonfc.cz\/index.php\/2024\/02\/21\/everton-w-west-ham-w-20\/","og_locale":"cs_CZ","og_type":"article","og_title":"Everton W - West Ham W: 2:0 - Official Czech &amp; Slovak Everton Supporters&#039; Club","og_description":"N\u00e1v\u0161t\u011bva p\u0159\u00edm\u00fdch konkurent\u016f v boji o sestupov\u00e9 pozice byla o\u010dek\u00e1v\u00e1na s nap\u011bt\u00edm. Zaprv\u00e9 p\u0159\u00edm\u00e9 konkurenty je dobr\u00e9 por\u00e1\u017eet, zadruh\u00e9 v leto\u0161n\u00ed sez\u00f3n\u011b Walton Hall Park je\u0161t\u011b nepoznal chu\u0165 v\u00edt\u011bzstv\u00ed dom\u00e1c\u00edch. Oboje na\u0161t\u011bst\u00ed klaplo.","og_url":"https:\/\/evertonfc.cz\/index.php\/2024\/02\/21\/everton-w-west-ham-w-20\/","og_site_name":"Official Czech &amp; Slovak Everton Supporters&#039; Club","article_publisher":"https:\/\/www.facebook.com\/everton.fans.cz.sk","article_published_time":"2024-02-21T20:16:06+00:00","article_modified_time":"2024-02-22T09:44:16+00:00","og_image":[{"width":720,"height":405,"url":"https:\/\/evertonfc.cz\/wp-content\/uploads\/2024\/02\/Galli-a-Piemonte-web-21_2_2024.jpg","type":"image\/jpeg"}],"author":"Karamela","twitter_card":"summary_large_image","twitter_misc":{"Napsal(a)":"Karamela","Odhadovan\u00e1 doba \u010dten\u00ed":"4 minuty"},"schema":{"@context":"https:\/\/schema.org","@graph":[{"@type":"Article","@id":"https:\/\/evertonfc.cz\/index.php\/2024\/02\/21\/everton-w-west-ham-w-20\/#article","isPartOf":{"@id":"https:\/\/evertonfc.cz\/index.php\/2024\/02\/21\/everton-w-west-ham-w-20\/"},"author":{"name":"Karamela","@id":"https:\/\/evertonfc.cz\/#\/schema\/person\/e9a24a80a32efa1344dd2c4e5882185c"},"headline":"Everton W &#8211; West Ham W: 2:0","datePublished":"2024-02-21T20:16:06+00:00","dateModified":"2024-02-22T09:44:16+00:00","mainEntityOfPage":{"@id":"https:\/\/evertonfc.cz\/index.php\/2024\/02\/21\/everton-w-west-ham-w-20\/"},"wordCount":831,"commentCount":0,"publisher":{"@id":"https:\/\/evertonfc.cz\/#organization"},"image":{"@id":"https:\/\/evertonfc.cz\/index.php\/2024\/02\/21\/everton-w-west-ham-w-20\/#primaryimage"},"thumbnailUrl":"https:\/\/evertonfc.cz\/wp-content\/uploads\/2024\/02\/Galli-a-Piemonte-web-21_2_2024.jpg","articleSection":["Everton Women"],"inLanguage":"cs","potentialAction":[{"@type":"CommentAction","name":"Comment","target":["https:\/\/evertonfc.cz\/index.php\/2024\/02\/21\/everton-w-west-ham-w-20\/#respond"]}]},{"@type":"WebPage","@id":"https:\/\/evertonfc.cz\/index.php\/2024\/02\/21\/everton-w-west-ham-w-20\/","url":"https:\/\/evertonfc.cz\/index.php\/2024\/02\/21\/everton-w-west-ham-w-20\/","name":"Everton W - West Ham W: 2:0 - Official Czech &amp; Slovak Everton Supporters&#039; Club","isPartOf":{"@id":"https:\/\/evertonfc.cz\/#website"},"primaryImageOfPage":{"@id":"https:\/\/evertonfc.cz\/index.php\/2024\/02\/21\/everton-w-west-ham-w-20\/#primaryimage"},"image":{"@id":"https:\/\/evertonfc.cz\/index.php\/2024\/02\/21\/everton-w-west-ham-w-20\/#primaryimage"},"thumbnailUrl":"https:\/\/evertonfc.cz\/wp-content\/uploads\/2024\/02\/Galli-a-Piemonte-web-21_2_2024.jpg","datePublished":"2024-02-21T20:16:06+00:00","dateModified":"2024-02-22T09:44:16+00:00","breadcrumb":{"@id":"https:\/\/evertonfc.cz\/index.php\/2024\/02\/21\/everton-w-west-ham-w-20\/#breadcrumb"},"inLanguage":"cs","potentialAction":[{"@type":"ReadAction","target":["https:\/\/evertonfc.cz\/index.php\/2024\/02\/21\/everton-w-west-ham-w-20\/"]}]},{"@type":"ImageObject","inLanguage":"cs","@id":"https:\/\/evertonfc.cz\/index.php\/2024\/02\/21\/everton-w-west-ham-w-20\/#primaryimage","url":"https:\/\/evertonfc.cz\/wp-content\/uploads\/2024\/02\/Galli-a-Piemonte-web-21_2_2024.jpg","contentUrl":"https:\/\/evertonfc.cz\/wp-content\/uploads\/2024\/02\/Galli-a-Piemonte-web-21_2_2024.jpg","width":720,"height":405},{"@type":"BreadcrumbList","@id":"https:\/\/evertonfc.cz\/index.php\/2024\/02\/21\/everton-w-west-ham-w-20\/#breadcrumb","itemListElement":[{"@type":"ListItem","position":1,"name":"Home","item":"https:\/\/evertonfc.cz\/"},{"@type":"ListItem","position":2,"name":"Everton W &#8211; West Ham W: 2:0"}]},{"@type":"WebSite","@id":"https:\/\/evertonfc.cz\/#website","url":"https:\/\/evertonfc.cz\/","name":"Official Czech &amp; Slovak Everton Supporters&#039; Club","description":"","publisher":{"@id":"https:\/\/evertonfc.cz\/#organization"},"potentialAction":[{"@type":"SearchAction","target":{"@type":"EntryPoint","urlTemplate":"https:\/\/evertonfc.cz\/?s={search_term_string}"},"query-input":{"@type":"PropertyValueSpecification","valueRequired":true,"valueName":"search_term_string"}}],"inLanguage":"cs"},{"@type":"Organization","@id":"https:\/\/evertonfc.cz\/#organization","name":"Official Czech & Slovak Everton Supporters' Club","url":"https:\/\/evertonfc.cz\/","logo":{"@type":"ImageObject","inLanguage":"cs","@id":"https:\/\/evertonfc.cz\/#\/schema\/logo\/image\/","url":"https:\/\/evertonfc.cz\/wp-content\/uploads\/2019\/05\/logo.png","contentUrl":"https:\/\/evertonfc.cz\/wp-content\/uploads\/2019\/05\/logo.png","width":112,"height":112,"caption":"Official Czech & Slovak Everton Supporters' Club"},"image":{"@id":"https:\/\/evertonfc.cz\/#\/schema\/logo\/image\/"},"sameAs":["https:\/\/www.facebook.com\/everton.fans.cz.sk"]},{"@type":"Person","@id":"https:\/\/evertonfc.cz\/#\/schema\/person\/e9a24a80a32efa1344dd2c4e5882185c","name":"Karamela","url":"https:\/\/evertonfc.cz\/index.php\/author\/karamela\/"}]}},"_links":{"self":[{"href":"https:\/\/evertonfc.cz\/index.php\/wp-json\/wp\/v2\/posts\/23998"}],"collection":[{"href":"https:\/\/evertonfc.cz\/index.php\/wp-json\/wp\/v2\/posts"}],"about":[{"href":"https:\/\/evertonfc.cz\/index.php\/wp-json\/wp\/v2\/types\/post"}],"author":[{"embeddable":true,"href":"https:\/\/evertonfc.cz\/index.php\/wp-json\/wp\/v2\/users\/26"}],"replies":[{"embeddable":true,"href":"https:\/\/evertonfc.cz\/index.php\/wp-json\/wp\/v2\/comments?post=23998"}],"version-history":[{"count":9,"href":"https:\/\/evertonfc.cz\/index.php\/wp-json\/wp\/v2\/posts\/23998\/revisions"}],"predecessor-version":[{"id":24018,"href":"https:\/\/evertonfc.cz\/index.php\/wp-json\/wp\/v2\/posts\/23998\/revisions\/24018"}],"wp:featuredmedia":[{"embeddable":true,"href":"https:\/\/evertonfc.cz\/index.php\/wp-json\/wp\/v2\/media\/24014"}],"wp:attachment":[{"href":"https:\/\/evertonfc.cz\/index.php\/wp-json\/wp\/v2\/media?parent=23998"}],"wp:term":[{"taxonomy":"category","embeddable":true,"href":"https:\/\/evertonfc.cz\/index.php\/wp-json\/wp\/v2\/categories?post=23998"},{"taxonomy":"post_tag","embeddable":true,"href":"https:\/\/evertonfc.cz\/index.php\/wp-json\/wp\/v2\/tags?post=23998"}],"curies":[{"name":"wp","href":"https:\/\/api.w.org\/{rel}","templated":true}]}}