{"id":24021,"date":"2024-02-24T12:28:15","date_gmt":"2024-02-24T11:28:15","guid":{"rendered":"https:\/\/evertonfc.cz\/?p=24021"},"modified":"2024-02-24T15:57:30","modified_gmt":"2024-02-24T14:57:30","slug":"preview-brighton-hove-albion-everton-5","status":"publish","type":"post","link":"https:\/\/evertonfc.cz\/index.php\/2024\/02\/24\/preview-brighton-hove-albion-everton-5\/","title":{"rendered":"Preview: Brighton &#038; Hove Albion &#8211; Everton"},"content":{"rendered":"<h4>Everton se po tragick\u00e9m v\u00fdkonu proti Crystal Palace vrac\u00ed na m\u00edsto sv\u00e9ho nejpoda\u0159en\u011bj\u0161\u00edho v\u00fdkonu v minul\u00e9 sez\u00f3n\u011b.\u00a0Tehdy tam Karamelk\u00e1m spadlo v\u0161e, co \u0161lo nad br\u00e1nu.<\/h4>\n<p>Tak skv\u011bl\u00fd v\u00fdkon fandov\u00e9 klubu ani nepo\u017eaduj\u00ed, ale v\u00fdrazn\u011b lep\u0161\u00ed v\u00fdkon oproti pond\u011bln\u00ed truchloh\u0159e ano. V lo\u0148sk\u00fdch v\u00fd\u0161k\u00e1ch u\u017e Racci nel\u00e9taj\u00ed, ale sedm\u00e1 pozice je st\u00e1le solidn\u00ed um\u00edst\u011bn\u00ed. V Evropsk\u00e9 lize postoupili do osmifin\u00e1le, jejich soupe\u0159em bude p\u016fvodn\u00ed t\u00fdm z v\u011b\u010dn\u00e9ho m\u011bsta. Jejich aktu\u00e1ln\u00ed forma je ale jako na houpa\u010dce, ned\u00e1vno vyfasovali \u010dty\u0159brankov\u00fd debakl v Lutonu, ale minul\u00fd t\u00fdden zase dali popul\u00e1rn\u00edho b\u016fra na h\u0159i\u0161ti Sheffieldu United. V sou\u010dasnosti dr\u017e\u00ed titul rem\u00edzov\u00e9ho kr\u00e1le ligy.<\/p>\n<p>Everton si tuhle m\u00f3du osvojil v posledn\u00ed dob\u011b taky. Krom\u011b o\u010dek\u00e1van\u00e9 prohry na h\u0159i\u0161ti mistra neprohr\u00e1l v posledn\u00ed dob\u011b s t\u00fdmy Tottenhamu, Aston Villy a Fulhamu. Pond\u011bln\u00ed (a nejnov\u011bj\u0161\u00ed) z\u00e1pas m\u011bl jedinou v\u00fdhodu &#8211; neprohr\u00e1lo se. Klub\u00a0 st\u00e1le tla\u010d\u00ed bota v \u00fatoku. Sk\u00f3re celkem jasn\u011b ukazuje, co b\u00fdval\u00e9mu stoperovi Dychemu jde. Je to nep\u0159ekvapiv\u011b obrana, pouh\u00fdch 33 inkasovan\u00fdch branek znamen\u00e1 d\u011blen\u00e9 \u010dtvrt\u00e9 m\u00edsto v t\u00e9to kategorii spolu s Aston Villou. Jen\u017ee ta vs\u00edtila dvaapades\u00e1tkr\u00e1t a nyn\u00ed by se kvalifikovala ze \u010dtvrt\u00e9 pozice do Ligy mistr\u016f. Everton prohnal m\u00ed\u010d goalem pouze 27x,\u00a0 jde o t\u0159et\u00ed nejhor\u0161\u00ed \u00fatok sout\u011b\u017ee, m\u00e9n\u011b produktivn\u00ed jsou pouze dva nejhor\u0161\u00ed t\u00fdmy ligy &#8211; tedy Burnley a Sheffield United. Karamelky kv\u016fli bodov\u00e9mu odpo\u010dtu hraj\u00ed o z\u00e1chranu, moment\u00e1ln\u011b by na sk\u00f3re nesestupovaly, ale nejv\u011bt\u0161\u00ed konkurent v boji o z\u00e1chranu, Luton, m\u00e1 je\u0161t\u011b odlo\u017een\u00fd z\u00e1pas v Bournemouthu.<\/p>\n<p>Zdravotn\u00ed stav hr\u00e1\u010d\u016f by se dal kvalifikovat jako &#8222;beze zm\u011bny&#8220;. Chyb\u011bt st\u00e1le bude trojice Alli, Danjuma, Gomes. Leh\u010d\u00ed zran\u011bn\u00ed si proti Crystal Palace p\u0159ivodil Mykolenko, ale m\u011bl by b\u00fdt v po\u0159\u00e1dku, po nemoci se uzdravil i Coleman a bude tedy k dispozici. Brightonu jist\u011b budou hyb\u011bt Hinshelwood, Joao Pedro, March a Milner, nejist\u00fd je \u00fa\u010dast Mitomy, kter\u00fd laboruje s probl\u00e9m v oblasti zad. K z\u00e1pasu bude naopak p\u0159ipraven\u00fd nastoupit dlouhodob\u00fd marod Enciso, kter\u00fd vyl\u00e9\u010dil koleno.<\/p>\n<p><strong>Co:\u00a0<\/strong>Brighton &amp; Hove Albion &#8211; Everton FC, 26. kolo Premier League<br \/>\n<strong>Kdy:\u00a0<\/strong>24. 2. 2024 od 16:00<br \/>\n<strong>Kde:<\/strong> Falmer Stadium &#8211; Village Way, Brighton, BN1 9BL (kapacita: 31 876)<br \/>\n<strong>TV:\u00a0<\/strong>P\u0159\u00edm\u00fd p\u0159enos na stanici Canal+ Sport 5, komentuje Ond\u0159ej L\u00edpa<br \/>\n<strong>Rozhod\u010d\u00ed:\u00a0<\/strong>Tony Harrington &#8211; Richard West, Scott Ledger\u00a0 <strong>\u010ctvrt\u00fd rozhod\u010d\u00ed:\u00a0<\/strong>Dean Whitestone<br \/>\n<strong>Videorozhod\u010d\u00ed:\u00a0<\/strong>David Coote\u00a0 <strong>Asistentka videorozhod\u010d\u00edho:\u00a0<\/strong>Natalie Aspinallov\u00e1<\/p>\n","protected":false},"excerpt":{"rendered":"<p>Je \u010das na omluvu dobr\u00fdm v\u00fdkonem. Everton se po tragick\u00e9m v\u00fdkonu proti Crystal Palace vrac\u00ed na m\u00edsto sv\u00e9ho nejpoda\u0159en\u011bj\u0161\u00edho v\u00fdkonu v minul\u00e9 sez\u00f3n\u011b.\u00a0Tehdy tam Karamelk\u00e1m spadlo v\u0161e, co \u0161lo na br\u00e1nu.<\/p>\n","protected":false},"author":12,"featured_media":14932,"comment_status":"open","ping_status":"closed","sticky":false,"template":"","format":"standard","meta":{"_eb_attr":"","_monsterinsights_skip_tracking":false,"_monsterinsights_sitenote_active":false,"_monsterinsights_sitenote_note":"","_monsterinsights_sitenote_category":0,"footnotes":""},"categories":[4],"tags":[],"yoast_head":"<!-- This site is optimized with the Yoast SEO plugin v23.4 - https:\/\/yoast.com\/wordpress\/plugins\/seo\/ -->\n<title>Preview: Brighton &amp; Hove Albion - Everton - Official Czech &amp; Slovak Everton Supporters&#039; Club<\/title>\n<meta name=\"description\" content=\"Je \u010das na omluvu dobr\u00fdm v\u00fdkonem.\" \/>\n<meta name=\"robots\" content=\"index, follow, max-snippet:-1, max-image-preview:large, max-video-preview:-1\" \/>\n<link rel=\"canonical\" href=\"https:\/\/evertonfc.cz\/index.php\/2024\/02\/24\/preview-brighton-hove-albion-everton-5\/\" \/>\n<meta property=\"og:locale\" content=\"cs_CZ\" \/>\n<meta property=\"og:type\" content=\"article\" \/>\n<meta property=\"og:title\" content=\"Preview: Brighton &amp; Hove Albion - Everton - Official Czech &amp; Slovak Everton Supporters&#039; Club\" \/>\n<meta property=\"og:description\" content=\"Je \u010das na omluvu dobr\u00fdm v\u00fdkonem.\" \/>\n<meta property=\"og:url\" content=\"https:\/\/evertonfc.cz\/index.php\/2024\/02\/24\/preview-brighton-hove-albion-everton-5\/\" \/>\n<meta property=\"og:site_name\" content=\"Official Czech &amp; Slovak Everton Supporters&#039; Club\" \/>\n<meta property=\"article:publisher\" content=\"https:\/\/www.facebook.com\/everton.fans.cz.sk\" \/>\n<meta property=\"article:published_time\" content=\"2024-02-24T11:28:15+00:00\" \/>\n<meta property=\"article:modified_time\" content=\"2024-02-24T14:57:30+00:00\" \/>\n<meta property=\"og:image\" content=\"https:\/\/evertonfc.cz\/wp-content\/uploads\/2021\/04\/Brighton-and-Hove-Albion-VS-Everton.jpg\" \/>\n\t<meta property=\"og:image:width\" content=\"720\" \/>\n\t<meta property=\"og:image:height\" content=\"405\" \/>\n\t<meta property=\"og:image:type\" content=\"image\/jpeg\" \/>\n<meta name=\"author\" content=\"Javor\" \/>\n<meta name=\"twitter:card\" content=\"summary_large_image\" \/>\n<meta name=\"twitter:creator\" content=\"@LoudinJan\" \/>\n<meta name=\"twitter:label1\" content=\"Napsal(a)\" \/>\n\t<meta name=\"twitter:data1\" content=\"Javor\" \/>\n\t<meta name=\"twitter:label2\" content=\"Odhadovan\u00e1 doba \u010dten\u00ed\" \/>\n\t<meta name=\"twitter:data2\" content=\"3 minuty\" \/>\n<script type=\"application\/ld+json\" class=\"yoast-schema-graph\">{\"@context\":\"https:\/\/schema.org\",\"@graph\":[{\"@type\":\"Article\",\"@id\":\"https:\/\/evertonfc.cz\/index.php\/2024\/02\/24\/preview-brighton-hove-albion-everton-5\/#article\",\"isPartOf\":{\"@id\":\"https:\/\/evertonfc.cz\/index.php\/2024\/02\/24\/preview-brighton-hove-albion-everton-5\/\"},\"author\":{\"name\":\"Javor\",\"@id\":\"https:\/\/evertonfc.cz\/#\/schema\/person\/b30daf6a5852f4811f8207a17ec1bf78\"},\"headline\":\"Preview: Brighton &#038; Hove Albion &#8211; Everton\",\"datePublished\":\"2024-02-24T11:28:15+00:00\",\"dateModified\":\"2024-02-24T14:57:30+00:00\",\"mainEntityOfPage\":{\"@id\":\"https:\/\/evertonfc.cz\/index.php\/2024\/02\/24\/preview-brighton-hove-albion-everton-5\/\"},\"wordCount\":477,\"commentCount\":9,\"publisher\":{\"@id\":\"https:\/\/evertonfc.cz\/#organization\"},\"image\":{\"@id\":\"https:\/\/evertonfc.cz\/index.php\/2024\/02\/24\/preview-brighton-hove-albion-everton-5\/#primaryimage\"},\"thumbnailUrl\":\"https:\/\/evertonfc.cz\/wp-content\/uploads\/2021\/04\/Brighton-and-Hove-Albion-VS-Everton.jpg\",\"articleSection\":[\"Z\u00e1pasy\"],\"inLanguage\":\"cs\",\"potentialAction\":[{\"@type\":\"CommentAction\",\"name\":\"Comment\",\"target\":[\"https:\/\/evertonfc.cz\/index.php\/2024\/02\/24\/preview-brighton-hove-albion-everton-5\/#respond\"]}]},{\"@type\":\"WebPage\",\"@id\":\"https:\/\/evertonfc.cz\/index.php\/2024\/02\/24\/preview-brighton-hove-albion-everton-5\/\",\"url\":\"https:\/\/evertonfc.cz\/index.php\/2024\/02\/24\/preview-brighton-hove-albion-everton-5\/\",\"name\":\"Preview: Brighton & Hove Albion - Everton - Official Czech &amp; Slovak Everton Supporters&#039; Club\",\"isPartOf\":{\"@id\":\"https:\/\/evertonfc.cz\/#website\"},\"primaryImageOfPage\":{\"@id\":\"https:\/\/evertonfc.cz\/index.php\/2024\/02\/24\/preview-brighton-hove-albion-everton-5\/#primaryimage\"},\"image\":{\"@id\":\"https:\/\/evertonfc.cz\/index.php\/2024\/02\/24\/preview-brighton-hove-albion-everton-5\/#primaryimage\"},\"thumbnailUrl\":\"https:\/\/evertonfc.cz\/wp-content\/uploads\/2021\/04\/Brighton-and-Hove-Albion-VS-Everton.jpg\",\"datePublished\":\"2024-02-24T11:28:15+00:00\",\"dateModified\":\"2024-02-24T14:57:30+00:00\",\"description\":\"Je \u010das na omluvu dobr\u00fdm v\u00fdkonem.\",\"breadcrumb\":{\"@id\":\"https:\/\/evertonfc.cz\/index.php\/2024\/02\/24\/preview-brighton-hove-albion-everton-5\/#breadcrumb\"},\"inLanguage\":\"cs\",\"potentialAction\":[{\"@type\":\"ReadAction\",\"target\":[\"https:\/\/evertonfc.cz\/index.php\/2024\/02\/24\/preview-brighton-hove-albion-everton-5\/\"]}]},{\"@type\":\"ImageObject\",\"inLanguage\":\"cs\",\"@id\":\"https:\/\/evertonfc.cz\/index.php\/2024\/02\/24\/preview-brighton-hove-albion-everton-5\/#primaryimage\",\"url\":\"https:\/\/evertonfc.cz\/wp-content\/uploads\/2021\/04\/Brighton-and-Hove-Albion-VS-Everton.jpg\",\"contentUrl\":\"https:\/\/evertonfc.cz\/wp-content\/uploads\/2021\/04\/Brighton-and-Hove-Albion-VS-Everton.jpg\",\"width\":720,\"height\":405},{\"@type\":\"BreadcrumbList\",\"@id\":\"https:\/\/evertonfc.cz\/index.php\/2024\/02\/24\/preview-brighton-hove-albion-everton-5\/#breadcrumb\",\"itemListElement\":[{\"@type\":\"ListItem\",\"position\":1,\"name\":\"Home\",\"item\":\"https:\/\/evertonfc.cz\/\"},{\"@type\":\"ListItem\",\"position\":2,\"name\":\"Preview: Brighton &#038; Hove Albion &#8211; Everton\"}]},{\"@type\":\"WebSite\",\"@id\":\"https:\/\/evertonfc.cz\/#website\",\"url\":\"https:\/\/evertonfc.cz\/\",\"name\":\"Official Czech &amp; Slovak Everton Supporters&#039; Club\",\"description\":\"\",\"publisher\":{\"@id\":\"https:\/\/evertonfc.cz\/#organization\"},\"potentialAction\":[{\"@type\":\"SearchAction\",\"target\":{\"@type\":\"EntryPoint\",\"urlTemplate\":\"https:\/\/evertonfc.cz\/?s={search_term_string}\"},\"query-input\":{\"@type\":\"PropertyValueSpecification\",\"valueRequired\":true,\"valueName\":\"search_term_string\"}}],\"inLanguage\":\"cs\"},{\"@type\":\"Organization\",\"@id\":\"https:\/\/evertonfc.cz\/#organization\",\"name\":\"Official Czech & Slovak Everton Supporters' Club\",\"url\":\"https:\/\/evertonfc.cz\/\",\"logo\":{\"@type\":\"ImageObject\",\"inLanguage\":\"cs\",\"@id\":\"https:\/\/evertonfc.cz\/#\/schema\/logo\/image\/\",\"url\":\"https:\/\/evertonfc.cz\/wp-content\/uploads\/2019\/05\/logo.png\",\"contentUrl\":\"https:\/\/evertonfc.cz\/wp-content\/uploads\/2019\/05\/logo.png\",\"width\":112,\"height\":112,\"caption\":\"Official Czech & Slovak Everton Supporters' Club\"},\"image\":{\"@id\":\"https:\/\/evertonfc.cz\/#\/schema\/logo\/image\/\"},\"sameAs\":[\"https:\/\/www.facebook.com\/everton.fans.cz.sk\"]},{\"@type\":\"Person\",\"@id\":\"https:\/\/evertonfc.cz\/#\/schema\/person\/b30daf6a5852f4811f8207a17ec1bf78\",\"name\":\"Javor\",\"sameAs\":[\"https:\/\/x.com\/LoudinJan\"],\"url\":\"https:\/\/evertonfc.cz\/index.php\/author\/javor\/\"}]}<\/script>\n<!-- \/ Yoast SEO plugin. -->","yoast_head_json":{"title":"Preview: Brighton & Hove Albion - Everton - Official Czech &amp; Slovak Everton Supporters&#039; Club","description":"Je \u010das na omluvu dobr\u00fdm v\u00fdkonem.","robots":{"index":"index","follow":"follow","max-snippet":"max-snippet:-1","max-image-preview":"max-image-preview:large","max-video-preview":"max-video-preview:-1"},"canonical":"https:\/\/evertonfc.cz\/index.php\/2024\/02\/24\/preview-brighton-hove-albion-everton-5\/","og_locale":"cs_CZ","og_type":"article","og_title":"Preview: Brighton & Hove Albion - Everton - Official Czech &amp; Slovak Everton Supporters&#039; Club","og_description":"Je \u010das na omluvu dobr\u00fdm v\u00fdkonem.","og_url":"https:\/\/evertonfc.cz\/index.php\/2024\/02\/24\/preview-brighton-hove-albion-everton-5\/","og_site_name":"Official Czech &amp; Slovak Everton Supporters&#039; Club","article_publisher":"https:\/\/www.facebook.com\/everton.fans.cz.sk","article_published_time":"2024-02-24T11:28:15+00:00","article_modified_time":"2024-02-24T14:57:30+00:00","og_image":[{"width":720,"height":405,"url":"https:\/\/evertonfc.cz\/wp-content\/uploads\/2021\/04\/Brighton-and-Hove-Albion-VS-Everton.jpg","type":"image\/jpeg"}],"author":"Javor","twitter_card":"summary_large_image","twitter_creator":"@LoudinJan","twitter_misc":{"Napsal(a)":"Javor","Odhadovan\u00e1 doba \u010dten\u00ed":"3 minuty"},"schema":{"@context":"https:\/\/schema.org","@graph":[{"@type":"Article","@id":"https:\/\/evertonfc.cz\/index.php\/2024\/02\/24\/preview-brighton-hove-albion-everton-5\/#article","isPartOf":{"@id":"https:\/\/evertonfc.cz\/index.php\/2024\/02\/24\/preview-brighton-hove-albion-everton-5\/"},"author":{"name":"Javor","@id":"https:\/\/evertonfc.cz\/#\/schema\/person\/b30daf6a5852f4811f8207a17ec1bf78"},"headline":"Preview: Brighton &#038; Hove Albion &#8211; Everton","datePublished":"2024-02-24T11:28:15+00:00","dateModified":"2024-02-24T14:57:30+00:00","mainEntityOfPage":{"@id":"https:\/\/evertonfc.cz\/index.php\/2024\/02\/24\/preview-brighton-hove-albion-everton-5\/"},"wordCount":477,"commentCount":9,"publisher":{"@id":"https:\/\/evertonfc.cz\/#organization"},"image":{"@id":"https:\/\/evertonfc.cz\/index.php\/2024\/02\/24\/preview-brighton-hove-albion-everton-5\/#primaryimage"},"thumbnailUrl":"https:\/\/evertonfc.cz\/wp-content\/uploads\/2021\/04\/Brighton-and-Hove-Albion-VS-Everton.jpg","articleSection":["Z\u00e1pasy"],"inLanguage":"cs","potentialAction":[{"@type":"CommentAction","name":"Comment","target":["https:\/\/evertonfc.cz\/index.php\/2024\/02\/24\/preview-brighton-hove-albion-everton-5\/#respond"]}]},{"@type":"WebPage","@id":"https:\/\/evertonfc.cz\/index.php\/2024\/02\/24\/preview-brighton-hove-albion-everton-5\/","url":"https:\/\/evertonfc.cz\/index.php\/2024\/02\/24\/preview-brighton-hove-albion-everton-5\/","name":"Preview: Brighton & Hove Albion - Everton - Official Czech &amp; Slovak Everton Supporters&#039; Club","isPartOf":{"@id":"https:\/\/evertonfc.cz\/#website"},"primaryImageOfPage":{"@id":"https:\/\/evertonfc.cz\/index.php\/2024\/02\/24\/preview-brighton-hove-albion-everton-5\/#primaryimage"},"image":{"@id":"https:\/\/evertonfc.cz\/index.php\/2024\/02\/24\/preview-brighton-hove-albion-everton-5\/#primaryimage"},"thumbnailUrl":"https:\/\/evertonfc.cz\/wp-content\/uploads\/2021\/04\/Brighton-and-Hove-Albion-VS-Everton.jpg","datePublished":"2024-02-24T11:28:15+00:00","dateModified":"2024-02-24T14:57:30+00:00","description":"Je \u010das na omluvu dobr\u00fdm v\u00fdkonem.","breadcrumb":{"@id":"https:\/\/evertonfc.cz\/index.php\/2024\/02\/24\/preview-brighton-hove-albion-everton-5\/#breadcrumb"},"inLanguage":"cs","potentialAction":[{"@type":"ReadAction","target":["https:\/\/evertonfc.cz\/index.php\/2024\/02\/24\/preview-brighton-hove-albion-everton-5\/"]}]},{"@type":"ImageObject","inLanguage":"cs","@id":"https:\/\/evertonfc.cz\/index.php\/2024\/02\/24\/preview-brighton-hove-albion-everton-5\/#primaryimage","url":"https:\/\/evertonfc.cz\/wp-content\/uploads\/2021\/04\/Brighton-and-Hove-Albion-VS-Everton.jpg","contentUrl":"https:\/\/evertonfc.cz\/wp-content\/uploads\/2021\/04\/Brighton-and-Hove-Albion-VS-Everton.jpg","width":720,"height":405},{"@type":"BreadcrumbList","@id":"https:\/\/evertonfc.cz\/index.php\/2024\/02\/24\/preview-brighton-hove-albion-everton-5\/#breadcrumb","itemListElement":[{"@type":"ListItem","position":1,"name":"Home","item":"https:\/\/evertonfc.cz\/"},{"@type":"ListItem","position":2,"name":"Preview: Brighton &#038; Hove Albion &#8211; Everton"}]},{"@type":"WebSite","@id":"https:\/\/evertonfc.cz\/#website","url":"https:\/\/evertonfc.cz\/","name":"Official Czech &amp; Slovak Everton Supporters&#039; Club","description":"","publisher":{"@id":"https:\/\/evertonfc.cz\/#organization"},"potentialAction":[{"@type":"SearchAction","target":{"@type":"EntryPoint","urlTemplate":"https:\/\/evertonfc.cz\/?s={search_term_string}"},"query-input":{"@type":"PropertyValueSpecification","valueRequired":true,"valueName":"search_term_string"}}],"inLanguage":"cs"},{"@type":"Organization","@id":"https:\/\/evertonfc.cz\/#organization","name":"Official Czech & Slovak Everton Supporters' Club","url":"https:\/\/evertonfc.cz\/","logo":{"@type":"ImageObject","inLanguage":"cs","@id":"https:\/\/evertonfc.cz\/#\/schema\/logo\/image\/","url":"https:\/\/evertonfc.cz\/wp-content\/uploads\/2019\/05\/logo.png","contentUrl":"https:\/\/evertonfc.cz\/wp-content\/uploads\/2019\/05\/logo.png","width":112,"height":112,"caption":"Official Czech & Slovak Everton Supporters' Club"},"image":{"@id":"https:\/\/evertonfc.cz\/#\/schema\/logo\/image\/"},"sameAs":["https:\/\/www.facebook.com\/everton.fans.cz.sk"]},{"@type":"Person","@id":"https:\/\/evertonfc.cz\/#\/schema\/person\/b30daf6a5852f4811f8207a17ec1bf78","name":"Javor","sameAs":["https:\/\/x.com\/LoudinJan"],"url":"https:\/\/evertonfc.cz\/index.php\/author\/javor\/"}]}},"_links":{"self":[{"href":"https:\/\/evertonfc.cz\/index.php\/wp-json\/wp\/v2\/posts\/24021"}],"collection":[{"href":"https:\/\/evertonfc.cz\/index.php\/wp-json\/wp\/v2\/posts"}],"about":[{"href":"https:\/\/evertonfc.cz\/index.php\/wp-json\/wp\/v2\/types\/post"}],"author":[{"embeddable":true,"href":"https:\/\/evertonfc.cz\/index.php\/wp-json\/wp\/v2\/users\/12"}],"replies":[{"embeddable":true,"href":"https:\/\/evertonfc.cz\/index.php\/wp-json\/wp\/v2\/comments?post=24021"}],"version-history":[{"count":8,"href":"https:\/\/evertonfc.cz\/index.php\/wp-json\/wp\/v2\/posts\/24021\/revisions"}],"predecessor-version":[{"id":24029,"href":"https:\/\/evertonfc.cz\/index.php\/wp-json\/wp\/v2\/posts\/24021\/revisions\/24029"}],"wp:featuredmedia":[{"embeddable":true,"href":"https:\/\/evertonfc.cz\/index.php\/wp-json\/wp\/v2\/media\/14932"}],"wp:attachment":[{"href":"https:\/\/evertonfc.cz\/index.php\/wp-json\/wp\/v2\/media?parent=24021"}],"wp:term":[{"taxonomy":"category","embeddable":true,"href":"https:\/\/evertonfc.cz\/index.php\/wp-json\/wp\/v2\/categories?post=24021"},{"taxonomy":"post_tag","embeddable":true,"href":"https:\/\/evertonfc.cz\/index.php\/wp-json\/wp\/v2\/tags?post=24021"}],"curies":[{"name":"wp","href":"https:\/\/api.w.org\/{rel}","templated":true}]}}