{"id":24053,"date":"2024-03-02T13:22:49","date_gmt":"2024-03-02T12:22:49","guid":{"rendered":"https:\/\/evertonfc.cz\/?p=24053"},"modified":"2024-03-02T14:24:51","modified_gmt":"2024-03-02T13:24:51","slug":"preview-everton-west-ham-united-10-2","status":"publish","type":"post","link":"https:\/\/evertonfc.cz\/index.php\/2024\/03\/02\/preview-everton-west-ham-united-10-2\/","title":{"rendered":"Preview: Everton &#8211; West Ham United"},"content":{"rendered":"<h4>Bylo by kr\u00e1sn\u00e9 v\u00a0jednom t\u00fddnu nabrat 7 bod\u016f. Pot\u0159ebujeme body ber kde ber, proto\u017ee n\u00e1s ne\u010dek\u00e1 v\u00a0nejbli\u017e\u0161\u00edch m\u011bs\u00edc\u00edch \u017e\u00e1dn\u00e1 z\u00edva\u010dka. Taky proto, \u017ee n\u00e1m zase n\u011bjak\u00e9 body jednoho dne m\u016f\u017eou zmiznout.<\/h4>\n<p>Jedno z\u00a0\u0159ady rozhodnut\u00ed, na kter\u00e9 v\u0161ichni Evertonians netrp\u011bliv\u011b \u010dekali, m\u00e1me za sebou. 4 body jsou lep\u0161\u00ed ne\u017e dr\u00e1tem do oka, ale \u0159eknu v\u00e1m, moc klidu mi to nep\u0159idalo. Vypad\u00e1 to, \u017ee komise m\u016f\u017ee ude\u0159it kdykoliv.<\/p>\n<p>Na Goodison Park doraz\u00ed West Ham. Ten m\u00e1 sv\u00e9 vlastn\u00ed \u201eprobl\u00e9my\u201c. Podle v\u011bt\u0161iny Kladiv\u00e1\u0159\u016f (opravdu n\u011bkdy existovala takov\u00e1 \u0159emeslnick\u00e1 specializace?) d\u011bl\u00ed od v\u011bt\u0161\u00edho \u00fasp\u011bchu klubu mana\u017eer David Moyes. Hern\u00ed styl nen\u00ed dost sexy, body to p\u0159in\u00e1\u0161\u00ed tak\u00e9 jak kdy, \u0159ada hr\u00e1\u010d\u016f pod n\u00edm stagnuje v\u00a0lep\u0161\u00edm p\u0159\u00edpad\u011b. V\u0161echno to zn\u00e1me, pro\u0161li jsme si t\u00edm p\u0159ed l\u00e9ty.<\/p>\n<p>Osobn\u011b m\u00e1 David Moyes st\u00e1le m\u00edsto v\u00a0m\u00e9m srdci. Byli jsme spolu p\u0159ece tak dlouho. Jasn\u011b, \u017ee n\u011bkdy to byl pre\u0161ovsk\u00fd beton. Z\u00e1pasy proti Sky 4(uf, to byly \u010dasy) garantovaly v\u00edkendovou depresi. Jist\u011b, po \u010dase to bylo jako zaseknout se s\u00a0v\u00fdtahem, ale s\u00a0pocitem, \u017ee v\u00fd\u0161 to nejede. Taky tady byla po ruce v\u00fdmluva, kdy\u017e se za p\u0159estupn\u00ed obdob\u00ed jsme si mohli dovolit jen hostov\u00e1n\u00ed Denise Stracqualursiho a Roystona Drentheho.<\/p>\n<p>Pen\u00edze byly a my je nedok\u00e1zaly u\u017e\u00edt nejl\u00e9pe, podobn\u011b ani Moyes na jejich p\u0159\u00edtomnost asi nezvykl. Na druhou stranu, m\u016f\u017ee to b\u00fdt i hor\u0161\u00ed viz n\u00e1\u0161 p\u0159\u00edb\u011bh. \u010casy se m\u011bn\u00ed a WHU m\u00e1 dobr\u00fd t\u00fdm, ale na jak\u00e9 m\u00edsto to bude v\u00a0roce 2024 re\u00e1ln\u011b sta\u010dit?<\/p>\n<h4>Kdo p\u0159ijde a kdo ne<\/h4>\n<p>Sean Dyche a t\u00fdm si mo\u017en\u00e1 oddychl, a mo\u017en\u00e1 se mu da\u0159\u00ed dr\u017eet hr\u00e1\u010de v\u00a0nev\u011bdomosti. Aby se mohli soust\u0159edit na ukon\u010den\u00ed \u0161\u0148\u016fry 9 z\u00e1pas\u016f bez v\u00fdhry. Rem\u00edzy jsou ob\u010das fajn, ale nebudeme dost\u00e1vat body zp\u011bt ka\u017ed\u00fd t\u00fdden.<\/p>\n<p>Ze zve\u0159ejn\u011bn\u00e9ho tr\u00e9ninkov\u00e9ho videa to vypad\u00e1, \u017ee Beto a DCL jsou ve form\u011b a potentn\u00ed. Av\u0161ak ka\u017ed\u00fd s\u00e1m, ne spolu. Je jedno, kdo bude d\u00e1vat g\u00f3ly. Prost\u011b to tam mus\u00ed za\u010d\u00edt padat. Osobn\u011b bych d\u00e1l v\u011b\u0159il DCL. Prost\u011b kdy\u017e m\u00e1te ve fantasy 20 z\u00e1pas\u016f n\u011bkoho jako kapit\u00e1na, a ten ned\u00e1 g\u00f3l, tak bu\u010f nech\u00e1pete pravidla nebo jste bigotn\u00ed fanatik. Pokud to nevyjde ani dnes, asi bych m\u011bl zv\u00e1\u017eit jeho propu\u0161t\u011bn\u00ed. Z m\u00e9ho t\u00fdmu, p\u0159ikovan\u00e9ho ke dnu, pochopiteln\u011b.<\/p>\n<p>Ob\u010das si v\u0161imnu, \u017ee m\u00edt dlouhodobou marodku nen\u00ed tak b\u011b\u017en\u00e9, jak jsem si myslel. Ale v Evertonu m\u00e1me v\u017edy sv\u00e1 \u017eel\u00edzka. Chyb\u011bt bude ur\u010dit\u011b Dele, ale i kdyby byl zdrav\u00fd, udr\u017e\u00edho mimo hru kletba Daniela Levyho. Nebude ani Arnaut Danjuma, ten z\u016fstane za kamny cel\u00fd b\u0159ezen vinou zran\u011bn\u00ed kotn\u00edku.<\/p>\n<p>West Ham m\u00e1 marodku po\u0159e\u0161enou, jedin\u00fd lazar je Cornet. Nejsp\u00ed\u0161 m\u011bl hovor od star\u00e9ho zn\u00e1m\u00e9ho Dyche a za\u010dal si st\u011b\u017eovat na stehenn\u00ed sval. Ob\u010dan Phillips se vrac\u00ed po vylou\u010den\u00ed a Cresswel set\u0159\u00e1sl men\u0161\u00ed bol\u00edstky na noze.<\/p>\n<p>Rozhodovat se bude o nasazen\u00ed Onany a Gany, kte\u0159\u00ed laboruj\u00ed s\u00a0t\u0159\u00edsly, na\u0161e p\u0159\u00e1n\u00ed brzk\u00e9ho uzdraven\u00ed sm\u011b\u0159uj\u00ed tak\u00e9 na Dobbin\u016fv kotn\u00edk a Gomesovo l\u00fdtko.<\/p>\n<h4>Perli\u010dky<\/h4>\n<p>Dyche v. Moyes: 5 \u2013 3 \u2013 2 Trochu m\u011b to p\u0159ekvapilo. Vztahuje se to k\u00a0Moyesovu sunderlandsk\u00e9mu, nebo tak\u00e9 westhamsk\u00e9ho obdob\u00ed. V\u00a0obr\u00e1cen\u00e9m gardu se nestihli potkat.<\/p>\n<p>9 z\u00e1pas\u016f bez v\u00fdhry, to mus\u00ed skon\u010dit. Na\u0161e nejdel\u0161\u00ed \u010dek\u00e1n\u00ed na v\u00edt\u011bzstv\u00ed v\u00a0EPL (12 z\u00e1pas\u016f) utnula v\u00fdhra 1:0 v\u00a0listopadu 1994, branku vst\u0159elil Gary Ablett. Prost\u0159elil Lu\u010fka Miklo\u0161ka v\u00a0brance The Irons.<\/p>\n<p>2. b\u0159ezna dr\u017e\u00edme \u00factyhodnou \u0161\u0148\u016frku 4 v\u00edt\u011bzstv\u00ed za sebou. V\u0161ak jsme taky naposledy tento den hr\u00e1li v roce 2013, kdy jsme si podali Reading 3:1.<\/p>\n<p>DCL se naposledy trefil 29. \u0159\u00edjna. Proti West Hamu. Celkov\u011b mu to proti The Irons jde, branku slavil 6kr\u00e1t. Kdy jindy, ne\u017e te\u010f, Dome!<\/p>\n<p>P\u0159edpov\u011b\u010f: V Liverpoolu je 5\u00b0C, pr\u0161\u00ed a bude pr\u0161et cel\u00e9 odpoledne, fouk\u00e1 m\u00edrn\u00fd, severov\u00fdchodn\u00ed v\u00edtr. Ehm, 3 body.<\/p>\n<p>Vz\u00e1jemn\u00e1 bilance: 150 75 \u2013 32 \u2013 43, v\u00a0EPL 55 29 \u2013 13 \u2013 13 Hlavn\u011b doma m\u00e1me vysokou \u00fasp\u011b\u0161nost. Mrk-mrk. COYB!<\/p>\n<p><strong>Co<\/strong>: 27. kolo Premier League<br \/>\n<strong>Kdy<\/strong>: 2. b\u0159ezna 2024, 16:00 CET<br \/>\n<strong>Kde<\/strong>: Goodison Park &#8211; Goodison Rd, Liverpool L4 4EL (kapacita:40 414)<br \/>\n<strong>TV<\/strong>: od 16:00 z\u00e1pasov\u00fd stream s\u00a0koment\u00e1\u0159em Michala Micky na Canal+ 7<br \/>\n<strong>Rozhod\u010d\u00ed<\/strong>: Craig Pawson <strong>Postrann\u00ed<\/strong>: Marc Perry, Steve Meredith <strong>\u010ctvrt\u00fd<\/strong>: Steve Martin<br \/>\n<strong>VAR<\/strong>: Tony Harrington <strong>Asistent<\/strong> <strong>VAR<\/strong>: Gary Beswick<\/p>\n","protected":false},"excerpt":{"rendered":"<p>Bylo by kr\u00e1sn\u00e9 v\u00a0jednom t\u00fddnu nabrat 7 bod\u016f. Pot\u0159ebujeme body ber kde ber, proto\u017ee n\u00e1s ne\u010dek\u00e1 v\u00a0nejbli\u017e\u0161\u00edch m\u011bs\u00edc\u00edch \u017e\u00e1dn\u00e1 z\u00edva\u010dka. Taky proto, \u017ee n\u00e1m zase n\u011bjak\u00e9 body jednoho dne m\u016f\u017eou zmiznout.<\/p>\n","protected":false},"author":10,"featured_media":13403,"comment_status":"open","ping_status":"closed","sticky":false,"template":"","format":"standard","meta":{"_eb_attr":"","_monsterinsights_skip_tracking":false,"_monsterinsights_sitenote_active":false,"_monsterinsights_sitenote_note":"","_monsterinsights_sitenote_category":0,"footnotes":""},"categories":[4],"tags":[],"yoast_head":"<!-- This site is optimized with the Yoast SEO plugin v23.4 - https:\/\/yoast.com\/wordpress\/plugins\/seo\/ -->\n<title>Preview: Everton - West Ham United - Official Czech &amp; Slovak Everton Supporters&#039; Club<\/title>\n<meta name=\"robots\" content=\"index, follow, max-snippet:-1, max-image-preview:large, max-video-preview:-1\" \/>\n<link rel=\"canonical\" href=\"https:\/\/evertonfc.cz\/index.php\/2024\/03\/02\/preview-everton-west-ham-united-10-2\/\" \/>\n<meta property=\"og:locale\" content=\"cs_CZ\" \/>\n<meta property=\"og:type\" content=\"article\" \/>\n<meta property=\"og:title\" content=\"Preview: Everton - West Ham United - Official Czech &amp; Slovak Everton Supporters&#039; Club\" \/>\n<meta property=\"og:description\" content=\"Bylo by kr\u00e1sn\u00e9 v\u00a0jednom t\u00fddnu nabrat 7 bod\u016f. Pot\u0159ebujeme body ber kde ber, proto\u017ee n\u00e1s ne\u010dek\u00e1 v\u00a0nejbli\u017e\u0161\u00edch m\u011bs\u00edc\u00edch \u017e\u00e1dn\u00e1 z\u00edva\u010dka. Taky proto, \u017ee n\u00e1m zase n\u011bjak\u00e9 body jednoho dne m\u016f\u017eou zmiznout.\" \/>\n<meta property=\"og:url\" content=\"https:\/\/evertonfc.cz\/index.php\/2024\/03\/02\/preview-everton-west-ham-united-10-2\/\" \/>\n<meta property=\"og:site_name\" content=\"Official Czech &amp; Slovak Everton Supporters&#039; Club\" \/>\n<meta property=\"article:publisher\" content=\"https:\/\/www.facebook.com\/everton.fans.cz.sk\" \/>\n<meta property=\"article:published_time\" content=\"2024-03-02T12:22:49+00:00\" \/>\n<meta property=\"article:modified_time\" content=\"2024-03-02T13:24:51+00:00\" \/>\n<meta property=\"og:image\" content=\"https:\/\/evertonfc.cz\/wp-content\/uploads\/2021\/01\/Everton-VS-West-Ham.jpg\" \/>\n\t<meta property=\"og:image:width\" content=\"720\" \/>\n\t<meta property=\"og:image:height\" content=\"405\" \/>\n\t<meta property=\"og:image:type\" content=\"image\/jpeg\" \/>\n<meta name=\"author\" content=\"Fip\" \/>\n<meta name=\"twitter:card\" content=\"summary_large_image\" \/>\n<meta name=\"twitter:label1\" content=\"Napsal(a)\" \/>\n\t<meta name=\"twitter:data1\" content=\"Fip\" \/>\n\t<meta name=\"twitter:label2\" content=\"Odhadovan\u00e1 doba \u010dten\u00ed\" \/>\n\t<meta name=\"twitter:data2\" content=\"4 minuty\" \/>\n<script type=\"application\/ld+json\" class=\"yoast-schema-graph\">{\"@context\":\"https:\/\/schema.org\",\"@graph\":[{\"@type\":\"Article\",\"@id\":\"https:\/\/evertonfc.cz\/index.php\/2024\/03\/02\/preview-everton-west-ham-united-10-2\/#article\",\"isPartOf\":{\"@id\":\"https:\/\/evertonfc.cz\/index.php\/2024\/03\/02\/preview-everton-west-ham-united-10-2\/\"},\"author\":{\"name\":\"Fip\",\"@id\":\"https:\/\/evertonfc.cz\/#\/schema\/person\/35904009755e8eaa0dc1a5f5f0419002\"},\"headline\":\"Preview: Everton &#8211; West Ham United\",\"datePublished\":\"2024-03-02T12:22:49+00:00\",\"dateModified\":\"2024-03-02T13:24:51+00:00\",\"mainEntityOfPage\":{\"@id\":\"https:\/\/evertonfc.cz\/index.php\/2024\/03\/02\/preview-everton-west-ham-united-10-2\/\"},\"wordCount\":825,\"commentCount\":3,\"publisher\":{\"@id\":\"https:\/\/evertonfc.cz\/#organization\"},\"image\":{\"@id\":\"https:\/\/evertonfc.cz\/index.php\/2024\/03\/02\/preview-everton-west-ham-united-10-2\/#primaryimage\"},\"thumbnailUrl\":\"https:\/\/evertonfc.cz\/wp-content\/uploads\/2021\/01\/Everton-VS-West-Ham.jpg\",\"articleSection\":[\"Z\u00e1pasy\"],\"inLanguage\":\"cs\",\"potentialAction\":[{\"@type\":\"CommentAction\",\"name\":\"Comment\",\"target\":[\"https:\/\/evertonfc.cz\/index.php\/2024\/03\/02\/preview-everton-west-ham-united-10-2\/#respond\"]}]},{\"@type\":\"WebPage\",\"@id\":\"https:\/\/evertonfc.cz\/index.php\/2024\/03\/02\/preview-everton-west-ham-united-10-2\/\",\"url\":\"https:\/\/evertonfc.cz\/index.php\/2024\/03\/02\/preview-everton-west-ham-united-10-2\/\",\"name\":\"Preview: Everton - West Ham United - Official Czech &amp; Slovak Everton Supporters&#039; Club\",\"isPartOf\":{\"@id\":\"https:\/\/evertonfc.cz\/#website\"},\"primaryImageOfPage\":{\"@id\":\"https:\/\/evertonfc.cz\/index.php\/2024\/03\/02\/preview-everton-west-ham-united-10-2\/#primaryimage\"},\"image\":{\"@id\":\"https:\/\/evertonfc.cz\/index.php\/2024\/03\/02\/preview-everton-west-ham-united-10-2\/#primaryimage\"},\"thumbnailUrl\":\"https:\/\/evertonfc.cz\/wp-content\/uploads\/2021\/01\/Everton-VS-West-Ham.jpg\",\"datePublished\":\"2024-03-02T12:22:49+00:00\",\"dateModified\":\"2024-03-02T13:24:51+00:00\",\"breadcrumb\":{\"@id\":\"https:\/\/evertonfc.cz\/index.php\/2024\/03\/02\/preview-everton-west-ham-united-10-2\/#breadcrumb\"},\"inLanguage\":\"cs\",\"potentialAction\":[{\"@type\":\"ReadAction\",\"target\":[\"https:\/\/evertonfc.cz\/index.php\/2024\/03\/02\/preview-everton-west-ham-united-10-2\/\"]}]},{\"@type\":\"ImageObject\",\"inLanguage\":\"cs\",\"@id\":\"https:\/\/evertonfc.cz\/index.php\/2024\/03\/02\/preview-everton-west-ham-united-10-2\/#primaryimage\",\"url\":\"https:\/\/evertonfc.cz\/wp-content\/uploads\/2021\/01\/Everton-VS-West-Ham.jpg\",\"contentUrl\":\"https:\/\/evertonfc.cz\/wp-content\/uploads\/2021\/01\/Everton-VS-West-Ham.jpg\",\"width\":720,\"height\":405},{\"@type\":\"BreadcrumbList\",\"@id\":\"https:\/\/evertonfc.cz\/index.php\/2024\/03\/02\/preview-everton-west-ham-united-10-2\/#breadcrumb\",\"itemListElement\":[{\"@type\":\"ListItem\",\"position\":1,\"name\":\"Home\",\"item\":\"https:\/\/evertonfc.cz\/\"},{\"@type\":\"ListItem\",\"position\":2,\"name\":\"Preview: Everton &#8211; West Ham United\"}]},{\"@type\":\"WebSite\",\"@id\":\"https:\/\/evertonfc.cz\/#website\",\"url\":\"https:\/\/evertonfc.cz\/\",\"name\":\"Official Czech &amp; Slovak Everton Supporters&#039; Club\",\"description\":\"\",\"publisher\":{\"@id\":\"https:\/\/evertonfc.cz\/#organization\"},\"potentialAction\":[{\"@type\":\"SearchAction\",\"target\":{\"@type\":\"EntryPoint\",\"urlTemplate\":\"https:\/\/evertonfc.cz\/?s={search_term_string}\"},\"query-input\":{\"@type\":\"PropertyValueSpecification\",\"valueRequired\":true,\"valueName\":\"search_term_string\"}}],\"inLanguage\":\"cs\"},{\"@type\":\"Organization\",\"@id\":\"https:\/\/evertonfc.cz\/#organization\",\"name\":\"Official Czech & Slovak Everton Supporters' Club\",\"url\":\"https:\/\/evertonfc.cz\/\",\"logo\":{\"@type\":\"ImageObject\",\"inLanguage\":\"cs\",\"@id\":\"https:\/\/evertonfc.cz\/#\/schema\/logo\/image\/\",\"url\":\"https:\/\/evertonfc.cz\/wp-content\/uploads\/2019\/05\/logo.png\",\"contentUrl\":\"https:\/\/evertonfc.cz\/wp-content\/uploads\/2019\/05\/logo.png\",\"width\":112,\"height\":112,\"caption\":\"Official Czech & Slovak Everton Supporters' Club\"},\"image\":{\"@id\":\"https:\/\/evertonfc.cz\/#\/schema\/logo\/image\/\"},\"sameAs\":[\"https:\/\/www.facebook.com\/everton.fans.cz.sk\"]},{\"@type\":\"Person\",\"@id\":\"https:\/\/evertonfc.cz\/#\/schema\/person\/35904009755e8eaa0dc1a5f5f0419002\",\"name\":\"Fip\",\"url\":\"https:\/\/evertonfc.cz\/index.php\/author\/fip\/\"}]}<\/script>\n<!-- \/ Yoast SEO plugin. -->","yoast_head_json":{"title":"Preview: Everton - West Ham United - Official Czech &amp; Slovak Everton Supporters&#039; Club","robots":{"index":"index","follow":"follow","max-snippet":"max-snippet:-1","max-image-preview":"max-image-preview:large","max-video-preview":"max-video-preview:-1"},"canonical":"https:\/\/evertonfc.cz\/index.php\/2024\/03\/02\/preview-everton-west-ham-united-10-2\/","og_locale":"cs_CZ","og_type":"article","og_title":"Preview: Everton - West Ham United - Official Czech &amp; Slovak Everton Supporters&#039; Club","og_description":"Bylo by kr\u00e1sn\u00e9 v\u00a0jednom t\u00fddnu nabrat 7 bod\u016f. Pot\u0159ebujeme body ber kde ber, proto\u017ee n\u00e1s ne\u010dek\u00e1 v\u00a0nejbli\u017e\u0161\u00edch m\u011bs\u00edc\u00edch \u017e\u00e1dn\u00e1 z\u00edva\u010dka. Taky proto, \u017ee n\u00e1m zase n\u011bjak\u00e9 body jednoho dne m\u016f\u017eou zmiznout.","og_url":"https:\/\/evertonfc.cz\/index.php\/2024\/03\/02\/preview-everton-west-ham-united-10-2\/","og_site_name":"Official Czech &amp; Slovak Everton Supporters&#039; Club","article_publisher":"https:\/\/www.facebook.com\/everton.fans.cz.sk","article_published_time":"2024-03-02T12:22:49+00:00","article_modified_time":"2024-03-02T13:24:51+00:00","og_image":[{"width":720,"height":405,"url":"https:\/\/evertonfc.cz\/wp-content\/uploads\/2021\/01\/Everton-VS-West-Ham.jpg","type":"image\/jpeg"}],"author":"Fip","twitter_card":"summary_large_image","twitter_misc":{"Napsal(a)":"Fip","Odhadovan\u00e1 doba \u010dten\u00ed":"4 minuty"},"schema":{"@context":"https:\/\/schema.org","@graph":[{"@type":"Article","@id":"https:\/\/evertonfc.cz\/index.php\/2024\/03\/02\/preview-everton-west-ham-united-10-2\/#article","isPartOf":{"@id":"https:\/\/evertonfc.cz\/index.php\/2024\/03\/02\/preview-everton-west-ham-united-10-2\/"},"author":{"name":"Fip","@id":"https:\/\/evertonfc.cz\/#\/schema\/person\/35904009755e8eaa0dc1a5f5f0419002"},"headline":"Preview: Everton &#8211; West Ham United","datePublished":"2024-03-02T12:22:49+00:00","dateModified":"2024-03-02T13:24:51+00:00","mainEntityOfPage":{"@id":"https:\/\/evertonfc.cz\/index.php\/2024\/03\/02\/preview-everton-west-ham-united-10-2\/"},"wordCount":825,"commentCount":3,"publisher":{"@id":"https:\/\/evertonfc.cz\/#organization"},"image":{"@id":"https:\/\/evertonfc.cz\/index.php\/2024\/03\/02\/preview-everton-west-ham-united-10-2\/#primaryimage"},"thumbnailUrl":"https:\/\/evertonfc.cz\/wp-content\/uploads\/2021\/01\/Everton-VS-West-Ham.jpg","articleSection":["Z\u00e1pasy"],"inLanguage":"cs","potentialAction":[{"@type":"CommentAction","name":"Comment","target":["https:\/\/evertonfc.cz\/index.php\/2024\/03\/02\/preview-everton-west-ham-united-10-2\/#respond"]}]},{"@type":"WebPage","@id":"https:\/\/evertonfc.cz\/index.php\/2024\/03\/02\/preview-everton-west-ham-united-10-2\/","url":"https:\/\/evertonfc.cz\/index.php\/2024\/03\/02\/preview-everton-west-ham-united-10-2\/","name":"Preview: Everton - West Ham United - Official Czech &amp; Slovak Everton Supporters&#039; Club","isPartOf":{"@id":"https:\/\/evertonfc.cz\/#website"},"primaryImageOfPage":{"@id":"https:\/\/evertonfc.cz\/index.php\/2024\/03\/02\/preview-everton-west-ham-united-10-2\/#primaryimage"},"image":{"@id":"https:\/\/evertonfc.cz\/index.php\/2024\/03\/02\/preview-everton-west-ham-united-10-2\/#primaryimage"},"thumbnailUrl":"https:\/\/evertonfc.cz\/wp-content\/uploads\/2021\/01\/Everton-VS-West-Ham.jpg","datePublished":"2024-03-02T12:22:49+00:00","dateModified":"2024-03-02T13:24:51+00:00","breadcrumb":{"@id":"https:\/\/evertonfc.cz\/index.php\/2024\/03\/02\/preview-everton-west-ham-united-10-2\/#breadcrumb"},"inLanguage":"cs","potentialAction":[{"@type":"ReadAction","target":["https:\/\/evertonfc.cz\/index.php\/2024\/03\/02\/preview-everton-west-ham-united-10-2\/"]}]},{"@type":"ImageObject","inLanguage":"cs","@id":"https:\/\/evertonfc.cz\/index.php\/2024\/03\/02\/preview-everton-west-ham-united-10-2\/#primaryimage","url":"https:\/\/evertonfc.cz\/wp-content\/uploads\/2021\/01\/Everton-VS-West-Ham.jpg","contentUrl":"https:\/\/evertonfc.cz\/wp-content\/uploads\/2021\/01\/Everton-VS-West-Ham.jpg","width":720,"height":405},{"@type":"BreadcrumbList","@id":"https:\/\/evertonfc.cz\/index.php\/2024\/03\/02\/preview-everton-west-ham-united-10-2\/#breadcrumb","itemListElement":[{"@type":"ListItem","position":1,"name":"Home","item":"https:\/\/evertonfc.cz\/"},{"@type":"ListItem","position":2,"name":"Preview: Everton &#8211; West Ham United"}]},{"@type":"WebSite","@id":"https:\/\/evertonfc.cz\/#website","url":"https:\/\/evertonfc.cz\/","name":"Official Czech &amp; Slovak Everton Supporters&#039; Club","description":"","publisher":{"@id":"https:\/\/evertonfc.cz\/#organization"},"potentialAction":[{"@type":"SearchAction","target":{"@type":"EntryPoint","urlTemplate":"https:\/\/evertonfc.cz\/?s={search_term_string}"},"query-input":{"@type":"PropertyValueSpecification","valueRequired":true,"valueName":"search_term_string"}}],"inLanguage":"cs"},{"@type":"Organization","@id":"https:\/\/evertonfc.cz\/#organization","name":"Official Czech & Slovak Everton Supporters' Club","url":"https:\/\/evertonfc.cz\/","logo":{"@type":"ImageObject","inLanguage":"cs","@id":"https:\/\/evertonfc.cz\/#\/schema\/logo\/image\/","url":"https:\/\/evertonfc.cz\/wp-content\/uploads\/2019\/05\/logo.png","contentUrl":"https:\/\/evertonfc.cz\/wp-content\/uploads\/2019\/05\/logo.png","width":112,"height":112,"caption":"Official Czech & Slovak Everton Supporters' Club"},"image":{"@id":"https:\/\/evertonfc.cz\/#\/schema\/logo\/image\/"},"sameAs":["https:\/\/www.facebook.com\/everton.fans.cz.sk"]},{"@type":"Person","@id":"https:\/\/evertonfc.cz\/#\/schema\/person\/35904009755e8eaa0dc1a5f5f0419002","name":"Fip","url":"https:\/\/evertonfc.cz\/index.php\/author\/fip\/"}]}},"_links":{"self":[{"href":"https:\/\/evertonfc.cz\/index.php\/wp-json\/wp\/v2\/posts\/24053"}],"collection":[{"href":"https:\/\/evertonfc.cz\/index.php\/wp-json\/wp\/v2\/posts"}],"about":[{"href":"https:\/\/evertonfc.cz\/index.php\/wp-json\/wp\/v2\/types\/post"}],"author":[{"embeddable":true,"href":"https:\/\/evertonfc.cz\/index.php\/wp-json\/wp\/v2\/users\/10"}],"replies":[{"embeddable":true,"href":"https:\/\/evertonfc.cz\/index.php\/wp-json\/wp\/v2\/comments?post=24053"}],"version-history":[{"count":5,"href":"https:\/\/evertonfc.cz\/index.php\/wp-json\/wp\/v2\/posts\/24053\/revisions"}],"predecessor-version":[{"id":24058,"href":"https:\/\/evertonfc.cz\/index.php\/wp-json\/wp\/v2\/posts\/24053\/revisions\/24058"}],"wp:featuredmedia":[{"embeddable":true,"href":"https:\/\/evertonfc.cz\/index.php\/wp-json\/wp\/v2\/media\/13403"}],"wp:attachment":[{"href":"https:\/\/evertonfc.cz\/index.php\/wp-json\/wp\/v2\/media?parent=24053"}],"wp:term":[{"taxonomy":"category","embeddable":true,"href":"https:\/\/evertonfc.cz\/index.php\/wp-json\/wp\/v2\/categories?post=24053"},{"taxonomy":"post_tag","embeddable":true,"href":"https:\/\/evertonfc.cz\/index.php\/wp-json\/wp\/v2\/tags?post=24053"}],"curies":[{"name":"wp","href":"https:\/\/api.w.org\/{rel}","templated":true}]}}