{"id":24103,"date":"2024-03-09T15:43:14","date_gmt":"2024-03-09T14:43:14","guid":{"rendered":"https:\/\/evertonfc.cz\/?p=24103"},"modified":"2024-03-09T16:13:17","modified_gmt":"2024-03-09T15:13:17","slug":"manchester-united-everton-20-3","status":"publish","type":"post","link":"https:\/\/evertonfc.cz\/index.php\/2024\/03\/09\/manchester-united-everton-20-3\/","title":{"rendered":"Manchester United &#8211; Everton 2:0"},"content":{"rendered":"<h4>Dv\u011b penalty sta\u010d\u00ed.<\/h4>\n<p>Everton za\u010dal utk\u00e1n\u00ed op\u011bt s Betem na pozici hro\u0165\u00e1ka &#8211; a hned byli host\u00e9 lep\u0161\u00edm t\u00fdmem. Okam\u017eit\u011b z rozehr\u00e1vky se dostal k m\u00ed\u010di McNeil, ale v pozici n\u011bkolika metr\u016f za v\u00e1pnem nevyst\u0159elil a nakonec jeho centr z brankov\u00e9 \u010d\u00e1ry obrana zblokovala. Ten dom\u00e1c\u00ed odvr\u00e1tili, centr zp\u011bt se odrazil od ruky hostuj\u00edc\u00edho Onany p\u0159ed Godfreyho, ale dom\u00e1c\u00ed Onana byl u m\u00ed\u010de d\u0159\u00edve. N\u00e1sledn\u011b p\u0159es beka nep\u0159e\u0161el Mykolenko, dal\u0161\u00ed roh zvl\u00e1dli dom\u00e1c\u00ed odvr\u00e1tit tak, \u017ee se v brejku ocitl Rashford, jeho st\u0159elu na roh zblokoval Tarkowski.<\/p>\n<p>Z n\u00e1sledn\u00e9 akce to u\u017e tento stoper nezvl\u00e1dl, trefil ve velk\u00e9m v\u00e1pn\u011b nohu Garnacha a kopala se penalta. Tu zahr\u00e1l Fernandes neobvykle na druhou stranu, ne\u017e kam obvykle kope a Pickford tam byl pozd\u011b &#8211; <strong>1:0! <\/strong>Odpov\u011b\u010f Evertonu byla t\u00e9m\u011b\u0159 okam\u017eit\u00e1, centr p\u0159ist\u00e1l na leva\u010dce McNeila, ten p\u0159edvedl hezkou \u0161ajtli, ale o metr mimo, brank\u00e1\u0159 Onana z\u016fstal na m\u00edst\u011b. O chv\u00edli pozd\u011bji si st\u0159ely nad vyzkou\u0161eli Fernandes a Harrison. Tomu v dal\u0161\u00ed p\u0159\u00edle\u017eitosti chyb\u011blo asi p\u016fl metru k zakon\u010den\u00ed. Z dal\u0161\u00ed akce p\u0159i\u0165ukl McNeil Mykolenkovi, jeho st\u0159ela byla zblokov\u00e1na, roh sice na\u0161el hlavu Tarkowskiho, ale jeho hlava v z\u00e1klonu v\u016fbec neohrozila branku.<\/p>\n<p>N\u00e1sledn\u011b Garner vypr\u00e1\u0161il rukavice Onany, dor\u00e1\u017eku poslal jeho jmenovec nad. Dom\u00e1c\u00ed odpov\u011bd\u011bli trest\u0148\u00e1kem Fernandese, kter\u00fd byl na\u0159\u00edzen\u00e9 pot\u00e9, co v brejku fauloval Onana Garnacha a belgick\u00fd reprezentant za to dostal \u017elutou kartu. Pickford ale m\u00ed\u010d zpoza b\u0159evna tyg\u0159\u00edm skokem vy\u0161kr\u00e1bl. Odpov\u011b\u010f Evertonu si vzal na starost McNeil, ale jeho projektil skon\u010dil asi p\u016fl metru vedle vzd\u00e1len\u011bj\u0161\u00ed ty\u010de.<\/p>\n<p>Po zvl\u00e1\u0161tn\u00edm zahr\u00e1n\u00ed ob\u011bma rukama p\u0159i p\u00e1du ve vlastn\u00ed \u0161estn\u00e1ctce od Mykolenka za\u0159\u00eddil Garnacho druhou penaltu pro dom\u00e1c\u00ed, tentokr\u00e1t fauloval Godfrey. Jej\u00ed exekuci si vzal na starosti Rashford, Pickford op\u011bt sko\u010dil doleva a m\u00ed\u010d zam\u00ed\u0159il k druh\u00e9 ty\u010di &#8211; <strong>2:0! <\/strong>Za protesty dostal \u017elutou kartu Doucour\u00e9. Dal\u0161\u00ed \u00fatok Evertonu skon\u010dil rohem, kdy\u017e p\u0159edt\u00edm nebyl odp\u00edskan\u00fd metr p\u0159ed v\u00e1pnem jasn\u00fd faul na McNeila.<\/p>\n<p>Garner ho op\u011bt zahr\u00e1l \u0161patn\u011b, tak\u017ee z n\u011bj nic nebylo. T\u0159et\u00ed penalta po ruce Mykolenka p\u0159i p\u00e1du na zem p\u0159i blokov\u00e1n\u00ed p\u0159ihr\u00e1vky odp\u00edsk\u00e1na nebyla, o n\u011bkolik minut pozd\u011bji zakroutil Lindel\u00f6f m\u00ed\u010d hezky ke vzd\u00e1len\u011bj\u0161\u00ed ty\u010di, ale Pickford kryl. Dal\u0161\u00ed nebezpe\u010d\u00ed znamenala akce Garnacha, ale tentokr\u00e1t ho zvl\u00e1dla Branthwaite odzbrojit bez faulu. Hned pot\u00e9 byl konec prvn\u00ed p\u016fle zakon\u010den akc\u00ed Beta, kter\u00fd p\u0159ipravil \u0161anci pro McNeila, le\u010d posledn\u00ed slovo m\u011bl Varane se sv\u00fdm blokem. D\u00e1 se \u0159\u00edci, \u017ee Everton hr\u00e1l a Manchester United d\u00e1val g\u00f3ly.<\/p>\n<p>Druh\u00e1 p\u016fle za\u010dala p\u0159ihr\u00e1vkou na Garnacha. Ten se sice dostal s\u00e1m p\u0159ed Pickforda, le\u010d p\u0159eb\u00edral pas v ofsajdu. Po kuri\u00f3zn\u011b rozehran\u00e9m trestn\u00e9m kopu se k centru dostal Mcneil a k zakon\u010den\u00ed Doucour\u00e9, ale jeho st\u0159elu zblokoval McTominay. A kdy\u017e Garnacho jednou volil st\u0159elu, tak p\u0159est\u0159elil. Po klidn\u00e9 pas\u00e1\u017ei n\u00e1sledovalo m\u00edrn\u00e9 vzru\u0161en\u00ed p\u0159ed brankou Evertonu, po rohu se ze skrum\u00e1\u017ee dostal k zakon\u010den\u00ed Lindel\u00f6f a trefil Pickforda.<\/p>\n<p>Hra se ve srovn\u00e1n\u00ed s prvn\u00edm polo\u010dasem v\u00fdrazn\u011b uklidnila, nebylo ani moc p\u0159\u00edle\u017eitost\u00ed. Dom\u00e1c\u00ed hr\u00e1li s v\u011bdom\u00edm dvoubrankov\u00e9ho n\u00e1skoku a v klidu br\u00e1nili. Zm\u00ednit mus\u00edm \u017elutou kartu pro McTominaye za faul na Onanu. Velkou p\u0159\u00edle\u017eitost ale m\u011bl Eberton po centru Mykolenka, m\u00ed\u010d p\u0159ed branku nakonec vracel Dobbin, ale Calvert-Lewin dva metry p\u0159ed branou na n\u011bj nedos\u00e1hl.<\/p>\n<p>A hro\u0165\u00e1k pokra\u010doval v p\u00e1len\u00ed \u0161anc\u00ed, jeho hlavi\u010dka po rohu byla p\u0159\u00edmo do rukavic Onany. V nastaven\u00e9m \u010dase odp\u00edskal rozhod\u010d\u00ed za skluz Branthwaitea na Rashforda t\u0159et\u00ed penaltu pro dom\u00e1c\u00ed, ale proto\u017ee \u0161lo o postaven\u00ed mimo hru, tak se nekopala. Everton tak i nad\u00e1le dopl\u00e1c\u00ed na mizernou produktivitu vep\u0159edu.<\/p>\n<p><strong>Branky:\u00a0<\/strong>12. Fernandes z penalty, 27. Rashford z penalty<\/p>\n<p><strong>\u017dlut\u00e9 karty: <\/strong>69. McTominay &#8211; 27. Amadou Onana, 34. Doucour\u00e9<\/p>\n<p><strong>Manchester United:<\/strong>\u00a0<span data-source=\"lightstreamer\" data-grid=\"main\" data-item=\"item_845579\" data-field=\"report1\">Andre Onana \u2013 Dalot, Varane, Evans(89. Kambwala), Lindel\u00f6f \u2013 Mainoo (78. Amr\u00e1bat), Casemiro \u2013 McTominay, Fernandes, Garnacho (83. Antony) \u2013 Rashford<\/span><\/p>\n<p><strong>Everton FC:<\/strong>\u00a0<span data-source=\"lightstreamer\" data-grid=\"main\" data-item=\"item_845579\" data-field=\"report2\">Pickford \u2013 Godfrey, Tarkowski, Branthwaite, Mykolenko (88. Chermiti) \u2013 Harrison (61. Dobbin), Amadou Onana, Garner (75. Young), McNeil \u2013\u00a0 Doucour\u00e9 (61. Gomes) \u2013 Beto (61. Calvert-Lewin)<\/span><\/p>\n<p><strong>Rozhod\u010d\u00ed:\u00a0<\/strong>Simon Hooper\u00a0 <strong>Div\u00e1ci:\u00a0<\/strong>75 635\u00a0 <strong>Mu\u017e z\u00e1pasu redakce:\u00a0<\/strong>Fernandes<\/p>\n","protected":false},"excerpt":{"rendered":"<p>Dv\u011b penalty sta\u010d\u00ed.<\/p>\n","protected":false},"author":12,"featured_media":24107,"comment_status":"open","ping_status":"closed","sticky":false,"template":"","format":"standard","meta":{"_eb_attr":"","_monsterinsights_skip_tracking":false,"_monsterinsights_sitenote_active":false,"_monsterinsights_sitenote_note":"","_monsterinsights_sitenote_category":0,"footnotes":""},"categories":[4],"tags":[],"yoast_head":"<!-- This site is optimized with the Yoast SEO plugin v23.4 - https:\/\/yoast.com\/wordpress\/plugins\/seo\/ -->\n<title>Manchester United - Everton 2:0 - Official Czech &amp; Slovak Everton Supporters&#039; Club<\/title>\n<meta name=\"description\" content=\"Dv\u011b penalty sta\u010d\u00ed.\" \/>\n<meta name=\"robots\" content=\"index, follow, max-snippet:-1, max-image-preview:large, max-video-preview:-1\" \/>\n<link rel=\"canonical\" href=\"https:\/\/evertonfc.cz\/index.php\/2024\/03\/09\/manchester-united-everton-20-3\/\" \/>\n<meta property=\"og:locale\" content=\"cs_CZ\" \/>\n<meta property=\"og:type\" content=\"article\" \/>\n<meta property=\"og:title\" content=\"Manchester United - Everton 2:0 - Official Czech &amp; Slovak Everton Supporters&#039; Club\" \/>\n<meta property=\"og:description\" content=\"Dv\u011b penalty sta\u010d\u00ed.\" \/>\n<meta property=\"og:url\" content=\"https:\/\/evertonfc.cz\/index.php\/2024\/03\/09\/manchester-united-everton-20-3\/\" \/>\n<meta property=\"og:site_name\" content=\"Official Czech &amp; Slovak Everton Supporters&#039; Club\" \/>\n<meta property=\"article:publisher\" content=\"https:\/\/www.facebook.com\/everton.fans.cz.sk\" \/>\n<meta property=\"article:published_time\" content=\"2024-03-09T14:43:14+00:00\" \/>\n<meta property=\"article:modified_time\" content=\"2024-03-09T15:13:17+00:00\" \/>\n<meta property=\"og:image\" content=\"https:\/\/evertonfc.cz\/wp-content\/uploads\/2024\/03\/Manchester-United-2-0-Everton-by-AP-9-3-2024.jpg\" \/>\n\t<meta property=\"og:image:width\" content=\"720\" \/>\n\t<meta property=\"og:image:height\" content=\"405\" \/>\n\t<meta property=\"og:image:type\" content=\"image\/jpeg\" \/>\n<meta name=\"author\" content=\"Javor\" \/>\n<meta name=\"twitter:card\" content=\"summary_large_image\" \/>\n<meta name=\"twitter:creator\" content=\"@LoudinJan\" \/>\n<meta name=\"twitter:label1\" content=\"Napsal(a)\" \/>\n\t<meta name=\"twitter:data1\" content=\"Javor\" \/>\n\t<meta name=\"twitter:label2\" content=\"Odhadovan\u00e1 doba \u010dten\u00ed\" \/>\n\t<meta name=\"twitter:data2\" content=\"4 minuty\" \/>\n<script type=\"application\/ld+json\" class=\"yoast-schema-graph\">{\"@context\":\"https:\/\/schema.org\",\"@graph\":[{\"@type\":\"Article\",\"@id\":\"https:\/\/evertonfc.cz\/index.php\/2024\/03\/09\/manchester-united-everton-20-3\/#article\",\"isPartOf\":{\"@id\":\"https:\/\/evertonfc.cz\/index.php\/2024\/03\/09\/manchester-united-everton-20-3\/\"},\"author\":{\"name\":\"Javor\",\"@id\":\"https:\/\/evertonfc.cz\/#\/schema\/person\/b30daf6a5852f4811f8207a17ec1bf78\"},\"headline\":\"Manchester United &#8211; Everton 2:0\",\"datePublished\":\"2024-03-09T14:43:14+00:00\",\"dateModified\":\"2024-03-09T15:13:17+00:00\",\"mainEntityOfPage\":{\"@id\":\"https:\/\/evertonfc.cz\/index.php\/2024\/03\/09\/manchester-united-everton-20-3\/\"},\"wordCount\":809,\"commentCount\":3,\"publisher\":{\"@id\":\"https:\/\/evertonfc.cz\/#organization\"},\"image\":{\"@id\":\"https:\/\/evertonfc.cz\/index.php\/2024\/03\/09\/manchester-united-everton-20-3\/#primaryimage\"},\"thumbnailUrl\":\"https:\/\/evertonfc.cz\/wp-content\/uploads\/2024\/03\/Manchester-United-2-0-Everton-by-AP-9-3-2024.jpg\",\"articleSection\":[\"Z\u00e1pasy\"],\"inLanguage\":\"cs\",\"potentialAction\":[{\"@type\":\"CommentAction\",\"name\":\"Comment\",\"target\":[\"https:\/\/evertonfc.cz\/index.php\/2024\/03\/09\/manchester-united-everton-20-3\/#respond\"]}]},{\"@type\":\"WebPage\",\"@id\":\"https:\/\/evertonfc.cz\/index.php\/2024\/03\/09\/manchester-united-everton-20-3\/\",\"url\":\"https:\/\/evertonfc.cz\/index.php\/2024\/03\/09\/manchester-united-everton-20-3\/\",\"name\":\"Manchester United - Everton 2:0 - Official Czech &amp; Slovak Everton Supporters&#039; Club\",\"isPartOf\":{\"@id\":\"https:\/\/evertonfc.cz\/#website\"},\"primaryImageOfPage\":{\"@id\":\"https:\/\/evertonfc.cz\/index.php\/2024\/03\/09\/manchester-united-everton-20-3\/#primaryimage\"},\"image\":{\"@id\":\"https:\/\/evertonfc.cz\/index.php\/2024\/03\/09\/manchester-united-everton-20-3\/#primaryimage\"},\"thumbnailUrl\":\"https:\/\/evertonfc.cz\/wp-content\/uploads\/2024\/03\/Manchester-United-2-0-Everton-by-AP-9-3-2024.jpg\",\"datePublished\":\"2024-03-09T14:43:14+00:00\",\"dateModified\":\"2024-03-09T15:13:17+00:00\",\"description\":\"Dv\u011b penalty sta\u010d\u00ed.\",\"breadcrumb\":{\"@id\":\"https:\/\/evertonfc.cz\/index.php\/2024\/03\/09\/manchester-united-everton-20-3\/#breadcrumb\"},\"inLanguage\":\"cs\",\"potentialAction\":[{\"@type\":\"ReadAction\",\"target\":[\"https:\/\/evertonfc.cz\/index.php\/2024\/03\/09\/manchester-united-everton-20-3\/\"]}]},{\"@type\":\"ImageObject\",\"inLanguage\":\"cs\",\"@id\":\"https:\/\/evertonfc.cz\/index.php\/2024\/03\/09\/manchester-united-everton-20-3\/#primaryimage\",\"url\":\"https:\/\/evertonfc.cz\/wp-content\/uploads\/2024\/03\/Manchester-United-2-0-Everton-by-AP-9-3-2024.jpg\",\"contentUrl\":\"https:\/\/evertonfc.cz\/wp-content\/uploads\/2024\/03\/Manchester-United-2-0-Everton-by-AP-9-3-2024.jpg\",\"width\":720,\"height\":405},{\"@type\":\"BreadcrumbList\",\"@id\":\"https:\/\/evertonfc.cz\/index.php\/2024\/03\/09\/manchester-united-everton-20-3\/#breadcrumb\",\"itemListElement\":[{\"@type\":\"ListItem\",\"position\":1,\"name\":\"Home\",\"item\":\"https:\/\/evertonfc.cz\/\"},{\"@type\":\"ListItem\",\"position\":2,\"name\":\"Manchester United &#8211; Everton 2:0\"}]},{\"@type\":\"WebSite\",\"@id\":\"https:\/\/evertonfc.cz\/#website\",\"url\":\"https:\/\/evertonfc.cz\/\",\"name\":\"Official Czech &amp; Slovak Everton Supporters&#039; Club\",\"description\":\"\",\"publisher\":{\"@id\":\"https:\/\/evertonfc.cz\/#organization\"},\"potentialAction\":[{\"@type\":\"SearchAction\",\"target\":{\"@type\":\"EntryPoint\",\"urlTemplate\":\"https:\/\/evertonfc.cz\/?s={search_term_string}\"},\"query-input\":{\"@type\":\"PropertyValueSpecification\",\"valueRequired\":true,\"valueName\":\"search_term_string\"}}],\"inLanguage\":\"cs\"},{\"@type\":\"Organization\",\"@id\":\"https:\/\/evertonfc.cz\/#organization\",\"name\":\"Official Czech & Slovak Everton Supporters' Club\",\"url\":\"https:\/\/evertonfc.cz\/\",\"logo\":{\"@type\":\"ImageObject\",\"inLanguage\":\"cs\",\"@id\":\"https:\/\/evertonfc.cz\/#\/schema\/logo\/image\/\",\"url\":\"https:\/\/evertonfc.cz\/wp-content\/uploads\/2019\/05\/logo.png\",\"contentUrl\":\"https:\/\/evertonfc.cz\/wp-content\/uploads\/2019\/05\/logo.png\",\"width\":112,\"height\":112,\"caption\":\"Official Czech & Slovak Everton Supporters' Club\"},\"image\":{\"@id\":\"https:\/\/evertonfc.cz\/#\/schema\/logo\/image\/\"},\"sameAs\":[\"https:\/\/www.facebook.com\/everton.fans.cz.sk\"]},{\"@type\":\"Person\",\"@id\":\"https:\/\/evertonfc.cz\/#\/schema\/person\/b30daf6a5852f4811f8207a17ec1bf78\",\"name\":\"Javor\",\"sameAs\":[\"https:\/\/x.com\/LoudinJan\"],\"url\":\"https:\/\/evertonfc.cz\/index.php\/author\/javor\/\"}]}<\/script>\n<!-- \/ Yoast SEO plugin. -->","yoast_head_json":{"title":"Manchester United - Everton 2:0 - Official Czech &amp; Slovak Everton Supporters&#039; Club","description":"Dv\u011b penalty sta\u010d\u00ed.","robots":{"index":"index","follow":"follow","max-snippet":"max-snippet:-1","max-image-preview":"max-image-preview:large","max-video-preview":"max-video-preview:-1"},"canonical":"https:\/\/evertonfc.cz\/index.php\/2024\/03\/09\/manchester-united-everton-20-3\/","og_locale":"cs_CZ","og_type":"article","og_title":"Manchester United - Everton 2:0 - Official Czech &amp; Slovak Everton Supporters&#039; Club","og_description":"Dv\u011b penalty sta\u010d\u00ed.","og_url":"https:\/\/evertonfc.cz\/index.php\/2024\/03\/09\/manchester-united-everton-20-3\/","og_site_name":"Official Czech &amp; Slovak Everton Supporters&#039; Club","article_publisher":"https:\/\/www.facebook.com\/everton.fans.cz.sk","article_published_time":"2024-03-09T14:43:14+00:00","article_modified_time":"2024-03-09T15:13:17+00:00","og_image":[{"width":720,"height":405,"url":"https:\/\/evertonfc.cz\/wp-content\/uploads\/2024\/03\/Manchester-United-2-0-Everton-by-AP-9-3-2024.jpg","type":"image\/jpeg"}],"author":"Javor","twitter_card":"summary_large_image","twitter_creator":"@LoudinJan","twitter_misc":{"Napsal(a)":"Javor","Odhadovan\u00e1 doba \u010dten\u00ed":"4 minuty"},"schema":{"@context":"https:\/\/schema.org","@graph":[{"@type":"Article","@id":"https:\/\/evertonfc.cz\/index.php\/2024\/03\/09\/manchester-united-everton-20-3\/#article","isPartOf":{"@id":"https:\/\/evertonfc.cz\/index.php\/2024\/03\/09\/manchester-united-everton-20-3\/"},"author":{"name":"Javor","@id":"https:\/\/evertonfc.cz\/#\/schema\/person\/b30daf6a5852f4811f8207a17ec1bf78"},"headline":"Manchester United &#8211; Everton 2:0","datePublished":"2024-03-09T14:43:14+00:00","dateModified":"2024-03-09T15:13:17+00:00","mainEntityOfPage":{"@id":"https:\/\/evertonfc.cz\/index.php\/2024\/03\/09\/manchester-united-everton-20-3\/"},"wordCount":809,"commentCount":3,"publisher":{"@id":"https:\/\/evertonfc.cz\/#organization"},"image":{"@id":"https:\/\/evertonfc.cz\/index.php\/2024\/03\/09\/manchester-united-everton-20-3\/#primaryimage"},"thumbnailUrl":"https:\/\/evertonfc.cz\/wp-content\/uploads\/2024\/03\/Manchester-United-2-0-Everton-by-AP-9-3-2024.jpg","articleSection":["Z\u00e1pasy"],"inLanguage":"cs","potentialAction":[{"@type":"CommentAction","name":"Comment","target":["https:\/\/evertonfc.cz\/index.php\/2024\/03\/09\/manchester-united-everton-20-3\/#respond"]}]},{"@type":"WebPage","@id":"https:\/\/evertonfc.cz\/index.php\/2024\/03\/09\/manchester-united-everton-20-3\/","url":"https:\/\/evertonfc.cz\/index.php\/2024\/03\/09\/manchester-united-everton-20-3\/","name":"Manchester United - Everton 2:0 - Official Czech &amp; Slovak Everton Supporters&#039; Club","isPartOf":{"@id":"https:\/\/evertonfc.cz\/#website"},"primaryImageOfPage":{"@id":"https:\/\/evertonfc.cz\/index.php\/2024\/03\/09\/manchester-united-everton-20-3\/#primaryimage"},"image":{"@id":"https:\/\/evertonfc.cz\/index.php\/2024\/03\/09\/manchester-united-everton-20-3\/#primaryimage"},"thumbnailUrl":"https:\/\/evertonfc.cz\/wp-content\/uploads\/2024\/03\/Manchester-United-2-0-Everton-by-AP-9-3-2024.jpg","datePublished":"2024-03-09T14:43:14+00:00","dateModified":"2024-03-09T15:13:17+00:00","description":"Dv\u011b penalty sta\u010d\u00ed.","breadcrumb":{"@id":"https:\/\/evertonfc.cz\/index.php\/2024\/03\/09\/manchester-united-everton-20-3\/#breadcrumb"},"inLanguage":"cs","potentialAction":[{"@type":"ReadAction","target":["https:\/\/evertonfc.cz\/index.php\/2024\/03\/09\/manchester-united-everton-20-3\/"]}]},{"@type":"ImageObject","inLanguage":"cs","@id":"https:\/\/evertonfc.cz\/index.php\/2024\/03\/09\/manchester-united-everton-20-3\/#primaryimage","url":"https:\/\/evertonfc.cz\/wp-content\/uploads\/2024\/03\/Manchester-United-2-0-Everton-by-AP-9-3-2024.jpg","contentUrl":"https:\/\/evertonfc.cz\/wp-content\/uploads\/2024\/03\/Manchester-United-2-0-Everton-by-AP-9-3-2024.jpg","width":720,"height":405},{"@type":"BreadcrumbList","@id":"https:\/\/evertonfc.cz\/index.php\/2024\/03\/09\/manchester-united-everton-20-3\/#breadcrumb","itemListElement":[{"@type":"ListItem","position":1,"name":"Home","item":"https:\/\/evertonfc.cz\/"},{"@type":"ListItem","position":2,"name":"Manchester United &#8211; Everton 2:0"}]},{"@type":"WebSite","@id":"https:\/\/evertonfc.cz\/#website","url":"https:\/\/evertonfc.cz\/","name":"Official Czech &amp; Slovak Everton Supporters&#039; Club","description":"","publisher":{"@id":"https:\/\/evertonfc.cz\/#organization"},"potentialAction":[{"@type":"SearchAction","target":{"@type":"EntryPoint","urlTemplate":"https:\/\/evertonfc.cz\/?s={search_term_string}"},"query-input":{"@type":"PropertyValueSpecification","valueRequired":true,"valueName":"search_term_string"}}],"inLanguage":"cs"},{"@type":"Organization","@id":"https:\/\/evertonfc.cz\/#organization","name":"Official Czech & Slovak Everton Supporters' Club","url":"https:\/\/evertonfc.cz\/","logo":{"@type":"ImageObject","inLanguage":"cs","@id":"https:\/\/evertonfc.cz\/#\/schema\/logo\/image\/","url":"https:\/\/evertonfc.cz\/wp-content\/uploads\/2019\/05\/logo.png","contentUrl":"https:\/\/evertonfc.cz\/wp-content\/uploads\/2019\/05\/logo.png","width":112,"height":112,"caption":"Official Czech & Slovak Everton Supporters' Club"},"image":{"@id":"https:\/\/evertonfc.cz\/#\/schema\/logo\/image\/"},"sameAs":["https:\/\/www.facebook.com\/everton.fans.cz.sk"]},{"@type":"Person","@id":"https:\/\/evertonfc.cz\/#\/schema\/person\/b30daf6a5852f4811f8207a17ec1bf78","name":"Javor","sameAs":["https:\/\/x.com\/LoudinJan"],"url":"https:\/\/evertonfc.cz\/index.php\/author\/javor\/"}]}},"_links":{"self":[{"href":"https:\/\/evertonfc.cz\/index.php\/wp-json\/wp\/v2\/posts\/24103"}],"collection":[{"href":"https:\/\/evertonfc.cz\/index.php\/wp-json\/wp\/v2\/posts"}],"about":[{"href":"https:\/\/evertonfc.cz\/index.php\/wp-json\/wp\/v2\/types\/post"}],"author":[{"embeddable":true,"href":"https:\/\/evertonfc.cz\/index.php\/wp-json\/wp\/v2\/users\/12"}],"replies":[{"embeddable":true,"href":"https:\/\/evertonfc.cz\/index.php\/wp-json\/wp\/v2\/comments?post=24103"}],"version-history":[{"count":4,"href":"https:\/\/evertonfc.cz\/index.php\/wp-json\/wp\/v2\/posts\/24103\/revisions"}],"predecessor-version":[{"id":24108,"href":"https:\/\/evertonfc.cz\/index.php\/wp-json\/wp\/v2\/posts\/24103\/revisions\/24108"}],"wp:featuredmedia":[{"embeddable":true,"href":"https:\/\/evertonfc.cz\/index.php\/wp-json\/wp\/v2\/media\/24107"}],"wp:attachment":[{"href":"https:\/\/evertonfc.cz\/index.php\/wp-json\/wp\/v2\/media?parent=24103"}],"wp:term":[{"taxonomy":"category","embeddable":true,"href":"https:\/\/evertonfc.cz\/index.php\/wp-json\/wp\/v2\/categories?post=24103"},{"taxonomy":"post_tag","embeddable":true,"href":"https:\/\/evertonfc.cz\/index.php\/wp-json\/wp\/v2\/tags?post=24103"}],"curies":[{"name":"wp","href":"https:\/\/api.w.org\/{rel}","templated":true}]}}