{"id":24112,"date":"2024-03-14T19:20:09","date_gmt":"2024-03-14T18:20:09","guid":{"rendered":"https:\/\/evertonfc.cz\/?p=24112"},"modified":"2024-03-29T16:20:29","modified_gmt":"2024-03-29T15:20:29","slug":"wfa-cup-everton-w-chelsea-w-01","status":"publish","type":"post","link":"https:\/\/evertonfc.cz\/index.php\/2024\/03\/14\/wfa-cup-everton-w-chelsea-w-01\/","title":{"rendered":"WFA Cup: Everton W &#8211; Chelsea W 0:1"},"content":{"rendered":"<h4>Na dom\u00e1c\u00ed anglick\u00fd tr\u00e1vn\u00edk Walton Hall Park zav\u00edtalo \u010dtvrtfin\u00e1le FA Cup a s n\u00edm i sou\u010dasn\u00e9 dr\u017eitelky \u017eensk\u00e9 verze u\u0161at\u00e9ho poh\u00e1ru (kter\u00e1 je bohu\u017eel bez u\u0161\u00ed) &#8211; fotbalistky Chelsea.<\/h4>\n<p>Neboli utk\u00e1n\u00ed, ve kter\u00e9m jsme mohli jedin\u011b p\u0159ekvapit.\u00a0 A nutno \u0159\u00edci, \u017ee se n\u00e1m to do zna\u010dn\u00e9 m\u00edry povedlo. Brian S\u00f8rensen provedl v sestav\u011b n\u011bkolik zm\u011bn, p\u0159edev\u0161\u00edm posadil Madsen, do \u00fatoku p\u0159esunul Payne a Piemonte nechal hr\u00e1t cel\u00fd z\u00e1pas. V obran\u011b se spole\u010dn\u011b se Stenevik a Finnigan u\u017e, jak se zd\u00e1\u00a0 napevno us\u00eddlila <span class=\"sp-c-lineup-pitch__player\" data-reactid=\".14y20mgwavi.0.0.0.1.$include-30.0.0.1:$panel-0.$0.0.0.0.2.0.0.1:$home-formation-row-1.$home-player-0\"><span class=\"sp-c-lineup-pitch__player__name gs-u-display-block@xs \" data-reactid=\".14y20mgwavi.0.0.0.1.$include-30.0.0.1:$panel-0.$0.0.0.0.2.0.0.1:$home-formation-row-1.$home-player-0.1\">Vanhaevermaet. Emma Hayes se zpo\u010d\u00e1tku sna\u017eila \u0161et\u0159it sv\u00e9\u00a0 top hr\u00e1\u010dky, ale pr\u016fb\u011bh z\u00e1pasu si nakonec vynutil nasadit plnou palebnou s\u00edlu lond\u00fdnsk\u00fdch Blues.<\/span><\/span><\/p>\n<h4>Prvn\u00ed polo\u010das<\/h4>\n<p>Od za\u010d\u00e1tku jsme hr\u00e1li na sv\u00e9 pom\u011bry velmi netradi\u010dn\u011b. Chelsea jsme vysok\u00fdm presingem dost\u00e1vali pod slu\u0161n\u00fd tlak a p\u0159inutili jsme j\u00ed i k n\u011bkolika chyb\u00e1m, kter\u00fdch jsme bohu\u017eel nedok\u00e1zali vyu\u017e\u00edt. Galli netypicky hr\u00e1la v podstat\u011b k\u0159\u00eddlo a nutno \u0159\u00edci, \u017ee j\u00ed to \u0161lo velmi dob\u0159e, Payne a <span class=\"sp-c-lineup-pitch__player\" data-reactid=\".14y20mgwavi.0.0.0.1.$include-30.0.0.1:$panel-0.$0.0.0.0.2.0.0.1:$home-formation-row-1.$home-player-2\"><span class=\"sp-c-lineup-pitch__player__name gs-u-display-block@xs \" data-reactid=\".14y20mgwavi.0.0.0.1.$include-30.0.0.1:$panel-0.$0.0.0.0.2.0.0.1:$home-formation-row-1.$home-player-2.1\">K\u00fchl d\u00edky sv\u00e9 rychlosti a technice spole\u010dn\u011b s Bennison dok\u00e1zali p\u0159ipravit nejednu \u0161anci. Byla to sice Chelsea, kdo zahrozil g\u00f3lem jako prvn\u00ed, ale na\u0161t\u011bst\u00ed pro n\u00e1s se na za\u010d\u00e1tku z\u00e1pasu Bj\u00f6rn hlavi\u010dkou netrefila. To bylo ov\u0161em ze strany host\u00ed na dlouh\u00e9 minuty v\u0161echno. Netypicky rychl\u00fdmi a p\u0159esn\u00fdmi kombinacemi jsme to byli my, kdo se dost\u00e1val hluboko na polovinu soupe\u0159ek a zkou\u0161el r\u016fzn\u00fdmi zp\u016fsoby dostat m\u00ed\u010d za z\u00e1dy Mu\u0161ovi\u010d. P\u0159\u00edmo st\u0159elou se za na\u0161e barvy zkusily prezentovat hlavn\u011b K\u00fchl a Snoeijs, bohu\u017eel bez \u00fasp\u011bchu. Ani st\u0159ele Payne mnoho nechyb\u011blo, aby zapadlo pod b\u0159evno. V prodlou\u017een\u00ed prvn\u00edho polo\u010dasu Chelsea odpov\u011bd\u011bla pokusem Beever-Jones, ale ani ten nesm\u011b\u0159oval mezi ty\u010de.<\/span><\/span><\/p>\n<h4>Druh\u00fd polo\u010das<\/h4>\n<p>V druh\u00e9m polo\u010dase jsme zpo\u010d\u00e1tku pokra\u010dovali obdobn\u011b kvalitn\u011b, jako v polo\u010dase prvn\u00edm. Je \u0161koda, \u017ee p\u011bkn\u00e1 akce Galli s Bennison neskon\u010dila g\u00f3lem. A g\u00f3lem tak\u00e9 mohl skon\u010dit i v\u00fdte\u010dn\u011b zahran\u00fd p\u0159\u00edm\u00e1k z nohy Stenevik. Ov\u0161em Mu\u0161ovi\u010d nem\u00e9n\u011b v\u00fdborn\u00fdm z\u00e1krokem vyrazila st\u0159elu nad b\u0159evno. S postupuj\u00edc\u00edm \u010dasem n\u00e1m bohu\u017eel za\u010daly doch\u00e1zet s\u00edly a nedok\u00e1zali jsme dr\u017eet Chelsea na uzd\u011b u\u017e tak \u00fa\u010dinn\u011b. V 66. minut\u011b Beever-Jones prostoupila levou stranou na\u0161\u00ed obrany, a naserv\u00edrovala m\u00ed\u010d zcela voln\u00e9 Mac\u00e1rio, kter\u00e9 v klidu doklepla m\u00ed\u010d do branky &#8211; <strong>0:1<\/strong>. P\u0159esto\u017ee do konce z\u00e1pasu zb\u00fdvalo je\u0161t\u011b t\u00e9m\u011b\u0159 p\u016fl hodiny,\u00a0 sk\u00f3re se u\u017e ani jedn\u00e9 stran\u011b upravit nepoda\u0159ilo. Pro n\u00e1s v\u00fdsledek znamen\u00e1 vy\u0159azen\u00ed z poh\u00e1rov\u00fdch boj\u016f, pro Chelsea uleh\u010den\u00fd v\u00fddech a trvajc\u00ed nad\u011bji na obhajobu lo\u0148sk\u00e9ho v\u00edtezstv\u00ed.<\/p>\n<h4>Shrnut\u00ed<\/h4>\n<p>Tohle byl asi n\u00e1\u0161 nejlep\u0161\u00ed leto\u0161n\u00ed z\u00e1pas. Naordinovan\u00e1 taktika vysok\u00e9ho presov\u00e1n\u00ed S\u00f8rensenovi m\u00e1lem vy\u0161la a pro m\u011b p\u0159ekvapiv\u011b j\u00ed na\u0161e hr\u00e1\u010dky dok\u00e1zaly velmi dob\u0159e zvl\u00e1dnout. \u0160anc\u00ed na g\u00f3l jsme m\u011bli dostatek. A je \u0161koda, \u017ee jsme aspo\u0148 n\u011bjakou z nich nedok\u00e1zali prom\u011bnit.\u00a0 Naopak g\u00f3l, kter\u00fd jsme dostali a kter\u00fd rozhodl utk\u00e1n\u00ed a zpe\u010detil n\u00e1\u0161 poh\u00e1rov\u00fd osud byl lacin\u00fd; Mac\u00e1rio zku\u0161en\u011b odsko\u010dila <span class=\"sp-c-lineup-pitch__player\" data-reactid=\".14y20mgwavi.0.0.0.1.$include-30.0.0.1:$panel-0.$0.0.0.0.2.0.0.1:$home-formation-row-1.$home-player-0\"><span class=\"sp-c-lineup-pitch__player__name gs-u-display-block@xs \" data-reactid=\".14y20mgwavi.0.0.0.1.$include-30.0.0.1:$panel-0.$0.0.0.0.2.0.0.1:$home-formation-row-1.$home-player-0.1\">Vanhaevermaet, kter\u00e1 si ani nev\u0161imla, \u017ee m\u00e1 za z\u00e1dy nehl\u00eddanou leto\u0161n\u00ed posilu Chelsea. Op\u011bt \u0161koda, p\u0159e\u0161koda. Hr\u00e1\u010dku z\u00e1pasu t\u011b\u017eko volit, ocen\u011bn\u00ed by si zaslou\u017eila \u0159ada z nich. Nakonec vyb\u00edr\u00e1m Stenevik za jej\u00ed zda\u0159il\u00fd p\u0159\u00edm\u00e1k. Te\u010f jen vydr\u017eet na nov\u011b nabyt\u00e9 \u00farovni aspo\u0148 do z\u00e1pasu s Villou 16.3. a zejm\u00e9na pak do derby na dom\u00e1c\u00ed p\u016fd\u011b 24.3. <strong><span style=\"color: #0000ff;\">COYB!<\/span><\/strong><\/span><\/span><\/p>\n<p style=\"text-align: right;\"><span class=\"sp-c-lineup-pitch__player\" style=\"font-size: 8pt;\" data-reactid=\".14y20mgwavi.0.0.0.1.$include-30.0.0.1:$panel-0.$0.0.0.0.2.0.0.1:$home-formation-row-1.$home-player-0\"><span class=\"sp-c-lineup-pitch__player__name gs-u-display-block@xs \" data-reactid=\".14y20mgwavi.0.0.0.1.$include-30.0.0.1:$panel-0.$0.0.0.0.2.0.0.1:$home-formation-row-1.$home-player-0.1\"> <em>Fotografie: Catarina Mac\u00e1rio n\u00e1m st\u0159\u00edl\u00ed g\u00f3l (zdroj: Chelseafc.com)\u00a0<\/em><\/span><\/span><\/p>\n<p><strong>G\u00f3ly: <\/strong>Mac\u00e1rio (66\u00b4) <strong>\u017dK: <\/strong>Payne &#8211; Carter<\/p>\n<p><strong>Everton (3-4-3): <\/strong>Brosnan; <span class=\"sp-c-lineup-pitch__player\" data-reactid=\".14y20mgwavi.0.0.0.1.$include-30.0.0.1:$panel-0.$0.0.0.0.2.0.0.1:$home-formation-row-1.$home-player-0\"><span class=\"sp-c-lineup-pitch__player__name gs-u-display-block@xs \" data-reactid=\".14y20mgwavi.0.0.0.1.$include-30.0.0.1:$panel-0.$0.0.0.0.2.0.0.1:$home-formation-row-1.$home-player-0.1\">Vanhaevermaet, <\/span><\/span><span class=\"sp-c-lineup-pitch__player\" data-reactid=\".14y20mgwavi.0.0.0.1.$include-30.0.0.1:$panel-0.$0.0.0.0.2.0.0.1:$home-formation-row-1.$home-player-1\"><span class=\"sp-c-lineup-pitch__player__name gs-u-display-block@xs \" data-reactid=\".14y20mgwavi.0.0.0.1.$include-30.0.0.1:$panel-0.$0.0.0.0.2.0.0.1:$home-formation-row-1.$home-player-1.1\">Finnigan, <\/span><\/span><span class=\"sp-c-lineup-pitch__player\" data-reactid=\".14y20mgwavi.0.0.0.1.$include-30.0.0.1:$panel-0.$0.0.0.0.2.0.0.1:$home-formation-row-1.$home-player-2\"><span class=\"sp-c-lineup-pitch__player__name gs-u-display-block@xs \" data-reactid=\".14y20mgwavi.0.0.0.1.$include-30.0.0.1:$panel-0.$0.0.0.0.2.0.0.1:$home-formation-row-1.$home-player-2.1\">Stenevik; Galli, Wheeler, Bennison (Bissell 84\u00b4), K\u00fchl (Hope 72\u00b4); Piemonte, Payne (Madsen 71\u00b4), Snoeijs (Dale 83\u00b4)<\/span><\/span><\/p>\n<p><strong>Chelsea (4-3-3): <\/strong>Mu\u0161ovi\u010d; <span class=\"sp-c-lineup-pitch__player\" data-reactid=\".14y20mgwavi.0.0.0.1.$include-30.0.0.1:$panel-0.$0.0.0.1.2.0.0.1:$away-formation-row-1.$away-player-0\"><span class=\"sp-c-lineup-pitch__player__name gs-u-display-block@xs \" data-reactid=\".14y20mgwavi.0.0.0.1.$include-30.0.0.1:$panel-0.$0.0.0.1.2.0.0.1:$away-formation-row-1.$away-player-0.1\">P\u00e9risset, <\/span><\/span><span class=\"sp-c-lineup-pitch__player\" data-reactid=\".14y20mgwavi.0.0.0.1.$include-30.0.0.1:$panel-0.$0.0.0.1.2.0.0.1:$away-formation-row-1.$away-player-1\"><span class=\"sp-c-lineup-pitch__player__name gs-u-display-block@xs \" data-reactid=\".14y20mgwavi.0.0.0.1.$include-30.0.0.1:$panel-0.$0.0.0.1.2.0.0.1:$away-formation-row-1.$away-player-1.1\">N\u00fcsken, <\/span><\/span><span class=\"sp-c-lineup-pitch__player\" data-reactid=\".14y20mgwavi.0.0.0.1.$include-30.0.0.1:$panel-0.$0.0.0.1.2.0.0.1:$away-formation-row-1.$away-player-2\"><span class=\"sp-c-lineup-pitch__player__name gs-u-display-block@xs \" data-reactid=\".14y20mgwavi.0.0.0.1.$include-30.0.0.1:$panel-0.$0.0.0.1.2.0.0.1:$away-formation-row-1.$away-player-2.1\">Bj\u00f6rn (Charles 14\u00b4), <\/span><\/span><span class=\"sp-c-lineup-pitch__player\" data-reactid=\".14y20mgwavi.0.0.0.1.$include-30.0.0.1:$panel-0.$0.0.0.1.2.0.0.1:$away-formation-row-1.$away-player-3\"><span class=\"sp-c-lineup-pitch__player__name gs-u-display-block@xs \" data-reactid=\".14y20mgwavi.0.0.0.1.$include-30.0.0.1:$panel-0.$0.0.0.1.2.0.0.1:$away-formation-row-1.$away-player-3.1\">Carter (Hamano 79\u00b4); \u010cankovi\u010d (James 63\u00b4), Ingle (Leupolz 63\u00b4), Cuthbert; Rytting-Kaneryd, Kirby (Mac\u00e1rio 63\u00b4), Beever-Jones<\/span><\/span><\/p>\n<p><strong>Rozhod\u010d\u00ed: <\/strong>Abigail Byrne\u00a0 <strong>Everton player of the match:<\/strong> Elise Stenevik<\/p>\n","protected":false},"excerpt":{"rendered":"<p>Na dom\u00e1c\u00ed anglick\u00fd tr\u00e1vn\u00edk Walton Hall Park zav\u00edtalo \u010dtvrtfin\u00e1le FA Cup a s n\u00edm i sou\u010dasn\u00e9 dr\u017eitelky \u017eensk\u00e9 verze u\u0161at\u00e9ho poh\u00e1ru (kter\u00e1 je bohu\u017eel bez u\u0161\u00ed) &#8211; fotbalistky Chelsea.<\/p>\n","protected":false},"author":26,"featured_media":24130,"comment_status":"open","ping_status":"closed","sticky":false,"template":"","format":"standard","meta":{"_eb_attr":"","_monsterinsights_skip_tracking":false,"_monsterinsights_sitenote_active":false,"_monsterinsights_sitenote_note":"","_monsterinsights_sitenote_category":0,"footnotes":""},"categories":[110],"tags":[],"yoast_head":"<!-- This site is optimized with the Yoast SEO plugin v23.4 - https:\/\/yoast.com\/wordpress\/plugins\/seo\/ -->\n<title>WFA Cup: Everton W - Chelsea W 0:1 - Official Czech &amp; Slovak Everton Supporters&#039; Club<\/title>\n<meta name=\"robots\" content=\"index, follow, max-snippet:-1, max-image-preview:large, max-video-preview:-1\" \/>\n<link rel=\"canonical\" href=\"https:\/\/evertonfc.cz\/index.php\/2024\/03\/14\/wfa-cup-everton-w-chelsea-w-01\/\" \/>\n<meta property=\"og:locale\" content=\"cs_CZ\" \/>\n<meta property=\"og:type\" content=\"article\" \/>\n<meta property=\"og:title\" content=\"WFA Cup: Everton W - Chelsea W 0:1 - Official Czech &amp; Slovak Everton Supporters&#039; Club\" \/>\n<meta property=\"og:description\" content=\"Na dom\u00e1c\u00ed anglick\u00fd tr\u00e1vn\u00edk Walton Hall Park zav\u00edtalo \u010dtvrtfin\u00e1le FA Cup a s n\u00edm i sou\u010dasn\u00e9 dr\u017eitelky \u017eensk\u00e9 verze u\u0161at\u00e9ho poh\u00e1ru (kter\u00e1 je bohu\u017eel bez u\u0161\u00ed) - fotbalistky Chelsea.\" \/>\n<meta property=\"og:url\" content=\"https:\/\/evertonfc.cz\/index.php\/2024\/03\/14\/wfa-cup-everton-w-chelsea-w-01\/\" \/>\n<meta property=\"og:site_name\" content=\"Official Czech &amp; Slovak Everton Supporters&#039; Club\" \/>\n<meta property=\"article:publisher\" content=\"https:\/\/www.facebook.com\/everton.fans.cz.sk\" \/>\n<meta property=\"article:published_time\" content=\"2024-03-14T18:20:09+00:00\" \/>\n<meta property=\"article:modified_time\" content=\"2024-03-29T15:20:29+00:00\" \/>\n<meta property=\"og:image\" content=\"https:\/\/evertonfc.cz\/wp-content\/uploads\/2024\/03\/Women_-_Everton_-_Macario_celebration-10_3_2024-web-.jpg\" \/>\n\t<meta property=\"og:image:width\" content=\"720\" \/>\n\t<meta property=\"og:image:height\" content=\"405\" \/>\n\t<meta property=\"og:image:type\" content=\"image\/jpeg\" \/>\n<meta name=\"author\" content=\"Karamela\" \/>\n<meta name=\"twitter:card\" content=\"summary_large_image\" \/>\n<meta name=\"twitter:label1\" content=\"Napsal(a)\" \/>\n\t<meta name=\"twitter:data1\" content=\"Karamela\" \/>\n\t<meta name=\"twitter:label2\" content=\"Odhadovan\u00e1 doba \u010dten\u00ed\" \/>\n\t<meta name=\"twitter:data2\" content=\"4 minuty\" \/>\n<script type=\"application\/ld+json\" class=\"yoast-schema-graph\">{\"@context\":\"https:\/\/schema.org\",\"@graph\":[{\"@type\":\"Article\",\"@id\":\"https:\/\/evertonfc.cz\/index.php\/2024\/03\/14\/wfa-cup-everton-w-chelsea-w-01\/#article\",\"isPartOf\":{\"@id\":\"https:\/\/evertonfc.cz\/index.php\/2024\/03\/14\/wfa-cup-everton-w-chelsea-w-01\/\"},\"author\":{\"name\":\"Karamela\",\"@id\":\"https:\/\/evertonfc.cz\/#\/schema\/person\/e9a24a80a32efa1344dd2c4e5882185c\"},\"headline\":\"WFA Cup: Everton W &#8211; Chelsea W 0:1\",\"datePublished\":\"2024-03-14T18:20:09+00:00\",\"dateModified\":\"2024-03-29T15:20:29+00:00\",\"mainEntityOfPage\":{\"@id\":\"https:\/\/evertonfc.cz\/index.php\/2024\/03\/14\/wfa-cup-everton-w-chelsea-w-01\/\"},\"wordCount\":778,\"commentCount\":7,\"publisher\":{\"@id\":\"https:\/\/evertonfc.cz\/#organization\"},\"image\":{\"@id\":\"https:\/\/evertonfc.cz\/index.php\/2024\/03\/14\/wfa-cup-everton-w-chelsea-w-01\/#primaryimage\"},\"thumbnailUrl\":\"https:\/\/evertonfc.cz\/wp-content\/uploads\/2024\/03\/Women_-_Everton_-_Macario_celebration-10_3_2024-web-.jpg\",\"articleSection\":[\"Everton Women\"],\"inLanguage\":\"cs\",\"potentialAction\":[{\"@type\":\"CommentAction\",\"name\":\"Comment\",\"target\":[\"https:\/\/evertonfc.cz\/index.php\/2024\/03\/14\/wfa-cup-everton-w-chelsea-w-01\/#respond\"]}]},{\"@type\":\"WebPage\",\"@id\":\"https:\/\/evertonfc.cz\/index.php\/2024\/03\/14\/wfa-cup-everton-w-chelsea-w-01\/\",\"url\":\"https:\/\/evertonfc.cz\/index.php\/2024\/03\/14\/wfa-cup-everton-w-chelsea-w-01\/\",\"name\":\"WFA Cup: Everton W - Chelsea W 0:1 - Official Czech &amp; Slovak Everton Supporters&#039; Club\",\"isPartOf\":{\"@id\":\"https:\/\/evertonfc.cz\/#website\"},\"primaryImageOfPage\":{\"@id\":\"https:\/\/evertonfc.cz\/index.php\/2024\/03\/14\/wfa-cup-everton-w-chelsea-w-01\/#primaryimage\"},\"image\":{\"@id\":\"https:\/\/evertonfc.cz\/index.php\/2024\/03\/14\/wfa-cup-everton-w-chelsea-w-01\/#primaryimage\"},\"thumbnailUrl\":\"https:\/\/evertonfc.cz\/wp-content\/uploads\/2024\/03\/Women_-_Everton_-_Macario_celebration-10_3_2024-web-.jpg\",\"datePublished\":\"2024-03-14T18:20:09+00:00\",\"dateModified\":\"2024-03-29T15:20:29+00:00\",\"breadcrumb\":{\"@id\":\"https:\/\/evertonfc.cz\/index.php\/2024\/03\/14\/wfa-cup-everton-w-chelsea-w-01\/#breadcrumb\"},\"inLanguage\":\"cs\",\"potentialAction\":[{\"@type\":\"ReadAction\",\"target\":[\"https:\/\/evertonfc.cz\/index.php\/2024\/03\/14\/wfa-cup-everton-w-chelsea-w-01\/\"]}]},{\"@type\":\"ImageObject\",\"inLanguage\":\"cs\",\"@id\":\"https:\/\/evertonfc.cz\/index.php\/2024\/03\/14\/wfa-cup-everton-w-chelsea-w-01\/#primaryimage\",\"url\":\"https:\/\/evertonfc.cz\/wp-content\/uploads\/2024\/03\/Women_-_Everton_-_Macario_celebration-10_3_2024-web-.jpg\",\"contentUrl\":\"https:\/\/evertonfc.cz\/wp-content\/uploads\/2024\/03\/Women_-_Everton_-_Macario_celebration-10_3_2024-web-.jpg\",\"width\":720,\"height\":405},{\"@type\":\"BreadcrumbList\",\"@id\":\"https:\/\/evertonfc.cz\/index.php\/2024\/03\/14\/wfa-cup-everton-w-chelsea-w-01\/#breadcrumb\",\"itemListElement\":[{\"@type\":\"ListItem\",\"position\":1,\"name\":\"Home\",\"item\":\"https:\/\/evertonfc.cz\/\"},{\"@type\":\"ListItem\",\"position\":2,\"name\":\"WFA Cup: Everton W &#8211; Chelsea W 0:1\"}]},{\"@type\":\"WebSite\",\"@id\":\"https:\/\/evertonfc.cz\/#website\",\"url\":\"https:\/\/evertonfc.cz\/\",\"name\":\"Official Czech &amp; Slovak Everton Supporters&#039; Club\",\"description\":\"\",\"publisher\":{\"@id\":\"https:\/\/evertonfc.cz\/#organization\"},\"potentialAction\":[{\"@type\":\"SearchAction\",\"target\":{\"@type\":\"EntryPoint\",\"urlTemplate\":\"https:\/\/evertonfc.cz\/?s={search_term_string}\"},\"query-input\":{\"@type\":\"PropertyValueSpecification\",\"valueRequired\":true,\"valueName\":\"search_term_string\"}}],\"inLanguage\":\"cs\"},{\"@type\":\"Organization\",\"@id\":\"https:\/\/evertonfc.cz\/#organization\",\"name\":\"Official Czech & Slovak Everton Supporters' Club\",\"url\":\"https:\/\/evertonfc.cz\/\",\"logo\":{\"@type\":\"ImageObject\",\"inLanguage\":\"cs\",\"@id\":\"https:\/\/evertonfc.cz\/#\/schema\/logo\/image\/\",\"url\":\"https:\/\/evertonfc.cz\/wp-content\/uploads\/2019\/05\/logo.png\",\"contentUrl\":\"https:\/\/evertonfc.cz\/wp-content\/uploads\/2019\/05\/logo.png\",\"width\":112,\"height\":112,\"caption\":\"Official Czech & Slovak Everton Supporters' Club\"},\"image\":{\"@id\":\"https:\/\/evertonfc.cz\/#\/schema\/logo\/image\/\"},\"sameAs\":[\"https:\/\/www.facebook.com\/everton.fans.cz.sk\"]},{\"@type\":\"Person\",\"@id\":\"https:\/\/evertonfc.cz\/#\/schema\/person\/e9a24a80a32efa1344dd2c4e5882185c\",\"name\":\"Karamela\",\"url\":\"https:\/\/evertonfc.cz\/index.php\/author\/karamela\/\"}]}<\/script>\n<!-- \/ Yoast SEO plugin. -->","yoast_head_json":{"title":"WFA Cup: Everton W - Chelsea W 0:1 - Official Czech &amp; Slovak Everton Supporters&#039; Club","robots":{"index":"index","follow":"follow","max-snippet":"max-snippet:-1","max-image-preview":"max-image-preview:large","max-video-preview":"max-video-preview:-1"},"canonical":"https:\/\/evertonfc.cz\/index.php\/2024\/03\/14\/wfa-cup-everton-w-chelsea-w-01\/","og_locale":"cs_CZ","og_type":"article","og_title":"WFA Cup: Everton W - Chelsea W 0:1 - Official Czech &amp; Slovak Everton Supporters&#039; Club","og_description":"Na dom\u00e1c\u00ed anglick\u00fd tr\u00e1vn\u00edk Walton Hall Park zav\u00edtalo \u010dtvrtfin\u00e1le FA Cup a s n\u00edm i sou\u010dasn\u00e9 dr\u017eitelky \u017eensk\u00e9 verze u\u0161at\u00e9ho poh\u00e1ru (kter\u00e1 je bohu\u017eel bez u\u0161\u00ed) - fotbalistky Chelsea.","og_url":"https:\/\/evertonfc.cz\/index.php\/2024\/03\/14\/wfa-cup-everton-w-chelsea-w-01\/","og_site_name":"Official Czech &amp; Slovak Everton Supporters&#039; Club","article_publisher":"https:\/\/www.facebook.com\/everton.fans.cz.sk","article_published_time":"2024-03-14T18:20:09+00:00","article_modified_time":"2024-03-29T15:20:29+00:00","og_image":[{"width":720,"height":405,"url":"https:\/\/evertonfc.cz\/wp-content\/uploads\/2024\/03\/Women_-_Everton_-_Macario_celebration-10_3_2024-web-.jpg","type":"image\/jpeg"}],"author":"Karamela","twitter_card":"summary_large_image","twitter_misc":{"Napsal(a)":"Karamela","Odhadovan\u00e1 doba \u010dten\u00ed":"4 minuty"},"schema":{"@context":"https:\/\/schema.org","@graph":[{"@type":"Article","@id":"https:\/\/evertonfc.cz\/index.php\/2024\/03\/14\/wfa-cup-everton-w-chelsea-w-01\/#article","isPartOf":{"@id":"https:\/\/evertonfc.cz\/index.php\/2024\/03\/14\/wfa-cup-everton-w-chelsea-w-01\/"},"author":{"name":"Karamela","@id":"https:\/\/evertonfc.cz\/#\/schema\/person\/e9a24a80a32efa1344dd2c4e5882185c"},"headline":"WFA Cup: Everton W &#8211; Chelsea W 0:1","datePublished":"2024-03-14T18:20:09+00:00","dateModified":"2024-03-29T15:20:29+00:00","mainEntityOfPage":{"@id":"https:\/\/evertonfc.cz\/index.php\/2024\/03\/14\/wfa-cup-everton-w-chelsea-w-01\/"},"wordCount":778,"commentCount":7,"publisher":{"@id":"https:\/\/evertonfc.cz\/#organization"},"image":{"@id":"https:\/\/evertonfc.cz\/index.php\/2024\/03\/14\/wfa-cup-everton-w-chelsea-w-01\/#primaryimage"},"thumbnailUrl":"https:\/\/evertonfc.cz\/wp-content\/uploads\/2024\/03\/Women_-_Everton_-_Macario_celebration-10_3_2024-web-.jpg","articleSection":["Everton Women"],"inLanguage":"cs","potentialAction":[{"@type":"CommentAction","name":"Comment","target":["https:\/\/evertonfc.cz\/index.php\/2024\/03\/14\/wfa-cup-everton-w-chelsea-w-01\/#respond"]}]},{"@type":"WebPage","@id":"https:\/\/evertonfc.cz\/index.php\/2024\/03\/14\/wfa-cup-everton-w-chelsea-w-01\/","url":"https:\/\/evertonfc.cz\/index.php\/2024\/03\/14\/wfa-cup-everton-w-chelsea-w-01\/","name":"WFA Cup: Everton W - Chelsea W 0:1 - Official Czech &amp; Slovak Everton Supporters&#039; Club","isPartOf":{"@id":"https:\/\/evertonfc.cz\/#website"},"primaryImageOfPage":{"@id":"https:\/\/evertonfc.cz\/index.php\/2024\/03\/14\/wfa-cup-everton-w-chelsea-w-01\/#primaryimage"},"image":{"@id":"https:\/\/evertonfc.cz\/index.php\/2024\/03\/14\/wfa-cup-everton-w-chelsea-w-01\/#primaryimage"},"thumbnailUrl":"https:\/\/evertonfc.cz\/wp-content\/uploads\/2024\/03\/Women_-_Everton_-_Macario_celebration-10_3_2024-web-.jpg","datePublished":"2024-03-14T18:20:09+00:00","dateModified":"2024-03-29T15:20:29+00:00","breadcrumb":{"@id":"https:\/\/evertonfc.cz\/index.php\/2024\/03\/14\/wfa-cup-everton-w-chelsea-w-01\/#breadcrumb"},"inLanguage":"cs","potentialAction":[{"@type":"ReadAction","target":["https:\/\/evertonfc.cz\/index.php\/2024\/03\/14\/wfa-cup-everton-w-chelsea-w-01\/"]}]},{"@type":"ImageObject","inLanguage":"cs","@id":"https:\/\/evertonfc.cz\/index.php\/2024\/03\/14\/wfa-cup-everton-w-chelsea-w-01\/#primaryimage","url":"https:\/\/evertonfc.cz\/wp-content\/uploads\/2024\/03\/Women_-_Everton_-_Macario_celebration-10_3_2024-web-.jpg","contentUrl":"https:\/\/evertonfc.cz\/wp-content\/uploads\/2024\/03\/Women_-_Everton_-_Macario_celebration-10_3_2024-web-.jpg","width":720,"height":405},{"@type":"BreadcrumbList","@id":"https:\/\/evertonfc.cz\/index.php\/2024\/03\/14\/wfa-cup-everton-w-chelsea-w-01\/#breadcrumb","itemListElement":[{"@type":"ListItem","position":1,"name":"Home","item":"https:\/\/evertonfc.cz\/"},{"@type":"ListItem","position":2,"name":"WFA Cup: Everton W &#8211; Chelsea W 0:1"}]},{"@type":"WebSite","@id":"https:\/\/evertonfc.cz\/#website","url":"https:\/\/evertonfc.cz\/","name":"Official Czech &amp; Slovak Everton Supporters&#039; Club","description":"","publisher":{"@id":"https:\/\/evertonfc.cz\/#organization"},"potentialAction":[{"@type":"SearchAction","target":{"@type":"EntryPoint","urlTemplate":"https:\/\/evertonfc.cz\/?s={search_term_string}"},"query-input":{"@type":"PropertyValueSpecification","valueRequired":true,"valueName":"search_term_string"}}],"inLanguage":"cs"},{"@type":"Organization","@id":"https:\/\/evertonfc.cz\/#organization","name":"Official Czech & Slovak Everton Supporters' Club","url":"https:\/\/evertonfc.cz\/","logo":{"@type":"ImageObject","inLanguage":"cs","@id":"https:\/\/evertonfc.cz\/#\/schema\/logo\/image\/","url":"https:\/\/evertonfc.cz\/wp-content\/uploads\/2019\/05\/logo.png","contentUrl":"https:\/\/evertonfc.cz\/wp-content\/uploads\/2019\/05\/logo.png","width":112,"height":112,"caption":"Official Czech & Slovak Everton Supporters' Club"},"image":{"@id":"https:\/\/evertonfc.cz\/#\/schema\/logo\/image\/"},"sameAs":["https:\/\/www.facebook.com\/everton.fans.cz.sk"]},{"@type":"Person","@id":"https:\/\/evertonfc.cz\/#\/schema\/person\/e9a24a80a32efa1344dd2c4e5882185c","name":"Karamela","url":"https:\/\/evertonfc.cz\/index.php\/author\/karamela\/"}]}},"_links":{"self":[{"href":"https:\/\/evertonfc.cz\/index.php\/wp-json\/wp\/v2\/posts\/24112"}],"collection":[{"href":"https:\/\/evertonfc.cz\/index.php\/wp-json\/wp\/v2\/posts"}],"about":[{"href":"https:\/\/evertonfc.cz\/index.php\/wp-json\/wp\/v2\/types\/post"}],"author":[{"embeddable":true,"href":"https:\/\/evertonfc.cz\/index.php\/wp-json\/wp\/v2\/users\/26"}],"replies":[{"embeddable":true,"href":"https:\/\/evertonfc.cz\/index.php\/wp-json\/wp\/v2\/comments?post=24112"}],"version-history":[{"count":11,"href":"https:\/\/evertonfc.cz\/index.php\/wp-json\/wp\/v2\/posts\/24112\/revisions"}],"predecessor-version":[{"id":24172,"href":"https:\/\/evertonfc.cz\/index.php\/wp-json\/wp\/v2\/posts\/24112\/revisions\/24172"}],"wp:featuredmedia":[{"embeddable":true,"href":"https:\/\/evertonfc.cz\/index.php\/wp-json\/wp\/v2\/media\/24130"}],"wp:attachment":[{"href":"https:\/\/evertonfc.cz\/index.php\/wp-json\/wp\/v2\/media?parent=24112"}],"wp:term":[{"taxonomy":"category","embeddable":true,"href":"https:\/\/evertonfc.cz\/index.php\/wp-json\/wp\/v2\/categories?post=24112"},{"taxonomy":"post_tag","embeddable":true,"href":"https:\/\/evertonfc.cz\/index.php\/wp-json\/wp\/v2\/tags?post=24112"}],"curies":[{"name":"wp","href":"https:\/\/api.w.org\/{rel}","templated":true}]}}