{"id":24137,"date":"2024-03-20T21:21:39","date_gmt":"2024-03-20T20:21:39","guid":{"rendered":"https:\/\/evertonfc.cz\/?p=24137"},"modified":"2024-03-21T12:30:53","modified_gmt":"2024-03-21T11:30:53","slug":"everton-w-aston-villa-w-12","status":"publish","type":"post","link":"https:\/\/evertonfc.cz\/index.php\/2024\/03\/20\/everton-w-aston-villa-w-12\/","title":{"rendered":"Everton W &#8211; Aston Villa W 1:2"},"content":{"rendered":"<h4>Je to \u0161patn\u00e9, v dom\u00e1c\u00edm ligov\u00e9m z\u00e1pase jsme padli s Villans a kr\u010d\u00edme se ve spodn\u00edch vrstv\u00e1ch ligov\u00e9 tabulky.<\/h4>\n<p>P\u0159ed dom\u00e1c\u00edmi fanou\u0161ky se n\u00e1\u0161 zran\u011bn\u00edmi a nemocemi zdecimovan\u00fd t\u00fdm doufal p\u0159edstavit v dobr\u00e9m sv\u011btle a kone\u010dn\u011b z\u00edskat t\u0159i body. Brian S\u00f8rensen to ve sv\u00e9m 50. z\u00e1pase u kormidla Evertonu nem\u011bl lehk\u00e9. Sice se mu nakonec poda\u0159ilo sesadit slu\u0161nou z\u00e1kladn\u00ed sestavu, ale na relevantn\u00ed lavi\u010dku to p\u0159i dev\u00edti chyb\u011bj\u00edc\u00edch hr\u00e1\u010dk\u00e1ch u\u017e p\u0159i nejlep\u0161\u00ed v\u016fli nesta\u010dilo. Ani pro Villu ani pro n\u00e1s se zat\u00edm liga nevyv\u00edj\u00ed podle p\u0159edsez\u00f3nn\u00edch p\u0159edstav, motivaci ke slu\u0161n\u00e9mu v\u00fdkonu tedy m\u011bly oba t\u00fdmy silnou.<\/p>\n<h4>Prvn\u00ed polo\u010das<\/h4>\n<p>vypadal pro na\u0161e barvy velmi nad\u011bjn\u011b. Stejn\u011b jako v poh\u00e1rov\u00e9m utk\u00e1n\u00ed s Chelsea jsme prvn\u00ed p\u016flhodinu m\u011bli na h\u0159i\u0161ti p\u0159evahu. Bohu\u017eel se n\u00e1m j\u00ed ani v nejmen\u0161\u00edm nepoda\u0159ilo p\u0159etavit ani do \u0161ance, nato\u017e pak do g\u00f3lu. Jedinou na\u0161\u00ed st\u0159elu na br\u00e1nu za polo\u010das vytvo\u0159ila <span class=\"sp-c-lineup-pitch__player\" data-reactid=\".yo0jydt0pi.0.0.0.1.$include-10.0.0.1:$panel-0.$0.0.0.0.2.0.0.1:$home-formation-row-1.$home-player-0\"><span class=\"sp-c-lineup-pitch__player__name gs-u-display-block@xs \" data-reactid=\".yo0jydt0pi.0.0.0.1.$include-10.0.0.1:$panel-0.$0.0.0.0.2.0.0.1:$home-formation-row-1.$home-player-0.1\">Vanhaevermaet, a to je\u0161t\u011b byla nejsp\u00ed\u0161 zam\u00fd\u0161lena jako nem\u00ed\u0159en\u00fd centr. Bennison sice donutila Leat k letu, ale z\u00e1sah hostuj\u00edc\u00ed brank\u00e1\u0159ky zblokoval u\u017e m\u00ed\u010d sm\u011b\u0159uj\u00edc\u00ed mimo. Jinak se na\u0161e \u00fato\u010dn\u00e9 kon\u00e1n\u00ed omezovalo na rozhazov\u00e1n\u00ed rukama ve v\u00e1pn\u011b soupe\u0159ek, a st\u0159elbu na m\u00edle daleko mimo br\u00e1nu. Koncem polo\u010dasu se u\u017e hostuj\u00edc\u00ed hr\u00e1\u010dky zah\u0159\u00e1ly na provozn\u00ed teplotu a za\u010dalo se hr\u00e1t i na na\u0161\u00ed polovin\u011b. V\u00fdsledkem byla i r\u00e1na Leon, kterou se Brosnan sice poda\u0159ilo zkrotit, ale moc sebejist\u011b p\u0159i tom nep\u016fsobila. Do \u0161aten tak oba t\u00fdmy odch\u00e1zely za bezg\u00f3lov\u00e9ho stavu.\u00a0<\/span><\/span><\/p>\n<h4>Druh\u00fd polo\u010das<\/h4>\n<p>za\u010dal opatrn\u011b z obou stran. V 55. minut\u011b po ne\u0161\u0165astn\u00e9m skluzu Hope a ztr\u00e1t\u011b m\u00ed\u010de se dostaly dop\u0159edu Villans a Kenza Dali nen\u00e1padnou sk\u00e1kavou st\u0159elou zav\u011bsila sv\u016fj prvn\u00ed g\u00f3l sez\u00f3ny &#8211; <strong>0:1<\/strong>. Obdr\u017een\u00e1 branka n\u00e1s pohnula k v\u011bt\u0161\u00ed aktivit\u011b, ale v\u0161e marn\u00e9, na br\u00e1nu vyst\u0159elit jsme nedok\u00e1zali. Zato hostky ano. V 60. minut\u011b si Ebony Salmon vysko\u010dila na p\u0159ihr\u00e1vku Nobbs a hlavou zv\u00fd\u0161ila veden\u00ed &#8211; <strong>0:2<\/strong>. Na\u0161e piln\u00e9, le\u010d bezzub\u00e9 sna\u017een\u00ed po obdr\u017een\u00e9 brance pokra\u010dovalo. Birminghamsk\u00e9 sice tak\u00e9 nep\u0159edvedly nic moc, ale vzhledem k dvoug\u00f3lov\u00e9mu n\u00e1skoku hr\u00e1ly ve v\u011bt\u0161\u00ed pohod\u011b. V 85. minut\u011b vyk\u0159esala trochu nad\u011bje Stenevik, kdy\u017e hlavou zu\u017eitkovala v\u00fdborn\u00fd centr Galli &#8211; <strong>1:2<\/strong>. Kdo z modr\u00fdch doufal je\u0161t\u011b ve vyrovn\u00e1n\u00ed, ten utrp\u011bl dal\u0161\u00ed zklam\u00e1n\u00ed v podob\u011b dlouh\u00fdch n\u00e1kop\u016f a marn\u00e9ho\u00a0 obl\u00e9h\u00e1n\u00ed v\u00e1pna Villy. V posledn\u00edch sekund\u00e1ch utk\u00e1n\u00ed stihla je\u0161t\u011b Stenevik\u00a0 faulovat za druhou \u017elutou a tedy vyfasovala vz\u00e1p\u011bt\u00ed i \u010dervenou, \u010d\u00edm\u017e se cel\u00e9 utk\u00e1n\u00ed p\u0159\u00edhodn\u011b uzav\u0159elo.<\/p>\n<h4>Shrnut\u00ed<\/h4>\n<p>Dal\u0161\u00ed prohra na dom\u00e1c\u00edm stadionu, dal\u0161\u00ed prohra po sna\u017eiv\u00e9m, ale steriln\u00edm v\u00fdkonu. Na\u0161e neschopnost st\u0159elit g\u00f3l je a\u017e neuv\u011b\u0159iteln\u00e1. Za\u010d\u00edn\u00e1m pomalu rozum\u011bt zoufal\u00e9mu rozhazov\u00e1n\u00ed rukama Piemonte, kter\u00e9 si p\u0159inejmen\u0161\u00edm dnes n\u011bkolikr\u00e1t v nad\u011bjn\u00e9 pozici \u0159\u00edkala o m\u00ed\u010d, ale nedostala jej. Dlouhou \u0159adu absentuj\u00edc\u00edch hr\u00e1\u010dek\u00a0 je\u0161t\u011b v dal\u0161\u00edm utk\u00e1n\u00edch obohat\u00ed vykartovan\u00e1 Stenevik. Do Merseyside derby tedy op\u011bt budeme vstupovat s obranou v trosk\u00e1ch. Tak, jako podstatnou \u010d\u00e1st t\u00e9to sez\u00f3ny. Mo\u017en\u00e1 S\u00f8rensen stav\u00ed t\u00fdm pro budouc\u00ed l\u00e9ta. T\u0159eba, snad. Ale pokud mu okolnosti neumo\u017en\u00ed se stejnou sestavou odehr\u00e1t \u0161\u0148\u016fru v\u00edce z\u00e1pas\u016f po sob\u011b, je budov\u00e1n\u00ed hern\u00edho stylu a n\u00e1vyk\u016f obt\u00ed\u017en\u00e9. A to se letos opravdu neda\u0159\u00ed. Do ned\u011bln\u00edho derby v\u016fbec nevstupujeme jako favorit\u00e9 a rozhodn\u011b nebudeme ani v ide\u00e1ln\u00ed sestav\u011b. Ale v derby se m\u016f\u017ee st\u00e1t jak zn\u00e1mo cokoliv. Tak <strong><span style=\"color: #0000ff; --darkreader-inline-color: #3d3db6;\" data-darkreader-inline-color=\"\">COYB!<\/span><\/strong><\/p>\n<p style=\"text-align: right;\"><span style=\"font-size: 8pt;\"><em>Fotografie: Elise Stenevik (zdroj: Getty Images via roayalbluemersey.sbnation.com)<\/em><\/span><\/p>\n<p><strong>G\u00f3ly:<\/strong> Stenevik (85\u00b4) &#8211; Dali (55\u00b4), Salmon (60\u00b4)\u00a0 <strong>\u017dK: <\/strong>Stenevik &#8211; Taylor\u00a0 <strong>\u010cK:<\/strong> Stenevik<\/p>\n<p><strong>Everton (3-4-3):<\/strong> Brosnan; <span class=\"sp-c-lineup-pitch__player\" data-reactid=\".yo0jydt0pi.0.0.0.1.$include-10.0.0.1:$panel-0.$0.0.0.0.2.0.0.1:$home-formation-row-1.$home-player-0\"><span class=\"sp-c-lineup-pitch__player__name gs-u-display-block@xs \" data-reactid=\".yo0jydt0pi.0.0.0.1.$include-10.0.0.1:$panel-0.$0.0.0.0.2.0.0.1:$home-formation-row-1.$home-player-0.1\">Vanhaevermaet, <\/span><\/span><span class=\"sp-c-lineup-pitch__player\" data-reactid=\".yo0jydt0pi.0.0.0.1.$include-10.0.0.1:$panel-0.$0.0.0.0.2.0.0.1:$home-formation-row-1.$home-player-1\"><span class=\"sp-c-lineup-pitch__player__name gs-u-display-block@xs \" data-reactid=\".yo0jydt0pi.0.0.0.1.$include-10.0.0.1:$panel-0.$0.0.0.0.2.0.0.1:$home-formation-row-1.$home-player-1.1\">Finnigan, <\/span><\/span><span class=\"sp-c-lineup-pitch__player\" data-reactid=\".yo0jydt0pi.0.0.0.1.$include-10.0.0.1:$panel-0.$0.0.0.0.2.0.0.1:$home-formation-row-1.$home-player-2\"><span class=\"sp-c-lineup-pitch__player__name gs-u-display-block@xs \" data-reactid=\".yo0jydt0pi.0.0.0.1.$include-10.0.0.1:$panel-0.$0.0.0.0.2.0.0.1:$home-formation-row-1.$home-player-2.1\">Stenevik; Galli, Bennison, Wheeler, K\u00fchl (Hobson 89\u00b4); Hope (Bissell 68\u00b4), Piemonte (Dale 68\u00b4), Snoeijs\u00a0<\/span><\/span><\/p>\n<p><strong>Aston Villa (3-4-3):\u00a0<\/strong>Leat; <span class=\"sp-c-lineup-pitch__player\" data-reactid=\".yo0jydt0pi.0.0.0.1.$include-10.0.0.1:$panel-0.$0.0.0.1.2.0.0.1:$away-formation-row-1.$away-player-0\"><span class=\"sp-c-lineup-pitch__player__name gs-u-display-block@xs \" data-reactid=\".yo0jydt0pi.0.0.0.1.$include-10.0.0.1:$panel-0.$0.0.0.1.2.0.0.1:$away-formation-row-1.$away-player-0.1\">Maritz, P<\/span><\/span><span class=\"sp-c-lineup-pitch__player\" data-reactid=\".yo0jydt0pi.0.0.0.1.$include-10.0.0.1:$panel-0.$0.0.0.1.2.0.0.1:$away-formation-row-1.$away-player-1\"><span class=\"sp-c-lineup-pitch__player__name gs-u-display-block@xs \" data-reactid=\".yo0jydt0pi.0.0.0.1.$include-10.0.0.1:$panel-0.$0.0.0.1.2.0.0.1:$away-formation-row-1.$away-player-1.1\">atten, <\/span><\/span><span class=\"sp-c-lineup-pitch__player\" data-reactid=\".yo0jydt0pi.0.0.0.1.$include-10.0.0.1:$panel-0.$0.0.0.1.2.0.0.1:$away-formation-row-1.$away-player-2\"><span class=\"sp-c-lineup-pitch__player__name gs-u-display-block@xs \" data-reactid=\".yo0jydt0pi.0.0.0.1.$include-10.0.0.1:$panel-0.$0.0.0.1.2.0.0.1:$away-formation-row-1.$away-player-2.1\">Turner; Mayling, Nobbs, Dali (Taylor 81\u00b4), Pacheco (Gregory 69\u00b4); Leon (Mullet 82\u00b4), Daly (Corsie 89\u00b4), Salmon (Magill 69\u00b4)<\/span><\/span><\/p>\n<p><strong>Rozhod\u010d\u00ed:\u00a0<\/strong>Phoebe Cross\u00a0 <strong>Div\u00e1ci:<\/strong> 1 097\u00a0 <strong>Everton Player Of The Match: <\/strong>Aurora Galli<\/p>\n<p><iframe loading=\"lazy\" title=\"Everton v Aston Villa | Full Match | Women&#039;s Super League | 16 March 2024\" width=\"1140\" height=\"641\" src=\"https:\/\/www.youtube.com\/embed\/2zNYMS82I0c?feature=oembed\" frameborder=\"0\" allow=\"accelerometer; autoplay; clipboard-write; encrypted-media; gyroscope; picture-in-picture; web-share\" allowfullscreen><\/iframe><\/p>\n","protected":false},"excerpt":{"rendered":"<p>Je to \u0161patn\u00e9, v dom\u00e1c\u00edm ligov\u00e9m z\u00e1pase jsme padli s Villans a kr\u010d\u00edme se ve spodn\u00edch vrstv\u00e1ch ligov\u00e9 tabulky.\u00a0<\/p>\n","protected":false},"author":26,"featured_media":24145,"comment_status":"open","ping_status":"closed","sticky":false,"template":"","format":"standard","meta":{"_eb_attr":"","_monsterinsights_skip_tracking":false,"_monsterinsights_sitenote_active":false,"_monsterinsights_sitenote_note":"","_monsterinsights_sitenote_category":0,"footnotes":""},"categories":[110],"tags":[],"yoast_head":"<!-- This site is optimized with the Yoast SEO plugin v23.4 - https:\/\/yoast.com\/wordpress\/plugins\/seo\/ -->\n<title>Everton W - Aston Villa W 1:2 - Official Czech &amp; Slovak Everton Supporters&#039; Club<\/title>\n<meta name=\"robots\" content=\"index, follow, max-snippet:-1, max-image-preview:large, max-video-preview:-1\" \/>\n<link rel=\"canonical\" href=\"https:\/\/evertonfc.cz\/index.php\/2024\/03\/20\/everton-w-aston-villa-w-12\/\" \/>\n<meta property=\"og:locale\" content=\"cs_CZ\" \/>\n<meta property=\"og:type\" content=\"article\" \/>\n<meta property=\"og:title\" content=\"Everton W - Aston Villa W 1:2 - Official Czech &amp; Slovak Everton Supporters&#039; Club\" \/>\n<meta property=\"og:description\" content=\"Je to \u0161patn\u00e9, v dom\u00e1c\u00edm ligov\u00e9m z\u00e1pase jsme padli s Villans a kr\u010d\u00edme se ve spodn\u00edch vrstv\u00e1ch ligov\u00e9 tabulky.\u00a0\" \/>\n<meta property=\"og:url\" content=\"https:\/\/evertonfc.cz\/index.php\/2024\/03\/20\/everton-w-aston-villa-w-12\/\" \/>\n<meta property=\"og:site_name\" content=\"Official Czech &amp; Slovak Everton Supporters&#039; Club\" \/>\n<meta property=\"article:publisher\" content=\"https:\/\/www.facebook.com\/everton.fans.cz.sk\" \/>\n<meta property=\"article:published_time\" content=\"2024-03-20T20:21:39+00:00\" \/>\n<meta property=\"article:modified_time\" content=\"2024-03-21T11:30:53+00:00\" \/>\n<meta property=\"og:image\" content=\"https:\/\/evertonfc.cz\/wp-content\/uploads\/2024\/03\/Stenevik-17_3_2024-web.jpg\" \/>\n\t<meta property=\"og:image:width\" content=\"720\" \/>\n\t<meta property=\"og:image:height\" content=\"405\" \/>\n\t<meta property=\"og:image:type\" content=\"image\/jpeg\" \/>\n<meta name=\"author\" content=\"Karamela\" \/>\n<meta name=\"twitter:card\" content=\"summary_large_image\" \/>\n<meta name=\"twitter:label1\" content=\"Napsal(a)\" \/>\n\t<meta name=\"twitter:data1\" content=\"Karamela\" \/>\n\t<meta name=\"twitter:label2\" content=\"Odhadovan\u00e1 doba \u010dten\u00ed\" \/>\n\t<meta name=\"twitter:data2\" content=\"4 minuty\" \/>\n<script type=\"application\/ld+json\" class=\"yoast-schema-graph\">{\"@context\":\"https:\/\/schema.org\",\"@graph\":[{\"@type\":\"Article\",\"@id\":\"https:\/\/evertonfc.cz\/index.php\/2024\/03\/20\/everton-w-aston-villa-w-12\/#article\",\"isPartOf\":{\"@id\":\"https:\/\/evertonfc.cz\/index.php\/2024\/03\/20\/everton-w-aston-villa-w-12\/\"},\"author\":{\"name\":\"Karamela\",\"@id\":\"https:\/\/evertonfc.cz\/#\/schema\/person\/e9a24a80a32efa1344dd2c4e5882185c\"},\"headline\":\"Everton W &#8211; Aston Villa W 1:2\",\"datePublished\":\"2024-03-20T20:21:39+00:00\",\"dateModified\":\"2024-03-21T11:30:53+00:00\",\"mainEntityOfPage\":{\"@id\":\"https:\/\/evertonfc.cz\/index.php\/2024\/03\/20\/everton-w-aston-villa-w-12\/\"},\"wordCount\":804,\"commentCount\":2,\"publisher\":{\"@id\":\"https:\/\/evertonfc.cz\/#organization\"},\"image\":{\"@id\":\"https:\/\/evertonfc.cz\/index.php\/2024\/03\/20\/everton-w-aston-villa-w-12\/#primaryimage\"},\"thumbnailUrl\":\"https:\/\/evertonfc.cz\/wp-content\/uploads\/2024\/03\/Stenevik-17_3_2024-web.jpg\",\"articleSection\":[\"Everton Women\"],\"inLanguage\":\"cs\",\"potentialAction\":[{\"@type\":\"CommentAction\",\"name\":\"Comment\",\"target\":[\"https:\/\/evertonfc.cz\/index.php\/2024\/03\/20\/everton-w-aston-villa-w-12\/#respond\"]}]},{\"@type\":\"WebPage\",\"@id\":\"https:\/\/evertonfc.cz\/index.php\/2024\/03\/20\/everton-w-aston-villa-w-12\/\",\"url\":\"https:\/\/evertonfc.cz\/index.php\/2024\/03\/20\/everton-w-aston-villa-w-12\/\",\"name\":\"Everton W - Aston Villa W 1:2 - Official Czech &amp; Slovak Everton Supporters&#039; Club\",\"isPartOf\":{\"@id\":\"https:\/\/evertonfc.cz\/#website\"},\"primaryImageOfPage\":{\"@id\":\"https:\/\/evertonfc.cz\/index.php\/2024\/03\/20\/everton-w-aston-villa-w-12\/#primaryimage\"},\"image\":{\"@id\":\"https:\/\/evertonfc.cz\/index.php\/2024\/03\/20\/everton-w-aston-villa-w-12\/#primaryimage\"},\"thumbnailUrl\":\"https:\/\/evertonfc.cz\/wp-content\/uploads\/2024\/03\/Stenevik-17_3_2024-web.jpg\",\"datePublished\":\"2024-03-20T20:21:39+00:00\",\"dateModified\":\"2024-03-21T11:30:53+00:00\",\"breadcrumb\":{\"@id\":\"https:\/\/evertonfc.cz\/index.php\/2024\/03\/20\/everton-w-aston-villa-w-12\/#breadcrumb\"},\"inLanguage\":\"cs\",\"potentialAction\":[{\"@type\":\"ReadAction\",\"target\":[\"https:\/\/evertonfc.cz\/index.php\/2024\/03\/20\/everton-w-aston-villa-w-12\/\"]}]},{\"@type\":\"ImageObject\",\"inLanguage\":\"cs\",\"@id\":\"https:\/\/evertonfc.cz\/index.php\/2024\/03\/20\/everton-w-aston-villa-w-12\/#primaryimage\",\"url\":\"https:\/\/evertonfc.cz\/wp-content\/uploads\/2024\/03\/Stenevik-17_3_2024-web.jpg\",\"contentUrl\":\"https:\/\/evertonfc.cz\/wp-content\/uploads\/2024\/03\/Stenevik-17_3_2024-web.jpg\",\"width\":720,\"height\":405},{\"@type\":\"BreadcrumbList\",\"@id\":\"https:\/\/evertonfc.cz\/index.php\/2024\/03\/20\/everton-w-aston-villa-w-12\/#breadcrumb\",\"itemListElement\":[{\"@type\":\"ListItem\",\"position\":1,\"name\":\"Home\",\"item\":\"https:\/\/evertonfc.cz\/\"},{\"@type\":\"ListItem\",\"position\":2,\"name\":\"Everton W &#8211; Aston Villa W 1:2\"}]},{\"@type\":\"WebSite\",\"@id\":\"https:\/\/evertonfc.cz\/#website\",\"url\":\"https:\/\/evertonfc.cz\/\",\"name\":\"Official Czech &amp; Slovak Everton Supporters&#039; Club\",\"description\":\"\",\"publisher\":{\"@id\":\"https:\/\/evertonfc.cz\/#organization\"},\"potentialAction\":[{\"@type\":\"SearchAction\",\"target\":{\"@type\":\"EntryPoint\",\"urlTemplate\":\"https:\/\/evertonfc.cz\/?s={search_term_string}\"},\"query-input\":{\"@type\":\"PropertyValueSpecification\",\"valueRequired\":true,\"valueName\":\"search_term_string\"}}],\"inLanguage\":\"cs\"},{\"@type\":\"Organization\",\"@id\":\"https:\/\/evertonfc.cz\/#organization\",\"name\":\"Official Czech & Slovak Everton Supporters' Club\",\"url\":\"https:\/\/evertonfc.cz\/\",\"logo\":{\"@type\":\"ImageObject\",\"inLanguage\":\"cs\",\"@id\":\"https:\/\/evertonfc.cz\/#\/schema\/logo\/image\/\",\"url\":\"https:\/\/evertonfc.cz\/wp-content\/uploads\/2019\/05\/logo.png\",\"contentUrl\":\"https:\/\/evertonfc.cz\/wp-content\/uploads\/2019\/05\/logo.png\",\"width\":112,\"height\":112,\"caption\":\"Official Czech & Slovak Everton Supporters' Club\"},\"image\":{\"@id\":\"https:\/\/evertonfc.cz\/#\/schema\/logo\/image\/\"},\"sameAs\":[\"https:\/\/www.facebook.com\/everton.fans.cz.sk\"]},{\"@type\":\"Person\",\"@id\":\"https:\/\/evertonfc.cz\/#\/schema\/person\/e9a24a80a32efa1344dd2c4e5882185c\",\"name\":\"Karamela\",\"url\":\"https:\/\/evertonfc.cz\/index.php\/author\/karamela\/\"}]}<\/script>\n<!-- \/ Yoast SEO plugin. -->","yoast_head_json":{"title":"Everton W - Aston Villa W 1:2 - Official Czech &amp; Slovak Everton Supporters&#039; Club","robots":{"index":"index","follow":"follow","max-snippet":"max-snippet:-1","max-image-preview":"max-image-preview:large","max-video-preview":"max-video-preview:-1"},"canonical":"https:\/\/evertonfc.cz\/index.php\/2024\/03\/20\/everton-w-aston-villa-w-12\/","og_locale":"cs_CZ","og_type":"article","og_title":"Everton W - Aston Villa W 1:2 - Official Czech &amp; Slovak Everton Supporters&#039; Club","og_description":"Je to \u0161patn\u00e9, v dom\u00e1c\u00edm ligov\u00e9m z\u00e1pase jsme padli s Villans a kr\u010d\u00edme se ve spodn\u00edch vrstv\u00e1ch ligov\u00e9 tabulky.\u00a0","og_url":"https:\/\/evertonfc.cz\/index.php\/2024\/03\/20\/everton-w-aston-villa-w-12\/","og_site_name":"Official Czech &amp; Slovak Everton Supporters&#039; Club","article_publisher":"https:\/\/www.facebook.com\/everton.fans.cz.sk","article_published_time":"2024-03-20T20:21:39+00:00","article_modified_time":"2024-03-21T11:30:53+00:00","og_image":[{"width":720,"height":405,"url":"https:\/\/evertonfc.cz\/wp-content\/uploads\/2024\/03\/Stenevik-17_3_2024-web.jpg","type":"image\/jpeg"}],"author":"Karamela","twitter_card":"summary_large_image","twitter_misc":{"Napsal(a)":"Karamela","Odhadovan\u00e1 doba \u010dten\u00ed":"4 minuty"},"schema":{"@context":"https:\/\/schema.org","@graph":[{"@type":"Article","@id":"https:\/\/evertonfc.cz\/index.php\/2024\/03\/20\/everton-w-aston-villa-w-12\/#article","isPartOf":{"@id":"https:\/\/evertonfc.cz\/index.php\/2024\/03\/20\/everton-w-aston-villa-w-12\/"},"author":{"name":"Karamela","@id":"https:\/\/evertonfc.cz\/#\/schema\/person\/e9a24a80a32efa1344dd2c4e5882185c"},"headline":"Everton W &#8211; Aston Villa W 1:2","datePublished":"2024-03-20T20:21:39+00:00","dateModified":"2024-03-21T11:30:53+00:00","mainEntityOfPage":{"@id":"https:\/\/evertonfc.cz\/index.php\/2024\/03\/20\/everton-w-aston-villa-w-12\/"},"wordCount":804,"commentCount":2,"publisher":{"@id":"https:\/\/evertonfc.cz\/#organization"},"image":{"@id":"https:\/\/evertonfc.cz\/index.php\/2024\/03\/20\/everton-w-aston-villa-w-12\/#primaryimage"},"thumbnailUrl":"https:\/\/evertonfc.cz\/wp-content\/uploads\/2024\/03\/Stenevik-17_3_2024-web.jpg","articleSection":["Everton Women"],"inLanguage":"cs","potentialAction":[{"@type":"CommentAction","name":"Comment","target":["https:\/\/evertonfc.cz\/index.php\/2024\/03\/20\/everton-w-aston-villa-w-12\/#respond"]}]},{"@type":"WebPage","@id":"https:\/\/evertonfc.cz\/index.php\/2024\/03\/20\/everton-w-aston-villa-w-12\/","url":"https:\/\/evertonfc.cz\/index.php\/2024\/03\/20\/everton-w-aston-villa-w-12\/","name":"Everton W - Aston Villa W 1:2 - Official Czech &amp; Slovak Everton Supporters&#039; Club","isPartOf":{"@id":"https:\/\/evertonfc.cz\/#website"},"primaryImageOfPage":{"@id":"https:\/\/evertonfc.cz\/index.php\/2024\/03\/20\/everton-w-aston-villa-w-12\/#primaryimage"},"image":{"@id":"https:\/\/evertonfc.cz\/index.php\/2024\/03\/20\/everton-w-aston-villa-w-12\/#primaryimage"},"thumbnailUrl":"https:\/\/evertonfc.cz\/wp-content\/uploads\/2024\/03\/Stenevik-17_3_2024-web.jpg","datePublished":"2024-03-20T20:21:39+00:00","dateModified":"2024-03-21T11:30:53+00:00","breadcrumb":{"@id":"https:\/\/evertonfc.cz\/index.php\/2024\/03\/20\/everton-w-aston-villa-w-12\/#breadcrumb"},"inLanguage":"cs","potentialAction":[{"@type":"ReadAction","target":["https:\/\/evertonfc.cz\/index.php\/2024\/03\/20\/everton-w-aston-villa-w-12\/"]}]},{"@type":"ImageObject","inLanguage":"cs","@id":"https:\/\/evertonfc.cz\/index.php\/2024\/03\/20\/everton-w-aston-villa-w-12\/#primaryimage","url":"https:\/\/evertonfc.cz\/wp-content\/uploads\/2024\/03\/Stenevik-17_3_2024-web.jpg","contentUrl":"https:\/\/evertonfc.cz\/wp-content\/uploads\/2024\/03\/Stenevik-17_3_2024-web.jpg","width":720,"height":405},{"@type":"BreadcrumbList","@id":"https:\/\/evertonfc.cz\/index.php\/2024\/03\/20\/everton-w-aston-villa-w-12\/#breadcrumb","itemListElement":[{"@type":"ListItem","position":1,"name":"Home","item":"https:\/\/evertonfc.cz\/"},{"@type":"ListItem","position":2,"name":"Everton W &#8211; Aston Villa W 1:2"}]},{"@type":"WebSite","@id":"https:\/\/evertonfc.cz\/#website","url":"https:\/\/evertonfc.cz\/","name":"Official Czech &amp; Slovak Everton Supporters&#039; Club","description":"","publisher":{"@id":"https:\/\/evertonfc.cz\/#organization"},"potentialAction":[{"@type":"SearchAction","target":{"@type":"EntryPoint","urlTemplate":"https:\/\/evertonfc.cz\/?s={search_term_string}"},"query-input":{"@type":"PropertyValueSpecification","valueRequired":true,"valueName":"search_term_string"}}],"inLanguage":"cs"},{"@type":"Organization","@id":"https:\/\/evertonfc.cz\/#organization","name":"Official Czech & Slovak Everton Supporters' Club","url":"https:\/\/evertonfc.cz\/","logo":{"@type":"ImageObject","inLanguage":"cs","@id":"https:\/\/evertonfc.cz\/#\/schema\/logo\/image\/","url":"https:\/\/evertonfc.cz\/wp-content\/uploads\/2019\/05\/logo.png","contentUrl":"https:\/\/evertonfc.cz\/wp-content\/uploads\/2019\/05\/logo.png","width":112,"height":112,"caption":"Official Czech & Slovak Everton Supporters' Club"},"image":{"@id":"https:\/\/evertonfc.cz\/#\/schema\/logo\/image\/"},"sameAs":["https:\/\/www.facebook.com\/everton.fans.cz.sk"]},{"@type":"Person","@id":"https:\/\/evertonfc.cz\/#\/schema\/person\/e9a24a80a32efa1344dd2c4e5882185c","name":"Karamela","url":"https:\/\/evertonfc.cz\/index.php\/author\/karamela\/"}]}},"_links":{"self":[{"href":"https:\/\/evertonfc.cz\/index.php\/wp-json\/wp\/v2\/posts\/24137"}],"collection":[{"href":"https:\/\/evertonfc.cz\/index.php\/wp-json\/wp\/v2\/posts"}],"about":[{"href":"https:\/\/evertonfc.cz\/index.php\/wp-json\/wp\/v2\/types\/post"}],"author":[{"embeddable":true,"href":"https:\/\/evertonfc.cz\/index.php\/wp-json\/wp\/v2\/users\/26"}],"replies":[{"embeddable":true,"href":"https:\/\/evertonfc.cz\/index.php\/wp-json\/wp\/v2\/comments?post=24137"}],"version-history":[{"count":10,"href":"https:\/\/evertonfc.cz\/index.php\/wp-json\/wp\/v2\/posts\/24137\/revisions"}],"predecessor-version":[{"id":24149,"href":"https:\/\/evertonfc.cz\/index.php\/wp-json\/wp\/v2\/posts\/24137\/revisions\/24149"}],"wp:featuredmedia":[{"embeddable":true,"href":"https:\/\/evertonfc.cz\/index.php\/wp-json\/wp\/v2\/media\/24145"}],"wp:attachment":[{"href":"https:\/\/evertonfc.cz\/index.php\/wp-json\/wp\/v2\/media?parent=24137"}],"wp:term":[{"taxonomy":"category","embeddable":true,"href":"https:\/\/evertonfc.cz\/index.php\/wp-json\/wp\/v2\/categories?post=24137"},{"taxonomy":"post_tag","embeddable":true,"href":"https:\/\/evertonfc.cz\/index.php\/wp-json\/wp\/v2\/tags?post=24137"}],"curies":[{"name":"wp","href":"https:\/\/api.w.org\/{rel}","templated":true}]}}