{"id":24197,"date":"2024-04-04T21:47:42","date_gmt":"2024-04-04T19:47:42","guid":{"rendered":"https:\/\/evertonfc.cz\/?p=24197"},"modified":"2024-04-05T18:44:21","modified_gmt":"2024-04-05T16:44:21","slug":"manchester-united-w-everton-w-41","status":"publish","type":"post","link":"https:\/\/evertonfc.cz\/index.php\/2024\/04\/04\/manchester-united-w-everton-w-41\/","title":{"rendered":"Manchester United W &#8211; Everton W 4:1"},"content":{"rendered":"<h4>Nad\u011bjn\u011b rozjet\u00fd z\u00e1pas jsme si prohr\u00e1li sami ostudn\u00fdm druh\u00fdm polo\u010dasem.<\/h4>\n<p>Na dom\u00e1c\u00ed st\u00e1nek Manchesteru United Women v Leigh Sports Village jsme po dlouh\u00e9 dob\u011b dorazili t\u00e9m\u011b\u0159 v kompletn\u00ed sestav\u011b. <span class=\"sp-c-lineup-pitch__player\" data-reactid=\".1y4pgeddeiu.0.0.0.1.$include-27.0.0.1:$panel-0.$0.0.0.1.2.0.0.1:$away-formation-row-1.$away-player-3\"><span class=\"sp-c-lineup-pitch__player__name gs-u-display-block@xs \" data-reactid=\".1y4pgeddeiu.0.0.0.1.$include-27.0.0.1:$panel-0.$0.0.0.1.2.0.0.1:$away-formation-row-1.$away-player-3.1\">Vanhaevermaet se tak mohla z obrany posunout na svoji obvyklou pozice defenzivn\u00ed z\u00e1lo\u017enice. Obranu pos\u00edlila Hope,\u00a0 Galli se objevila v roli wingbacka. A fungovalo to p\u0159ekvapiv\u011b dob\u0159e, tedy pokud mluv\u00edme o prvn\u00ed p\u016fli z\u00e1pasu (viz d\u00e1le).\u00a0<\/span><\/span><\/p>\n<h4>Prvn\u00ed polo\u010das<\/h4>\n<p>p\u0159inesl z na\u0161\u00ed strany v\u00fdkon, na kter\u00fd nen\u00ed div\u00e1k letos zvykl\u00fd. P\u0159edev\u0161\u00edm v 10. minut\u011b dok\u00e1zala Snoeijs vyu\u017e\u00edt chybn\u00e9 zp\u011btn\u00e9 p\u0159ihr\u00e1vky Le Tissier, zmocnila se m\u00ed\u010de, obe\u0161la padaj\u00edc\u00ed Earps a zav\u011bsila prvn\u00ed g\u00f3l utk\u00e1n\u00ed &#8211; <strong>0:1<\/strong>. N\u00e1sledn\u00e1 gestikulace anglick\u00e9 reprezenta\u010dn\u00ed brank\u00e1\u0159sk\u00e1 jedni\u010dky nenechala nikoho na pochyb\u00e1ch, co si o pr\u00e1ci sv\u00e9 obrany mysl\u00ed. Dom\u00e1c\u00ed po g\u00f3lu zv\u00fd\u0161ily obr\u00e1tky, ale na\u0161e hou\u017eevnat\u00e1 obrana dok\u00e1zala snah\u00e1m o vyrovn\u00e1n\u00ed zabr\u00e1nit, i kdy\u017e sv\u016fj pod\u00edl na tom m\u011bly i nep\u0159esn\u00e9 pokusy o st\u0159ely z d\u00e1lky. T\u011b\u017ekou pr\u00e1ci m\u011bla Stenevik, kterou na lev\u00e9 stran\u011b obrany vysloven\u011b t\u00fdrala Geyse. Nejen svoj\u00ed rychlost\u00ed a technick\u00fdmi schopnostmi, ale p\u0159ekvapiv\u011b tak\u00e9 tvrdou hrou.\u00a0 Na\u0161t\u011bst\u00ed jej\u00ed p\u0159ihr\u00e1vky do v\u00e1pna z\u016fstaly nevyu\u017eit\u00e9. My jsme dob\u0159e kombinovali ve st\u0159edu h\u0159i\u0161t\u011b (spolupr\u00e1ce <span class=\"sp-c-lineup-pitch__player\" data-reactid=\".1y4pgeddeiu.0.0.0.1.$include-27.0.0.1:$panel-0.$0.0.0.1.2.0.0.1:$away-formation-row-1.$away-player-3\"><span class=\"sp-c-lineup-pitch__player__name gs-u-display-block@xs \" data-reactid=\".1y4pgeddeiu.0.0.0.1.$include-27.0.0.1:$panel-0.$0.0.0.1.2.0.0.1:$away-formation-row-1.$away-player-3.1\">Vanhaevermaet-Wheeler-Bennison-K\u00fchl), ale na ohro\u017een\u00ed branky dom\u00e1c\u00edch to samo o sob\u011b nesta\u010dilo. Nejv\u011bt\u0161\u00ed \u0161anci na druh\u00fd g\u00f3l m\u011bla po chyb\u011b v rozehr\u00e1vce Earps K\u00fchl, \u017eel nedok\u00e1zala zakon\u010dit p\u0159esn\u011b. P\u0159ed koncem prvn\u00edho polo\u010dasu p\u016fle mohlo b\u00fdt vyrovn\u00e1no, kdyby nebylo Brosnan, kter\u00e1 perfektn\u011b kryla tvrdou st\u0159elu zbl\u00edzka z kopa\u010dky Geyse.<\/span><\/span><\/p>\n<h4>Druh\u00fd polo\u010das<\/h4>\n<p>by bylo l\u00e9pe v refer\u00e1tu z utk\u00e1n\u00ed p\u0159esko\u010dit. Od za\u010d\u00e1tku polo\u010dasu se na n\u00e1s Reds vrhly plnou silou. Dalekonosn\u00fd pokus Naaslund je\u0161t\u011b Brosnan vyrazila nad b\u0159evno. Na hlavi\u010dku Turner, kterou v 57. minut\u011b zu\u017eitkovala roh Zelem ale u\u017e na\u0161e brank\u00e1\u0159ka nesta\u010dila &#8211; <strong>1:1<\/strong>. Po g\u00f3lu dostal je\u0161t\u011b \u017elutou kartu kdosi z na\u0161\u00ed lavi\u010dky, patrn\u011b n\u00e1\u0161 mana\u017eer za nevhodn\u00e9 \u0159e\u010di. Pak u\u017e hra nep\u0159ipom\u00ednala fotbal, ale pin-ball: m\u00ed\u010d se m\u00edhal na\u0161\u00ed \u0161estn\u00e1ctkou od jedn\u00e9 hr\u00e1\u010dky Manchesteru ke druh\u00e9 za bezmocn\u00e9ho p\u0159ihl\u00ed\u017een\u00ed \u017een v modr\u00e9m. V 60. minut\u011b ukon\u010dila bago v na\u0161em v\u00e1pn\u011b Toone &#8211; <strong>2:1<\/strong>. A o p\u011bt minut pozd\u011bji si Naaslund pohr\u00e1la s Finnigan a p\u0159edlo\u017eila merunu Toone, kter\u00e1 p\u0159idala sv\u016fj druh\u00fd g\u00f3l z\u00e1pasu &#8211; <strong>3:1<\/strong>. V t\u011bchto chv\u00edl\u00edch jsme u\u017e absolutn\u011b nest\u00edhali a z\u00e1pas jsme prakticky ponechali v re\u017eii dom\u00e1c\u00edch. \u00a0St\u0159\u00edd\u00e1n\u00ed u\u017e na\u0161\u00ed hru moc nezvedlo a rozhodn\u011b nevedlo ani ke sn\u00ed\u017een\u00ed sk\u00f3re, nato\u017e pak vyrovn\u00e1n\u00ed. Naopak Galton v 90. minut\u011b d\u00edlo zk\u00e1za dokonala \u010dtvrt\u00fdm manchestersk\u00fdm g\u00f3lem &#8211; <strong>4:1<\/strong>.<\/p>\n<h4>Shrnut\u00ed<\/h4>\n<p>Nad\u011bjn\u011b rozehran\u00fd z\u00e1pas nejsme schopni dov\u00e9st do aspo\u0148 vyrovnan\u00e9ho konce (po kolik\u00e1t\u00e9 u\u017e v t\u00e9to sez\u00f3n\u011b?). Ani nezvykl\u00e9 veden\u00ed z \u00favodu z\u00e1pasu n\u00e1s nedok\u00e1zalo udr\u017eet v 90. minutov\u00e9mu soust\u0159ed\u011bn\u00ed\u00a0 a naprost\u00fd kolaps v druh\u00e9m polo\u010dase vedl k na\u0161\u00ed dal\u0161\u00ed leto\u0161n\u00ed proh\u0159e, celkov\u011b ji\u017e 11. Co\u017e je z 18 z\u00e1pas\u016f nep\u0159\u00edjemn\u011b vysok\u00e9 \u010d\u00edslo. Nad\u011bje na zlep\u0161en\u00ed nen\u00ed nejsp\u00ed\u0161e \u017e\u00e1dn\u00e1. Vcelku realistick\u00e1 slova mana\u017eera o tom, \u017ee z\u00e1pas jsme si zhroucen\u00edm v druh\u00e9 p\u016fli prohr\u00e1li sami jsou pravdiv\u00e1. Jeho o\u010dek\u00e1v\u00e1n\u00ed, \u017ee si z toho vezmeme ponau\u010den\u00ed do dal\u0161\u00edch z\u00e1pas\u016f je podle v\u0161eho lich\u00e9. Nyn\u00ed maj\u00ed evertonians reprezenta\u010dn\u00ed p\u0159est\u00e1vku na zotaven\u00ed nerv\u016f a po n\u00ed n\u00e1s \u010dek\u00e1 19. 4. z\u00e1pas se Seaguls. Doufejme tedy v z\u00e1zrak. <span style=\"color: #0000ff;\" data-darkreader-inline-color=\"\"><strong>COYB!<\/strong><\/span><\/p>\n<p style=\"text-align: right;\"><span style=\"font-size: 8pt;\"><em>Fotografie: Megan Finnigan (zdroj: GettyImages via royalbluemersey.sbnation.com)<\/em><\/span><\/p>\n<p><strong>G\u00f3ly: <\/strong>Turner (57\u00b4), Toone (60\u00b4, 65\u00b4), Galton (90\u00b4) &#8211; Snoeijs (10\u00b4) <strong>\u017dK:<\/strong> Williams &#8211; Snoeijs<\/p>\n<p><strong>Manchester United (4-2-3-1):<\/strong> Earps; <span class=\"sp-c-lineup-pitch__player\" data-reactid=\".1y4pgeddeiu.0.0.0.1.$include-27.0.0.1:$panel-0.$0.0.0.0.2.0.0.1:$home-formation-row-1.$home-player-0\"><span class=\"sp-c-lineup-pitch__player__name gs-u-display-block@xs \" data-reactid=\".1y4pgeddeiu.0.0.0.1.$include-27.0.0.1:$panel-0.$0.0.0.0.2.0.0.1:$home-formation-row-1.$home-player-0.1\">Mannion, <\/span><\/span><span class=\"sp-c-lineup-pitch__player\" data-reactid=\".1y4pgeddeiu.0.0.0.1.$include-27.0.0.1:$panel-0.$0.0.0.0.2.0.0.1:$home-formation-row-1.$home-player-1\"><span class=\"sp-c-lineup-pitch__player__name gs-u-display-block@xs \" data-reactid=\".1y4pgeddeiu.0.0.0.1.$include-27.0.0.1:$panel-0.$0.0.0.0.2.0.0.1:$home-formation-row-1.$home-player-1.1\">Le Tissier,<\/span><\/span><span class=\"sp-c-lineup-pitch__player\" data-reactid=\".1y4pgeddeiu.0.0.0.1.$include-27.0.0.1:$panel-0.$0.0.0.0.2.0.0.1:$home-formation-row-1.$home-player-2\"><span class=\"sp-c-lineup-pitch__player__name gs-u-display-block@xs \" data-reactid=\".1y4pgeddeiu.0.0.0.1.$include-27.0.0.1:$panel-0.$0.0.0.0.2.0.0.1:$home-formation-row-1.$home-player-2.1\">Turner, <\/span><\/span><span class=\"sp-c-lineup-pitch__player\" data-reactid=\".1y4pgeddeiu.0.0.0.1.$include-27.0.0.1:$panel-0.$0.0.0.0.2.0.0.1:$home-formation-row-1.$home-player-3\"><span class=\"sp-c-lineup-pitch__player__name gs-u-display-block@xs \" data-reactid=\".1y4pgeddeiu.0.0.0.1.$include-27.0.0.1:$panel-0.$0.0.0.0.2.0.0.1:$home-formation-row-1.$home-player-3.1\">Blundell; Naalsund, Zelem; Geyse (Galton 73\u00b4), Toone, Garc\u00eda (Miyazawa 90\u00b4); Parris (Williams 73\u00b4)<\/span><\/span><\/p>\n<p><strong>Everton (4-1-4-1):\u00a0<\/strong>Brosnan; <span class=\"sp-c-lineup-pitch__player\" data-reactid=\".1y4pgeddeiu.0.0.0.1.$include-27.0.0.1:$panel-0.$0.0.0.1.2.0.0.1:$away-formation-row-1.$away-player-0\"><span class=\"sp-c-lineup-pitch__player__name gs-u-display-block@xs \" data-reactid=\".1y4pgeddeiu.0.0.0.1.$include-27.0.0.1:$panel-0.$0.0.0.1.2.0.0.1:$away-formation-row-1.$away-player-0.1\">Galli, <\/span><\/span><span class=\"sp-c-lineup-pitch__player\" data-reactid=\".1y4pgeddeiu.0.0.0.1.$include-27.0.0.1:$panel-0.$0.0.0.1.2.0.0.1:$away-formation-row-1.$away-player-1\"><span class=\"sp-c-lineup-pitch__player__name gs-u-display-block@xs \" data-reactid=\".1y4pgeddeiu.0.0.0.1.$include-27.0.0.1:$panel-0.$0.0.0.1.2.0.0.1:$away-formation-row-1.$away-player-1.1\">Hope, <\/span><\/span><span class=\"sp-c-lineup-pitch__player\" data-reactid=\".1y4pgeddeiu.0.0.0.1.$include-27.0.0.1:$panel-0.$0.0.0.1.2.0.0.1:$away-formation-row-1.$away-player-2\"><span class=\"sp-c-lineup-pitch__player__name gs-u-display-block@xs \" data-reactid=\".1y4pgeddeiu.0.0.0.1.$include-27.0.0.1:$panel-0.$0.0.0.1.2.0.0.1:$away-formation-row-1.$away-player-2.1\">Finnigan, <\/span><\/span><span class=\"sp-c-lineup-pitch__player\" data-reactid=\".1y4pgeddeiu.0.0.0.1.$include-27.0.0.1:$panel-0.$0.0.0.1.2.0.0.1:$away-formation-row-1.$away-player-3\"><span class=\"sp-c-lineup-pitch__player__name gs-u-display-block@xs \" data-reactid=\".1y4pgeddeiu.0.0.0.1.$include-27.0.0.1:$panel-0.$0.0.0.1.2.0.0.1:$away-formation-row-1.$away-player-3.1\">Stenevik (S. Holmgaard 78\u00b4); Vanhaevermaet (K. Holmgaard 72\u00b4), Payne (Bissell 78\u00b4), Wheeler, Bennison (Piemonte 72\u00b4), K\u00fchl (Veje 71\u00b4); Snoeijs<\/span><\/span><\/p>\n<p><strong>Rozhod\u010d\u00ed: <\/strong>Lauren Impey\u00a0 <strong>Everton Player of the Match: <\/strong>Clare Wheeler<\/p>\n<p><iframe loading=\"lazy\" title=\"Manchester United vs Everton | Highlights | FA Women&#039;s Super League 31-03-2024\" width=\"1140\" height=\"641\" src=\"https:\/\/www.youtube.com\/embed\/SiMvIUDVvac?feature=oembed\" frameborder=\"0\" allow=\"accelerometer; autoplay; clipboard-write; encrypted-media; gyroscope; picture-in-picture; web-share\" referrerpolicy=\"strict-origin-when-cross-origin\" allowfullscreen><\/iframe><\/p>\n","protected":false},"excerpt":{"rendered":"<p>Nad\u011bjn\u011b rozjet\u00fd z\u00e1pas jsme si prohr\u00e1li sami ostudn\u00fdm druh\u00fdm polo\u010dasem.\u00a0<\/p>\n","protected":false},"author":26,"featured_media":24213,"comment_status":"open","ping_status":"closed","sticky":false,"template":"","format":"standard","meta":{"_eb_attr":"","_monsterinsights_skip_tracking":false,"_monsterinsights_sitenote_active":false,"_monsterinsights_sitenote_note":"","_monsterinsights_sitenote_category":0,"footnotes":""},"categories":[110],"tags":[],"yoast_head":"<!-- This site is optimized with the Yoast SEO plugin v23.4 - https:\/\/yoast.com\/wordpress\/plugins\/seo\/ -->\n<title>Manchester United W - Everton W 4:1 - Official Czech &amp; Slovak Everton Supporters&#039; Club<\/title>\n<meta name=\"robots\" content=\"index, follow, max-snippet:-1, max-image-preview:large, max-video-preview:-1\" \/>\n<link rel=\"canonical\" href=\"https:\/\/evertonfc.cz\/index.php\/2024\/04\/04\/manchester-united-w-everton-w-41\/\" \/>\n<meta property=\"og:locale\" content=\"cs_CZ\" \/>\n<meta property=\"og:type\" content=\"article\" \/>\n<meta property=\"og:title\" content=\"Manchester United W - Everton W 4:1 - Official Czech &amp; Slovak Everton Supporters&#039; Club\" \/>\n<meta property=\"og:description\" content=\"Nad\u011bjn\u011b rozjet\u00fd z\u00e1pas jsme si prohr\u00e1li sami ostudn\u00fdm druh\u00fdm polo\u010dasem.\u00a0\" \/>\n<meta property=\"og:url\" content=\"https:\/\/evertonfc.cz\/index.php\/2024\/04\/04\/manchester-united-w-everton-w-41\/\" \/>\n<meta property=\"og:site_name\" content=\"Official Czech &amp; Slovak Everton Supporters&#039; Club\" \/>\n<meta property=\"article:publisher\" content=\"https:\/\/www.facebook.com\/everton.fans.cz.sk\" \/>\n<meta property=\"article:published_time\" content=\"2024-04-04T19:47:42+00:00\" \/>\n<meta property=\"article:modified_time\" content=\"2024-04-05T16:44:21+00:00\" \/>\n<meta property=\"og:image\" content=\"https:\/\/evertonfc.cz\/wp-content\/uploads\/2024\/04\/Finnigan-vs-United-30_3_24-web.jpg\" \/>\n\t<meta property=\"og:image:width\" content=\"720\" \/>\n\t<meta property=\"og:image:height\" content=\"405\" \/>\n\t<meta property=\"og:image:type\" content=\"image\/jpeg\" \/>\n<meta name=\"author\" content=\"Karamela\" \/>\n<meta name=\"twitter:card\" content=\"summary_large_image\" \/>\n<meta name=\"twitter:label1\" content=\"Napsal(a)\" \/>\n\t<meta name=\"twitter:data1\" content=\"Karamela\" \/>\n\t<meta name=\"twitter:label2\" content=\"Odhadovan\u00e1 doba \u010dten\u00ed\" \/>\n\t<meta name=\"twitter:data2\" content=\"4 minuty\" \/>\n<script type=\"application\/ld+json\" class=\"yoast-schema-graph\">{\"@context\":\"https:\/\/schema.org\",\"@graph\":[{\"@type\":\"Article\",\"@id\":\"https:\/\/evertonfc.cz\/index.php\/2024\/04\/04\/manchester-united-w-everton-w-41\/#article\",\"isPartOf\":{\"@id\":\"https:\/\/evertonfc.cz\/index.php\/2024\/04\/04\/manchester-united-w-everton-w-41\/\"},\"author\":{\"name\":\"Karamela\",\"@id\":\"https:\/\/evertonfc.cz\/#\/schema\/person\/e9a24a80a32efa1344dd2c4e5882185c\"},\"headline\":\"Manchester United W &#8211; Everton W 4:1\",\"datePublished\":\"2024-04-04T19:47:42+00:00\",\"dateModified\":\"2024-04-05T16:44:21+00:00\",\"mainEntityOfPage\":{\"@id\":\"https:\/\/evertonfc.cz\/index.php\/2024\/04\/04\/manchester-united-w-everton-w-41\/\"},\"wordCount\":781,\"commentCount\":0,\"publisher\":{\"@id\":\"https:\/\/evertonfc.cz\/#organization\"},\"image\":{\"@id\":\"https:\/\/evertonfc.cz\/index.php\/2024\/04\/04\/manchester-united-w-everton-w-41\/#primaryimage\"},\"thumbnailUrl\":\"https:\/\/evertonfc.cz\/wp-content\/uploads\/2024\/04\/Finnigan-vs-United-30_3_24-web.jpg\",\"articleSection\":[\"Everton Women\"],\"inLanguage\":\"cs\",\"potentialAction\":[{\"@type\":\"CommentAction\",\"name\":\"Comment\",\"target\":[\"https:\/\/evertonfc.cz\/index.php\/2024\/04\/04\/manchester-united-w-everton-w-41\/#respond\"]}]},{\"@type\":\"WebPage\",\"@id\":\"https:\/\/evertonfc.cz\/index.php\/2024\/04\/04\/manchester-united-w-everton-w-41\/\",\"url\":\"https:\/\/evertonfc.cz\/index.php\/2024\/04\/04\/manchester-united-w-everton-w-41\/\",\"name\":\"Manchester United W - Everton W 4:1 - Official Czech &amp; Slovak Everton Supporters&#039; Club\",\"isPartOf\":{\"@id\":\"https:\/\/evertonfc.cz\/#website\"},\"primaryImageOfPage\":{\"@id\":\"https:\/\/evertonfc.cz\/index.php\/2024\/04\/04\/manchester-united-w-everton-w-41\/#primaryimage\"},\"image\":{\"@id\":\"https:\/\/evertonfc.cz\/index.php\/2024\/04\/04\/manchester-united-w-everton-w-41\/#primaryimage\"},\"thumbnailUrl\":\"https:\/\/evertonfc.cz\/wp-content\/uploads\/2024\/04\/Finnigan-vs-United-30_3_24-web.jpg\",\"datePublished\":\"2024-04-04T19:47:42+00:00\",\"dateModified\":\"2024-04-05T16:44:21+00:00\",\"breadcrumb\":{\"@id\":\"https:\/\/evertonfc.cz\/index.php\/2024\/04\/04\/manchester-united-w-everton-w-41\/#breadcrumb\"},\"inLanguage\":\"cs\",\"potentialAction\":[{\"@type\":\"ReadAction\",\"target\":[\"https:\/\/evertonfc.cz\/index.php\/2024\/04\/04\/manchester-united-w-everton-w-41\/\"]}]},{\"@type\":\"ImageObject\",\"inLanguage\":\"cs\",\"@id\":\"https:\/\/evertonfc.cz\/index.php\/2024\/04\/04\/manchester-united-w-everton-w-41\/#primaryimage\",\"url\":\"https:\/\/evertonfc.cz\/wp-content\/uploads\/2024\/04\/Finnigan-vs-United-30_3_24-web.jpg\",\"contentUrl\":\"https:\/\/evertonfc.cz\/wp-content\/uploads\/2024\/04\/Finnigan-vs-United-30_3_24-web.jpg\",\"width\":720,\"height\":405},{\"@type\":\"BreadcrumbList\",\"@id\":\"https:\/\/evertonfc.cz\/index.php\/2024\/04\/04\/manchester-united-w-everton-w-41\/#breadcrumb\",\"itemListElement\":[{\"@type\":\"ListItem\",\"position\":1,\"name\":\"Home\",\"item\":\"https:\/\/evertonfc.cz\/\"},{\"@type\":\"ListItem\",\"position\":2,\"name\":\"Manchester United W &#8211; Everton W 4:1\"}]},{\"@type\":\"WebSite\",\"@id\":\"https:\/\/evertonfc.cz\/#website\",\"url\":\"https:\/\/evertonfc.cz\/\",\"name\":\"Official Czech &amp; Slovak Everton Supporters&#039; Club\",\"description\":\"\",\"publisher\":{\"@id\":\"https:\/\/evertonfc.cz\/#organization\"},\"potentialAction\":[{\"@type\":\"SearchAction\",\"target\":{\"@type\":\"EntryPoint\",\"urlTemplate\":\"https:\/\/evertonfc.cz\/?s={search_term_string}\"},\"query-input\":{\"@type\":\"PropertyValueSpecification\",\"valueRequired\":true,\"valueName\":\"search_term_string\"}}],\"inLanguage\":\"cs\"},{\"@type\":\"Organization\",\"@id\":\"https:\/\/evertonfc.cz\/#organization\",\"name\":\"Official Czech & Slovak Everton Supporters' Club\",\"url\":\"https:\/\/evertonfc.cz\/\",\"logo\":{\"@type\":\"ImageObject\",\"inLanguage\":\"cs\",\"@id\":\"https:\/\/evertonfc.cz\/#\/schema\/logo\/image\/\",\"url\":\"https:\/\/evertonfc.cz\/wp-content\/uploads\/2019\/05\/logo.png\",\"contentUrl\":\"https:\/\/evertonfc.cz\/wp-content\/uploads\/2019\/05\/logo.png\",\"width\":112,\"height\":112,\"caption\":\"Official Czech & Slovak Everton Supporters' Club\"},\"image\":{\"@id\":\"https:\/\/evertonfc.cz\/#\/schema\/logo\/image\/\"},\"sameAs\":[\"https:\/\/www.facebook.com\/everton.fans.cz.sk\"]},{\"@type\":\"Person\",\"@id\":\"https:\/\/evertonfc.cz\/#\/schema\/person\/e9a24a80a32efa1344dd2c4e5882185c\",\"name\":\"Karamela\",\"url\":\"https:\/\/evertonfc.cz\/index.php\/author\/karamela\/\"}]}<\/script>\n<!-- \/ Yoast SEO plugin. -->","yoast_head_json":{"title":"Manchester United W - Everton W 4:1 - Official Czech &amp; Slovak Everton Supporters&#039; Club","robots":{"index":"index","follow":"follow","max-snippet":"max-snippet:-1","max-image-preview":"max-image-preview:large","max-video-preview":"max-video-preview:-1"},"canonical":"https:\/\/evertonfc.cz\/index.php\/2024\/04\/04\/manchester-united-w-everton-w-41\/","og_locale":"cs_CZ","og_type":"article","og_title":"Manchester United W - Everton W 4:1 - Official Czech &amp; Slovak Everton Supporters&#039; Club","og_description":"Nad\u011bjn\u011b rozjet\u00fd z\u00e1pas jsme si prohr\u00e1li sami ostudn\u00fdm druh\u00fdm polo\u010dasem.\u00a0","og_url":"https:\/\/evertonfc.cz\/index.php\/2024\/04\/04\/manchester-united-w-everton-w-41\/","og_site_name":"Official Czech &amp; Slovak Everton Supporters&#039; Club","article_publisher":"https:\/\/www.facebook.com\/everton.fans.cz.sk","article_published_time":"2024-04-04T19:47:42+00:00","article_modified_time":"2024-04-05T16:44:21+00:00","og_image":[{"width":720,"height":405,"url":"https:\/\/evertonfc.cz\/wp-content\/uploads\/2024\/04\/Finnigan-vs-United-30_3_24-web.jpg","type":"image\/jpeg"}],"author":"Karamela","twitter_card":"summary_large_image","twitter_misc":{"Napsal(a)":"Karamela","Odhadovan\u00e1 doba \u010dten\u00ed":"4 minuty"},"schema":{"@context":"https:\/\/schema.org","@graph":[{"@type":"Article","@id":"https:\/\/evertonfc.cz\/index.php\/2024\/04\/04\/manchester-united-w-everton-w-41\/#article","isPartOf":{"@id":"https:\/\/evertonfc.cz\/index.php\/2024\/04\/04\/manchester-united-w-everton-w-41\/"},"author":{"name":"Karamela","@id":"https:\/\/evertonfc.cz\/#\/schema\/person\/e9a24a80a32efa1344dd2c4e5882185c"},"headline":"Manchester United W &#8211; Everton W 4:1","datePublished":"2024-04-04T19:47:42+00:00","dateModified":"2024-04-05T16:44:21+00:00","mainEntityOfPage":{"@id":"https:\/\/evertonfc.cz\/index.php\/2024\/04\/04\/manchester-united-w-everton-w-41\/"},"wordCount":781,"commentCount":0,"publisher":{"@id":"https:\/\/evertonfc.cz\/#organization"},"image":{"@id":"https:\/\/evertonfc.cz\/index.php\/2024\/04\/04\/manchester-united-w-everton-w-41\/#primaryimage"},"thumbnailUrl":"https:\/\/evertonfc.cz\/wp-content\/uploads\/2024\/04\/Finnigan-vs-United-30_3_24-web.jpg","articleSection":["Everton Women"],"inLanguage":"cs","potentialAction":[{"@type":"CommentAction","name":"Comment","target":["https:\/\/evertonfc.cz\/index.php\/2024\/04\/04\/manchester-united-w-everton-w-41\/#respond"]}]},{"@type":"WebPage","@id":"https:\/\/evertonfc.cz\/index.php\/2024\/04\/04\/manchester-united-w-everton-w-41\/","url":"https:\/\/evertonfc.cz\/index.php\/2024\/04\/04\/manchester-united-w-everton-w-41\/","name":"Manchester United W - Everton W 4:1 - Official Czech &amp; Slovak Everton Supporters&#039; Club","isPartOf":{"@id":"https:\/\/evertonfc.cz\/#website"},"primaryImageOfPage":{"@id":"https:\/\/evertonfc.cz\/index.php\/2024\/04\/04\/manchester-united-w-everton-w-41\/#primaryimage"},"image":{"@id":"https:\/\/evertonfc.cz\/index.php\/2024\/04\/04\/manchester-united-w-everton-w-41\/#primaryimage"},"thumbnailUrl":"https:\/\/evertonfc.cz\/wp-content\/uploads\/2024\/04\/Finnigan-vs-United-30_3_24-web.jpg","datePublished":"2024-04-04T19:47:42+00:00","dateModified":"2024-04-05T16:44:21+00:00","breadcrumb":{"@id":"https:\/\/evertonfc.cz\/index.php\/2024\/04\/04\/manchester-united-w-everton-w-41\/#breadcrumb"},"inLanguage":"cs","potentialAction":[{"@type":"ReadAction","target":["https:\/\/evertonfc.cz\/index.php\/2024\/04\/04\/manchester-united-w-everton-w-41\/"]}]},{"@type":"ImageObject","inLanguage":"cs","@id":"https:\/\/evertonfc.cz\/index.php\/2024\/04\/04\/manchester-united-w-everton-w-41\/#primaryimage","url":"https:\/\/evertonfc.cz\/wp-content\/uploads\/2024\/04\/Finnigan-vs-United-30_3_24-web.jpg","contentUrl":"https:\/\/evertonfc.cz\/wp-content\/uploads\/2024\/04\/Finnigan-vs-United-30_3_24-web.jpg","width":720,"height":405},{"@type":"BreadcrumbList","@id":"https:\/\/evertonfc.cz\/index.php\/2024\/04\/04\/manchester-united-w-everton-w-41\/#breadcrumb","itemListElement":[{"@type":"ListItem","position":1,"name":"Home","item":"https:\/\/evertonfc.cz\/"},{"@type":"ListItem","position":2,"name":"Manchester United W &#8211; Everton W 4:1"}]},{"@type":"WebSite","@id":"https:\/\/evertonfc.cz\/#website","url":"https:\/\/evertonfc.cz\/","name":"Official Czech &amp; Slovak Everton Supporters&#039; Club","description":"","publisher":{"@id":"https:\/\/evertonfc.cz\/#organization"},"potentialAction":[{"@type":"SearchAction","target":{"@type":"EntryPoint","urlTemplate":"https:\/\/evertonfc.cz\/?s={search_term_string}"},"query-input":{"@type":"PropertyValueSpecification","valueRequired":true,"valueName":"search_term_string"}}],"inLanguage":"cs"},{"@type":"Organization","@id":"https:\/\/evertonfc.cz\/#organization","name":"Official Czech & Slovak Everton Supporters' Club","url":"https:\/\/evertonfc.cz\/","logo":{"@type":"ImageObject","inLanguage":"cs","@id":"https:\/\/evertonfc.cz\/#\/schema\/logo\/image\/","url":"https:\/\/evertonfc.cz\/wp-content\/uploads\/2019\/05\/logo.png","contentUrl":"https:\/\/evertonfc.cz\/wp-content\/uploads\/2019\/05\/logo.png","width":112,"height":112,"caption":"Official Czech & Slovak Everton Supporters' Club"},"image":{"@id":"https:\/\/evertonfc.cz\/#\/schema\/logo\/image\/"},"sameAs":["https:\/\/www.facebook.com\/everton.fans.cz.sk"]},{"@type":"Person","@id":"https:\/\/evertonfc.cz\/#\/schema\/person\/e9a24a80a32efa1344dd2c4e5882185c","name":"Karamela","url":"https:\/\/evertonfc.cz\/index.php\/author\/karamela\/"}]}},"_links":{"self":[{"href":"https:\/\/evertonfc.cz\/index.php\/wp-json\/wp\/v2\/posts\/24197"}],"collection":[{"href":"https:\/\/evertonfc.cz\/index.php\/wp-json\/wp\/v2\/posts"}],"about":[{"href":"https:\/\/evertonfc.cz\/index.php\/wp-json\/wp\/v2\/types\/post"}],"author":[{"embeddable":true,"href":"https:\/\/evertonfc.cz\/index.php\/wp-json\/wp\/v2\/users\/26"}],"replies":[{"embeddable":true,"href":"https:\/\/evertonfc.cz\/index.php\/wp-json\/wp\/v2\/comments?post=24197"}],"version-history":[{"count":9,"href":"https:\/\/evertonfc.cz\/index.php\/wp-json\/wp\/v2\/posts\/24197\/revisions"}],"predecessor-version":[{"id":24220,"href":"https:\/\/evertonfc.cz\/index.php\/wp-json\/wp\/v2\/posts\/24197\/revisions\/24220"}],"wp:featuredmedia":[{"embeddable":true,"href":"https:\/\/evertonfc.cz\/index.php\/wp-json\/wp\/v2\/media\/24213"}],"wp:attachment":[{"href":"https:\/\/evertonfc.cz\/index.php\/wp-json\/wp\/v2\/media?parent=24197"}],"wp:term":[{"taxonomy":"category","embeddable":true,"href":"https:\/\/evertonfc.cz\/index.php\/wp-json\/wp\/v2\/categories?post=24197"},{"taxonomy":"post_tag","embeddable":true,"href":"https:\/\/evertonfc.cz\/index.php\/wp-json\/wp\/v2\/tags?post=24197"}],"curies":[{"name":"wp","href":"https:\/\/api.w.org\/{rel}","templated":true}]}}