{"id":24221,"date":"2024-04-06T13:11:31","date_gmt":"2024-04-06T11:11:31","guid":{"rendered":"https:\/\/evertonfc.cz\/?p=24221"},"modified":"2024-04-07T12:37:30","modified_gmt":"2024-04-07T10:37:30","slug":"preview-everton-burnley-6","status":"publish","type":"post","link":"https:\/\/evertonfc.cz\/index.php\/2024\/04\/06\/preview-everton-burnley-6\/","title":{"rendered":"Preview: Everton &#8211; Burnley"},"content":{"rendered":"<h4>Do konce ligy hrajeme doma u\u017e jen se slab\u0161\u00edmi soupe\u0159i. Hodilo by se tak zah\u00e1jit v\u00edt\u011bznou s\u00e9rii &#8211; a Burnley by pro to m\u011blo b\u00fdt dobr\u00fd soupe\u0159. Ostatn\u011b, hrajeme doma proti p\u0159edposledn\u00edmu.<\/h4>\n<p>Kdy\u017e Everton b\u011bhem adventu hr\u00e1l na h\u0159i\u0161ti Clarets, tak z toho byl\u00a0<a href=\"https:\/\/evertonfc.cz\/index.php\/2023\/12\/17\/burnley-everton-02\/\">slu\u0161n\u00fd v\u00fdkon a pohodov\u00e9 v\u00edt\u011bzstv\u00ed.<\/a> Dne\u0161n\u00ed host\u00e9 mo\u017en\u00e1 hraj\u00ed celkem pravideln\u011b hodn\u011b slu\u0161n\u011b. Ale v\u00fdhry z toho nejsou, a tak st\u00e1le pat\u0159\u00ed spolu se Sheffieldem United mezi dva hlavn\u00ed kandid\u00e1ty sestupu. P\u0159esn\u011bj\u0161\u00ed je napsat, \u017ee se tak stane a je to pouze ot\u00e1zka \u010dasu. Veden\u00ed klubu m\u00e1 zat\u00edm s mana\u017eerem Kompanym trp\u011blivost. Na druhou stranu &#8211; ned\u00e1vn\u00fd bod ze Stamford Bridge se opravdu ne\u010dekal, a\u010d je Chelsea u\u017e pr\u016fm\u011brn\u00fdm klubem, v kombinaci se t\u0159emi rem\u00edzami to znamen\u00e1 s\u00e9rii \u010dty\u0159 z\u00e1pas\u016f bez prohry, co\u017e je slu\u0161n\u00e9.<\/p>\n<p>Fanou\u0161ci Evertonu se ut\u011b\u0161uj\u00ed zlep\u0161en\u00fdm v\u00fdkonem v posledn\u00edch 30 minut\u00e1ch v Newcastlu. Ano, dalo se na to d\u00edvat a nakonec byl z\u00edsk\u00e1n i ne\u010dekan\u00fd bod. Jen\u017ee Karamelky pot\u0159ebuj\u00ed vyhr\u00e1vat. Zvl\u00e1\u0161\u0165, kdy\u017e p\u0159\u00ed\u0161t\u00ed t\u00fdden (dost mo\u017en\u00e1 u\u017e v pond\u011bl\u00ed) bude ozn\u00e1men dal\u0161\u00ed ode\u010det bod\u016f, co\u017e se neda\u0159\u00ed. Dyche st\u00e1le tvrdohlav\u011b stav\u00ed sestavu na 0:0. A \u00fatok t\u00edm velmi trp\u00ed. Hodn\u011b podobn\u011b se b\u011bhem sv\u00e9ho \u010dasu zde choval sou\u010dasn\u00fd mana\u017eer Hammers. Je n\u00e1hodou, \u017ee oba b\u011bhem sv\u00e9 kari\u00e9ry hr\u00e1li stopera?<\/p>\n<p>Dobrou zpr\u00e1vou je, \u017ee na severu Anglie nedostal nikdo karetn\u00ed trest a nezranil se. Do z\u00e1pasu se zapojil a 30 minut zvl\u00e1dl relativn\u011b udzraven\u00fd Gomes. Mana\u017eer tak m\u016f\u017ee po\u010d\u00edtat se stejn\u00fdm k\u00e1drem, do tr\u00e9ninku se nav\u00edc vr\u00e1til Danjuma. Hned tak na lavi\u010dce ale nebude. P\u0159ece jen mu chyb\u00ed fyzick\u00e1 kondice. Jist\u00fdmi absent\u00e9ry z\u016fst\u00e1vaj\u00ed Alli a Dobbin, d\u00e1 se o\u010dek\u00e1vat m\u00edrn\u00e1 rotace sestavy.<\/p>\n<p>Za Burnley nebude hr\u00e1t \u010dtve\u0159ice dlouhodob\u00fdch absent\u00e9r\u016f Beyer-Koleosho-Ramsey-Redmond. Otazn\u00edkem z\u016fst\u00e1v\u00e1 \u00fa\u010dast Al-Dachiliho, kter\u00fd ale nehr\u00e1l od ledna, tak\u017ee sp\u00ed\u0161e nebude. Naopak se po odpyk\u00e1n\u00ed trestu za \u010dervenou kartu vrac\u00ed do k\u00e1dru Assignon.<\/p>\n<p><strong>Co:\u00a0<\/strong>Everton FC &#8211; Burnley FC, 32. kolo Premier League<br \/>\n<strong>Kdy:\u00a0<\/strong>6. 4. 2024 od 16:00<br \/>\n<strong>Kde:<\/strong> Goodison Park \u2013 Goodison Rd, Liverpool L4 4EL (kapacita:40 414)<br \/>\n<strong>TV:\u00a0<\/strong>P\u0159\u00edm\u00fd p\u0159enos na stanici Canal+ Sport 5, komentuje Michal Micka<br \/>\n<strong>Rozhod\u010d\u00ed:\u00a0<\/strong>Michael Oliver &#8211; Stuart Burt, Dan Cook\u00a0 <strong>\u010ctvrt\u00fd rozhod\u010d\u00ed:\u00a0<\/strong>Steve Martin<br \/>\n<strong>Videorozhod\u010d\u00ed:\u00a0<\/strong>David Coote\u00a0 <strong>Asistent videorozhod\u010d\u00edho:\u00a0<\/strong>Wade Smith<\/p>\n","protected":false},"excerpt":{"rendered":"<p>Do konce ligy hrajeme doma u\u017e jen se slab\u0161\u00edmi soupe\u0159i. Hodilo by se tak zah\u00e1jit v\u00edt\u011bznou s\u00e9rii &#8211; a Burnley by pro to m\u011blo b\u00fdt dobr\u00fd soupe\u0159. Ostatn\u011b, hrajeme doma proti p\u0159edposledn\u00edmu.<\/p>\n","protected":false},"author":12,"featured_media":14586,"comment_status":"open","ping_status":"closed","sticky":false,"template":"","format":"standard","meta":{"_eb_attr":"","_monsterinsights_skip_tracking":false,"_monsterinsights_sitenote_active":false,"_monsterinsights_sitenote_note":"","_monsterinsights_sitenote_category":0,"footnotes":""},"categories":[4],"tags":[],"yoast_head":"<!-- This site is optimized with the Yoast SEO plugin v23.4 - https:\/\/yoast.com\/wordpress\/plugins\/seo\/ -->\n<title>Preview: Everton - Burnley - Official Czech &amp; Slovak Everton Supporters&#039; Club<\/title>\n<meta name=\"description\" content=\"Do konce ligy hrajeme doma u\u017e jen se slab\u0161\u00edmi soupe\u0159i. Hodilo by se tak zah\u00e1jit v\u00edt\u011bznou s\u00e9rii.\" \/>\n<meta name=\"robots\" content=\"index, follow, max-snippet:-1, max-image-preview:large, max-video-preview:-1\" \/>\n<link rel=\"canonical\" href=\"https:\/\/evertonfc.cz\/index.php\/2024\/04\/06\/preview-everton-burnley-6\/\" \/>\n<meta property=\"og:locale\" content=\"cs_CZ\" \/>\n<meta property=\"og:type\" content=\"article\" \/>\n<meta property=\"og:title\" content=\"Preview: Everton - Burnley - Official Czech &amp; Slovak Everton Supporters&#039; Club\" \/>\n<meta property=\"og:description\" content=\"Do konce ligy hrajeme doma u\u017e jen se slab\u0161\u00edmi soupe\u0159i. Hodilo by se tak zah\u00e1jit v\u00edt\u011bznou s\u00e9rii.\" \/>\n<meta property=\"og:url\" content=\"https:\/\/evertonfc.cz\/index.php\/2024\/04\/06\/preview-everton-burnley-6\/\" \/>\n<meta property=\"og:site_name\" content=\"Official Czech &amp; Slovak Everton Supporters&#039; Club\" \/>\n<meta property=\"article:publisher\" content=\"https:\/\/www.facebook.com\/everton.fans.cz.sk\" \/>\n<meta property=\"article:published_time\" content=\"2024-04-06T11:11:31+00:00\" \/>\n<meta property=\"article:modified_time\" content=\"2024-04-07T10:37:30+00:00\" \/>\n<meta property=\"og:image\" content=\"https:\/\/evertonfc.cz\/wp-content\/uploads\/2021\/03\/Everton-VS-Burnley.jpg\" \/>\n\t<meta property=\"og:image:width\" content=\"720\" \/>\n\t<meta property=\"og:image:height\" content=\"405\" \/>\n\t<meta property=\"og:image:type\" content=\"image\/jpeg\" \/>\n<meta name=\"author\" content=\"Javor\" \/>\n<meta name=\"twitter:card\" content=\"summary_large_image\" \/>\n<meta name=\"twitter:creator\" content=\"@LoudinJan\" \/>\n<meta name=\"twitter:label1\" content=\"Napsal(a)\" \/>\n\t<meta name=\"twitter:data1\" content=\"Javor\" \/>\n\t<meta name=\"twitter:label2\" content=\"Odhadovan\u00e1 doba \u010dten\u00ed\" \/>\n\t<meta name=\"twitter:data2\" content=\"3 minuty\" \/>\n<script type=\"application\/ld+json\" class=\"yoast-schema-graph\">{\"@context\":\"https:\/\/schema.org\",\"@graph\":[{\"@type\":\"Article\",\"@id\":\"https:\/\/evertonfc.cz\/index.php\/2024\/04\/06\/preview-everton-burnley-6\/#article\",\"isPartOf\":{\"@id\":\"https:\/\/evertonfc.cz\/index.php\/2024\/04\/06\/preview-everton-burnley-6\/\"},\"author\":{\"name\":\"Javor\",\"@id\":\"https:\/\/evertonfc.cz\/#\/schema\/person\/b30daf6a5852f4811f8207a17ec1bf78\"},\"headline\":\"Preview: Everton &#8211; Burnley\",\"datePublished\":\"2024-04-06T11:11:31+00:00\",\"dateModified\":\"2024-04-07T10:37:30+00:00\",\"mainEntityOfPage\":{\"@id\":\"https:\/\/evertonfc.cz\/index.php\/2024\/04\/06\/preview-everton-burnley-6\/\"},\"wordCount\":456,\"commentCount\":6,\"publisher\":{\"@id\":\"https:\/\/evertonfc.cz\/#organization\"},\"image\":{\"@id\":\"https:\/\/evertonfc.cz\/index.php\/2024\/04\/06\/preview-everton-burnley-6\/#primaryimage\"},\"thumbnailUrl\":\"https:\/\/evertonfc.cz\/wp-content\/uploads\/2021\/03\/Everton-VS-Burnley.jpg\",\"articleSection\":[\"Z\u00e1pasy\"],\"inLanguage\":\"cs\",\"potentialAction\":[{\"@type\":\"CommentAction\",\"name\":\"Comment\",\"target\":[\"https:\/\/evertonfc.cz\/index.php\/2024\/04\/06\/preview-everton-burnley-6\/#respond\"]}]},{\"@type\":\"WebPage\",\"@id\":\"https:\/\/evertonfc.cz\/index.php\/2024\/04\/06\/preview-everton-burnley-6\/\",\"url\":\"https:\/\/evertonfc.cz\/index.php\/2024\/04\/06\/preview-everton-burnley-6\/\",\"name\":\"Preview: Everton - Burnley - Official Czech &amp; Slovak Everton Supporters&#039; Club\",\"isPartOf\":{\"@id\":\"https:\/\/evertonfc.cz\/#website\"},\"primaryImageOfPage\":{\"@id\":\"https:\/\/evertonfc.cz\/index.php\/2024\/04\/06\/preview-everton-burnley-6\/#primaryimage\"},\"image\":{\"@id\":\"https:\/\/evertonfc.cz\/index.php\/2024\/04\/06\/preview-everton-burnley-6\/#primaryimage\"},\"thumbnailUrl\":\"https:\/\/evertonfc.cz\/wp-content\/uploads\/2021\/03\/Everton-VS-Burnley.jpg\",\"datePublished\":\"2024-04-06T11:11:31+00:00\",\"dateModified\":\"2024-04-07T10:37:30+00:00\",\"description\":\"Do konce ligy hrajeme doma u\u017e jen se slab\u0161\u00edmi soupe\u0159i. Hodilo by se tak zah\u00e1jit v\u00edt\u011bznou s\u00e9rii.\",\"breadcrumb\":{\"@id\":\"https:\/\/evertonfc.cz\/index.php\/2024\/04\/06\/preview-everton-burnley-6\/#breadcrumb\"},\"inLanguage\":\"cs\",\"potentialAction\":[{\"@type\":\"ReadAction\",\"target\":[\"https:\/\/evertonfc.cz\/index.php\/2024\/04\/06\/preview-everton-burnley-6\/\"]}]},{\"@type\":\"ImageObject\",\"inLanguage\":\"cs\",\"@id\":\"https:\/\/evertonfc.cz\/index.php\/2024\/04\/06\/preview-everton-burnley-6\/#primaryimage\",\"url\":\"https:\/\/evertonfc.cz\/wp-content\/uploads\/2021\/03\/Everton-VS-Burnley.jpg\",\"contentUrl\":\"https:\/\/evertonfc.cz\/wp-content\/uploads\/2021\/03\/Everton-VS-Burnley.jpg\",\"width\":720,\"height\":405},{\"@type\":\"BreadcrumbList\",\"@id\":\"https:\/\/evertonfc.cz\/index.php\/2024\/04\/06\/preview-everton-burnley-6\/#breadcrumb\",\"itemListElement\":[{\"@type\":\"ListItem\",\"position\":1,\"name\":\"Home\",\"item\":\"https:\/\/evertonfc.cz\/\"},{\"@type\":\"ListItem\",\"position\":2,\"name\":\"Preview: Everton &#8211; Burnley\"}]},{\"@type\":\"WebSite\",\"@id\":\"https:\/\/evertonfc.cz\/#website\",\"url\":\"https:\/\/evertonfc.cz\/\",\"name\":\"Official Czech &amp; Slovak Everton Supporters&#039; Club\",\"description\":\"\",\"publisher\":{\"@id\":\"https:\/\/evertonfc.cz\/#organization\"},\"potentialAction\":[{\"@type\":\"SearchAction\",\"target\":{\"@type\":\"EntryPoint\",\"urlTemplate\":\"https:\/\/evertonfc.cz\/?s={search_term_string}\"},\"query-input\":{\"@type\":\"PropertyValueSpecification\",\"valueRequired\":true,\"valueName\":\"search_term_string\"}}],\"inLanguage\":\"cs\"},{\"@type\":\"Organization\",\"@id\":\"https:\/\/evertonfc.cz\/#organization\",\"name\":\"Official Czech & Slovak Everton Supporters' Club\",\"url\":\"https:\/\/evertonfc.cz\/\",\"logo\":{\"@type\":\"ImageObject\",\"inLanguage\":\"cs\",\"@id\":\"https:\/\/evertonfc.cz\/#\/schema\/logo\/image\/\",\"url\":\"https:\/\/evertonfc.cz\/wp-content\/uploads\/2019\/05\/logo.png\",\"contentUrl\":\"https:\/\/evertonfc.cz\/wp-content\/uploads\/2019\/05\/logo.png\",\"width\":112,\"height\":112,\"caption\":\"Official Czech & Slovak Everton Supporters' Club\"},\"image\":{\"@id\":\"https:\/\/evertonfc.cz\/#\/schema\/logo\/image\/\"},\"sameAs\":[\"https:\/\/www.facebook.com\/everton.fans.cz.sk\"]},{\"@type\":\"Person\",\"@id\":\"https:\/\/evertonfc.cz\/#\/schema\/person\/b30daf6a5852f4811f8207a17ec1bf78\",\"name\":\"Javor\",\"sameAs\":[\"https:\/\/x.com\/LoudinJan\"],\"url\":\"https:\/\/evertonfc.cz\/index.php\/author\/javor\/\"}]}<\/script>\n<!-- \/ Yoast SEO plugin. -->","yoast_head_json":{"title":"Preview: Everton - Burnley - Official Czech &amp; Slovak Everton Supporters&#039; Club","description":"Do konce ligy hrajeme doma u\u017e jen se slab\u0161\u00edmi soupe\u0159i. Hodilo by se tak zah\u00e1jit v\u00edt\u011bznou s\u00e9rii.","robots":{"index":"index","follow":"follow","max-snippet":"max-snippet:-1","max-image-preview":"max-image-preview:large","max-video-preview":"max-video-preview:-1"},"canonical":"https:\/\/evertonfc.cz\/index.php\/2024\/04\/06\/preview-everton-burnley-6\/","og_locale":"cs_CZ","og_type":"article","og_title":"Preview: Everton - Burnley - Official Czech &amp; Slovak Everton Supporters&#039; Club","og_description":"Do konce ligy hrajeme doma u\u017e jen se slab\u0161\u00edmi soupe\u0159i. Hodilo by se tak zah\u00e1jit v\u00edt\u011bznou s\u00e9rii.","og_url":"https:\/\/evertonfc.cz\/index.php\/2024\/04\/06\/preview-everton-burnley-6\/","og_site_name":"Official Czech &amp; Slovak Everton Supporters&#039; Club","article_publisher":"https:\/\/www.facebook.com\/everton.fans.cz.sk","article_published_time":"2024-04-06T11:11:31+00:00","article_modified_time":"2024-04-07T10:37:30+00:00","og_image":[{"width":720,"height":405,"url":"https:\/\/evertonfc.cz\/wp-content\/uploads\/2021\/03\/Everton-VS-Burnley.jpg","type":"image\/jpeg"}],"author":"Javor","twitter_card":"summary_large_image","twitter_creator":"@LoudinJan","twitter_misc":{"Napsal(a)":"Javor","Odhadovan\u00e1 doba \u010dten\u00ed":"3 minuty"},"schema":{"@context":"https:\/\/schema.org","@graph":[{"@type":"Article","@id":"https:\/\/evertonfc.cz\/index.php\/2024\/04\/06\/preview-everton-burnley-6\/#article","isPartOf":{"@id":"https:\/\/evertonfc.cz\/index.php\/2024\/04\/06\/preview-everton-burnley-6\/"},"author":{"name":"Javor","@id":"https:\/\/evertonfc.cz\/#\/schema\/person\/b30daf6a5852f4811f8207a17ec1bf78"},"headline":"Preview: Everton &#8211; Burnley","datePublished":"2024-04-06T11:11:31+00:00","dateModified":"2024-04-07T10:37:30+00:00","mainEntityOfPage":{"@id":"https:\/\/evertonfc.cz\/index.php\/2024\/04\/06\/preview-everton-burnley-6\/"},"wordCount":456,"commentCount":6,"publisher":{"@id":"https:\/\/evertonfc.cz\/#organization"},"image":{"@id":"https:\/\/evertonfc.cz\/index.php\/2024\/04\/06\/preview-everton-burnley-6\/#primaryimage"},"thumbnailUrl":"https:\/\/evertonfc.cz\/wp-content\/uploads\/2021\/03\/Everton-VS-Burnley.jpg","articleSection":["Z\u00e1pasy"],"inLanguage":"cs","potentialAction":[{"@type":"CommentAction","name":"Comment","target":["https:\/\/evertonfc.cz\/index.php\/2024\/04\/06\/preview-everton-burnley-6\/#respond"]}]},{"@type":"WebPage","@id":"https:\/\/evertonfc.cz\/index.php\/2024\/04\/06\/preview-everton-burnley-6\/","url":"https:\/\/evertonfc.cz\/index.php\/2024\/04\/06\/preview-everton-burnley-6\/","name":"Preview: Everton - Burnley - Official Czech &amp; Slovak Everton Supporters&#039; Club","isPartOf":{"@id":"https:\/\/evertonfc.cz\/#website"},"primaryImageOfPage":{"@id":"https:\/\/evertonfc.cz\/index.php\/2024\/04\/06\/preview-everton-burnley-6\/#primaryimage"},"image":{"@id":"https:\/\/evertonfc.cz\/index.php\/2024\/04\/06\/preview-everton-burnley-6\/#primaryimage"},"thumbnailUrl":"https:\/\/evertonfc.cz\/wp-content\/uploads\/2021\/03\/Everton-VS-Burnley.jpg","datePublished":"2024-04-06T11:11:31+00:00","dateModified":"2024-04-07T10:37:30+00:00","description":"Do konce ligy hrajeme doma u\u017e jen se slab\u0161\u00edmi soupe\u0159i. Hodilo by se tak zah\u00e1jit v\u00edt\u011bznou s\u00e9rii.","breadcrumb":{"@id":"https:\/\/evertonfc.cz\/index.php\/2024\/04\/06\/preview-everton-burnley-6\/#breadcrumb"},"inLanguage":"cs","potentialAction":[{"@type":"ReadAction","target":["https:\/\/evertonfc.cz\/index.php\/2024\/04\/06\/preview-everton-burnley-6\/"]}]},{"@type":"ImageObject","inLanguage":"cs","@id":"https:\/\/evertonfc.cz\/index.php\/2024\/04\/06\/preview-everton-burnley-6\/#primaryimage","url":"https:\/\/evertonfc.cz\/wp-content\/uploads\/2021\/03\/Everton-VS-Burnley.jpg","contentUrl":"https:\/\/evertonfc.cz\/wp-content\/uploads\/2021\/03\/Everton-VS-Burnley.jpg","width":720,"height":405},{"@type":"BreadcrumbList","@id":"https:\/\/evertonfc.cz\/index.php\/2024\/04\/06\/preview-everton-burnley-6\/#breadcrumb","itemListElement":[{"@type":"ListItem","position":1,"name":"Home","item":"https:\/\/evertonfc.cz\/"},{"@type":"ListItem","position":2,"name":"Preview: Everton &#8211; Burnley"}]},{"@type":"WebSite","@id":"https:\/\/evertonfc.cz\/#website","url":"https:\/\/evertonfc.cz\/","name":"Official Czech &amp; Slovak Everton Supporters&#039; Club","description":"","publisher":{"@id":"https:\/\/evertonfc.cz\/#organization"},"potentialAction":[{"@type":"SearchAction","target":{"@type":"EntryPoint","urlTemplate":"https:\/\/evertonfc.cz\/?s={search_term_string}"},"query-input":{"@type":"PropertyValueSpecification","valueRequired":true,"valueName":"search_term_string"}}],"inLanguage":"cs"},{"@type":"Organization","@id":"https:\/\/evertonfc.cz\/#organization","name":"Official Czech & Slovak Everton Supporters' Club","url":"https:\/\/evertonfc.cz\/","logo":{"@type":"ImageObject","inLanguage":"cs","@id":"https:\/\/evertonfc.cz\/#\/schema\/logo\/image\/","url":"https:\/\/evertonfc.cz\/wp-content\/uploads\/2019\/05\/logo.png","contentUrl":"https:\/\/evertonfc.cz\/wp-content\/uploads\/2019\/05\/logo.png","width":112,"height":112,"caption":"Official Czech & Slovak Everton Supporters' Club"},"image":{"@id":"https:\/\/evertonfc.cz\/#\/schema\/logo\/image\/"},"sameAs":["https:\/\/www.facebook.com\/everton.fans.cz.sk"]},{"@type":"Person","@id":"https:\/\/evertonfc.cz\/#\/schema\/person\/b30daf6a5852f4811f8207a17ec1bf78","name":"Javor","sameAs":["https:\/\/x.com\/LoudinJan"],"url":"https:\/\/evertonfc.cz\/index.php\/author\/javor\/"}]}},"_links":{"self":[{"href":"https:\/\/evertonfc.cz\/index.php\/wp-json\/wp\/v2\/posts\/24221"}],"collection":[{"href":"https:\/\/evertonfc.cz\/index.php\/wp-json\/wp\/v2\/posts"}],"about":[{"href":"https:\/\/evertonfc.cz\/index.php\/wp-json\/wp\/v2\/types\/post"}],"author":[{"embeddable":true,"href":"https:\/\/evertonfc.cz\/index.php\/wp-json\/wp\/v2\/users\/12"}],"replies":[{"embeddable":true,"href":"https:\/\/evertonfc.cz\/index.php\/wp-json\/wp\/v2\/comments?post=24221"}],"version-history":[{"count":3,"href":"https:\/\/evertonfc.cz\/index.php\/wp-json\/wp\/v2\/posts\/24221\/revisions"}],"predecessor-version":[{"id":24224,"href":"https:\/\/evertonfc.cz\/index.php\/wp-json\/wp\/v2\/posts\/24221\/revisions\/24224"}],"wp:featuredmedia":[{"embeddable":true,"href":"https:\/\/evertonfc.cz\/index.php\/wp-json\/wp\/v2\/media\/14586"}],"wp:attachment":[{"href":"https:\/\/evertonfc.cz\/index.php\/wp-json\/wp\/v2\/media?parent=24221"}],"wp:term":[{"taxonomy":"category","embeddable":true,"href":"https:\/\/evertonfc.cz\/index.php\/wp-json\/wp\/v2\/categories?post=24221"},{"taxonomy":"post_tag","embeddable":true,"href":"https:\/\/evertonfc.cz\/index.php\/wp-json\/wp\/v2\/tags?post=24221"}],"curies":[{"name":"wp","href":"https:\/\/api.w.org\/{rel}","templated":true}]}}