{"id":24226,"date":"2024-04-19T08:58:38","date_gmt":"2024-04-19T06:58:38","guid":{"rendered":"https:\/\/evertonfc.cz\/?p=24226"},"modified":"2024-05-22T11:29:39","modified_gmt":"2024-05-22T09:29:39","slug":"je-odpocet-forest-spravodlivy","status":"publish","type":"post","link":"https:\/\/evertonfc.cz\/index.php\/2024\/04\/19\/je-odpocet-forest-spravodlivy\/","title":{"rendered":"Je odpo\u010det Forest spravodliv\u00fd?"},"content":{"rendered":"<h4>Everton bol v\u00a0m\u00ednuse\u00a0o pekn\u00fdch p\u00e1r mili\u00f3nov, a\u00a0dostal trest. Nottingham bol v\u00a0m\u00ednuse o\u00a0zhruba 15 mili\u00f3nov viac ne\u017e Everton, a\u00a0tie\u017e dostal trest. Ale ni\u017e\u0161\u00ed! Ako je to mo\u017en\u00e9?<\/h4>\n<p>Ke\u010f sa na svetlo sveta dostali spr\u00e1vy, \u017ee na\u0161e milovan\u00e9 EFC nemus\u00ed a\u00a0nem\u00f4\u017ee by\u0165 jedin\u00fdm t\u00edmom potrestan\u00fdm za poru\u0161enie finan\u010dn\u00fdch pravidiel o\u00a0zisku a\u00a0udr\u017eate\u013enosti, ve\u013ea z\u00a0n\u00e1s poc\u00edtilo pocit od\u013eah\u010denia. \u017de ak predsa n\u00e1s teda zasiahla spravodlivos\u0165, tak nech plat\u00ed pre v\u0161etk\u00fdch a\u00a0bez v\u00fdnimky. Tento pocit sa umocnil aj v\u00a0podstate \u00faspe\u0161n\u00fdm odvolan\u00edm. P\u00f4vodn\u00fd absurdn\u00fd odpo\u010det desiatich bodov sa zn\u00ed\u017eil na \u0161es\u0165.<\/p>\n<p>A\u00a0takisto n\u00e1m vr\u00e1tili aj na\u0161u \u010des\u0165, ke\u010f bolo uznan\u00e9, \u017ee Everton sa nesna\u017eil nikoho oklama\u0165, a\u00a0nekonal ani v\u00a0zlom z\u00e1mere. Proste si len svoju povinnos\u0165 robil nespr\u00e1vne. Je to chyba. A\u00a0aj za tak\u00fa sa mus\u00ed plati\u0165. Zmierili sme sa s\u00a0t\u00fdm, zdvihli sme hlavy hore, a\u00a0o\u010dak\u00e1vali sme n\u00e1stup slepej spravodlivosti aj na ostatn\u00fdch frontoch.<\/p>\n<p>Nestalo sa. Nottingham za poru\u0161enie t\u00fdch ist\u00fdch pravidiel, a\u00a0to v\u00a0e\u0161te v\u00e4\u010d\u0161ej miere ne\u017e Everton, dostal po prvom vypo\u010d\u00favan\u00ed nez\u00e1vislou komisiou o\u00a0dva body ni\u017e\u0161\u00ed trest, ne\u017e ten ktor\u00fd Karamelky vymodlili a\u017e na odvolacom procese. A\u00a0\u010duduj svete, mali t\u00fa drzos\u0165 sa odvola\u0165. Aby bolo jasn\u00e9, v\u00a0t\u00fdchto riadkoch a\u00a0nasleduj\u00facich nem\u00e1m probl\u00e9m s\u00a0Forest ako klubom. Len rie\u0161im ich situ\u00e1ciu v\u00a0kontexte Evertonu. Tak\u017ee sa vopred sa ospravedl\u0148ujem za ak\u00fako\u013evek n\u00e1hodn\u00fa sugestivitu, z\u00a0toho vypl\u00fdvaj\u00facu.<\/p>\n<h4><strong>Poru\u0161enie na papieri<\/strong><\/h4>\n<p>Ke\u010f sa v EFC prv\u00fdkr\u00e1t dozvedeli, \u017ee Premier League ich obvinila z\u00a0poru\u0161enia pravidiel, z\u00a0vlastn\u00e9ho presved\u010denia o\u00a0nespr\u00e1vnych v\u00fdpo\u010dtoch a\u00a0po\u013eah\u010duj\u00facich okolnostiach toto tvrdenie v klube odmietli. NFFC bol presn\u00fd opak. Svoje obvinenia si okam\u017eite priznali, nako\u013eko si boli vo veden\u00ed klubu vedom\u00ed, \u017ee povolen\u00fd limit str\u00e1t prekro\u010dili. Dokonca dobrovo\u013ene, ke\u010f k\u00a0ur\u010den\u00e9mu d\u00e1tumu minul\u00e9ho leta neuskuto\u010dnili predaj Brennana Johnsona. Hoci mohli, tak ako my pred dvomi rokmi Richarlisona.<\/p>\n<p>Ale k\u00a0tomu nesk\u00f4r. Ako sme spom\u00ednali, k\u00a0poru\u0161eniu sa priznali. Neprotestovali vo\u010di nemu a samotnej\u00a0v\u00fd\u0161ke prekro\u010deniu ani po\u010das vypo\u010d\u00favania nez\u00e1vislou komisiou. Ke\u010f\u017ee ich kontrolovan\u00e9 finan\u010dn\u00e9 roky zah\u0155\u0148ali aj dve sez\u00f3ny v\u00a0Championship, v\u00fd\u0161ka stropu povolen\u00fdch str\u00e1t bola logicky ni\u017e\u0161ia, konkr\u00e9tne \u00a361 mili\u00f3nov. Strop pri troch sez\u00f3nach str\u00e1ven\u00fdch v\u00a0najvy\u0161\u0161ej s\u00fa\u0165a\u017ei je \u00a3105 mili\u00f3nov.<\/p>\n<p>No a\u00a0Forest prekro\u010dili limit str\u00e1t o\u00a0presne \u00a334 536 000. \u010ci\u017ee ich celkov\u00e1 strata za tri roky predstavovala \u00a395 536 000. V\u00a0\u010dl\u00e1nku budeme \u010falej zaokr\u00fah\u013eova\u0165. Na porovnanie s\u00a0pr\u00edpadom Karameliek, tam boli celkov\u00e9 straty za trojro\u010dn\u00e9 obdobie v\u00a0Premier League vo v\u00fd\u0161ke \u00a3124,5 mili\u00f3na. Prekro\u010denie limitu o\u00a019,5 mili\u00f3na. Rozdiel medzi v\u00fd\u0161kou prekro\u010denia limitu Evertonom a\u00a0Nottinghamom predstavuje 15 mili\u00f3nov. V\u00a0pomere mali teda The Tricky Trees o 77% v\u00e4\u010d\u0161ie prekro\u010denie limitu str\u00e1t ako The Toffees.<\/p>\n<h4><img loading=\"lazy\" decoding=\"async\" class=\"alignnone size-full wp-image-23397\" src=\"https:\/\/evertonfc.cz\/wp-content\/uploads\/2023\/12\/Nottingham-Forest-0-1-Everton-by-Getty-Images-2-12-2023.jpg\" alt=\"\" width=\"720\" height=\"405\" srcset=\"https:\/\/evertonfc.cz\/wp-content\/uploads\/2023\/12\/Nottingham-Forest-0-1-Everton-by-Getty-Images-2-12-2023.jpg 720w, https:\/\/evertonfc.cz\/wp-content\/uploads\/2023\/12\/Nottingham-Forest-0-1-Everton-by-Getty-Images-2-12-2023-300x169.jpg 300w\" sizes=\"(max-width: 720px) 100vw, 720px\" \/><strong>Obhajoba Forest<\/strong><\/h4>\n<p>Komisia nazvala toto prekro\u010denie ako \u201esignifikantn\u00e9\u201c. Pr\u00e1vnici Nottinghamu na \u010dele s Nickom De Marcom KC sa v\u0161ak spoliehali na ak\u00fasi unik\u00e1tnos\u0165 ich situ\u00e1cie. T\u00e1 im mala zaru\u010di\u0165 u troj\u010dlennej poroty zhovievavos\u0165. Prezentovali klub ako bojuj\u00faci proti finan\u010dn\u00fdm nev\u00fdhod\u00e1m, ktor\u00e9 so sebou prin\u00e1\u0161a aklimatiz\u00e1cia v prvej lige. Ich argument\u00e1cie tie\u017e zah\u0155\u0148ali tvrdenia, \u017ee odpo\u010det bodov v tomto pr\u00edpade by nebol primeran\u00fd, a ak, tak by mal by\u0165 minim\u00e1lny. \u00dadajne bolo poru\u0161enie EFC, hoci men\u0161ie, z\u00e1va\u017enej\u0161ie ako to od Forest. Bohu\u017eia\u013e, o logike tohto v\u00fdroku sa mi viac nepodarilo zisti\u0165. Aspo\u0148 z\u00e1stupcovia ligy boli vo svojom pr\u00edstupe na hon \u010darodejn\u00edc konzistentn\u00ed.<\/p>\n<p>Po\u017eadovali odpo\u010det bodov ako nutnos\u0165, aj kv\u00f4li predch\u00e1dzaj\u00facemu precedensu Evertonu. Aj t\u00e1to komisia im dala za pravdu. Pr\u00e1vnici PL predlo\u017eili n\u00e1vrh, \u017ee odpo\u010det 8 bodov by predstavoval primeran\u00fd trest za prekro\u010denie povolen\u00fdch str\u00e1t tejto v\u00fd\u0161ky. Citovali \u0161es\u0165bodov\u00fd odpo\u010det EFC ako nov\u00fa latku pre tak\u00fdto druh poru\u0161en\u00ed pravidiel v z\u00e1vislosti od v\u00fd\u0161ky prekro\u010denia. Jednoducho nov\u00fd precedens pre spravodliv\u00fa Premier League.<\/p>\n<p>Potom si kompetentn\u00ed v\u0161ak spomenuli, \u017ee hoci prekro\u010denie Evertonu mohlo by\u0165 men\u0161ie, ale \u201enespr\u00e1vne inform\u00e1cie\u201c o\u00a0ich \u00fa\u010dtoch, ktor\u00e9 boli poskytnut\u00e9 Premier League, boli d\u00f4vodom na zv\u00fd\u0161enie ich odpo\u010dtu na \u0161es\u0165 bodov. Komisia v pr\u00edpade Forest poznamenala, \u017ee \u201e<em>nemuselo d\u00f4js\u0165 k \u017eiadnej \u010fal\u0161ej \u00favahe o nespr\u00e1vnych inform\u00e1ci\u00e1ch poskytovan\u00fdch Premier League, ako to bolo v\u00a0pr\u00edpade Evertonu\u201c<\/em>.<\/p>\n<h4><strong>V\u00fdpo\u010det odpo\u010dtu bodov<\/strong><\/h4>\n<p>V\u00fdchodiskov\u00fdm bodom pre poru\u0161enie tak\u00fdchto pravidiel mali by\u0165 tri body, ako to bolo v pr\u00edpade Evertonu. Pri\u010dom \u010fal\u0161\u00edch p\u00e4\u0165 sa pridalo na z\u00e1klade v\u00fdpo\u010dtov, \u017ee poru\u0161enie Nottinghamu bolo 1,77-kr\u00e1t v\u00e4\u010d\u0161ie ako v pr\u00edpade klubu, ktor\u00fd patr\u00ed medzi ich s\u00faperov v\u00a0boji o\u00a0udr\u017eanie v\u00a0lige. Premier League akceptovala spolupr\u00e1cu NFFC a skor\u00e9 priznanie viny. Tento faktor im u\u0161etril dva z\u00a0celkovo navrhovan\u00fdch -8 bodov. A\u00a0tam niekde sa malo vy\u0161etrovanie skon\u010di\u0165 a\u00a0sp\u00edsa\u0165 z\u00e1pisnicu. \u0160es\u0165bodov\u00fd odpo\u010det.<\/p>\n<p>Len\u017ee komisia nakoniec skon\u010dila niekde uprostred toho, \u010do pr\u00edslu\u0161n\u00e9 strany pova\u017eovali za vhodn\u00e9. Toti\u017e troj\u010dlenn\u00fd panel, op\u00e4\u0165 v inom zlo\u017een\u00ed ako pri ka\u017edom jednom vypo\u010d\u00favan\u00ed, vraj nemohol vych\u00e1dza\u0165 zo \u017eiadneho existuj\u00faceho \u201epevn\u00e9ho vzorca\u201c (rozumej absencia vopred jasne stanoven\u00fdch pravidiel ligou, \u010di in\u00fdm spr\u00e1vnym org\u00e1nom). To je skuto\u010dnos\u0165, ktor\u00fa predt\u00fdm lamentoval aj in\u00fd panel v odvolan\u00ed EFC. A teraz to pr\u00edde&#8230;<\/p>\n<p>Na rozdiel u\u017e od zaveden\u00e9ho precedensu v pr\u00edpade Evertonu, dokonca u\u017e aj po odvolan\u00ed, si trojica zodpovedn\u00fdch \u201esudcov\u201c stanovila vlastn\u00fd vzorec. A hoci sa zhodla s Premier League, \u017ee vstupn\u00fdm bodom za poru\u0161enie bude spom\u00ednan\u00e1 trojbodov\u00e1 zr\u00e1\u017eka, pridali len \u010fal\u0161ie tri v d\u00f4sledku rozsahu poru\u0161enia Forest. Absol\u00fatne ignoruj\u00fac nepomer medzi poru\u0161en\u00edm na Merseyside, a t\u00fdm v East Midlands. Komisia potom zoh\u013eadnila aj spr\u00e1vanie sa klubu. <em>&#8222;Nie je spor o tom, \u017ee skor\u00e1 prosba a v\u00fdnimo\u010dn\u00e1 spolupr\u00e1ca by mala vies\u0165 k\u00a0zmierneniu odpo\u010dtu.&#8220;<\/em> uv\u00e1dza spr\u00e1va komisie. To zn\u00ed\u017eilo \u010fal\u0161ie dva body zo \u0161iestich, \u010d\u00edm sa kone\u010dn\u00fd odpo\u010det dostal na m\u00ednus \u0161tyri.<\/p>\n<h4><img loading=\"lazy\" decoding=\"async\" class=\"alignnone size-full wp-image-21140\" src=\"https:\/\/evertonfc.cz\/wp-content\/uploads\/2023\/03\/Forest-2-2-Everton-by-GettyImages-5-3-2023.jpg\" alt=\"\" width=\"720\" height=\"405\" srcset=\"https:\/\/evertonfc.cz\/wp-content\/uploads\/2023\/03\/Forest-2-2-Everton-by-GettyImages-5-3-2023.jpg 720w, https:\/\/evertonfc.cz\/wp-content\/uploads\/2023\/03\/Forest-2-2-Everton-by-GettyImages-5-3-2023-300x169.jpg 300w\" sizes=\"(max-width: 720px) 100vw, 720px\" \/><strong>A nie je to ve\u013ea, Anton Pavlovi\u010d?<\/strong><\/h4>\n<p>Ke\u010f n\u00e1m klesne tlak, m\u00f4\u017eeme sa pusti\u0165 do tak\u00fdchto \u00favah. Klub nem\u00f4\u017ee, aspo\u0148 nie verejne. St\u00e1le sme v procese o\u010dak\u00e1vania \u010fal\u0161ieho rozsudku pri druhom poru\u0161en\u00ed, \u00faplne logickom poru\u0161en\u00ed PSR. To prin\u00e1\u0161a hrozbu nov\u00e9ho odpo\u010dtu bodov. No v Goodison Parku je asi ve\u013ea \u013eud\u00ed presved\u010den\u00fdch na za\u010datie verejn\u00e9ho sporu o tom, ako mohli Forest dosta\u0165 men\u0161ie sankcie. Obzvl\u00e1\u0161\u0165, ke\u010f po odvolan\u00ed je jasn\u00e9, \u017ee klub \u00famyselne vo svojich \u00fa\u010dtoch nezav\u00e1dzal, a nem\u00f4\u017ee sa to pova\u017eova\u0165 za pri\u0165a\u017euj\u00face. Nu\u017e, tak\u00e1to chyba po novom m\u00f4\u017ee st\u00e1\u0165 in\u00e9 kluby tie\u017e dva body.<\/p>\n<p>Alebo aj nie. \u00dadajne sa u\u017e hromadne vol\u00e1 po suspend\u00e1cii vy\u0161etrovania tak\u00fdmito komisiami, preto\u017ee o\u010dividne v tom nie je \u017eiadna konzistencia. Kde bolo prihliadnut\u00e9 na \u0161portov\u00fa v\u00fdhodu? Do straty \u00a334,5 mili\u00f3na za sez\u00f3nu 2022\/23 m\u00f4\u017eeme zahrn\u00fa\u0165 pr\u00edchod Morgana Gibbsa-Whitea (\u00a325m), teraz najv\u00e4\u010d\u0161ieho \u0165ah\u00fa\u0148a t\u00edmu. Alebo \u00fato\u010dn\u00edka Awoniyia (\u00a320m). Mohol by som takto pokra\u010dova\u0165 a sklada\u0165 v\u00fdhody na tr\u00e1vniku cel\u00fd \u010dl\u00e1nok. Takmer 143 mili\u00f3nov na prestupy a pr\u00edchod 19 nov\u00fdch hr\u00e1\u010dov + tri hos\u0165ovania.<\/p>\n<p>A kde s\u00fa pri\u0165a\u017euj\u00face faktory? Ako sa m\u00f4\u017ee pod\u013ea obhajoby NFFC neskor\u00fd predaj Johnsona do Tottenhamu po j\u00fanovom term\u00edne uz\u00e1vierok \u00fa\u010dtov pova\u017eova\u0165 za plus pri snahe o dodr\u017eiavan\u00ed pravidiel? Bol sn\u00e1\u010f Everton rovnako omilosten\u00fd, ba aj viacej, ke\u010f stihol preda\u0165 Richarlisona do term\u00ednu, hoci pod cenu? Nie. A potom pr\u00edde spr\u00e1va, \u017ee klub sa nestoto\u017e\u0148uje s trestom a Nottingham sa bude odvol\u00e1va\u0165. Zase s inou porotou a in\u00fdmi pravidlami.<\/p>\n<p>Mimochodom, pod\u013ea port\u00e1lu The Athletic 30. j\u00fana pon\u00fakalo Atl\u00e9tico Madrid za Johnsona \u00a343.7 mili\u00f3na. Forest si vyp\u00fdtali 65 a tam sa debata skon\u010dila. A\u00a0ak by niekto prich\u00e1dzal s\u00a0argumentom, \u017ee Everton je vo finan\u010dn\u00fdch probl\u00e9moch dlh\u0161ie ako Forest, tak vedzte, \u017ee v\u00fddaje na mzdy v\u00a0Nottinghame za roky 20\/21 a\u00a021\/22 boli\u00a0202, respekt\u00edve\u00a0197 percent ro\u010dn\u00e9ho obratu klubu. \u010ci\u017ee e\u0161te pred postupom do PL. O\u00a0zodpovednom pr\u00edstupe a\u00a0nerovn\u00fdch podmienkach pri v\u00fdstupe na najvy\u0161\u0161ie futbalov\u00e9 poschodie tu preto \u0165a\u017eko m\u00f4\u017ee by\u0165 re\u010d&#8230;<\/p>\n<p style=\"text-align: right;\"><span style=\"font-size: 8pt;\">(fotozdroj: OneFootball.com)<\/span><\/p>\n","protected":false},"excerpt":{"rendered":"<p>Everton bol v\u00a0m\u00ednuse\u00a0o pekn\u00fdch p\u00e1r mili\u00f3nov, a\u00a0dostal trest. Nottingham bol v\u00a0m\u00ednuse o\u00a0zhruba 15 mili\u00f3nov viac ne\u017e Everton, a\u00a0tie\u017e dostal trest. Ale ni\u017e\u0161\u00ed! Ako je to mo\u017en\u00e9?<\/p>\n","protected":false},"author":1,"featured_media":24227,"comment_status":"open","ping_status":"closed","sticky":false,"template":"","format":"standard","meta":{"_eb_attr":"","_monsterinsights_skip_tracking":false,"_monsterinsights_sitenote_active":false,"_monsterinsights_sitenote_note":"","_monsterinsights_sitenote_category":0,"footnotes":""},"categories":[39],"tags":[],"yoast_head":"<!-- This site is optimized with the Yoast SEO plugin v23.4 - https:\/\/yoast.com\/wordpress\/plugins\/seo\/ -->\n<title>Je odpo\u010det Forest spravodliv\u00fd? - Official Czech &amp; Slovak Everton Supporters&#039; Club<\/title>\n<meta name=\"robots\" content=\"index, follow, max-snippet:-1, max-image-preview:large, max-video-preview:-1\" \/>\n<link rel=\"canonical\" href=\"https:\/\/evertonfc.cz\/index.php\/2024\/04\/19\/je-odpocet-forest-spravodlivy\/\" \/>\n<meta property=\"og:locale\" content=\"cs_CZ\" \/>\n<meta property=\"og:type\" content=\"article\" \/>\n<meta property=\"og:title\" content=\"Je odpo\u010det Forest spravodliv\u00fd? - Official Czech &amp; Slovak Everton Supporters&#039; Club\" \/>\n<meta property=\"og:description\" content=\"Everton bol v\u00a0m\u00ednuse\u00a0o pekn\u00fdch p\u00e1r mili\u00f3nov, a\u00a0dostal trest. Nottingham bol v\u00a0m\u00ednuse o\u00a0zhruba 15 mili\u00f3nov viac ne\u017e Everton, a\u00a0tie\u017e dostal trest. Ale ni\u017e\u0161\u00ed! Ako je to mo\u017en\u00e9?\" \/>\n<meta property=\"og:url\" content=\"https:\/\/evertonfc.cz\/index.php\/2024\/04\/19\/je-odpocet-forest-spravodlivy\/\" \/>\n<meta property=\"og:site_name\" content=\"Official Czech &amp; Slovak Everton Supporters&#039; Club\" \/>\n<meta property=\"article:publisher\" content=\"https:\/\/www.facebook.com\/everton.fans.cz.sk\" \/>\n<meta property=\"article:published_time\" content=\"2024-04-19T06:58:38+00:00\" \/>\n<meta property=\"article:modified_time\" content=\"2024-05-22T09:29:39+00:00\" \/>\n<meta property=\"og:image\" content=\"https:\/\/evertonfc.cz\/wp-content\/uploads\/2024\/04\/Nottingham-Forest-PSR-breach-by-OneFootball.com-7-4-2024.jpg\" \/>\n\t<meta property=\"og:image:width\" content=\"720\" \/>\n\t<meta property=\"og:image:height\" content=\"405\" \/>\n\t<meta property=\"og:image:type\" content=\"image\/jpeg\" \/>\n<meta name=\"author\" content=\"BlueBlooded\" \/>\n<meta name=\"twitter:card\" content=\"summary_large_image\" \/>\n<meta name=\"twitter:label1\" content=\"Napsal(a)\" \/>\n\t<meta name=\"twitter:data1\" content=\"BlueBlooded\" \/>\n\t<meta name=\"twitter:label2\" content=\"Odhadovan\u00e1 doba \u010dten\u00ed\" \/>\n\t<meta name=\"twitter:data2\" content=\"8 minut\" \/>\n<script type=\"application\/ld+json\" class=\"yoast-schema-graph\">{\"@context\":\"https:\/\/schema.org\",\"@graph\":[{\"@type\":\"Article\",\"@id\":\"https:\/\/evertonfc.cz\/index.php\/2024\/04\/19\/je-odpocet-forest-spravodlivy\/#article\",\"isPartOf\":{\"@id\":\"https:\/\/evertonfc.cz\/index.php\/2024\/04\/19\/je-odpocet-forest-spravodlivy\/\"},\"author\":{\"name\":\"BlueBlooded\",\"@id\":\"https:\/\/evertonfc.cz\/#\/schema\/person\/d4493b8cbea51532597fbc4685698916\"},\"headline\":\"Je odpo\u010det Forest spravodliv\u00fd?\",\"datePublished\":\"2024-04-19T06:58:38+00:00\",\"dateModified\":\"2024-05-22T09:29:39+00:00\",\"mainEntityOfPage\":{\"@id\":\"https:\/\/evertonfc.cz\/index.php\/2024\/04\/19\/je-odpocet-forest-spravodlivy\/\"},\"wordCount\":1561,\"commentCount\":2,\"publisher\":{\"@id\":\"https:\/\/evertonfc.cz\/#organization\"},\"image\":{\"@id\":\"https:\/\/evertonfc.cz\/index.php\/2024\/04\/19\/je-odpocet-forest-spravodlivy\/#primaryimage\"},\"thumbnailUrl\":\"https:\/\/evertonfc.cz\/wp-content\/uploads\/2024\/04\/Nottingham-Forest-PSR-breach-by-OneFootball.com-7-4-2024.jpg\",\"articleSection\":[\"Blog\"],\"inLanguage\":\"cs\",\"potentialAction\":[{\"@type\":\"CommentAction\",\"name\":\"Comment\",\"target\":[\"https:\/\/evertonfc.cz\/index.php\/2024\/04\/19\/je-odpocet-forest-spravodlivy\/#respond\"]}]},{\"@type\":\"WebPage\",\"@id\":\"https:\/\/evertonfc.cz\/index.php\/2024\/04\/19\/je-odpocet-forest-spravodlivy\/\",\"url\":\"https:\/\/evertonfc.cz\/index.php\/2024\/04\/19\/je-odpocet-forest-spravodlivy\/\",\"name\":\"Je odpo\u010det Forest spravodliv\u00fd? - Official Czech &amp; Slovak Everton Supporters&#039; Club\",\"isPartOf\":{\"@id\":\"https:\/\/evertonfc.cz\/#website\"},\"primaryImageOfPage\":{\"@id\":\"https:\/\/evertonfc.cz\/index.php\/2024\/04\/19\/je-odpocet-forest-spravodlivy\/#primaryimage\"},\"image\":{\"@id\":\"https:\/\/evertonfc.cz\/index.php\/2024\/04\/19\/je-odpocet-forest-spravodlivy\/#primaryimage\"},\"thumbnailUrl\":\"https:\/\/evertonfc.cz\/wp-content\/uploads\/2024\/04\/Nottingham-Forest-PSR-breach-by-OneFootball.com-7-4-2024.jpg\",\"datePublished\":\"2024-04-19T06:58:38+00:00\",\"dateModified\":\"2024-05-22T09:29:39+00:00\",\"breadcrumb\":{\"@id\":\"https:\/\/evertonfc.cz\/index.php\/2024\/04\/19\/je-odpocet-forest-spravodlivy\/#breadcrumb\"},\"inLanguage\":\"cs\",\"potentialAction\":[{\"@type\":\"ReadAction\",\"target\":[\"https:\/\/evertonfc.cz\/index.php\/2024\/04\/19\/je-odpocet-forest-spravodlivy\/\"]}]},{\"@type\":\"ImageObject\",\"inLanguage\":\"cs\",\"@id\":\"https:\/\/evertonfc.cz\/index.php\/2024\/04\/19\/je-odpocet-forest-spravodlivy\/#primaryimage\",\"url\":\"https:\/\/evertonfc.cz\/wp-content\/uploads\/2024\/04\/Nottingham-Forest-PSR-breach-by-OneFootball.com-7-4-2024.jpg\",\"contentUrl\":\"https:\/\/evertonfc.cz\/wp-content\/uploads\/2024\/04\/Nottingham-Forest-PSR-breach-by-OneFootball.com-7-4-2024.jpg\",\"width\":720,\"height\":405},{\"@type\":\"BreadcrumbList\",\"@id\":\"https:\/\/evertonfc.cz\/index.php\/2024\/04\/19\/je-odpocet-forest-spravodlivy\/#breadcrumb\",\"itemListElement\":[{\"@type\":\"ListItem\",\"position\":1,\"name\":\"Home\",\"item\":\"https:\/\/evertonfc.cz\/\"},{\"@type\":\"ListItem\",\"position\":2,\"name\":\"Je odpo\u010det Forest spravodliv\u00fd?\"}]},{\"@type\":\"WebSite\",\"@id\":\"https:\/\/evertonfc.cz\/#website\",\"url\":\"https:\/\/evertonfc.cz\/\",\"name\":\"Official Czech &amp; Slovak Everton Supporters&#039; Club\",\"description\":\"\",\"publisher\":{\"@id\":\"https:\/\/evertonfc.cz\/#organization\"},\"potentialAction\":[{\"@type\":\"SearchAction\",\"target\":{\"@type\":\"EntryPoint\",\"urlTemplate\":\"https:\/\/evertonfc.cz\/?s={search_term_string}\"},\"query-input\":{\"@type\":\"PropertyValueSpecification\",\"valueRequired\":true,\"valueName\":\"search_term_string\"}}],\"inLanguage\":\"cs\"},{\"@type\":\"Organization\",\"@id\":\"https:\/\/evertonfc.cz\/#organization\",\"name\":\"Official Czech & Slovak Everton Supporters' Club\",\"url\":\"https:\/\/evertonfc.cz\/\",\"logo\":{\"@type\":\"ImageObject\",\"inLanguage\":\"cs\",\"@id\":\"https:\/\/evertonfc.cz\/#\/schema\/logo\/image\/\",\"url\":\"https:\/\/evertonfc.cz\/wp-content\/uploads\/2019\/05\/logo.png\",\"contentUrl\":\"https:\/\/evertonfc.cz\/wp-content\/uploads\/2019\/05\/logo.png\",\"width\":112,\"height\":112,\"caption\":\"Official Czech & Slovak Everton Supporters' Club\"},\"image\":{\"@id\":\"https:\/\/evertonfc.cz\/#\/schema\/logo\/image\/\"},\"sameAs\":[\"https:\/\/www.facebook.com\/everton.fans.cz.sk\"]},{\"@type\":\"Person\",\"@id\":\"https:\/\/evertonfc.cz\/#\/schema\/person\/d4493b8cbea51532597fbc4685698916\",\"name\":\"BlueBlooded\",\"url\":\"https:\/\/evertonfc.cz\/index.php\/author\/admin\/\"}]}<\/script>\n<!-- \/ Yoast SEO plugin. -->","yoast_head_json":{"title":"Je odpo\u010det Forest spravodliv\u00fd? - Official Czech &amp; Slovak Everton Supporters&#039; Club","robots":{"index":"index","follow":"follow","max-snippet":"max-snippet:-1","max-image-preview":"max-image-preview:large","max-video-preview":"max-video-preview:-1"},"canonical":"https:\/\/evertonfc.cz\/index.php\/2024\/04\/19\/je-odpocet-forest-spravodlivy\/","og_locale":"cs_CZ","og_type":"article","og_title":"Je odpo\u010det Forest spravodliv\u00fd? - Official Czech &amp; Slovak Everton Supporters&#039; Club","og_description":"Everton bol v\u00a0m\u00ednuse\u00a0o pekn\u00fdch p\u00e1r mili\u00f3nov, a\u00a0dostal trest. Nottingham bol v\u00a0m\u00ednuse o\u00a0zhruba 15 mili\u00f3nov viac ne\u017e Everton, a\u00a0tie\u017e dostal trest. Ale ni\u017e\u0161\u00ed! Ako je to mo\u017en\u00e9?","og_url":"https:\/\/evertonfc.cz\/index.php\/2024\/04\/19\/je-odpocet-forest-spravodlivy\/","og_site_name":"Official Czech &amp; Slovak Everton Supporters&#039; Club","article_publisher":"https:\/\/www.facebook.com\/everton.fans.cz.sk","article_published_time":"2024-04-19T06:58:38+00:00","article_modified_time":"2024-05-22T09:29:39+00:00","og_image":[{"width":720,"height":405,"url":"https:\/\/evertonfc.cz\/wp-content\/uploads\/2024\/04\/Nottingham-Forest-PSR-breach-by-OneFootball.com-7-4-2024.jpg","type":"image\/jpeg"}],"author":"BlueBlooded","twitter_card":"summary_large_image","twitter_misc":{"Napsal(a)":"BlueBlooded","Odhadovan\u00e1 doba \u010dten\u00ed":"8 minut"},"schema":{"@context":"https:\/\/schema.org","@graph":[{"@type":"Article","@id":"https:\/\/evertonfc.cz\/index.php\/2024\/04\/19\/je-odpocet-forest-spravodlivy\/#article","isPartOf":{"@id":"https:\/\/evertonfc.cz\/index.php\/2024\/04\/19\/je-odpocet-forest-spravodlivy\/"},"author":{"name":"BlueBlooded","@id":"https:\/\/evertonfc.cz\/#\/schema\/person\/d4493b8cbea51532597fbc4685698916"},"headline":"Je odpo\u010det Forest spravodliv\u00fd?","datePublished":"2024-04-19T06:58:38+00:00","dateModified":"2024-05-22T09:29:39+00:00","mainEntityOfPage":{"@id":"https:\/\/evertonfc.cz\/index.php\/2024\/04\/19\/je-odpocet-forest-spravodlivy\/"},"wordCount":1561,"commentCount":2,"publisher":{"@id":"https:\/\/evertonfc.cz\/#organization"},"image":{"@id":"https:\/\/evertonfc.cz\/index.php\/2024\/04\/19\/je-odpocet-forest-spravodlivy\/#primaryimage"},"thumbnailUrl":"https:\/\/evertonfc.cz\/wp-content\/uploads\/2024\/04\/Nottingham-Forest-PSR-breach-by-OneFootball.com-7-4-2024.jpg","articleSection":["Blog"],"inLanguage":"cs","potentialAction":[{"@type":"CommentAction","name":"Comment","target":["https:\/\/evertonfc.cz\/index.php\/2024\/04\/19\/je-odpocet-forest-spravodlivy\/#respond"]}]},{"@type":"WebPage","@id":"https:\/\/evertonfc.cz\/index.php\/2024\/04\/19\/je-odpocet-forest-spravodlivy\/","url":"https:\/\/evertonfc.cz\/index.php\/2024\/04\/19\/je-odpocet-forest-spravodlivy\/","name":"Je odpo\u010det Forest spravodliv\u00fd? - Official Czech &amp; Slovak Everton Supporters&#039; Club","isPartOf":{"@id":"https:\/\/evertonfc.cz\/#website"},"primaryImageOfPage":{"@id":"https:\/\/evertonfc.cz\/index.php\/2024\/04\/19\/je-odpocet-forest-spravodlivy\/#primaryimage"},"image":{"@id":"https:\/\/evertonfc.cz\/index.php\/2024\/04\/19\/je-odpocet-forest-spravodlivy\/#primaryimage"},"thumbnailUrl":"https:\/\/evertonfc.cz\/wp-content\/uploads\/2024\/04\/Nottingham-Forest-PSR-breach-by-OneFootball.com-7-4-2024.jpg","datePublished":"2024-04-19T06:58:38+00:00","dateModified":"2024-05-22T09:29:39+00:00","breadcrumb":{"@id":"https:\/\/evertonfc.cz\/index.php\/2024\/04\/19\/je-odpocet-forest-spravodlivy\/#breadcrumb"},"inLanguage":"cs","potentialAction":[{"@type":"ReadAction","target":["https:\/\/evertonfc.cz\/index.php\/2024\/04\/19\/je-odpocet-forest-spravodlivy\/"]}]},{"@type":"ImageObject","inLanguage":"cs","@id":"https:\/\/evertonfc.cz\/index.php\/2024\/04\/19\/je-odpocet-forest-spravodlivy\/#primaryimage","url":"https:\/\/evertonfc.cz\/wp-content\/uploads\/2024\/04\/Nottingham-Forest-PSR-breach-by-OneFootball.com-7-4-2024.jpg","contentUrl":"https:\/\/evertonfc.cz\/wp-content\/uploads\/2024\/04\/Nottingham-Forest-PSR-breach-by-OneFootball.com-7-4-2024.jpg","width":720,"height":405},{"@type":"BreadcrumbList","@id":"https:\/\/evertonfc.cz\/index.php\/2024\/04\/19\/je-odpocet-forest-spravodlivy\/#breadcrumb","itemListElement":[{"@type":"ListItem","position":1,"name":"Home","item":"https:\/\/evertonfc.cz\/"},{"@type":"ListItem","position":2,"name":"Je odpo\u010det Forest spravodliv\u00fd?"}]},{"@type":"WebSite","@id":"https:\/\/evertonfc.cz\/#website","url":"https:\/\/evertonfc.cz\/","name":"Official Czech &amp; Slovak Everton Supporters&#039; Club","description":"","publisher":{"@id":"https:\/\/evertonfc.cz\/#organization"},"potentialAction":[{"@type":"SearchAction","target":{"@type":"EntryPoint","urlTemplate":"https:\/\/evertonfc.cz\/?s={search_term_string}"},"query-input":{"@type":"PropertyValueSpecification","valueRequired":true,"valueName":"search_term_string"}}],"inLanguage":"cs"},{"@type":"Organization","@id":"https:\/\/evertonfc.cz\/#organization","name":"Official Czech & Slovak Everton Supporters' Club","url":"https:\/\/evertonfc.cz\/","logo":{"@type":"ImageObject","inLanguage":"cs","@id":"https:\/\/evertonfc.cz\/#\/schema\/logo\/image\/","url":"https:\/\/evertonfc.cz\/wp-content\/uploads\/2019\/05\/logo.png","contentUrl":"https:\/\/evertonfc.cz\/wp-content\/uploads\/2019\/05\/logo.png","width":112,"height":112,"caption":"Official Czech & Slovak Everton Supporters' Club"},"image":{"@id":"https:\/\/evertonfc.cz\/#\/schema\/logo\/image\/"},"sameAs":["https:\/\/www.facebook.com\/everton.fans.cz.sk"]},{"@type":"Person","@id":"https:\/\/evertonfc.cz\/#\/schema\/person\/d4493b8cbea51532597fbc4685698916","name":"BlueBlooded","url":"https:\/\/evertonfc.cz\/index.php\/author\/admin\/"}]}},"_links":{"self":[{"href":"https:\/\/evertonfc.cz\/index.php\/wp-json\/wp\/v2\/posts\/24226"}],"collection":[{"href":"https:\/\/evertonfc.cz\/index.php\/wp-json\/wp\/v2\/posts"}],"about":[{"href":"https:\/\/evertonfc.cz\/index.php\/wp-json\/wp\/v2\/types\/post"}],"author":[{"embeddable":true,"href":"https:\/\/evertonfc.cz\/index.php\/wp-json\/wp\/v2\/users\/1"}],"replies":[{"embeddable":true,"href":"https:\/\/evertonfc.cz\/index.php\/wp-json\/wp\/v2\/comments?post=24226"}],"version-history":[{"count":8,"href":"https:\/\/evertonfc.cz\/index.php\/wp-json\/wp\/v2\/posts\/24226\/revisions"}],"predecessor-version":[{"id":24246,"href":"https:\/\/evertonfc.cz\/index.php\/wp-json\/wp\/v2\/posts\/24226\/revisions\/24246"}],"wp:featuredmedia":[{"embeddable":true,"href":"https:\/\/evertonfc.cz\/index.php\/wp-json\/wp\/v2\/media\/24227"}],"wp:attachment":[{"href":"https:\/\/evertonfc.cz\/index.php\/wp-json\/wp\/v2\/media?parent=24226"}],"wp:term":[{"taxonomy":"category","embeddable":true,"href":"https:\/\/evertonfc.cz\/index.php\/wp-json\/wp\/v2\/categories?post=24226"},{"taxonomy":"post_tag","embeddable":true,"href":"https:\/\/evertonfc.cz\/index.php\/wp-json\/wp\/v2\/tags?post=24226"}],"curies":[{"name":"wp","href":"https:\/\/api.w.org\/{rel}","templated":true}]}}