{"id":24248,"date":"2024-04-08T17:26:51","date_gmt":"2024-04-08T15:26:51","guid":{"rendered":"https:\/\/evertonfc.cz\/?p=24248"},"modified":"2024-04-08T17:27:50","modified_gmt":"2024-04-08T15:27:50","slug":"dalsi-zasah-minus-2-body","status":"publish","type":"post","link":"https:\/\/evertonfc.cz\/index.php\/2024\/04\/08\/dalsi-zasah-minus-2-body\/","title":{"rendered":"\u010eal\u0161\u00ed z\u00e1sah, m\u00ednus 2 body"},"content":{"rendered":"<h4>Rekordmani. Everton sa st\u00e1va prv\u00fdm klubom v\u00a0hist\u00f3rii najvy\u0161\u0161ej futbalovej s\u00fa\u0165a\u017ee v\u00a0Anglicku, ktor\u00fd dostal dva nez\u00e1visl\u00e9 odpo\u010dty bodov, a\u00a0e\u0161te k tomu v\u00a0jedinej sez\u00f3ne.<\/h4>\n<p>Nebolo to tak d\u00e1vno, ke\u010f v podstate novoro\u010dn\u00e9 \u201edobr\u00e9\u201c spr\u00e1vy ohl\u00e1sili \u010fal\u0161ie ligov\u00e9 obvinenie z poru\u0161enia finan\u010dn\u00fdch pravidiel Profit &amp; Sustainability. Konkr\u00e9tne za nov\u00e9 trojro\u010dn\u00e9 obdobie kon\u010diace finan\u010dn\u00fdm rokom 2022\/23. Po\u010das trojd\u0148ov\u00e9ho vypo\u010dutia po\u010das 25. a\u017e 27. marca si nez\u00e1visl\u00e1 komisia vypo\u010dula d\u00f4kazy a argumenty klubu v s\u00favislosti s radom potenci\u00e1lnych po\u013eah\u010duj\u00facich faktorov pre jeho priznan\u00e9 poru\u0161enie vo v\u00fd\u0161ke 16,6 mili\u00f3na libier. A to vr\u00e1tane vplyvu dvoch po sebe nasleduj\u00facich obvinen\u00ed z poru\u0161enia PSR. Komisia tak ako primeran\u00fa sankciu ur\u010dila dvojbodov\u00fa zr\u00e1\u017eku s okam\u017eitou platnos\u0165ou.<\/p>\n<p>V ofici\u00e1lnom stanovisku Premier League sa \u010falej p\u00ed\u0161e, \u017ee nez\u00e1visl\u00e1 komisia op\u00e4tovne potvrdila z\u00e1sadu, \u017ee ka\u017ed\u00e9 poru\u0161enie PSR je z\u00e1va\u017en\u00e9 a t\u00fdm ospravedl\u0148uje, ba dokonca vy\u017eaduje, v\u017edy \u0161portov\u00fa sankciu vo forme odpo\u010dtu bodov. Pred t\u00fdmto najnov\u0161\u00edm ozn\u00e1men\u00edm odpo\u010dtu bodov bolo EFC po dom\u00e1cej v\u00fdhre 1:0 nad Burnely v ligovej tabu\u013eke na 15. mieste. \u0160tyri body nad posledn\u00fdmi tromi. Teraz sme klesli pod Brentford na 16. miesto s 27 bodmi. Dva body a dve prie\u010dky nad 18. Lutonom na prvej zostupovej poz\u00edcii.<\/p>\n<h4 style=\"text-align: center;\"><strong>Ofici\u00e1lne stanovisko Evertonu:<\/strong><\/h4>\n<blockquote><p><span style=\"font-size: 12pt;\"><em>\u201eHoci postoj klubu bol, \u017ee \u017eiadna \u010fal\u0161ia sankcia nebude primeran\u00e1, klub s pote\u0161en\u00edm vid\u00ed, \u017ee Komisia prip\u00edsala uznanie za v\u00e4\u010d\u0161inu predostret\u00fdch probl\u00e9mov, vr\u00e1tane koncepcie dvojit\u00e9ho trestu, a v\u00fdznamn\u00fdch po\u013eah\u010duj\u00facich okolnost\u00ed, ktor\u00fdm klub \u010del\u00ed kv\u00f4li vojne na Ukrajine, a\u00a0tie\u017e v\u010faka vysokej \u00farovni spolupr\u00e1ce a skor\u00e9mu priznaniu viny pri poru\u0161en\u00ed pravidiel. Everton je na\u010falej odhodlan\u00fd spolupracova\u0165 s Ligou na v\u0161etk\u00fdch z\u00e1le\u017eitostiach t\u00fdkaj\u00facich sa PSR. Av\u0161ak je mimoriadne znepokojen\u00fd nekonzistentnos\u0165ou r\u00f4znych komisi\u00ed, pokia\u013e ide o uplat\u0148ovan\u00e9 zr\u00e1\u017eky bodov.<\/em><\/span><\/p>\n<p><span style=\"font-size: 12pt;\"><em>Klub by r\u00e1d vyjadril svoje po\u010fakovanie Rade fan\u00fa\u0161ikov a in\u00fdm skupin\u00e1m fan\u00fa\u0161ikov za ich pr\u00edspevky po\u010das tohto procesu, a v\u0161etk\u00fdm Evertonians za ich neust\u00e1lu trpezlivos\u0165 a neochvejn\u00fa podporu. Pr\u00e1vni z\u00e1stupcovia Evertonu za\u010dali s pr\u00edpravami na odvolanie sa proti tomuto rozhodnutiu komisie.<\/em><\/span><\/p>\n<p><span style=\"font-size: 12pt;\"><em>V tejto chv\u00edli nebud\u00fa poskytnut\u00e9 \u017eiadne \u010fal\u0161ie koment\u00e1re.\u201c<\/em><\/span><\/p><\/blockquote>\n<h4><strong>Pre\u010do m\u00ednus dva body?<\/strong><\/h4>\n<p>Komisia ur\u010dila, \u017ee EFC mal na za\u010diatku zasluhova\u0165 p\u00e4\u0165bodov\u00fd trest. Ten bol zn\u00ed\u017een\u00fd o tri body na z\u00e1klade toho, \u017ee Everton u\u017e bol potrestan\u00fd za 75 % zva\u017eovan\u00e9ho obdobia v predch\u00e1dzaj\u00facom obvinen\u00ed. Komisia, na rozdiel od dvoch predch\u00e1dzaj\u00facich, prijala aj jednu z hlavn\u00fdch po\u013eah\u010duj\u00facich okolnost\u00ed. A to stratu pr\u00edjmov zo sponzorstva z pozastaven\u00fdch zml\u00fav s USM Holdings po ruskej inv\u00e1zii na Ukrajinu. A taktie\u017e podobne ako pri Forest, skor\u00e9 priznanie viny zo strany klubu. Na odvolanie m\u00e1 klub k dispoz\u00edcii 7 dn\u00ed.<\/p>\n<p>Spolu s pr\u00edpadom odvolania Nottinghamu Forest a n\u00e1\u0161ho, mus\u00ed prebehn\u00fa\u0165 nov\u00e9 vypo\u010dutie a verdikt najnesk\u00f4r vynesen\u00fd do 24. m\u00e1ja. To vystavuje ligu nebezpe\u010denstvu, \u017ee sez\u00f3na 2023\/24 by sa mohla skon\u010di\u0165 sk\u00f4r, ako sa rozhodne o\u00a0t\u00edmoch na kone\u010dn\u00fdch zostupov\u00fdch miestach. Jedno je v\u0161ak ist\u00e9, hor\u0161ie ako -2 body to nebude. Ak by niekto nevedel, tak proti rozhodnutiu sa m\u00f4\u017ee odvol\u00e1va\u0165 aj samotn\u00e1 liga.<\/p>\n<h4><strong>Nov\u00e9 inform\u00e1cie v\u00a0spr\u00e1ve komisie<\/strong><\/h4>\n<p>Tento probl\u00e9m navy\u0161e e\u0161te viac zahmlieva pokra\u010duj\u00faci spor medzi Premier League a Evertonom o ur\u010dit\u00fdch n\u00e1kladoch spojen\u00fdch s v\u00fdstavbou nov\u00e9ho \u0161tadi\u00f3na v Bramley-Moore Dock. Ako uv\u00e1dza Paul Joyce z The Times:<\/p>\n<p><em>\u201eLiga sa domnieva, \u017ee tieto n\u00e1klady v\u00a0\u00fa\u010dtoch klubu pre PSR treba pova\u017eova\u0165 za stratu. Klub tvrd\u00ed, \u017ee tieto n\u00e1klady nie s\u00fa stratami vzh\u013eadom na to, \u017ee s\u00favisia s v\u00fdstavbou \u0161tadi\u00f3na a boli kapitalizovan\u00e9 v ich auditovanom \u00fa\u010dtovn\u00edctve. T\u00fato ot\u00e1zku a ot\u00e1zku, \u010di by sa mala uplatni\u0165 nejak\u00e1 dodato\u010dn\u00e1 sankcia, bude rie\u0161i\u0165 t\u00e1 ist\u00e1 komisia nesk\u00f4r. Je nepravdepodobn\u00e9, \u017ee to bude pred koncom sez\u00f3ny.\u201c<\/em><\/p>\n<p>Everton preto m\u00f4\u017ee \u010deli\u0165 mo\u017enosti \u010fal\u0161ieho odpo\u010dtu bodov aj v bud\u00facej sez\u00f3ne. Ide pritom o n\u00e1klady vo v\u00fd\u0161ke 6,5 mili\u00f3na libier. Tak\u00fdto scen\u00e1r by ur\u010dite op\u00e4\u0165 zamie\u0161al em\u00f3ciami v\u0161etk\u00fdch z\u00fa\u010dastnen\u00fdch v\u00a0boji o\u00a0udr\u017eanie, ak by sa Karamelky \u00faspe\u0161ne do\u017eili aj svojej 122 sez\u00f3ny v\u00a0najvy\u0161\u0161ej lige.<\/p>\n<p style=\"text-align: right;\"><span style=\"font-size: 8pt;\">(fotozdroj: The Times)<\/span><\/p>\n","protected":false},"excerpt":{"rendered":"<p>Rekordmani. Everton sa st\u00e1va prv\u00fdm klubom v\u00a0hist\u00f3rii najvy\u0161\u0161ej futbalovej s\u00fa\u0165a\u017ee v\u00a0Anglicku, ktor\u00fd dostal dva nez\u00e1visl\u00e9 odpo\u010dty bodov, a\u00a0e\u0161te k tomu v\u00a0jedinej sez\u00f3ne.<\/p>\n","protected":false},"author":1,"featured_media":24247,"comment_status":"open","ping_status":"closed","sticky":false,"template":"","format":"standard","meta":{"_eb_attr":"","_monsterinsights_skip_tracking":false,"_monsterinsights_sitenote_active":false,"_monsterinsights_sitenote_note":"","_monsterinsights_sitenote_category":0,"footnotes":""},"categories":[42],"tags":[],"yoast_head":"<!-- This site is optimized with the Yoast SEO plugin v23.4 - https:\/\/yoast.com\/wordpress\/plugins\/seo\/ -->\n<title>\u010eal\u0161\u00ed z\u00e1sah, m\u00ednus 2 body - Official Czech &amp; Slovak Everton Supporters&#039; Club<\/title>\n<meta name=\"robots\" content=\"index, follow, max-snippet:-1, max-image-preview:large, max-video-preview:-1\" \/>\n<link rel=\"canonical\" href=\"https:\/\/evertonfc.cz\/index.php\/2024\/04\/08\/dalsi-zasah-minus-2-body\/\" \/>\n<meta property=\"og:locale\" content=\"cs_CZ\" \/>\n<meta property=\"og:type\" content=\"article\" \/>\n<meta property=\"og:title\" content=\"\u010eal\u0161\u00ed z\u00e1sah, m\u00ednus 2 body - Official Czech &amp; Slovak Everton Supporters&#039; Club\" \/>\n<meta property=\"og:description\" content=\"Rekordmani. Everton sa st\u00e1va prv\u00fdm klubom v\u00a0hist\u00f3rii najvy\u0161\u0161ej futbalovej s\u00fa\u0165a\u017ee v\u00a0Anglicku, ktor\u00fd dostal dva nez\u00e1visl\u00e9 odpo\u010dty bodov, a\u00a0e\u0161te k tomu v\u00a0jedinej sez\u00f3ne.\" \/>\n<meta property=\"og:url\" content=\"https:\/\/evertonfc.cz\/index.php\/2024\/04\/08\/dalsi-zasah-minus-2-body\/\" \/>\n<meta property=\"og:site_name\" content=\"Official Czech &amp; Slovak Everton Supporters&#039; Club\" \/>\n<meta property=\"article:publisher\" content=\"https:\/\/www.facebook.com\/everton.fans.cz.sk\" \/>\n<meta property=\"article:published_time\" content=\"2024-04-08T15:26:51+00:00\" \/>\n<meta property=\"article:modified_time\" content=\"2024-04-08T15:27:50+00:00\" \/>\n<meta property=\"og:image\" content=\"https:\/\/evertonfc.cz\/wp-content\/uploads\/2024\/04\/Everton-points-deduction-by-The-Times-18-11-2023.jpg\" \/>\n\t<meta property=\"og:image:width\" content=\"720\" \/>\n\t<meta property=\"og:image:height\" content=\"405\" \/>\n\t<meta property=\"og:image:type\" content=\"image\/jpeg\" \/>\n<meta name=\"author\" content=\"BlueBlooded\" \/>\n<meta name=\"twitter:card\" content=\"summary_large_image\" \/>\n<meta name=\"twitter:label1\" content=\"Napsal(a)\" \/>\n\t<meta name=\"twitter:data1\" content=\"BlueBlooded\" \/>\n\t<meta name=\"twitter:label2\" content=\"Odhadovan\u00e1 doba \u010dten\u00ed\" \/>\n\t<meta name=\"twitter:data2\" content=\"3 minuty\" \/>\n<script type=\"application\/ld+json\" class=\"yoast-schema-graph\">{\"@context\":\"https:\/\/schema.org\",\"@graph\":[{\"@type\":\"Article\",\"@id\":\"https:\/\/evertonfc.cz\/index.php\/2024\/04\/08\/dalsi-zasah-minus-2-body\/#article\",\"isPartOf\":{\"@id\":\"https:\/\/evertonfc.cz\/index.php\/2024\/04\/08\/dalsi-zasah-minus-2-body\/\"},\"author\":{\"name\":\"BlueBlooded\",\"@id\":\"https:\/\/evertonfc.cz\/#\/schema\/person\/d4493b8cbea51532597fbc4685698916\"},\"headline\":\"\u010eal\u0161\u00ed z\u00e1sah, m\u00ednus 2 body\",\"datePublished\":\"2024-04-08T15:26:51+00:00\",\"dateModified\":\"2024-04-08T15:27:50+00:00\",\"mainEntityOfPage\":{\"@id\":\"https:\/\/evertonfc.cz\/index.php\/2024\/04\/08\/dalsi-zasah-minus-2-body\/\"},\"wordCount\":823,\"commentCount\":0,\"publisher\":{\"@id\":\"https:\/\/evertonfc.cz\/#organization\"},\"image\":{\"@id\":\"https:\/\/evertonfc.cz\/index.php\/2024\/04\/08\/dalsi-zasah-minus-2-body\/#primaryimage\"},\"thumbnailUrl\":\"https:\/\/evertonfc.cz\/wp-content\/uploads\/2024\/04\/Everton-points-deduction-by-The-Times-18-11-2023.jpg\",\"articleSection\":[\"Aktuality\"],\"inLanguage\":\"cs\",\"potentialAction\":[{\"@type\":\"CommentAction\",\"name\":\"Comment\",\"target\":[\"https:\/\/evertonfc.cz\/index.php\/2024\/04\/08\/dalsi-zasah-minus-2-body\/#respond\"]}]},{\"@type\":\"WebPage\",\"@id\":\"https:\/\/evertonfc.cz\/index.php\/2024\/04\/08\/dalsi-zasah-minus-2-body\/\",\"url\":\"https:\/\/evertonfc.cz\/index.php\/2024\/04\/08\/dalsi-zasah-minus-2-body\/\",\"name\":\"\u010eal\u0161\u00ed z\u00e1sah, m\u00ednus 2 body - Official Czech &amp; Slovak Everton Supporters&#039; Club\",\"isPartOf\":{\"@id\":\"https:\/\/evertonfc.cz\/#website\"},\"primaryImageOfPage\":{\"@id\":\"https:\/\/evertonfc.cz\/index.php\/2024\/04\/08\/dalsi-zasah-minus-2-body\/#primaryimage\"},\"image\":{\"@id\":\"https:\/\/evertonfc.cz\/index.php\/2024\/04\/08\/dalsi-zasah-minus-2-body\/#primaryimage\"},\"thumbnailUrl\":\"https:\/\/evertonfc.cz\/wp-content\/uploads\/2024\/04\/Everton-points-deduction-by-The-Times-18-11-2023.jpg\",\"datePublished\":\"2024-04-08T15:26:51+00:00\",\"dateModified\":\"2024-04-08T15:27:50+00:00\",\"breadcrumb\":{\"@id\":\"https:\/\/evertonfc.cz\/index.php\/2024\/04\/08\/dalsi-zasah-minus-2-body\/#breadcrumb\"},\"inLanguage\":\"cs\",\"potentialAction\":[{\"@type\":\"ReadAction\",\"target\":[\"https:\/\/evertonfc.cz\/index.php\/2024\/04\/08\/dalsi-zasah-minus-2-body\/\"]}]},{\"@type\":\"ImageObject\",\"inLanguage\":\"cs\",\"@id\":\"https:\/\/evertonfc.cz\/index.php\/2024\/04\/08\/dalsi-zasah-minus-2-body\/#primaryimage\",\"url\":\"https:\/\/evertonfc.cz\/wp-content\/uploads\/2024\/04\/Everton-points-deduction-by-The-Times-18-11-2023.jpg\",\"contentUrl\":\"https:\/\/evertonfc.cz\/wp-content\/uploads\/2024\/04\/Everton-points-deduction-by-The-Times-18-11-2023.jpg\",\"width\":720,\"height\":405},{\"@type\":\"BreadcrumbList\",\"@id\":\"https:\/\/evertonfc.cz\/index.php\/2024\/04\/08\/dalsi-zasah-minus-2-body\/#breadcrumb\",\"itemListElement\":[{\"@type\":\"ListItem\",\"position\":1,\"name\":\"Home\",\"item\":\"https:\/\/evertonfc.cz\/\"},{\"@type\":\"ListItem\",\"position\":2,\"name\":\"\u010eal\u0161\u00ed z\u00e1sah, m\u00ednus 2 body\"}]},{\"@type\":\"WebSite\",\"@id\":\"https:\/\/evertonfc.cz\/#website\",\"url\":\"https:\/\/evertonfc.cz\/\",\"name\":\"Official Czech &amp; Slovak Everton Supporters&#039; Club\",\"description\":\"\",\"publisher\":{\"@id\":\"https:\/\/evertonfc.cz\/#organization\"},\"potentialAction\":[{\"@type\":\"SearchAction\",\"target\":{\"@type\":\"EntryPoint\",\"urlTemplate\":\"https:\/\/evertonfc.cz\/?s={search_term_string}\"},\"query-input\":{\"@type\":\"PropertyValueSpecification\",\"valueRequired\":true,\"valueName\":\"search_term_string\"}}],\"inLanguage\":\"cs\"},{\"@type\":\"Organization\",\"@id\":\"https:\/\/evertonfc.cz\/#organization\",\"name\":\"Official Czech & Slovak Everton Supporters' Club\",\"url\":\"https:\/\/evertonfc.cz\/\",\"logo\":{\"@type\":\"ImageObject\",\"inLanguage\":\"cs\",\"@id\":\"https:\/\/evertonfc.cz\/#\/schema\/logo\/image\/\",\"url\":\"https:\/\/evertonfc.cz\/wp-content\/uploads\/2019\/05\/logo.png\",\"contentUrl\":\"https:\/\/evertonfc.cz\/wp-content\/uploads\/2019\/05\/logo.png\",\"width\":112,\"height\":112,\"caption\":\"Official Czech & Slovak Everton Supporters' Club\"},\"image\":{\"@id\":\"https:\/\/evertonfc.cz\/#\/schema\/logo\/image\/\"},\"sameAs\":[\"https:\/\/www.facebook.com\/everton.fans.cz.sk\"]},{\"@type\":\"Person\",\"@id\":\"https:\/\/evertonfc.cz\/#\/schema\/person\/d4493b8cbea51532597fbc4685698916\",\"name\":\"BlueBlooded\",\"url\":\"https:\/\/evertonfc.cz\/index.php\/author\/admin\/\"}]}<\/script>\n<!-- \/ Yoast SEO plugin. -->","yoast_head_json":{"title":"\u010eal\u0161\u00ed z\u00e1sah, m\u00ednus 2 body - Official Czech &amp; Slovak Everton Supporters&#039; Club","robots":{"index":"index","follow":"follow","max-snippet":"max-snippet:-1","max-image-preview":"max-image-preview:large","max-video-preview":"max-video-preview:-1"},"canonical":"https:\/\/evertonfc.cz\/index.php\/2024\/04\/08\/dalsi-zasah-minus-2-body\/","og_locale":"cs_CZ","og_type":"article","og_title":"\u010eal\u0161\u00ed z\u00e1sah, m\u00ednus 2 body - Official Czech &amp; Slovak Everton Supporters&#039; Club","og_description":"Rekordmani. Everton sa st\u00e1va prv\u00fdm klubom v\u00a0hist\u00f3rii najvy\u0161\u0161ej futbalovej s\u00fa\u0165a\u017ee v\u00a0Anglicku, ktor\u00fd dostal dva nez\u00e1visl\u00e9 odpo\u010dty bodov, a\u00a0e\u0161te k tomu v\u00a0jedinej sez\u00f3ne.","og_url":"https:\/\/evertonfc.cz\/index.php\/2024\/04\/08\/dalsi-zasah-minus-2-body\/","og_site_name":"Official Czech &amp; Slovak Everton Supporters&#039; Club","article_publisher":"https:\/\/www.facebook.com\/everton.fans.cz.sk","article_published_time":"2024-04-08T15:26:51+00:00","article_modified_time":"2024-04-08T15:27:50+00:00","og_image":[{"width":720,"height":405,"url":"https:\/\/evertonfc.cz\/wp-content\/uploads\/2024\/04\/Everton-points-deduction-by-The-Times-18-11-2023.jpg","type":"image\/jpeg"}],"author":"BlueBlooded","twitter_card":"summary_large_image","twitter_misc":{"Napsal(a)":"BlueBlooded","Odhadovan\u00e1 doba \u010dten\u00ed":"3 minuty"},"schema":{"@context":"https:\/\/schema.org","@graph":[{"@type":"Article","@id":"https:\/\/evertonfc.cz\/index.php\/2024\/04\/08\/dalsi-zasah-minus-2-body\/#article","isPartOf":{"@id":"https:\/\/evertonfc.cz\/index.php\/2024\/04\/08\/dalsi-zasah-minus-2-body\/"},"author":{"name":"BlueBlooded","@id":"https:\/\/evertonfc.cz\/#\/schema\/person\/d4493b8cbea51532597fbc4685698916"},"headline":"\u010eal\u0161\u00ed z\u00e1sah, m\u00ednus 2 body","datePublished":"2024-04-08T15:26:51+00:00","dateModified":"2024-04-08T15:27:50+00:00","mainEntityOfPage":{"@id":"https:\/\/evertonfc.cz\/index.php\/2024\/04\/08\/dalsi-zasah-minus-2-body\/"},"wordCount":823,"commentCount":0,"publisher":{"@id":"https:\/\/evertonfc.cz\/#organization"},"image":{"@id":"https:\/\/evertonfc.cz\/index.php\/2024\/04\/08\/dalsi-zasah-minus-2-body\/#primaryimage"},"thumbnailUrl":"https:\/\/evertonfc.cz\/wp-content\/uploads\/2024\/04\/Everton-points-deduction-by-The-Times-18-11-2023.jpg","articleSection":["Aktuality"],"inLanguage":"cs","potentialAction":[{"@type":"CommentAction","name":"Comment","target":["https:\/\/evertonfc.cz\/index.php\/2024\/04\/08\/dalsi-zasah-minus-2-body\/#respond"]}]},{"@type":"WebPage","@id":"https:\/\/evertonfc.cz\/index.php\/2024\/04\/08\/dalsi-zasah-minus-2-body\/","url":"https:\/\/evertonfc.cz\/index.php\/2024\/04\/08\/dalsi-zasah-minus-2-body\/","name":"\u010eal\u0161\u00ed z\u00e1sah, m\u00ednus 2 body - Official Czech &amp; Slovak Everton Supporters&#039; Club","isPartOf":{"@id":"https:\/\/evertonfc.cz\/#website"},"primaryImageOfPage":{"@id":"https:\/\/evertonfc.cz\/index.php\/2024\/04\/08\/dalsi-zasah-minus-2-body\/#primaryimage"},"image":{"@id":"https:\/\/evertonfc.cz\/index.php\/2024\/04\/08\/dalsi-zasah-minus-2-body\/#primaryimage"},"thumbnailUrl":"https:\/\/evertonfc.cz\/wp-content\/uploads\/2024\/04\/Everton-points-deduction-by-The-Times-18-11-2023.jpg","datePublished":"2024-04-08T15:26:51+00:00","dateModified":"2024-04-08T15:27:50+00:00","breadcrumb":{"@id":"https:\/\/evertonfc.cz\/index.php\/2024\/04\/08\/dalsi-zasah-minus-2-body\/#breadcrumb"},"inLanguage":"cs","potentialAction":[{"@type":"ReadAction","target":["https:\/\/evertonfc.cz\/index.php\/2024\/04\/08\/dalsi-zasah-minus-2-body\/"]}]},{"@type":"ImageObject","inLanguage":"cs","@id":"https:\/\/evertonfc.cz\/index.php\/2024\/04\/08\/dalsi-zasah-minus-2-body\/#primaryimage","url":"https:\/\/evertonfc.cz\/wp-content\/uploads\/2024\/04\/Everton-points-deduction-by-The-Times-18-11-2023.jpg","contentUrl":"https:\/\/evertonfc.cz\/wp-content\/uploads\/2024\/04\/Everton-points-deduction-by-The-Times-18-11-2023.jpg","width":720,"height":405},{"@type":"BreadcrumbList","@id":"https:\/\/evertonfc.cz\/index.php\/2024\/04\/08\/dalsi-zasah-minus-2-body\/#breadcrumb","itemListElement":[{"@type":"ListItem","position":1,"name":"Home","item":"https:\/\/evertonfc.cz\/"},{"@type":"ListItem","position":2,"name":"\u010eal\u0161\u00ed z\u00e1sah, m\u00ednus 2 body"}]},{"@type":"WebSite","@id":"https:\/\/evertonfc.cz\/#website","url":"https:\/\/evertonfc.cz\/","name":"Official Czech &amp; Slovak Everton Supporters&#039; Club","description":"","publisher":{"@id":"https:\/\/evertonfc.cz\/#organization"},"potentialAction":[{"@type":"SearchAction","target":{"@type":"EntryPoint","urlTemplate":"https:\/\/evertonfc.cz\/?s={search_term_string}"},"query-input":{"@type":"PropertyValueSpecification","valueRequired":true,"valueName":"search_term_string"}}],"inLanguage":"cs"},{"@type":"Organization","@id":"https:\/\/evertonfc.cz\/#organization","name":"Official Czech & Slovak Everton Supporters' Club","url":"https:\/\/evertonfc.cz\/","logo":{"@type":"ImageObject","inLanguage":"cs","@id":"https:\/\/evertonfc.cz\/#\/schema\/logo\/image\/","url":"https:\/\/evertonfc.cz\/wp-content\/uploads\/2019\/05\/logo.png","contentUrl":"https:\/\/evertonfc.cz\/wp-content\/uploads\/2019\/05\/logo.png","width":112,"height":112,"caption":"Official Czech & Slovak Everton Supporters' Club"},"image":{"@id":"https:\/\/evertonfc.cz\/#\/schema\/logo\/image\/"},"sameAs":["https:\/\/www.facebook.com\/everton.fans.cz.sk"]},{"@type":"Person","@id":"https:\/\/evertonfc.cz\/#\/schema\/person\/d4493b8cbea51532597fbc4685698916","name":"BlueBlooded","url":"https:\/\/evertonfc.cz\/index.php\/author\/admin\/"}]}},"_links":{"self":[{"href":"https:\/\/evertonfc.cz\/index.php\/wp-json\/wp\/v2\/posts\/24248"}],"collection":[{"href":"https:\/\/evertonfc.cz\/index.php\/wp-json\/wp\/v2\/posts"}],"about":[{"href":"https:\/\/evertonfc.cz\/index.php\/wp-json\/wp\/v2\/types\/post"}],"author":[{"embeddable":true,"href":"https:\/\/evertonfc.cz\/index.php\/wp-json\/wp\/v2\/users\/1"}],"replies":[{"embeddable":true,"href":"https:\/\/evertonfc.cz\/index.php\/wp-json\/wp\/v2\/comments?post=24248"}],"version-history":[{"count":5,"href":"https:\/\/evertonfc.cz\/index.php\/wp-json\/wp\/v2\/posts\/24248\/revisions"}],"predecessor-version":[{"id":24253,"href":"https:\/\/evertonfc.cz\/index.php\/wp-json\/wp\/v2\/posts\/24248\/revisions\/24253"}],"wp:featuredmedia":[{"embeddable":true,"href":"https:\/\/evertonfc.cz\/index.php\/wp-json\/wp\/v2\/media\/24247"}],"wp:attachment":[{"href":"https:\/\/evertonfc.cz\/index.php\/wp-json\/wp\/v2\/media?parent=24248"}],"wp:term":[{"taxonomy":"category","embeddable":true,"href":"https:\/\/evertonfc.cz\/index.php\/wp-json\/wp\/v2\/categories?post=24248"},{"taxonomy":"post_tag","embeddable":true,"href":"https:\/\/evertonfc.cz\/index.php\/wp-json\/wp\/v2\/tags?post=24248"}],"curies":[{"name":"wp","href":"https:\/\/api.w.org\/{rel}","templated":true}]}}