{"id":2426,"date":"2017-10-01T20:00:19","date_gmt":"2017-10-01T18:00:19","guid":{"rendered":"http:\/\/evertonfc.cz\/?p=2426"},"modified":"2021-03-12T10:47:01","modified_gmt":"2021-03-12T09:47:01","slug":"preview-everton-burnley","status":"publish","type":"post","link":"https:\/\/evertonfc.cz\/index.php\/2017\/10\/01\/preview-everton-burnley\/","title":{"rendered":"Preview: Everton &#8211; Burnley"},"content":{"rendered":"\r\n<h4 class=\"wp-block-heading\">Posledn\u00fd zo s\u00e9rie dom\u00e1cich duelov n\u00e1m op\u00e4\u0165 prin\u00e1\u0161a s\u00fapera z kateg\u00f3rie B. Tak\u00fd Bournemouth sme zvl\u00e1dli a po reprezenta\u010dnej prest\u00e1vke e\u0161te treba Brighton. Ako vrav\u00edm, kateg\u00f3ria B&#8230;<\/h4>\r\n\r\n\r\n\r\n<p>By\u0165 objekt\u00edvnym fan\u00fa\u0161ikom Toffees je moment\u00e1lne ve\u013emi n\u00e1ro\u010dn\u00e1 \u00faloha. Naozaj. Len nech si to niekto vysk\u00fa\u0161a a n\u00e1sledne tie\u017e zreferuje, ak\u00e9 to je. Krit\u00e9ria pre fan\u00fa\u0161ika toho \u010di onoho klubu s\u00fa celkom jasn\u00e9, ale diagn\u00f3za sporn\u00e9ho stavu \u201eobjektivita\u201c je pre n\u00e1ro\u010dnos\u0165 defin\u00edcie pod\u013ea uh\u013eov poh\u013eadu jednotlivca takmer nemo\u017en\u00e1. Je preto \u00faplne norm\u00e1lne, ak aktu\u00e1lne pre\u017e\u00edvate vo vz\u0165ahu k Evertonu bu\u010f \u00fapln\u00fa citov\u00fa otupenos\u0165, alebo ste extr\u00e9mne precitliven\u00fd na ka\u017ed\u00fd jeden podnet, nedajbo\u017ee negat\u00edvny. Tak, \u010di onak, milujete to, v\u0161ak?<\/p>\r\n\r\n\r\n\r\n<p>Pre\u010do inak by ste znova z\u00e1merne zabl\u00fadili na t\u00fato Koemanom zabudnut\u00fa web-str\u00e1nku, kde sa \u010dasto nach\u00e1dzaj\u00fa presn\u00e9 postupy, n\u00e1povede a prorokmi potvrden\u00e9 v\u00fdsledky bud\u00facich z\u00e1pasov Karameliek? No jedine pre \u00fatechu. Viete, \u017ee tu nebudeme rozobera\u0165 jadrov\u00e9 hlavice istej \u013eudovodemokratickej republiky, ani nast\u00e1vaj\u00face rie\u0161enie nerie\u0161ite\u013enej dopravnej situ\u00e1cie v hlavnom meste. A o to ide. Av\u0161ak asi v\u00e1s sklamem. Syndr\u00f3my trval\u00fdch bludov modr\u00e9ho druhu sa nevyh\u00fdbaj\u00fa ani mne a ak sem chod\u00edte pravidelne, s ur\u010ditos\u0165ou ste to mali mo\u017enos\u0165 postrehn\u00fa\u0165. Ale hlavn\u00e9 negat\u00edvne pr\u00edznaky sa mi zatia\u013e vyh\u00fdbaj\u00fa. V\u00fdrazn\u00e1 apatia a\u017e intolerancia mana\u017e\u00e9ra, ochudobnenie re\u010dov\u00e9ho prejavu na vulgarizmy, neprimeran\u00e9 emo\u010dn\u00e9 reakcie na nedostatok argumentov a nakoniec, zn\u00ed\u017eenie a\u017e \u00fapln\u00e9 stiahnutie soci\u00e1lnej aktivity.<\/p>\r\n\r\n\r\n\r\n<h4><em>\u201eBut OK\u201d<\/em><\/h4>\r\n\r\n\r\n\r\n<p>Vypadnutie z\u00a0Eur\u00f3pskej Ligy nie je to najhor\u0161ie, \u010do sa Evertonu m\u00f4\u017ee sta\u0165. Ale ani najlep\u0161ie. Vrav\u00ed sa, \u017ee opakovanie je matka m\u00fadrosti. Iba\u017ee p\u00e1n Komensk\u00fd asi nemal na mysli vlastn\u00e9 chyby. Tak pre\u010do n\u00e1m d\u00e1va Ronald neust\u00e1le najavo, \u017ee vie len ve\u013emi \u0165a\u017eko upusti\u0165 od svojich princ\u00edpov, presved\u010denia a\u00a0mo\u017eno aj vlastnej hrdosti? Azda u\u017e tento z\u00e1pas n\u00e1m poskytne posta\u010duj\u00facu odpove\u010f. Preto\u017ee on nem\u00e1 obavy. Ani ke\u010f sa fan\u00fa\u0161ikovia b\u00faria. Ale \u010do hr\u00e1\u010di? Po jeho \u0161tvrtkovom vyhl\u00e1sen\u00ed o\u00a0tom, ako s\u00fa jeho hr\u00e1\u010di zdesen\u00ed \u00fato\u010di\u0165, by sa niektor\u00ed mohli c\u00edti\u0165 dotknut\u00ed.<\/p>\r\n\r\n\r\n\r\n<p>U\u017e dnes by malo by\u0165 na Finch Farm jasn\u00e9, ako s\u00fa na tom kapit\u00e1n s\u00a0letnou akviz\u00edciou s\u00a0Burnley a\u00a0ako to b\u00fdva, o\u00a0ich osude sa pravdepodobne rozhodne tesne pred z\u00e1pasom. Sken Waynovho z\u00e1p\u00e4stia ni\u010d neodhalil, tak\u017ee on bude k\u00a0dispoz\u00edci\u00ed. V\u00a0de\u0148, na L4 zasv\u00e4ten\u00fd Allanovi Ballovi, ur\u010dite nenast\u00fapi zn\u00e1me zoskupenie dlhodobo zranen\u00fdch hr\u00e1\u010dov, rovnako ako McCarthy, ktor\u00fd bude potrebova\u0165 minim\u00e1lne e\u0161te nejak\u00fd hern\u00fd \u010das v\u00a0U23, aby v\u00f4bec pomyslel na prvot\u00edmov\u00fa akciu. Nie to e\u0161te reprezent\u00e1ciu. Rozumieme si p\u00e1n O\u00b4Neill?<\/p>\r\n\r\n\r\n\r\n<h4><em>\u201eHard-working struggle?\u201d<\/em><\/h4>\r\n\r\n\r\n\r\n<p>Mike Garlick spolu s\u00a0Johnom Banaszkiewiczomprevzali Burnley v\u00a0roku 2012 a \u0165a\u017eko poveda\u0165, \u010di v\u00fdskyt Burnley na prvom poschod\u00ed anglick\u00e9ho futbalu je dielom n\u00e1hody, alebo vysoko koncep\u010dnej pr\u00e1ce. Ke\u010f sa tu pred tromi rokmi ocitli, bolo to viac-menej z\u00e1sluhou vcelku prekvapiv\u00fdch v\u00fdkonov. Preto bolo e\u0161te prekvapivej\u0161ie, ke\u010f v\u00a0tranzitnom obdob\u00ed odmietli investova\u0165 a\u00a0o\u00a09 mesiacov nesk\u00f4r neprekvapivo zost\u00fapili. Len\u017ee o\u00a0rok boli suver\u00e9nne sp\u00e4\u0165 a\u00a0s\u00fa tu aj druh\u00fa sez\u00f3nu po sebe. To v\u0161etko s\u00a0kostrou t\u00edmu, ktor\u00e1 za\u017eila vzostup aj p\u00e1d. Prekvap\u00edm niekoho, ak poviem, \u017ee absencia spom\u00ednan\u00fdch invest\u00edci\u00ed bola pl\u00e1novan\u00e1? Sean Dyche sa v\u00a0druhej sez\u00f3ne p\u00fd\u0161il skvelou dom\u00e1cou nedobytnos\u0165ou a\u00a0zd\u00e1 sa, \u017ee tento rok chce prida\u0165 \u010fal\u0161\u00ed prvok do svojej sklada\u010dky menom stabilita. Presne tak, The Clarets sa chc\u00fa etablova\u0165, z\u00edska\u0165 status. Postupne. Zatia\u013e sta\u010d\u00ed nezost\u00fapi\u0165&#8230;<\/p>\r\n\r\n\r\n\r\n<p>Vynikaj\u00faca obrana je z\u00e1klad. V\u00fdchova defenz\u00edvy na Turf Moor, zalo\u017een\u00e1 na jednoduchosti poskytuje skvel\u00fa pr\u00edle\u017eitos\u0165 na \u010fal\u0161iu nadstavbu. Minul\u00fa sez\u00f3nu \u0148ou bol pr\u00edchod aj zvu\u010dnej\u0161\u00edch mien ako Brady, Defour, \u010di Gudmundsson a\u00a0pokra\u010duje t\u00fato s\u00a0pr\u00edchodom Corka so Swansea, \u010falej p\u00e1rom sk\u00fasenost\u00ed Waltersa (nenast\u00fapi) a\u00a0Bardsleyho zo Stoke a\u00a0\u00fatok podporia Wood a\u00a0Wells (nenast\u00fapi) s\u00a0Leedsu, respekt\u00edve\u00a0Hudersfieldu. Ned\u00e1vno sa up\u00edsal ako vo\u013en\u00fd hr\u00e1\u010d Lindegaard, odhodlan\u00fd bojova\u0165 o\u00a0post jednotky, \u010do je pri zranen\u00ed modly Toma Heatona, viac ako \u017eiadan\u00e1 vec.<\/p>\r\n\r\n\r\n\r\n<h4>Zauj\u00edmav\u00e9 \u0161tatistiky:<\/h4>\r\n\r\n\r\n\r\n<ul>\r\n<li>Everton v \u00e9re PL vyhral v\u0161etky 3 dom\u00e1ce z\u00e1pasy proti Burnley, so sk\u00f3re 6:1.<\/li>\r\n<li>Naposledy Toffees doma s The Clarets prehrali 3:4 v sez\u00f3ne 1963\/64.<\/li>\r\n<li>Burnley udr\u017ealo v posledn\u00fdch 32 z\u00e1pasoch proti Evertonu \u010dist\u00fd \u0161t\u00edt len raz.<\/li>\r\n<li>Smoln\u00e1 nede\u013ea. Posledn\u00e9 4 ligov\u00e9 z\u00e1pasy v tento de\u0148 prehrali Karamelky so sk\u00f3re 1:12.<\/li>\r\n<li>Presne pred rokom sa mu\u017estvu z Goodison Parku darilo o 6 bodov lep\u0161ie, ne\u017e je tomu teraz.<\/li>\r\n<li>Prehr\u00e1va\u0165 v z\u00e1pase n\u00e1m ide. Everton t\u00fdm tr\u00e1vi v tejto ligovej sez\u00f3ne u\u017e 239 min\u00fat. Hor\u0161\u00ed s\u00fa len Crystal Palace s minut\u00e1\u017eou 347.<\/li>\r\n<li>Oumar Niasse je moment\u00e1lne najlep\u0161\u00ed klubov\u00fd strelec v pomere k odohran\u00e9mu \u010dasu. Za svojich 59 min\u00fat na tr\u00e1vniku vo v\u0161etk\u00fdch s\u00fa\u0165a\u017eiach u\u017e stihol da\u0165 3 g\u00f3ly.<\/li>\r\n<li>Ak Koemanovi zverenci neremizuj\u00fa, Everton si zap\u00ed\u0161e \u0161n\u00faru 16 dom\u00e1cich z\u00e1pasov v najvy\u0161\u0161ej s\u00fa\u0165a\u017ei bez rem\u00edzy. Naposledy tak\u00fa \u0165ahali v sez\u00f3ne 1961\/62, kedy ju ukon\u010dila pr\u00e1ve rem\u00edza 2:2 s Burnley.<\/li>\r\n<li>Ak aspo\u0148 The Clarets remizuj\u00fa, ostan\u00fa tak vonku neporazen\u00ed prv\u00e9 4 z\u00e1pasy v najvy\u0161\u0161ej s\u00fa\u0165a\u017ei. Nie\u010do podobn\u00e9 sa im podarilo naposledy v sez\u00f3ne 1966\/67 pri \u0161n\u00fare 6 z\u00e1pasov, do ktorej sa po\u010d\u00edta aj rem\u00edza 1:1 s Evertonom.<\/li>\r\n<li>V\u00fdhra Burnley by znamenala 12 bodov po 7 z\u00e1pasoch. Ich najlep\u0161\u00ed \u0161tart do PL.<\/li>\r\n<li>Mu\u017estvo Seana Dychea \u010delilo doteraz najviac strel\u00e1m s\u00faperov. Z celkov\u00e9ho po\u010dtu 115 v\u0161ak pre\u0161lo do siete len 5.<\/li>\r\n<li>A\u017e 43% pokusov Burnley ohrozi\u0165 br\u00e1nu s\u00fapera prich\u00e1dza zo \u0161tandardn\u00fdch situ\u00e1ci\u00ed. Najviac z cel\u00e9ho pelot\u00f3nu PL.<\/li>\r\n<\/ul>\r\n\r\n\r\n\r\n<h4><strong>Ohlas s\u00fapera pred z\u00e1pasom:<\/strong><\/h4>\r\n\r\n\r\n\r\n<p>S. Dyche\u00a0&#8211; <em>\u201ePre v\u0161etk\u00fdch mana\u017e\u00e9rov m\u00f4\u017ee by\u0165 riskantn\u00e9 podpisova\u0165 nov\u00fdch hr\u00e1\u010dov, ale ja si mysl\u00edm, \u017ee podp\u00edsali ve\u013emi dobr\u00fdch. Mus\u00edte ich za\u010dleni\u0165 do t\u00edmu, musia sa spolu z\u017ei\u0165, ale nakoniec s\u00fa v\u0161etci s\u00faden\u00ed pod\u013ea v\u00fdsledkov, ktor\u00e9 nemusia pr\u00eds\u0165. Ur\u010dite ich neberiem na \u013eahk\u00fa v\u00e1hu. Ni\u010d nedost\u00e1vame zadarmo.\u201c<\/em><\/p>\r\n\r\n\r\n\r\n<p><strong>\u010co:<\/strong>\u00a0Everton FC \u2013 Burnley FC, 7. kolo Premier League<strong><br \/>Kedy:<\/strong>\u00a01.10. 2017 od 15:15 SE\u010c<strong><br \/>Kde:<\/strong>\u00a0Goodison Park &#8211; Goodison Rd, Liverpool L4 4EL (kapacita: 40 221)<strong><br \/>Rozhodca:<\/strong>\u00a0J. Moss\u00a0<strong>Asistenti:\u00a0<\/strong>E. Smart, A. Halliday\u00a0<strong>\u0160tvrt\u00fd rozhodca:\u00a0<\/strong>C. Kavanagh<\/p>\r\n","protected":false},"excerpt":{"rendered":"<p>Posledn\u00fd zo s\u00e9rie dom\u00e1cich duelov n\u00e1m op\u00e4\u0165 prin\u00e1\u0161a s\u00fapera z kateg\u00f3rie B. Tak\u00fd Bournemouth sme zvl\u00e1dli a po reprezenta\u010dnej prest\u00e1vke e\u0161te treba Brighton. Ako vrav\u00edm, kateg\u00f3ria B&#8230;<\/p>\n","protected":false},"author":1,"featured_media":14586,"comment_status":"open","ping_status":"closed","sticky":false,"template":"","format":"standard","meta":{"_eb_attr":"","_monsterinsights_skip_tracking":false,"_monsterinsights_sitenote_active":false,"_monsterinsights_sitenote_note":"","_monsterinsights_sitenote_category":0,"footnotes":""},"categories":[4],"tags":[],"yoast_head":"<!-- This site is optimized with the Yoast SEO plugin v23.4 - https:\/\/yoast.com\/wordpress\/plugins\/seo\/ -->\n<title>Preview: Everton - Burnley - Official Czech &amp; Slovak Everton Supporters&#039; Club<\/title>\n<meta name=\"robots\" content=\"index, follow, max-snippet:-1, max-image-preview:large, max-video-preview:-1\" \/>\n<link rel=\"canonical\" href=\"https:\/\/evertonfc.cz\/index.php\/2017\/10\/01\/preview-everton-burnley\/\" \/>\n<meta property=\"og:locale\" content=\"cs_CZ\" \/>\n<meta property=\"og:type\" content=\"article\" \/>\n<meta property=\"og:title\" content=\"Preview: Everton - Burnley - Official Czech &amp; Slovak Everton Supporters&#039; Club\" \/>\n<meta property=\"og:description\" content=\"Posledn\u00fd zo s\u00e9rie dom\u00e1cich duelov n\u00e1m op\u00e4\u0165 prin\u00e1\u0161a s\u00fapera z kateg\u00f3rie B. Tak\u00fd Bournemouth sme zvl\u00e1dli a po reprezenta\u010dnej prest\u00e1vke e\u0161te treba Brighton. Ako vrav\u00edm, kateg\u00f3ria B...\" \/>\n<meta property=\"og:url\" content=\"https:\/\/evertonfc.cz\/index.php\/2017\/10\/01\/preview-everton-burnley\/\" \/>\n<meta property=\"og:site_name\" content=\"Official Czech &amp; Slovak Everton Supporters&#039; Club\" \/>\n<meta property=\"article:publisher\" content=\"https:\/\/www.facebook.com\/everton.fans.cz.sk\" \/>\n<meta property=\"article:published_time\" content=\"2017-10-01T18:00:19+00:00\" \/>\n<meta property=\"article:modified_time\" content=\"2021-03-12T09:47:01+00:00\" \/>\n<meta property=\"og:image\" content=\"https:\/\/evertonfc.cz\/wp-content\/uploads\/2021\/03\/Everton-VS-Burnley.jpg\" \/>\n\t<meta property=\"og:image:width\" content=\"720\" \/>\n\t<meta property=\"og:image:height\" content=\"405\" \/>\n\t<meta property=\"og:image:type\" content=\"image\/jpeg\" \/>\n<meta name=\"author\" content=\"BlueBlooded\" \/>\n<meta name=\"twitter:card\" content=\"summary_large_image\" \/>\n<meta name=\"twitter:label1\" content=\"Napsal(a)\" \/>\n\t<meta name=\"twitter:data1\" content=\"BlueBlooded\" \/>\n\t<meta name=\"twitter:label2\" content=\"Odhadovan\u00e1 doba \u010dten\u00ed\" \/>\n\t<meta name=\"twitter:data2\" content=\"5 minut\" \/>\n<script type=\"application\/ld+json\" class=\"yoast-schema-graph\">{\"@context\":\"https:\/\/schema.org\",\"@graph\":[{\"@type\":\"Article\",\"@id\":\"https:\/\/evertonfc.cz\/index.php\/2017\/10\/01\/preview-everton-burnley\/#article\",\"isPartOf\":{\"@id\":\"https:\/\/evertonfc.cz\/index.php\/2017\/10\/01\/preview-everton-burnley\/\"},\"author\":{\"name\":\"BlueBlooded\",\"@id\":\"https:\/\/evertonfc.cz\/#\/schema\/person\/d4493b8cbea51532597fbc4685698916\"},\"headline\":\"Preview: Everton &#8211; Burnley\",\"datePublished\":\"2017-10-01T18:00:19+00:00\",\"dateModified\":\"2021-03-12T09:47:01+00:00\",\"mainEntityOfPage\":{\"@id\":\"https:\/\/evertonfc.cz\/index.php\/2017\/10\/01\/preview-everton-burnley\/\"},\"wordCount\":1180,\"commentCount\":0,\"publisher\":{\"@id\":\"https:\/\/evertonfc.cz\/#organization\"},\"image\":{\"@id\":\"https:\/\/evertonfc.cz\/index.php\/2017\/10\/01\/preview-everton-burnley\/#primaryimage\"},\"thumbnailUrl\":\"https:\/\/evertonfc.cz\/wp-content\/uploads\/2021\/03\/Everton-VS-Burnley.jpg\",\"articleSection\":[\"Z\u00e1pasy\"],\"inLanguage\":\"cs\",\"potentialAction\":[{\"@type\":\"CommentAction\",\"name\":\"Comment\",\"target\":[\"https:\/\/evertonfc.cz\/index.php\/2017\/10\/01\/preview-everton-burnley\/#respond\"]}]},{\"@type\":\"WebPage\",\"@id\":\"https:\/\/evertonfc.cz\/index.php\/2017\/10\/01\/preview-everton-burnley\/\",\"url\":\"https:\/\/evertonfc.cz\/index.php\/2017\/10\/01\/preview-everton-burnley\/\",\"name\":\"Preview: Everton - Burnley - Official Czech &amp; Slovak Everton Supporters&#039; Club\",\"isPartOf\":{\"@id\":\"https:\/\/evertonfc.cz\/#website\"},\"primaryImageOfPage\":{\"@id\":\"https:\/\/evertonfc.cz\/index.php\/2017\/10\/01\/preview-everton-burnley\/#primaryimage\"},\"image\":{\"@id\":\"https:\/\/evertonfc.cz\/index.php\/2017\/10\/01\/preview-everton-burnley\/#primaryimage\"},\"thumbnailUrl\":\"https:\/\/evertonfc.cz\/wp-content\/uploads\/2021\/03\/Everton-VS-Burnley.jpg\",\"datePublished\":\"2017-10-01T18:00:19+00:00\",\"dateModified\":\"2021-03-12T09:47:01+00:00\",\"breadcrumb\":{\"@id\":\"https:\/\/evertonfc.cz\/index.php\/2017\/10\/01\/preview-everton-burnley\/#breadcrumb\"},\"inLanguage\":\"cs\",\"potentialAction\":[{\"@type\":\"ReadAction\",\"target\":[\"https:\/\/evertonfc.cz\/index.php\/2017\/10\/01\/preview-everton-burnley\/\"]}]},{\"@type\":\"ImageObject\",\"inLanguage\":\"cs\",\"@id\":\"https:\/\/evertonfc.cz\/index.php\/2017\/10\/01\/preview-everton-burnley\/#primaryimage\",\"url\":\"https:\/\/evertonfc.cz\/wp-content\/uploads\/2021\/03\/Everton-VS-Burnley.jpg\",\"contentUrl\":\"https:\/\/evertonfc.cz\/wp-content\/uploads\/2021\/03\/Everton-VS-Burnley.jpg\",\"width\":720,\"height\":405},{\"@type\":\"BreadcrumbList\",\"@id\":\"https:\/\/evertonfc.cz\/index.php\/2017\/10\/01\/preview-everton-burnley\/#breadcrumb\",\"itemListElement\":[{\"@type\":\"ListItem\",\"position\":1,\"name\":\"Home\",\"item\":\"https:\/\/evertonfc.cz\/\"},{\"@type\":\"ListItem\",\"position\":2,\"name\":\"Preview: Everton &#8211; Burnley\"}]},{\"@type\":\"WebSite\",\"@id\":\"https:\/\/evertonfc.cz\/#website\",\"url\":\"https:\/\/evertonfc.cz\/\",\"name\":\"Official Czech &amp; Slovak Everton Supporters&#039; Club\",\"description\":\"\",\"publisher\":{\"@id\":\"https:\/\/evertonfc.cz\/#organization\"},\"potentialAction\":[{\"@type\":\"SearchAction\",\"target\":{\"@type\":\"EntryPoint\",\"urlTemplate\":\"https:\/\/evertonfc.cz\/?s={search_term_string}\"},\"query-input\":{\"@type\":\"PropertyValueSpecification\",\"valueRequired\":true,\"valueName\":\"search_term_string\"}}],\"inLanguage\":\"cs\"},{\"@type\":\"Organization\",\"@id\":\"https:\/\/evertonfc.cz\/#organization\",\"name\":\"Official Czech & Slovak Everton Supporters' Club\",\"url\":\"https:\/\/evertonfc.cz\/\",\"logo\":{\"@type\":\"ImageObject\",\"inLanguage\":\"cs\",\"@id\":\"https:\/\/evertonfc.cz\/#\/schema\/logo\/image\/\",\"url\":\"https:\/\/evertonfc.cz\/wp-content\/uploads\/2019\/05\/logo.png\",\"contentUrl\":\"https:\/\/evertonfc.cz\/wp-content\/uploads\/2019\/05\/logo.png\",\"width\":112,\"height\":112,\"caption\":\"Official Czech & Slovak Everton Supporters' Club\"},\"image\":{\"@id\":\"https:\/\/evertonfc.cz\/#\/schema\/logo\/image\/\"},\"sameAs\":[\"https:\/\/www.facebook.com\/everton.fans.cz.sk\"]},{\"@type\":\"Person\",\"@id\":\"https:\/\/evertonfc.cz\/#\/schema\/person\/d4493b8cbea51532597fbc4685698916\",\"name\":\"BlueBlooded\",\"url\":\"https:\/\/evertonfc.cz\/index.php\/author\/admin\/\"}]}<\/script>\n<!-- \/ Yoast SEO plugin. -->","yoast_head_json":{"title":"Preview: Everton - Burnley - Official Czech &amp; Slovak Everton Supporters&#039; Club","robots":{"index":"index","follow":"follow","max-snippet":"max-snippet:-1","max-image-preview":"max-image-preview:large","max-video-preview":"max-video-preview:-1"},"canonical":"https:\/\/evertonfc.cz\/index.php\/2017\/10\/01\/preview-everton-burnley\/","og_locale":"cs_CZ","og_type":"article","og_title":"Preview: Everton - Burnley - Official Czech &amp; Slovak Everton Supporters&#039; Club","og_description":"Posledn\u00fd zo s\u00e9rie dom\u00e1cich duelov n\u00e1m op\u00e4\u0165 prin\u00e1\u0161a s\u00fapera z kateg\u00f3rie B. Tak\u00fd Bournemouth sme zvl\u00e1dli a po reprezenta\u010dnej prest\u00e1vke e\u0161te treba Brighton. Ako vrav\u00edm, kateg\u00f3ria B...","og_url":"https:\/\/evertonfc.cz\/index.php\/2017\/10\/01\/preview-everton-burnley\/","og_site_name":"Official Czech &amp; Slovak Everton Supporters&#039; Club","article_publisher":"https:\/\/www.facebook.com\/everton.fans.cz.sk","article_published_time":"2017-10-01T18:00:19+00:00","article_modified_time":"2021-03-12T09:47:01+00:00","og_image":[{"width":720,"height":405,"url":"https:\/\/evertonfc.cz\/wp-content\/uploads\/2021\/03\/Everton-VS-Burnley.jpg","type":"image\/jpeg"}],"author":"BlueBlooded","twitter_card":"summary_large_image","twitter_misc":{"Napsal(a)":"BlueBlooded","Odhadovan\u00e1 doba \u010dten\u00ed":"5 minut"},"schema":{"@context":"https:\/\/schema.org","@graph":[{"@type":"Article","@id":"https:\/\/evertonfc.cz\/index.php\/2017\/10\/01\/preview-everton-burnley\/#article","isPartOf":{"@id":"https:\/\/evertonfc.cz\/index.php\/2017\/10\/01\/preview-everton-burnley\/"},"author":{"name":"BlueBlooded","@id":"https:\/\/evertonfc.cz\/#\/schema\/person\/d4493b8cbea51532597fbc4685698916"},"headline":"Preview: Everton &#8211; Burnley","datePublished":"2017-10-01T18:00:19+00:00","dateModified":"2021-03-12T09:47:01+00:00","mainEntityOfPage":{"@id":"https:\/\/evertonfc.cz\/index.php\/2017\/10\/01\/preview-everton-burnley\/"},"wordCount":1180,"commentCount":0,"publisher":{"@id":"https:\/\/evertonfc.cz\/#organization"},"image":{"@id":"https:\/\/evertonfc.cz\/index.php\/2017\/10\/01\/preview-everton-burnley\/#primaryimage"},"thumbnailUrl":"https:\/\/evertonfc.cz\/wp-content\/uploads\/2021\/03\/Everton-VS-Burnley.jpg","articleSection":["Z\u00e1pasy"],"inLanguage":"cs","potentialAction":[{"@type":"CommentAction","name":"Comment","target":["https:\/\/evertonfc.cz\/index.php\/2017\/10\/01\/preview-everton-burnley\/#respond"]}]},{"@type":"WebPage","@id":"https:\/\/evertonfc.cz\/index.php\/2017\/10\/01\/preview-everton-burnley\/","url":"https:\/\/evertonfc.cz\/index.php\/2017\/10\/01\/preview-everton-burnley\/","name":"Preview: Everton - Burnley - Official Czech &amp; Slovak Everton Supporters&#039; Club","isPartOf":{"@id":"https:\/\/evertonfc.cz\/#website"},"primaryImageOfPage":{"@id":"https:\/\/evertonfc.cz\/index.php\/2017\/10\/01\/preview-everton-burnley\/#primaryimage"},"image":{"@id":"https:\/\/evertonfc.cz\/index.php\/2017\/10\/01\/preview-everton-burnley\/#primaryimage"},"thumbnailUrl":"https:\/\/evertonfc.cz\/wp-content\/uploads\/2021\/03\/Everton-VS-Burnley.jpg","datePublished":"2017-10-01T18:00:19+00:00","dateModified":"2021-03-12T09:47:01+00:00","breadcrumb":{"@id":"https:\/\/evertonfc.cz\/index.php\/2017\/10\/01\/preview-everton-burnley\/#breadcrumb"},"inLanguage":"cs","potentialAction":[{"@type":"ReadAction","target":["https:\/\/evertonfc.cz\/index.php\/2017\/10\/01\/preview-everton-burnley\/"]}]},{"@type":"ImageObject","inLanguage":"cs","@id":"https:\/\/evertonfc.cz\/index.php\/2017\/10\/01\/preview-everton-burnley\/#primaryimage","url":"https:\/\/evertonfc.cz\/wp-content\/uploads\/2021\/03\/Everton-VS-Burnley.jpg","contentUrl":"https:\/\/evertonfc.cz\/wp-content\/uploads\/2021\/03\/Everton-VS-Burnley.jpg","width":720,"height":405},{"@type":"BreadcrumbList","@id":"https:\/\/evertonfc.cz\/index.php\/2017\/10\/01\/preview-everton-burnley\/#breadcrumb","itemListElement":[{"@type":"ListItem","position":1,"name":"Home","item":"https:\/\/evertonfc.cz\/"},{"@type":"ListItem","position":2,"name":"Preview: Everton &#8211; Burnley"}]},{"@type":"WebSite","@id":"https:\/\/evertonfc.cz\/#website","url":"https:\/\/evertonfc.cz\/","name":"Official Czech &amp; Slovak Everton Supporters&#039; Club","description":"","publisher":{"@id":"https:\/\/evertonfc.cz\/#organization"},"potentialAction":[{"@type":"SearchAction","target":{"@type":"EntryPoint","urlTemplate":"https:\/\/evertonfc.cz\/?s={search_term_string}"},"query-input":{"@type":"PropertyValueSpecification","valueRequired":true,"valueName":"search_term_string"}}],"inLanguage":"cs"},{"@type":"Organization","@id":"https:\/\/evertonfc.cz\/#organization","name":"Official Czech & Slovak Everton Supporters' Club","url":"https:\/\/evertonfc.cz\/","logo":{"@type":"ImageObject","inLanguage":"cs","@id":"https:\/\/evertonfc.cz\/#\/schema\/logo\/image\/","url":"https:\/\/evertonfc.cz\/wp-content\/uploads\/2019\/05\/logo.png","contentUrl":"https:\/\/evertonfc.cz\/wp-content\/uploads\/2019\/05\/logo.png","width":112,"height":112,"caption":"Official Czech & Slovak Everton Supporters' Club"},"image":{"@id":"https:\/\/evertonfc.cz\/#\/schema\/logo\/image\/"},"sameAs":["https:\/\/www.facebook.com\/everton.fans.cz.sk"]},{"@type":"Person","@id":"https:\/\/evertonfc.cz\/#\/schema\/person\/d4493b8cbea51532597fbc4685698916","name":"BlueBlooded","url":"https:\/\/evertonfc.cz\/index.php\/author\/admin\/"}]}},"_links":{"self":[{"href":"https:\/\/evertonfc.cz\/index.php\/wp-json\/wp\/v2\/posts\/2426"}],"collection":[{"href":"https:\/\/evertonfc.cz\/index.php\/wp-json\/wp\/v2\/posts"}],"about":[{"href":"https:\/\/evertonfc.cz\/index.php\/wp-json\/wp\/v2\/types\/post"}],"author":[{"embeddable":true,"href":"https:\/\/evertonfc.cz\/index.php\/wp-json\/wp\/v2\/users\/1"}],"replies":[{"embeddable":true,"href":"https:\/\/evertonfc.cz\/index.php\/wp-json\/wp\/v2\/comments?post=2426"}],"version-history":[{"count":3,"href":"https:\/\/evertonfc.cz\/index.php\/wp-json\/wp\/v2\/posts\/2426\/revisions"}],"predecessor-version":[{"id":14590,"href":"https:\/\/evertonfc.cz\/index.php\/wp-json\/wp\/v2\/posts\/2426\/revisions\/14590"}],"wp:featuredmedia":[{"embeddable":true,"href":"https:\/\/evertonfc.cz\/index.php\/wp-json\/wp\/v2\/media\/14586"}],"wp:attachment":[{"href":"https:\/\/evertonfc.cz\/index.php\/wp-json\/wp\/v2\/media?parent=2426"}],"wp:term":[{"taxonomy":"category","embeddable":true,"href":"https:\/\/evertonfc.cz\/index.php\/wp-json\/wp\/v2\/categories?post=2426"},{"taxonomy":"post_tag","embeddable":true,"href":"https:\/\/evertonfc.cz\/index.php\/wp-json\/wp\/v2\/tags?post=2426"}],"curies":[{"name":"wp","href":"https:\/\/api.w.org\/{rel}","templated":true}]}}