{"id":24279,"date":"2024-04-18T22:02:46","date_gmt":"2024-04-18T20:02:46","guid":{"rendered":"https:\/\/evertonfc.cz\/?p=24279"},"modified":"2024-04-18T22:02:46","modified_gmt":"2024-04-18T20:02:46","slug":"ball-bojim-sa-dycheovej-tvrdohlavosti","status":"publish","type":"post","link":"https:\/\/evertonfc.cz\/index.php\/2024\/04\/18\/ball-bojim-sa-dycheovej-tvrdohlavosti\/","title":{"rendered":"Ball: Boj\u00edm sa Dycheovej tvrdohlavosti"},"content":{"rendered":"<h4>B\u00fdval\u00fd \u013eav\u00fd obranca Evertonu Michael Ball, ktor\u00fd v rokoch 1996 a\u017e 2001 odohral za klub cez 120 z\u00e1pasov, sa vo svojom pravidelnom st\u013ap\u010deku pre denn\u00edk Liverpool Echo obzrel za zahanbuj\u00facim v\u00fdpraskom 0:6 od Chelsea.<\/h4>\n<p>Sean Dyche potrebuje zmeni\u0165 myslenie Evertonians, preto\u017ee sa ob\u00e1vam, \u017ee sa vlna za\u010d\u00edna obraca\u0165 proti nemu. Je na \u0148om, aby sa pozrel na seba do zrkadla a povedal: &#8218;I\u0161iel som so svojou filozofiou, nefunguje to, \u010do m\u00f4\u017eem urobi\u0165?&#8216; Mus\u00ed pr\u00eds\u0165 s rie\u0161en\u00edm, preto\u017ee je to jeho pr\u00e1ca a je platen\u00fd aby vyhr\u00e1val futbalov\u00e9 z\u00e1pasy.<\/p>\n<p>S\u00e9ria s jedn\u00fdm v\u00ed\u0165azstvom v 15 z\u00e1pasoch nesta\u010d\u00ed. \u010ci u\u017e hr\u00e1te dedinsk\u00fd futbal alebo Premier League. Mus\u00edte n\u00e1js\u0165 sp\u00f4sob, ako za\u010da\u0165 vyhr\u00e1va\u0165. Mysl\u00edm si, \u017ee ka\u017ed\u00fd u\u017e povedal, ak\u00e1 katastrof\u00e1lna bola uk\u00e1\u017eka Evertonu proti Chelsea. A ak\u00e9 predv\u00eddate\u013en\u00e9 to bolo, ke\u010f sme inkasovali g\u00f3l. \u010co ma m\u00e4tie je, \u017ee ke\u010f hocijak\u00fd mana\u017e\u00e9r pr\u00edde do Evertonu, a prech\u00e1dza n\u00e1ro\u010dnou sk\u00fa\u0161kou, dostane ist\u00fa klamliv\u00fa predstavu, o ktorej hovor\u00ed na tla\u010dov\u00fdch konferenci\u00e1ch.<\/p>\n<p>A to ma ve\u013emi znepokojuje. Toti\u017e to, \u010do vid\u00edme my a \u010do vid\u00ed mana\u017e\u00e9r, s\u00fa dve r\u00f4zne veci. Sean Dyche r\u00e1d hovor\u00ed, ako odmana\u017eoval 500 z\u00e1pasov a so svoj\u00edm tr\u00e9nersk\u00fdm t\u00edmom maj\u00fa medzi sebou viac ako tis\u00edc. Ale ak nevidia to, \u010do vid\u00ed v\u00e4\u010d\u0161ina Evertonians, je to naozaj znepokojuj\u00face. Hovor\u00ed, \u017ee naposledy sme takto kapitulovali s Aston Villou. Ale ja nes\u00fahlas\u00edm. Je to u\u017e dlho, \u010do som naposledy videl Everton pod\u00e1va\u0165 \u0161pi\u010dkov\u00fd v\u00fdkon.<\/p>\n<p>Okrem Tottenhamu vonku, \u010do sme prehrali, sme nedominovali ani nediktovali hru v \u017eiadnom stretnut\u00ed. Preto m\u00e1 za sebou najhor\u0161iu s\u00e9riu v Premier League v na\u0161ej hist\u00f3rii. Ch\u00e1peme, \u017ee h\u013abka k\u00e1dra tam nie je, ale existuj\u00fa aj in\u00e9 mo\u017enosti, ako to sk\u00fasi\u0165. \u00c1no, Sean Dyche n\u00e1s dr\u017eal. Ale m\u00e1 svojich ob\u013e\u00fabencov, a v minulej sez\u00f3ne mu trvalo pr\u00edli\u0161 dlho, k\u00fdm urobil nejak\u00e9 zmeny. Ak by tie v\u00fdmeny v t\u00edme urobil sk\u00f4r, mohlo to by\u0165 o nie\u010do hlad\u0161ie. Dr\u017eal sa Michaela Keanea, ktor\u00fd prech\u00e1dzal \u0165a\u017ek\u00fdm obdob\u00edm.<\/p>\n<p>My sme kri\u010dali, aby Yerry Mina nast\u00fapil do z\u00e1kladnej zostavy, ale trvalo to pr\u00edli\u0161 dlho, k\u00fdm sa tak stalo. A teraz vid\u00edm podobn\u00fd obr\u00e1zok. Nechcem vybera\u0165 jednotliv\u00fdch hr\u00e1\u010dov, preto\u017ee si to nezasl\u00fa\u017eia. A nechcem uv\u00e1dza\u0165 ich men\u00e1, ale dvaja z hr\u00e1\u010dov b\u00fdvaj\u00fa na ihrisku ka\u017ed\u00fd asi 97 min\u00fat a dotkn\u00fa sa lopty len 22-kr\u00e1t.<\/p>\n<h4><strong>Tr\u00e9ner po z\u00e1pase neniesol \u017eiadnu zodpovednos\u0165<\/strong><\/h4>\n<p>Ka\u017ed\u00fd t\u00fd\u017ede\u0148 v tomto st\u013apci \u017eiadam \u013eud\u00ed, aby prevzali zodpovednos\u0165 a majite\u013e to mus\u00ed urobi\u0165. Farhad Moshiri bol pr\u00edtomn\u00fd na Stamford Bridge, aby to videl. Ale hr\u00e1\u010di sa musia pozrie\u0165 do zrkadla a\u00a0poveda\u0165 si: <em>&#8218;Nechcem aby som bol slab\u00fdm \u010dl\u00e1nkom. Chcem sa uisti\u0165, \u017ee z ihriska odch\u00e1dzam so vzt\u00fd\u010denou hlavou.&#8216;<\/em> No pozer\u00e1m sa na t\u00fato skupinu hr\u00e1\u010dov, a nevid\u00edm nikoho s tak\u00fdmto pr\u00edstupom. Toho sa treba ob\u00e1va\u0165.<\/p>\n<p>Fan\u00fa\u0161ikovia prem\u00fd\u0161\u013eaj\u00fa, ako z tohto t\u00edmu vy\u0165a\u017eia to najlep\u0161ie, preto\u017ee mana\u017e\u00e9r to z nich nedost\u00e1va. Dyche si myslel, \u017ee jeho t\u00edm za\u010dal z\u00e1pas proti Chelsea dobre, ale z\u00e1pas netrv\u00e1 dve min\u00faty. Mus\u00edte ho mana\u017eova\u0165 cel\u00fd. Op\u00e4\u0165 mal poradu troch hr\u00e1\u010dov pri postrannej \u010diare, ale k\u00fdm s nimi skon\u010dil, prehr\u00e1vali sme 0:3. Mus\u00ed to by\u0165 proakt\u00edvne. Ale hr\u00e1\u010di nie s\u00fa platn\u00ed a rozhodnutia mana\u017e\u00e9ra s\u00fa neefekt\u00edvne.<\/p>\n<p>Po z\u00e1vere\u010dnom hvizde sme sa \u0161krabali na hlav\u00e1ch a \u010dudovali sa, \u010doho sme boli pr\u00e1ve svedkami. Doteraz sme boli celkom spokojn\u00ed so \u0161t\u00fdlom Seana Dychea vonku. Bol o\u0161\u00fachan\u00fd, \u0161kared\u00fd a nie pekn\u00fd na poh\u013ead. No bolo to treba chv\u00e1li\u0165, preto\u017ee mal v\u00fdsledky. Av\u0161ak toto bol \u00fapln\u00fd opak. Ke\u010f Burnley, t\u00edm, ktor\u00fd m\u00e1 probl\u00e9my, pri\u0161iel do Goodison Parku, z\u00e1merne to Dyche hral na nich \u0161karedo.<\/p>\n<p>Ten t\u00edm v\u0161ak v Championship odohral to\u013eko \u0161kared\u00fdch z\u00e1pasov, \u017ee sa nau\u010dil proti tomu hra\u0165. A\u00a0on chce potom hra\u0165 tv\u00e1rou v tv\u00e1r Chelsea, ktor\u00e1 je mlad\u00e1 a energick\u00e1. Ak d\u00e1te tak\u00fdmto hr\u00e1\u010dom priestor a \u010das, v\u017edy v\u00e1m ubl\u00ed\u017eia. Boli sme t\u00edmom jednotlivcov a to bolo ve\u013ek\u00fdm sklaman\u00edm. Ako si to Dyche hne\u010f od za\u010diatku nev\u0161imol a nezavrel obranu, nech\u00e1pem. Bola to t\u00e1 ist\u00e1 star\u00e1 tvrdohlavos\u0165.<\/p>\n<p>Ke\u010f s\u00fa mana\u017e\u00e9ri pod tlakom, s\u00fa tvrdohlav\u00ed a\u00a0\u017eij\u00fa v il\u00fazii. Po z\u00e1pase neniesol \u017eiadnu zodpovednos\u0165. Preniesol vinu na hr\u00e1\u010dov a to mu v \u0161atni nepom\u00f4\u017ee. V posledn\u00fdch z\u00e1pasoch boli ot\u00e1zniky, \u010di hr\u00e1\u010di hraj\u00fa za neho. Je mi jedno, \u010di \u00e1no alebo nie. Mali by hra\u0165 sami za seba. \u00c1no, hore v klube je neporiadok, ale mus\u00ed sa s t\u00fdm vyrovna\u0165. Mal by sa s t\u00fdm vysporiada\u0165 tak, \u017ee zostav\u00ed t\u00edm spr\u00e1vnym sp\u00f4sobom a zmen\u00ed veci, ktor\u00e9 to nefunguj\u00fa.<\/p>\n<h4><strong>Mali by preplati\u0165 fan\u00fa\u0161ikom n\u00e1klady za v\u00fdjazd na Chelsea<\/strong><\/h4>\n<p>Pr\u00edli\u0161 ve\u013ea k\u013e\u00fa\u010dov\u00fdch hr\u00e1\u010dov a takzvan\u00fdch l\u00eddrov vo klube pod\u00e1va nedostato\u010dn\u00fd v\u00fdkon a rob\u00ed zl\u00e9 rozhodnutia. Mus\u00edme si umy\u0165 ruky nad prehrou s Chelsea. Pozrite sa na ich prv\u00fd g\u00f3l. \u00c1no, bola to geni\u00e1lna akcia, ale u\u013eah\u010dili sme im to &#8211; z n\u00e1\u0161ho vhadzovania v \u00fato\u010dnej tretine sme im to doslova hodili.<\/p>\n<p>M\u00e1m pocit, \u017ee hr\u00e1\u010di neveria tomu, ako s\u00fa nastaven\u00ed. Akon\u00e1hle prekro\u010dia t\u00fa bielu \u010diaru, je na nich, aby vyhrali svoje individu\u00e1lne bitky. No niektor\u00ed z nich neboli pripraven\u00ed na boj. Nerobili z\u00e1kladn\u00e9 veci ani nenabehali poctiv\u00e9 kilometre. Urobili nieko\u013eko hl\u00fapych rozhodnut\u00ed. Jordan Pickford, ten to mal na spadnutie u\u017e nejak\u00fd \u010das.<\/p>\n<p>Urobil to u\u017e aj za Anglicko a teraz to urobil v Evertone. Vid\u00edme ho v\u0161ade, ako kri\u010d\u00ed a p\u00fdta si loptu od stredn\u00fdch obrancov. Pre\u010do? Je to potrebn\u00e9? Nechceme, aby mal viac dotykov ako na\u0161i kr\u00eddeln\u00edci. \u010co teda aj mal. Ak toto nastavenie nevyhovuje tejto skupine hr\u00e1\u010dov, pre\u010do v \u0148om pokra\u010dujete t\u00fd\u017ede\u0148 \u010do t\u00fd\u017ede\u0148 a o\u010dak\u00e1vate in\u00e9 v\u00fdsledky? Je to preto, \u017ee bu\u010f je tam nespr\u00e1vny person\u00e1l alebo nespr\u00e1vna taktika.<\/p>\n<p>Hovorilo sa o tom, \u017ee si hr\u00e1\u010di siahnu do vreciek a preplatia fan\u00fa\u0161ikom n\u00e1klady za v\u00fdjazd na Chelsea. Tak\u00e9to sumy s\u00fa pre nich len gomb\u00edky, tak\u017ee jedna \u010das\u0165 m\u0148a si mysl\u00ed, \u017ee by mali, ale tie\u017e si mysl\u00edm, \u017ee Evertonians by rad\u0161ej videli v\u00fdhru v nede\u013eu proti Forest. Nestar\u00e1m sa o to, \u010dia to bola chyba proti Chelsea, alebo \u010di sa v\u00e1m mana\u017e\u00e9r p\u00e1\u010di alebo nie. Ke\u010f vkro\u010d\u00edte na tr\u00e1vnik, vyhrajte svoje bitky. Neschov\u00e1vajte sa a neodch\u00e1dzajte z ihriska s 20 dotykmi.<\/p>\n<h4><strong>Hr\u00e1\u010di musia ud\u00e1va\u0165 t\u00f3n fan\u00fa\u0161ikom a nie sa stara\u0165 o hudbu Goodisone<\/strong><\/h4>\n<p>Potrebujeme, aby Goodison v prv\u00fdch pribli\u017ene 10 min\u00fatach proti Nottinghamu Forest a vo v\u0161etk\u00fdch zost\u00e1vaj\u00facich dom\u00e1cich z\u00e1pasoch Evertonu absol\u00fatne bur\u00e1cal. A to v\u010faka Seanovi Dycheovi, ktor\u00fd postav\u00ed t\u00edm s energiou, pohotovos\u0165ou a t\u00fa\u017ebou vyjs\u0165 von a splni\u0165 cie\u013e. Nie sledova\u0165 hr\u00e1\u010dov, ktor\u00ed s\u00fa letargick\u00ed, pas\u00edvni a\u00a0pomal\u00ed. Sedia len vzadu a nech\u00e1vaj\u00fa s\u00faperov diktova\u0165 hru a \u0161ikanova\u0165 n\u00e1s.<\/p>\n<p>Hr\u00e1\u010di musia vyhra\u0165 svoje individu\u00e1lne bitky a uisti\u0165 sa, \u017ee to nie je ich hlava na poprav\u010dom bloku. Mana\u017e\u00e9ri prich\u00e1dzaj\u00fa a odch\u00e1dzaj\u00fa, ale hr\u00e1\u010di maj\u00fa dlh\u00e9 zmluvy. Nathan Patterson pravdepodobne spochyb\u0148uje, \u010do sa stalo v Portugalsku. Ovplyvnilo to skupinu? Ostali sme prekvapen\u00ed, \u010do t\u00edm urobil po\u010das tej trojt\u00fd\u017ed\u0148ovej prest\u00e1vky. Preto\u017ee odkedy sa vr\u00e1tili, v\u00fdkony boli hor\u0161ie ako predt\u00fdm.<\/p>\n<p>\u00c1no, z\u00edskali sme bod v Newcastli, a porazili sme Burnley, preto\u017ee oni z\u00e1pas zahodili. Ale na\u0161e v\u00fdkony boli hor\u0161ie. Zd\u00e1 sa, \u017ee to malo vplyv, pokia\u013e ide o to, \u017ee hr\u00e1\u010di predt\u00fdm i\u0161li cez m\u00far kv\u00f4li mana\u017e\u00e9rovi, je mi to jedno. Ale musia myslie\u0165 na \u0161ir\u0161\u00ed obraz. Chcete tu by\u0165 bud\u00facu sez\u00f3nu alebo nie? Ak chc\u00fa \u00eds\u0165 pre\u010d, musia si vyn\u00fati\u0165 prestup, preto\u017ee ak sa bud\u00fa len prech\u00e1dza\u0165 ihrisku, \u017eiadny \u0161pi\u010dkov\u00fd klub ich nebude chcie\u0165.<\/p>\n<p>Neob\u00favajte si \u0161\u013eapky a ned\u00fafajte v leto. \u010ci u\u017e chcete zosta\u0165 v Evertone alebo hra\u0165 o prestup, podajte v\u00fdkon. Po\u010dul som, \u017ee niektor\u00ed hr\u00e1\u010di nechc\u00fa, aby v Goodisone pred z\u00e1pasmi hrala ur\u010dit\u00e1 hudba. Moment, ve\u010f oni tu mo\u017eno o p\u00e1r rokov nebud\u00fa. Fan\u00fa\u0161ikovia \u00e1no, tak\u017ee nemysl\u00edm si, \u017ee by mali ma\u0165 na v\u00fdber, \u010do sa bude p\u00fa\u0161\u0165a\u0165 pred z\u00e1pasom, a ak\u00e9 mel\u00f3die maj\u00fa prin\u00fati\u0165 fan\u00fa\u0161ikov spieva\u0165, aby ich podporili.<\/p>\n<h4><strong>Ozval by som sa, keby som nes\u00fahlasil s mana\u017e\u00e9rom<\/strong><\/h4>\n<p>S\u00fa\u010dasn\u00fd t\u00edm Evertonu potrebuje vytiahnu\u0165 list z Richarlisonovej knihy. Braz\u00edl\u010dan bol t\u00edmov\u00fdm kolegom mnoh\u00fdch z nich, ke\u010f bol v Goodison Parku. Zranil sa, skolaboval na futbalovom ihrisku pre vynalo\u017een\u00fa n\u00e1mahu. Nehral dobre ka\u017ed\u00fd t\u00fd\u017ede\u0148, samozrejme, nie s\u00fa to roboti. Ale v\u00f4\u013ea a t\u00fa\u017eba tam boli a fan\u00fa\u0161ikovia ho milovali.<\/p>\n<p>Pri tejto skupine hr\u00e1\u010dov teraz nevid\u00edm, \u017ee by niektor\u00fd z nich skolaboval na konci hry. Jedin\u00e9, \u010do vid\u00edm, je, \u017ee sa jeden druh\u00e9mu ospravedl\u0148uj\u00fa. St\u00e1le hovor\u00edm:<em> \u201aPresta\u0148 sa ospravedl\u0148ova\u0165, rob t\u00fa pr\u00e1cu poriadne. S\u00fastre\u010f sa na dokon\u010denie prihr\u00e1vok.\u2018<\/em> S\u00fa jednoducho pr\u00edli\u0161 dobr\u00ed na seba. Neexistuje tam \u017eiadny faktor strachu.<\/p>\n<p>Preto\u017ee aj ke\u010f nepod\u00e1vaj\u00fa v\u00fdkon, nie s\u00fa posaden\u00ed na lavi\u010dku. Dokonca pre mana\u017e\u00e9ra neexistuje \u017eiadny faktor strachu, preto\u017ee kto ho vyhod\u00ed? Nem\u00f4\u017eu si to dovoli\u0165! Len tak pl\u00e1vame a d\u00fafame, \u017ee t\u00edmy pod nami nez\u00edskaj\u00fa body. Pr\u00e1ve teraz sp\u00edme a vraciame sa sp\u00e4\u0165 do nebezpe\u010dnej z\u00f3ny. Nie ka\u017ed\u00fd hr\u00e1\u010d m\u00e1 r\u00e1d svojho mana\u017e\u00e9ra.<\/p>\n<p>Prv\u00e1 jeden\u00e1stka pravdepodobne \u00e1no, ale bude to tak v Manchestri City, bude to tak v ka\u017edom klube, v ktorom som bol. Nebudete ma\u0165 radi mana\u017e\u00e9ra, ktor\u00fd v\u00e1s nech\u00e1 sedie\u0165. Dostanete pr\u00edle\u017eitos\u0165, ke\u010f budete fit a pripraven\u00fd. Ke\u010f ste na lavi\u010dke, ak v\u00e1\u0161 t\u00edm m\u00e1 probl\u00e9my, \u010do rob\u00edte, aby ste sa dostali do t\u00edmu? Ak chcete probl\u00e9m vyrie\u0161i\u0165, mus\u00edte sa prida\u0165 k stolu. Ak ste jedn\u00fdm z t\u00fdch star\u0161\u00edch hr\u00e1\u010dov a nep\u00e1\u010di sa v\u00e1m, \u010do sa deje, postavte sa mana\u017e\u00e9rovi a p\u00fdtajte sa. Nechceme tu na konci sez\u00f3ny sedie\u0165 a p\u00fdta\u0165 sa <em>\u201a\u010do sme mohli urobi\u0165?\u2018<\/em><\/p>\n<p>Za\u017eil som si to so Svenom-Goranom Erikssonom v Manchestri City. A Everton to mal pod veden\u00edm Carla Ancelottiho a rozpadli sa ako bal\u00ed\u010dek kariet. Tak to zastavme teraz, k\u00fdm m\u00e1me pr\u00edle\u017eitos\u0165 vies\u0165 ve\u013ek\u00fa, otvoren\u00fa diskusiu. \u017diada mana\u017e\u00e9r hr\u00e1\u010dov, aby robili veci, ktor\u00e9 sa im nep\u00e1\u010dia? Keby som bol hr\u00e1\u010d, povedal by som, \u017ee sa mi to nep\u00e1\u010di. Zapojte sa do diskusie \u2013 ste dospel\u00ed mu\u017ei, nie deti.<\/p>\n<p>Po\u010fme diskutova\u0165 a vyjadrime sa. Ukazovan\u00edm prstom sa nikam nedostanete. M\u00f4\u017eete kri\u010da\u0165 a vrieska\u0165, ko\u013eko chcete. Mus\u00edme n\u00e1js\u0165 rie\u0161enia. Sean Dyche, Seamus Coleman, James Tarkowski a Jordan Pickford musia n\u00e1js\u0165 rie\u0161enia. Ako chceme br\u00e1ni\u0165 rohy? Ako chceme \u00fato\u010di\u0165 na \u0161tandardky? Do z\u00e1pasu v Nottingham Forest m\u00e1me p\u00e1r dn\u00ed. Cho\u010fte na tom pracova\u0165 na Finch Farm. Nechceme sa dosta\u0165 na koniec sez\u00f3ny s my\u0161lienkou: <em>\u201aMohli sme urobi\u0165 toto, mohli sme urobi\u0165 tamto\u2018<\/em>, a stalo sa to najhor\u0161ie.<\/p>\n<p style=\"text-align: right;\"><span style=\"font-size: 8pt;\">(fotozdroj: Tony McArdle, Everton FC &#8211; Getty Images)<\/span><\/p>\n","protected":false},"excerpt":{"rendered":"<p>B\u00fdval\u00fd \u013eav\u00fd obranca Evertonu Michael Ball, ktor\u00fd v rokoch 1996 a\u017e 2001 odohral za klub cez 120 z\u00e1pasov, sa vo svojom pravidelnom st\u013ap\u010deku pre denn\u00edk Liverpool Echo obzrel za zahanbuj\u00facim v\u00fdpraskom 0:6 od Chelsea.<\/p>\n","protected":false},"author":1,"featured_media":24286,"comment_status":"open","ping_status":"closed","sticky":false,"template":"","format":"standard","meta":{"_eb_attr":"","_monsterinsights_skip_tracking":false,"_monsterinsights_sitenote_active":false,"_monsterinsights_sitenote_note":"","_monsterinsights_sitenote_category":0,"footnotes":""},"categories":[39],"tags":[],"yoast_head":"<!-- This site is optimized with the Yoast SEO plugin v23.4 - https:\/\/yoast.com\/wordpress\/plugins\/seo\/ -->\n<title>Ball: Boj\u00edm sa Dycheovej tvrdohlavosti - Official Czech &amp; Slovak Everton Supporters&#039; Club<\/title>\n<meta name=\"robots\" content=\"index, follow, max-snippet:-1, max-image-preview:large, max-video-preview:-1\" \/>\n<link rel=\"canonical\" href=\"https:\/\/evertonfc.cz\/index.php\/2024\/04\/18\/ball-bojim-sa-dycheovej-tvrdohlavosti\/\" \/>\n<meta property=\"og:locale\" content=\"cs_CZ\" \/>\n<meta property=\"og:type\" content=\"article\" \/>\n<meta property=\"og:title\" content=\"Ball: Boj\u00edm sa Dycheovej tvrdohlavosti - Official Czech &amp; Slovak Everton Supporters&#039; Club\" \/>\n<meta property=\"og:description\" content=\"B\u00fdval\u00fd \u013eav\u00fd obranca Evertonu Michael Ball, ktor\u00fd v rokoch 1996 a\u017e 2001 odohral za klub cez 120 z\u00e1pasov, sa vo svojom pravidelnom st\u013ap\u010deku pre denn\u00edk Liverpool Echo obzrel za zahanbuj\u00facim v\u00fdpraskom 0:6 od Chelsea.\" \/>\n<meta property=\"og:url\" content=\"https:\/\/evertonfc.cz\/index.php\/2024\/04\/18\/ball-bojim-sa-dycheovej-tvrdohlavosti\/\" \/>\n<meta property=\"og:site_name\" content=\"Official Czech &amp; Slovak Everton Supporters&#039; Club\" \/>\n<meta property=\"article:publisher\" content=\"https:\/\/www.facebook.com\/everton.fans.cz.sk\" \/>\n<meta property=\"article:published_time\" content=\"2024-04-18T20:02:46+00:00\" \/>\n<meta property=\"og:image\" content=\"https:\/\/evertonfc.cz\/wp-content\/uploads\/2024\/04\/Sean-Dyche-vs-Chelsea-by-Tony-McArdle-Everton-FC-Getty-Images-18-4-2024.jpg\" \/>\n\t<meta property=\"og:image:width\" content=\"720\" \/>\n\t<meta property=\"og:image:height\" content=\"405\" \/>\n\t<meta property=\"og:image:type\" content=\"image\/jpeg\" \/>\n<meta name=\"author\" content=\"BlueBlooded\" \/>\n<meta name=\"twitter:card\" content=\"summary_large_image\" \/>\n<meta name=\"twitter:label1\" content=\"Napsal(a)\" \/>\n\t<meta name=\"twitter:data1\" content=\"BlueBlooded\" \/>\n\t<meta name=\"twitter:label2\" content=\"Odhadovan\u00e1 doba \u010dten\u00ed\" \/>\n\t<meta name=\"twitter:data2\" content=\"10 minut\" \/>\n<script type=\"application\/ld+json\" class=\"yoast-schema-graph\">{\"@context\":\"https:\/\/schema.org\",\"@graph\":[{\"@type\":\"Article\",\"@id\":\"https:\/\/evertonfc.cz\/index.php\/2024\/04\/18\/ball-bojim-sa-dycheovej-tvrdohlavosti\/#article\",\"isPartOf\":{\"@id\":\"https:\/\/evertonfc.cz\/index.php\/2024\/04\/18\/ball-bojim-sa-dycheovej-tvrdohlavosti\/\"},\"author\":{\"name\":\"BlueBlooded\",\"@id\":\"https:\/\/evertonfc.cz\/#\/schema\/person\/d4493b8cbea51532597fbc4685698916\"},\"headline\":\"Ball: Boj\u00edm sa Dycheovej tvrdohlavosti\",\"datePublished\":\"2024-04-18T20:02:46+00:00\",\"dateModified\":\"2024-04-18T20:02:46+00:00\",\"mainEntityOfPage\":{\"@id\":\"https:\/\/evertonfc.cz\/index.php\/2024\/04\/18\/ball-bojim-sa-dycheovej-tvrdohlavosti\/\"},\"wordCount\":2102,\"commentCount\":8,\"publisher\":{\"@id\":\"https:\/\/evertonfc.cz\/#organization\"},\"image\":{\"@id\":\"https:\/\/evertonfc.cz\/index.php\/2024\/04\/18\/ball-bojim-sa-dycheovej-tvrdohlavosti\/#primaryimage\"},\"thumbnailUrl\":\"https:\/\/evertonfc.cz\/wp-content\/uploads\/2024\/04\/Sean-Dyche-vs-Chelsea-by-Tony-McArdle-Everton-FC-Getty-Images-18-4-2024.jpg\",\"articleSection\":[\"Blog\"],\"inLanguage\":\"cs\",\"potentialAction\":[{\"@type\":\"CommentAction\",\"name\":\"Comment\",\"target\":[\"https:\/\/evertonfc.cz\/index.php\/2024\/04\/18\/ball-bojim-sa-dycheovej-tvrdohlavosti\/#respond\"]}]},{\"@type\":\"WebPage\",\"@id\":\"https:\/\/evertonfc.cz\/index.php\/2024\/04\/18\/ball-bojim-sa-dycheovej-tvrdohlavosti\/\",\"url\":\"https:\/\/evertonfc.cz\/index.php\/2024\/04\/18\/ball-bojim-sa-dycheovej-tvrdohlavosti\/\",\"name\":\"Ball: Boj\u00edm sa Dycheovej tvrdohlavosti - Official Czech &amp; Slovak Everton Supporters&#039; Club\",\"isPartOf\":{\"@id\":\"https:\/\/evertonfc.cz\/#website\"},\"primaryImageOfPage\":{\"@id\":\"https:\/\/evertonfc.cz\/index.php\/2024\/04\/18\/ball-bojim-sa-dycheovej-tvrdohlavosti\/#primaryimage\"},\"image\":{\"@id\":\"https:\/\/evertonfc.cz\/index.php\/2024\/04\/18\/ball-bojim-sa-dycheovej-tvrdohlavosti\/#primaryimage\"},\"thumbnailUrl\":\"https:\/\/evertonfc.cz\/wp-content\/uploads\/2024\/04\/Sean-Dyche-vs-Chelsea-by-Tony-McArdle-Everton-FC-Getty-Images-18-4-2024.jpg\",\"datePublished\":\"2024-04-18T20:02:46+00:00\",\"dateModified\":\"2024-04-18T20:02:46+00:00\",\"breadcrumb\":{\"@id\":\"https:\/\/evertonfc.cz\/index.php\/2024\/04\/18\/ball-bojim-sa-dycheovej-tvrdohlavosti\/#breadcrumb\"},\"inLanguage\":\"cs\",\"potentialAction\":[{\"@type\":\"ReadAction\",\"target\":[\"https:\/\/evertonfc.cz\/index.php\/2024\/04\/18\/ball-bojim-sa-dycheovej-tvrdohlavosti\/\"]}]},{\"@type\":\"ImageObject\",\"inLanguage\":\"cs\",\"@id\":\"https:\/\/evertonfc.cz\/index.php\/2024\/04\/18\/ball-bojim-sa-dycheovej-tvrdohlavosti\/#primaryimage\",\"url\":\"https:\/\/evertonfc.cz\/wp-content\/uploads\/2024\/04\/Sean-Dyche-vs-Chelsea-by-Tony-McArdle-Everton-FC-Getty-Images-18-4-2024.jpg\",\"contentUrl\":\"https:\/\/evertonfc.cz\/wp-content\/uploads\/2024\/04\/Sean-Dyche-vs-Chelsea-by-Tony-McArdle-Everton-FC-Getty-Images-18-4-2024.jpg\",\"width\":720,\"height\":405},{\"@type\":\"BreadcrumbList\",\"@id\":\"https:\/\/evertonfc.cz\/index.php\/2024\/04\/18\/ball-bojim-sa-dycheovej-tvrdohlavosti\/#breadcrumb\",\"itemListElement\":[{\"@type\":\"ListItem\",\"position\":1,\"name\":\"Home\",\"item\":\"https:\/\/evertonfc.cz\/\"},{\"@type\":\"ListItem\",\"position\":2,\"name\":\"Ball: Boj\u00edm sa Dycheovej tvrdohlavosti\"}]},{\"@type\":\"WebSite\",\"@id\":\"https:\/\/evertonfc.cz\/#website\",\"url\":\"https:\/\/evertonfc.cz\/\",\"name\":\"Official Czech &amp; Slovak Everton Supporters&#039; Club\",\"description\":\"\",\"publisher\":{\"@id\":\"https:\/\/evertonfc.cz\/#organization\"},\"potentialAction\":[{\"@type\":\"SearchAction\",\"target\":{\"@type\":\"EntryPoint\",\"urlTemplate\":\"https:\/\/evertonfc.cz\/?s={search_term_string}\"},\"query-input\":{\"@type\":\"PropertyValueSpecification\",\"valueRequired\":true,\"valueName\":\"search_term_string\"}}],\"inLanguage\":\"cs\"},{\"@type\":\"Organization\",\"@id\":\"https:\/\/evertonfc.cz\/#organization\",\"name\":\"Official Czech & Slovak Everton Supporters' Club\",\"url\":\"https:\/\/evertonfc.cz\/\",\"logo\":{\"@type\":\"ImageObject\",\"inLanguage\":\"cs\",\"@id\":\"https:\/\/evertonfc.cz\/#\/schema\/logo\/image\/\",\"url\":\"https:\/\/evertonfc.cz\/wp-content\/uploads\/2019\/05\/logo.png\",\"contentUrl\":\"https:\/\/evertonfc.cz\/wp-content\/uploads\/2019\/05\/logo.png\",\"width\":112,\"height\":112,\"caption\":\"Official Czech & Slovak Everton Supporters' Club\"},\"image\":{\"@id\":\"https:\/\/evertonfc.cz\/#\/schema\/logo\/image\/\"},\"sameAs\":[\"https:\/\/www.facebook.com\/everton.fans.cz.sk\"]},{\"@type\":\"Person\",\"@id\":\"https:\/\/evertonfc.cz\/#\/schema\/person\/d4493b8cbea51532597fbc4685698916\",\"name\":\"BlueBlooded\",\"url\":\"https:\/\/evertonfc.cz\/index.php\/author\/admin\/\"}]}<\/script>\n<!-- \/ Yoast SEO plugin. -->","yoast_head_json":{"title":"Ball: Boj\u00edm sa Dycheovej tvrdohlavosti - Official Czech &amp; Slovak Everton Supporters&#039; Club","robots":{"index":"index","follow":"follow","max-snippet":"max-snippet:-1","max-image-preview":"max-image-preview:large","max-video-preview":"max-video-preview:-1"},"canonical":"https:\/\/evertonfc.cz\/index.php\/2024\/04\/18\/ball-bojim-sa-dycheovej-tvrdohlavosti\/","og_locale":"cs_CZ","og_type":"article","og_title":"Ball: Boj\u00edm sa Dycheovej tvrdohlavosti - Official Czech &amp; Slovak Everton Supporters&#039; Club","og_description":"B\u00fdval\u00fd \u013eav\u00fd obranca Evertonu Michael Ball, ktor\u00fd v rokoch 1996 a\u017e 2001 odohral za klub cez 120 z\u00e1pasov, sa vo svojom pravidelnom st\u013ap\u010deku pre denn\u00edk Liverpool Echo obzrel za zahanbuj\u00facim v\u00fdpraskom 0:6 od Chelsea.","og_url":"https:\/\/evertonfc.cz\/index.php\/2024\/04\/18\/ball-bojim-sa-dycheovej-tvrdohlavosti\/","og_site_name":"Official Czech &amp; Slovak Everton Supporters&#039; Club","article_publisher":"https:\/\/www.facebook.com\/everton.fans.cz.sk","article_published_time":"2024-04-18T20:02:46+00:00","og_image":[{"width":720,"height":405,"url":"https:\/\/evertonfc.cz\/wp-content\/uploads\/2024\/04\/Sean-Dyche-vs-Chelsea-by-Tony-McArdle-Everton-FC-Getty-Images-18-4-2024.jpg","type":"image\/jpeg"}],"author":"BlueBlooded","twitter_card":"summary_large_image","twitter_misc":{"Napsal(a)":"BlueBlooded","Odhadovan\u00e1 doba \u010dten\u00ed":"10 minut"},"schema":{"@context":"https:\/\/schema.org","@graph":[{"@type":"Article","@id":"https:\/\/evertonfc.cz\/index.php\/2024\/04\/18\/ball-bojim-sa-dycheovej-tvrdohlavosti\/#article","isPartOf":{"@id":"https:\/\/evertonfc.cz\/index.php\/2024\/04\/18\/ball-bojim-sa-dycheovej-tvrdohlavosti\/"},"author":{"name":"BlueBlooded","@id":"https:\/\/evertonfc.cz\/#\/schema\/person\/d4493b8cbea51532597fbc4685698916"},"headline":"Ball: Boj\u00edm sa Dycheovej tvrdohlavosti","datePublished":"2024-04-18T20:02:46+00:00","dateModified":"2024-04-18T20:02:46+00:00","mainEntityOfPage":{"@id":"https:\/\/evertonfc.cz\/index.php\/2024\/04\/18\/ball-bojim-sa-dycheovej-tvrdohlavosti\/"},"wordCount":2102,"commentCount":8,"publisher":{"@id":"https:\/\/evertonfc.cz\/#organization"},"image":{"@id":"https:\/\/evertonfc.cz\/index.php\/2024\/04\/18\/ball-bojim-sa-dycheovej-tvrdohlavosti\/#primaryimage"},"thumbnailUrl":"https:\/\/evertonfc.cz\/wp-content\/uploads\/2024\/04\/Sean-Dyche-vs-Chelsea-by-Tony-McArdle-Everton-FC-Getty-Images-18-4-2024.jpg","articleSection":["Blog"],"inLanguage":"cs","potentialAction":[{"@type":"CommentAction","name":"Comment","target":["https:\/\/evertonfc.cz\/index.php\/2024\/04\/18\/ball-bojim-sa-dycheovej-tvrdohlavosti\/#respond"]}]},{"@type":"WebPage","@id":"https:\/\/evertonfc.cz\/index.php\/2024\/04\/18\/ball-bojim-sa-dycheovej-tvrdohlavosti\/","url":"https:\/\/evertonfc.cz\/index.php\/2024\/04\/18\/ball-bojim-sa-dycheovej-tvrdohlavosti\/","name":"Ball: Boj\u00edm sa Dycheovej tvrdohlavosti - Official Czech &amp; Slovak Everton Supporters&#039; Club","isPartOf":{"@id":"https:\/\/evertonfc.cz\/#website"},"primaryImageOfPage":{"@id":"https:\/\/evertonfc.cz\/index.php\/2024\/04\/18\/ball-bojim-sa-dycheovej-tvrdohlavosti\/#primaryimage"},"image":{"@id":"https:\/\/evertonfc.cz\/index.php\/2024\/04\/18\/ball-bojim-sa-dycheovej-tvrdohlavosti\/#primaryimage"},"thumbnailUrl":"https:\/\/evertonfc.cz\/wp-content\/uploads\/2024\/04\/Sean-Dyche-vs-Chelsea-by-Tony-McArdle-Everton-FC-Getty-Images-18-4-2024.jpg","datePublished":"2024-04-18T20:02:46+00:00","dateModified":"2024-04-18T20:02:46+00:00","breadcrumb":{"@id":"https:\/\/evertonfc.cz\/index.php\/2024\/04\/18\/ball-bojim-sa-dycheovej-tvrdohlavosti\/#breadcrumb"},"inLanguage":"cs","potentialAction":[{"@type":"ReadAction","target":["https:\/\/evertonfc.cz\/index.php\/2024\/04\/18\/ball-bojim-sa-dycheovej-tvrdohlavosti\/"]}]},{"@type":"ImageObject","inLanguage":"cs","@id":"https:\/\/evertonfc.cz\/index.php\/2024\/04\/18\/ball-bojim-sa-dycheovej-tvrdohlavosti\/#primaryimage","url":"https:\/\/evertonfc.cz\/wp-content\/uploads\/2024\/04\/Sean-Dyche-vs-Chelsea-by-Tony-McArdle-Everton-FC-Getty-Images-18-4-2024.jpg","contentUrl":"https:\/\/evertonfc.cz\/wp-content\/uploads\/2024\/04\/Sean-Dyche-vs-Chelsea-by-Tony-McArdle-Everton-FC-Getty-Images-18-4-2024.jpg","width":720,"height":405},{"@type":"BreadcrumbList","@id":"https:\/\/evertonfc.cz\/index.php\/2024\/04\/18\/ball-bojim-sa-dycheovej-tvrdohlavosti\/#breadcrumb","itemListElement":[{"@type":"ListItem","position":1,"name":"Home","item":"https:\/\/evertonfc.cz\/"},{"@type":"ListItem","position":2,"name":"Ball: Boj\u00edm sa Dycheovej tvrdohlavosti"}]},{"@type":"WebSite","@id":"https:\/\/evertonfc.cz\/#website","url":"https:\/\/evertonfc.cz\/","name":"Official Czech &amp; Slovak Everton Supporters&#039; Club","description":"","publisher":{"@id":"https:\/\/evertonfc.cz\/#organization"},"potentialAction":[{"@type":"SearchAction","target":{"@type":"EntryPoint","urlTemplate":"https:\/\/evertonfc.cz\/?s={search_term_string}"},"query-input":{"@type":"PropertyValueSpecification","valueRequired":true,"valueName":"search_term_string"}}],"inLanguage":"cs"},{"@type":"Organization","@id":"https:\/\/evertonfc.cz\/#organization","name":"Official Czech & Slovak Everton Supporters' Club","url":"https:\/\/evertonfc.cz\/","logo":{"@type":"ImageObject","inLanguage":"cs","@id":"https:\/\/evertonfc.cz\/#\/schema\/logo\/image\/","url":"https:\/\/evertonfc.cz\/wp-content\/uploads\/2019\/05\/logo.png","contentUrl":"https:\/\/evertonfc.cz\/wp-content\/uploads\/2019\/05\/logo.png","width":112,"height":112,"caption":"Official Czech & Slovak Everton Supporters' Club"},"image":{"@id":"https:\/\/evertonfc.cz\/#\/schema\/logo\/image\/"},"sameAs":["https:\/\/www.facebook.com\/everton.fans.cz.sk"]},{"@type":"Person","@id":"https:\/\/evertonfc.cz\/#\/schema\/person\/d4493b8cbea51532597fbc4685698916","name":"BlueBlooded","url":"https:\/\/evertonfc.cz\/index.php\/author\/admin\/"}]}},"_links":{"self":[{"href":"https:\/\/evertonfc.cz\/index.php\/wp-json\/wp\/v2\/posts\/24279"}],"collection":[{"href":"https:\/\/evertonfc.cz\/index.php\/wp-json\/wp\/v2\/posts"}],"about":[{"href":"https:\/\/evertonfc.cz\/index.php\/wp-json\/wp\/v2\/types\/post"}],"author":[{"embeddable":true,"href":"https:\/\/evertonfc.cz\/index.php\/wp-json\/wp\/v2\/users\/1"}],"replies":[{"embeddable":true,"href":"https:\/\/evertonfc.cz\/index.php\/wp-json\/wp\/v2\/comments?post=24279"}],"version-history":[{"count":7,"href":"https:\/\/evertonfc.cz\/index.php\/wp-json\/wp\/v2\/posts\/24279\/revisions"}],"predecessor-version":[{"id":24291,"href":"https:\/\/evertonfc.cz\/index.php\/wp-json\/wp\/v2\/posts\/24279\/revisions\/24291"}],"wp:featuredmedia":[{"embeddable":true,"href":"https:\/\/evertonfc.cz\/index.php\/wp-json\/wp\/v2\/media\/24286"}],"wp:attachment":[{"href":"https:\/\/evertonfc.cz\/index.php\/wp-json\/wp\/v2\/media?parent=24279"}],"wp:term":[{"taxonomy":"category","embeddable":true,"href":"https:\/\/evertonfc.cz\/index.php\/wp-json\/wp\/v2\/categories?post=24279"},{"taxonomy":"post_tag","embeddable":true,"href":"https:\/\/evertonfc.cz\/index.php\/wp-json\/wp\/v2\/tags?post=24279"}],"curies":[{"name":"wp","href":"https:\/\/api.w.org\/{rel}","templated":true}]}}