{"id":2428,"date":"2017-10-01T20:02:05","date_gmt":"2017-10-01T18:02:05","guid":{"rendered":"http:\/\/evertonfc.cz\/?p=2428"},"modified":"2019-02-06T20:03:10","modified_gmt":"2019-02-06T19:03:10","slug":"everton-burnley-01","status":"publish","type":"post","link":"https:\/\/evertonfc.cz\/index.php\/2017\/10\/01\/everton-burnley-01\/","title":{"rendered":"Everton &#8211; Burnley 0:1"},"content":{"rendered":"\n<h4 class=\"wp-block-heading\">Dvacet minut \u017eiveln\u00e9ho fotbalu u\u0165ala Hendrickova branka, po n\u00ed\u017e se Everton propadl do dob\u0159e zn\u00e1m\u00e9 tr\u00fdzn\u011b pln\u00e9 nudy a nep\u0159esnost\u00ed. Burnley si z Goodison Parku odv\u00e1\u017e\u00ed v\u00fdhru 1:0.<\/h4>\n\n\n\n<p>Ronald Koeman se odhodlal k rozestaven\u00ed se dv\u011bma \u00fato\u010dn\u00edky Calvertem-Lewinem a Niassem. Na stran\u00e1ch \u010dty\u0159\u010dlenn\u00e9 z\u00e1lohy nasko\u010dili Vla\u0161i\u0107 a Sigurdsson, na Rooneyho tedy zbylo jenom m\u00edsto na lavi\u010dce n\u00e1hradn\u00edk\u016f. Do obrann\u00e9 \u0159ady se vr\u00e1til uzdraven\u00fd Keane a tak\u00e9 Martina, naopak posazen byl Holgate a Kenny se neve\u0161el do z\u00e1pasov\u00e9 nominace.<\/p>\n\n\n\n<p>Sk\u00f3re se poprv\u00e9 mohlo (a m\u011blo) m\u011bnit u\u017e v \u0161est\u00e9 minut\u011b. Calvert-Lewin na p\u016fl\u00edc\u00ed \u010d\u00e1\u0159e obral o m\u00ed\u010d stopera Meeho a nam\u00ed\u0159il si to na br\u00e1nu, na \u0161estn\u00e1ctce p\u0159ebral akci Vla\u0161i\u0107, kter\u00fd na\u0161el ve v\u00e1pn\u011b voln\u00e9ho Sigurdssona. N\u00e1sledovala ale pouze nev\u00fdrazn\u00e1 st\u0159ela do prostoru p\u0159\u00edpravn\u00e9ho branka\u0159e Popea.<\/p>\n\n\n\n<p>Toffees se sna\u017eili o aktivn\u00ed a p\u0159\u00edmo\u010darou hru. Niasse oslovil Sigurdssona, jen\u017e stejn\u011b jako o deset minut d\u0159\u00edve promarnil velmi slu\u0161nou \u0161anci. Tentokr\u00e1t se nav\u00edc kv\u016fli \u0161patn\u00e9mu zpracov\u00e1n\u00ed a pohotov\u00e9mu Wardovi ani nedostal k zakon\u010den\u00ed.<\/p>\n\n\n\n<p>Poveden\u00fd start Evertonu byl tatam v 21. minut\u011b. Vysunut\u00fd Ward, v jeho\u017e br\u00e1n\u011bn\u00ed zaspal Vla\u0161i\u0107, p\u0159ihr\u00e1l do v\u00e1pna Hendrickovi. Irsk\u00fd st\u0159edopola\u0159 vy\u0161kolil Schneiderlina a um\u00edst\u011bnou plac\u00edrkou poslal hosty do veden\u00ed &#8211;&nbsp;<strong>0:1<\/strong>.<\/p>\n\n\n\n<p>Zasko\u010den\u00fd Everton byl najednou bez sebev\u011bdom\u00ed, tak jak v&nbsp;leto\u0161n\u00ed sez\u00f3n\u011b v\u00edd\u00e1me \u010dast\u011bji, ne\u017e by bylo zdr\u00e1vo. O n\u00e1pravu bojoval aktivn\u00ed Niasse, ve 30. minut\u011b p\u0159ipravil palebnou pozici Ganovi. Jeho pokus \u0161ajtl\u00ed v\u0161ak postr\u00e1dal p\u0159esnost.<\/p>\n\n\n\n<p>Ve 42. minut\u011b Williams sv\u00fdm odkopem z hranice vlastn\u00edho pokutov\u00e9ho \u00fazem\u00ed trefil pouze jednoho ze soupe\u0159\u016f, m\u00ed\u010d se odrazil k Arfieldovi, jeho\u017e se pokou\u0161el zastavit chybuj\u00edc\u00ed Williams. Po letm\u00e9m kontaktu se Arfield sk\u00e1cel k zemi a m\u00edsto penalty si vyslou\u017eil \u017elutou kartu za simulov\u00e1n\u00ed. Polo\u010das byl pot\u00e9 dohr\u00e1n bez dal\u0161\u00edho vzru\u0161en\u00ed a hr\u00e1\u010di Evertonu si cestou do kabin vyslechli p\u00edskot Goodison Parku.<\/p>\n\n\n\n<p>V 63. minut\u011b i p\u0159es pokra\u010duj\u00edc\u00ed tr\u00e1pen\u00ed byl bl\u00edzko ke srovn\u00e1n\u00ed Niasse, hlavi\u010dkou po Bainesov\u011b centru t\u011bsn\u011b minul br\u00e1nu. Ihned pot\u00e9 se Koeman odhodlal k prvn\u00edmu st\u0159\u00edd\u00e1n\u00ed, Schneiderlina nahradil Wayne Rooney. Na druh\u00e9 stran\u011b zkou\u0161el sv\u00e9 \u0161t\u011bst\u00ed Brady, jeho r\u00e1nu z \u00fahlu Pickford vyrazil.<\/p>\n\n\n\n<p>Druh\u00e9 st\u0159\u00edd\u00e1n\u00ed dom\u00e1c\u00edch na sebe nenechalo dlouho \u010dekat, v 69. minut\u011b vyb\u011bhl na h\u0159i\u0161t\u011b Davies za Vla\u0161i\u0107e. Blues m\u011bli \u00fazemn\u00ed p\u0159evahu, ale tr\u00e1pili se. Burnley d\u00edky organizovan\u00e9 defenziv\u011b kr\u00e1\u010delo za v\u00edt\u011bzstv\u00edm, kter\u00e9 neodvr\u00e1til ani \u010derstv\u00fd Sandro Ram\u00edrez (za Niasseho) a ani Williamsova nad\u011bjn\u00e1 hlavi\u010dka z nastaven\u00ed. Krize Evertonu se prohlubuje.<\/p>\n\n\n\n<p><strong>Branky:<\/strong>&nbsp;21. Jeffrey Hendrick<\/p>\n\n\n\n<p><strong>\u017dK:<\/strong>&nbsp;49. Dominic Calvert-Lewin, 58. Leighton Baines &#8211; 40. Steven Defour, 42. Scott Arfield<\/p>\n\n\n\n<p><strong>Everton:<\/strong>&nbsp;Jordan Pickford, Leighton Baines, Ashley Williams, Cuco Martina, Michael Keane, Morgan Schneiderlin (63. Wayne Rooney), Gylfi Sigurdsson, Idrissa Gueye, Nikola Vla\u0161i\u0107 (69. Tom Davies), Oumar Niasse (82. Sandro Ram\u00edrez), Dominic Calvert-Lewin<\/p>\n\n\n\n<p><strong>Burnley:<\/strong>&nbsp;Nick Pope, Stephen Ward, Matthew Lowton, Ben Mee, James Tarkowski, Steven Defour, Jack Cork, Scott Arfield, Robbie Brady, Jeffrey Hendrick (87. Ashley Barnes), Chris Wood<\/p>\n\n\n\n<p><strong>Rozhod\u010d\u00ed:<\/strong>&nbsp;Jon Moss<\/p>\n\n\n\n<p><strong>Div\u00e1ci:<\/strong>&nbsp;38 448<\/p>\n","protected":false},"excerpt":{"rendered":"<p>Dvacet minut \u017eiveln\u00e9ho fotbalu u\u0165ala Hendrickova branka, po n\u00ed\u017e se Everton propadl do dob\u0159e zn\u00e1m\u00e9 tr\u00fdzn\u011b pln\u00e9 nudy a nep\u0159esnost\u00ed.&hellip;<\/p>\n","protected":false},"author":6,"featured_media":1315,"comment_status":"open","ping_status":"closed","sticky":false,"template":"","format":"standard","meta":{"_eb_attr":"","_monsterinsights_skip_tracking":false,"_monsterinsights_sitenote_active":false,"_monsterinsights_sitenote_note":"","_monsterinsights_sitenote_category":0,"footnotes":""},"categories":[4],"tags":[],"yoast_head":"<!-- This site is optimized with the Yoast SEO plugin v23.4 - https:\/\/yoast.com\/wordpress\/plugins\/seo\/ -->\n<title>Everton - Burnley 0:1 - Official Czech &amp; Slovak Everton Supporters&#039; Club<\/title>\n<meta name=\"robots\" content=\"index, follow, max-snippet:-1, max-image-preview:large, max-video-preview:-1\" \/>\n<link rel=\"canonical\" href=\"https:\/\/evertonfc.cz\/index.php\/2017\/10\/01\/everton-burnley-01\/\" \/>\n<meta property=\"og:locale\" content=\"cs_CZ\" \/>\n<meta property=\"og:type\" content=\"article\" \/>\n<meta property=\"og:title\" content=\"Everton - Burnley 0:1 - Official Czech &amp; Slovak Everton Supporters&#039; Club\" \/>\n<meta property=\"og:description\" content=\"Dvacet minut \u017eiveln\u00e9ho fotbalu u\u0165ala Hendrickova branka, po n\u00ed\u017e se Everton propadl do dob\u0159e zn\u00e1m\u00e9 tr\u00fdzn\u011b pln\u00e9 nudy a nep\u0159esnost\u00ed.&hellip;\" \/>\n<meta property=\"og:url\" content=\"https:\/\/evertonfc.cz\/index.php\/2017\/10\/01\/everton-burnley-01\/\" \/>\n<meta property=\"og:site_name\" content=\"Official Czech &amp; Slovak Everton Supporters&#039; Club\" \/>\n<meta property=\"article:publisher\" content=\"https:\/\/www.facebook.com\/everton.fans.cz.sk\" \/>\n<meta property=\"article:published_time\" content=\"2017-10-01T18:02:05+00:00\" \/>\n<meta property=\"article:modified_time\" content=\"2019-02-06T19:03:10+00:00\" \/>\n<meta property=\"og:image\" content=\"https:\/\/evertonfc.cz\/wp-content\/uploads\/2019\/01\/report.jpg\" \/>\n\t<meta property=\"og:image:width\" content=\"720\" \/>\n\t<meta property=\"og:image:height\" content=\"405\" \/>\n\t<meta property=\"og:image:type\" content=\"image\/jpeg\" \/>\n<meta name=\"author\" content=\"Ri\u010di\" \/>\n<meta name=\"twitter:card\" content=\"summary_large_image\" \/>\n<meta name=\"twitter:creator\" content=\"@rbrejsa\" \/>\n<meta name=\"twitter:label1\" content=\"Napsal(a)\" \/>\n\t<meta name=\"twitter:data1\" content=\"Ri\u010di\" \/>\n\t<meta name=\"twitter:label2\" content=\"Odhadovan\u00e1 doba \u010dten\u00ed\" \/>\n\t<meta name=\"twitter:data2\" content=\"3 minuty\" \/>\n<script type=\"application\/ld+json\" class=\"yoast-schema-graph\">{\"@context\":\"https:\/\/schema.org\",\"@graph\":[{\"@type\":\"Article\",\"@id\":\"https:\/\/evertonfc.cz\/index.php\/2017\/10\/01\/everton-burnley-01\/#article\",\"isPartOf\":{\"@id\":\"https:\/\/evertonfc.cz\/index.php\/2017\/10\/01\/everton-burnley-01\/\"},\"author\":{\"name\":\"Ri\u010di\",\"@id\":\"https:\/\/evertonfc.cz\/#\/schema\/person\/f7a5daedb2ffee98480bc70e191aaef1\"},\"headline\":\"Everton &#8211; Burnley 0:1\",\"datePublished\":\"2017-10-01T18:02:05+00:00\",\"dateModified\":\"2019-02-06T19:03:10+00:00\",\"mainEntityOfPage\":{\"@id\":\"https:\/\/evertonfc.cz\/index.php\/2017\/10\/01\/everton-burnley-01\/\"},\"wordCount\":590,\"commentCount\":0,\"publisher\":{\"@id\":\"https:\/\/evertonfc.cz\/#organization\"},\"image\":{\"@id\":\"https:\/\/evertonfc.cz\/index.php\/2017\/10\/01\/everton-burnley-01\/#primaryimage\"},\"thumbnailUrl\":\"https:\/\/evertonfc.cz\/wp-content\/uploads\/2019\/01\/report.jpg\",\"articleSection\":[\"Z\u00e1pasy\"],\"inLanguage\":\"cs\",\"potentialAction\":[{\"@type\":\"CommentAction\",\"name\":\"Comment\",\"target\":[\"https:\/\/evertonfc.cz\/index.php\/2017\/10\/01\/everton-burnley-01\/#respond\"]}]},{\"@type\":\"WebPage\",\"@id\":\"https:\/\/evertonfc.cz\/index.php\/2017\/10\/01\/everton-burnley-01\/\",\"url\":\"https:\/\/evertonfc.cz\/index.php\/2017\/10\/01\/everton-burnley-01\/\",\"name\":\"Everton - Burnley 0:1 - Official Czech &amp; Slovak Everton Supporters&#039; Club\",\"isPartOf\":{\"@id\":\"https:\/\/evertonfc.cz\/#website\"},\"primaryImageOfPage\":{\"@id\":\"https:\/\/evertonfc.cz\/index.php\/2017\/10\/01\/everton-burnley-01\/#primaryimage\"},\"image\":{\"@id\":\"https:\/\/evertonfc.cz\/index.php\/2017\/10\/01\/everton-burnley-01\/#primaryimage\"},\"thumbnailUrl\":\"https:\/\/evertonfc.cz\/wp-content\/uploads\/2019\/01\/report.jpg\",\"datePublished\":\"2017-10-01T18:02:05+00:00\",\"dateModified\":\"2019-02-06T19:03:10+00:00\",\"breadcrumb\":{\"@id\":\"https:\/\/evertonfc.cz\/index.php\/2017\/10\/01\/everton-burnley-01\/#breadcrumb\"},\"inLanguage\":\"cs\",\"potentialAction\":[{\"@type\":\"ReadAction\",\"target\":[\"https:\/\/evertonfc.cz\/index.php\/2017\/10\/01\/everton-burnley-01\/\"]}]},{\"@type\":\"ImageObject\",\"inLanguage\":\"cs\",\"@id\":\"https:\/\/evertonfc.cz\/index.php\/2017\/10\/01\/everton-burnley-01\/#primaryimage\",\"url\":\"https:\/\/evertonfc.cz\/wp-content\/uploads\/2019\/01\/report.jpg\",\"contentUrl\":\"https:\/\/evertonfc.cz\/wp-content\/uploads\/2019\/01\/report.jpg\",\"width\":720,\"height\":405},{\"@type\":\"BreadcrumbList\",\"@id\":\"https:\/\/evertonfc.cz\/index.php\/2017\/10\/01\/everton-burnley-01\/#breadcrumb\",\"itemListElement\":[{\"@type\":\"ListItem\",\"position\":1,\"name\":\"Home\",\"item\":\"https:\/\/evertonfc.cz\/\"},{\"@type\":\"ListItem\",\"position\":2,\"name\":\"Everton &#8211; Burnley 0:1\"}]},{\"@type\":\"WebSite\",\"@id\":\"https:\/\/evertonfc.cz\/#website\",\"url\":\"https:\/\/evertonfc.cz\/\",\"name\":\"Official Czech &amp; Slovak Everton Supporters&#039; Club\",\"description\":\"\",\"publisher\":{\"@id\":\"https:\/\/evertonfc.cz\/#organization\"},\"potentialAction\":[{\"@type\":\"SearchAction\",\"target\":{\"@type\":\"EntryPoint\",\"urlTemplate\":\"https:\/\/evertonfc.cz\/?s={search_term_string}\"},\"query-input\":{\"@type\":\"PropertyValueSpecification\",\"valueRequired\":true,\"valueName\":\"search_term_string\"}}],\"inLanguage\":\"cs\"},{\"@type\":\"Organization\",\"@id\":\"https:\/\/evertonfc.cz\/#organization\",\"name\":\"Official Czech & Slovak Everton Supporters' Club\",\"url\":\"https:\/\/evertonfc.cz\/\",\"logo\":{\"@type\":\"ImageObject\",\"inLanguage\":\"cs\",\"@id\":\"https:\/\/evertonfc.cz\/#\/schema\/logo\/image\/\",\"url\":\"https:\/\/evertonfc.cz\/wp-content\/uploads\/2019\/05\/logo.png\",\"contentUrl\":\"https:\/\/evertonfc.cz\/wp-content\/uploads\/2019\/05\/logo.png\",\"width\":112,\"height\":112,\"caption\":\"Official Czech & Slovak Everton Supporters' Club\"},\"image\":{\"@id\":\"https:\/\/evertonfc.cz\/#\/schema\/logo\/image\/\"},\"sameAs\":[\"https:\/\/www.facebook.com\/everton.fans.cz.sk\"]},{\"@type\":\"Person\",\"@id\":\"https:\/\/evertonfc.cz\/#\/schema\/person\/f7a5daedb2ffee98480bc70e191aaef1\",\"name\":\"Ri\u010di\",\"sameAs\":[\"https:\/\/x.com\/rbrejsa\"],\"url\":\"https:\/\/evertonfc.cz\/index.php\/author\/rici\/\"}]}<\/script>\n<!-- \/ Yoast SEO plugin. -->","yoast_head_json":{"title":"Everton - Burnley 0:1 - Official Czech &amp; Slovak Everton Supporters&#039; Club","robots":{"index":"index","follow":"follow","max-snippet":"max-snippet:-1","max-image-preview":"max-image-preview:large","max-video-preview":"max-video-preview:-1"},"canonical":"https:\/\/evertonfc.cz\/index.php\/2017\/10\/01\/everton-burnley-01\/","og_locale":"cs_CZ","og_type":"article","og_title":"Everton - Burnley 0:1 - Official Czech &amp; Slovak Everton Supporters&#039; Club","og_description":"Dvacet minut \u017eiveln\u00e9ho fotbalu u\u0165ala Hendrickova branka, po n\u00ed\u017e se Everton propadl do dob\u0159e zn\u00e1m\u00e9 tr\u00fdzn\u011b pln\u00e9 nudy a nep\u0159esnost\u00ed.&hellip;","og_url":"https:\/\/evertonfc.cz\/index.php\/2017\/10\/01\/everton-burnley-01\/","og_site_name":"Official Czech &amp; Slovak Everton Supporters&#039; Club","article_publisher":"https:\/\/www.facebook.com\/everton.fans.cz.sk","article_published_time":"2017-10-01T18:02:05+00:00","article_modified_time":"2019-02-06T19:03:10+00:00","og_image":[{"width":720,"height":405,"url":"https:\/\/evertonfc.cz\/wp-content\/uploads\/2019\/01\/report.jpg","type":"image\/jpeg"}],"author":"Ri\u010di","twitter_card":"summary_large_image","twitter_creator":"@rbrejsa","twitter_misc":{"Napsal(a)":"Ri\u010di","Odhadovan\u00e1 doba \u010dten\u00ed":"3 minuty"},"schema":{"@context":"https:\/\/schema.org","@graph":[{"@type":"Article","@id":"https:\/\/evertonfc.cz\/index.php\/2017\/10\/01\/everton-burnley-01\/#article","isPartOf":{"@id":"https:\/\/evertonfc.cz\/index.php\/2017\/10\/01\/everton-burnley-01\/"},"author":{"name":"Ri\u010di","@id":"https:\/\/evertonfc.cz\/#\/schema\/person\/f7a5daedb2ffee98480bc70e191aaef1"},"headline":"Everton &#8211; Burnley 0:1","datePublished":"2017-10-01T18:02:05+00:00","dateModified":"2019-02-06T19:03:10+00:00","mainEntityOfPage":{"@id":"https:\/\/evertonfc.cz\/index.php\/2017\/10\/01\/everton-burnley-01\/"},"wordCount":590,"commentCount":0,"publisher":{"@id":"https:\/\/evertonfc.cz\/#organization"},"image":{"@id":"https:\/\/evertonfc.cz\/index.php\/2017\/10\/01\/everton-burnley-01\/#primaryimage"},"thumbnailUrl":"https:\/\/evertonfc.cz\/wp-content\/uploads\/2019\/01\/report.jpg","articleSection":["Z\u00e1pasy"],"inLanguage":"cs","potentialAction":[{"@type":"CommentAction","name":"Comment","target":["https:\/\/evertonfc.cz\/index.php\/2017\/10\/01\/everton-burnley-01\/#respond"]}]},{"@type":"WebPage","@id":"https:\/\/evertonfc.cz\/index.php\/2017\/10\/01\/everton-burnley-01\/","url":"https:\/\/evertonfc.cz\/index.php\/2017\/10\/01\/everton-burnley-01\/","name":"Everton - Burnley 0:1 - Official Czech &amp; Slovak Everton Supporters&#039; Club","isPartOf":{"@id":"https:\/\/evertonfc.cz\/#website"},"primaryImageOfPage":{"@id":"https:\/\/evertonfc.cz\/index.php\/2017\/10\/01\/everton-burnley-01\/#primaryimage"},"image":{"@id":"https:\/\/evertonfc.cz\/index.php\/2017\/10\/01\/everton-burnley-01\/#primaryimage"},"thumbnailUrl":"https:\/\/evertonfc.cz\/wp-content\/uploads\/2019\/01\/report.jpg","datePublished":"2017-10-01T18:02:05+00:00","dateModified":"2019-02-06T19:03:10+00:00","breadcrumb":{"@id":"https:\/\/evertonfc.cz\/index.php\/2017\/10\/01\/everton-burnley-01\/#breadcrumb"},"inLanguage":"cs","potentialAction":[{"@type":"ReadAction","target":["https:\/\/evertonfc.cz\/index.php\/2017\/10\/01\/everton-burnley-01\/"]}]},{"@type":"ImageObject","inLanguage":"cs","@id":"https:\/\/evertonfc.cz\/index.php\/2017\/10\/01\/everton-burnley-01\/#primaryimage","url":"https:\/\/evertonfc.cz\/wp-content\/uploads\/2019\/01\/report.jpg","contentUrl":"https:\/\/evertonfc.cz\/wp-content\/uploads\/2019\/01\/report.jpg","width":720,"height":405},{"@type":"BreadcrumbList","@id":"https:\/\/evertonfc.cz\/index.php\/2017\/10\/01\/everton-burnley-01\/#breadcrumb","itemListElement":[{"@type":"ListItem","position":1,"name":"Home","item":"https:\/\/evertonfc.cz\/"},{"@type":"ListItem","position":2,"name":"Everton &#8211; Burnley 0:1"}]},{"@type":"WebSite","@id":"https:\/\/evertonfc.cz\/#website","url":"https:\/\/evertonfc.cz\/","name":"Official Czech &amp; Slovak Everton Supporters&#039; Club","description":"","publisher":{"@id":"https:\/\/evertonfc.cz\/#organization"},"potentialAction":[{"@type":"SearchAction","target":{"@type":"EntryPoint","urlTemplate":"https:\/\/evertonfc.cz\/?s={search_term_string}"},"query-input":{"@type":"PropertyValueSpecification","valueRequired":true,"valueName":"search_term_string"}}],"inLanguage":"cs"},{"@type":"Organization","@id":"https:\/\/evertonfc.cz\/#organization","name":"Official Czech & Slovak Everton Supporters' Club","url":"https:\/\/evertonfc.cz\/","logo":{"@type":"ImageObject","inLanguage":"cs","@id":"https:\/\/evertonfc.cz\/#\/schema\/logo\/image\/","url":"https:\/\/evertonfc.cz\/wp-content\/uploads\/2019\/05\/logo.png","contentUrl":"https:\/\/evertonfc.cz\/wp-content\/uploads\/2019\/05\/logo.png","width":112,"height":112,"caption":"Official Czech & Slovak Everton Supporters' Club"},"image":{"@id":"https:\/\/evertonfc.cz\/#\/schema\/logo\/image\/"},"sameAs":["https:\/\/www.facebook.com\/everton.fans.cz.sk"]},{"@type":"Person","@id":"https:\/\/evertonfc.cz\/#\/schema\/person\/f7a5daedb2ffee98480bc70e191aaef1","name":"Ri\u010di","sameAs":["https:\/\/x.com\/rbrejsa"],"url":"https:\/\/evertonfc.cz\/index.php\/author\/rici\/"}]}},"_links":{"self":[{"href":"https:\/\/evertonfc.cz\/index.php\/wp-json\/wp\/v2\/posts\/2428"}],"collection":[{"href":"https:\/\/evertonfc.cz\/index.php\/wp-json\/wp\/v2\/posts"}],"about":[{"href":"https:\/\/evertonfc.cz\/index.php\/wp-json\/wp\/v2\/types\/post"}],"author":[{"embeddable":true,"href":"https:\/\/evertonfc.cz\/index.php\/wp-json\/wp\/v2\/users\/6"}],"replies":[{"embeddable":true,"href":"https:\/\/evertonfc.cz\/index.php\/wp-json\/wp\/v2\/comments?post=2428"}],"version-history":[{"count":1,"href":"https:\/\/evertonfc.cz\/index.php\/wp-json\/wp\/v2\/posts\/2428\/revisions"}],"predecessor-version":[{"id":2429,"href":"https:\/\/evertonfc.cz\/index.php\/wp-json\/wp\/v2\/posts\/2428\/revisions\/2429"}],"wp:featuredmedia":[{"embeddable":true,"href":"https:\/\/evertonfc.cz\/index.php\/wp-json\/wp\/v2\/media\/1315"}],"wp:attachment":[{"href":"https:\/\/evertonfc.cz\/index.php\/wp-json\/wp\/v2\/media?parent=2428"}],"wp:term":[{"taxonomy":"category","embeddable":true,"href":"https:\/\/evertonfc.cz\/index.php\/wp-json\/wp\/v2\/categories?post=2428"},{"taxonomy":"post_tag","embeddable":true,"href":"https:\/\/evertonfc.cz\/index.php\/wp-json\/wp\/v2\/tags?post=2428"}],"curies":[{"name":"wp","href":"https:\/\/api.w.org\/{rel}","templated":true}]}}