{"id":24307,"date":"2024-04-21T19:40:16","date_gmt":"2024-04-21T17:40:16","guid":{"rendered":"https:\/\/evertonfc.cz\/?p=24307"},"modified":"2024-04-23T10:57:28","modified_gmt":"2024-04-23T08:57:28","slug":"everton-nottingham-forest-20","status":"publish","type":"post","link":"https:\/\/evertonfc.cz\/index.php\/2024\/04\/21\/everton-nottingham-forest-20\/","title":{"rendered":"Everton &#8211; Nottingham Forest 2:0"},"content":{"rendered":"<h4>Po dvou podobn\u00fdch brank\u00e1ch zaknihoval Everton d\u016fle\u017eit\u00e9 z\u00e1chran\u00e1\u0159sk\u00e9 v\u00edt\u011bzstv\u00ed.<\/h4>\n<p>Tragick\u00fd v\u00fdkon na Chelsea odnesli zdrav\u00edm Patterson (pro toho skon\u010dila sez\u00f3na) a Coleman (t\u0159\u00edslo), m\u00edstem v z\u00e1kladn\u00ed sestav\u011b pak Onana s Garnerem. M\u00edsto nich nastoupili Gana s Gomesem, na sv\u00e9 obvykl\u00e9 m\u00edsto se vr\u00e1til Calvert-Lewin. Ze za\u010d\u00e1tku byl aktivn\u00ed Williams v dresu host\u016f, nejd\u0159\u00edv jeho p\u0159\u00edhru odvr\u00e1tila obrana, pot\u00e9 musel st\u0159elu vyrazit Pickford. Po odpu\u0161t\u011bn\u00ed \u017elut\u00e9 karty Woodovi se negativn\u011b p\u0159edvedl Gomes, nejd\u0159\u00edv poslal roh na p\u0159edn\u00ed ty\u010d, se kter\u00fdm si obrana snadno poradila, o n\u011bkolik minut pozd\u011bji jeho centr z trestn\u00e9ho kopu trefil dvou\u010dlennou ze\u010f, k odra\u017een\u00e9mu m\u00ed\u010di se dostal Mykolenko, kter\u00fd ho poslal vysoko nad b\u0159evno. \u0160lo o dietn\u00ed p\u0159edkrm p\u0159ed zaj\u00edmavou t\u0159\u00edminutovkou na konci prvn\u00ed t\u0159etiny z\u00e1pasu.<\/p>\n<p>Nejd\u0159\u00edv zfauloval Young Reynu ve vlastn\u00edm velk\u00e9m v\u00e1pn\u011b, ale rozhod\u010d\u00ed uk\u00e1zal kop od branky. Z n\u00e1sledn\u00e9ho proti\u00fatoku vymyslel McNeil skv\u011bl\u00fd centr na hlavu Calverta-Lewina, le\u010d ten trefil pouze st\u0159ed branky. Z brejku vyp\u00e1lil \u0161rapnel Hudson-Odoi, ale Pickford m\u00ed\u010d nadvakr\u00e1t kryl. Hned z dal\u0161\u00ed zte\u010de se to uk\u00e1zalo jako z\u00e1sadn\u00ed. Centr Mykolenka odhlavi\u010dkoval Aina pouze ke Ganovi. Ten si m\u00ed\u010d prvn\u00edm dotykem zpracoval a druh\u00fdm poslal k ty\u010di &#8211;\u00a0<strong>1:0!\u00a0<\/strong>Host\u00e9 n\u00e1sledn\u011b dr\u017eeli m\u00ed\u010d v\u00edce na sv\u00fdch kopa\u010dk\u00e1ch a m\u011bli vyrovnat.<\/p>\n<p>Gibbsovi-Whiteovi nesedla st\u0159ela, ta se dostala na mal\u00e9m v\u00e1pn\u011b na zadn\u00ed ty\u010di k Woodovi, ale reprezenta\u010dn\u00ed brank\u00e1\u0159sk\u00e1 jedni\u010dka Albionu se zvl\u00e1dla p\u0159esunout p\u0159es d\u00e9lku br\u00e1ny a nepochybn\u011b jedn\u00edm z nejlep\u0161\u00edch z\u00e1krok\u016f sez\u00f3ny m\u00ed\u010d rukou vyrazit. Posledn\u00ed zaznamen\u00e1n\u00edhodnou situac\u00ed byla ruka Younga v \u0161estn\u00e1ctce po centru Hudsona-Odoie, ale i tentokr\u00e1t rozhod\u010d\u00ed Taylor na punt\u00edk neuk\u00e1zal.<\/p>\n<p>Ani jeden t\u00fdm do druh\u00e9 p\u016fle nevyst\u0159\u00eddal, a\u010d se to v p\u0159\u00edpad\u011b Younga p\u0159\u00edmo vnucovalo. Nejd\u0159\u00edv po rohu propadl m\u00ed\u010d ke Calvertovi-Lewinovi, ale ten zbl\u00edzka zvl\u00e1dl poslat m\u00ed\u010d jen vedle. Pot\u00e9 sp\u00e1chal Young v ohrani\u010den\u00e9m \u00fazem\u00ed pot\u0159et\u00ed z\u00e1krok na Hudsona-Odoie, i nyn\u00ed z\u016fstala p\u00ed\u0161\u0165alka sud\u00edho n\u011bm\u00e1. A o n\u011bkolik minut pozd\u011bji zvl\u00e1dl nesk\u00f3rovat Gibbs-White, kdy\u017e Tarkowski podsko\u010dil centr, ale z\u00e1lo\u017en\u00edk host\u016f technick\u00fdm pokusem netrefil branku. A i tentokr\u00e1t se Trees ho\u0159ce p\u0159esv\u011bd\u010dili o pravdivosti onoho kli\u0161\u00e9 o dost\u00e1n\u00ed. Doucour\u00e9 vr\u00e1til m\u00ed\u010d McNeilovi a ten poslal m\u00ed\u010d zpoza v\u00e1pna op\u011bt k ty\u010di &#8211;\u00a0<strong>2:0!\u00a0<\/strong>Everton se ujal tohoto veden\u00ed dv\u011bma velmi podobn\u00fdmi brankami, i ze stejn\u00e9 vzd\u00e1lenosti. Dal\u0161\u00ed st\u0159elu McNeila o chvilku pozd\u011bji zvl\u00e1dl chytit brank\u00e1\u0159 host\u016f Sels.<\/p>\n<p>Do konce z\u00e1pasu stoj\u00ed za zm\u00ednku ji\u017e jen o\u0161kliv\u00e1 sr\u00e1\u017eka hlavami mezi Betem (kter\u00fd vyst\u0159\u00eddal Calverta-Lewina) a Gibbsem-Whitem. Zat\u00edmco Gibbs-White je v po\u0159\u00e1dku, tak Beto po vyu\u017eit\u00ed kysl\u00edkov\u00e9 masky skon\u010dil v nemocnici a minim\u00e1ln\u011b z preventivn\u00edch d\u016fvod\u016f bude chyb\u011bt v dal\u0161\u00edch dvou z\u00e1pasech. Everton tak zvl\u00e1dl po solidn\u00edm v\u00fdkonu z\u00e1pas o \u0161est bod\u016f. To se p\u0159i nejist\u00e9 bl\u00edzk\u00e9 i vzd\u00e1len\u00e9 budoucnosti moc hod\u00ed.<\/p>\n<p style=\"text-align: right;\"><span style=\"font-size: 8pt;\">(foto zdroj: premierleague.com)<\/span><\/p>\n<p><strong>Branky: <\/strong>29. Gana, 76. McNeil<\/p>\n<p><strong>\u017dlut\u00e9 karty: <\/strong>74. Doucour\u00e9, 81. Branthwaite, 83. J. Harrison, 90+16. Chermiti \u2013 81. Gibbs-White, 90+11. Murillo<\/p>\n<p><strong>Everton FC: <\/strong>Pickford \u2013 Young, Tarkowski, Branthwaite, Mykolenko \u2013 J. Harrison, Gueye, Gomes (67. Garner), McNeil \u2013 Doucour\u00e9 \u2013 Calvert-Lewin (67. Beto, 90+10. Chermiti)<\/p>\n<p><strong>Nottingham Forest:<\/strong>\u00a0<span data-source=\"lightstreamer\" data-grid=\"main\" data-item=\"item_845848\" data-field=\"report2\">Sels \u2013 N. Williams, Niakhat\u00e9, Murillo, Aina \u2013 Dom\u00ednguez (80. Yates), Danilo (80. Ribeiro) \u2013 Reyna (53. Elanga), Gibbs-White, Hudson-Odoi (80. Origi) \u2013 Wood<\/span><\/p>\n<p><strong>Rozhod\u010d\u00ed:\u00a0<\/strong>Anthony Taylor\u00a0 <strong>Div\u00e1ci: <\/strong>39 572\u00a0 <strong>Mu\u017e z\u00e1pasu redakce: <\/strong>Dwight McNeil<\/p>\n","protected":false},"excerpt":{"rendered":"<p>Po dvou podobn\u00fdch brank\u00e1ch zaknihoval Everton d\u016fle\u017eit\u00e9 z\u00e1chran\u00e1\u0159sk\u00e9 v\u00edt\u011bzstv\u00ed.<\/p>\n","protected":false},"author":12,"featured_media":24309,"comment_status":"open","ping_status":"closed","sticky":false,"template":"","format":"standard","meta":{"_eb_attr":"","_monsterinsights_skip_tracking":false,"_monsterinsights_sitenote_active":false,"_monsterinsights_sitenote_note":"","_monsterinsights_sitenote_category":0,"footnotes":""},"categories":[4],"tags":[],"yoast_head":"<!-- This site is optimized with the Yoast SEO plugin v23.4 - https:\/\/yoast.com\/wordpress\/plugins\/seo\/ -->\n<title>Everton - Nottingham Forest 2:0 - Official Czech &amp; Slovak Everton Supporters&#039; Club<\/title>\n<meta name=\"description\" content=\"Po dvou podobn\u00fdch brank\u00e1ch zaknihoval Everton d\u016fle\u017eit\u00e9 z\u00e1chran\u00e1\u0159sk\u00e9 v\u00edt\u011bzstv\u00ed.\" \/>\n<meta name=\"robots\" content=\"index, follow, max-snippet:-1, max-image-preview:large, max-video-preview:-1\" \/>\n<link rel=\"canonical\" href=\"https:\/\/evertonfc.cz\/index.php\/2024\/04\/21\/everton-nottingham-forest-20\/\" \/>\n<meta property=\"og:locale\" content=\"cs_CZ\" \/>\n<meta property=\"og:type\" content=\"article\" \/>\n<meta property=\"og:title\" content=\"Everton - Nottingham Forest 2:0 - Official Czech &amp; Slovak Everton Supporters&#039; Club\" \/>\n<meta property=\"og:description\" content=\"Po dvou podobn\u00fdch brank\u00e1ch zaknihoval Everton d\u016fle\u017eit\u00e9 z\u00e1chran\u00e1\u0159sk\u00e9 v\u00edt\u011bzstv\u00ed.\" \/>\n<meta property=\"og:url\" content=\"https:\/\/evertonfc.cz\/index.php\/2024\/04\/21\/everton-nottingham-forest-20\/\" \/>\n<meta property=\"og:site_name\" content=\"Official Czech &amp; Slovak Everton Supporters&#039; Club\" \/>\n<meta property=\"article:publisher\" content=\"https:\/\/www.facebook.com\/everton.fans.cz.sk\" \/>\n<meta property=\"article:published_time\" content=\"2024-04-21T17:40:16+00:00\" \/>\n<meta property=\"article:modified_time\" content=\"2024-04-23T08:57:28+00:00\" \/>\n<meta property=\"og:image\" content=\"https:\/\/evertonfc.cz\/wp-content\/uploads\/2024\/04\/gana_21_4_2024.jpeg\" \/>\n\t<meta property=\"og:image:width\" content=\"720\" \/>\n\t<meta property=\"og:image:height\" content=\"405\" \/>\n\t<meta property=\"og:image:type\" content=\"image\/jpeg\" \/>\n<meta name=\"author\" content=\"Javor\" \/>\n<meta name=\"twitter:card\" content=\"summary_large_image\" \/>\n<meta name=\"twitter:creator\" content=\"@LoudinJan\" \/>\n<meta name=\"twitter:label1\" content=\"Napsal(a)\" \/>\n\t<meta name=\"twitter:data1\" content=\"Javor\" \/>\n\t<meta name=\"twitter:label2\" content=\"Odhadovan\u00e1 doba \u010dten\u00ed\" \/>\n\t<meta name=\"twitter:data2\" content=\"3 minuty\" \/>\n<script type=\"application\/ld+json\" class=\"yoast-schema-graph\">{\"@context\":\"https:\/\/schema.org\",\"@graph\":[{\"@type\":\"Article\",\"@id\":\"https:\/\/evertonfc.cz\/index.php\/2024\/04\/21\/everton-nottingham-forest-20\/#article\",\"isPartOf\":{\"@id\":\"https:\/\/evertonfc.cz\/index.php\/2024\/04\/21\/everton-nottingham-forest-20\/\"},\"author\":{\"name\":\"Javor\",\"@id\":\"https:\/\/evertonfc.cz\/#\/schema\/person\/b30daf6a5852f4811f8207a17ec1bf78\"},\"headline\":\"Everton &#8211; Nottingham Forest 2:0\",\"datePublished\":\"2024-04-21T17:40:16+00:00\",\"dateModified\":\"2024-04-23T08:57:28+00:00\",\"mainEntityOfPage\":{\"@id\":\"https:\/\/evertonfc.cz\/index.php\/2024\/04\/21\/everton-nottingham-forest-20\/\"},\"wordCount\":654,\"commentCount\":9,\"publisher\":{\"@id\":\"https:\/\/evertonfc.cz\/#organization\"},\"image\":{\"@id\":\"https:\/\/evertonfc.cz\/index.php\/2024\/04\/21\/everton-nottingham-forest-20\/#primaryimage\"},\"thumbnailUrl\":\"https:\/\/evertonfc.cz\/wp-content\/uploads\/2024\/04\/gana_21_4_2024.jpeg\",\"articleSection\":[\"Z\u00e1pasy\"],\"inLanguage\":\"cs\",\"potentialAction\":[{\"@type\":\"CommentAction\",\"name\":\"Comment\",\"target\":[\"https:\/\/evertonfc.cz\/index.php\/2024\/04\/21\/everton-nottingham-forest-20\/#respond\"]}]},{\"@type\":\"WebPage\",\"@id\":\"https:\/\/evertonfc.cz\/index.php\/2024\/04\/21\/everton-nottingham-forest-20\/\",\"url\":\"https:\/\/evertonfc.cz\/index.php\/2024\/04\/21\/everton-nottingham-forest-20\/\",\"name\":\"Everton - Nottingham Forest 2:0 - Official Czech &amp; Slovak Everton Supporters&#039; Club\",\"isPartOf\":{\"@id\":\"https:\/\/evertonfc.cz\/#website\"},\"primaryImageOfPage\":{\"@id\":\"https:\/\/evertonfc.cz\/index.php\/2024\/04\/21\/everton-nottingham-forest-20\/#primaryimage\"},\"image\":{\"@id\":\"https:\/\/evertonfc.cz\/index.php\/2024\/04\/21\/everton-nottingham-forest-20\/#primaryimage\"},\"thumbnailUrl\":\"https:\/\/evertonfc.cz\/wp-content\/uploads\/2024\/04\/gana_21_4_2024.jpeg\",\"datePublished\":\"2024-04-21T17:40:16+00:00\",\"dateModified\":\"2024-04-23T08:57:28+00:00\",\"description\":\"Po dvou podobn\u00fdch brank\u00e1ch zaknihoval Everton d\u016fle\u017eit\u00e9 z\u00e1chran\u00e1\u0159sk\u00e9 v\u00edt\u011bzstv\u00ed.\",\"breadcrumb\":{\"@id\":\"https:\/\/evertonfc.cz\/index.php\/2024\/04\/21\/everton-nottingham-forest-20\/#breadcrumb\"},\"inLanguage\":\"cs\",\"potentialAction\":[{\"@type\":\"ReadAction\",\"target\":[\"https:\/\/evertonfc.cz\/index.php\/2024\/04\/21\/everton-nottingham-forest-20\/\"]}]},{\"@type\":\"ImageObject\",\"inLanguage\":\"cs\",\"@id\":\"https:\/\/evertonfc.cz\/index.php\/2024\/04\/21\/everton-nottingham-forest-20\/#primaryimage\",\"url\":\"https:\/\/evertonfc.cz\/wp-content\/uploads\/2024\/04\/gana_21_4_2024.jpeg\",\"contentUrl\":\"https:\/\/evertonfc.cz\/wp-content\/uploads\/2024\/04\/gana_21_4_2024.jpeg\",\"width\":720,\"height\":405},{\"@type\":\"BreadcrumbList\",\"@id\":\"https:\/\/evertonfc.cz\/index.php\/2024\/04\/21\/everton-nottingham-forest-20\/#breadcrumb\",\"itemListElement\":[{\"@type\":\"ListItem\",\"position\":1,\"name\":\"Home\",\"item\":\"https:\/\/evertonfc.cz\/\"},{\"@type\":\"ListItem\",\"position\":2,\"name\":\"Everton &#8211; Nottingham Forest 2:0\"}]},{\"@type\":\"WebSite\",\"@id\":\"https:\/\/evertonfc.cz\/#website\",\"url\":\"https:\/\/evertonfc.cz\/\",\"name\":\"Official Czech &amp; Slovak Everton Supporters&#039; Club\",\"description\":\"\",\"publisher\":{\"@id\":\"https:\/\/evertonfc.cz\/#organization\"},\"potentialAction\":[{\"@type\":\"SearchAction\",\"target\":{\"@type\":\"EntryPoint\",\"urlTemplate\":\"https:\/\/evertonfc.cz\/?s={search_term_string}\"},\"query-input\":{\"@type\":\"PropertyValueSpecification\",\"valueRequired\":true,\"valueName\":\"search_term_string\"}}],\"inLanguage\":\"cs\"},{\"@type\":\"Organization\",\"@id\":\"https:\/\/evertonfc.cz\/#organization\",\"name\":\"Official Czech & Slovak Everton Supporters' Club\",\"url\":\"https:\/\/evertonfc.cz\/\",\"logo\":{\"@type\":\"ImageObject\",\"inLanguage\":\"cs\",\"@id\":\"https:\/\/evertonfc.cz\/#\/schema\/logo\/image\/\",\"url\":\"https:\/\/evertonfc.cz\/wp-content\/uploads\/2019\/05\/logo.png\",\"contentUrl\":\"https:\/\/evertonfc.cz\/wp-content\/uploads\/2019\/05\/logo.png\",\"width\":112,\"height\":112,\"caption\":\"Official Czech & Slovak Everton Supporters' Club\"},\"image\":{\"@id\":\"https:\/\/evertonfc.cz\/#\/schema\/logo\/image\/\"},\"sameAs\":[\"https:\/\/www.facebook.com\/everton.fans.cz.sk\"]},{\"@type\":\"Person\",\"@id\":\"https:\/\/evertonfc.cz\/#\/schema\/person\/b30daf6a5852f4811f8207a17ec1bf78\",\"name\":\"Javor\",\"sameAs\":[\"https:\/\/x.com\/LoudinJan\"],\"url\":\"https:\/\/evertonfc.cz\/index.php\/author\/javor\/\"}]}<\/script>\n<!-- \/ Yoast SEO plugin. -->","yoast_head_json":{"title":"Everton - Nottingham Forest 2:0 - Official Czech &amp; Slovak Everton Supporters&#039; Club","description":"Po dvou podobn\u00fdch brank\u00e1ch zaknihoval Everton d\u016fle\u017eit\u00e9 z\u00e1chran\u00e1\u0159sk\u00e9 v\u00edt\u011bzstv\u00ed.","robots":{"index":"index","follow":"follow","max-snippet":"max-snippet:-1","max-image-preview":"max-image-preview:large","max-video-preview":"max-video-preview:-1"},"canonical":"https:\/\/evertonfc.cz\/index.php\/2024\/04\/21\/everton-nottingham-forest-20\/","og_locale":"cs_CZ","og_type":"article","og_title":"Everton - Nottingham Forest 2:0 - Official Czech &amp; Slovak Everton Supporters&#039; Club","og_description":"Po dvou podobn\u00fdch brank\u00e1ch zaknihoval Everton d\u016fle\u017eit\u00e9 z\u00e1chran\u00e1\u0159sk\u00e9 v\u00edt\u011bzstv\u00ed.","og_url":"https:\/\/evertonfc.cz\/index.php\/2024\/04\/21\/everton-nottingham-forest-20\/","og_site_name":"Official Czech &amp; Slovak Everton Supporters&#039; Club","article_publisher":"https:\/\/www.facebook.com\/everton.fans.cz.sk","article_published_time":"2024-04-21T17:40:16+00:00","article_modified_time":"2024-04-23T08:57:28+00:00","og_image":[{"width":720,"height":405,"url":"https:\/\/evertonfc.cz\/wp-content\/uploads\/2024\/04\/gana_21_4_2024.jpeg","type":"image\/jpeg"}],"author":"Javor","twitter_card":"summary_large_image","twitter_creator":"@LoudinJan","twitter_misc":{"Napsal(a)":"Javor","Odhadovan\u00e1 doba \u010dten\u00ed":"3 minuty"},"schema":{"@context":"https:\/\/schema.org","@graph":[{"@type":"Article","@id":"https:\/\/evertonfc.cz\/index.php\/2024\/04\/21\/everton-nottingham-forest-20\/#article","isPartOf":{"@id":"https:\/\/evertonfc.cz\/index.php\/2024\/04\/21\/everton-nottingham-forest-20\/"},"author":{"name":"Javor","@id":"https:\/\/evertonfc.cz\/#\/schema\/person\/b30daf6a5852f4811f8207a17ec1bf78"},"headline":"Everton &#8211; Nottingham Forest 2:0","datePublished":"2024-04-21T17:40:16+00:00","dateModified":"2024-04-23T08:57:28+00:00","mainEntityOfPage":{"@id":"https:\/\/evertonfc.cz\/index.php\/2024\/04\/21\/everton-nottingham-forest-20\/"},"wordCount":654,"commentCount":9,"publisher":{"@id":"https:\/\/evertonfc.cz\/#organization"},"image":{"@id":"https:\/\/evertonfc.cz\/index.php\/2024\/04\/21\/everton-nottingham-forest-20\/#primaryimage"},"thumbnailUrl":"https:\/\/evertonfc.cz\/wp-content\/uploads\/2024\/04\/gana_21_4_2024.jpeg","articleSection":["Z\u00e1pasy"],"inLanguage":"cs","potentialAction":[{"@type":"CommentAction","name":"Comment","target":["https:\/\/evertonfc.cz\/index.php\/2024\/04\/21\/everton-nottingham-forest-20\/#respond"]}]},{"@type":"WebPage","@id":"https:\/\/evertonfc.cz\/index.php\/2024\/04\/21\/everton-nottingham-forest-20\/","url":"https:\/\/evertonfc.cz\/index.php\/2024\/04\/21\/everton-nottingham-forest-20\/","name":"Everton - Nottingham Forest 2:0 - Official Czech &amp; Slovak Everton Supporters&#039; Club","isPartOf":{"@id":"https:\/\/evertonfc.cz\/#website"},"primaryImageOfPage":{"@id":"https:\/\/evertonfc.cz\/index.php\/2024\/04\/21\/everton-nottingham-forest-20\/#primaryimage"},"image":{"@id":"https:\/\/evertonfc.cz\/index.php\/2024\/04\/21\/everton-nottingham-forest-20\/#primaryimage"},"thumbnailUrl":"https:\/\/evertonfc.cz\/wp-content\/uploads\/2024\/04\/gana_21_4_2024.jpeg","datePublished":"2024-04-21T17:40:16+00:00","dateModified":"2024-04-23T08:57:28+00:00","description":"Po dvou podobn\u00fdch brank\u00e1ch zaknihoval Everton d\u016fle\u017eit\u00e9 z\u00e1chran\u00e1\u0159sk\u00e9 v\u00edt\u011bzstv\u00ed.","breadcrumb":{"@id":"https:\/\/evertonfc.cz\/index.php\/2024\/04\/21\/everton-nottingham-forest-20\/#breadcrumb"},"inLanguage":"cs","potentialAction":[{"@type":"ReadAction","target":["https:\/\/evertonfc.cz\/index.php\/2024\/04\/21\/everton-nottingham-forest-20\/"]}]},{"@type":"ImageObject","inLanguage":"cs","@id":"https:\/\/evertonfc.cz\/index.php\/2024\/04\/21\/everton-nottingham-forest-20\/#primaryimage","url":"https:\/\/evertonfc.cz\/wp-content\/uploads\/2024\/04\/gana_21_4_2024.jpeg","contentUrl":"https:\/\/evertonfc.cz\/wp-content\/uploads\/2024\/04\/gana_21_4_2024.jpeg","width":720,"height":405},{"@type":"BreadcrumbList","@id":"https:\/\/evertonfc.cz\/index.php\/2024\/04\/21\/everton-nottingham-forest-20\/#breadcrumb","itemListElement":[{"@type":"ListItem","position":1,"name":"Home","item":"https:\/\/evertonfc.cz\/"},{"@type":"ListItem","position":2,"name":"Everton &#8211; Nottingham Forest 2:0"}]},{"@type":"WebSite","@id":"https:\/\/evertonfc.cz\/#website","url":"https:\/\/evertonfc.cz\/","name":"Official Czech &amp; Slovak Everton Supporters&#039; Club","description":"","publisher":{"@id":"https:\/\/evertonfc.cz\/#organization"},"potentialAction":[{"@type":"SearchAction","target":{"@type":"EntryPoint","urlTemplate":"https:\/\/evertonfc.cz\/?s={search_term_string}"},"query-input":{"@type":"PropertyValueSpecification","valueRequired":true,"valueName":"search_term_string"}}],"inLanguage":"cs"},{"@type":"Organization","@id":"https:\/\/evertonfc.cz\/#organization","name":"Official Czech & Slovak Everton Supporters' Club","url":"https:\/\/evertonfc.cz\/","logo":{"@type":"ImageObject","inLanguage":"cs","@id":"https:\/\/evertonfc.cz\/#\/schema\/logo\/image\/","url":"https:\/\/evertonfc.cz\/wp-content\/uploads\/2019\/05\/logo.png","contentUrl":"https:\/\/evertonfc.cz\/wp-content\/uploads\/2019\/05\/logo.png","width":112,"height":112,"caption":"Official Czech & Slovak Everton Supporters' Club"},"image":{"@id":"https:\/\/evertonfc.cz\/#\/schema\/logo\/image\/"},"sameAs":["https:\/\/www.facebook.com\/everton.fans.cz.sk"]},{"@type":"Person","@id":"https:\/\/evertonfc.cz\/#\/schema\/person\/b30daf6a5852f4811f8207a17ec1bf78","name":"Javor","sameAs":["https:\/\/x.com\/LoudinJan"],"url":"https:\/\/evertonfc.cz\/index.php\/author\/javor\/"}]}},"_links":{"self":[{"href":"https:\/\/evertonfc.cz\/index.php\/wp-json\/wp\/v2\/posts\/24307"}],"collection":[{"href":"https:\/\/evertonfc.cz\/index.php\/wp-json\/wp\/v2\/posts"}],"about":[{"href":"https:\/\/evertonfc.cz\/index.php\/wp-json\/wp\/v2\/types\/post"}],"author":[{"embeddable":true,"href":"https:\/\/evertonfc.cz\/index.php\/wp-json\/wp\/v2\/users\/12"}],"replies":[{"embeddable":true,"href":"https:\/\/evertonfc.cz\/index.php\/wp-json\/wp\/v2\/comments?post=24307"}],"version-history":[{"count":6,"href":"https:\/\/evertonfc.cz\/index.php\/wp-json\/wp\/v2\/posts\/24307\/revisions"}],"predecessor-version":[{"id":24317,"href":"https:\/\/evertonfc.cz\/index.php\/wp-json\/wp\/v2\/posts\/24307\/revisions\/24317"}],"wp:featuredmedia":[{"embeddable":true,"href":"https:\/\/evertonfc.cz\/index.php\/wp-json\/wp\/v2\/media\/24309"}],"wp:attachment":[{"href":"https:\/\/evertonfc.cz\/index.php\/wp-json\/wp\/v2\/media?parent=24307"}],"wp:term":[{"taxonomy":"category","embeddable":true,"href":"https:\/\/evertonfc.cz\/index.php\/wp-json\/wp\/v2\/categories?post=24307"},{"taxonomy":"post_tag","embeddable":true,"href":"https:\/\/evertonfc.cz\/index.php\/wp-json\/wp\/v2\/tags?post=24307"}],"curies":[{"name":"wp","href":"https:\/\/api.w.org\/{rel}","templated":true}]}}