{"id":2434,"date":"2017-10-13T20:15:58","date_gmt":"2017-10-13T18:15:58","guid":{"rendered":"http:\/\/evertonfc.cz\/?p=2434"},"modified":"2019-02-06T20:20:38","modified_gmt":"2019-02-06T19:20:38","slug":"letne-prestupove-obdobie-a-uvod-sezony-rozhovor-s-administratormi-stranky","status":"publish","type":"post","link":"https:\/\/evertonfc.cz\/index.php\/2017\/10\/13\/letne-prestupove-obdobie-a-uvod-sezony-rozhovor-s-administratormi-stranky\/","title":{"rendered":"Letn\u00e9 prestupov\u00e9 obdobie a \u00favod sez\u00f3ny \u2013 rozhovor s administr\u00e1tormi str\u00e1nky"},"content":{"rendered":"\n<h4 class=\"wp-block-heading\">Najvy\u0161\u0161ie v\u00fddavky Evertonu na prestupy v\u00a0hist\u00f3rii, ktor\u00e9 pomohli privies\u0165 zauj\u00edmav\u00fdch hr\u00e1\u010dov v\u00a0najlep\u0161\u00edch rokoch, mlad\u00e9 talenty aj svetov\u00fa hviezdu za zenitom. Ale aj nedotiahnutie n\u00e1hrady za Lukakua a \u013eavonoh\u00e9ho obrancu. Ako hodnotia prestupov\u00e9 obdobie Evertonu z\u00a0leta 2017 administr\u00e1tori tejto str\u00e1nky? A\u00a0ako za\u010diatok sez\u00f3ny 2017\/2018?<\/h4>\n\n\n\n<h4 class=\"wp-block-heading\" style=\"text-align:center\"><strong>Ot\u00e1zky k\u00a0prestupov\u00e9mu letu 2017<\/strong><\/h4>\n\n\n\n<p><strong>Brali by ste pred sez\u00f3nou tak\u00e9to prestupov\u00e9 obdobie? \u010co V\u00e1s na \u0148om pote\u0161ilo najviac a\u00a0\u010do najmenej?<\/strong><\/p>\n\n\n\n<p><strong>Ri\u010di<\/strong>: Ano, proto\u017ee i kdy\u017e se nedot\u00e1hly v\u0161echny vysn\u011bn\u00e9 posily, nejenom na pom\u011bry Evertonu se jedn\u00e1 o velmi zda\u0159il\u00e9 p\u0159estupov\u00e9 obdob\u00ed. Co bych ur\u010dit\u011b vyzdvihl, \u017ee klub investuje do mlad\u00fdch a talentovan\u00fdch hr\u00e1\u010d\u016f.<\/p>\n\n\n\n<p><strong>Javor<\/strong>: Ano, ur\u010dit\u011b bych to bral. Nejsp\u00ed\u0161 bych ho zhodnotil \u0161koln\u00ed zn\u00e1mkou dv\u011b, tedy chvalitebn\u011b. Co m\u011b nejv\u00edce pot\u011b\u0161ilo? \u017de se poda\u0159ilo dot\u00e1hnout skoro v\u017edy hr\u00e1\u010de, kter\u00e9 Everton cht\u011bl. A p\u0159\u00edchod Klaassena s Keanem na za\u010d\u00e1tku \u010dervence, tak\u017ee mohli absolvovat celou p\u0159\u00edpravu. Co nejm\u00e9n\u011b? P\u0159eplacen\u00ed za Sigurdssona.<\/p>\n\n\n\n<p><strong>BlueBlooded:\u00a0<\/strong>Hne\u010f prv\u00e1 a u\u017e z\u00e1kern\u00e1 ot\u00e1zka. Ak by som na \u0148u odpovedal prv\u00e9ho septembra, pravdepodobne nebudem v\u00e1ha\u0165 a len blahoslavene zajas\u00e1m s p\u00e1r citoslovcami, \u010di anglick\u00fdm \u201ehell yeah\u201c. Av\u0161ak d\u00e1tum je pokro\u010dilej\u0161ieho charakteru a len \u0165a\u017eko sa ned\u00e1 bra\u0165 do \u00favahy s\u00fa\u010dasn\u00fd stav, ktor\u00fd je s\u010dasti zapr\u00ed\u010dinen\u00fd aj pr\u00e1ve prestupov\u00fdm obdob\u00edm. Ale nesmiem by\u0165 pokrytec, boli to tie najlep\u0161ie letn\u00e9 mesiace, ak\u00e9 som ja osobne za svojej posadnutej \u00e9ry za\u017eil. V dobe modern\u00fdch masm\u00e9di\u00ed sa nedalo ni\u010d in\u00e9, len pokrochk\u00e1va\u0165 si pri men\u00e1ch, ktor\u00e9 sa s nami dennodenne sp\u00e1jali a dokonca sme ich dok\u00e1zali aj privies\u0165. Najviac ur\u010dite pote\u0161ila skor\u00e1 a skvel\u00e1 robota na za\u010diatku. Naopak, nepote\u0161ila ma jednotv\u00e1rnos\u0165 postov, ktor\u00e9 sme posil\u0148ovali a samozrejme, ak\u00e9si podcenenie straty b\u00fdval\u00e9ho g\u00f3lostroja.<\/p>\n\n\n\n<p><strong>CIES Football Observatory ozna\u010dil hne\u010f dva prestupy Evertonu za v\u00fdrazne preplaten\u00e9 \u2013 prestup J. Pickforda skon\u010dil ako \u0161tvrt\u00fd a\u00a0prestup G. Sigurdssona ako 5. najviac preplaten\u00fd prestup leta 2017 (<a rel=\"noreferrer noopener\" href=\"http:\/\/www.bbc.com\/sport\/football\/41158426\" target=\"_blank\">www.bbc.com\/sport\/football\/41158426<\/a>). S\u00fahlas\u00edte s\u00a0t\u00fdmito z\u00e1vermi CIES (a pre\u010do)? Pr\u00edpadne v\u00a0ktor\u00fdch in\u00fdch prestupoch preplatil a pre\u010do?<\/strong><\/p>\n\n\n\n<p><strong>Ri\u010di<\/strong>: Se 30 mili\u00f3ny liber za Pickforda jsem spokojen. Okam\u017eit\u011b p\u0159evzal post jedni\u010dky, na sv\u00fdch 23 let si po\u010d\u00edn\u00e1 suver\u00e9nn\u011b a m\u00e1 potenci\u00e1l b\u00fdt nejlep\u0161\u00edm anglick\u00fdm branka\u0159em v p\u0159\u00ed\u0161t\u00edch deseti letech. U CIES m\u00e1 ni\u017e\u0161\u00ed cenovku, proto\u017ee nastupoval za podpr\u016fm\u011brn\u00fd t\u00fdm, jen\u017e nesb\u00edral body, a proto\u017ee za\u010dal pravideln\u011b hr\u00e1vat a\u017e ve 21 letech, co\u017e ale nen\u00ed na branka\u0159e nikterak neobvykl\u00e9. Potenci\u00e1l se do kalkulace CIES nezapo\u010d\u00edt\u00e1v\u00e1, proto s hodnocen\u00edm nesouhlas\u00edm. B\u00fdt Pickford o p\u011bt milion\u016f levn\u011bj\u0161\u00ed, byl bych p\u0159\u00edmo nad\u0161en.&nbsp;Sigurdsson za 45 milion\u016f je p\u0159eplacen\u00fd o dost. O tom \u017e\u00e1dn\u00e1. Jeho p\u0159\u00edchod beru jako z\u00e1kladn\u00ed stavebn\u00ed prvek Koemanova t\u00fdmu, kter\u00fd m\u00e1 ambice na TOP4 \u010di dos\u00e1hnout na zisk trofeje. Jestli\u017ee se to se Sigurdssonovou pomoc\u00ed poda\u0159\u00ed a podobn\u00e9 n\u00e1kupy se nebudou opakovat ka\u017ed\u00e9 p\u0159estupn\u00ed obdob\u00ed, transfer se vyplatil.<\/p>\n\n\n\n<p><strong>Javor<\/strong>: Pickford ur\u010dit\u011b p\u0159eplacen\u00fd nen\u00ed a nebyl, koupili jsme si brank\u00e1\u0159skou jedni\u010dku na n\u011bkolik let dop\u0159edu. A ano, mus\u00edme vz\u00edt v \u00favahu, \u017ee klukovi je 23 a je Angli\u010dan, tak\u017ee na jakoukoliv slevu nem\u00e1me n\u00e1rok. Sigurdsson ur\u010dit\u011b p\u0159eplacen\u00fd je, je mu ji\u017e 28 a t\u011b\u017eko \u010dekat, \u017ee a\u017e z Evertonu odejde, tak to bude za 50 a v\u00edce milion\u016f liber (tedy \u017ee bychom na n\u011bm vyd\u011blali). Swansea n\u00e1s zkr\u00e1tka nat\u00e1hla. Zbyl\u00e9 posily (Rooney, Sandro, Klaassen, Keane) p\u0159eplacen\u00e9 ur\u010dit\u011b nejsou.<\/p>\n\n\n\n<p><strong>BlueBlooded:&nbsp;<\/strong>Peniaze h\u00fdbu svetom, len \u010do je pravda. Tak\u017ee, aby sa t\u00e1to t\u00e9ma nestala diskutovanou, je prakticky nemo\u017en\u00e9. Ve\u013emi r\u00e1d by som s\u00fahlasil, v podvedom\u00ed rozhodne \u00e1no, ale p\u00e1ni s CIES zrejme zaspali dobu, alebo do svojej matematickej ozrutnosti nezapo\u010d\u00edtali re\u00e1lne dianie vo svete. Ner\u00e1d to nazvem trendom, budem v\u0161ak musie\u0165. Nemal som \u010das na podrobn\u00e9 na\u0161tudovanie si ich algoritmu, ktor\u00fd vypo\u010d\u00edtava \u201eich\u201c re\u00e1lnu hodnotu, \u010do m\u00f4\u017ee by\u0165 v kone\u010dnom d\u00f4sledku aj pravdiv\u00fd \u00fadaj, ale s mno\u017estvom pe\u0148az\u00ed, ktor\u00e9 sa bez akejko\u013evek prietokovej regul\u00e1cie vlievaj\u00fa do tohto predt\u00fdm \u0161portu, to inak ani nem\u00f4\u017ee by\u0165. Nikto nechce pred\u00e1va\u0165 svojich najlep\u0161\u00edch. Ka\u017ed\u00fd chce by\u0165 \u00faspe\u0161n\u00fd. A to vedie k ot\u00e1zke &#8211; d\u00e1 sa zastavi\u0165 infl\u00e1cia? Prep\u00e1\u010dte, nie som makroekon\u00f3m. \u00daplne mi v\u0161ak sta\u010d\u00ed aj laick\u00fd poh\u013ead na chor\u00e9 v\u00fdkupn\u00e9 klauzuly, \u010di bezbo\u017en\u00e9 utr\u00e1canie bankoviek v projektoch snov, kde si ich dospel\u00ed plnia, h\u00e1dam z detsk\u00fdch \u010dias. Futbal sa stal synonymom pre prest\u00ed\u017e v podobe \u00faspechu a to zo sebou prin\u00e1\u0161a nev\u00eddan\u00e9 marketingov\u00e9 pr\u00edle\u017eitosti. Mo\u017eno je to bublina, mo\u017eno nie. Ist\u00e9 v\u0161ak je, \u017ee Everton tie peniaze za ka\u017ed\u00e9ho jedn\u00e9ho hr\u00e1\u010da zaplati\u0165 musel, inak by dnes tie dresy s drah\u00fdmi menami vo va\u0161ich \u0161atn\u00edkoch neviseli.<\/p>\n\n\n\n<p><strong>Osobne odli\u0161ujem dve hodnoty hr\u00e1\u010da \u00a0A) z\u00a0h\u013eadiska aktu\u00e1lnej ceny za aktu\u00e1lnu kvalitu hr\u00e1\u010da;\u00a0B) ak sa v\u00a0r\u00e1mci hodnoty z\u00a0bodu jeden zoh\u013ead\u0148uje vo v\u00fdznamnej miere pr\u00ednos hr\u00e1\u010da do bud\u00facnosti. Napr\u00edklad v\u00a0z\u00e1sade beriem n\u00e1zor, \u017ee Pickford bol preplaten\u00fd z\u00a0aktu\u00e1lneho h\u013eadiska, ale ak si zoberiem jeho potenci\u00e1l by\u0165 v\u00fdrazn\u00fdm pr\u00ednosom na mnoho rokov dopredu a\u00a0hyperinfl\u00e1ciu v\u00a0anglickom futbale, pr\u00edde t\u00e1 suma preplaten\u00e1 len v\u00a0malej miere resp. v\u00a0poriadku. Ak\u00fd je V\u00e1\u0161 n\u00e1zor na ceny prestupov EFC z\u00a0leta 2017 z\u00a0h\u013eadiska t\u00fdchto dvoch krit\u00e9ri\u00ed?<\/strong><\/p>\n\n\n\n<p><strong>Ri\u010di<\/strong>:&nbsp;Souhlas\u00edm a trochu jsem to nast\u00ednil v p\u0159ede\u0161l\u00e9 odpov\u011bdi. Everton se sna\u017eil&nbsp;p\u0159il\u00e1kat talentovan\u00e9 hr\u00e1\u010de s velk\u00fdm potenci\u00e1lem a tak\u00e9 ligou osv\u011bd\u010den\u00e9 hr\u00e1\u010de (Sigurdsson, Roooney). Cenovky a\u017e na Sigurdssona nebyly nikterak p\u0159eplacen\u00e9.<\/p>\n\n\n\n<p><strong>Javor<\/strong>: Z velk\u00e9 \u010d\u00e1sti jsem odpov\u011bd\u011bl ji\u017e v p\u0159edchoz\u00ed v\u011bt\u011b. Sandro vypad\u00e1 jako velmi dobr\u00e1 kr\u00e1de\u017e a nalejme si \u010dist\u00e9ho v\u00edna ohledn\u011b Rooneyho &#8211; kdyby ne\u0161el do Evertonu, tak nen\u00ed zadarmo. Druh\u00fd extr\u00e9m je Sigurdsson, ke kter\u00e9mu jsem se ji\u017e vyjad\u0159oval. \u010c\u00e1stky za p\u0159estupy Keana a Klaassena pova\u017euji za adekv\u00e1tn\u00ed.<\/p>\n\n\n\n<p><strong>BlueBlooded:&nbsp;<\/strong>Ako sa p\u00ed\u0161e v ot\u00e1zke, \u010dlovek odli\u0161uje osobne. Nie ka\u017ed\u00fd rovnako. Ja som z\u00e1stanca n\u00e1zoru, \u017ee h\u013eadisko kupuj\u00faceho a pred\u00e1vaj\u00faceho sa v\u017edy odli\u0161uje. A \u017ee spom\u00ednan\u00e1 hyper-infl\u00e1cia absol\u00fatne rozbila ak\u00fdko\u013evek logick\u00fd z\u00e1klad ur\u010dovania si cien. Preto sa mo\u017eno e\u0161te raz zopakujem. Everton musel vylo\u017ei\u0165 karty na st\u00f4l. Inak by ich vylo\u017eil niekto in\u00fd. A mysl\u00edm, \u017ee adekv\u00e1tne.<\/p>\n\n\n\n<p><strong>Faktorom, ktor\u00fd ovplyv\u0148uje mo\u017enosti Evertonu na prestupovom trhu je aj aktu\u00e1lne ni\u017e\u0161ia atraktivita EFC pre top hr\u00e1\u010dov.\u00a0Ak\u00fdmi n\u00e1strojmi \/ ak\u00fdm pr\u00edstupom by mal Everton preklen\u00fa\u0165 tento probl\u00e9m a\u00a0postupne zvy\u0161ova\u0165 kvalitu svojho k\u00e1dra? Je to kombin\u00e1cia kupovania nadpriemern\u00fdch hr\u00e1\u010dov (z h\u013eadiska Premier League) a\u00a0mlad\u00fdch top talentov? Alebo in\u00fd pr\u00edstup?<\/strong><\/p>\n\n\n\n<p><strong>Ri\u010di<\/strong>: Byl bych r\u00e1d, kdyby Everton pokra\u010doval v trendu sv\u00fdch n\u00e1kup\u016f a sp\u00ed\u0161e se porozhl\u00ed\u017eel po hr\u00e1\u010d\u00edch s potenci\u00e1lem, kte\u0159\u00ed ale u\u017e nazna\u010dili sv\u00e9 kvality. Poslouch\u00e1 se dob\u0159e, kdy\u017e Vla\u0161i\u0107 cht\u011bn\u00fd po cel\u00e9 Evrop\u011b \u0159ekne, \u017ee si Everton vybral kv\u016fli mana\u017eerovi. Z\u00e1rove\u0148 by bylo dobr\u00e9 \u010das od \u010dasu k\u00e1dr doplnit o jednoho zku\u0161en\u00e9ho fotbalistu \u2013 nyn\u00ed ide\u00e1ln\u011b co nejd\u0159\u00edve o \u00fato\u010dn\u00edka.<\/p>\n\n\n\n<p><strong>Javor:<\/strong>&nbsp;Tak ide\u00e1l by samoz\u0159ejm\u011b byl vyhr\u00e1t titul s t\u00fdmem pln\u00fdm odchovanc\u016f. A v\u0161ichni v\u00edme, \u017ee u23 je hodn\u011b kvalitn\u00ed. Realita? Usmanov se k n\u00e1m asi zat\u00edm nechyst\u00e1, tak\u017ee cesta kupov\u00e1n\u00ed nadpr\u016fm\u011brn\u00fdch\/\u0161pi\u010dkov\u00fdch hr\u00e1\u010d\u016f v kombinaci s mlad\u00fdmi talenty (ide\u00e1ln\u011b p\u0159\u00edmo z l\u00edhn\u011b klubu, samoz\u0159ejm\u011b) je spr\u00e1vn\u00e1 a skoro se mi chce napsat jedin\u00e1 mo\u017en\u00e1. Samoz\u0159ejm\u011b by \u0161lo i j\u00edt cestou Manchesteru City, ale tolik pen\u011bz Mo\u0161\u00edr\u00ed nem\u00e1.<\/p>\n\n\n\n<p><strong>BlueBlooded:<\/strong>&nbsp;Toffees v tieni Moshiriho kr\u00e1\u010daj\u00fa sn\u00e1\u010f tou najspr\u00e1vnej\u0161ou (hore uvedenou) cestou, ak\u00e1 sa d\u00e1 aktu\u00e1lne zvoli\u0165. Akad\u00e9mia nie je len na okrasu, dokonca sa do nej investuje na prestupovom trhu a klub ukazuje postupn\u00e9 amb\u00edcie. Ak by som mal ma\u0165 pripomienku, bolo by to oh\u013eadom s\u00fastredenia sa na dom\u00e1ce poh\u00e1rov\u00e9 s\u00fa\u0165a\u017ee. Zd\u00e1 sa mi, \u017ee ich moment\u00e1lne berieme nedostato\u010dne v\u00e1\u017ene, pritom so sebou prin\u00e1\u0161aj\u00fa v\u00e4\u010d\u0161iu \u0161ancu na zvidite\u013enenie sa, ne\u017e umiestnenie v hornej polovici. A taktie\u017e vstupenky do Eur\u00f3py. To tie\u017e nesmieme zabudn\u00fa\u0165. Prebudov\u00e1vame platov\u00fa \u0161trukt\u00faru, \u010do e\u0161te? No predsa trofeje! A \u00e1no, d\u00e1 sa zvoli\u0165 aj in\u00fd pr\u00edstup. Pusti\u0165 \u017eilou&#8230;<\/p>\n\n\n\n<p><strong>V\u00a0ktorom pr\u00edpade naopak Everton pod\u013ea V\u00e1s zaplatil menej ne\u017e je primeran\u00e9 kvalite a\u00a0potenci\u00e1lnemu pr\u00ednosu hr\u00e1\u010da?<\/strong><\/p>\n\n\n\n<p><strong>Ri\u010di:&nbsp;<\/strong>Henry Onyekuru a Nikola Vla\u0161i\u0107. Ti u\u017e te\u010f ukazuj\u00ed, \u017ee na nich Everton neprod\u011bl\u00e1, naopak. Tak\u00e9 5,2 milionu liber za Sandra Ram\u00edreze je chytr\u00fd n\u00e1kup. Pokud se v Anglii neprosad\u00ed, zp\u011bt do \u0160pan\u011blska se vr\u00e1t\u00ed za velmi podobnou \u010d\u00e1stku.<\/p>\n\n\n\n<p><strong>Javor:<\/strong>&nbsp;Sandro a \u010d\u00e1ste\u010dn\u011b nejsp\u00ed\u0161 i Rooney.<\/p>\n\n\n\n<p><strong>BlueBlooded:&nbsp;<\/strong>Sandro Ram\u00edrez Castillo! Bez debaty a nev\u0161\u00edma\u0165 si blb\u00e9 re\u010di. Lebo podobnou blbos\u0165ou pri\u0161li v M\u00e1lage o mo\u017enos\u0165 vyrovna\u0165 si vlastn\u00fd dlh, \u010di minim\u00e1lne zdvojn\u00e1sobi\u0165 zisk. Pre porovnanie, po sez\u00f3ne 2015\/16 (pred pr\u00edchodom Sandra) predstavoval ich \u010dist\u00fd zisk po zdanen\u00ed takmer 20 mili\u00f3nov \u20ac. Dlh skoro 12 mili\u00f3nov. Teraz si povedzte nahlas v\u00fd\u0161ku jeho v\u00fdkupnej klauzuly po excelentnej sez\u00f3ne, vo veku 22 rokov.<\/p>\n\n\n\n<p><strong>Ktor\u00e1 posila sa V\u00e1m pozd\u00e1va zatia\u013e z\u00a0h\u013eadiska doposia\u013e predveden\u00fdch v\u00fdkonov, kto bude pod\u013ea V\u00e1s najv\u00e4\u010d\u0161\u00edm dlhodob\u00fdm pr\u00ednosom pre EFC a pre\u010do?<\/strong><\/p>\n\n\n\n<p><strong>Ri\u010di:&nbsp;<\/strong>Pickford, proto\u017ee to vypad\u00e1, \u017ee jeho p\u0159\u00edchodem se vy\u0159e\u0161ily probl\u00e9my s kl\u00ed\u010dov\u00fdm postem branka\u0159e na n\u011bkolik let dop\u0159edu.<\/p>\n\n\n\n<p><strong>Javor:&nbsp;<\/strong>Pickford a Keane. Mlad\u00ed, pravideln\u011b hraj\u00ed v z\u00e1kladu, ji\u017e nyn\u00ed ve sv\u00e9m v\u011bku \u0161pi\u010dka na sv\u00fdch pozic\u00edch. Pokud bych si m\u011bl vybrat jedno jm\u00e9no, tak Pickford, p\u0159ece jen hr\u00e1\u010d v poli asi nebude hr\u00e1t PL do 35 (\u010dest v\u00fdjimk\u00e1m). B\u00fdt brank\u00e1\u0159em je v tomhle sm\u011bru v\u00fdhoda.<\/p>\n\n\n\n<p><strong>BlueBlooded:<\/strong>&nbsp;Mne zatia\u013e najviac utkvel v mer\u00edtku v\u00fdkonov Chorv\u00e1t Vlasi\u010d a brank\u00e1r Pickford. Druh\u00fd spom\u00ednan\u00fd sa klasifikuje aj do kateg\u00f3rie dlhodob\u00fd pr\u00ednos pre neskor\u00fd zenit brank\u00e1rov. Kie\u017eby bol z neho nov\u00fd \u201eSmetiar\u201c.<\/p>\n\n\n\n<p><strong>Z\u00a0ktorej posily ste najmenej nad\u0161en\u00fd resp. sklaman\u00fd a\u00a0pre\u010do?<\/strong><\/p>\n\n\n\n<p><strong>Ri\u010di:&nbsp;<\/strong>Martina, proto\u017ee je to podpr\u016fm\u011brn\u00fd fotbalista, kter\u00fd nav\u00edc dostal kontrakt na t\u0159i roky. Tento podpis se naprosto neslu\u010duje s ambicemi Evertonu.<\/p>\n\n\n\n<p><strong>Javor:<\/strong>&nbsp;Jednozna\u010dn\u011b z Klaassena. Kdy\u017e hraje, tak \u0161patn\u011b, je to adaptac\u00ed? Mo\u017en\u00e1. Ka\u017edop\u00e1dn\u011b mi p\u0159ijde, \u017ee mu nepomohlo, \u017ee na podobnou \/stejnou pozici p\u0159i\u0161el i Sigurdsson.<\/p>\n\n\n\n<p><strong>BlueBlooded:<\/strong>&nbsp;Cuco Martina. Ni\u010d osobn\u00e9. Sna\u017e\u00ed sa, ale bol nepotrebn\u00fd, zaber\u00e1 miesto Angli\u010danom z akad\u00e9mie a e\u0161te k tomu neprin\u00e1\u0161a ni\u010d naviac, hoci bol lacnej\u0161\u00ed ne\u017e Coleman a to u\u017e je \u010do poveda\u0165.<\/p>\n\n\n\n<p><strong>Ktor\u00e9 prestupy V\u00e1m v\u00a0lete 2017 ch\u00fdbali? Uve\u010fte okrem postov (tam sa ale asi v\u0161etci zhodneme) aj konkr\u00e9tne men\u00e1, ktor\u00e9 by ste radi v\u00a0drese EFC videli.<\/strong><\/p>\n\n\n\n<p><strong>Ri\u010di:<\/strong>&nbsp;P\u0159\u00e1l jsem si Aleksandra Kolarova, kter\u00fd ode\u0161el z Manchesteru City do AS&nbsp;\u0158\u00edm za p\u011bt milion\u016f eur. V It\u00e1lii st\u00e1le dokazuje, \u017ee fotbal hr\u00e1t um\u00ed. Podle m\u011b by vy\u0159e\u0161il sou\u010dasn\u00e9 lap\u00e1lie Evertonu v obran\u011b. Disponuje skv\u011blou leva\u010dkou a krom\u011b krajn\u00edho obr\u00e1nce m\u016f\u017ee alternovat i ve st\u0159edu obrany.&nbsp;Do \u00fatoku bych b\u00fdval bral&nbsp;jednoho z dvojice Chicharito (Bayer Leverkusen &#8211; WHU za 16 milion\u016f liber), Fernando Llorente (Swansea &#8211; Tottenham za 15 milion\u016f liber).&nbsp;<\/p>\n\n\n\n<p><strong>Javor:<\/strong>&nbsp;N\u00e1hrada\/konkurence za Bainese. Nab\u00edz\u00ed se koupit Balea z Realu Madrid a vr\u00e1tit ho na jeho p\u016fvodn\u00ed pozici. A dal\u0161\u00ed jm\u00e9na? Cavani, Giroud, tedy konkurence pro hro\u0165\u00e1ka Sandra. A Messi by mi taky nevadil.<\/p>\n\n\n\n<p><strong>BlueBlooded:<\/strong>&nbsp;U\u017e ke\u010f teraz viem, ako vie Duncan Ferguson pohotovo sk\u00e1ka\u0165, tak pre\u010do nie?<\/p>\n\n\n\n<h4 class=\"wp-block-heading\" style=\"text-align:center\"><strong>Ot\u00e1zky k&nbsp;\u00favodu sez\u00f3ny<\/strong><\/h4>\n\n\n\n<p><strong>S\u00edce by som rad\u0161ej \u0161iel k\u00a0zub\u00e1rovi necha\u0165 si v\u0155ta\u0165 zdrav\u00e9 zuby bez um\u0155tvenia, ale vzh\u013eadom na aktu\u00e1lnos\u0165 preberme aj ve\u013emi zl\u00fd \u00favod sez\u00f3ny. Ak\u00fd \u00favod sez\u00f3ny 2017\/2018 ste \u010dakali?<\/strong><\/p>\n\n\n\n<p><strong>Ri\u010di:<\/strong>&nbsp;Bodov\u011b chud\u00fd, ale s lep\u0161\u00ed p\u0159edv\u00e1d\u011bnou hrou. P\u0159i\u0161lo mi, \u017ee v n\u011bkter\u00fdch z\u00e1pasech proti siln\u011bj\u0161\u00edm soupe\u0159\u016fm Koeman ani necht\u011bl vyhr\u00e1t, zvolil a\u017e p\u0159\u00edli\u0161 defenzivn\u00ed taktiku.<\/p>\n\n\n\n<p><strong>Javor:&nbsp;<\/strong>Pohybov\u00e1n\u00ed se od za\u010d\u00e1tku na \u010dele tabulky \u010di aspo\u0148 do \u010dtvrt\u00e9ho m\u00edsta. K\u00e1dr na to m\u00e1me. Hran\u00ed p\u011bkn\u00e9ho fotbalu, kter\u00e9 zajist\u00ed pravideln\u00e9 vyhr\u00e1v\u00e1n\u00ed.<\/p>\n\n\n\n<p><strong>BlueBlooded:&nbsp;<\/strong>\u010cakal som, \u017ee za\u010dneme, kde sme na Emirates skon\u010dili. Zd\u00e1 sa, \u017ee opr\u00e1vnene. Iba\u017ee, ja som to myslel inak. Hern\u00e9 tr\u00e1penie, nie v\u00fdsledkov\u00e9, s fat\u00e1lnymi chybami a v\u00fdpadkami form najv\u00e4\u010d\u0161\u00edch op\u00f4r. Povedzme, \u017ee som n\u00e1s videl na teraj\u0161om mieste Burnley, s rovnak\u00fdmi \u0161tatistikami.<\/p>\n\n\n\n<p><strong>Kde h\u013eada\u0165 pr\u00ed\u010diny tak zl\u00e9ho \u0161tartu do novej sez\u00f3ny? Bolo t\u00fdch n\u00e1kupov pre z\u00e1kladn\u00fd k\u00e1der primnoho \u2013 je to pr\u00edli\u0161 ve\u013ek\u00e1 prestavba k\u00e1dra v\u00a0pr\u00edli\u0161 kr\u00e1tkom \u010dase? Nek\u00fapenie top hr\u00e1\u010dov na ist\u00fd post (top hro\u0165\u00e1ka,\u00a0\u013eavonoh\u00e9ho obrancu, top \u00fato\u010dn\u00edka hraj\u00faceho na strane&#8230;)? Je to hlavne v\u00a0taktike Koemana? Je to v\u00a0psychike (a ak \u00e1no, kto za \u0148u m\u00f4\u017ee)? Alebo je to v\u00a0kombin\u00e1cii in\u00fdch faktorov \u2013 ak pod\u013ea V\u00e1s \u00e1no, v\u00a0ktor\u00fdch?<\/strong><\/p>\n\n\n\n<p><strong>Ri\u010di:<\/strong>&nbsp;Je to kombinace v\u0161ech v\u011bc\u00ed, kter\u00e9 si vyjmenoval, plus p\u0159ehnan\u00e1 o\u010dek\u00e1v\u00e1n\u00ed fanou\u0161k\u016f. Mrz\u00ed m\u011b, \u017ee m\u00edsto podpory se na t\u00fdm \u017eene a\u017e p\u0159ehnan\u00e1 kritika, a to ne pouze na internetu, podpora chyb\u00ed i na Goodison Parku.&nbsp;Nejv\u011bt\u0161\u00ed probl\u00e9m ale vid\u00edm v psychice. Prvn\u00edch dvacet minut z\u00e1pasu proti Burnley hr\u00e1l sebev\u011bdom\u00fd Everton, ov\u0161em po inkasovan\u00e9 brance n\u00e1sledoval tot\u00e1ln\u00ed obrat. Zvenku to vypad\u00e1, \u017ee Koeman nedok\u00e1\u017ee zbavit hr\u00e1\u010de tlaku. Mo\u017en\u00e1 je to t\u00edm, \u017ee hodn\u011b rotuje sestavou a hr\u00e1\u010di se boj\u00ed, \u017ee po \u0161patn\u00e9m v\u00fdkonu si del\u0161\u00ed \u010das nekopnou.<\/p>\n\n\n\n<p><strong>Javor:<\/strong>&nbsp;Zas tolik lid\u00ed nep\u0159i\u0161lo, ale nab\u00edz\u00ed se samoz\u0159ejm\u011b odpov\u011b\u010f, \u017ee je to pr\u00e1v\u011b proto a \u017ee bude trvat n\u011bjakou dobu, ne\u017e se sehraj\u00ed. Tedy aspo\u0148 takhle to prezentuje italsk\u00fd tren\u00e9r Sparty &#8211; a tam p\u0159i\u0161lo asi 10 lid\u00ed najednou. Je fakt, \u017ee s Lukakem ode\u0161el \u0161pi\u010dkov\u00fd hro\u0165\u00e1k a zat\u00edm se ho kolektivn\u011b neda\u0159\u00ed nahradit. Ztr\u00e1ty bod\u016f samoz\u0159ejm\u011b ovliv\u0148uj\u00ed psychiku, je to v hlav\u011b. Taktika? No, Koeman sice v\u00ed, co chce hr\u00e1t, ale pro\u010d v tom p\u0159\u00edpad\u011b stav\u00ed Sigurdssona na k\u0159\u00eddlo \u010di kamkoliv jinam, kdy\u017e v\u0161ichni v\u011bd\u00ed, \u017ee je klasick\u00e1 des\u00edtka? \u010clov\u011bk by \u010dekal, \u017ee rekordn\u00ed n\u00e1kup klubu v jeho historii bude nejen hr\u00e1t v z\u00e1kladn\u00ed sestav\u011b, ale i na m\u00edst\u011b, kter\u00e9 um\u00ed nejv\u00edc a sed\u00ed mu. N\u00e1pady typu &#8222;Calvert-Lewin na krajn\u00edm obr\u00e1nci&#8220; taky nejsou \u0161\u0165astn\u00e9.<\/p>\n\n\n\n<p><strong>BlueBlooded:<\/strong>&nbsp;Popieram primnoho n\u00e1kupov, popieram prestavbu v kr\u00e1tky \u010das. \u010ciasto\u010dne popieram absenciu \u201etop\u201c n\u00e1kupov. Pre\u010do, to by bolo na \u010fal\u0161\u00ed \u010dl\u00e1nok. Ako je mo\u017en\u00e9, \u017ee dominantn\u00fd t\u00edm z minulej sez\u00f3ny, je zrazu ako ochromen\u00fd? \u00daprimne, ja neviem. A asi to nevie ani Koeman. Je v\u0161ak nad slnko jasnej\u0161ie, \u017ee tomu svoj\u00edm pr\u00edstupom nepom\u00e1ha. Kto m\u00f4\u017ee za psychiku? O\u010dak\u00e1vania. U\u017e to nie je ten Everton, \u010do sa rad\u0161ej uspokoj\u00ed s rem\u00edzou, hoci m\u00e1 naviac. A za\u010d\u00edna sa to pretavova\u0165 aj do myslenie fan\u00fa\u0161ikovskej obce a vn\u00edmania okolia.<\/p>\n\n\n\n<p><strong>\u010co by pod\u013ea V\u00e1s pomohlo pri rie\u0161en\u00ed s\u00fa\u010dasnej kr\u00edzy?<\/strong><\/p>\n\n\n\n<p><strong>Ri\u010di:<\/strong>&nbsp;V\u00edt\u011bzstv\u00ed \ud83d\ude42 Nejl\u00e9pe vyd\u0159en\u00e1 g\u00f3lem v posledn\u00ed minut\u011b proti siln\u00e9mu soupe\u0159i na Goodison Parku. Co t\u0159eba po reprezenta\u010dn\u00ed pauze s Lyonem v Evropsk\u00e9 lize?<\/p>\n\n\n\n<p><strong>Javor:<\/strong>&nbsp;Co nejrychlej\u0161\u00ed odvol\u00e1n\u00ed\/odchod Koemana. Je bezradn\u00fd. Voln\u00fd je nap\u0159. Ancelotti.<\/p>\n\n\n\n<p><strong>BlueBlooded:<\/strong>&nbsp;Ma\u0165 svoj funguj\u00faci hern\u00fd pl\u00e1n, zalo\u017een\u00fd na jednoduchosti, nie jednotv\u00e1rnosti, ktor\u00fd nie je ovl\u00e1dan\u00fd vlastnou hrdos\u0165ou a dr\u017ea\u0165 sa ho. Da\u0165 pr\u00edle\u017eitos\u0165 v\u0161etk\u00fdm a hlavne etablova\u0165 posily postupne. Nie potupne.<\/p>\n\n\n\n<p><strong>Ako dlho by pod\u013ea V\u00e1s mal Everton dr\u017ea\u0165 tr\u00e9nera aj ke\u010f pod\u00e1va zl\u00e9 v\u00fdkony a\u00a0nako\u013eko zl\u00e9 by mali by\u0165 aby odvolal Koemana? Kde le\u017e\u00ed pod\u013ea V\u00e1s t\u00e1 \u010derven\u00e1 \u010diara a\u00a0\u010do by naopak e\u0161te mali fan\u00fa\u0161ikovia trpezlivo tolerova\u0165?<\/strong><\/p>\n\n\n\n<p><strong>Ri\u010di:&nbsp;<\/strong>Pokud se nedostav\u00ed zlep\u0161en\u00ed ani p\u0159ed za\u010d\u00e1tkem jarn\u00ed \u010d\u00e1sti sez\u00f3ny, potom by se Koeman m\u011bl pakovat. D\u0159\u00edv\u011bj\u0161\u00ed odvol\u00e1n\u00ed by p\u0159ipadalo v \u00favahu za p\u0159edpokladu, \u017ee by Koeman ztratil kabinu, hr\u00e1\u010di by na h\u0159i\u0161ti evidentn\u011b nebojovali. Tedy n\u011bco jako posledn\u00ed rok pod Mart\u00ednezem.<\/p>\n\n\n\n<p><strong>Javor:<\/strong>&nbsp;Nen\u00ed pro\u010d a na co \u010dekat s odvol\u00e1n\u00edm Koemana. V\u010dera bylo pozd\u011b. Trp\u011bliv\u00e1 tolerance fanou\u0161k\u016f? To bych za\u010dal \u0159e\u0161it, a\u017e bude nov\u00fd mana\u017eer, ten na ni bude m\u00edt n\u011bjakou dobu pr\u00e1vo.<\/p>\n\n\n\n<p><strong>BlueBlooded:<\/strong>&nbsp;Trpezlivo tolerova\u0165 sa d\u00e1 zohr\u00e1vanie. Ale to, \u010do robia Karamelky, je zahr\u00e1vanie. K\u013e\u00fa\u010dov\u00fd je nasleduj\u00faci mesiac. V \u0148om sa rozhodne, ako \u00faspe\u0161n\u00e1 bude t\u00e1to kampa\u0148 a \u010di sa v\u00f4bec podar\u00ed dodr\u017ea\u0165 3 ro\u010dn\u00fd \u201eprojekt\u201c. Zatia\u013e hr\u00e1\u010di hraj\u00fa. Ke\u010f prestan\u00fa, ako za Mart\u00edneza, bude zle. A Ronald si pri tom v\u00f4bec nepom\u00e1ha. Kto sa boj\u00ed \u00fato\u010di\u0165? Defenz\u00edvny hr\u00e1\u010d na ihrisku, alebo mana\u017e\u00e9r, ktor\u00fd ho postavil?<\/p>\n\n\n\n<p><strong>N\u00e1jdete aj pozit\u00edva v\u00a0r\u00e1mci posledn\u00fdch mesiacov v Evertone? Ak \u00e1no, ak\u00e9? \u010co sa V\u00e1m na s\u00fa\u010dasnom Evertone pozd\u00e1va najviac?<\/strong><\/p>\n\n\n\n<p><strong>Ri\u010di:<\/strong>&nbsp;Ur\u010dit\u011b je to vidina nov\u00e9ho stadionu, na n\u011bj se stra\u0161n\u011b t\u011b\u0161\u00edm. Lib\u00ed se, \u017ee Everton d\u00e1v\u00e1 \u0161anci talentovan\u00fdm Angli\u010dan\u016fm, co\u017e sv\u011bd\u010d\u00ed o v\u00fdborn\u00e9 pr\u00e1ci akademie, a zachov\u00e1v\u00e1 si ostrovn\u00ed tv\u00e1\u0159. Jsem r\u00e1d za Moshiriho, v sou\u010dasn\u00e9 dob\u011b je velk\u00e9 \u0161t\u011bst\u00ed naj\u00edt spr\u00e1vn\u00e9ho majitele, kter\u00e9 je ambici\u00f3zn\u00ed a respektuje historii klubu. Everton \u010dekaj\u00ed zaj\u00edmav\u00e9 roky.<\/p>\n\n\n\n<p><strong>Javor:<\/strong>&nbsp;Ji\u017e jsem chv\u00e1lil n\u011bkter\u00e9 nov\u00e9 n\u00e1kupy. Osobn\u011b se mi l\u00edb\u00ed v\u00fdkony Calverta-Lewina, vypad\u00e1 to, \u017ee by z n\u011bj mohl b\u00fdt nadpr\u016fm\u011brn\u00fd hro\u0165\u00e1k. A po p\u00e1r z\u00e1pasech m\u011b p\u0159\u00edjemn\u011b p\u0159ekvapuje i Vla\u0161i\u0107. A stadion je st\u00e1le p\u011bkn\u00fd.<\/p>\n\n\n\n<p><strong>BlueBlooded:<\/strong>&nbsp;Neskuto\u010dn\u00e1 pr\u00e1ca tejto organiz\u00e1cie mimo tr\u00e1vnikov. Kedyko\u013evek mi je zle z v\u00fdkonov, sta\u010d\u00ed preladi\u0165 na ne-futbalov\u00fa frekvenciu Evertonu a svet je op\u00e4\u0165 kraj\u0161\u00ed, aj v\u010faka nemu&#8230;<\/p>\n","protected":false},"excerpt":{"rendered":"<p>Najvy\u0161\u0161ie v\u00fddavky Evertonu na prestupy v\u00a0hist\u00f3rii, ktor\u00e9 pomohli privies\u0165 zauj\u00edmav\u00fdch hr\u00e1\u010dov v\u00a0najlep\u0161\u00edch rokoch, mlad\u00e9 talenty aj svetov\u00fa hviezdu za zenitom.&hellip;<\/p>\n","protected":false},"author":23,"featured_media":1312,"comment_status":"open","ping_status":"closed","sticky":false,"template":"","format":"standard","meta":{"_eb_attr":"","_monsterinsights_skip_tracking":false,"_monsterinsights_sitenote_active":false,"_monsterinsights_sitenote_note":"","_monsterinsights_sitenote_category":0,"footnotes":""},"categories":[1],"tags":[],"yoast_head":"<!-- This site is optimized with the Yoast SEO plugin v23.4 - https:\/\/yoast.com\/wordpress\/plugins\/seo\/ -->\n<title>Letn\u00e9 prestupov\u00e9 obdobie a \u00favod sez\u00f3ny \u2013 rozhovor s administr\u00e1tormi str\u00e1nky - Official Czech &amp; Slovak Everton Supporters&#039; Club<\/title>\n<meta name=\"robots\" content=\"index, follow, max-snippet:-1, max-image-preview:large, max-video-preview:-1\" \/>\n<link rel=\"canonical\" href=\"https:\/\/evertonfc.cz\/index.php\/2017\/10\/13\/letne-prestupove-obdobie-a-uvod-sezony-rozhovor-s-administratormi-stranky\/\" \/>\n<meta property=\"og:locale\" content=\"cs_CZ\" \/>\n<meta property=\"og:type\" content=\"article\" \/>\n<meta property=\"og:title\" content=\"Letn\u00e9 prestupov\u00e9 obdobie a \u00favod sez\u00f3ny \u2013 rozhovor s administr\u00e1tormi str\u00e1nky - Official Czech &amp; Slovak Everton Supporters&#039; Club\" \/>\n<meta property=\"og:description\" content=\"Najvy\u0161\u0161ie v\u00fddavky Evertonu na prestupy v\u00a0hist\u00f3rii, ktor\u00e9 pomohli privies\u0165 zauj\u00edmav\u00fdch hr\u00e1\u010dov v\u00a0najlep\u0161\u00edch rokoch, mlad\u00e9 talenty aj svetov\u00fa hviezdu za zenitom.&hellip;\" \/>\n<meta property=\"og:url\" content=\"https:\/\/evertonfc.cz\/index.php\/2017\/10\/13\/letne-prestupove-obdobie-a-uvod-sezony-rozhovor-s-administratormi-stranky\/\" \/>\n<meta property=\"og:site_name\" content=\"Official Czech &amp; Slovak Everton Supporters&#039; Club\" \/>\n<meta property=\"article:publisher\" content=\"https:\/\/www.facebook.com\/everton.fans.cz.sk\" \/>\n<meta property=\"article:published_time\" content=\"2017-10-13T18:15:58+00:00\" \/>\n<meta property=\"article:modified_time\" content=\"2019-02-06T19:20:38+00:00\" \/>\n<meta property=\"og:image\" content=\"https:\/\/evertonfc.cz\/wp-content\/uploads\/2019\/01\/interview.jpg\" \/>\n\t<meta property=\"og:image:width\" content=\"720\" \/>\n\t<meta property=\"og:image:height\" content=\"405\" \/>\n\t<meta property=\"og:image:type\" content=\"image\/jpeg\" \/>\n<meta name=\"author\" content=\"Everton1878\" \/>\n<meta name=\"twitter:card\" content=\"summary_large_image\" \/>\n<meta name=\"twitter:label1\" content=\"Napsal(a)\" \/>\n\t<meta name=\"twitter:data1\" content=\"Everton1878\" \/>\n\t<meta name=\"twitter:label2\" content=\"Odhadovan\u00e1 doba \u010dten\u00ed\" \/>\n\t<meta name=\"twitter:data2\" content=\"17 minut\" \/>\n<script type=\"application\/ld+json\" class=\"yoast-schema-graph\">{\"@context\":\"https:\/\/schema.org\",\"@graph\":[{\"@type\":\"Article\",\"@id\":\"https:\/\/evertonfc.cz\/index.php\/2017\/10\/13\/letne-prestupove-obdobie-a-uvod-sezony-rozhovor-s-administratormi-stranky\/#article\",\"isPartOf\":{\"@id\":\"https:\/\/evertonfc.cz\/index.php\/2017\/10\/13\/letne-prestupove-obdobie-a-uvod-sezony-rozhovor-s-administratormi-stranky\/\"},\"author\":{\"name\":\"Everton1878\",\"@id\":\"https:\/\/evertonfc.cz\/#\/schema\/person\/c495ad9c14eabaab7ff243473d85758c\"},\"headline\":\"Letn\u00e9 prestupov\u00e9 obdobie a \u00favod sez\u00f3ny \u2013 rozhovor s administr\u00e1tormi str\u00e1nky\",\"datePublished\":\"2017-10-13T18:15:58+00:00\",\"dateModified\":\"2019-02-06T19:20:38+00:00\",\"mainEntityOfPage\":{\"@id\":\"https:\/\/evertonfc.cz\/index.php\/2017\/10\/13\/letne-prestupove-obdobie-a-uvod-sezony-rozhovor-s-administratormi-stranky\/\"},\"wordCount\":3444,\"commentCount\":0,\"publisher\":{\"@id\":\"https:\/\/evertonfc.cz\/#organization\"},\"image\":{\"@id\":\"https:\/\/evertonfc.cz\/index.php\/2017\/10\/13\/letne-prestupove-obdobie-a-uvod-sezony-rozhovor-s-administratormi-stranky\/#primaryimage\"},\"thumbnailUrl\":\"https:\/\/evertonfc.cz\/wp-content\/uploads\/2019\/01\/interview.jpg\",\"articleSection\":[\"Rozhovory\"],\"inLanguage\":\"cs\",\"potentialAction\":[{\"@type\":\"CommentAction\",\"name\":\"Comment\",\"target\":[\"https:\/\/evertonfc.cz\/index.php\/2017\/10\/13\/letne-prestupove-obdobie-a-uvod-sezony-rozhovor-s-administratormi-stranky\/#respond\"]}]},{\"@type\":\"WebPage\",\"@id\":\"https:\/\/evertonfc.cz\/index.php\/2017\/10\/13\/letne-prestupove-obdobie-a-uvod-sezony-rozhovor-s-administratormi-stranky\/\",\"url\":\"https:\/\/evertonfc.cz\/index.php\/2017\/10\/13\/letne-prestupove-obdobie-a-uvod-sezony-rozhovor-s-administratormi-stranky\/\",\"name\":\"Letn\u00e9 prestupov\u00e9 obdobie a \u00favod sez\u00f3ny \u2013 rozhovor s administr\u00e1tormi str\u00e1nky - Official Czech &amp; Slovak Everton Supporters&#039; Club\",\"isPartOf\":{\"@id\":\"https:\/\/evertonfc.cz\/#website\"},\"primaryImageOfPage\":{\"@id\":\"https:\/\/evertonfc.cz\/index.php\/2017\/10\/13\/letne-prestupove-obdobie-a-uvod-sezony-rozhovor-s-administratormi-stranky\/#primaryimage\"},\"image\":{\"@id\":\"https:\/\/evertonfc.cz\/index.php\/2017\/10\/13\/letne-prestupove-obdobie-a-uvod-sezony-rozhovor-s-administratormi-stranky\/#primaryimage\"},\"thumbnailUrl\":\"https:\/\/evertonfc.cz\/wp-content\/uploads\/2019\/01\/interview.jpg\",\"datePublished\":\"2017-10-13T18:15:58+00:00\",\"dateModified\":\"2019-02-06T19:20:38+00:00\",\"breadcrumb\":{\"@id\":\"https:\/\/evertonfc.cz\/index.php\/2017\/10\/13\/letne-prestupove-obdobie-a-uvod-sezony-rozhovor-s-administratormi-stranky\/#breadcrumb\"},\"inLanguage\":\"cs\",\"potentialAction\":[{\"@type\":\"ReadAction\",\"target\":[\"https:\/\/evertonfc.cz\/index.php\/2017\/10\/13\/letne-prestupove-obdobie-a-uvod-sezony-rozhovor-s-administratormi-stranky\/\"]}]},{\"@type\":\"ImageObject\",\"inLanguage\":\"cs\",\"@id\":\"https:\/\/evertonfc.cz\/index.php\/2017\/10\/13\/letne-prestupove-obdobie-a-uvod-sezony-rozhovor-s-administratormi-stranky\/#primaryimage\",\"url\":\"https:\/\/evertonfc.cz\/wp-content\/uploads\/2019\/01\/interview.jpg\",\"contentUrl\":\"https:\/\/evertonfc.cz\/wp-content\/uploads\/2019\/01\/interview.jpg\",\"width\":720,\"height\":405},{\"@type\":\"BreadcrumbList\",\"@id\":\"https:\/\/evertonfc.cz\/index.php\/2017\/10\/13\/letne-prestupove-obdobie-a-uvod-sezony-rozhovor-s-administratormi-stranky\/#breadcrumb\",\"itemListElement\":[{\"@type\":\"ListItem\",\"position\":1,\"name\":\"Home\",\"item\":\"https:\/\/evertonfc.cz\/\"},{\"@type\":\"ListItem\",\"position\":2,\"name\":\"Letn\u00e9 prestupov\u00e9 obdobie a \u00favod sez\u00f3ny \u2013 rozhovor s administr\u00e1tormi str\u00e1nky\"}]},{\"@type\":\"WebSite\",\"@id\":\"https:\/\/evertonfc.cz\/#website\",\"url\":\"https:\/\/evertonfc.cz\/\",\"name\":\"Official Czech &amp; Slovak Everton Supporters&#039; Club\",\"description\":\"\",\"publisher\":{\"@id\":\"https:\/\/evertonfc.cz\/#organization\"},\"potentialAction\":[{\"@type\":\"SearchAction\",\"target\":{\"@type\":\"EntryPoint\",\"urlTemplate\":\"https:\/\/evertonfc.cz\/?s={search_term_string}\"},\"query-input\":{\"@type\":\"PropertyValueSpecification\",\"valueRequired\":true,\"valueName\":\"search_term_string\"}}],\"inLanguage\":\"cs\"},{\"@type\":\"Organization\",\"@id\":\"https:\/\/evertonfc.cz\/#organization\",\"name\":\"Official Czech & Slovak Everton Supporters' Club\",\"url\":\"https:\/\/evertonfc.cz\/\",\"logo\":{\"@type\":\"ImageObject\",\"inLanguage\":\"cs\",\"@id\":\"https:\/\/evertonfc.cz\/#\/schema\/logo\/image\/\",\"url\":\"https:\/\/evertonfc.cz\/wp-content\/uploads\/2019\/05\/logo.png\",\"contentUrl\":\"https:\/\/evertonfc.cz\/wp-content\/uploads\/2019\/05\/logo.png\",\"width\":112,\"height\":112,\"caption\":\"Official Czech & Slovak Everton Supporters' Club\"},\"image\":{\"@id\":\"https:\/\/evertonfc.cz\/#\/schema\/logo\/image\/\"},\"sameAs\":[\"https:\/\/www.facebook.com\/everton.fans.cz.sk\"]},{\"@type\":\"Person\",\"@id\":\"https:\/\/evertonfc.cz\/#\/schema\/person\/c495ad9c14eabaab7ff243473d85758c\",\"name\":\"Everton1878\",\"url\":\"https:\/\/evertonfc.cz\/index.php\/author\/everton1878\/\"}]}<\/script>\n<!-- \/ Yoast SEO plugin. -->","yoast_head_json":{"title":"Letn\u00e9 prestupov\u00e9 obdobie a \u00favod sez\u00f3ny \u2013 rozhovor s administr\u00e1tormi str\u00e1nky - Official Czech &amp; Slovak Everton Supporters&#039; Club","robots":{"index":"index","follow":"follow","max-snippet":"max-snippet:-1","max-image-preview":"max-image-preview:large","max-video-preview":"max-video-preview:-1"},"canonical":"https:\/\/evertonfc.cz\/index.php\/2017\/10\/13\/letne-prestupove-obdobie-a-uvod-sezony-rozhovor-s-administratormi-stranky\/","og_locale":"cs_CZ","og_type":"article","og_title":"Letn\u00e9 prestupov\u00e9 obdobie a \u00favod sez\u00f3ny \u2013 rozhovor s administr\u00e1tormi str\u00e1nky - Official Czech &amp; Slovak Everton Supporters&#039; Club","og_description":"Najvy\u0161\u0161ie v\u00fddavky Evertonu na prestupy v\u00a0hist\u00f3rii, ktor\u00e9 pomohli privies\u0165 zauj\u00edmav\u00fdch hr\u00e1\u010dov v\u00a0najlep\u0161\u00edch rokoch, mlad\u00e9 talenty aj svetov\u00fa hviezdu za zenitom.&hellip;","og_url":"https:\/\/evertonfc.cz\/index.php\/2017\/10\/13\/letne-prestupove-obdobie-a-uvod-sezony-rozhovor-s-administratormi-stranky\/","og_site_name":"Official Czech &amp; Slovak Everton Supporters&#039; Club","article_publisher":"https:\/\/www.facebook.com\/everton.fans.cz.sk","article_published_time":"2017-10-13T18:15:58+00:00","article_modified_time":"2019-02-06T19:20:38+00:00","og_image":[{"width":720,"height":405,"url":"https:\/\/evertonfc.cz\/wp-content\/uploads\/2019\/01\/interview.jpg","type":"image\/jpeg"}],"author":"Everton1878","twitter_card":"summary_large_image","twitter_misc":{"Napsal(a)":"Everton1878","Odhadovan\u00e1 doba \u010dten\u00ed":"17 minut"},"schema":{"@context":"https:\/\/schema.org","@graph":[{"@type":"Article","@id":"https:\/\/evertonfc.cz\/index.php\/2017\/10\/13\/letne-prestupove-obdobie-a-uvod-sezony-rozhovor-s-administratormi-stranky\/#article","isPartOf":{"@id":"https:\/\/evertonfc.cz\/index.php\/2017\/10\/13\/letne-prestupove-obdobie-a-uvod-sezony-rozhovor-s-administratormi-stranky\/"},"author":{"name":"Everton1878","@id":"https:\/\/evertonfc.cz\/#\/schema\/person\/c495ad9c14eabaab7ff243473d85758c"},"headline":"Letn\u00e9 prestupov\u00e9 obdobie a \u00favod sez\u00f3ny \u2013 rozhovor s administr\u00e1tormi str\u00e1nky","datePublished":"2017-10-13T18:15:58+00:00","dateModified":"2019-02-06T19:20:38+00:00","mainEntityOfPage":{"@id":"https:\/\/evertonfc.cz\/index.php\/2017\/10\/13\/letne-prestupove-obdobie-a-uvod-sezony-rozhovor-s-administratormi-stranky\/"},"wordCount":3444,"commentCount":0,"publisher":{"@id":"https:\/\/evertonfc.cz\/#organization"},"image":{"@id":"https:\/\/evertonfc.cz\/index.php\/2017\/10\/13\/letne-prestupove-obdobie-a-uvod-sezony-rozhovor-s-administratormi-stranky\/#primaryimage"},"thumbnailUrl":"https:\/\/evertonfc.cz\/wp-content\/uploads\/2019\/01\/interview.jpg","articleSection":["Rozhovory"],"inLanguage":"cs","potentialAction":[{"@type":"CommentAction","name":"Comment","target":["https:\/\/evertonfc.cz\/index.php\/2017\/10\/13\/letne-prestupove-obdobie-a-uvod-sezony-rozhovor-s-administratormi-stranky\/#respond"]}]},{"@type":"WebPage","@id":"https:\/\/evertonfc.cz\/index.php\/2017\/10\/13\/letne-prestupove-obdobie-a-uvod-sezony-rozhovor-s-administratormi-stranky\/","url":"https:\/\/evertonfc.cz\/index.php\/2017\/10\/13\/letne-prestupove-obdobie-a-uvod-sezony-rozhovor-s-administratormi-stranky\/","name":"Letn\u00e9 prestupov\u00e9 obdobie a \u00favod sez\u00f3ny \u2013 rozhovor s administr\u00e1tormi str\u00e1nky - Official Czech &amp; Slovak Everton Supporters&#039; Club","isPartOf":{"@id":"https:\/\/evertonfc.cz\/#website"},"primaryImageOfPage":{"@id":"https:\/\/evertonfc.cz\/index.php\/2017\/10\/13\/letne-prestupove-obdobie-a-uvod-sezony-rozhovor-s-administratormi-stranky\/#primaryimage"},"image":{"@id":"https:\/\/evertonfc.cz\/index.php\/2017\/10\/13\/letne-prestupove-obdobie-a-uvod-sezony-rozhovor-s-administratormi-stranky\/#primaryimage"},"thumbnailUrl":"https:\/\/evertonfc.cz\/wp-content\/uploads\/2019\/01\/interview.jpg","datePublished":"2017-10-13T18:15:58+00:00","dateModified":"2019-02-06T19:20:38+00:00","breadcrumb":{"@id":"https:\/\/evertonfc.cz\/index.php\/2017\/10\/13\/letne-prestupove-obdobie-a-uvod-sezony-rozhovor-s-administratormi-stranky\/#breadcrumb"},"inLanguage":"cs","potentialAction":[{"@type":"ReadAction","target":["https:\/\/evertonfc.cz\/index.php\/2017\/10\/13\/letne-prestupove-obdobie-a-uvod-sezony-rozhovor-s-administratormi-stranky\/"]}]},{"@type":"ImageObject","inLanguage":"cs","@id":"https:\/\/evertonfc.cz\/index.php\/2017\/10\/13\/letne-prestupove-obdobie-a-uvod-sezony-rozhovor-s-administratormi-stranky\/#primaryimage","url":"https:\/\/evertonfc.cz\/wp-content\/uploads\/2019\/01\/interview.jpg","contentUrl":"https:\/\/evertonfc.cz\/wp-content\/uploads\/2019\/01\/interview.jpg","width":720,"height":405},{"@type":"BreadcrumbList","@id":"https:\/\/evertonfc.cz\/index.php\/2017\/10\/13\/letne-prestupove-obdobie-a-uvod-sezony-rozhovor-s-administratormi-stranky\/#breadcrumb","itemListElement":[{"@type":"ListItem","position":1,"name":"Home","item":"https:\/\/evertonfc.cz\/"},{"@type":"ListItem","position":2,"name":"Letn\u00e9 prestupov\u00e9 obdobie a \u00favod sez\u00f3ny \u2013 rozhovor s administr\u00e1tormi str\u00e1nky"}]},{"@type":"WebSite","@id":"https:\/\/evertonfc.cz\/#website","url":"https:\/\/evertonfc.cz\/","name":"Official Czech &amp; Slovak Everton Supporters&#039; Club","description":"","publisher":{"@id":"https:\/\/evertonfc.cz\/#organization"},"potentialAction":[{"@type":"SearchAction","target":{"@type":"EntryPoint","urlTemplate":"https:\/\/evertonfc.cz\/?s={search_term_string}"},"query-input":{"@type":"PropertyValueSpecification","valueRequired":true,"valueName":"search_term_string"}}],"inLanguage":"cs"},{"@type":"Organization","@id":"https:\/\/evertonfc.cz\/#organization","name":"Official Czech & Slovak Everton Supporters' Club","url":"https:\/\/evertonfc.cz\/","logo":{"@type":"ImageObject","inLanguage":"cs","@id":"https:\/\/evertonfc.cz\/#\/schema\/logo\/image\/","url":"https:\/\/evertonfc.cz\/wp-content\/uploads\/2019\/05\/logo.png","contentUrl":"https:\/\/evertonfc.cz\/wp-content\/uploads\/2019\/05\/logo.png","width":112,"height":112,"caption":"Official Czech & Slovak Everton Supporters' Club"},"image":{"@id":"https:\/\/evertonfc.cz\/#\/schema\/logo\/image\/"},"sameAs":["https:\/\/www.facebook.com\/everton.fans.cz.sk"]},{"@type":"Person","@id":"https:\/\/evertonfc.cz\/#\/schema\/person\/c495ad9c14eabaab7ff243473d85758c","name":"Everton1878","url":"https:\/\/evertonfc.cz\/index.php\/author\/everton1878\/"}]}},"_links":{"self":[{"href":"https:\/\/evertonfc.cz\/index.php\/wp-json\/wp\/v2\/posts\/2434"}],"collection":[{"href":"https:\/\/evertonfc.cz\/index.php\/wp-json\/wp\/v2\/posts"}],"about":[{"href":"https:\/\/evertonfc.cz\/index.php\/wp-json\/wp\/v2\/types\/post"}],"author":[{"embeddable":true,"href":"https:\/\/evertonfc.cz\/index.php\/wp-json\/wp\/v2\/users\/23"}],"replies":[{"embeddable":true,"href":"https:\/\/evertonfc.cz\/index.php\/wp-json\/wp\/v2\/comments?post=2434"}],"version-history":[{"count":1,"href":"https:\/\/evertonfc.cz\/index.php\/wp-json\/wp\/v2\/posts\/2434\/revisions"}],"predecessor-version":[{"id":2435,"href":"https:\/\/evertonfc.cz\/index.php\/wp-json\/wp\/v2\/posts\/2434\/revisions\/2435"}],"wp:featuredmedia":[{"embeddable":true,"href":"https:\/\/evertonfc.cz\/index.php\/wp-json\/wp\/v2\/media\/1312"}],"wp:attachment":[{"href":"https:\/\/evertonfc.cz\/index.php\/wp-json\/wp\/v2\/media?parent=2434"}],"wp:term":[{"taxonomy":"category","embeddable":true,"href":"https:\/\/evertonfc.cz\/index.php\/wp-json\/wp\/v2\/categories?post=2434"},{"taxonomy":"post_tag","embeddable":true,"href":"https:\/\/evertonfc.cz\/index.php\/wp-json\/wp\/v2\/tags?post=2434"}],"curies":[{"name":"wp","href":"https:\/\/api.w.org\/{rel}","templated":true}]}}