{"id":2436,"date":"2017-10-15T20:20:47","date_gmt":"2017-10-15T18:20:47","guid":{"rendered":"http:\/\/evertonfc.cz\/?p=2436"},"modified":"2021-04-19T14:24:03","modified_gmt":"2021-04-19T12:24:03","slug":"preview-brighton-hove-albion-everton-2","status":"publish","type":"post","link":"https:\/\/evertonfc.cz\/index.php\/2017\/10\/15\/preview-brighton-hove-albion-everton-2\/","title":{"rendered":"Preview: Brighton &#038; Hove Albion &#8211; Everton"},"content":{"rendered":"\r\n<h4 class=\"wp-block-heading\">Konglomer\u00e1t Sky si mysl\u00ed, \u017ee tento duel mu nestoj\u00ed za \u017eiv\u00e9 vysielanie cez prime time, v jeho takzvanej \u201eSuperSunday\u201c. Opak sa bude sna\u017ei\u0165 dok\u00e1za\u0165 stanica Star Sports v Indii.<\/h4>\r\n\r\n\r\n\r\n<p>Je to tak. A viete kto dostal prednos\u0165? Druholigov\u00e9 East Midlands derby, kde sa hr\u00e1 o Brian Clough Trophy. V dne\u0161nom svete, posadnutom komer\u010dn\u00fdmi pr\u00e1vami na \u201e\u0161pi\u010dkov\u00fd\u201c anglick\u00fd futbal, je to priam neuverite\u013en\u00e9. To by n\u00e1m v\u0161ak nemalo prek\u00e1\u017ea\u0165. Rovnako ako z\u00e1vere\u010dn\u00fd s\u00faper z kateg\u00f3rie B. Niekto si mohol poveda\u0165 B ako body. A mohol r\u00e1ta\u0165 s ich pln\u00fdm po\u010dtom po posledn\u00fdch dvoch z\u00e1pasoch. Len\u017ee na L4 sa prer\u00e1tali. U\u017e cez leto. Spolu s fan\u00fa\u0161ikmi, so mnou, s vami&#8230;<\/p>\r\n\r\n\r\n\r\n<h4><em>\u201eBut OK\u201d<\/em><\/h4>\r\n\r\n\r\n\r\n<p>Ronalda to nevyv\u00e1dza z miery. Bez sebemen\u0161ieho n\u00e1znaku pochybnosti o svojom \u00fasudku trv\u00e1 na vlastnej pravde a obhajuje sa, \u010do mu argumenty sta\u010dia. M\u00e9dia ho po ne\u0161\u0165astnej kvalifik\u00e1ci\u00ed rodnej zeme s\u00fadia do role n\u00e1stupcu, no on razantne odmieta. M\u00e1 tu pr\u00e1cu, ktor\u00e1 je prvorad\u00e1. Na tom sa zhodneme. Koeman sa tie\u017e na piatkovej tla\u010dovej konferenci\u00ed po prv\u00fd kr\u00e1t priznal, \u017ee pr\u00edprava cez leto nebola tak\u00e1, ak\u00fa by si predstavoval. Zo zrejm\u00fdch d\u00f4vodov, by to bol logick\u00fd z\u00e1klad pre kritiku ch\u00fdbaj\u00facej zohranosti, priv\u00e1dzaj\u00facej do \u0161ialenstva nejedn\u00e9ho na Gwladys Street. Av\u0161ak len vtedy, ak by sa to t\u00fdkalo nov\u00fdch \u010dlenov k\u00e1dra. Nie e\u0161te aj upratova\u010dky, ktor\u00e1 nevie, \u010di m\u00e1 dres Ashleyho Williamsa vyhodi\u0165, alebo rovno sp\u00e1li\u0165.<\/p>\r\n\r\n\r\n\r\n<p>Dobre, to bolo mo\u017eno pr\u00edli\u0161 tvrd\u00e9. Ale ako si vysvetli\u0165\u00a0<a href=\"http:\/\/www.liverpoolecho.co.uk\/sport\/football\/football-news\/im-playing-evertons-gylfi-sigurdsson-13759307\" target=\"_blank\" rel=\"noreferrer noopener\">\u010fal\u0161ie<\/a>\u00a0mana\u017e\u00e9rove\u00a0<a href=\"http:\/\/www.liverpoolecho.co.uk\/sport\/football\/football-news\/everton-boss-ronald-koeman-says-13758791\" target=\"_blank\" rel=\"noreferrer noopener\">koment\u00e1re<\/a>\u00a0pre Liverpool Echo, hlavne po reprezenta\u010dnej prest\u00e1vke, ke\u010f sa Gylfi op\u00e4\u0165 vr\u00e1til z islandskej slu\u017eby neprekvapivo ako Superman a Williams ako nani\u010dhodn\u00edk?<\/p>\r\n\r\n\r\n\r\n<p><em>\u201ePo prv\u00e9, potrebovali sme \u010das na zistenie, \u010do presne je najlep\u0161ie a ako do toho zakomponova\u0165 nieko\u013eko hr\u00e1\u010dov. Po\u010dul som ve\u013ea \u013eud\u00ed vravie\u0165, \u017ee Gylfi je desiatka, ale minul\u00fa sez\u00f3nu hral najviac z\u00e1pasov za Swansea na \u013eavo. Robia pr\u00edbehy z ni\u010doho.\u201c<\/em><\/p>\r\n\r\n\r\n\r\n<p>Mo\u017eno len fan\u00fa\u0161ikovia vidia nevidite\u013en\u00e9. A kapit\u00e1n Walesu p\u00fa\u0161\u0165a g\u00f3ly naschv\u00e1l. Preto je zaru\u010dene dobrou spr\u00e1vou, \u017ee ten n\u00e1\u0161 kapit\u00e1n je po plnom t\u00fd\u017ed\u0148ovom tr\u00e9ningu sp\u00e4\u0165, pripraven\u00fd nast\u00fapi\u0165. Stop\u00e9rsku dvojicu by MAL preto vytvori\u0165 s Keanom. Rubriku \u201eZra\u0148 sa a Reprezentuj!\u201c tentoraz vynech\u00e1me, preto\u017ee p\u00e1ni z \u00cdrskej reprezent\u00e1cie sa McCarthyho okrem zbyto\u010dn\u00fdch koment\u00e1rov rozhodli vynecha\u0165 a ten si tak kone\u010dne m\u00f4\u017ee za\u010da\u0165 budova\u0165 z\u00e1pasov\u00fa kond\u00edciu u\u017e v stredu za U23. Ak v\u0161etko p\u00f4jde tak ako m\u00e1, vr\u00e1ti\u0165 by sa mohol na \u0161l\u00e1ger s Arsenalom. Mori, Barkley a Lennon boli prehl\u00e1sen\u00ed za kondi\u010dne nesp\u00f4sobil\u00fdch a Coleman s Bolasiem s\u00fa dlhodob\u00ed absent\u00e9ri.<\/p>\r\n\r\n\r\n\r\n<h4><em>\u201e436\u201d<\/em><\/h4>\r\n\r\n\r\n\r\n<p>Presne to\u013eko kilometrov ciest del\u00ed domovsk\u00fd st\u00e1nok vo v\u00fdchodnom Sussexe od Goodison Parku. Inak povedan\u00e9, nov\u00fd dr\u017eite\u013e titulu najvzdialenej\u0161ieho v\u00fdjazdu pre cestuj\u00facich Evertonians. A kto\u017ee ich to priv\u00edta? \u010cajky z najob\u013e\u00fabenej\u0161ej pr\u00edmorskej oblasti v Anglicku. Na vy\u0161e tridsa\u0165 tis\u00edcovom Falmer Stadium, pre reklamn\u00e9 \u00fa\u010dely American Express naz\u00fdvan\u00fd aj Amex Community Stadium, toti\u017e s\u00eddli klub, ktor\u00fd za svoju 116 ro\u010dn\u00fa hist\u00f3riu, odohral v najvy\u0161\u0161ej s\u00fa\u0165a\u017ei spolu s touto len p\u00e4\u0165 sez\u00f3n. Najbli\u017e\u0161ie mali k v\u00fdznamnej trofeji v ro\u010dn\u00edku 1982\/83, kedy vo fin\u00e1le FA Cupu aj s odvetou nesta\u010dili na Manchester United. Klub sa pred dvadsiatimi rokmi ocitol na pokraji bankrotu spolu s vypadnut\u00edm z Football League a \u010do hor\u0161ie, kontroverzne predal vlastn\u00fd \u0161tadi\u00f3n, aby spr\u00e1vna rada splatila aspo\u0148 \u010das\u0165 z dlhov. Viete si to predstavi\u0165? Nevedeli si to po dev\u00e4\u0165desiatich piatich rokoch ani fan\u00fa\u0161ikovia Albionu a preto inv\u00e1zie na ihrisko za \u00fa\u010delom protestov, boli v tej dobe na dennom poriadku. Dnes na mieste Goldstone Ground stoj\u00ed maloobchodn\u00fd park.<\/p>\r\n\r\n\r\n\r\n<p>V smutnom medziobdob\u00ed hr\u00e1vali svoje dom\u00e1ce z\u00e1pasy na Gillinghamskom Priestfield, vzdialenom vy\u0161e 100 kilometrov a n\u00e1sledne na Withdean Stadium. Neby\u0165 dlho-\u017eivotn\u00fdch fan\u00fa\u0161ikov Dicka Knighta a Tonyho Blooma, kto vie \u010di by som teraz p\u00edsal o Brightone. Druh\u00fd menovan\u00fd je ten s\u00fa\u010dasn\u00fd predseda a bol to on, ktor\u00fd do klubu investoval skoro sto mili\u00f3nov na nov\u00fd \u0161tadi\u00f3n. To v\u0161etko napoved\u00e1 o zomknutej fan\u00fa\u0161ikovskej z\u00e1kladni, ktor\u00e1 naozaj stoj\u00ed za klubom v dobrom aj zlom. \u010cajky post\u00fapili minul\u00fd rok v Championship z druh\u00e9ho miesta a ich prvorad\u00fdm cie\u013eom bude samozrejme zotrvanie. \u010ci\u017ee \u010doko\u013evek od 14. po 17. miesto v tabu\u013eke. Hlavne sa vyhn\u00fa\u0165 nesl\u00e1vnemu rekordu Derby a vyhra\u0165 M23&#8230;<\/p>\r\n\r\n\r\n\r\n<p>Prestupov\u00e9 aktivity s\u00fapera v tejto sez\u00f3ne n\u00e1jdete\u00a0<a href=\"https:\/\/www.transfermarkt.co.uk\/brighton-amp-hove-albion\/transfers\/verein\/1237\/saison_id\/2017\/pos\/\/detailpos\/0\/w_s\/\/plus\/1#zugaenge\" target=\"_blank\" rel=\"noreferrer noopener\">tu<\/a>.<\/p>\r\n\r\n\r\n\r\n<h4>Zauj\u00edmav\u00e9 \u0161tatistiky:<\/h4>\r\n\r\n\r\n\r\n<ul>\r\n<li>Everton v lige nevyhral na ihrisku s\u00fapera 11 z\u00e1pasov. Naposledy 21. janu\u00e1ra v Selhurst Parku.<\/li>\r\n<li>V posledn\u00fdch 12 ligov\u00fdch stretnutiach Toffees vstrelili len 6 g\u00f3lov, z toho v siedmych z\u00e1pasoch nesk\u00f3rovali v\u00f4bec.<\/li>\r\n<li>Za 7 k\u00f4l Karamelky vyslali na br\u00e1nu 17 striel. Lukaku len o 2 menej.<\/li>\r\n<li>Ronald Koeman vyhral u s\u00faperov v dvoch sez\u00f3nach u Saints 36,8% z\u00e1pasov (W14, D8, L16). V Evertone zatia\u013e t\u00fato \u0161tatistiku nevylep\u0161uje \u2013 18,2% (W4, D7, L11).<\/li>\r\n<li>Idrissa Gueye spravil od minulej sez\u00f3ny 161 obrann\u00fdch z\u00e1krokov. Najviac v Premier League.<\/li>\r\n<li>Prv\u00fd spolo\u010dn\u00fd z\u00e1pas v\u00f4bec sa odohral v 2. kole FA Cupu roku 1913, s rem\u00edzou 0:0.<\/li>\r\n<li>Av\u0161ak odveta zav\u00e1hanie napravila a Goodison Park sa te\u0161il z v\u00fdhry 1:0.<\/li>\r\n<li>Najv\u00e4\u010d\u0161ia prehra a z\u00e1rove\u0148 prv\u00e1 s t\u00fdmto s\u00faperom, pri\u0161la u\u017e o sez\u00f3nu nesk\u00f4r taktie\u017e v poh\u00e1ri a vonku &#8211; 5:2.<\/li>\r\n<li>Naposledy sme sa s Brightonom stretli v najvy\u0161\u0161ej s\u00fa\u0165a\u017ei 9. apr\u00edla 1983, pri v\u00fdhre na ich tr\u00e1vniku 1:2. Kevin Sheedy sa zaskvel 2 g\u00f3lmi.<\/li>\r\n<li>The Seagulls si posledn\u00e9 v\u00ed\u0165azstvo nad Toffees prip\u00edsali o sez\u00f3nu sk\u00f4r. P\u00edsal sa febru\u00e1r 1982 a na Goldstone Ground vzi\u0161iel v\u00fdsledok 3:1. Za Everton vtedy sk\u00f3roval Adrian Heath.<\/li>\r\n<li>Celkov\u00e1 bilancia proti s\u00faperovi z juhu \u010din\u00ed 5 v\u00fdhier, 4 rem\u00edzy a 2 prehry.<\/li>\r\n<li>Ak by Brighton zajtra vyhral, vyrovnal by tak svoj prvoligov\u00fd rekord 3 dom\u00e1cich v\u00fdhier v rade. Naposledy \u010dosi tak\u00e9 bolo k videniu v septembri 1982.<\/li>\r\n<li>Dom\u00e1cim to strie\u013ea najm\u00e4 doma. 4 z ich 5 ligov\u00fdch g\u00f3lov padlo na Amex Stadium. 6 zo 7 bodov, ktor\u00e9 nazbierali, z\u00edskali tie\u017e na dom\u00e1com ihrisku.<\/li>\r\n<li>Pascal Gross pokryl t\u00fato sez\u00f3nu 82,1 km, ako tret\u00ed najusilovnej\u0161\u00ed v\u00f4bec, hne\u010f za Abdoulayem Doucourem (83,4) a Jackom Corkom (85,1).<\/li>\r\n<li>Odmenou za to vytvoril 15 \u0161anc\u00ed na sk\u00f3rovanie. O 8 viac, ako ktor\u00fdko\u013evek z jeho spoluhr\u00e1\u010dov. O 2 g\u00f3loch a 2 asistenci\u00e1ch ani nehovoriac.<\/li>\r\n<\/ul>\r\n\r\n\r\n\r\n<h4><strong>Ohlas s\u00fapera pred z\u00e1pasom:<\/strong><\/h4>\r\n\r\n\r\n\r\n<p>C. Hughton\u00a0&#8211;<em> \u201eV ka\u017edom t\u00edme, obzvl\u00e1\u0161\u0165 v t\u00fdch najlep\u0161\u00edch, v ktor\u00fdch sa ve\u013ea investuje, je v\u017edy tlak na mana\u017e\u00e9rov. Ale Ronald Koeman je vynikaj\u00faci mana\u017e\u00e9r a dostato\u010dne schopn\u00fd, aby sa vysporiadal s ak\u00fdmko\u013evek tlakom, ktor\u00fd sa mu pritraf\u00ed do cesty. Je spr\u00e1vny \u010das hra\u0165 proti nim? Nie. Mus\u00edte sa pozrie\u0165 sa na t\u00edm a hr\u00e1\u010dov, ktor\u00edm \u010del\u00edte. Stretli sa u\u017e so \u0161tyrmi najlep\u0161\u00edmi t\u00edmami v siedmych z\u00e1pasoch a pravdepodobne neza\u010dali tak, ako si predstavovali. Av\u0161ak so v\u0161etk\u00fdmi ich prostriedkami to pod\u013ea m\u0148a oto\u010dia.\u201c<\/em><\/p>\r\n\r\n\r\n\r\n<p><strong>\u010co:<\/strong>\u00a0Brighton &amp; Hove Albion FC \u2013 Everton FC, 8. kolo Premier League<strong><br \/>Kedy:<\/strong>\u00a015.10. 2017 od 14:30 SE\u010c<strong><br \/>Kde:<\/strong>\u00a0Falmer Stadium &#8211; Village Way, Brighton BN1 9BL, Spojen\u00e9 kr\u00e1\u013eovstvo (kapacita: 30 750)<strong><br \/>Rozhodca:<\/strong>\u00a0M. Oliver\u00a0<strong>Asistenti:\u00a0<\/strong>S. Bennett, S. Burt\u00a0<strong>\u0160tvrt\u00fd rozhodca:\u00a0<\/strong>C. Kavanagh<\/p>\r\n","protected":false},"excerpt":{"rendered":"<p>Konglomer\u00e1t Sky si mysl\u00ed, \u017ee tento duel mu nestoj\u00ed za \u017eiv\u00e9 vysielanie cez prime time, v jeho takzvanej \u201eSuperSunday\u201c. Opak sa bude sna\u017ei\u0165 dok\u00e1za\u0165 stanica Star Sports v Indii.<\/p>\n","protected":false},"author":1,"featured_media":14932,"comment_status":"open","ping_status":"closed","sticky":false,"template":"","format":"standard","meta":{"_eb_attr":"","_monsterinsights_skip_tracking":false,"_monsterinsights_sitenote_active":false,"_monsterinsights_sitenote_note":"","_monsterinsights_sitenote_category":0,"footnotes":""},"categories":[4],"tags":[],"yoast_head":"<!-- This site is optimized with the Yoast SEO plugin v23.4 - https:\/\/yoast.com\/wordpress\/plugins\/seo\/ -->\n<title>Preview: Brighton &amp; Hove Albion - Everton - Official Czech &amp; Slovak Everton Supporters&#039; Club<\/title>\n<meta name=\"robots\" content=\"index, follow, max-snippet:-1, max-image-preview:large, max-video-preview:-1\" \/>\n<link rel=\"canonical\" href=\"https:\/\/evertonfc.cz\/index.php\/2017\/10\/15\/preview-brighton-hove-albion-everton-2\/\" \/>\n<meta property=\"og:locale\" content=\"cs_CZ\" \/>\n<meta property=\"og:type\" content=\"article\" \/>\n<meta property=\"og:title\" content=\"Preview: Brighton &amp; Hove Albion - Everton - Official Czech &amp; Slovak Everton Supporters&#039; Club\" \/>\n<meta property=\"og:description\" content=\"Konglomer\u00e1t Sky si mysl\u00ed, \u017ee tento duel mu nestoj\u00ed za \u017eiv\u00e9 vysielanie cez prime time, v jeho takzvanej \u201eSuperSunday\u201c. Opak sa bude sna\u017ei\u0165 dok\u00e1za\u0165 stanica Star Sports v Indii.\" \/>\n<meta property=\"og:url\" content=\"https:\/\/evertonfc.cz\/index.php\/2017\/10\/15\/preview-brighton-hove-albion-everton-2\/\" \/>\n<meta property=\"og:site_name\" content=\"Official Czech &amp; Slovak Everton Supporters&#039; Club\" \/>\n<meta property=\"article:publisher\" content=\"https:\/\/www.facebook.com\/everton.fans.cz.sk\" \/>\n<meta property=\"article:published_time\" content=\"2017-10-15T18:20:47+00:00\" \/>\n<meta property=\"article:modified_time\" content=\"2021-04-19T12:24:03+00:00\" \/>\n<meta property=\"og:image\" content=\"https:\/\/evertonfc.cz\/wp-content\/uploads\/2021\/04\/Brighton-and-Hove-Albion-VS-Everton.jpg\" \/>\n\t<meta property=\"og:image:width\" content=\"720\" \/>\n\t<meta property=\"og:image:height\" content=\"405\" \/>\n\t<meta property=\"og:image:type\" content=\"image\/jpeg\" \/>\n<meta name=\"author\" content=\"BlueBlooded\" \/>\n<meta name=\"twitter:card\" content=\"summary_large_image\" \/>\n<meta name=\"twitter:label1\" content=\"Napsal(a)\" \/>\n\t<meta name=\"twitter:data1\" content=\"BlueBlooded\" \/>\n\t<meta name=\"twitter:label2\" content=\"Odhadovan\u00e1 doba \u010dten\u00ed\" \/>\n\t<meta name=\"twitter:data2\" content=\"7 minut\" \/>\n<script type=\"application\/ld+json\" class=\"yoast-schema-graph\">{\"@context\":\"https:\/\/schema.org\",\"@graph\":[{\"@type\":\"Article\",\"@id\":\"https:\/\/evertonfc.cz\/index.php\/2017\/10\/15\/preview-brighton-hove-albion-everton-2\/#article\",\"isPartOf\":{\"@id\":\"https:\/\/evertonfc.cz\/index.php\/2017\/10\/15\/preview-brighton-hove-albion-everton-2\/\"},\"author\":{\"name\":\"BlueBlooded\",\"@id\":\"https:\/\/evertonfc.cz\/#\/schema\/person\/d4493b8cbea51532597fbc4685698916\"},\"headline\":\"Preview: Brighton &#038; Hove Albion &#8211; Everton\",\"datePublished\":\"2017-10-15T18:20:47+00:00\",\"dateModified\":\"2021-04-19T12:24:03+00:00\",\"mainEntityOfPage\":{\"@id\":\"https:\/\/evertonfc.cz\/index.php\/2017\/10\/15\/preview-brighton-hove-albion-everton-2\/\"},\"wordCount\":1329,\"commentCount\":0,\"publisher\":{\"@id\":\"https:\/\/evertonfc.cz\/#organization\"},\"image\":{\"@id\":\"https:\/\/evertonfc.cz\/index.php\/2017\/10\/15\/preview-brighton-hove-albion-everton-2\/#primaryimage\"},\"thumbnailUrl\":\"https:\/\/evertonfc.cz\/wp-content\/uploads\/2021\/04\/Brighton-and-Hove-Albion-VS-Everton.jpg\",\"articleSection\":[\"Z\u00e1pasy\"],\"inLanguage\":\"cs\",\"potentialAction\":[{\"@type\":\"CommentAction\",\"name\":\"Comment\",\"target\":[\"https:\/\/evertonfc.cz\/index.php\/2017\/10\/15\/preview-brighton-hove-albion-everton-2\/#respond\"]}]},{\"@type\":\"WebPage\",\"@id\":\"https:\/\/evertonfc.cz\/index.php\/2017\/10\/15\/preview-brighton-hove-albion-everton-2\/\",\"url\":\"https:\/\/evertonfc.cz\/index.php\/2017\/10\/15\/preview-brighton-hove-albion-everton-2\/\",\"name\":\"Preview: Brighton & Hove Albion - Everton - Official Czech &amp; Slovak Everton Supporters&#039; Club\",\"isPartOf\":{\"@id\":\"https:\/\/evertonfc.cz\/#website\"},\"primaryImageOfPage\":{\"@id\":\"https:\/\/evertonfc.cz\/index.php\/2017\/10\/15\/preview-brighton-hove-albion-everton-2\/#primaryimage\"},\"image\":{\"@id\":\"https:\/\/evertonfc.cz\/index.php\/2017\/10\/15\/preview-brighton-hove-albion-everton-2\/#primaryimage\"},\"thumbnailUrl\":\"https:\/\/evertonfc.cz\/wp-content\/uploads\/2021\/04\/Brighton-and-Hove-Albion-VS-Everton.jpg\",\"datePublished\":\"2017-10-15T18:20:47+00:00\",\"dateModified\":\"2021-04-19T12:24:03+00:00\",\"breadcrumb\":{\"@id\":\"https:\/\/evertonfc.cz\/index.php\/2017\/10\/15\/preview-brighton-hove-albion-everton-2\/#breadcrumb\"},\"inLanguage\":\"cs\",\"potentialAction\":[{\"@type\":\"ReadAction\",\"target\":[\"https:\/\/evertonfc.cz\/index.php\/2017\/10\/15\/preview-brighton-hove-albion-everton-2\/\"]}]},{\"@type\":\"ImageObject\",\"inLanguage\":\"cs\",\"@id\":\"https:\/\/evertonfc.cz\/index.php\/2017\/10\/15\/preview-brighton-hove-albion-everton-2\/#primaryimage\",\"url\":\"https:\/\/evertonfc.cz\/wp-content\/uploads\/2021\/04\/Brighton-and-Hove-Albion-VS-Everton.jpg\",\"contentUrl\":\"https:\/\/evertonfc.cz\/wp-content\/uploads\/2021\/04\/Brighton-and-Hove-Albion-VS-Everton.jpg\",\"width\":720,\"height\":405},{\"@type\":\"BreadcrumbList\",\"@id\":\"https:\/\/evertonfc.cz\/index.php\/2017\/10\/15\/preview-brighton-hove-albion-everton-2\/#breadcrumb\",\"itemListElement\":[{\"@type\":\"ListItem\",\"position\":1,\"name\":\"Home\",\"item\":\"https:\/\/evertonfc.cz\/\"},{\"@type\":\"ListItem\",\"position\":2,\"name\":\"Preview: Brighton &#038; Hove Albion &#8211; Everton\"}]},{\"@type\":\"WebSite\",\"@id\":\"https:\/\/evertonfc.cz\/#website\",\"url\":\"https:\/\/evertonfc.cz\/\",\"name\":\"Official Czech &amp; Slovak Everton Supporters&#039; Club\",\"description\":\"\",\"publisher\":{\"@id\":\"https:\/\/evertonfc.cz\/#organization\"},\"potentialAction\":[{\"@type\":\"SearchAction\",\"target\":{\"@type\":\"EntryPoint\",\"urlTemplate\":\"https:\/\/evertonfc.cz\/?s={search_term_string}\"},\"query-input\":{\"@type\":\"PropertyValueSpecification\",\"valueRequired\":true,\"valueName\":\"search_term_string\"}}],\"inLanguage\":\"cs\"},{\"@type\":\"Organization\",\"@id\":\"https:\/\/evertonfc.cz\/#organization\",\"name\":\"Official Czech & Slovak Everton Supporters' Club\",\"url\":\"https:\/\/evertonfc.cz\/\",\"logo\":{\"@type\":\"ImageObject\",\"inLanguage\":\"cs\",\"@id\":\"https:\/\/evertonfc.cz\/#\/schema\/logo\/image\/\",\"url\":\"https:\/\/evertonfc.cz\/wp-content\/uploads\/2019\/05\/logo.png\",\"contentUrl\":\"https:\/\/evertonfc.cz\/wp-content\/uploads\/2019\/05\/logo.png\",\"width\":112,\"height\":112,\"caption\":\"Official Czech & Slovak Everton Supporters' Club\"},\"image\":{\"@id\":\"https:\/\/evertonfc.cz\/#\/schema\/logo\/image\/\"},\"sameAs\":[\"https:\/\/www.facebook.com\/everton.fans.cz.sk\"]},{\"@type\":\"Person\",\"@id\":\"https:\/\/evertonfc.cz\/#\/schema\/person\/d4493b8cbea51532597fbc4685698916\",\"name\":\"BlueBlooded\",\"url\":\"https:\/\/evertonfc.cz\/index.php\/author\/admin\/\"}]}<\/script>\n<!-- \/ Yoast SEO plugin. -->","yoast_head_json":{"title":"Preview: Brighton & Hove Albion - Everton - Official Czech &amp; Slovak Everton Supporters&#039; Club","robots":{"index":"index","follow":"follow","max-snippet":"max-snippet:-1","max-image-preview":"max-image-preview:large","max-video-preview":"max-video-preview:-1"},"canonical":"https:\/\/evertonfc.cz\/index.php\/2017\/10\/15\/preview-brighton-hove-albion-everton-2\/","og_locale":"cs_CZ","og_type":"article","og_title":"Preview: Brighton & Hove Albion - Everton - Official Czech &amp; Slovak Everton Supporters&#039; Club","og_description":"Konglomer\u00e1t Sky si mysl\u00ed, \u017ee tento duel mu nestoj\u00ed za \u017eiv\u00e9 vysielanie cez prime time, v jeho takzvanej \u201eSuperSunday\u201c. Opak sa bude sna\u017ei\u0165 dok\u00e1za\u0165 stanica Star Sports v Indii.","og_url":"https:\/\/evertonfc.cz\/index.php\/2017\/10\/15\/preview-brighton-hove-albion-everton-2\/","og_site_name":"Official Czech &amp; Slovak Everton Supporters&#039; Club","article_publisher":"https:\/\/www.facebook.com\/everton.fans.cz.sk","article_published_time":"2017-10-15T18:20:47+00:00","article_modified_time":"2021-04-19T12:24:03+00:00","og_image":[{"width":720,"height":405,"url":"https:\/\/evertonfc.cz\/wp-content\/uploads\/2021\/04\/Brighton-and-Hove-Albion-VS-Everton.jpg","type":"image\/jpeg"}],"author":"BlueBlooded","twitter_card":"summary_large_image","twitter_misc":{"Napsal(a)":"BlueBlooded","Odhadovan\u00e1 doba \u010dten\u00ed":"7 minut"},"schema":{"@context":"https:\/\/schema.org","@graph":[{"@type":"Article","@id":"https:\/\/evertonfc.cz\/index.php\/2017\/10\/15\/preview-brighton-hove-albion-everton-2\/#article","isPartOf":{"@id":"https:\/\/evertonfc.cz\/index.php\/2017\/10\/15\/preview-brighton-hove-albion-everton-2\/"},"author":{"name":"BlueBlooded","@id":"https:\/\/evertonfc.cz\/#\/schema\/person\/d4493b8cbea51532597fbc4685698916"},"headline":"Preview: Brighton &#038; Hove Albion &#8211; Everton","datePublished":"2017-10-15T18:20:47+00:00","dateModified":"2021-04-19T12:24:03+00:00","mainEntityOfPage":{"@id":"https:\/\/evertonfc.cz\/index.php\/2017\/10\/15\/preview-brighton-hove-albion-everton-2\/"},"wordCount":1329,"commentCount":0,"publisher":{"@id":"https:\/\/evertonfc.cz\/#organization"},"image":{"@id":"https:\/\/evertonfc.cz\/index.php\/2017\/10\/15\/preview-brighton-hove-albion-everton-2\/#primaryimage"},"thumbnailUrl":"https:\/\/evertonfc.cz\/wp-content\/uploads\/2021\/04\/Brighton-and-Hove-Albion-VS-Everton.jpg","articleSection":["Z\u00e1pasy"],"inLanguage":"cs","potentialAction":[{"@type":"CommentAction","name":"Comment","target":["https:\/\/evertonfc.cz\/index.php\/2017\/10\/15\/preview-brighton-hove-albion-everton-2\/#respond"]}]},{"@type":"WebPage","@id":"https:\/\/evertonfc.cz\/index.php\/2017\/10\/15\/preview-brighton-hove-albion-everton-2\/","url":"https:\/\/evertonfc.cz\/index.php\/2017\/10\/15\/preview-brighton-hove-albion-everton-2\/","name":"Preview: Brighton & Hove Albion - Everton - Official Czech &amp; Slovak Everton Supporters&#039; Club","isPartOf":{"@id":"https:\/\/evertonfc.cz\/#website"},"primaryImageOfPage":{"@id":"https:\/\/evertonfc.cz\/index.php\/2017\/10\/15\/preview-brighton-hove-albion-everton-2\/#primaryimage"},"image":{"@id":"https:\/\/evertonfc.cz\/index.php\/2017\/10\/15\/preview-brighton-hove-albion-everton-2\/#primaryimage"},"thumbnailUrl":"https:\/\/evertonfc.cz\/wp-content\/uploads\/2021\/04\/Brighton-and-Hove-Albion-VS-Everton.jpg","datePublished":"2017-10-15T18:20:47+00:00","dateModified":"2021-04-19T12:24:03+00:00","breadcrumb":{"@id":"https:\/\/evertonfc.cz\/index.php\/2017\/10\/15\/preview-brighton-hove-albion-everton-2\/#breadcrumb"},"inLanguage":"cs","potentialAction":[{"@type":"ReadAction","target":["https:\/\/evertonfc.cz\/index.php\/2017\/10\/15\/preview-brighton-hove-albion-everton-2\/"]}]},{"@type":"ImageObject","inLanguage":"cs","@id":"https:\/\/evertonfc.cz\/index.php\/2017\/10\/15\/preview-brighton-hove-albion-everton-2\/#primaryimage","url":"https:\/\/evertonfc.cz\/wp-content\/uploads\/2021\/04\/Brighton-and-Hove-Albion-VS-Everton.jpg","contentUrl":"https:\/\/evertonfc.cz\/wp-content\/uploads\/2021\/04\/Brighton-and-Hove-Albion-VS-Everton.jpg","width":720,"height":405},{"@type":"BreadcrumbList","@id":"https:\/\/evertonfc.cz\/index.php\/2017\/10\/15\/preview-brighton-hove-albion-everton-2\/#breadcrumb","itemListElement":[{"@type":"ListItem","position":1,"name":"Home","item":"https:\/\/evertonfc.cz\/"},{"@type":"ListItem","position":2,"name":"Preview: Brighton &#038; Hove Albion &#8211; Everton"}]},{"@type":"WebSite","@id":"https:\/\/evertonfc.cz\/#website","url":"https:\/\/evertonfc.cz\/","name":"Official Czech &amp; Slovak Everton Supporters&#039; Club","description":"","publisher":{"@id":"https:\/\/evertonfc.cz\/#organization"},"potentialAction":[{"@type":"SearchAction","target":{"@type":"EntryPoint","urlTemplate":"https:\/\/evertonfc.cz\/?s={search_term_string}"},"query-input":{"@type":"PropertyValueSpecification","valueRequired":true,"valueName":"search_term_string"}}],"inLanguage":"cs"},{"@type":"Organization","@id":"https:\/\/evertonfc.cz\/#organization","name":"Official Czech & Slovak Everton Supporters' Club","url":"https:\/\/evertonfc.cz\/","logo":{"@type":"ImageObject","inLanguage":"cs","@id":"https:\/\/evertonfc.cz\/#\/schema\/logo\/image\/","url":"https:\/\/evertonfc.cz\/wp-content\/uploads\/2019\/05\/logo.png","contentUrl":"https:\/\/evertonfc.cz\/wp-content\/uploads\/2019\/05\/logo.png","width":112,"height":112,"caption":"Official Czech & Slovak Everton Supporters' Club"},"image":{"@id":"https:\/\/evertonfc.cz\/#\/schema\/logo\/image\/"},"sameAs":["https:\/\/www.facebook.com\/everton.fans.cz.sk"]},{"@type":"Person","@id":"https:\/\/evertonfc.cz\/#\/schema\/person\/d4493b8cbea51532597fbc4685698916","name":"BlueBlooded","url":"https:\/\/evertonfc.cz\/index.php\/author\/admin\/"}]}},"_links":{"self":[{"href":"https:\/\/evertonfc.cz\/index.php\/wp-json\/wp\/v2\/posts\/2436"}],"collection":[{"href":"https:\/\/evertonfc.cz\/index.php\/wp-json\/wp\/v2\/posts"}],"about":[{"href":"https:\/\/evertonfc.cz\/index.php\/wp-json\/wp\/v2\/types\/post"}],"author":[{"embeddable":true,"href":"https:\/\/evertonfc.cz\/index.php\/wp-json\/wp\/v2\/users\/1"}],"replies":[{"embeddable":true,"href":"https:\/\/evertonfc.cz\/index.php\/wp-json\/wp\/v2\/comments?post=2436"}],"version-history":[{"count":5,"href":"https:\/\/evertonfc.cz\/index.php\/wp-json\/wp\/v2\/posts\/2436\/revisions"}],"predecessor-version":[{"id":12240,"href":"https:\/\/evertonfc.cz\/index.php\/wp-json\/wp\/v2\/posts\/2436\/revisions\/12240"}],"wp:featuredmedia":[{"embeddable":true,"href":"https:\/\/evertonfc.cz\/index.php\/wp-json\/wp\/v2\/media\/14932"}],"wp:attachment":[{"href":"https:\/\/evertonfc.cz\/index.php\/wp-json\/wp\/v2\/media?parent=2436"}],"wp:term":[{"taxonomy":"category","embeddable":true,"href":"https:\/\/evertonfc.cz\/index.php\/wp-json\/wp\/v2\/categories?post=2436"},{"taxonomy":"post_tag","embeddable":true,"href":"https:\/\/evertonfc.cz\/index.php\/wp-json\/wp\/v2\/tags?post=2436"}],"curies":[{"name":"wp","href":"https:\/\/api.w.org\/{rel}","templated":true}]}}