{"id":2440,"date":"2017-10-18T20:26:34","date_gmt":"2017-10-18T18:26:34","guid":{"rendered":"http:\/\/evertonfc.cz\/?p=2440"},"modified":"2019-02-06T20:27:28","modified_gmt":"2019-02-06T19:27:28","slug":"el-preview-everton-lyon","status":"publish","type":"post","link":"https:\/\/evertonfc.cz\/index.php\/2017\/10\/18\/el-preview-everton-lyon\/","title":{"rendered":"EL Preview: Everton &#8211; Lyon"},"content":{"rendered":"\n<h4 class=\"wp-block-heading\">Jestli\u017ee v 38 kol dlouh\u00e9 Premier League Everton dostane \u0161anci napravit nepoveden\u00fd start do sez\u00f3ny, v\u00a0z\u00e1kladn\u00ed skupin\u011b Evropsk\u00e9 ligy je to jin\u00e1. O d\u016fle\u017eitosti z\u00e1pasu s Lyonem net\u0159eba polemizovat.<\/h4>\n\n\n\n<p>Po v\u00fdbuchu v It\u00e1lii s Atalantou si Toffees na dom\u00e1c\u00ed p\u016fd\u011b pod\u011blili body s podpr\u016fm\u011brn\u00fdm Apollonem Limassol. K jejich \u0161t\u011bst\u00ed je v\u0161ak skupina E pln\u00e1 rem\u00edz, a tak st\u00e1le existuje \u0161ance na postup do jarn\u00ed vy\u0159azovac\u00ed f\u00e1ze sout\u011b\u017ee.<\/p>\n\n\n\n<p>Je tu ale mal\u00fd h\u00e1\u010dek \u2013 nutnost porazit dvoubodov\u00fd Lyon.<\/p>\n\n\n\n<p>\u017de se nejedn\u00e1 o lehk\u00fd \u00fakol, na Goodison Parku dob\u0159e v\u011bd\u00ed. V\u017edy\u0165 od v\u00fdhry nad Hajdukem Split z poloviny srpna Everton v n\u00e1sleduj\u00edc\u00edch 12 z\u00e1pasech zdolal pouze Sunderland v Ligov\u00e9m poh\u00e1ru a Bournemouth v lize.<\/p>\n\n\n\n<p>V\u00fdsledkov\u00e1 krize jde ruku v ruce s hern\u00edm str\u00e1d\u00e1n\u00edm. Koeman, a\u010d \u010dasto m\u011bn\u00ed rozestaven\u00ed, pov\u011bt\u0161inou s\u00e1z\u00ed st\u00e1le na stejn\u00e9 kon\u011b, a tak lze \u010dekat, \u017ee i ve \u010dtvrtek vyb\u011bhne na h\u0159i\u0161t\u011b dvojice defenzivn\u00edch z\u00e1lo\u017en\u00edk\u016f Schneiderlin, Gueye a dva typov\u011b podobn\u00ed a tr\u00e1p\u00edc\u00ed se Sigurdsson s Rooneym, kte\u0159\u00ed si v ofenziv\u011b vedle sebe evidentn\u011b p\u0159ek\u00e1\u017e\u00ed. A jedno, jestli jeden hraje z k\u0159\u00eddle \u010di podhrotu a druh\u00fd z podhrotu \u010di \u00fatoku.<\/p>\n\n\n\n<p>Everton st\u00e1le nepo\u010d\u00edt\u00e1 s dlouhodob\u011b zran\u011bn\u00fdmi Colemanem, Funesem Morim, Barkleym, Bolasiem a postr\u00e1dat bude rovn\u011b\u017e Oumara Niasseho. Senegalec nebyl za\u0159azen na soupisku Evropsk\u00e9 ligy, a tak se ho jej\u00ed podzimn\u00ed \u010d\u00e1st net\u00fdk\u00e1. Kondici nab\u00edraj\u00edc\u00ed McCarthy ve st\u0159edu absolvoval polo\u010das za rezervu a pro prvn\u00ed t\u00fdm bude vyu\u017eiteln\u00fd nejd\u0159\u00edve na v\u00edkendov\u00e9 utk\u00e1n\u00ed s Arsenalem. Mlad\u00edk Kenny, jen\u017e si z reprezenta\u010dn\u00edho srazu v\u00fdb\u011bru Anglie do 21 let odnesl men\u0161\u00ed zran\u011bn\u00ed, se v den z\u00e1pasu podrob\u00ed vy\u0161et\u0159en\u00ed, aby se zjistilo, zda bude moci nastoupit.<\/p>\n\n\n\n<p>Olympique Lyonnais p\u0159icestoval na Merseyside povzbuzen p\u00e1te\u010dn\u00edm ligov\u00fdm triumfem 3:2 nad Monakem, kter\u00fd p\u0159ed zraky vlastn\u00ed fanou\u0161k\u016f a\u017e v p\u00e1t\u00e9 minut\u011b nastaven\u00ed vyst\u0159elilo ofenzivn\u00ed eso Nabil Fekir. Pr\u00e1v\u011b tento francouzsk\u00fd reprezentant a jeho kolegov\u00e9 z \u00fatoku Traor\u00e9 a Depay maj\u00ed dostate\u010dn\u00e9 kvality, aby pozlobili Everton.<\/p>\n\n\n\n<p>Naopak v obran\u011b m\u00e1 lo\u0148sk\u00fd semifinalista Evropsk\u00e9 ligy a aktu\u00e1ln\u011b \u0161est\u00fdm t\u00fdm francouzsk\u00e9 Ligue 1 zna\u010dn\u00e9 mezery, neporaziteln\u00fd tedy rozhodn\u011b nen\u00ed.<\/p>\n\n\n\n<p>Tren\u00e9rovi Brunovi G\u00e9n\u00e9siovi, kter\u00fd se narodil p\u0159\u00edmo v Lyonu a za klub potil dres mezi lety 1985 a\u017e 1995, chyb\u00ed hned zran\u011bn\u00e1 p\u011btice hr\u00e1\u010d\u016f. Kouzlo no\u010dn\u00edho Goodison Parku neokus\u00ed Pape Cheikh Diop, Clement Grenier, Jeremy Morel, Ferland Mendy a Mariano Diaz.<\/p>\n\n\n\n<p>Probl\u00e9mem jsou hlavn\u011b absence posledn\u011b t\u0159ech jmenovan\u00fdch. Morel a Mendy jsou stabiln\u00edmi \u010dleny obrany a \u00fato\u010dn\u00edkovi Marianovi se od letn\u00edho p\u0159\u00edchodu z Realu Madrid velmi da\u0159\u00ed, v 11 z\u00e1pasech nas\u00e1zel sedm branek.<\/p>\n\n\n\n<p>Utk\u00e1n\u00ed vys\u00edl\u00e1 p\u0159\u00edm\u00fdm p\u0159enosem stanice Nova sport 2.<\/p>\n\n\n\n<p><strong>Co:<\/strong>&nbsp;Everton FC &#8211; Olympique Lyonnais, Evropsk\u00e1 liga &#8211; z\u00e1kladn\u00ed skupina E, 3. hrac\u00ed den<br><strong>Kdy:<\/strong>&nbsp;19. 10. 2017 od 21:05 SE\u010c<br><strong>Kde:<\/strong>&nbsp;Goodison Park, Liverpool (kapacita: 40 221)<br><strong>Rozhod\u010d\u00ed:<\/strong>&nbsp;Bas Nijhuis (Niz.)<\/p>\n","protected":false},"excerpt":{"rendered":"<p>Jestli\u017ee v 38 kol dlouh\u00e9 Premier League Everton dostane \u0161anci napravit nepoveden\u00fd start do sez\u00f3ny, v\u00a0z\u00e1kladn\u00ed skupin\u011b Evropsk\u00e9 ligy je&hellip;<\/p>\n","protected":false},"author":6,"featured_media":1314,"comment_status":"open","ping_status":"closed","sticky":false,"template":"","format":"standard","meta":{"_eb_attr":"","_monsterinsights_skip_tracking":false,"_monsterinsights_sitenote_active":false,"_monsterinsights_sitenote_note":"","_monsterinsights_sitenote_category":0,"footnotes":""},"categories":[4],"tags":[],"yoast_head":"<!-- This site is optimized with the Yoast SEO plugin v23.4 - https:\/\/yoast.com\/wordpress\/plugins\/seo\/ -->\n<title>EL Preview: Everton - Lyon - Official Czech &amp; Slovak Everton Supporters&#039; Club<\/title>\n<meta name=\"robots\" content=\"index, follow, max-snippet:-1, max-image-preview:large, max-video-preview:-1\" \/>\n<link rel=\"canonical\" href=\"https:\/\/evertonfc.cz\/index.php\/2017\/10\/18\/el-preview-everton-lyon\/\" \/>\n<meta property=\"og:locale\" content=\"cs_CZ\" \/>\n<meta property=\"og:type\" content=\"article\" \/>\n<meta property=\"og:title\" content=\"EL Preview: Everton - Lyon - Official Czech &amp; Slovak Everton Supporters&#039; Club\" \/>\n<meta property=\"og:description\" content=\"Jestli\u017ee v 38 kol dlouh\u00e9 Premier League Everton dostane \u0161anci napravit nepoveden\u00fd start do sez\u00f3ny, v\u00a0z\u00e1kladn\u00ed skupin\u011b Evropsk\u00e9 ligy je&hellip;\" \/>\n<meta property=\"og:url\" content=\"https:\/\/evertonfc.cz\/index.php\/2017\/10\/18\/el-preview-everton-lyon\/\" \/>\n<meta property=\"og:site_name\" content=\"Official Czech &amp; Slovak Everton Supporters&#039; Club\" \/>\n<meta property=\"article:publisher\" content=\"https:\/\/www.facebook.com\/everton.fans.cz.sk\" \/>\n<meta property=\"article:published_time\" content=\"2017-10-18T18:26:34+00:00\" \/>\n<meta property=\"article:modified_time\" content=\"2019-02-06T19:27:28+00:00\" \/>\n<meta property=\"og:image\" content=\"https:\/\/evertonfc.cz\/wp-content\/uploads\/2019\/01\/preview.jpg\" \/>\n\t<meta property=\"og:image:width\" content=\"720\" \/>\n\t<meta property=\"og:image:height\" content=\"405\" \/>\n\t<meta property=\"og:image:type\" content=\"image\/jpeg\" \/>\n<meta name=\"author\" content=\"Ri\u010di\" \/>\n<meta name=\"twitter:card\" content=\"summary_large_image\" \/>\n<meta name=\"twitter:creator\" content=\"@rbrejsa\" \/>\n<meta name=\"twitter:label1\" content=\"Napsal(a)\" \/>\n\t<meta name=\"twitter:data1\" content=\"Ri\u010di\" \/>\n\t<meta name=\"twitter:label2\" content=\"Odhadovan\u00e1 doba \u010dten\u00ed\" \/>\n\t<meta name=\"twitter:data2\" content=\"3 minuty\" \/>\n<script type=\"application\/ld+json\" class=\"yoast-schema-graph\">{\"@context\":\"https:\/\/schema.org\",\"@graph\":[{\"@type\":\"Article\",\"@id\":\"https:\/\/evertonfc.cz\/index.php\/2017\/10\/18\/el-preview-everton-lyon\/#article\",\"isPartOf\":{\"@id\":\"https:\/\/evertonfc.cz\/index.php\/2017\/10\/18\/el-preview-everton-lyon\/\"},\"author\":{\"name\":\"Ri\u010di\",\"@id\":\"https:\/\/evertonfc.cz\/#\/schema\/person\/f7a5daedb2ffee98480bc70e191aaef1\"},\"headline\":\"EL Preview: Everton &#8211; Lyon\",\"datePublished\":\"2017-10-18T18:26:34+00:00\",\"dateModified\":\"2019-02-06T19:27:28+00:00\",\"mainEntityOfPage\":{\"@id\":\"https:\/\/evertonfc.cz\/index.php\/2017\/10\/18\/el-preview-everton-lyon\/\"},\"wordCount\":554,\"commentCount\":0,\"publisher\":{\"@id\":\"https:\/\/evertonfc.cz\/#organization\"},\"image\":{\"@id\":\"https:\/\/evertonfc.cz\/index.php\/2017\/10\/18\/el-preview-everton-lyon\/#primaryimage\"},\"thumbnailUrl\":\"https:\/\/evertonfc.cz\/wp-content\/uploads\/2019\/01\/preview.jpg\",\"articleSection\":[\"Z\u00e1pasy\"],\"inLanguage\":\"cs\",\"potentialAction\":[{\"@type\":\"CommentAction\",\"name\":\"Comment\",\"target\":[\"https:\/\/evertonfc.cz\/index.php\/2017\/10\/18\/el-preview-everton-lyon\/#respond\"]}]},{\"@type\":\"WebPage\",\"@id\":\"https:\/\/evertonfc.cz\/index.php\/2017\/10\/18\/el-preview-everton-lyon\/\",\"url\":\"https:\/\/evertonfc.cz\/index.php\/2017\/10\/18\/el-preview-everton-lyon\/\",\"name\":\"EL Preview: Everton - Lyon - Official Czech &amp; Slovak Everton Supporters&#039; Club\",\"isPartOf\":{\"@id\":\"https:\/\/evertonfc.cz\/#website\"},\"primaryImageOfPage\":{\"@id\":\"https:\/\/evertonfc.cz\/index.php\/2017\/10\/18\/el-preview-everton-lyon\/#primaryimage\"},\"image\":{\"@id\":\"https:\/\/evertonfc.cz\/index.php\/2017\/10\/18\/el-preview-everton-lyon\/#primaryimage\"},\"thumbnailUrl\":\"https:\/\/evertonfc.cz\/wp-content\/uploads\/2019\/01\/preview.jpg\",\"datePublished\":\"2017-10-18T18:26:34+00:00\",\"dateModified\":\"2019-02-06T19:27:28+00:00\",\"breadcrumb\":{\"@id\":\"https:\/\/evertonfc.cz\/index.php\/2017\/10\/18\/el-preview-everton-lyon\/#breadcrumb\"},\"inLanguage\":\"cs\",\"potentialAction\":[{\"@type\":\"ReadAction\",\"target\":[\"https:\/\/evertonfc.cz\/index.php\/2017\/10\/18\/el-preview-everton-lyon\/\"]}]},{\"@type\":\"ImageObject\",\"inLanguage\":\"cs\",\"@id\":\"https:\/\/evertonfc.cz\/index.php\/2017\/10\/18\/el-preview-everton-lyon\/#primaryimage\",\"url\":\"https:\/\/evertonfc.cz\/wp-content\/uploads\/2019\/01\/preview.jpg\",\"contentUrl\":\"https:\/\/evertonfc.cz\/wp-content\/uploads\/2019\/01\/preview.jpg\",\"width\":720,\"height\":405},{\"@type\":\"BreadcrumbList\",\"@id\":\"https:\/\/evertonfc.cz\/index.php\/2017\/10\/18\/el-preview-everton-lyon\/#breadcrumb\",\"itemListElement\":[{\"@type\":\"ListItem\",\"position\":1,\"name\":\"Home\",\"item\":\"https:\/\/evertonfc.cz\/\"},{\"@type\":\"ListItem\",\"position\":2,\"name\":\"EL Preview: Everton &#8211; Lyon\"}]},{\"@type\":\"WebSite\",\"@id\":\"https:\/\/evertonfc.cz\/#website\",\"url\":\"https:\/\/evertonfc.cz\/\",\"name\":\"Official Czech &amp; Slovak Everton Supporters&#039; Club\",\"description\":\"\",\"publisher\":{\"@id\":\"https:\/\/evertonfc.cz\/#organization\"},\"potentialAction\":[{\"@type\":\"SearchAction\",\"target\":{\"@type\":\"EntryPoint\",\"urlTemplate\":\"https:\/\/evertonfc.cz\/?s={search_term_string}\"},\"query-input\":{\"@type\":\"PropertyValueSpecification\",\"valueRequired\":true,\"valueName\":\"search_term_string\"}}],\"inLanguage\":\"cs\"},{\"@type\":\"Organization\",\"@id\":\"https:\/\/evertonfc.cz\/#organization\",\"name\":\"Official Czech & Slovak Everton Supporters' Club\",\"url\":\"https:\/\/evertonfc.cz\/\",\"logo\":{\"@type\":\"ImageObject\",\"inLanguage\":\"cs\",\"@id\":\"https:\/\/evertonfc.cz\/#\/schema\/logo\/image\/\",\"url\":\"https:\/\/evertonfc.cz\/wp-content\/uploads\/2019\/05\/logo.png\",\"contentUrl\":\"https:\/\/evertonfc.cz\/wp-content\/uploads\/2019\/05\/logo.png\",\"width\":112,\"height\":112,\"caption\":\"Official Czech & Slovak Everton Supporters' Club\"},\"image\":{\"@id\":\"https:\/\/evertonfc.cz\/#\/schema\/logo\/image\/\"},\"sameAs\":[\"https:\/\/www.facebook.com\/everton.fans.cz.sk\"]},{\"@type\":\"Person\",\"@id\":\"https:\/\/evertonfc.cz\/#\/schema\/person\/f7a5daedb2ffee98480bc70e191aaef1\",\"name\":\"Ri\u010di\",\"sameAs\":[\"https:\/\/x.com\/rbrejsa\"],\"url\":\"https:\/\/evertonfc.cz\/index.php\/author\/rici\/\"}]}<\/script>\n<!-- \/ Yoast SEO plugin. -->","yoast_head_json":{"title":"EL Preview: Everton - Lyon - Official Czech &amp; Slovak Everton Supporters&#039; Club","robots":{"index":"index","follow":"follow","max-snippet":"max-snippet:-1","max-image-preview":"max-image-preview:large","max-video-preview":"max-video-preview:-1"},"canonical":"https:\/\/evertonfc.cz\/index.php\/2017\/10\/18\/el-preview-everton-lyon\/","og_locale":"cs_CZ","og_type":"article","og_title":"EL Preview: Everton - Lyon - Official Czech &amp; Slovak Everton Supporters&#039; Club","og_description":"Jestli\u017ee v 38 kol dlouh\u00e9 Premier League Everton dostane \u0161anci napravit nepoveden\u00fd start do sez\u00f3ny, v\u00a0z\u00e1kladn\u00ed skupin\u011b Evropsk\u00e9 ligy je&hellip;","og_url":"https:\/\/evertonfc.cz\/index.php\/2017\/10\/18\/el-preview-everton-lyon\/","og_site_name":"Official Czech &amp; Slovak Everton Supporters&#039; Club","article_publisher":"https:\/\/www.facebook.com\/everton.fans.cz.sk","article_published_time":"2017-10-18T18:26:34+00:00","article_modified_time":"2019-02-06T19:27:28+00:00","og_image":[{"width":720,"height":405,"url":"https:\/\/evertonfc.cz\/wp-content\/uploads\/2019\/01\/preview.jpg","type":"image\/jpeg"}],"author":"Ri\u010di","twitter_card":"summary_large_image","twitter_creator":"@rbrejsa","twitter_misc":{"Napsal(a)":"Ri\u010di","Odhadovan\u00e1 doba \u010dten\u00ed":"3 minuty"},"schema":{"@context":"https:\/\/schema.org","@graph":[{"@type":"Article","@id":"https:\/\/evertonfc.cz\/index.php\/2017\/10\/18\/el-preview-everton-lyon\/#article","isPartOf":{"@id":"https:\/\/evertonfc.cz\/index.php\/2017\/10\/18\/el-preview-everton-lyon\/"},"author":{"name":"Ri\u010di","@id":"https:\/\/evertonfc.cz\/#\/schema\/person\/f7a5daedb2ffee98480bc70e191aaef1"},"headline":"EL Preview: Everton &#8211; Lyon","datePublished":"2017-10-18T18:26:34+00:00","dateModified":"2019-02-06T19:27:28+00:00","mainEntityOfPage":{"@id":"https:\/\/evertonfc.cz\/index.php\/2017\/10\/18\/el-preview-everton-lyon\/"},"wordCount":554,"commentCount":0,"publisher":{"@id":"https:\/\/evertonfc.cz\/#organization"},"image":{"@id":"https:\/\/evertonfc.cz\/index.php\/2017\/10\/18\/el-preview-everton-lyon\/#primaryimage"},"thumbnailUrl":"https:\/\/evertonfc.cz\/wp-content\/uploads\/2019\/01\/preview.jpg","articleSection":["Z\u00e1pasy"],"inLanguage":"cs","potentialAction":[{"@type":"CommentAction","name":"Comment","target":["https:\/\/evertonfc.cz\/index.php\/2017\/10\/18\/el-preview-everton-lyon\/#respond"]}]},{"@type":"WebPage","@id":"https:\/\/evertonfc.cz\/index.php\/2017\/10\/18\/el-preview-everton-lyon\/","url":"https:\/\/evertonfc.cz\/index.php\/2017\/10\/18\/el-preview-everton-lyon\/","name":"EL Preview: Everton - Lyon - Official Czech &amp; Slovak Everton Supporters&#039; Club","isPartOf":{"@id":"https:\/\/evertonfc.cz\/#website"},"primaryImageOfPage":{"@id":"https:\/\/evertonfc.cz\/index.php\/2017\/10\/18\/el-preview-everton-lyon\/#primaryimage"},"image":{"@id":"https:\/\/evertonfc.cz\/index.php\/2017\/10\/18\/el-preview-everton-lyon\/#primaryimage"},"thumbnailUrl":"https:\/\/evertonfc.cz\/wp-content\/uploads\/2019\/01\/preview.jpg","datePublished":"2017-10-18T18:26:34+00:00","dateModified":"2019-02-06T19:27:28+00:00","breadcrumb":{"@id":"https:\/\/evertonfc.cz\/index.php\/2017\/10\/18\/el-preview-everton-lyon\/#breadcrumb"},"inLanguage":"cs","potentialAction":[{"@type":"ReadAction","target":["https:\/\/evertonfc.cz\/index.php\/2017\/10\/18\/el-preview-everton-lyon\/"]}]},{"@type":"ImageObject","inLanguage":"cs","@id":"https:\/\/evertonfc.cz\/index.php\/2017\/10\/18\/el-preview-everton-lyon\/#primaryimage","url":"https:\/\/evertonfc.cz\/wp-content\/uploads\/2019\/01\/preview.jpg","contentUrl":"https:\/\/evertonfc.cz\/wp-content\/uploads\/2019\/01\/preview.jpg","width":720,"height":405},{"@type":"BreadcrumbList","@id":"https:\/\/evertonfc.cz\/index.php\/2017\/10\/18\/el-preview-everton-lyon\/#breadcrumb","itemListElement":[{"@type":"ListItem","position":1,"name":"Home","item":"https:\/\/evertonfc.cz\/"},{"@type":"ListItem","position":2,"name":"EL Preview: Everton &#8211; Lyon"}]},{"@type":"WebSite","@id":"https:\/\/evertonfc.cz\/#website","url":"https:\/\/evertonfc.cz\/","name":"Official Czech &amp; Slovak Everton Supporters&#039; Club","description":"","publisher":{"@id":"https:\/\/evertonfc.cz\/#organization"},"potentialAction":[{"@type":"SearchAction","target":{"@type":"EntryPoint","urlTemplate":"https:\/\/evertonfc.cz\/?s={search_term_string}"},"query-input":{"@type":"PropertyValueSpecification","valueRequired":true,"valueName":"search_term_string"}}],"inLanguage":"cs"},{"@type":"Organization","@id":"https:\/\/evertonfc.cz\/#organization","name":"Official Czech & Slovak Everton Supporters' Club","url":"https:\/\/evertonfc.cz\/","logo":{"@type":"ImageObject","inLanguage":"cs","@id":"https:\/\/evertonfc.cz\/#\/schema\/logo\/image\/","url":"https:\/\/evertonfc.cz\/wp-content\/uploads\/2019\/05\/logo.png","contentUrl":"https:\/\/evertonfc.cz\/wp-content\/uploads\/2019\/05\/logo.png","width":112,"height":112,"caption":"Official Czech & Slovak Everton Supporters' Club"},"image":{"@id":"https:\/\/evertonfc.cz\/#\/schema\/logo\/image\/"},"sameAs":["https:\/\/www.facebook.com\/everton.fans.cz.sk"]},{"@type":"Person","@id":"https:\/\/evertonfc.cz\/#\/schema\/person\/f7a5daedb2ffee98480bc70e191aaef1","name":"Ri\u010di","sameAs":["https:\/\/x.com\/rbrejsa"],"url":"https:\/\/evertonfc.cz\/index.php\/author\/rici\/"}]}},"_links":{"self":[{"href":"https:\/\/evertonfc.cz\/index.php\/wp-json\/wp\/v2\/posts\/2440"}],"collection":[{"href":"https:\/\/evertonfc.cz\/index.php\/wp-json\/wp\/v2\/posts"}],"about":[{"href":"https:\/\/evertonfc.cz\/index.php\/wp-json\/wp\/v2\/types\/post"}],"author":[{"embeddable":true,"href":"https:\/\/evertonfc.cz\/index.php\/wp-json\/wp\/v2\/users\/6"}],"replies":[{"embeddable":true,"href":"https:\/\/evertonfc.cz\/index.php\/wp-json\/wp\/v2\/comments?post=2440"}],"version-history":[{"count":1,"href":"https:\/\/evertonfc.cz\/index.php\/wp-json\/wp\/v2\/posts\/2440\/revisions"}],"predecessor-version":[{"id":2441,"href":"https:\/\/evertonfc.cz\/index.php\/wp-json\/wp\/v2\/posts\/2440\/revisions\/2441"}],"wp:featuredmedia":[{"embeddable":true,"href":"https:\/\/evertonfc.cz\/index.php\/wp-json\/wp\/v2\/media\/1314"}],"wp:attachment":[{"href":"https:\/\/evertonfc.cz\/index.php\/wp-json\/wp\/v2\/media?parent=2440"}],"wp:term":[{"taxonomy":"category","embeddable":true,"href":"https:\/\/evertonfc.cz\/index.php\/wp-json\/wp\/v2\/categories?post=2440"},{"taxonomy":"post_tag","embeddable":true,"href":"https:\/\/evertonfc.cz\/index.php\/wp-json\/wp\/v2\/tags?post=2440"}],"curies":[{"name":"wp","href":"https:\/\/api.w.org\/{rel}","templated":true}]}}