{"id":2442,"date":"2017-10-19T20:27:38","date_gmt":"2017-10-19T18:27:38","guid":{"rendered":"http:\/\/evertonfc.cz\/?p=2442"},"modified":"2019-02-06T20:29:11","modified_gmt":"2019-02-06T19:29:11","slug":"everton-lyon-12","status":"publish","type":"post","link":"https:\/\/evertonfc.cz\/index.php\/2017\/10\/19\/everton-lyon-12\/","title":{"rendered":"Everton &#8211; Lyon 1:2"},"content":{"rendered":"\n<h4 class=\"wp-block-heading\">Ani Williamsovy p\u011bsti nepomohly, Everton zab\u0159ed\u00e1v\u00e1 do hlubok\u00e9 krize. Po proh\u0159e s\u00a0Lyonem z\u016fst\u00e1v\u00e1 s\u00a0jedn\u00edm bodem na posledn\u00edm m\u00edst\u011b z\u00e1kladn\u00ed skupiny Evropsk\u00e9 ligy.<\/h4>\n\n\n\n<p>Mana\u017eer Ronald Koeman oproti ned\u011bln\u00edmu duelu s Brightonem p\u0159ekvapiv\u011b zna\u010dn\u011b pozm\u011bnil sestavu. Z \u00favodn\u00ed jeden\u00e1ctky vypadli Baines, Gana, Sigurdsson a Jagielka, Rooney. Tito dva se dokonce neve\u0161li ani na lavi\u010dku n\u00e1hradn\u00edk\u016f, p\u0159i\u010dem\u017e Wazza nehr\u00e1l v den patn\u00e1ctilet\u00e9ho v\u00fdro\u010d\u00ed od sv\u00e9ho debutov\u00e9ho g\u00f3lu v dresu Evertonu.<\/p>\n\n\n\n<p>A kdo se naopak nov\u011b objevil v sestav\u011b? Na stoperu a s kapit\u00e1nskou p\u00e1skou Williams, na lev\u00e9m beku Martina, ve t\u0159\u00ed\u010dlenn\u00e9 z\u00e1loze Schneiderlina doplnili Davies a Klaassen a \u00fato\u010dnou trojku vedl Calvert-Lewin s Vla\u0161i\u0107em a Mirallasem na k\u0159\u00eddlech.<\/p>\n\n\n\n<p>S\u00e1zkov\u00e9 kancel\u00e1\u0159e p\u0159ed v\u00fdkopem m\u00edrn\u011b favorizovaly Lyon, kter\u00fd se ujal veden\u00ed u\u017e v \u0161est\u00e9 minut\u011b. Holgate ve v\u00e1pn\u011b neohraban\u011b skosil rozeb\u011bhnut\u00e9ho Marcala a nizozemsk\u00fd sud\u00ed Bas Nijhuis nem\u011bl jinou mo\u017enost ne\u017e odp\u00edskat pokutov\u00fd kop. K jeho exekuci se postavil \u0161p\u00edlmachr Nabil Fekir a s p\u0159ehledem p\u0159ekonal Pickforda &#8211;&nbsp;<strong>0:1<\/strong>.<\/p>\n\n\n\n<p>Sebev\u011bdom\u00ed Toffees po obdr\u017een\u00e9 brance utrp\u011blo dal\u0161\u00ed v\u00e1\u017enou trhlinu. Hr\u00e1\u010di p\u0159esto mezery v organizaci hry nahrazovali bojovnost\u00ed a prvn\u00ed v\u011bt\u0161\u00ed \u0161anci si vytvo\u0159ili ve 32. minut\u011b, kdy Davies na\u0161el ve v\u00e1pn\u011b Mirallase, jeho\u017e r\u00e1nu vyrazil branka\u0159 Anthony&nbsp;Lopes. O p\u011bt minut pozd\u011bji kopal Depay trestn\u00fd kop z uctiv\u00e9 vzd\u00e1lenosti, do jeho d\u011blovky str\u010dil hlavu Davies a m\u00ed\u010d se odrazil na spojnici ty\u010de a b\u0159evna. U Evertonu st\u00e1lo \u0161t\u011bst\u00ed.<\/p>\n\n\n\n<p>V posledn\u00edch minut\u00e1ch prvn\u00edho polo\u010dasu utk\u00e1n\u00ed kone\u010dn\u011b nabralo na tempu a r\u00e1zem byly k vid\u011bn\u00ed zaj\u00edmav\u00e9 akce. Marcelovu \u0161patnou p\u0159ihr\u00e1vku vystihl Klaassen a jeho lehce te\u010dovanou st\u0159elu zpoza \u0161estn\u00e1ctky vyt\u011bs\u0148oval op\u011bt p\u0159ipraven\u00fd Lopes. \u00davodn\u00ed p\u011bta\u010dty\u0159iceti minutovku zakon\u010dil Bertrand Traor\u00e9, na prav\u00e9 stran\u011b se a\u017e p\u0159\u00edli\u0161 lehce prosm\u00fdkl mezi Mirallasem a Martinou a sv\u00fdm uta\u017een\u00fdm pokusem o metr minul br\u00e1nu.<\/p>\n\n\n\n<p>Po polo\u010dasov\u00e9 pauze vyb\u011bhl na h\u0159i\u0161t\u011b Ademola Lookman, v kabin\u011b z\u016fstal nev\u00fdrazn\u00fd Klaassen. A mlad\u00fd Angli\u010dan se do prvn\u00ed \u0161ance dostal u\u017e po minut\u011b. Na zadn\u00ed ty\u010di akrobatick\u00fdm zakon\u010den\u00edm po prodlou\u017een\u00ed Calverta-Lewina prov\u011b\u0159il reflex Lopese.<\/p>\n\n\n\n<p>V 53. minut\u011b Aouar obral o balon Davies a z akce t\u011b\u017eil osmn\u00e1ctilet\u00fd \u00fato\u010dn\u00edk Maolida, jeho\u017e p\u0159ipravil o premi\u00e9rov\u00fd g\u00f3l za Lyon v\u010dasn\u00fdm skluzem Schneiderlin. Francouz se ale p\u0159i ob\u011btav\u00e9m z\u00e1kroku zranil, a tak musel st\u0159\u00eddat. Jeho m\u00edsto zaujal Gylfi Sigurdsson.<\/p>\n\n\n\n<p>V 65. minut\u011b z frustrace naprosto p\u0159esko\u010dilo Williamsovi. Nejprve nepochopiteln\u011b str\u010dil do vyb\u011bhnut\u00e9ho Lopese pot\u00e9, co g\u00f3lman Lyonu ukryl do rukavic vysok\u00fd m\u00ed\u010d. N\u00e1sledn\u011b se strhla hromadn\u00e1 poty\u010dka, p\u0159i n\u00ed\u017e&nbsp;<a href=\"https:\/\/streamable.com\/l4kx7\" target=\"_blank\" rel=\"noreferrer noopener\">si Williams po\u010d\u00ednal jako utr\u017een\u00fd ze \u0159et\u011bzu a roz\u010darovan\u011b se dr\u00e1pal po protihr\u00e1\u010d\u00edch<\/a>. K velk\u00e9mu \u00fadivu ov\u0161em vid\u011bl od sud\u00edho pouze \u017elutou kartu, vylou\u010den\u00ed by bylo naprosto zaslou\u017een\u00e9.<\/p>\n\n\n\n<p>Do poty\u010dky se bohu\u017eel zapojil rovn\u011b\u017e jeden z fanou\u0161k\u016f. Dr\u017e\u00edc d\u00edt\u011b v jedn\u00e9 ruce ude\u0159il do hlavy branka\u0159e Lopese. Podobn\u00e9 chov\u00e1n\u00ed na stadion nepat\u0159\u00ed a UEFA ho pravd\u011bpodobn\u011b bude trestat. Everton v p\u00e1tek ozn\u00e1mil, \u017ee doty\u010dn\u00e9mu provinilci zak\u00e1\u017ee vstup na budouc\u00ed klubov\u00e9 z\u00e1pasy a cel\u00fd incident pro\u0161et\u0159\u00ed ve spolupr\u00e1ci s polici\u00ed&nbsp;Merseyside.<\/p>\n\n\n\n<p>Po poty\u010dce Sandro Ram\u00edrez nahradil Mirallase a na tr\u00e1vn\u00edku to za\u010dalo jisk\u0159it. Everton poty\u010dka vybi\u010dovala k aktivit\u011b a tak\u00e9 k vyrovn\u00e1n\u00ed. O to se paradoxn\u011b zap\u0159\u00ed\u010dinil h\u0159\u00ed\u0161n\u00edk Williams, v 69. minut\u011b sk\u00f3roval hlavi\u010dkou po Sigurdssonov\u011b centru &#8211;&nbsp;<strong>1:1<\/strong>.<\/p>\n\n\n\n<p>Islandsk\u00fd z\u00e1lo\u017en\u00edk za t\u0159i minuty kopal dal\u0161\u00ed trestn\u00fd kop. Tentokr\u00e1t jeho padaj\u00edc\u00ed list propadl klubkem fotbalist\u016f a zastavil se a\u017e na ty\u010di.<\/p>\n\n\n\n<p>Nad\u011bje na Goodison Parku ale u\u0165ala 75. minuta. Traor\u00e9 chyt\u0159e pati\u010dkou a mezi nohama dnes hroziv\u011b \u0161patn\u00e9ho Keanea uklidil do s\u00edt\u011b Cornetovu p\u0159ihr\u00e1vku &#8211;&nbsp;<strong>1:2<\/strong>.<\/p>\n\n\n\n<p>V 85. minut\u011b hlavi\u010dku Calverta-Lewina zne\u0161kodnil v\u00fdborn\u00fd Lopes a z okam\u017eit\u00e9ho brejku mohl pe\u010deti v\u00edt\u011bzstv\u00ed Depay, jen\u017ee pod nohy se mu v\u010dasn\u011b vrhl Pickford. B\u00fdval\u00fd branka\u0159 Sunderlandu pot\u00e9 za\u017eehnal dal\u0161\u00ed mo\u017enosti Lyon, jemu\u017e to nicm\u00e9n\u011b vadit nebude. Z Merseyside toti\u017e vylovil t\u0159i body a posunul se na druh\u00e9 m\u00edsto tabulky s p\u011bti body. Je\u0161t\u011b o dva body v\u00edce m\u00e1 Atalanta, je\u017e si doma poradila 3:1 s Apollonem.<\/p>\n\n\n\n<p><strong>Po\u00e1pasov\u00fd koment\u00e1\u0159 Ronalda Koemana:<\/strong>\u00a0<em>\u201eJsem zklaman\u00fd. Za\u010dali jsme dob\u0159e, jen\u017ee pak p\u0159i\u0161el hloup\u00fd faul. V prvn\u00ed polo\u010dase jsme hodn\u011b chybovali, ve druh\u00e9m byl n\u00e1\u0161 v\u00fdkon lep\u0161\u00ed. Vst\u0159elili jsme dobr\u00fd g\u00f3l a vypracovali si nad\u011bjn\u00e9 \u0161ance. V \u017eivot\u011b pot\u0159ebujete \u0161t\u011bst\u00ed, m\u00edsto veden\u00ed 2:1 jsme prohr\u00e1vali 1:2. Bude t\u011b\u017ek\u00e9 postoupit ze skupiny, jeliko\u017e v\u011bt\u0161inou body sb\u00edr\u00e1te doma a p\u0159ed n\u00e1mi je u\u017e pouze jedno dom\u00e1c\u00ed st\u0159etnut\u00ed. Nic nen\u00ed nemo\u017en\u00e9, ov\u0161em pot\u0159ebujeme se zlep\u0161it.\u201c<\/em><\/p>\n\n\n\n<p><strong>Branky:<\/strong>&nbsp;69. Ashley Williams &#8211; 6. Nabil Fekir (pen.), 75. Bertrand Traor\u00e9<\/p>\n\n\n\n<p><strong>\u017dK:<\/strong>&nbsp;55. Ademola Lookman, 65. Ashley Williams &#8211; 65. Bertrand Traor\u00e9<\/p>\n\n\n\n<p><strong>Everton:<\/strong>&nbsp;Jordan Pickford, Ashley Williams, Cuco Martina, Michael Keane, Mason Holgate, Morgan Schneiderlin (57. Gylfi Sigurdsson), Davy Klaassen (46. Ademola Lookman), Nikola Vlasi\u010d, Tom Davies, Dominic Calvert-Lewin, Kevin Mirallas (68. Sandro Ram\u00edrez)<\/p>\n\n\n\n<p><strong>Olympique Lyon:&nbsp;<\/strong>Anthony Lopes, Marcelo, Mar\u00e7al, Kenny Tete, Lucas Tousart, Mouctar Diakhaby, Houssem Aouar, Memphis Depay (89. Tanguy Ndombele Alvaro), Bertrand Traor\u00e9, Nabil Fekir (61. Jordan Ferri), Myziane Maolida (70. Maxwel Cornet)<\/p>\n\n\n\n<p><strong>Rozhod\u010d\u00ed:<\/strong>&nbsp;Bas Nijhuis<\/p>\n","protected":false},"excerpt":{"rendered":"<p>Ani Williamsovy p\u011bsti nepomohly, Everton zab\u0159ed\u00e1v\u00e1 do hlubok\u00e9 krize. Po proh\u0159e s\u00a0Lyonem z\u016fst\u00e1v\u00e1 s\u00a0jedn\u00edm bodem na posledn\u00edm m\u00edst\u011b z\u00e1kladn\u00ed skupiny&hellip;<\/p>\n","protected":false},"author":6,"featured_media":1315,"comment_status":"open","ping_status":"closed","sticky":false,"template":"","format":"standard","meta":{"_eb_attr":"","_monsterinsights_skip_tracking":false,"_monsterinsights_sitenote_active":false,"_monsterinsights_sitenote_note":"","_monsterinsights_sitenote_category":0,"footnotes":""},"categories":[4],"tags":[],"yoast_head":"<!-- This site is optimized with the Yoast SEO plugin v23.4 - https:\/\/yoast.com\/wordpress\/plugins\/seo\/ -->\n<title>Everton - Lyon 1:2 - Official Czech &amp; Slovak Everton Supporters&#039; Club<\/title>\n<meta name=\"robots\" content=\"index, follow, max-snippet:-1, max-image-preview:large, max-video-preview:-1\" \/>\n<link rel=\"canonical\" href=\"https:\/\/evertonfc.cz\/index.php\/2017\/10\/19\/everton-lyon-12\/\" \/>\n<meta property=\"og:locale\" content=\"cs_CZ\" \/>\n<meta property=\"og:type\" content=\"article\" \/>\n<meta property=\"og:title\" content=\"Everton - Lyon 1:2 - Official Czech &amp; Slovak Everton Supporters&#039; Club\" \/>\n<meta property=\"og:description\" content=\"Ani Williamsovy p\u011bsti nepomohly, Everton zab\u0159ed\u00e1v\u00e1 do hlubok\u00e9 krize. Po proh\u0159e s\u00a0Lyonem z\u016fst\u00e1v\u00e1 s\u00a0jedn\u00edm bodem na posledn\u00edm m\u00edst\u011b z\u00e1kladn\u00ed skupiny&hellip;\" \/>\n<meta property=\"og:url\" content=\"https:\/\/evertonfc.cz\/index.php\/2017\/10\/19\/everton-lyon-12\/\" \/>\n<meta property=\"og:site_name\" content=\"Official Czech &amp; Slovak Everton Supporters&#039; Club\" \/>\n<meta property=\"article:publisher\" content=\"https:\/\/www.facebook.com\/everton.fans.cz.sk\" \/>\n<meta property=\"article:published_time\" content=\"2017-10-19T18:27:38+00:00\" \/>\n<meta property=\"article:modified_time\" content=\"2019-02-06T19:29:11+00:00\" \/>\n<meta property=\"og:image\" content=\"https:\/\/evertonfc.cz\/wp-content\/uploads\/2019\/01\/report.jpg\" \/>\n\t<meta property=\"og:image:width\" content=\"720\" \/>\n\t<meta property=\"og:image:height\" content=\"405\" \/>\n\t<meta property=\"og:image:type\" content=\"image\/jpeg\" \/>\n<meta name=\"author\" content=\"Ri\u010di\" \/>\n<meta name=\"twitter:card\" content=\"summary_large_image\" \/>\n<meta name=\"twitter:creator\" content=\"@rbrejsa\" \/>\n<meta name=\"twitter:label1\" content=\"Napsal(a)\" \/>\n\t<meta name=\"twitter:data1\" content=\"Ri\u010di\" \/>\n\t<meta name=\"twitter:label2\" content=\"Odhadovan\u00e1 doba \u010dten\u00ed\" \/>\n\t<meta name=\"twitter:data2\" content=\"5 minut\" \/>\n<script type=\"application\/ld+json\" class=\"yoast-schema-graph\">{\"@context\":\"https:\/\/schema.org\",\"@graph\":[{\"@type\":\"Article\",\"@id\":\"https:\/\/evertonfc.cz\/index.php\/2017\/10\/19\/everton-lyon-12\/#article\",\"isPartOf\":{\"@id\":\"https:\/\/evertonfc.cz\/index.php\/2017\/10\/19\/everton-lyon-12\/\"},\"author\":{\"name\":\"Ri\u010di\",\"@id\":\"https:\/\/evertonfc.cz\/#\/schema\/person\/f7a5daedb2ffee98480bc70e191aaef1\"},\"headline\":\"Everton &#8211; Lyon 1:2\",\"datePublished\":\"2017-10-19T18:27:38+00:00\",\"dateModified\":\"2019-02-06T19:29:11+00:00\",\"mainEntityOfPage\":{\"@id\":\"https:\/\/evertonfc.cz\/index.php\/2017\/10\/19\/everton-lyon-12\/\"},\"wordCount\":1018,\"commentCount\":0,\"publisher\":{\"@id\":\"https:\/\/evertonfc.cz\/#organization\"},\"image\":{\"@id\":\"https:\/\/evertonfc.cz\/index.php\/2017\/10\/19\/everton-lyon-12\/#primaryimage\"},\"thumbnailUrl\":\"https:\/\/evertonfc.cz\/wp-content\/uploads\/2019\/01\/report.jpg\",\"articleSection\":[\"Z\u00e1pasy\"],\"inLanguage\":\"cs\",\"potentialAction\":[{\"@type\":\"CommentAction\",\"name\":\"Comment\",\"target\":[\"https:\/\/evertonfc.cz\/index.php\/2017\/10\/19\/everton-lyon-12\/#respond\"]}]},{\"@type\":\"WebPage\",\"@id\":\"https:\/\/evertonfc.cz\/index.php\/2017\/10\/19\/everton-lyon-12\/\",\"url\":\"https:\/\/evertonfc.cz\/index.php\/2017\/10\/19\/everton-lyon-12\/\",\"name\":\"Everton - Lyon 1:2 - Official Czech &amp; Slovak Everton Supporters&#039; Club\",\"isPartOf\":{\"@id\":\"https:\/\/evertonfc.cz\/#website\"},\"primaryImageOfPage\":{\"@id\":\"https:\/\/evertonfc.cz\/index.php\/2017\/10\/19\/everton-lyon-12\/#primaryimage\"},\"image\":{\"@id\":\"https:\/\/evertonfc.cz\/index.php\/2017\/10\/19\/everton-lyon-12\/#primaryimage\"},\"thumbnailUrl\":\"https:\/\/evertonfc.cz\/wp-content\/uploads\/2019\/01\/report.jpg\",\"datePublished\":\"2017-10-19T18:27:38+00:00\",\"dateModified\":\"2019-02-06T19:29:11+00:00\",\"breadcrumb\":{\"@id\":\"https:\/\/evertonfc.cz\/index.php\/2017\/10\/19\/everton-lyon-12\/#breadcrumb\"},\"inLanguage\":\"cs\",\"potentialAction\":[{\"@type\":\"ReadAction\",\"target\":[\"https:\/\/evertonfc.cz\/index.php\/2017\/10\/19\/everton-lyon-12\/\"]}]},{\"@type\":\"ImageObject\",\"inLanguage\":\"cs\",\"@id\":\"https:\/\/evertonfc.cz\/index.php\/2017\/10\/19\/everton-lyon-12\/#primaryimage\",\"url\":\"https:\/\/evertonfc.cz\/wp-content\/uploads\/2019\/01\/report.jpg\",\"contentUrl\":\"https:\/\/evertonfc.cz\/wp-content\/uploads\/2019\/01\/report.jpg\",\"width\":720,\"height\":405},{\"@type\":\"BreadcrumbList\",\"@id\":\"https:\/\/evertonfc.cz\/index.php\/2017\/10\/19\/everton-lyon-12\/#breadcrumb\",\"itemListElement\":[{\"@type\":\"ListItem\",\"position\":1,\"name\":\"Home\",\"item\":\"https:\/\/evertonfc.cz\/\"},{\"@type\":\"ListItem\",\"position\":2,\"name\":\"Everton &#8211; Lyon 1:2\"}]},{\"@type\":\"WebSite\",\"@id\":\"https:\/\/evertonfc.cz\/#website\",\"url\":\"https:\/\/evertonfc.cz\/\",\"name\":\"Official Czech &amp; Slovak Everton Supporters&#039; Club\",\"description\":\"\",\"publisher\":{\"@id\":\"https:\/\/evertonfc.cz\/#organization\"},\"potentialAction\":[{\"@type\":\"SearchAction\",\"target\":{\"@type\":\"EntryPoint\",\"urlTemplate\":\"https:\/\/evertonfc.cz\/?s={search_term_string}\"},\"query-input\":{\"@type\":\"PropertyValueSpecification\",\"valueRequired\":true,\"valueName\":\"search_term_string\"}}],\"inLanguage\":\"cs\"},{\"@type\":\"Organization\",\"@id\":\"https:\/\/evertonfc.cz\/#organization\",\"name\":\"Official Czech & Slovak Everton Supporters' Club\",\"url\":\"https:\/\/evertonfc.cz\/\",\"logo\":{\"@type\":\"ImageObject\",\"inLanguage\":\"cs\",\"@id\":\"https:\/\/evertonfc.cz\/#\/schema\/logo\/image\/\",\"url\":\"https:\/\/evertonfc.cz\/wp-content\/uploads\/2019\/05\/logo.png\",\"contentUrl\":\"https:\/\/evertonfc.cz\/wp-content\/uploads\/2019\/05\/logo.png\",\"width\":112,\"height\":112,\"caption\":\"Official Czech & Slovak Everton Supporters' Club\"},\"image\":{\"@id\":\"https:\/\/evertonfc.cz\/#\/schema\/logo\/image\/\"},\"sameAs\":[\"https:\/\/www.facebook.com\/everton.fans.cz.sk\"]},{\"@type\":\"Person\",\"@id\":\"https:\/\/evertonfc.cz\/#\/schema\/person\/f7a5daedb2ffee98480bc70e191aaef1\",\"name\":\"Ri\u010di\",\"sameAs\":[\"https:\/\/x.com\/rbrejsa\"],\"url\":\"https:\/\/evertonfc.cz\/index.php\/author\/rici\/\"}]}<\/script>\n<!-- \/ Yoast SEO plugin. -->","yoast_head_json":{"title":"Everton - Lyon 1:2 - Official Czech &amp; Slovak Everton Supporters&#039; Club","robots":{"index":"index","follow":"follow","max-snippet":"max-snippet:-1","max-image-preview":"max-image-preview:large","max-video-preview":"max-video-preview:-1"},"canonical":"https:\/\/evertonfc.cz\/index.php\/2017\/10\/19\/everton-lyon-12\/","og_locale":"cs_CZ","og_type":"article","og_title":"Everton - Lyon 1:2 - Official Czech &amp; Slovak Everton Supporters&#039; Club","og_description":"Ani Williamsovy p\u011bsti nepomohly, Everton zab\u0159ed\u00e1v\u00e1 do hlubok\u00e9 krize. Po proh\u0159e s\u00a0Lyonem z\u016fst\u00e1v\u00e1 s\u00a0jedn\u00edm bodem na posledn\u00edm m\u00edst\u011b z\u00e1kladn\u00ed skupiny&hellip;","og_url":"https:\/\/evertonfc.cz\/index.php\/2017\/10\/19\/everton-lyon-12\/","og_site_name":"Official Czech &amp; Slovak Everton Supporters&#039; Club","article_publisher":"https:\/\/www.facebook.com\/everton.fans.cz.sk","article_published_time":"2017-10-19T18:27:38+00:00","article_modified_time":"2019-02-06T19:29:11+00:00","og_image":[{"width":720,"height":405,"url":"https:\/\/evertonfc.cz\/wp-content\/uploads\/2019\/01\/report.jpg","type":"image\/jpeg"}],"author":"Ri\u010di","twitter_card":"summary_large_image","twitter_creator":"@rbrejsa","twitter_misc":{"Napsal(a)":"Ri\u010di","Odhadovan\u00e1 doba \u010dten\u00ed":"5 minut"},"schema":{"@context":"https:\/\/schema.org","@graph":[{"@type":"Article","@id":"https:\/\/evertonfc.cz\/index.php\/2017\/10\/19\/everton-lyon-12\/#article","isPartOf":{"@id":"https:\/\/evertonfc.cz\/index.php\/2017\/10\/19\/everton-lyon-12\/"},"author":{"name":"Ri\u010di","@id":"https:\/\/evertonfc.cz\/#\/schema\/person\/f7a5daedb2ffee98480bc70e191aaef1"},"headline":"Everton &#8211; Lyon 1:2","datePublished":"2017-10-19T18:27:38+00:00","dateModified":"2019-02-06T19:29:11+00:00","mainEntityOfPage":{"@id":"https:\/\/evertonfc.cz\/index.php\/2017\/10\/19\/everton-lyon-12\/"},"wordCount":1018,"commentCount":0,"publisher":{"@id":"https:\/\/evertonfc.cz\/#organization"},"image":{"@id":"https:\/\/evertonfc.cz\/index.php\/2017\/10\/19\/everton-lyon-12\/#primaryimage"},"thumbnailUrl":"https:\/\/evertonfc.cz\/wp-content\/uploads\/2019\/01\/report.jpg","articleSection":["Z\u00e1pasy"],"inLanguage":"cs","potentialAction":[{"@type":"CommentAction","name":"Comment","target":["https:\/\/evertonfc.cz\/index.php\/2017\/10\/19\/everton-lyon-12\/#respond"]}]},{"@type":"WebPage","@id":"https:\/\/evertonfc.cz\/index.php\/2017\/10\/19\/everton-lyon-12\/","url":"https:\/\/evertonfc.cz\/index.php\/2017\/10\/19\/everton-lyon-12\/","name":"Everton - Lyon 1:2 - Official Czech &amp; Slovak Everton Supporters&#039; Club","isPartOf":{"@id":"https:\/\/evertonfc.cz\/#website"},"primaryImageOfPage":{"@id":"https:\/\/evertonfc.cz\/index.php\/2017\/10\/19\/everton-lyon-12\/#primaryimage"},"image":{"@id":"https:\/\/evertonfc.cz\/index.php\/2017\/10\/19\/everton-lyon-12\/#primaryimage"},"thumbnailUrl":"https:\/\/evertonfc.cz\/wp-content\/uploads\/2019\/01\/report.jpg","datePublished":"2017-10-19T18:27:38+00:00","dateModified":"2019-02-06T19:29:11+00:00","breadcrumb":{"@id":"https:\/\/evertonfc.cz\/index.php\/2017\/10\/19\/everton-lyon-12\/#breadcrumb"},"inLanguage":"cs","potentialAction":[{"@type":"ReadAction","target":["https:\/\/evertonfc.cz\/index.php\/2017\/10\/19\/everton-lyon-12\/"]}]},{"@type":"ImageObject","inLanguage":"cs","@id":"https:\/\/evertonfc.cz\/index.php\/2017\/10\/19\/everton-lyon-12\/#primaryimage","url":"https:\/\/evertonfc.cz\/wp-content\/uploads\/2019\/01\/report.jpg","contentUrl":"https:\/\/evertonfc.cz\/wp-content\/uploads\/2019\/01\/report.jpg","width":720,"height":405},{"@type":"BreadcrumbList","@id":"https:\/\/evertonfc.cz\/index.php\/2017\/10\/19\/everton-lyon-12\/#breadcrumb","itemListElement":[{"@type":"ListItem","position":1,"name":"Home","item":"https:\/\/evertonfc.cz\/"},{"@type":"ListItem","position":2,"name":"Everton &#8211; Lyon 1:2"}]},{"@type":"WebSite","@id":"https:\/\/evertonfc.cz\/#website","url":"https:\/\/evertonfc.cz\/","name":"Official Czech &amp; Slovak Everton Supporters&#039; Club","description":"","publisher":{"@id":"https:\/\/evertonfc.cz\/#organization"},"potentialAction":[{"@type":"SearchAction","target":{"@type":"EntryPoint","urlTemplate":"https:\/\/evertonfc.cz\/?s={search_term_string}"},"query-input":{"@type":"PropertyValueSpecification","valueRequired":true,"valueName":"search_term_string"}}],"inLanguage":"cs"},{"@type":"Organization","@id":"https:\/\/evertonfc.cz\/#organization","name":"Official Czech & Slovak Everton Supporters' Club","url":"https:\/\/evertonfc.cz\/","logo":{"@type":"ImageObject","inLanguage":"cs","@id":"https:\/\/evertonfc.cz\/#\/schema\/logo\/image\/","url":"https:\/\/evertonfc.cz\/wp-content\/uploads\/2019\/05\/logo.png","contentUrl":"https:\/\/evertonfc.cz\/wp-content\/uploads\/2019\/05\/logo.png","width":112,"height":112,"caption":"Official Czech & Slovak Everton Supporters' Club"},"image":{"@id":"https:\/\/evertonfc.cz\/#\/schema\/logo\/image\/"},"sameAs":["https:\/\/www.facebook.com\/everton.fans.cz.sk"]},{"@type":"Person","@id":"https:\/\/evertonfc.cz\/#\/schema\/person\/f7a5daedb2ffee98480bc70e191aaef1","name":"Ri\u010di","sameAs":["https:\/\/x.com\/rbrejsa"],"url":"https:\/\/evertonfc.cz\/index.php\/author\/rici\/"}]}},"_links":{"self":[{"href":"https:\/\/evertonfc.cz\/index.php\/wp-json\/wp\/v2\/posts\/2442"}],"collection":[{"href":"https:\/\/evertonfc.cz\/index.php\/wp-json\/wp\/v2\/posts"}],"about":[{"href":"https:\/\/evertonfc.cz\/index.php\/wp-json\/wp\/v2\/types\/post"}],"author":[{"embeddable":true,"href":"https:\/\/evertonfc.cz\/index.php\/wp-json\/wp\/v2\/users\/6"}],"replies":[{"embeddable":true,"href":"https:\/\/evertonfc.cz\/index.php\/wp-json\/wp\/v2\/comments?post=2442"}],"version-history":[{"count":1,"href":"https:\/\/evertonfc.cz\/index.php\/wp-json\/wp\/v2\/posts\/2442\/revisions"}],"predecessor-version":[{"id":2443,"href":"https:\/\/evertonfc.cz\/index.php\/wp-json\/wp\/v2\/posts\/2442\/revisions\/2443"}],"wp:featuredmedia":[{"embeddable":true,"href":"https:\/\/evertonfc.cz\/index.php\/wp-json\/wp\/v2\/media\/1315"}],"wp:attachment":[{"href":"https:\/\/evertonfc.cz\/index.php\/wp-json\/wp\/v2\/media?parent=2442"}],"wp:term":[{"taxonomy":"category","embeddable":true,"href":"https:\/\/evertonfc.cz\/index.php\/wp-json\/wp\/v2\/categories?post=2442"},{"taxonomy":"post_tag","embeddable":true,"href":"https:\/\/evertonfc.cz\/index.php\/wp-json\/wp\/v2\/tags?post=2442"}],"curies":[{"name":"wp","href":"https:\/\/api.w.org\/{rel}","templated":true}]}}