{"id":2444,"date":"2017-10-21T20:29:45","date_gmt":"2017-10-21T18:29:45","guid":{"rendered":"http:\/\/evertonfc.cz\/?p=2444"},"modified":"2021-02-01T08:55:22","modified_gmt":"2021-02-01T07:55:22","slug":"preview-everton-arsenal-2","status":"publish","type":"post","link":"https:\/\/evertonfc.cz\/index.php\/2017\/10\/21\/preview-everton-arsenal-2\/","title":{"rendered":"Preview: Everton &#8211; Arsenal"},"content":{"rendered":"\r\n<h4 class=\"wp-block-heading\">Minul\u00fa sez\u00f3nu sme sa proti nim vyk\u00fapili z biedy. Potom n\u00e1s ale potupn\u00fdm sp\u00f4sobom poslali do letn\u00fdch lov\u00ed\u0161\u0165. I ke\u010f hon bol \u00faspe\u0161n\u00fd, \u00falovky nie a nie prinies\u0165 zados\u0165u\u010dinenie.<\/h4>\r\n\r\n\r\n\r\n<p>Po krat\u0161om zamyslen\u00ed sa, mi logicky vyplynulo, \u017ee ak sa teraz vyjadr\u00edm poskromnej\u0161ie, malo by to vyznie\u0165 menej negativisticky ne\u017e oby\u010dajne. Lebo \u00e1no, aj tak\u00fd je futbal. Ob\u010das neprin\u00e1\u0161a to, \u010do si \u017eel\u00e1me. \u010casto presn\u00fd opak. Aj ke\u010f sa zo v\u0161etk\u00fdch s\u00edl sna\u017e\u00edte. Tak\u017ee, ak\u00e9 teda pozit\u00edvum vypl\u00fdva z t\u00fdchto viet? St\u00e1la snaha. Mo\u017eno to bude slab\u00e1 \u00fatecha na konci sez\u00f3ny, av\u0161ak nikto e\u0161te nerezignoval, hoci by si to aj viacer\u00ed priali. Nikto im to nem\u00f4\u017ee ma\u0165 za zl\u00e9. Ve\u010f po sobotn\u00fdch kol\u00e1ch sa m\u00f4\u017eu Karamelky ocitn\u00fa\u0165 u\u017e v zostupovej z\u00f3ne&#8230;<\/p>\r\n\r\n\r\n\r\n<h4><em>\u201eBut OK\u201d<\/em><\/h4>\r\n\r\n\r\n\r\n<p>O nede\u013en\u00e9 zm\u0155tvychvstanie sa bud\u00fa m\u00f4c\u0165 postara\u0165 u\u017e fit McCarthy, rovnako ako Schneiderlin, vyn\u00faten\u00fd v \u0161tvrtok strieda\u0165, ktor\u00e9mu sa podarilo \u013eah\u0161ie zranenie rozchodi\u0165. Kenny ani Lennon po men\u0161\u00edch zraneniach by nemali nast\u00fapi\u0165. Baines, Jagielka a Rooney boli vynechan\u00fd pre nasleduj\u00face d\u00f4vody.Nerado, ale predsa bolo priznan\u00e9, \u017ee tak vysnen\u00e9 \u00fa\u010dinkovanie na kontinente u\u017e m\u00f4\u017ee a pravdepodobne aj je na pr\u00ed\u0165a\u017e. Situ\u00e1cia v ligovom koloto\u010di naber\u00e1 na v\u00e1\u017enosti a zmeny sa dotkli aj k\u00e1dra. Za\u010d\u00edna sa prihliada\u0165 aj na rotovanie kv\u00f4li zraneniam a pr\u00e1ve preto sme boli v \u0161tvrtok svedkami zostavy, ktor\u00e1 mnoh\u00fdch ur\u010dite prekvapila. Prekvapivo v dobrom. A t\u00fdm nemysl\u00edm pr\u00e1ve Martinu na \u013eavom kraji obrany. Zastupuj\u00faci kapit\u00e1n Williams doznal fakt o \u0165ahan\u00ed za jeden povraz, \u010do sa Koemana a \u0161atne t\u00fdka. Situ\u00e1cia sa ale nemen\u00ed. Vedenie je rovnako znepokojen\u00e9, ako fan\u00fa\u0161ikovsk\u00e1 obec a azda len pud sebaz\u00e1chovy so \u0161tipkou zodpovednosti za bud\u00facu perspekt\u00edvu, ktor\u00e1 sa zam\u00fd\u0161\u013ea na dlh\u0161ie ne\u017e len jedno prestupov\u00e9 obdobie, br\u00e1ni vystaveniu papiera rozmeru A4 mana\u017e\u00e9rovi. \u010co si myslia o podobn\u00fdch probl\u00e9moch asi tak v Arsenale?<\/p>\r\n\r\n\r\n\r\n<h4><em>\u201eDial Square\u201d<\/em><\/h4>\r\n\r\n\r\n\r\n<p>Everton nevyhral v posledn\u00fd troch dek\u00e1dach ani jeden dom\u00e1ci titul. Lond\u00fdn\u010dania pod Franc\u00fazom tri. Celkom slu\u0161n\u00e1 bilancia ak pripo\u010d\u00edtam sedem FA Cupov. Kde sa potom m\u00f4\u017ee bra\u0165 to\u013eko frustr\u00e1cie? O konkurovan\u00ed vo finan\u010dnej sf\u00e9re s \u201ev\u00e4\u010d\u0161\u00edmi\u201c klubmi by som darmo p\u00edsal. Vieme ak\u00e9 \u0165a\u017ek\u00e9 to je. Vedia svoje o tom aj na Highbury. Po roku 2006 museli v\u00fdrazne utiahnu\u0165 opasky kv\u00f4li nov\u00e9mu Emirates a tak si Wenger vypom\u00e1hal ako mohol, za\u010do mu nejeden fan\u00fa\u0161ik zlo\u017e\u00ed klob\u00fak dole. Av\u0161ak spl\u00e1canie netrv\u00e1 ve\u010dne a Gunners u\u017e ve\u013ek\u00fa \u010das\u0165 dlhu splatili, \u010do sa odzrkad\u013euje v prestupoch od roku 2013. Logicky by sa teda mali zmohn\u00fa\u0165 a poriadne potr\u00e1pi\u0165 nielen dom\u00e1cu sc\u00e9nu, nehovoriac o z\u00e1pasoch s hlavn\u00fdmi rivalmi. Len\u017ee v \u010derveno-bielych inscen\u00e1ciach sa zaka\u017ed\u00fdm objav\u00ed \u0161abl\u00f3novitos\u0165 Wengerov\u00fdch sez\u00f3n, u\u017e dekadentn\u00fdch a fan\u00fa\u0161ik by si povedal, \u017ee to sn\u00e1\u010f nem\u00f4\u017ee by\u0165 neust\u00e1la zhoda ne\u0161\u0165astn\u00fdch n\u00e1hod. Len\u017ee, \u010do ak by to mohlo by\u0165 hor\u0161ie? \u010co ak by n\u00e1stupca nedok\u00e1zal doru\u010di\u0165 konzistenciu v spojitosti s poh\u013eadnou hrou a vlastnou identitou? Zrejme t\u00fato ot\u00e1zku si klad\u00fa na\u0161\u00ed s\u00faperi na najvy\u0161\u0161\u00edch miestach.<\/p>\r\n\r\n\r\n\r\n<p>Na tento duel bol potvrden\u00fd n\u00e1vrat S\u00e1ncheza a Ramseyho s Koscielenym. A\u017e dve letn\u00e9 posily v podobe Kola\u0161inaca a Lacazetteho si kopn\u00fa tie\u017e, takmer ur\u010dite od za\u010diatku. Naopak, nekopn\u00fa si Welbeck, Mustafi a Ospina. Mo\u017eno to je trendom, mo\u017eno nedostatkom vlastnej inov\u00e1cie po rokoch, ale aj v severnom Lond\u00fdne za\u010dali od minulej sez\u00f3ny opakova\u0165 form\u00e1ciu 3-4-3, kde s\u00fa hr\u00e1\u010di ako \u00d6zil mrhan\u00ed na kr\u00eddeln\u00fdch priestoroch. A \u017eeby to zrovna prinieslo obdobn\u00fd \u00faspech, ako \u00faraduj\u00facim majstrom, to sa poveda\u0165 ned\u00e1. Ale n\u00e1m to m\u00f4\u017ee by\u0165 jedno, ke\u010f\u017ee sme taktick\u00fd recept na\u0148 e\u0161te st\u00e1le nena\u0161li. \u010co n\u00e1s m\u00f4\u017ee povzbudi\u0165, je forma s\u00fapera vonku. Tak\u017ee je op\u00e4\u0165 fajn hra\u0165 v pohodl\u00ed Goodison Parku.<\/p>\r\n\r\n\r\n\r\n<h4>Zauj\u00edmav\u00e9 \u0161tatistiky:<\/h4>\r\n\r\n\r\n\r\n<ul>\r\n<li>Everton u\u017e dev\u00e4\u0165 rokov nemal hor\u0161\u00ed \u0161tart do sez\u00f3ny, ako tento.<\/li>\r\n<li>Av\u0161ak za Koemana hovor\u00ed \u0161tatistika dom\u00e1cich z\u00e1pasov proti Arsenalu. 3 v\u00fdhry so sk\u00f3re 8:1.<\/li>\r\n<li>Wayne Rooney vstrelil Gunners u\u017e 11 g\u00f3lov v \u00e9re PL. Nikto nedok\u00e1zal zatia\u013e viac.<\/li>\r\n<li>V posledn\u00fdch 3 zo 4 vz\u00e1jomn\u00fdch ligov\u00fdch z\u00e1pasov, padla \u010derven\u00e1 karta.<\/li>\r\n<li>Tento z\u00e1pas bude pre Wengera 400. v Premier League na ihrisku s\u00fapera.<\/li>\r\n<li>Prehra by pre Arsenal znamenala vyrovnanie Franc\u00fazoveho negat\u00edvneho rekordu \u2013 len 13 bodov po 9 ligov\u00fdch z\u00e1pasoch.<\/li>\r\n<li>Taktie\u017e by v lige prv\u00fd kr\u00e1t po 10 rokoch nevyhrali 5 po sebe-id\u00facich z\u00e1pasov vonku.<\/li>\r\n<\/ul>\r\n\r\n\r\n\r\n<p><strong>\u010co:<\/strong>\u00a0Everton FC \u2013 Arsenal FC, 9. kolo Premier League<strong><br \/>Kedy:<\/strong>\u00a022.10. 2017 od 14:30 SE\u010c<strong><br \/>Kde:<\/strong>\u00a0Goodison Park &#8211; Goodison Rd, Liverpool L4 4EL (kapacita: 40 221)<strong><br \/>Rozhodca:<\/strong>\u00a0C. Pawson\u00a0<strong>Asistenti:<\/strong>\u00a0L. Betts, E. Smart\u00a0<strong>\u0160tvrt\u00fd rozhodca:\u00a0<\/strong>B. Madley<\/p>\r\n","protected":false},"excerpt":{"rendered":"<p>Minul\u00fa sez\u00f3nu sme sa proti nim vyk\u00fapili z biedy. Potom n\u00e1s ale potupn\u00fdm sp\u00f4sobom poslali do letn\u00fdch lov\u00ed\u0161\u0165. I ke\u010f&hellip;<\/p>\n","protected":false},"author":1,"featured_media":13812,"comment_status":"open","ping_status":"closed","sticky":false,"template":"","format":"standard","meta":{"_eb_attr":"","_monsterinsights_skip_tracking":false,"_monsterinsights_sitenote_active":false,"_monsterinsights_sitenote_note":"","_monsterinsights_sitenote_category":0,"footnotes":""},"categories":[4],"tags":[],"yoast_head":"<!-- This site is optimized with the Yoast SEO plugin v23.4 - https:\/\/yoast.com\/wordpress\/plugins\/seo\/ -->\n<title>Preview: Everton - Arsenal - Official Czech &amp; Slovak Everton Supporters&#039; Club<\/title>\n<meta name=\"robots\" content=\"index, follow, max-snippet:-1, max-image-preview:large, max-video-preview:-1\" \/>\n<link rel=\"canonical\" href=\"https:\/\/evertonfc.cz\/index.php\/2017\/10\/21\/preview-everton-arsenal-2\/\" \/>\n<meta property=\"og:locale\" content=\"cs_CZ\" \/>\n<meta property=\"og:type\" content=\"article\" \/>\n<meta property=\"og:title\" content=\"Preview: Everton - Arsenal - Official Czech &amp; Slovak Everton Supporters&#039; Club\" \/>\n<meta property=\"og:description\" content=\"Minul\u00fa sez\u00f3nu sme sa proti nim vyk\u00fapili z biedy. Potom n\u00e1s ale potupn\u00fdm sp\u00f4sobom poslali do letn\u00fdch lov\u00ed\u0161\u0165. I ke\u010f&hellip;\" \/>\n<meta property=\"og:url\" content=\"https:\/\/evertonfc.cz\/index.php\/2017\/10\/21\/preview-everton-arsenal-2\/\" \/>\n<meta property=\"og:site_name\" content=\"Official Czech &amp; Slovak Everton Supporters&#039; Club\" \/>\n<meta property=\"article:publisher\" content=\"https:\/\/www.facebook.com\/everton.fans.cz.sk\" \/>\n<meta property=\"article:published_time\" content=\"2017-10-21T18:29:45+00:00\" \/>\n<meta property=\"article:modified_time\" content=\"2021-02-01T07:55:22+00:00\" \/>\n<meta property=\"og:image\" content=\"https:\/\/evertonfc.cz\/wp-content\/uploads\/2021\/02\/Everton-VS-Arsenal.jpg\" \/>\n\t<meta property=\"og:image:width\" content=\"720\" \/>\n\t<meta property=\"og:image:height\" content=\"405\" \/>\n\t<meta property=\"og:image:type\" content=\"image\/jpeg\" \/>\n<meta name=\"author\" content=\"BlueBlooded\" \/>\n<meta name=\"twitter:card\" content=\"summary_large_image\" \/>\n<meta name=\"twitter:label1\" content=\"Napsal(a)\" \/>\n\t<meta name=\"twitter:data1\" content=\"BlueBlooded\" \/>\n\t<meta name=\"twitter:label2\" content=\"Odhadovan\u00e1 doba \u010dten\u00ed\" \/>\n\t<meta name=\"twitter:data2\" content=\"4 minuty\" \/>\n<script type=\"application\/ld+json\" class=\"yoast-schema-graph\">{\"@context\":\"https:\/\/schema.org\",\"@graph\":[{\"@type\":\"Article\",\"@id\":\"https:\/\/evertonfc.cz\/index.php\/2017\/10\/21\/preview-everton-arsenal-2\/#article\",\"isPartOf\":{\"@id\":\"https:\/\/evertonfc.cz\/index.php\/2017\/10\/21\/preview-everton-arsenal-2\/\"},\"author\":{\"name\":\"BlueBlooded\",\"@id\":\"https:\/\/evertonfc.cz\/#\/schema\/person\/d4493b8cbea51532597fbc4685698916\"},\"headline\":\"Preview: Everton &#8211; Arsenal\",\"datePublished\":\"2017-10-21T18:29:45+00:00\",\"dateModified\":\"2021-02-01T07:55:22+00:00\",\"mainEntityOfPage\":{\"@id\":\"https:\/\/evertonfc.cz\/index.php\/2017\/10\/21\/preview-everton-arsenal-2\/\"},\"wordCount\":875,\"commentCount\":0,\"publisher\":{\"@id\":\"https:\/\/evertonfc.cz\/#organization\"},\"image\":{\"@id\":\"https:\/\/evertonfc.cz\/index.php\/2017\/10\/21\/preview-everton-arsenal-2\/#primaryimage\"},\"thumbnailUrl\":\"https:\/\/evertonfc.cz\/wp-content\/uploads\/2021\/02\/Everton-VS-Arsenal.jpg\",\"articleSection\":[\"Z\u00e1pasy\"],\"inLanguage\":\"cs\",\"potentialAction\":[{\"@type\":\"CommentAction\",\"name\":\"Comment\",\"target\":[\"https:\/\/evertonfc.cz\/index.php\/2017\/10\/21\/preview-everton-arsenal-2\/#respond\"]}]},{\"@type\":\"WebPage\",\"@id\":\"https:\/\/evertonfc.cz\/index.php\/2017\/10\/21\/preview-everton-arsenal-2\/\",\"url\":\"https:\/\/evertonfc.cz\/index.php\/2017\/10\/21\/preview-everton-arsenal-2\/\",\"name\":\"Preview: Everton - Arsenal - Official Czech &amp; Slovak Everton Supporters&#039; Club\",\"isPartOf\":{\"@id\":\"https:\/\/evertonfc.cz\/#website\"},\"primaryImageOfPage\":{\"@id\":\"https:\/\/evertonfc.cz\/index.php\/2017\/10\/21\/preview-everton-arsenal-2\/#primaryimage\"},\"image\":{\"@id\":\"https:\/\/evertonfc.cz\/index.php\/2017\/10\/21\/preview-everton-arsenal-2\/#primaryimage\"},\"thumbnailUrl\":\"https:\/\/evertonfc.cz\/wp-content\/uploads\/2021\/02\/Everton-VS-Arsenal.jpg\",\"datePublished\":\"2017-10-21T18:29:45+00:00\",\"dateModified\":\"2021-02-01T07:55:22+00:00\",\"breadcrumb\":{\"@id\":\"https:\/\/evertonfc.cz\/index.php\/2017\/10\/21\/preview-everton-arsenal-2\/#breadcrumb\"},\"inLanguage\":\"cs\",\"potentialAction\":[{\"@type\":\"ReadAction\",\"target\":[\"https:\/\/evertonfc.cz\/index.php\/2017\/10\/21\/preview-everton-arsenal-2\/\"]}]},{\"@type\":\"ImageObject\",\"inLanguage\":\"cs\",\"@id\":\"https:\/\/evertonfc.cz\/index.php\/2017\/10\/21\/preview-everton-arsenal-2\/#primaryimage\",\"url\":\"https:\/\/evertonfc.cz\/wp-content\/uploads\/2021\/02\/Everton-VS-Arsenal.jpg\",\"contentUrl\":\"https:\/\/evertonfc.cz\/wp-content\/uploads\/2021\/02\/Everton-VS-Arsenal.jpg\",\"width\":720,\"height\":405},{\"@type\":\"BreadcrumbList\",\"@id\":\"https:\/\/evertonfc.cz\/index.php\/2017\/10\/21\/preview-everton-arsenal-2\/#breadcrumb\",\"itemListElement\":[{\"@type\":\"ListItem\",\"position\":1,\"name\":\"Home\",\"item\":\"https:\/\/evertonfc.cz\/\"},{\"@type\":\"ListItem\",\"position\":2,\"name\":\"Preview: Everton &#8211; Arsenal\"}]},{\"@type\":\"WebSite\",\"@id\":\"https:\/\/evertonfc.cz\/#website\",\"url\":\"https:\/\/evertonfc.cz\/\",\"name\":\"Official Czech &amp; Slovak Everton Supporters&#039; Club\",\"description\":\"\",\"publisher\":{\"@id\":\"https:\/\/evertonfc.cz\/#organization\"},\"potentialAction\":[{\"@type\":\"SearchAction\",\"target\":{\"@type\":\"EntryPoint\",\"urlTemplate\":\"https:\/\/evertonfc.cz\/?s={search_term_string}\"},\"query-input\":{\"@type\":\"PropertyValueSpecification\",\"valueRequired\":true,\"valueName\":\"search_term_string\"}}],\"inLanguage\":\"cs\"},{\"@type\":\"Organization\",\"@id\":\"https:\/\/evertonfc.cz\/#organization\",\"name\":\"Official Czech & Slovak Everton Supporters' Club\",\"url\":\"https:\/\/evertonfc.cz\/\",\"logo\":{\"@type\":\"ImageObject\",\"inLanguage\":\"cs\",\"@id\":\"https:\/\/evertonfc.cz\/#\/schema\/logo\/image\/\",\"url\":\"https:\/\/evertonfc.cz\/wp-content\/uploads\/2019\/05\/logo.png\",\"contentUrl\":\"https:\/\/evertonfc.cz\/wp-content\/uploads\/2019\/05\/logo.png\",\"width\":112,\"height\":112,\"caption\":\"Official Czech & Slovak Everton Supporters' Club\"},\"image\":{\"@id\":\"https:\/\/evertonfc.cz\/#\/schema\/logo\/image\/\"},\"sameAs\":[\"https:\/\/www.facebook.com\/everton.fans.cz.sk\"]},{\"@type\":\"Person\",\"@id\":\"https:\/\/evertonfc.cz\/#\/schema\/person\/d4493b8cbea51532597fbc4685698916\",\"name\":\"BlueBlooded\",\"url\":\"https:\/\/evertonfc.cz\/index.php\/author\/admin\/\"}]}<\/script>\n<!-- \/ Yoast SEO plugin. -->","yoast_head_json":{"title":"Preview: Everton - Arsenal - Official Czech &amp; Slovak Everton Supporters&#039; Club","robots":{"index":"index","follow":"follow","max-snippet":"max-snippet:-1","max-image-preview":"max-image-preview:large","max-video-preview":"max-video-preview:-1"},"canonical":"https:\/\/evertonfc.cz\/index.php\/2017\/10\/21\/preview-everton-arsenal-2\/","og_locale":"cs_CZ","og_type":"article","og_title":"Preview: Everton - Arsenal - Official Czech &amp; Slovak Everton Supporters&#039; Club","og_description":"Minul\u00fa sez\u00f3nu sme sa proti nim vyk\u00fapili z biedy. Potom n\u00e1s ale potupn\u00fdm sp\u00f4sobom poslali do letn\u00fdch lov\u00ed\u0161\u0165. I ke\u010f&hellip;","og_url":"https:\/\/evertonfc.cz\/index.php\/2017\/10\/21\/preview-everton-arsenal-2\/","og_site_name":"Official Czech &amp; Slovak Everton Supporters&#039; Club","article_publisher":"https:\/\/www.facebook.com\/everton.fans.cz.sk","article_published_time":"2017-10-21T18:29:45+00:00","article_modified_time":"2021-02-01T07:55:22+00:00","og_image":[{"width":720,"height":405,"url":"https:\/\/evertonfc.cz\/wp-content\/uploads\/2021\/02\/Everton-VS-Arsenal.jpg","type":"image\/jpeg"}],"author":"BlueBlooded","twitter_card":"summary_large_image","twitter_misc":{"Napsal(a)":"BlueBlooded","Odhadovan\u00e1 doba \u010dten\u00ed":"4 minuty"},"schema":{"@context":"https:\/\/schema.org","@graph":[{"@type":"Article","@id":"https:\/\/evertonfc.cz\/index.php\/2017\/10\/21\/preview-everton-arsenal-2\/#article","isPartOf":{"@id":"https:\/\/evertonfc.cz\/index.php\/2017\/10\/21\/preview-everton-arsenal-2\/"},"author":{"name":"BlueBlooded","@id":"https:\/\/evertonfc.cz\/#\/schema\/person\/d4493b8cbea51532597fbc4685698916"},"headline":"Preview: Everton &#8211; Arsenal","datePublished":"2017-10-21T18:29:45+00:00","dateModified":"2021-02-01T07:55:22+00:00","mainEntityOfPage":{"@id":"https:\/\/evertonfc.cz\/index.php\/2017\/10\/21\/preview-everton-arsenal-2\/"},"wordCount":875,"commentCount":0,"publisher":{"@id":"https:\/\/evertonfc.cz\/#organization"},"image":{"@id":"https:\/\/evertonfc.cz\/index.php\/2017\/10\/21\/preview-everton-arsenal-2\/#primaryimage"},"thumbnailUrl":"https:\/\/evertonfc.cz\/wp-content\/uploads\/2021\/02\/Everton-VS-Arsenal.jpg","articleSection":["Z\u00e1pasy"],"inLanguage":"cs","potentialAction":[{"@type":"CommentAction","name":"Comment","target":["https:\/\/evertonfc.cz\/index.php\/2017\/10\/21\/preview-everton-arsenal-2\/#respond"]}]},{"@type":"WebPage","@id":"https:\/\/evertonfc.cz\/index.php\/2017\/10\/21\/preview-everton-arsenal-2\/","url":"https:\/\/evertonfc.cz\/index.php\/2017\/10\/21\/preview-everton-arsenal-2\/","name":"Preview: Everton - Arsenal - Official Czech &amp; Slovak Everton Supporters&#039; Club","isPartOf":{"@id":"https:\/\/evertonfc.cz\/#website"},"primaryImageOfPage":{"@id":"https:\/\/evertonfc.cz\/index.php\/2017\/10\/21\/preview-everton-arsenal-2\/#primaryimage"},"image":{"@id":"https:\/\/evertonfc.cz\/index.php\/2017\/10\/21\/preview-everton-arsenal-2\/#primaryimage"},"thumbnailUrl":"https:\/\/evertonfc.cz\/wp-content\/uploads\/2021\/02\/Everton-VS-Arsenal.jpg","datePublished":"2017-10-21T18:29:45+00:00","dateModified":"2021-02-01T07:55:22+00:00","breadcrumb":{"@id":"https:\/\/evertonfc.cz\/index.php\/2017\/10\/21\/preview-everton-arsenal-2\/#breadcrumb"},"inLanguage":"cs","potentialAction":[{"@type":"ReadAction","target":["https:\/\/evertonfc.cz\/index.php\/2017\/10\/21\/preview-everton-arsenal-2\/"]}]},{"@type":"ImageObject","inLanguage":"cs","@id":"https:\/\/evertonfc.cz\/index.php\/2017\/10\/21\/preview-everton-arsenal-2\/#primaryimage","url":"https:\/\/evertonfc.cz\/wp-content\/uploads\/2021\/02\/Everton-VS-Arsenal.jpg","contentUrl":"https:\/\/evertonfc.cz\/wp-content\/uploads\/2021\/02\/Everton-VS-Arsenal.jpg","width":720,"height":405},{"@type":"BreadcrumbList","@id":"https:\/\/evertonfc.cz\/index.php\/2017\/10\/21\/preview-everton-arsenal-2\/#breadcrumb","itemListElement":[{"@type":"ListItem","position":1,"name":"Home","item":"https:\/\/evertonfc.cz\/"},{"@type":"ListItem","position":2,"name":"Preview: Everton &#8211; Arsenal"}]},{"@type":"WebSite","@id":"https:\/\/evertonfc.cz\/#website","url":"https:\/\/evertonfc.cz\/","name":"Official Czech &amp; Slovak Everton Supporters&#039; Club","description":"","publisher":{"@id":"https:\/\/evertonfc.cz\/#organization"},"potentialAction":[{"@type":"SearchAction","target":{"@type":"EntryPoint","urlTemplate":"https:\/\/evertonfc.cz\/?s={search_term_string}"},"query-input":{"@type":"PropertyValueSpecification","valueRequired":true,"valueName":"search_term_string"}}],"inLanguage":"cs"},{"@type":"Organization","@id":"https:\/\/evertonfc.cz\/#organization","name":"Official Czech & Slovak Everton Supporters' Club","url":"https:\/\/evertonfc.cz\/","logo":{"@type":"ImageObject","inLanguage":"cs","@id":"https:\/\/evertonfc.cz\/#\/schema\/logo\/image\/","url":"https:\/\/evertonfc.cz\/wp-content\/uploads\/2019\/05\/logo.png","contentUrl":"https:\/\/evertonfc.cz\/wp-content\/uploads\/2019\/05\/logo.png","width":112,"height":112,"caption":"Official Czech & Slovak Everton Supporters' Club"},"image":{"@id":"https:\/\/evertonfc.cz\/#\/schema\/logo\/image\/"},"sameAs":["https:\/\/www.facebook.com\/everton.fans.cz.sk"]},{"@type":"Person","@id":"https:\/\/evertonfc.cz\/#\/schema\/person\/d4493b8cbea51532597fbc4685698916","name":"BlueBlooded","url":"https:\/\/evertonfc.cz\/index.php\/author\/admin\/"}]}},"_links":{"self":[{"href":"https:\/\/evertonfc.cz\/index.php\/wp-json\/wp\/v2\/posts\/2444"}],"collection":[{"href":"https:\/\/evertonfc.cz\/index.php\/wp-json\/wp\/v2\/posts"}],"about":[{"href":"https:\/\/evertonfc.cz\/index.php\/wp-json\/wp\/v2\/types\/post"}],"author":[{"embeddable":true,"href":"https:\/\/evertonfc.cz\/index.php\/wp-json\/wp\/v2\/users\/1"}],"replies":[{"embeddable":true,"href":"https:\/\/evertonfc.cz\/index.php\/wp-json\/wp\/v2\/comments?post=2444"}],"version-history":[{"count":3,"href":"https:\/\/evertonfc.cz\/index.php\/wp-json\/wp\/v2\/posts\/2444\/revisions"}],"predecessor-version":[{"id":13815,"href":"https:\/\/evertonfc.cz\/index.php\/wp-json\/wp\/v2\/posts\/2444\/revisions\/13815"}],"wp:featuredmedia":[{"embeddable":true,"href":"https:\/\/evertonfc.cz\/index.php\/wp-json\/wp\/v2\/media\/13812"}],"wp:attachment":[{"href":"https:\/\/evertonfc.cz\/index.php\/wp-json\/wp\/v2\/media?parent=2444"}],"wp:term":[{"taxonomy":"category","embeddable":true,"href":"https:\/\/evertonfc.cz\/index.php\/wp-json\/wp\/v2\/categories?post=2444"},{"taxonomy":"post_tag","embeddable":true,"href":"https:\/\/evertonfc.cz\/index.php\/wp-json\/wp\/v2\/tags?post=2444"}],"curies":[{"name":"wp","href":"https:\/\/api.w.org\/{rel}","templated":true}]}}