{"id":24447,"date":"2024-05-11T11:28:18","date_gmt":"2024-05-11T09:28:18","guid":{"rendered":"https:\/\/evertonfc.cz\/?p=24447"},"modified":"2024-05-11T11:33:30","modified_gmt":"2024-05-11T09:33:30","slug":"preview-everton-sheffield-united-4","status":"publish","type":"post","link":"https:\/\/evertonfc.cz\/index.php\/2024\/05\/11\/preview-everton-sheffield-united-4\/","title":{"rendered":"Preview: Everton &#8211; Sheffield United"},"content":{"rendered":"<h4>Posledn\u00ed dom\u00e1c\u00ed utk\u00e1n\u00ed sez\u00f3ny proti nejhor\u0161\u00edmu t\u00fdmu ligy znamen\u00e1 rozlu\u010dku s dresem Evertonu pro n\u011bkter\u00e9 hr\u00e1\u010de.<\/h4>\n<p>Odchod n\u011bkter\u00fdch hr\u00e1\u010d\u016f je jist\u00fd (Branthwaite, Onana, i dal\u0161\u00ed), Danjuma se vr\u00e1t\u00ed z hostov\u00e1n\u00ed do Villarealu, Gomesovi kon\u010d\u00ed smlouva a Everton se netaj\u00ed t\u00edm, \u017ee mu dal\u0161\u00ed ji\u017e nenab\u00eddne, to sam\u00e9 plat\u00ed i o dlouhodob\u011b zran\u011bn\u00e9m Allim. Ti v\u0161ichni dnes zam\u00e1vaj\u00ed fanou\u0161k\u016fm na Goodison Parku naposledy. A m\u011blo by to b\u00fdt v\u00edt\u011bzn\u00e9 rozlou\u010den\u00ed, neporazit doma posledn\u00edho je\/by byla v\u017edy ostuda. Zvl\u00e1\u0161\u0165, kdy\u017e je Everton zjevn\u011b v laufu a soupe\u0159 zvl\u00e1dl inkasovat 100 branek v 36 z\u00e1pasech.<\/p>\n<p>Z posledn\u00ed rem\u00edzy na h\u0159i\u0161ti Lutonu vy\u0161el Everton bez dal\u0161\u00edch zran\u011bn\u00ed, absentovat bude tedy jen trojice Alli-Mykolenko-Patterson, kte\u0159\u00ed si u\u017e do konce sez\u00f3ny za klub nekopnou (Mykolenko a Patterson by teoreticky mohli nastoupit na mistrovstv\u00ed Evropy, ale u obou to je moment\u00e1ln\u011b s velk\u00fdm otazn\u00edkem). Uzdraven\u00fd Coleman by mohl nastoupit na sv\u00e9 obvykl\u00e9 pozici prav\u00e9ho obr\u00e1nce, \u010d\u00edm\u017e je vytvo\u0159eno dilema ohledn\u011b obr\u00e1nce lev\u00e9ho &#8211; m\u016f\u017ee tam nastoupit Young \u010di univerz\u00e1l Godfrey. Jinak se asi moc sestava m\u011bnit nebude, o nominaci trojice McNeil-Doucour\u00e9-Calvert-Lewin do z\u00e1kladu nen\u00ed pochyb.<\/p>\n<p>Blades od za\u010d\u00e1tku sez\u00f3ny hr\u00e1li dole, ji\u017e p\u0159ed n\u00ed byli tipov\u00e1ni na sestup, co\u017e se tak\u00e9 stalo. Zvl\u00e1dli vyhr\u00e1t 3 ligov\u00e9 z\u00e1pasy v cel\u00e9 sez\u00f3n\u011b, jednou z rem\u00edz bylo 2:2 doma proti Toffees,\u00a0 na co\u017e se \u010de\u0161t\u00ed a sloven\u0161t\u00ed Evertonians <a href=\"https:\/\/evertonfc.cz\/index.php\/2023\/09\/03\/sheffield-united-everton-22\/\">pod\u00edvali spole\u010dn\u011b<\/a>. Do Goodison Parku p\u0159ij\u00ed\u017ed\u00ed se s\u00e9ri\u00ed 5 proher. Host\u016fm bude chyb\u011bt Ahmedhod\u017ei\u0107 za vylou\u010den\u00ed v minul\u00e9m utk\u00e1n\u00ed proti Nottinghamu, kv\u016fli hostov\u00e1n\u00ed nem\u016f\u017ee nastoupit proti sv\u00e9mu mate\u0159sk\u00e9mu klubu ani Holgate. Trojice Davies-Egan-Jebbison u\u017e tr\u00e9nuje, ale jejich \u00fa\u010dast je s otazn\u00edkem.<\/p>\n<p><strong>Co:\u00a0<\/strong>Everton FC &#8211; Sheffield United FC, 37. kolo Premier League<br \/>\n<strong>Kdy:\u00a0<\/strong>11. 5. 2024 od 16:00<br \/>\n<strong>Kde:<\/strong>Goodison Park \u2013 Goodison Rd, Liverpool L4 4EL (kapacita: 39 414)<br \/>\n<strong>TV:\u00a0<\/strong>P\u0159\u00edm\u00fd p\u0159enos na stanici Canal+ Sport 6, komentuje Mat\u00fa\u0161 Luk\u00e1\u010d<br \/>\n<strong>Rozhod\u010d\u00ed:\u00a0<\/strong>Michael Oliver &#8211; James Mainwaring, Natalie Aspinallov\u00e1\u00a0 <strong>\u010ctvrt\u00fd rozhod\u010d\u00ed: <\/strong>Rebecca Welchov\u00e1<br \/>\n<strong>Videorozhod\u010d\u00ed:\u00a0<\/strong>Graham Scott\u00a0 <strong>Asistent videorozhod\u010d\u00edho:\u00a0<\/strong>Simon Bennett<\/p>\n","protected":false},"excerpt":{"rendered":"<p>Posledn\u00ed dom\u00e1c\u00ed utk\u00e1n\u00ed sez\u00f3ny proti nejhor\u0161\u00edmu t\u00fdmu ligy znamen\u00e1 rozlu\u010dku s dresem Evertonu pro n\u011bkter\u00e9 hr\u00e1\u010de.<\/p>\n","protected":false},"author":12,"featured_media":15349,"comment_status":"open","ping_status":"closed","sticky":false,"template":"","format":"standard","meta":{"_eb_attr":"","_monsterinsights_skip_tracking":false,"_monsterinsights_sitenote_active":false,"_monsterinsights_sitenote_note":"","_monsterinsights_sitenote_category":0,"footnotes":""},"categories":[4],"tags":[],"yoast_head":"<!-- This site is optimized with the Yoast SEO plugin v23.4 - https:\/\/yoast.com\/wordpress\/plugins\/seo\/ -->\n<title>Preview: Everton - Sheffield United - Official Czech &amp; Slovak Everton Supporters&#039; Club<\/title>\n<meta name=\"description\" content=\"Posledn\u00ed dom\u00e1c\u00ed utk\u00e1n\u00ed sez\u00f3ny proti nejhor\u0161\u00edmu t\u00fdmu ligy znamen\u00e1 rozlu\u010dku s dresem Evertonu pro n\u011bkter\u00e9 hr\u00e1\u010de.\" \/>\n<meta name=\"robots\" content=\"index, follow, max-snippet:-1, max-image-preview:large, max-video-preview:-1\" \/>\n<link rel=\"canonical\" href=\"https:\/\/evertonfc.cz\/index.php\/2024\/05\/11\/preview-everton-sheffield-united-4\/\" \/>\n<meta property=\"og:locale\" content=\"cs_CZ\" \/>\n<meta property=\"og:type\" content=\"article\" \/>\n<meta property=\"og:title\" content=\"Preview: Everton - Sheffield United - Official Czech &amp; Slovak Everton Supporters&#039; Club\" \/>\n<meta property=\"og:description\" content=\"Posledn\u00ed dom\u00e1c\u00ed utk\u00e1n\u00ed sez\u00f3ny proti nejhor\u0161\u00edmu t\u00fdmu ligy znamen\u00e1 rozlu\u010dku s dresem Evertonu pro n\u011bkter\u00e9 hr\u00e1\u010de.\" \/>\n<meta property=\"og:url\" content=\"https:\/\/evertonfc.cz\/index.php\/2024\/05\/11\/preview-everton-sheffield-united-4\/\" \/>\n<meta property=\"og:site_name\" content=\"Official Czech &amp; Slovak Everton Supporters&#039; Club\" \/>\n<meta property=\"article:publisher\" content=\"https:\/\/www.facebook.com\/everton.fans.cz.sk\" \/>\n<meta property=\"article:published_time\" content=\"2024-05-11T09:28:18+00:00\" \/>\n<meta property=\"article:modified_time\" content=\"2024-05-11T09:33:30+00:00\" \/>\n<meta property=\"og:image\" content=\"https:\/\/evertonfc.cz\/wp-content\/uploads\/2021\/05\/Everton-VS-Sheffield-United.jpg\" \/>\n\t<meta property=\"og:image:width\" content=\"720\" \/>\n\t<meta property=\"og:image:height\" content=\"405\" \/>\n\t<meta property=\"og:image:type\" content=\"image\/jpeg\" \/>\n<meta name=\"author\" content=\"Javor\" \/>\n<meta name=\"twitter:card\" content=\"summary_large_image\" \/>\n<meta name=\"twitter:creator\" content=\"@LoudinJan\" \/>\n<meta name=\"twitter:label1\" content=\"Napsal(a)\" \/>\n\t<meta name=\"twitter:data1\" content=\"Javor\" \/>\n\t<meta name=\"twitter:label2\" content=\"Odhadovan\u00e1 doba \u010dten\u00ed\" \/>\n\t<meta name=\"twitter:data2\" content=\"2 minuty\" \/>\n<script type=\"application\/ld+json\" class=\"yoast-schema-graph\">{\"@context\":\"https:\/\/schema.org\",\"@graph\":[{\"@type\":\"Article\",\"@id\":\"https:\/\/evertonfc.cz\/index.php\/2024\/05\/11\/preview-everton-sheffield-united-4\/#article\",\"isPartOf\":{\"@id\":\"https:\/\/evertonfc.cz\/index.php\/2024\/05\/11\/preview-everton-sheffield-united-4\/\"},\"author\":{\"name\":\"Javor\",\"@id\":\"https:\/\/evertonfc.cz\/#\/schema\/person\/b30daf6a5852f4811f8207a17ec1bf78\"},\"headline\":\"Preview: Everton &#8211; Sheffield United\",\"datePublished\":\"2024-05-11T09:28:18+00:00\",\"dateModified\":\"2024-05-11T09:33:30+00:00\",\"mainEntityOfPage\":{\"@id\":\"https:\/\/evertonfc.cz\/index.php\/2024\/05\/11\/preview-everton-sheffield-united-4\/\"},\"wordCount\":393,\"commentCount\":2,\"publisher\":{\"@id\":\"https:\/\/evertonfc.cz\/#organization\"},\"image\":{\"@id\":\"https:\/\/evertonfc.cz\/index.php\/2024\/05\/11\/preview-everton-sheffield-united-4\/#primaryimage\"},\"thumbnailUrl\":\"https:\/\/evertonfc.cz\/wp-content\/uploads\/2021\/05\/Everton-VS-Sheffield-United.jpg\",\"articleSection\":[\"Z\u00e1pasy\"],\"inLanguage\":\"cs\",\"potentialAction\":[{\"@type\":\"CommentAction\",\"name\":\"Comment\",\"target\":[\"https:\/\/evertonfc.cz\/index.php\/2024\/05\/11\/preview-everton-sheffield-united-4\/#respond\"]}]},{\"@type\":\"WebPage\",\"@id\":\"https:\/\/evertonfc.cz\/index.php\/2024\/05\/11\/preview-everton-sheffield-united-4\/\",\"url\":\"https:\/\/evertonfc.cz\/index.php\/2024\/05\/11\/preview-everton-sheffield-united-4\/\",\"name\":\"Preview: Everton - Sheffield United - Official Czech &amp; Slovak Everton Supporters&#039; Club\",\"isPartOf\":{\"@id\":\"https:\/\/evertonfc.cz\/#website\"},\"primaryImageOfPage\":{\"@id\":\"https:\/\/evertonfc.cz\/index.php\/2024\/05\/11\/preview-everton-sheffield-united-4\/#primaryimage\"},\"image\":{\"@id\":\"https:\/\/evertonfc.cz\/index.php\/2024\/05\/11\/preview-everton-sheffield-united-4\/#primaryimage\"},\"thumbnailUrl\":\"https:\/\/evertonfc.cz\/wp-content\/uploads\/2021\/05\/Everton-VS-Sheffield-United.jpg\",\"datePublished\":\"2024-05-11T09:28:18+00:00\",\"dateModified\":\"2024-05-11T09:33:30+00:00\",\"description\":\"Posledn\u00ed dom\u00e1c\u00ed utk\u00e1n\u00ed sez\u00f3ny proti nejhor\u0161\u00edmu t\u00fdmu ligy znamen\u00e1 rozlu\u010dku s dresem Evertonu pro n\u011bkter\u00e9 hr\u00e1\u010de.\",\"breadcrumb\":{\"@id\":\"https:\/\/evertonfc.cz\/index.php\/2024\/05\/11\/preview-everton-sheffield-united-4\/#breadcrumb\"},\"inLanguage\":\"cs\",\"potentialAction\":[{\"@type\":\"ReadAction\",\"target\":[\"https:\/\/evertonfc.cz\/index.php\/2024\/05\/11\/preview-everton-sheffield-united-4\/\"]}]},{\"@type\":\"ImageObject\",\"inLanguage\":\"cs\",\"@id\":\"https:\/\/evertonfc.cz\/index.php\/2024\/05\/11\/preview-everton-sheffield-united-4\/#primaryimage\",\"url\":\"https:\/\/evertonfc.cz\/wp-content\/uploads\/2021\/05\/Everton-VS-Sheffield-United.jpg\",\"contentUrl\":\"https:\/\/evertonfc.cz\/wp-content\/uploads\/2021\/05\/Everton-VS-Sheffield-United.jpg\",\"width\":720,\"height\":405},{\"@type\":\"BreadcrumbList\",\"@id\":\"https:\/\/evertonfc.cz\/index.php\/2024\/05\/11\/preview-everton-sheffield-united-4\/#breadcrumb\",\"itemListElement\":[{\"@type\":\"ListItem\",\"position\":1,\"name\":\"Home\",\"item\":\"https:\/\/evertonfc.cz\/\"},{\"@type\":\"ListItem\",\"position\":2,\"name\":\"Preview: Everton &#8211; Sheffield United\"}]},{\"@type\":\"WebSite\",\"@id\":\"https:\/\/evertonfc.cz\/#website\",\"url\":\"https:\/\/evertonfc.cz\/\",\"name\":\"Official Czech &amp; Slovak Everton Supporters&#039; Club\",\"description\":\"\",\"publisher\":{\"@id\":\"https:\/\/evertonfc.cz\/#organization\"},\"potentialAction\":[{\"@type\":\"SearchAction\",\"target\":{\"@type\":\"EntryPoint\",\"urlTemplate\":\"https:\/\/evertonfc.cz\/?s={search_term_string}\"},\"query-input\":{\"@type\":\"PropertyValueSpecification\",\"valueRequired\":true,\"valueName\":\"search_term_string\"}}],\"inLanguage\":\"cs\"},{\"@type\":\"Organization\",\"@id\":\"https:\/\/evertonfc.cz\/#organization\",\"name\":\"Official Czech & Slovak Everton Supporters' Club\",\"url\":\"https:\/\/evertonfc.cz\/\",\"logo\":{\"@type\":\"ImageObject\",\"inLanguage\":\"cs\",\"@id\":\"https:\/\/evertonfc.cz\/#\/schema\/logo\/image\/\",\"url\":\"https:\/\/evertonfc.cz\/wp-content\/uploads\/2019\/05\/logo.png\",\"contentUrl\":\"https:\/\/evertonfc.cz\/wp-content\/uploads\/2019\/05\/logo.png\",\"width\":112,\"height\":112,\"caption\":\"Official Czech & Slovak Everton Supporters' Club\"},\"image\":{\"@id\":\"https:\/\/evertonfc.cz\/#\/schema\/logo\/image\/\"},\"sameAs\":[\"https:\/\/www.facebook.com\/everton.fans.cz.sk\"]},{\"@type\":\"Person\",\"@id\":\"https:\/\/evertonfc.cz\/#\/schema\/person\/b30daf6a5852f4811f8207a17ec1bf78\",\"name\":\"Javor\",\"sameAs\":[\"https:\/\/x.com\/LoudinJan\"],\"url\":\"https:\/\/evertonfc.cz\/index.php\/author\/javor\/\"}]}<\/script>\n<!-- \/ Yoast SEO plugin. -->","yoast_head_json":{"title":"Preview: Everton - Sheffield United - Official Czech &amp; Slovak Everton Supporters&#039; Club","description":"Posledn\u00ed dom\u00e1c\u00ed utk\u00e1n\u00ed sez\u00f3ny proti nejhor\u0161\u00edmu t\u00fdmu ligy znamen\u00e1 rozlu\u010dku s dresem Evertonu pro n\u011bkter\u00e9 hr\u00e1\u010de.","robots":{"index":"index","follow":"follow","max-snippet":"max-snippet:-1","max-image-preview":"max-image-preview:large","max-video-preview":"max-video-preview:-1"},"canonical":"https:\/\/evertonfc.cz\/index.php\/2024\/05\/11\/preview-everton-sheffield-united-4\/","og_locale":"cs_CZ","og_type":"article","og_title":"Preview: Everton - Sheffield United - Official Czech &amp; Slovak Everton Supporters&#039; Club","og_description":"Posledn\u00ed dom\u00e1c\u00ed utk\u00e1n\u00ed sez\u00f3ny proti nejhor\u0161\u00edmu t\u00fdmu ligy znamen\u00e1 rozlu\u010dku s dresem Evertonu pro n\u011bkter\u00e9 hr\u00e1\u010de.","og_url":"https:\/\/evertonfc.cz\/index.php\/2024\/05\/11\/preview-everton-sheffield-united-4\/","og_site_name":"Official Czech &amp; Slovak Everton Supporters&#039; Club","article_publisher":"https:\/\/www.facebook.com\/everton.fans.cz.sk","article_published_time":"2024-05-11T09:28:18+00:00","article_modified_time":"2024-05-11T09:33:30+00:00","og_image":[{"width":720,"height":405,"url":"https:\/\/evertonfc.cz\/wp-content\/uploads\/2021\/05\/Everton-VS-Sheffield-United.jpg","type":"image\/jpeg"}],"author":"Javor","twitter_card":"summary_large_image","twitter_creator":"@LoudinJan","twitter_misc":{"Napsal(a)":"Javor","Odhadovan\u00e1 doba \u010dten\u00ed":"2 minuty"},"schema":{"@context":"https:\/\/schema.org","@graph":[{"@type":"Article","@id":"https:\/\/evertonfc.cz\/index.php\/2024\/05\/11\/preview-everton-sheffield-united-4\/#article","isPartOf":{"@id":"https:\/\/evertonfc.cz\/index.php\/2024\/05\/11\/preview-everton-sheffield-united-4\/"},"author":{"name":"Javor","@id":"https:\/\/evertonfc.cz\/#\/schema\/person\/b30daf6a5852f4811f8207a17ec1bf78"},"headline":"Preview: Everton &#8211; Sheffield United","datePublished":"2024-05-11T09:28:18+00:00","dateModified":"2024-05-11T09:33:30+00:00","mainEntityOfPage":{"@id":"https:\/\/evertonfc.cz\/index.php\/2024\/05\/11\/preview-everton-sheffield-united-4\/"},"wordCount":393,"commentCount":2,"publisher":{"@id":"https:\/\/evertonfc.cz\/#organization"},"image":{"@id":"https:\/\/evertonfc.cz\/index.php\/2024\/05\/11\/preview-everton-sheffield-united-4\/#primaryimage"},"thumbnailUrl":"https:\/\/evertonfc.cz\/wp-content\/uploads\/2021\/05\/Everton-VS-Sheffield-United.jpg","articleSection":["Z\u00e1pasy"],"inLanguage":"cs","potentialAction":[{"@type":"CommentAction","name":"Comment","target":["https:\/\/evertonfc.cz\/index.php\/2024\/05\/11\/preview-everton-sheffield-united-4\/#respond"]}]},{"@type":"WebPage","@id":"https:\/\/evertonfc.cz\/index.php\/2024\/05\/11\/preview-everton-sheffield-united-4\/","url":"https:\/\/evertonfc.cz\/index.php\/2024\/05\/11\/preview-everton-sheffield-united-4\/","name":"Preview: Everton - Sheffield United - Official Czech &amp; Slovak Everton Supporters&#039; Club","isPartOf":{"@id":"https:\/\/evertonfc.cz\/#website"},"primaryImageOfPage":{"@id":"https:\/\/evertonfc.cz\/index.php\/2024\/05\/11\/preview-everton-sheffield-united-4\/#primaryimage"},"image":{"@id":"https:\/\/evertonfc.cz\/index.php\/2024\/05\/11\/preview-everton-sheffield-united-4\/#primaryimage"},"thumbnailUrl":"https:\/\/evertonfc.cz\/wp-content\/uploads\/2021\/05\/Everton-VS-Sheffield-United.jpg","datePublished":"2024-05-11T09:28:18+00:00","dateModified":"2024-05-11T09:33:30+00:00","description":"Posledn\u00ed dom\u00e1c\u00ed utk\u00e1n\u00ed sez\u00f3ny proti nejhor\u0161\u00edmu t\u00fdmu ligy znamen\u00e1 rozlu\u010dku s dresem Evertonu pro n\u011bkter\u00e9 hr\u00e1\u010de.","breadcrumb":{"@id":"https:\/\/evertonfc.cz\/index.php\/2024\/05\/11\/preview-everton-sheffield-united-4\/#breadcrumb"},"inLanguage":"cs","potentialAction":[{"@type":"ReadAction","target":["https:\/\/evertonfc.cz\/index.php\/2024\/05\/11\/preview-everton-sheffield-united-4\/"]}]},{"@type":"ImageObject","inLanguage":"cs","@id":"https:\/\/evertonfc.cz\/index.php\/2024\/05\/11\/preview-everton-sheffield-united-4\/#primaryimage","url":"https:\/\/evertonfc.cz\/wp-content\/uploads\/2021\/05\/Everton-VS-Sheffield-United.jpg","contentUrl":"https:\/\/evertonfc.cz\/wp-content\/uploads\/2021\/05\/Everton-VS-Sheffield-United.jpg","width":720,"height":405},{"@type":"BreadcrumbList","@id":"https:\/\/evertonfc.cz\/index.php\/2024\/05\/11\/preview-everton-sheffield-united-4\/#breadcrumb","itemListElement":[{"@type":"ListItem","position":1,"name":"Home","item":"https:\/\/evertonfc.cz\/"},{"@type":"ListItem","position":2,"name":"Preview: Everton &#8211; Sheffield United"}]},{"@type":"WebSite","@id":"https:\/\/evertonfc.cz\/#website","url":"https:\/\/evertonfc.cz\/","name":"Official Czech &amp; Slovak Everton Supporters&#039; Club","description":"","publisher":{"@id":"https:\/\/evertonfc.cz\/#organization"},"potentialAction":[{"@type":"SearchAction","target":{"@type":"EntryPoint","urlTemplate":"https:\/\/evertonfc.cz\/?s={search_term_string}"},"query-input":{"@type":"PropertyValueSpecification","valueRequired":true,"valueName":"search_term_string"}}],"inLanguage":"cs"},{"@type":"Organization","@id":"https:\/\/evertonfc.cz\/#organization","name":"Official Czech & Slovak Everton Supporters' Club","url":"https:\/\/evertonfc.cz\/","logo":{"@type":"ImageObject","inLanguage":"cs","@id":"https:\/\/evertonfc.cz\/#\/schema\/logo\/image\/","url":"https:\/\/evertonfc.cz\/wp-content\/uploads\/2019\/05\/logo.png","contentUrl":"https:\/\/evertonfc.cz\/wp-content\/uploads\/2019\/05\/logo.png","width":112,"height":112,"caption":"Official Czech & Slovak Everton Supporters' Club"},"image":{"@id":"https:\/\/evertonfc.cz\/#\/schema\/logo\/image\/"},"sameAs":["https:\/\/www.facebook.com\/everton.fans.cz.sk"]},{"@type":"Person","@id":"https:\/\/evertonfc.cz\/#\/schema\/person\/b30daf6a5852f4811f8207a17ec1bf78","name":"Javor","sameAs":["https:\/\/x.com\/LoudinJan"],"url":"https:\/\/evertonfc.cz\/index.php\/author\/javor\/"}]}},"_links":{"self":[{"href":"https:\/\/evertonfc.cz\/index.php\/wp-json\/wp\/v2\/posts\/24447"}],"collection":[{"href":"https:\/\/evertonfc.cz\/index.php\/wp-json\/wp\/v2\/posts"}],"about":[{"href":"https:\/\/evertonfc.cz\/index.php\/wp-json\/wp\/v2\/types\/post"}],"author":[{"embeddable":true,"href":"https:\/\/evertonfc.cz\/index.php\/wp-json\/wp\/v2\/users\/12"}],"replies":[{"embeddable":true,"href":"https:\/\/evertonfc.cz\/index.php\/wp-json\/wp\/v2\/comments?post=24447"}],"version-history":[{"count":3,"href":"https:\/\/evertonfc.cz\/index.php\/wp-json\/wp\/v2\/posts\/24447\/revisions"}],"predecessor-version":[{"id":24450,"href":"https:\/\/evertonfc.cz\/index.php\/wp-json\/wp\/v2\/posts\/24447\/revisions\/24450"}],"wp:featuredmedia":[{"embeddable":true,"href":"https:\/\/evertonfc.cz\/index.php\/wp-json\/wp\/v2\/media\/15349"}],"wp:attachment":[{"href":"https:\/\/evertonfc.cz\/index.php\/wp-json\/wp\/v2\/media?parent=24447"}],"wp:term":[{"taxonomy":"category","embeddable":true,"href":"https:\/\/evertonfc.cz\/index.php\/wp-json\/wp\/v2\/categories?post=24447"},{"taxonomy":"post_tag","embeddable":true,"href":"https:\/\/evertonfc.cz\/index.php\/wp-json\/wp\/v2\/tags?post=24447"}],"curies":[{"name":"wp","href":"https:\/\/api.w.org\/{rel}","templated":true}]}}