{"id":24456,"date":"2024-05-12T17:35:06","date_gmt":"2024-05-12T15:35:06","guid":{"rendered":"https:\/\/evertonfc.cz\/?p=24456"},"modified":"2024-05-13T16:59:15","modified_gmt":"2024-05-13T14:59:15","slug":"everton-sheffield-united-10","status":"publish","type":"post","link":"https:\/\/evertonfc.cz\/index.php\/2024\/05\/12\/everton-sheffield-united-10\/","title":{"rendered":"Everton &#8211; Sheffield United 1:0"},"content":{"rendered":"<h4>U\u017e p\u00e1t\u00fd dom\u00e1c\u00ed st\u0159et po sob\u011b se poda\u0159ilo ust\u0159e\u017eit port\u00e1l za Pickfordem. Ani Blades, padaj\u00edc\u00edm o level n\u00ed\u017e, se p\u0159es n\u011bj nepoda\u0159ilo proj\u00edt a k\u00a0tomu jim Doucour\u00e9 p\u0159ibalil do batohu 101. mi\u010dudu.<\/h4>\n<p>V Goodison Parku se utkaly t\u00fdmy s nejslab\u0161\u00edmi \u00fatoky, dalo se tedy o\u010dek\u00e1vat klidn\u00e9 odpoledne. Everton u\u017e nast\u0159\u00e1dal solidn\u00ed pol\u0161t\u00e1\u0159 pro z\u00e1chranu. Letos tedy nebylo t\u0159eba \u017ehavit desetitis\u00edce mysl\u00ed Evertonians ku z\u00e1chran\u011b a telekineticky vtahovat m\u00ed\u010de do soupe\u0159ovy s\u00edt\u011b. To je fajn.<\/p>\n<p>Na druh\u00e9 stran\u011b Sheffield United pro\u017eil podle v\u0161ech p\u0159edpoklad\u016f mezi elitou o\u010distec a zat\u00edm se d\u011bl\u00ed o t\u0159et\u00ed nejhor\u0161\u00ed zisk bod\u016f v \u00e9\u0159e Premier League. Nen\u00ed se co divit, kdy\u017e sv\u00e9 nejlep\u0161\u00ed hr\u00e1\u010de po postupu museli prodat (Berge, Ndiaye). Nep\u0159ipom\u00edn\u00e1 to n\u011bkomu n\u011bco?<\/p>\n<p>Everton na z\u00e1v\u011br sez\u00f3ny p\u0159i\u0161el o Jacka Harrisona, do hry ho nepust\u00ed patrn\u011b pot\u00ed\u017ee s ky\u010dl\u00ed. Jeho m\u00edsto napravo zaujal Garner, tak\u017ee zbylo m\u00edsto pro Onanu. Na posledn\u00ed dom\u00e1c\u00ed z\u00e1pas sez\u00f3ny dostal na prav\u00e9m beku p\u0159ednost Coleman.<\/p>\n<p>Mana\u017eer druh\u00e9ho nejzn\u00e1m\u011bj\u0161\u00edho klubu ze Steel City, Chris Wilder, u\u017e n\u011bkolik z\u00e1pas\u016f m\u016f\u017ee pojmout jako p\u0159\u00edpravn\u00e9, ale solidn\u00ed 9\u010dlenn\u00e1 marodka mu trochu k\u0159\u00edz\u00ed pl\u00e1ny. Vynechat Holgatea mu pomohla i dohoda o hostov\u00e1n\u00ed, Tom Davies se bohu\u017eel celou sez\u00f3nu pot\u00fdk\u00e1 se zdravotn\u00edmi probl\u00e9my. Jedinou zm\u011bnou proti minul\u00e9mu kolu byl Larouci, kter\u00fd se do z\u00e1kladu dostal na \u00fakor zran\u011bn\u00e9ho Osbornea.<\/p>\n<h4>Prvn\u00ed polo\u010das<\/h4>\n<p>Everton za zp\u011bvu dom\u00e1c\u00edch p\u0159iznivc\u016f za\u010dal svi\u017en\u011b. Do zakon\u010den\u00ed z \u00fahlu se protla\u010dil DCL, ale jeho hopkav\u00e1 st\u0159ela se Foderinghamovi nevyhnula. Z druh\u00e9 strany pronikal Young, obhodil si Hamera a m\u00ed\u010d na h\u0159i\u0161ti u\u017e sice nestihl, odm\u011bna v podob\u011b rohov\u00e9ho kopu mu byla ale odep\u0159ena.<\/p>\n<p>Po 10. minut\u011b jsme m\u011bli siln\u00e9 momenty. McNeil\u016fv centr se ocitl na hlav\u011b osamocen\u00e9ho Doucour\u00e9ho, ten v\u0161ak nebyl p\u0159ipraven opravdov\u011b zakon\u010dit. Kr\u00e1sn\u00e1 kombinace ve st\u0159edu pole uvoln\u011bn\u011b hraj\u00edc\u00edch Toffees vyslala Onanu, ani on nen\u00ed na takov\u00e9 v\u011bci zvykl\u00fd a m\u00ed\u010d si ukopl. Dlouh\u00fd pas za obranu si skv\u011ble st\u00e1hl DCL, nasadil Trustymu jesli\u010dky a p\u0159edlo\u017eil p\u0159\u00edle\u017eitost Doucsovi, na \u00farovni takov\u00fdch 0,7 xG. Dob\u0159e, tak v\u00a0jeho p\u0159\u00edpad\u011b tak 0,17. Prost\u011b, Foderingham v\u010dasn\u00fdm vyb\u011bhnut\u00edm podr\u017eel sv\u016fj t\u00fdm.<\/p>\n<p>Pokus rozehr\u00e1t p\u0159\u00edm\u00fd kop po zemi, to bude pot\u0159eba je\u0161t\u011b secvi\u010dit. Nevad\u00ed. Coleman se pokou\u0161el horolezecky zdolat Brookse, ale rozhod\u010d\u00ed mu to neuznal. DCL se zast\u0159eloval a na druh\u00e9 stran\u011b se do \u0161ance dostal nebezpe\u010dn\u00fd Archer. V\u0161e gradovalo k 31. minut\u011b, McNeil par\u00e1dn\u011b na\u0161el za obranou DCL, ten si polo\u017eili brank\u00e1\u0159e a p\u0159edlo\u017eil p\u0159ed branku Doucour\u00e9mu, kter\u00fd sedmou ligovou trefou na\u010dal soupe\u0159e \u2013 <strong>1:0<\/strong>.<\/p>\n<p>Chov\u00e1n\u00ed zv\u00ed\u0159ete zahnan\u00e9ho do kouta projevil kapit\u00e1n host\u00ed Robinson, kdy\u017e obouru\u010d str\u010dil na\u0161i 9 a\u017e z n\u00ed skoro byla 6. T\u011b\u017eko \u0159\u00edct, co ho k tomu vedlo, ale rozhod\u010d\u00ed Attwell ozna\u010dil \u017elutou oba hr\u00e1\u010de. Tento moment hosty trochu probudil, ale p\u0159ed Archerem stihl vyp\u00edchnout odv\u00e1\u017en\u00fd Pickford. Dal\u0161\u00ed zmatky v obrann\u00e9 pr\u00e1ci dali \u0161anci Brooksovi, ale ten m\u00ed\u0159il jen na Jordana. Znovu Archer pak neprocedil st\u0159elu skrz Tarkyho, na druh\u00e9 stran\u011b neusp\u011bl Doucs.<\/p>\n<h4>Druh\u00fd polo\u010das<\/h4>\n<p>Jak byla prvn\u00ed p\u016fle zaj\u00edmav\u00e1, tak druh\u00e1 u\u017e tolik ne. Za\u010dalo to sice slibn\u011b, Garner m\u011bl 2 pokusy o centr a dobr\u00e1 kombinace vyhecovala ke st\u0159ele Onanu, ale sra\u017een\u00e1 r\u00e1na p\u0159inesla jen roh. Po n\u011bm odra\u017een\u00fd m\u00ed\u010d nap\u00e1lil nad ostrost\u0159elec posledn\u00edch kol Gana Gueye. V 54. minut\u011b si o nejvy\u0161\u0161\u00ed karti\u010dku a l\u00edstek na dovolenou \u0159ekl Arblaster, p\u0159ed jeho skluzem usko\u010dil Garner na\u0161t\u011bst\u00ed v\u010das, tak\u017ee hostuj\u00edc\u00ed st\u0159edopola\u0159 vid\u011bl jen \u017elut\u00e9ho spodka.<\/p>\n<p>Aktivita na h\u0159i\u0161ti upadala, dom\u00e1c\u00ed se spokojili s jednobrankov\u00fdm veden\u00edm. Z letargie se je pokusil probrat Brereton Diaz, na\u0161t\u011bst\u00ed m\u00ed\u0159il dvakr\u00e1t vedle. Mezit\u00edm Branthwaite dal takovou malou dom\u016f, \u017ee nena\u0161el Pickforda, ale ani jeho branku.<\/p>\n<p>To u\u017e na h\u0159isti v\u00ed\u0159ili uzdraven\u00fd Dobbin, fe\u0161\u00e1k Gomes a mla\u010fas Chermiti. Ten se dostal do n\u011bkolika slibn\u00fdch \u0161anc\u00ed, ale Foideringham \u010daroval ve vzduchu i na zemi a do zakon\u010den\u00ed ho nepustil. Gustavo Hamer, postavou p\u0159ipom\u00ednaj\u00edc\u00ed Salomona Rondona v jeho ne \u00fapln\u011b nejlep\u0161\u00edch letech, pohrdl posledn\u00ed \u0161anc\u00ed host\u016f. Hlavou m\u00ed\u0159il nad.<\/p>\n<p>V nastaven\u00ed se ben Slimane postaral ne\u00famysln\u011b loktem o tom, \u017ee Gomes u\u017e nen\u00ed fe\u0161\u00e1k a tak\u00e9 o to, \u017ee se na h\u0159i\u0161t\u011b na p\u00e1r minut dostal i Lewis Warrington. Docela haluz. No a v nastaven\u00ed nastaven\u00ed prokli\u010dkoval maz\u00e1cky Chermiti obranou, p\u0159edlo\u017eil na podnose \u0161anci pro Garnera, ale ten st\u0159etnut\u00ed dvou st\u0159\u00eddm\u00fdch necht\u011bl p\u0159esytit, a tak branku lah\u016fdkov\u011b p\u0159est\u0159elil.<\/p>\n<h4>Z\u00e1v\u011brem<\/h4>\n<p>Spln\u011bn\u00e1 povinnost, ob\u010das pohledn\u00e1 hra a citeln\u00e1 \u00faleva na h\u0159i\u0161ti i v hledi\u0161ti. Z\u00e1v\u011bre\u010dn\u00e9 kole\u010dko cti, kdy na h\u0159i\u0161t\u011b p\u0159i\u0161li za potlesku ochoz\u016f hr\u00e1\u010di s rodinami, dalo zapomenout na chv\u00edli na sv\u011bt, kter\u00e9mu vl\u00e1dnou finance. Kdo by se neustrnul, kdy\u017e na h\u0159i\u0161t\u011b p\u0159icapk\u00e1 mali\u010dk\u00fd Keane, sotva jednolet\u00fd, cel\u00fd tat\u00ednek. Nebo jak dva mal\u00ed Ganov\u00e9 kopou tat\u00ednka do achilovky. Taky mlad\u00e1 sle\u010dna Tarkowsk\u00e1 tam byla, a Pickfordi a Youngov\u00e9 v\u0161eho v\u011bku.<\/p>\n<p>Z\u00e1pas splnil o\u010dek\u00e1v\u00e1n\u00ed, s\u00e9rie pokra\u010duje. Cenu pro hr\u00e1\u010de z\u00e1pasu by od na\u0161\u00ed redakce p\u0159evzal DCL, pokud bychom n\u011bjakou m\u011bli. A pokud by si pro ni p\u0159ijel. Ale sv\u016fj standard zahr\u00e1li McNeil i Gana, soupe\u0159 toho dovolil dost. Dob\u0159e to dopadlo!<\/p>\n<p style=\"text-align: right;\"><span style=\"font-size: 8pt;\">fotozdroj: Peter Byrne \u2013 Associated Press<\/span><\/p>\n<p><strong>Branky<\/strong>: 31\u2018 Doucour\u00e9<\/p>\n<p><strong>\u017dlut\u00e9<\/strong> <strong>karty<\/strong>: 36\u2018 Calvert-Lewin \u2013 36\u2018 Robinson, 54\u2018 Arblaster, 90+2\u2018 Wilder (mimo h\u0159i\u0161t\u011b)<\/p>\n<p><strong>Dr\u017een\u00ed<\/strong> <strong>m\u00ed\u010de<\/strong>: 57% &#8211; 43% <strong>St\u0159ely\/na branku<\/strong>: 15\/6 \u2013 13\/1 <strong>Rohy<\/strong>: 3 \u2013 6 <strong>xG<\/strong>: 2,00 \u2013 0,62<\/p>\n<p><strong>Everton<\/strong>: Pickford \u2013 Coleman, Tarkowski, Branthwaite, Young \u2013 Gana Gueye, Onana \u2013 Garner, Doucour\u00e9 (69\u2018 Dobbin), McNeil (69\u2018 Gomes, (90+3\u2018 Warrington)) \u2013 Calvert-Lewin (79\u2018 Chermiti).<\/p>\n<p><strong>Sheffield<\/strong> <strong>United<\/strong>: Foderingham \u2013 Vini Souza, Trusty, Robinson \u2013 Larouci (55\u2018 Lowe), Brooks (55\u2018 ben Slimane), Arblaster (63\u2018 Curtis), Hamer, Bogle \u2013 Brereton Diaz, Archer (81\u2018 Brewster)<\/p>\n<p><strong>Rozhod\u010d\u00ed<\/strong>: Stuart Attwell\u00a0 <strong>Div\u00e1k\u016f<\/strong>: 39 221<\/p>\n","protected":false},"excerpt":{"rendered":"<p>U\u017e p\u00e1t\u00fd dom\u00e1c\u00ed st\u0159et po sob\u011b se poda\u0159ilo ust\u0159e\u017eit port\u00e1l za Pickfordem. Ani Blades, padaj\u00edc\u00edm o level n\u00ed\u017e, se p\u0159es n\u011bj nepoda\u0159ilo proj\u00edt a k\u00a0tomu jim Doucour\u00e9 p\u0159ibalil do batohu 101. mi\u010dudu.<\/p>\n","protected":false},"author":10,"featured_media":24457,"comment_status":"open","ping_status":"closed","sticky":false,"template":"","format":"standard","meta":{"_eb_attr":"","_monsterinsights_skip_tracking":false,"_monsterinsights_sitenote_active":false,"_monsterinsights_sitenote_note":"","_monsterinsights_sitenote_category":0,"footnotes":""},"categories":[4],"tags":[],"yoast_head":"<!-- This site is optimized with the Yoast SEO plugin v23.4 - https:\/\/yoast.com\/wordpress\/plugins\/seo\/ -->\n<title>Everton - Sheffield United 1:0 - Official Czech &amp; Slovak Everton Supporters&#039; Club<\/title>\n<meta name=\"robots\" content=\"index, follow, max-snippet:-1, max-image-preview:large, max-video-preview:-1\" \/>\n<link rel=\"canonical\" href=\"https:\/\/evertonfc.cz\/index.php\/2024\/05\/12\/everton-sheffield-united-10\/\" \/>\n<meta property=\"og:locale\" content=\"cs_CZ\" \/>\n<meta property=\"og:type\" content=\"article\" \/>\n<meta property=\"og:title\" content=\"Everton - Sheffield United 1:0 - Official Czech &amp; Slovak Everton Supporters&#039; Club\" \/>\n<meta property=\"og:description\" content=\"U\u017e p\u00e1t\u00fd dom\u00e1c\u00ed st\u0159et po sob\u011b se poda\u0159ilo ust\u0159e\u017eit port\u00e1l za Pickfordem. Ani Blades, padaj\u00edc\u00edm o level n\u00ed\u017e, se p\u0159es n\u011bj nepoda\u0159ilo proj\u00edt a k\u00a0tomu jim Doucour\u00e9 p\u0159ibalil do batohu 101. mi\u010dudu.\" \/>\n<meta property=\"og:url\" content=\"https:\/\/evertonfc.cz\/index.php\/2024\/05\/12\/everton-sheffield-united-10\/\" \/>\n<meta property=\"og:site_name\" content=\"Official Czech &amp; Slovak Everton Supporters&#039; Club\" \/>\n<meta property=\"article:publisher\" content=\"https:\/\/www.facebook.com\/everton.fans.cz.sk\" \/>\n<meta property=\"article:published_time\" content=\"2024-05-12T15:35:06+00:00\" \/>\n<meta property=\"article:modified_time\" content=\"2024-05-13T14:59:15+00:00\" \/>\n<meta property=\"og:image\" content=\"https:\/\/evertonfc.cz\/wp-content\/uploads\/2024\/05\/blades_2024.jpg\" \/>\n\t<meta property=\"og:image:width\" content=\"720\" \/>\n\t<meta property=\"og:image:height\" content=\"405\" \/>\n\t<meta property=\"og:image:type\" content=\"image\/jpeg\" \/>\n<meta name=\"author\" content=\"Fip\" \/>\n<meta name=\"twitter:card\" content=\"summary_large_image\" \/>\n<meta name=\"twitter:label1\" content=\"Napsal(a)\" \/>\n\t<meta name=\"twitter:data1\" content=\"Fip\" \/>\n\t<meta name=\"twitter:label2\" content=\"Odhadovan\u00e1 doba \u010dten\u00ed\" \/>\n\t<meta name=\"twitter:data2\" content=\"6 minut\" \/>\n<script type=\"application\/ld+json\" class=\"yoast-schema-graph\">{\"@context\":\"https:\/\/schema.org\",\"@graph\":[{\"@type\":\"Article\",\"@id\":\"https:\/\/evertonfc.cz\/index.php\/2024\/05\/12\/everton-sheffield-united-10\/#article\",\"isPartOf\":{\"@id\":\"https:\/\/evertonfc.cz\/index.php\/2024\/05\/12\/everton-sheffield-united-10\/\"},\"author\":{\"name\":\"Fip\",\"@id\":\"https:\/\/evertonfc.cz\/#\/schema\/person\/35904009755e8eaa0dc1a5f5f0419002\"},\"headline\":\"Everton &#8211; Sheffield United 1:0\",\"datePublished\":\"2024-05-12T15:35:06+00:00\",\"dateModified\":\"2024-05-13T14:59:15+00:00\",\"mainEntityOfPage\":{\"@id\":\"https:\/\/evertonfc.cz\/index.php\/2024\/05\/12\/everton-sheffield-united-10\/\"},\"wordCount\":1131,\"commentCount\":3,\"publisher\":{\"@id\":\"https:\/\/evertonfc.cz\/#organization\"},\"image\":{\"@id\":\"https:\/\/evertonfc.cz\/index.php\/2024\/05\/12\/everton-sheffield-united-10\/#primaryimage\"},\"thumbnailUrl\":\"https:\/\/evertonfc.cz\/wp-content\/uploads\/2024\/05\/blades_2024.jpg\",\"articleSection\":[\"Z\u00e1pasy\"],\"inLanguage\":\"cs\",\"potentialAction\":[{\"@type\":\"CommentAction\",\"name\":\"Comment\",\"target\":[\"https:\/\/evertonfc.cz\/index.php\/2024\/05\/12\/everton-sheffield-united-10\/#respond\"]}]},{\"@type\":\"WebPage\",\"@id\":\"https:\/\/evertonfc.cz\/index.php\/2024\/05\/12\/everton-sheffield-united-10\/\",\"url\":\"https:\/\/evertonfc.cz\/index.php\/2024\/05\/12\/everton-sheffield-united-10\/\",\"name\":\"Everton - Sheffield United 1:0 - Official Czech &amp; Slovak Everton Supporters&#039; Club\",\"isPartOf\":{\"@id\":\"https:\/\/evertonfc.cz\/#website\"},\"primaryImageOfPage\":{\"@id\":\"https:\/\/evertonfc.cz\/index.php\/2024\/05\/12\/everton-sheffield-united-10\/#primaryimage\"},\"image\":{\"@id\":\"https:\/\/evertonfc.cz\/index.php\/2024\/05\/12\/everton-sheffield-united-10\/#primaryimage\"},\"thumbnailUrl\":\"https:\/\/evertonfc.cz\/wp-content\/uploads\/2024\/05\/blades_2024.jpg\",\"datePublished\":\"2024-05-12T15:35:06+00:00\",\"dateModified\":\"2024-05-13T14:59:15+00:00\",\"breadcrumb\":{\"@id\":\"https:\/\/evertonfc.cz\/index.php\/2024\/05\/12\/everton-sheffield-united-10\/#breadcrumb\"},\"inLanguage\":\"cs\",\"potentialAction\":[{\"@type\":\"ReadAction\",\"target\":[\"https:\/\/evertonfc.cz\/index.php\/2024\/05\/12\/everton-sheffield-united-10\/\"]}]},{\"@type\":\"ImageObject\",\"inLanguage\":\"cs\",\"@id\":\"https:\/\/evertonfc.cz\/index.php\/2024\/05\/12\/everton-sheffield-united-10\/#primaryimage\",\"url\":\"https:\/\/evertonfc.cz\/wp-content\/uploads\/2024\/05\/blades_2024.jpg\",\"contentUrl\":\"https:\/\/evertonfc.cz\/wp-content\/uploads\/2024\/05\/blades_2024.jpg\",\"width\":720,\"height\":405},{\"@type\":\"BreadcrumbList\",\"@id\":\"https:\/\/evertonfc.cz\/index.php\/2024\/05\/12\/everton-sheffield-united-10\/#breadcrumb\",\"itemListElement\":[{\"@type\":\"ListItem\",\"position\":1,\"name\":\"Home\",\"item\":\"https:\/\/evertonfc.cz\/\"},{\"@type\":\"ListItem\",\"position\":2,\"name\":\"Everton &#8211; Sheffield United 1:0\"}]},{\"@type\":\"WebSite\",\"@id\":\"https:\/\/evertonfc.cz\/#website\",\"url\":\"https:\/\/evertonfc.cz\/\",\"name\":\"Official Czech &amp; Slovak Everton Supporters&#039; Club\",\"description\":\"\",\"publisher\":{\"@id\":\"https:\/\/evertonfc.cz\/#organization\"},\"potentialAction\":[{\"@type\":\"SearchAction\",\"target\":{\"@type\":\"EntryPoint\",\"urlTemplate\":\"https:\/\/evertonfc.cz\/?s={search_term_string}\"},\"query-input\":{\"@type\":\"PropertyValueSpecification\",\"valueRequired\":true,\"valueName\":\"search_term_string\"}}],\"inLanguage\":\"cs\"},{\"@type\":\"Organization\",\"@id\":\"https:\/\/evertonfc.cz\/#organization\",\"name\":\"Official Czech & Slovak Everton Supporters' Club\",\"url\":\"https:\/\/evertonfc.cz\/\",\"logo\":{\"@type\":\"ImageObject\",\"inLanguage\":\"cs\",\"@id\":\"https:\/\/evertonfc.cz\/#\/schema\/logo\/image\/\",\"url\":\"https:\/\/evertonfc.cz\/wp-content\/uploads\/2019\/05\/logo.png\",\"contentUrl\":\"https:\/\/evertonfc.cz\/wp-content\/uploads\/2019\/05\/logo.png\",\"width\":112,\"height\":112,\"caption\":\"Official Czech & Slovak Everton Supporters' Club\"},\"image\":{\"@id\":\"https:\/\/evertonfc.cz\/#\/schema\/logo\/image\/\"},\"sameAs\":[\"https:\/\/www.facebook.com\/everton.fans.cz.sk\"]},{\"@type\":\"Person\",\"@id\":\"https:\/\/evertonfc.cz\/#\/schema\/person\/35904009755e8eaa0dc1a5f5f0419002\",\"name\":\"Fip\",\"url\":\"https:\/\/evertonfc.cz\/index.php\/author\/fip\/\"}]}<\/script>\n<!-- \/ Yoast SEO plugin. -->","yoast_head_json":{"title":"Everton - Sheffield United 1:0 - Official Czech &amp; Slovak Everton Supporters&#039; Club","robots":{"index":"index","follow":"follow","max-snippet":"max-snippet:-1","max-image-preview":"max-image-preview:large","max-video-preview":"max-video-preview:-1"},"canonical":"https:\/\/evertonfc.cz\/index.php\/2024\/05\/12\/everton-sheffield-united-10\/","og_locale":"cs_CZ","og_type":"article","og_title":"Everton - Sheffield United 1:0 - Official Czech &amp; Slovak Everton Supporters&#039; Club","og_description":"U\u017e p\u00e1t\u00fd dom\u00e1c\u00ed st\u0159et po sob\u011b se poda\u0159ilo ust\u0159e\u017eit port\u00e1l za Pickfordem. Ani Blades, padaj\u00edc\u00edm o level n\u00ed\u017e, se p\u0159es n\u011bj nepoda\u0159ilo proj\u00edt a k\u00a0tomu jim Doucour\u00e9 p\u0159ibalil do batohu 101. mi\u010dudu.","og_url":"https:\/\/evertonfc.cz\/index.php\/2024\/05\/12\/everton-sheffield-united-10\/","og_site_name":"Official Czech &amp; Slovak Everton Supporters&#039; Club","article_publisher":"https:\/\/www.facebook.com\/everton.fans.cz.sk","article_published_time":"2024-05-12T15:35:06+00:00","article_modified_time":"2024-05-13T14:59:15+00:00","og_image":[{"width":720,"height":405,"url":"https:\/\/evertonfc.cz\/wp-content\/uploads\/2024\/05\/blades_2024.jpg","type":"image\/jpeg"}],"author":"Fip","twitter_card":"summary_large_image","twitter_misc":{"Napsal(a)":"Fip","Odhadovan\u00e1 doba \u010dten\u00ed":"6 minut"},"schema":{"@context":"https:\/\/schema.org","@graph":[{"@type":"Article","@id":"https:\/\/evertonfc.cz\/index.php\/2024\/05\/12\/everton-sheffield-united-10\/#article","isPartOf":{"@id":"https:\/\/evertonfc.cz\/index.php\/2024\/05\/12\/everton-sheffield-united-10\/"},"author":{"name":"Fip","@id":"https:\/\/evertonfc.cz\/#\/schema\/person\/35904009755e8eaa0dc1a5f5f0419002"},"headline":"Everton &#8211; Sheffield United 1:0","datePublished":"2024-05-12T15:35:06+00:00","dateModified":"2024-05-13T14:59:15+00:00","mainEntityOfPage":{"@id":"https:\/\/evertonfc.cz\/index.php\/2024\/05\/12\/everton-sheffield-united-10\/"},"wordCount":1131,"commentCount":3,"publisher":{"@id":"https:\/\/evertonfc.cz\/#organization"},"image":{"@id":"https:\/\/evertonfc.cz\/index.php\/2024\/05\/12\/everton-sheffield-united-10\/#primaryimage"},"thumbnailUrl":"https:\/\/evertonfc.cz\/wp-content\/uploads\/2024\/05\/blades_2024.jpg","articleSection":["Z\u00e1pasy"],"inLanguage":"cs","potentialAction":[{"@type":"CommentAction","name":"Comment","target":["https:\/\/evertonfc.cz\/index.php\/2024\/05\/12\/everton-sheffield-united-10\/#respond"]}]},{"@type":"WebPage","@id":"https:\/\/evertonfc.cz\/index.php\/2024\/05\/12\/everton-sheffield-united-10\/","url":"https:\/\/evertonfc.cz\/index.php\/2024\/05\/12\/everton-sheffield-united-10\/","name":"Everton - Sheffield United 1:0 - Official Czech &amp; Slovak Everton Supporters&#039; Club","isPartOf":{"@id":"https:\/\/evertonfc.cz\/#website"},"primaryImageOfPage":{"@id":"https:\/\/evertonfc.cz\/index.php\/2024\/05\/12\/everton-sheffield-united-10\/#primaryimage"},"image":{"@id":"https:\/\/evertonfc.cz\/index.php\/2024\/05\/12\/everton-sheffield-united-10\/#primaryimage"},"thumbnailUrl":"https:\/\/evertonfc.cz\/wp-content\/uploads\/2024\/05\/blades_2024.jpg","datePublished":"2024-05-12T15:35:06+00:00","dateModified":"2024-05-13T14:59:15+00:00","breadcrumb":{"@id":"https:\/\/evertonfc.cz\/index.php\/2024\/05\/12\/everton-sheffield-united-10\/#breadcrumb"},"inLanguage":"cs","potentialAction":[{"@type":"ReadAction","target":["https:\/\/evertonfc.cz\/index.php\/2024\/05\/12\/everton-sheffield-united-10\/"]}]},{"@type":"ImageObject","inLanguage":"cs","@id":"https:\/\/evertonfc.cz\/index.php\/2024\/05\/12\/everton-sheffield-united-10\/#primaryimage","url":"https:\/\/evertonfc.cz\/wp-content\/uploads\/2024\/05\/blades_2024.jpg","contentUrl":"https:\/\/evertonfc.cz\/wp-content\/uploads\/2024\/05\/blades_2024.jpg","width":720,"height":405},{"@type":"BreadcrumbList","@id":"https:\/\/evertonfc.cz\/index.php\/2024\/05\/12\/everton-sheffield-united-10\/#breadcrumb","itemListElement":[{"@type":"ListItem","position":1,"name":"Home","item":"https:\/\/evertonfc.cz\/"},{"@type":"ListItem","position":2,"name":"Everton &#8211; Sheffield United 1:0"}]},{"@type":"WebSite","@id":"https:\/\/evertonfc.cz\/#website","url":"https:\/\/evertonfc.cz\/","name":"Official Czech &amp; Slovak Everton Supporters&#039; Club","description":"","publisher":{"@id":"https:\/\/evertonfc.cz\/#organization"},"potentialAction":[{"@type":"SearchAction","target":{"@type":"EntryPoint","urlTemplate":"https:\/\/evertonfc.cz\/?s={search_term_string}"},"query-input":{"@type":"PropertyValueSpecification","valueRequired":true,"valueName":"search_term_string"}}],"inLanguage":"cs"},{"@type":"Organization","@id":"https:\/\/evertonfc.cz\/#organization","name":"Official Czech & Slovak Everton Supporters' Club","url":"https:\/\/evertonfc.cz\/","logo":{"@type":"ImageObject","inLanguage":"cs","@id":"https:\/\/evertonfc.cz\/#\/schema\/logo\/image\/","url":"https:\/\/evertonfc.cz\/wp-content\/uploads\/2019\/05\/logo.png","contentUrl":"https:\/\/evertonfc.cz\/wp-content\/uploads\/2019\/05\/logo.png","width":112,"height":112,"caption":"Official Czech & Slovak Everton Supporters' Club"},"image":{"@id":"https:\/\/evertonfc.cz\/#\/schema\/logo\/image\/"},"sameAs":["https:\/\/www.facebook.com\/everton.fans.cz.sk"]},{"@type":"Person","@id":"https:\/\/evertonfc.cz\/#\/schema\/person\/35904009755e8eaa0dc1a5f5f0419002","name":"Fip","url":"https:\/\/evertonfc.cz\/index.php\/author\/fip\/"}]}},"_links":{"self":[{"href":"https:\/\/evertonfc.cz\/index.php\/wp-json\/wp\/v2\/posts\/24456"}],"collection":[{"href":"https:\/\/evertonfc.cz\/index.php\/wp-json\/wp\/v2\/posts"}],"about":[{"href":"https:\/\/evertonfc.cz\/index.php\/wp-json\/wp\/v2\/types\/post"}],"author":[{"embeddable":true,"href":"https:\/\/evertonfc.cz\/index.php\/wp-json\/wp\/v2\/users\/10"}],"replies":[{"embeddable":true,"href":"https:\/\/evertonfc.cz\/index.php\/wp-json\/wp\/v2\/comments?post=24456"}],"version-history":[{"count":2,"href":"https:\/\/evertonfc.cz\/index.php\/wp-json\/wp\/v2\/posts\/24456\/revisions"}],"predecessor-version":[{"id":24460,"href":"https:\/\/evertonfc.cz\/index.php\/wp-json\/wp\/v2\/posts\/24456\/revisions\/24460"}],"wp:featuredmedia":[{"embeddable":true,"href":"https:\/\/evertonfc.cz\/index.php\/wp-json\/wp\/v2\/media\/24457"}],"wp:attachment":[{"href":"https:\/\/evertonfc.cz\/index.php\/wp-json\/wp\/v2\/media?parent=24456"}],"wp:term":[{"taxonomy":"category","embeddable":true,"href":"https:\/\/evertonfc.cz\/index.php\/wp-json\/wp\/v2\/categories?post=24456"},{"taxonomy":"post_tag","embeddable":true,"href":"https:\/\/evertonfc.cz\/index.php\/wp-json\/wp\/v2\/tags?post=24456"}],"curies":[{"name":"wp","href":"https:\/\/api.w.org\/{rel}","templated":true}]}}