{"id":24489,"date":"2024-05-21T21:05:08","date_gmt":"2024-05-21T19:05:08","guid":{"rendered":"https:\/\/evertonfc.cz\/?p=24489"},"modified":"2024-05-22T11:28:55","modified_gmt":"2024-05-22T09:28:55","slug":"arsenal-everton-21-3","status":"publish","type":"post","link":"https:\/\/evertonfc.cz\/index.php\/2024\/05\/21\/arsenal-everton-21-3\/","title":{"rendered":"Arsenal \u2013 Everton 2:1"},"content":{"rendered":"<h4>O\u010dak\u00e1van\u00fd v\u00fdsledok s o\u010dak\u00e1van\u00fdm priebehom, ale s neo\u010dak\u00e1van\u00fdm strelcom \u010di neodovzdanos\u0165ou pred dovolenkou, pre\u0165al cie\u013eov\u00fa p\u00e1sku marat\u00f3nu Evertonu v jeho 121. sez\u00f3ne v najvy\u0161\u0161ej s\u00fa\u0165a\u017ei. Hip hip!<\/h4>\n<p>Proti Kanonierom, ktor\u00ed na dia\u013eku v\u00a0nede\u013eu e\u0161te st\u00e1le bojovali o\u00a0titul s\u00a0Manchesterom City, poslal Dyche na vlas rovnak\u00fd t\u00edm, ak\u00fd zariadil posledn\u00fa dom\u00e1cu v\u00fdhru v\u00a0tomto ligovom ro\u010dn\u00edku. Jedin\u00e9 zmeny boli len na lavi\u010dke. Tam ch\u00fdbali odch\u00e1dzaj\u00faci Gomes a\u00a0Danjuma. Ich miesta zaujali mlad\u00edci Hunt s\u00a0Crellinom.<\/p>\n<h4><strong>1.pol\u010das<\/strong><\/h4>\n<p>Predpokladan\u00e1 dominancia dom\u00e1cich ni\u010d svetoborn\u00e9 nepriniesla. \u010cast\u00e9 \u017emurkanie na zahnanie driemot prer\u00fdvalo len p\u00e1r polo-\u0161anc\u00ed. Tie v\u00e4\u010d\u0161ie pramenili pr\u00e1ve po chyb\u00e1ch host\u00ed. Preto si budeme cez leto opakova\u0165, \u017ee zbyto\u010dn\u00e9 kr\u00ed\u017ene prihr\u00e1vky v obrane cez v\u00e4\u010d\u0161iu \u0161\u00edrku ihriska robi\u0165 u\u017e nebudeme. Najm\u00e4, ke\u010f n\u00e1s nap\u00e1daj\u00fa.<\/p>\n<p>Tak\u00fdm sp\u00f4sobom takmer profitoval Rice, neby\u0165 Pickforda. Ten okrem in\u00e9ho vychytal aj Havertza, Trossarda a\u00a0aj Martinellovo s\u00f3lo. Calvert-Lewin trafil v\u00a0sporadickej \u0161anci aj ty\u010dku, no o\u00a0jedin\u00fd g\u00f3l sa postaral u\u017e nesviato\u010dn\u00fd strelec. Po faule na McNeila sa k\u00a0lopte postavil aj Gueye. A\u00a0hoci mieril celkom presne k\u00a0bli\u017e\u0161ej \u017erdi, Rice loptu te\u010doval hlavou a\u00a0nedal tak Rayovi v\u00a0br\u00e1ne \u017eiadnu \u0161ancu reagova\u0165. <strong>0:1<\/strong><\/p>\n<p>O\u00a0chv\u00ed\u013eu v\u0161ak bolo zrovnan\u00e9. \u00d8degaard sa predral do \u0161estn\u00e1stky, a\u00a0poslal sp\u00e4tn\u00fa prihr\u00e1vku pred br\u00e1nu, kde si ju na\u0161iel Tomiyasu a\u00a0nechytate\u013ene zakon\u010dil. <strong>1:1<\/strong> a \u0161tadi\u00f3n n\u00e1ramne o\u017eil, aj z\u00e1sluhou West Hamu, ktor\u00fd v\u00a0tom momente zn\u00ed\u017eil dvojg\u00f3lov\u00fd n\u00e1skok Citizens. Ale my vieme presne, ako vyzer\u00e1 n\u00e1dej, ktor\u00e1 zab\u00edja&#8230;<\/p>\n<h4><strong>2.pol\u010das<\/strong><\/h4>\n<p>Nutno podotkn\u00fa\u0165, \u017ee sledova\u0165 poctiv\u00fd v\u00fdkon Karameliek na konci sez\u00f3ny, kde klubu naozaj u\u017e o\u00a0ni\u010d nejde, bolo ve\u013emi pr\u00edjemn\u00e9. Hr\u00e1\u010di hrali s\u00a0v\u00e4\u010d\u0161ou slobodou a\u00a0\u010dasto rie\u0161ili situ\u00e1cie na vlastnej polovici ve\u013emi futbalovo na na\u0161e pomery. V\u00a0druhom dejstve sa hra mo\u017eno aj t\u00fdm, ale aj potrebou Arsenalu sk\u00f3rova\u0165, viac prelievala.<\/p>\n<p>Z\u00edskavali sme lopty v prechode s\u00fapera do poslednej tretiny. Sna\u017eili sme sa o \u00faniky, ale zlyh\u00e1vali sme v rovnak\u00fdch priestoroch. \u010casto vlastnou nepresnos\u0165ou, alebo zl\u00fdm rie\u0161en\u00edm situ\u00e1cie. Proste tak\u00fd klasick\u00fd Everton. Jedin\u00fdm svetl\u00fdm bodom pred br\u00e1nou \u010derveno bielych tak bola strela Calverta-Lewina, ktor\u00fa spektakul\u00e1rne chytil Raya.<\/p>\n<p>S bl\u00ed\u017eiacim sa z\u00e1vere\u010dn\u00fdm hvizdom stup\u0148oval s\u00faper tlak, a obrana modr\u00fdch mala \u010do robi\u0165. No bodke za stretnut\u00edm v podobe vyrovn\u00e1vaj\u00faceho g\u00f3lu Gunners nedok\u00e1zala zabr\u00e1ni\u0165. Youngova zl\u00e1 prihr\u00e1vka cez \u0161\u00edrku obrany bola zachyten\u00e1 Jesusom, z \u010doho pramenil \u00fatok 3 na 1. \u00d8degaard svoj pokus zluftoval, ale loptu si na\u0161iel Havertz a bolo 2:1. Hru rukou kontroloval aj VAR. Bola v\u0161ak pri tele a tak g\u00f3l platil.<\/p>\n<h4><strong>Sean Dyche po z\u00e1pase:<\/strong><\/h4>\n<blockquote><p><span style=\"font-size: 12pt;\"><em>\u201eMysl\u00edm si, \u017ee to bol spr\u00e1vny v\u00fdkon pre to, \u010do chceme urobi\u0165 pre seba a pre na\u0161ich fan\u00fa\u0161ikov. Okolo z\u00e1pasu bolo z pochopite\u013en\u00fdch d\u00f4vodov ve\u013ea rozruchu. Ale op\u00e4\u0165 sme pri\u0161li na miesto ako toto a podali sme v\u00fdkon, ktor\u00fd dok\u00e1\u017ee n\u00e1js\u0165 sp\u00f4sob, ako vyhra\u0165, aj ke\u010f je to na t\u00fdchto miestach \u0165a\u017ek\u00e9. \u017dia\u013e, naozaj zl\u00e9 rozhodnutie i\u0161lo pod\u013ea m\u0148a proti n\u00e1m. Predt\u00fdm mali p\u00e1r \u0161anc\u00ed, rovnako ako my, ale bolo to za m\u0148a zl\u00e9 rozhodnutie a, \u017eia\u013e, sez\u00f3nu nekon\u010d\u00edme bez prehry. Moja jedin\u00e1 v\u00fd\u010ditka, a predpoklad\u00e1m, \u017ee nebola jedin\u00e1 v tejto sez\u00f3ne, je, \u017ee to\u013ekokr\u00e1t sa dostaneme do dobr\u00fdch poz\u00edci\u00ed a potom rozd\u00e1me zl\u00fa alebo nedbal\u00fa prihr\u00e1vku. To je nie\u010do, o \u010do sa mus\u00edme sna\u017ei\u0165, aby sme sa na\u010falej zlep\u0161ovali, preto\u017ee hr\u00e1\u010di maj\u00fa kvalitu. Energia, \u00fasilie, viera v to, \u010do rob\u00edme, boli celkom jasn\u00e9. A po\u010das sez\u00f3ny len r\u00e1stli.\u201c<\/em><\/span><\/p><\/blockquote>\n<h3 style=\"text-align: center;\"><span style=\"color: #3366ff;\"><em><strong>Come on you Blues !!!<\/strong><\/em><\/span><\/h3>\n<p style=\"text-align: right;\"><span style=\"font-size: 8pt;\">(fotozdroj: Sky Sports)<\/span><\/p>\n<p><strong>Zostrihy:<\/strong> HooFoot.com \/ Everton TV<\/p>\n<p><strong>G\u00f3ly:<\/strong> 40\u00b4Gueye, 43\u00b4 Tomiyasu (\u00d8degaard), 89\u00b4 Havertz (\u00d8degaard)<\/p>\n<p><strong>\u017dlt\u00e9 karty:<\/strong> 50\u00b4 Tarkowski, 54\u00b4 Doucour\u00e9, 68\u00b4 Rice, 73\u00b4 Timber, 83\u00b4 Havertz, 83\u00b4 Pickford<\/p>\n<p><strong>Arsenal FC:<\/strong> Raya \u2013 White (69\u00b4 Timber), Saliba, Gabriel (59\u00b4 Zinchenko), Tomiyasu \u2013 Partey (69\u00b4 Smith-Rowe), Rice, \u00d8degaard \u2013 Martinelli, Havertz, Trossard (78\u00b4 Jesus)<\/p>\n<p><strong>Everton FC:<\/strong> Pickford \u2013 Coleman, Tarkowski, Branthwaite, Young \u2013 Garner, Gueye, Onana, McNeil \u2013 Doucour\u00e9 (90+2\u00b4 Beto), Calvert-Lewin (75\u00b4 Chermiti),<\/p>\n<p><strong>Rozhodca: <\/strong>Michael Oliver\u00a0 <strong>Div\u00e1ci:<\/strong> 60 312\u00a0 <strong>Hr\u00e1\u010d z\u00e1pasu EFC:<\/strong> Idrissa Gueye<\/p>\n","protected":false},"excerpt":{"rendered":"<p>O\u010dak\u00e1van\u00fd v\u00fdsledok s o\u010dak\u00e1van\u00fdm priebehom, ale s neo\u010dak\u00e1van\u00fdm strelcom \u010di neodovzdanos\u0165ou pred dovolenkou, pre\u0165al cie\u013eov\u00fa p\u00e1sku marat\u00f3nu Evertonu v jeho 121. sez\u00f3ne v najvy\u0161\u0161ej s\u00fa\u0165a\u017ei. Hip hip!<\/p>\n","protected":false},"author":1,"featured_media":24491,"comment_status":"open","ping_status":"closed","sticky":false,"template":"","format":"standard","meta":{"_eb_attr":"","_monsterinsights_skip_tracking":false,"_monsterinsights_sitenote_active":false,"_monsterinsights_sitenote_note":"","_monsterinsights_sitenote_category":0,"footnotes":""},"categories":[4],"tags":[],"yoast_head":"<!-- This site is optimized with the Yoast SEO plugin v23.4 - https:\/\/yoast.com\/wordpress\/plugins\/seo\/ -->\n<title>Arsenal \u2013 Everton 2:1 - Official Czech &amp; Slovak Everton Supporters&#039; Club<\/title>\n<meta name=\"robots\" content=\"index, follow, max-snippet:-1, max-image-preview:large, max-video-preview:-1\" \/>\n<link rel=\"canonical\" href=\"https:\/\/evertonfc.cz\/index.php\/2024\/05\/21\/arsenal-everton-21-3\/\" \/>\n<meta property=\"og:locale\" content=\"cs_CZ\" \/>\n<meta property=\"og:type\" content=\"article\" \/>\n<meta property=\"og:title\" content=\"Arsenal \u2013 Everton 2:1 - Official Czech &amp; Slovak Everton Supporters&#039; Club\" \/>\n<meta property=\"og:description\" content=\"O\u010dak\u00e1van\u00fd v\u00fdsledok s o\u010dak\u00e1van\u00fdm priebehom, ale s neo\u010dak\u00e1van\u00fdm strelcom \u010di neodovzdanos\u0165ou pred dovolenkou, pre\u0165al cie\u013eov\u00fa p\u00e1sku marat\u00f3nu Evertonu v jeho 121. sez\u00f3ne v najvy\u0161\u0161ej s\u00fa\u0165a\u017ei. Hip hip!\" \/>\n<meta property=\"og:url\" content=\"https:\/\/evertonfc.cz\/index.php\/2024\/05\/21\/arsenal-everton-21-3\/\" \/>\n<meta property=\"og:site_name\" content=\"Official Czech &amp; Slovak Everton Supporters&#039; Club\" \/>\n<meta property=\"article:publisher\" content=\"https:\/\/www.facebook.com\/everton.fans.cz.sk\" \/>\n<meta property=\"article:published_time\" content=\"2024-05-21T19:05:08+00:00\" \/>\n<meta property=\"article:modified_time\" content=\"2024-05-22T09:28:55+00:00\" \/>\n<meta property=\"og:image\" content=\"https:\/\/evertonfc.cz\/wp-content\/uploads\/2024\/05\/Arsenal-2-1-Everton-by-Sky-Sports-19-5-2024.jpg\" \/>\n\t<meta property=\"og:image:width\" content=\"720\" \/>\n\t<meta property=\"og:image:height\" content=\"405\" \/>\n\t<meta property=\"og:image:type\" content=\"image\/jpeg\" \/>\n<meta name=\"author\" content=\"BlueBlooded\" \/>\n<meta name=\"twitter:card\" content=\"summary_large_image\" \/>\n<meta name=\"twitter:label1\" content=\"Napsal(a)\" \/>\n\t<meta name=\"twitter:data1\" content=\"BlueBlooded\" \/>\n\t<meta name=\"twitter:label2\" content=\"Odhadovan\u00e1 doba \u010dten\u00ed\" \/>\n\t<meta name=\"twitter:data2\" content=\"3 minuty\" \/>\n<script type=\"application\/ld+json\" class=\"yoast-schema-graph\">{\"@context\":\"https:\/\/schema.org\",\"@graph\":[{\"@type\":\"Article\",\"@id\":\"https:\/\/evertonfc.cz\/index.php\/2024\/05\/21\/arsenal-everton-21-3\/#article\",\"isPartOf\":{\"@id\":\"https:\/\/evertonfc.cz\/index.php\/2024\/05\/21\/arsenal-everton-21-3\/\"},\"author\":{\"name\":\"BlueBlooded\",\"@id\":\"https:\/\/evertonfc.cz\/#\/schema\/person\/d4493b8cbea51532597fbc4685698916\"},\"headline\":\"Arsenal \u2013 Everton 2:1\",\"datePublished\":\"2024-05-21T19:05:08+00:00\",\"dateModified\":\"2024-05-22T09:28:55+00:00\",\"mainEntityOfPage\":{\"@id\":\"https:\/\/evertonfc.cz\/index.php\/2024\/05\/21\/arsenal-everton-21-3\/\"},\"wordCount\":778,\"commentCount\":0,\"publisher\":{\"@id\":\"https:\/\/evertonfc.cz\/#organization\"},\"image\":{\"@id\":\"https:\/\/evertonfc.cz\/index.php\/2024\/05\/21\/arsenal-everton-21-3\/#primaryimage\"},\"thumbnailUrl\":\"https:\/\/evertonfc.cz\/wp-content\/uploads\/2024\/05\/Arsenal-2-1-Everton-by-Sky-Sports-19-5-2024.jpg\",\"articleSection\":[\"Z\u00e1pasy\"],\"inLanguage\":\"cs\",\"potentialAction\":[{\"@type\":\"CommentAction\",\"name\":\"Comment\",\"target\":[\"https:\/\/evertonfc.cz\/index.php\/2024\/05\/21\/arsenal-everton-21-3\/#respond\"]}]},{\"@type\":\"WebPage\",\"@id\":\"https:\/\/evertonfc.cz\/index.php\/2024\/05\/21\/arsenal-everton-21-3\/\",\"url\":\"https:\/\/evertonfc.cz\/index.php\/2024\/05\/21\/arsenal-everton-21-3\/\",\"name\":\"Arsenal \u2013 Everton 2:1 - Official Czech &amp; Slovak Everton Supporters&#039; Club\",\"isPartOf\":{\"@id\":\"https:\/\/evertonfc.cz\/#website\"},\"primaryImageOfPage\":{\"@id\":\"https:\/\/evertonfc.cz\/index.php\/2024\/05\/21\/arsenal-everton-21-3\/#primaryimage\"},\"image\":{\"@id\":\"https:\/\/evertonfc.cz\/index.php\/2024\/05\/21\/arsenal-everton-21-3\/#primaryimage\"},\"thumbnailUrl\":\"https:\/\/evertonfc.cz\/wp-content\/uploads\/2024\/05\/Arsenal-2-1-Everton-by-Sky-Sports-19-5-2024.jpg\",\"datePublished\":\"2024-05-21T19:05:08+00:00\",\"dateModified\":\"2024-05-22T09:28:55+00:00\",\"breadcrumb\":{\"@id\":\"https:\/\/evertonfc.cz\/index.php\/2024\/05\/21\/arsenal-everton-21-3\/#breadcrumb\"},\"inLanguage\":\"cs\",\"potentialAction\":[{\"@type\":\"ReadAction\",\"target\":[\"https:\/\/evertonfc.cz\/index.php\/2024\/05\/21\/arsenal-everton-21-3\/\"]}]},{\"@type\":\"ImageObject\",\"inLanguage\":\"cs\",\"@id\":\"https:\/\/evertonfc.cz\/index.php\/2024\/05\/21\/arsenal-everton-21-3\/#primaryimage\",\"url\":\"https:\/\/evertonfc.cz\/wp-content\/uploads\/2024\/05\/Arsenal-2-1-Everton-by-Sky-Sports-19-5-2024.jpg\",\"contentUrl\":\"https:\/\/evertonfc.cz\/wp-content\/uploads\/2024\/05\/Arsenal-2-1-Everton-by-Sky-Sports-19-5-2024.jpg\",\"width\":720,\"height\":405},{\"@type\":\"BreadcrumbList\",\"@id\":\"https:\/\/evertonfc.cz\/index.php\/2024\/05\/21\/arsenal-everton-21-3\/#breadcrumb\",\"itemListElement\":[{\"@type\":\"ListItem\",\"position\":1,\"name\":\"Home\",\"item\":\"https:\/\/evertonfc.cz\/\"},{\"@type\":\"ListItem\",\"position\":2,\"name\":\"Arsenal \u2013 Everton 2:1\"}]},{\"@type\":\"WebSite\",\"@id\":\"https:\/\/evertonfc.cz\/#website\",\"url\":\"https:\/\/evertonfc.cz\/\",\"name\":\"Official Czech &amp; Slovak Everton Supporters&#039; Club\",\"description\":\"\",\"publisher\":{\"@id\":\"https:\/\/evertonfc.cz\/#organization\"},\"potentialAction\":[{\"@type\":\"SearchAction\",\"target\":{\"@type\":\"EntryPoint\",\"urlTemplate\":\"https:\/\/evertonfc.cz\/?s={search_term_string}\"},\"query-input\":{\"@type\":\"PropertyValueSpecification\",\"valueRequired\":true,\"valueName\":\"search_term_string\"}}],\"inLanguage\":\"cs\"},{\"@type\":\"Organization\",\"@id\":\"https:\/\/evertonfc.cz\/#organization\",\"name\":\"Official Czech & Slovak Everton Supporters' Club\",\"url\":\"https:\/\/evertonfc.cz\/\",\"logo\":{\"@type\":\"ImageObject\",\"inLanguage\":\"cs\",\"@id\":\"https:\/\/evertonfc.cz\/#\/schema\/logo\/image\/\",\"url\":\"https:\/\/evertonfc.cz\/wp-content\/uploads\/2019\/05\/logo.png\",\"contentUrl\":\"https:\/\/evertonfc.cz\/wp-content\/uploads\/2019\/05\/logo.png\",\"width\":112,\"height\":112,\"caption\":\"Official Czech & Slovak Everton Supporters' Club\"},\"image\":{\"@id\":\"https:\/\/evertonfc.cz\/#\/schema\/logo\/image\/\"},\"sameAs\":[\"https:\/\/www.facebook.com\/everton.fans.cz.sk\"]},{\"@type\":\"Person\",\"@id\":\"https:\/\/evertonfc.cz\/#\/schema\/person\/d4493b8cbea51532597fbc4685698916\",\"name\":\"BlueBlooded\",\"url\":\"https:\/\/evertonfc.cz\/index.php\/author\/admin\/\"}]}<\/script>\n<!-- \/ Yoast SEO plugin. -->","yoast_head_json":{"title":"Arsenal \u2013 Everton 2:1 - Official Czech &amp; Slovak Everton Supporters&#039; Club","robots":{"index":"index","follow":"follow","max-snippet":"max-snippet:-1","max-image-preview":"max-image-preview:large","max-video-preview":"max-video-preview:-1"},"canonical":"https:\/\/evertonfc.cz\/index.php\/2024\/05\/21\/arsenal-everton-21-3\/","og_locale":"cs_CZ","og_type":"article","og_title":"Arsenal \u2013 Everton 2:1 - Official Czech &amp; Slovak Everton Supporters&#039; Club","og_description":"O\u010dak\u00e1van\u00fd v\u00fdsledok s o\u010dak\u00e1van\u00fdm priebehom, ale s neo\u010dak\u00e1van\u00fdm strelcom \u010di neodovzdanos\u0165ou pred dovolenkou, pre\u0165al cie\u013eov\u00fa p\u00e1sku marat\u00f3nu Evertonu v jeho 121. sez\u00f3ne v najvy\u0161\u0161ej s\u00fa\u0165a\u017ei. Hip hip!","og_url":"https:\/\/evertonfc.cz\/index.php\/2024\/05\/21\/arsenal-everton-21-3\/","og_site_name":"Official Czech &amp; Slovak Everton Supporters&#039; Club","article_publisher":"https:\/\/www.facebook.com\/everton.fans.cz.sk","article_published_time":"2024-05-21T19:05:08+00:00","article_modified_time":"2024-05-22T09:28:55+00:00","og_image":[{"width":720,"height":405,"url":"https:\/\/evertonfc.cz\/wp-content\/uploads\/2024\/05\/Arsenal-2-1-Everton-by-Sky-Sports-19-5-2024.jpg","type":"image\/jpeg"}],"author":"BlueBlooded","twitter_card":"summary_large_image","twitter_misc":{"Napsal(a)":"BlueBlooded","Odhadovan\u00e1 doba \u010dten\u00ed":"3 minuty"},"schema":{"@context":"https:\/\/schema.org","@graph":[{"@type":"Article","@id":"https:\/\/evertonfc.cz\/index.php\/2024\/05\/21\/arsenal-everton-21-3\/#article","isPartOf":{"@id":"https:\/\/evertonfc.cz\/index.php\/2024\/05\/21\/arsenal-everton-21-3\/"},"author":{"name":"BlueBlooded","@id":"https:\/\/evertonfc.cz\/#\/schema\/person\/d4493b8cbea51532597fbc4685698916"},"headline":"Arsenal \u2013 Everton 2:1","datePublished":"2024-05-21T19:05:08+00:00","dateModified":"2024-05-22T09:28:55+00:00","mainEntityOfPage":{"@id":"https:\/\/evertonfc.cz\/index.php\/2024\/05\/21\/arsenal-everton-21-3\/"},"wordCount":778,"commentCount":0,"publisher":{"@id":"https:\/\/evertonfc.cz\/#organization"},"image":{"@id":"https:\/\/evertonfc.cz\/index.php\/2024\/05\/21\/arsenal-everton-21-3\/#primaryimage"},"thumbnailUrl":"https:\/\/evertonfc.cz\/wp-content\/uploads\/2024\/05\/Arsenal-2-1-Everton-by-Sky-Sports-19-5-2024.jpg","articleSection":["Z\u00e1pasy"],"inLanguage":"cs","potentialAction":[{"@type":"CommentAction","name":"Comment","target":["https:\/\/evertonfc.cz\/index.php\/2024\/05\/21\/arsenal-everton-21-3\/#respond"]}]},{"@type":"WebPage","@id":"https:\/\/evertonfc.cz\/index.php\/2024\/05\/21\/arsenal-everton-21-3\/","url":"https:\/\/evertonfc.cz\/index.php\/2024\/05\/21\/arsenal-everton-21-3\/","name":"Arsenal \u2013 Everton 2:1 - Official Czech &amp; Slovak Everton Supporters&#039; Club","isPartOf":{"@id":"https:\/\/evertonfc.cz\/#website"},"primaryImageOfPage":{"@id":"https:\/\/evertonfc.cz\/index.php\/2024\/05\/21\/arsenal-everton-21-3\/#primaryimage"},"image":{"@id":"https:\/\/evertonfc.cz\/index.php\/2024\/05\/21\/arsenal-everton-21-3\/#primaryimage"},"thumbnailUrl":"https:\/\/evertonfc.cz\/wp-content\/uploads\/2024\/05\/Arsenal-2-1-Everton-by-Sky-Sports-19-5-2024.jpg","datePublished":"2024-05-21T19:05:08+00:00","dateModified":"2024-05-22T09:28:55+00:00","breadcrumb":{"@id":"https:\/\/evertonfc.cz\/index.php\/2024\/05\/21\/arsenal-everton-21-3\/#breadcrumb"},"inLanguage":"cs","potentialAction":[{"@type":"ReadAction","target":["https:\/\/evertonfc.cz\/index.php\/2024\/05\/21\/arsenal-everton-21-3\/"]}]},{"@type":"ImageObject","inLanguage":"cs","@id":"https:\/\/evertonfc.cz\/index.php\/2024\/05\/21\/arsenal-everton-21-3\/#primaryimage","url":"https:\/\/evertonfc.cz\/wp-content\/uploads\/2024\/05\/Arsenal-2-1-Everton-by-Sky-Sports-19-5-2024.jpg","contentUrl":"https:\/\/evertonfc.cz\/wp-content\/uploads\/2024\/05\/Arsenal-2-1-Everton-by-Sky-Sports-19-5-2024.jpg","width":720,"height":405},{"@type":"BreadcrumbList","@id":"https:\/\/evertonfc.cz\/index.php\/2024\/05\/21\/arsenal-everton-21-3\/#breadcrumb","itemListElement":[{"@type":"ListItem","position":1,"name":"Home","item":"https:\/\/evertonfc.cz\/"},{"@type":"ListItem","position":2,"name":"Arsenal \u2013 Everton 2:1"}]},{"@type":"WebSite","@id":"https:\/\/evertonfc.cz\/#website","url":"https:\/\/evertonfc.cz\/","name":"Official Czech &amp; Slovak Everton Supporters&#039; Club","description":"","publisher":{"@id":"https:\/\/evertonfc.cz\/#organization"},"potentialAction":[{"@type":"SearchAction","target":{"@type":"EntryPoint","urlTemplate":"https:\/\/evertonfc.cz\/?s={search_term_string}"},"query-input":{"@type":"PropertyValueSpecification","valueRequired":true,"valueName":"search_term_string"}}],"inLanguage":"cs"},{"@type":"Organization","@id":"https:\/\/evertonfc.cz\/#organization","name":"Official Czech & Slovak Everton Supporters' Club","url":"https:\/\/evertonfc.cz\/","logo":{"@type":"ImageObject","inLanguage":"cs","@id":"https:\/\/evertonfc.cz\/#\/schema\/logo\/image\/","url":"https:\/\/evertonfc.cz\/wp-content\/uploads\/2019\/05\/logo.png","contentUrl":"https:\/\/evertonfc.cz\/wp-content\/uploads\/2019\/05\/logo.png","width":112,"height":112,"caption":"Official Czech & Slovak Everton Supporters' Club"},"image":{"@id":"https:\/\/evertonfc.cz\/#\/schema\/logo\/image\/"},"sameAs":["https:\/\/www.facebook.com\/everton.fans.cz.sk"]},{"@type":"Person","@id":"https:\/\/evertonfc.cz\/#\/schema\/person\/d4493b8cbea51532597fbc4685698916","name":"BlueBlooded","url":"https:\/\/evertonfc.cz\/index.php\/author\/admin\/"}]}},"_links":{"self":[{"href":"https:\/\/evertonfc.cz\/index.php\/wp-json\/wp\/v2\/posts\/24489"}],"collection":[{"href":"https:\/\/evertonfc.cz\/index.php\/wp-json\/wp\/v2\/posts"}],"about":[{"href":"https:\/\/evertonfc.cz\/index.php\/wp-json\/wp\/v2\/types\/post"}],"author":[{"embeddable":true,"href":"https:\/\/evertonfc.cz\/index.php\/wp-json\/wp\/v2\/users\/1"}],"replies":[{"embeddable":true,"href":"https:\/\/evertonfc.cz\/index.php\/wp-json\/wp\/v2\/comments?post=24489"}],"version-history":[{"count":7,"href":"https:\/\/evertonfc.cz\/index.php\/wp-json\/wp\/v2\/posts\/24489\/revisions"}],"predecessor-version":[{"id":24498,"href":"https:\/\/evertonfc.cz\/index.php\/wp-json\/wp\/v2\/posts\/24489\/revisions\/24498"}],"wp:featuredmedia":[{"embeddable":true,"href":"https:\/\/evertonfc.cz\/index.php\/wp-json\/wp\/v2\/media\/24491"}],"wp:attachment":[{"href":"https:\/\/evertonfc.cz\/index.php\/wp-json\/wp\/v2\/media?parent=24489"}],"wp:term":[{"taxonomy":"category","embeddable":true,"href":"https:\/\/evertonfc.cz\/index.php\/wp-json\/wp\/v2\/categories?post=24489"},{"taxonomy":"post_tag","embeddable":true,"href":"https:\/\/evertonfc.cz\/index.php\/wp-json\/wp\/v2\/tags?post=24489"}],"curies":[{"name":"wp","href":"https:\/\/api.w.org\/{rel}","templated":true}]}}